{"id":12815,"date":"2012-10-10T05:00:13","date_gmt":"2012-10-10T10:00:13","guid":{"rendered":"http:\/\/www.reconoce.mx\/?p=12815"},"modified":"2012-11-01T20:47:19","modified_gmt":"2012-11-02T02:47:19","slug":"esta-es-tu-casa","status":"publish","type":"post","link":"http:\/\/www.reconoce.mx\/?p=12815","title":{"rendered":"Esta es tu casa"},"content":{"rendered":"<ul id=\"botones-home\">\n<li><script type=\"text\/javascript\" src=\"https:\/\/apis.google.com\/js\/plusone.js\"><\/script><g:plusone width=\"55\" height=\"20\" href=\"http:\/\/www.reconoce.mx\/esta-es-tu-casa\/\"><\/g:plusone><\/li>\n<li><a href=\"http:\/\/twitter.com\/share\" class=\"twitter-share-button\" data-url=\"http:\/\/www.reconoce.mx\/esta-es-tu-casa\/\" data-count=\"horizontal\" data-via=\"reconocemx\" data-lang=\"es\">Tweet<\/a><script type=\"text\/javascript\" src=\"http:\/\/platform.twitter.com\/widgets.js\"><\/script><\/li>\n<div class=\"fb-like\" data-href=\"http:\/\/www.reconoce.mx\/esta-es-tu-casa\/\" data-send=\"true\" data-width=\"450\" data-show-faces=\"true\"><\/div>\n<p><strong>Por <a title=\"@EliParrow\" href=\"https:\/\/twitter.com\/#%21\/EliParrow\" target=\"_blank\">Elizabeth Aguilar Quintana<\/a><\/strong>.<\/p>\n<p style=\"text-align: right;\"><em>\u201cLa naturaleza es un espect\u00e1culo que se desarrolla frente al hombre\u201d. <\/em><em><strong>[1]<\/strong><\/em><em> <\/em><\/p>\n<p><em> <\/em><\/p>\n<p>Ese paisaje verde y soleado, las risas de los ni\u00f1os, el murmullo y el vaiv\u00e9n de las personas, el olor del campo, ese aroma inconfundible de los \u00e1rboles, ese cielo azul, el trinar de las aves, el transcurrir despacio del tiempo, ese calor intenso que no proviene del sol.<strong> Un espect\u00e1culo maravilloso que la naturaleza nos proporciona, pero momento, \u00bfacaso ser\u00e1 solo un recuerdo?<\/strong><\/p>\n<div id=\"attachment_12817\" style=\"width: 610px\" class=\"wp-caption aligncenter\"><a href=\"http:\/\/www.reconoce.mx\/wp-content\/uploads\/basura-mar.png\"><img loading=\"lazy\" decoding=\"async\" aria-describedby=\"caption-attachment-12817\" class=\"size-full wp-image-12817\" title=\"Esta es tu casa.\" src=\"http:\/\/www.reconoce.mx\/wp-content\/uploads\/basura-mar.png\" alt=\"Esta es tu casa.\" width=\"600\" height=\"275\" \/><\/a><p id=\"caption-attachment-12817\" class=\"wp-caption-text\">Esta es tu casa.<\/p><\/div>\n<p><!--more-->D\u00eda a d\u00eda cada uno de nosotros consume la vida en la tierra, \u00bfllegar\u00e1 el momento en el que la naturaleza sea s\u00f3lo un relato? <strong>Nuestro hogar lo hemos convertido en un basurero<\/strong>, es f\u00e1cil hacer pruebas con misiles en el mar, devastar las selvas, extinguir las especies, derramar el petr\u00f3leo, consumir y seguir consumiendo hasta llegar al punto en el que tu cuerpo no pueda m\u00e1s y la obesidad te de muerte.<\/p>\n<p>Pocos son aquellos que toman parte en las acciones inmediatas para la conservaci\u00f3n del medio ambiente. <strong>Los j\u00f3venes se preocupan por obtener lo \u00faltimo en tecnolog\u00eda y las generaciones avanzadas se excusan en que el desastre ya no les tocar\u00e1<\/strong>; qu\u00e9 m\u00e1s da que el planeta muera.<\/p>\n<p><strong>En el mundo aproximadamente se producen 50 millones de toneladas de basura<\/strong>. Nuestra generaci\u00f3n no reutiliza, es la generaci\u00f3n en la que las cosas no se reparan, se desechan simplemente. Los desperdicios m\u00e1s comunes son las botellas de pl\u00e1stico, chatarra tecnol\u00f3gica, pilas y bater\u00edas, residuos l\u00edquidos, desechos org\u00e1nicos, cartones y papel, bolsas pl\u00e1sticas, envases de lata y vidrio y Tetra Pak.<\/p>\n<p><strong>El consumir no es malo, pero el consumir sin moderaci\u00f3n nos matar\u00e1 lentamente<\/strong>. Los desperdicios muchos de ellos tienen utilidad, el separarlos es el secreto. Peque\u00f1as acciones individuales marcan la diferencia entre la existencia de un futuro y la devastaci\u00f3n. <a title=\"Aprepet\" href=\"http:\/\/www.aprepet.org.mx\/\" target=\"_blank\"><strong>APREPET<\/strong><\/a> es una asociaci\u00f3n civil, no lucrativa, dedicada a fomentar la Cultura del Reciclado en M\u00e9xico, as\u00ed como incitar el uso del pl\u00e1stico PET como materia prima.<\/p>\n<p><strong>Cada uno de nosotros consume aproximadamente ocho kilogramos de PET al a\u00f1o<\/strong> y nuestras botellas muchas de ellas van a dar al drenaje o se mezclan con otros desechos s\u00f3lidos contaminando el suelo y subsuelo dejando rastro de ellos por millones de a\u00f1os. Realicemos un peque\u00f1o esfuerzo por separar nuestros desechos, muchos de ellos pueden traducirse incluso en ingreso extra para nuestras familias. El papel, el cart\u00f3n, el PET, el vidrio, los desechos org\u00e1nicos, todos ellos separados contaminan menos y se les puede reutilizar.<\/p>\n<p>Preparemos un regalo para las futuras generaciones, consumamos responsablemente ya que, \u00ab<strong>la Tierra es suficiente para todos pero no para la voracidad de los consumidores<\/strong>\u00ab.<\/p>\n<div>\n<hr size=\"1\" \/>\n<div>\n<p style=\"text-align: right;\">[1] Arist\u00f3teles<\/p>\n<\/div>\n<\/div>\n<p>&nbsp;<\/p>\n<p>&nbsp;<\/p>\n","protected":false},"excerpt":{"rendered":"<p>Ese paisaje verde y soleado, las risas de los ni\u00f1os, el murmullo y el vaiv\u00e9n de las personas, el olor del campo, ese aroma inconfundible de los \u00e1rboles, ese cielo azul, el trinar de las aves.<\/p>\n","protected":false},"author":2,"featured_media":12817,"comment_status":"open","ping_status":"open","sticky":false,"template":"","format":"standard","meta":{"footnotes":""},"categories":[247,43],"tags":[286,331,1042,1239],"class_list":["post-12815","post","type-post","status-publish","format-standard","has-post-thumbnail","hentry","category-asociaciones-civiles","category-conciencia","tag-asociaciones-civiles-2","tag-derechos-humanos-2","tag-infancia","tag-ninez"],"yoast_head":"<!-- This site is optimized with the Yoast SEO plugin v24.7 - https:\/\/yoast.com\/wordpress\/plugins\/seo\/ -->\n<title>Esta es tu casa &#171; Reconoce MX<\/title>\n<meta name=\"robots\" content=\"index, follow, max-snippet:-1, max-image-preview:large, max-video-preview:-1\" \/>\n<link rel=\"canonical\" href=\"http:\/\/www.reconoce.mx\/?p=12815\" \/>\n<meta property=\"og:locale\" content=\"es_ES\" \/>\n<meta property=\"og:type\" content=\"article\" \/>\n<meta property=\"og:title\" content=\"Esta es tu casa &#171; Reconoce MX\" \/>\n<meta property=\"og:description\" content=\"Ese paisaje verde y soleado, las risas de los ni\u00f1os, el murmullo y el vaiv\u00e9n de las personas, el olor del campo, ese aroma inconfundible de los \u00e1rboles, ese cielo azul, el trinar de las aves.\" \/>\n<meta property=\"og:url\" content=\"http:\/\/www.reconoce.mx\/?p=12815\" \/>\n<meta property=\"og:site_name\" content=\"Reconoce MX\" \/>\n<meta property=\"article:publisher\" content=\"https:\/\/es-la.facebook.com\/ReconoceMX\/\" \/>\n<meta property=\"article:published_time\" content=\"2012-10-10T10:00:13+00:00\" \/>\n<meta property=\"article:modified_time\" content=\"2012-11-02T02:47:19+00:00\" \/>\n<meta property=\"og:image\" content=\"http:\/\/www.reconoce.mx\/wp-content\/uploads\/basura-mar.png\" \/>\n\t<meta property=\"og:image:width\" content=\"649\" \/>\n\t<meta property=\"og:image:height\" content=\"301\" \/>\n\t<meta property=\"og:image:type\" content=\"image\/png\" \/>\n<meta name=\"author\" content=\"Reconoce MX\" \/>\n<meta name=\"twitter:card\" content=\"summary_large_image\" \/>\n<meta name=\"twitter:creator\" content=\"@reconocemx\" \/>\n<meta name=\"twitter:site\" content=\"@reconocemx\" \/>\n<meta name=\"twitter:label1\" content=\"Escrito por\" \/>\n\t<meta name=\"twitter:data1\" content=\"Reconoce MX\" \/>\n\t<meta name=\"twitter:label2\" content=\"Tiempo de lectura\" \/>\n\t<meta name=\"twitter:data2\" content=\"2 minutos\" \/>\n<script type=\"application\/ld+json\" class=\"yoast-schema-graph\">{\"@context\":\"https:\/\/schema.org\",\"@graph\":[{\"@type\":\"Article\",\"@id\":\"http:\/\/www.reconoce.mx\/?p=12815#article\",\"isPartOf\":{\"@id\":\"http:\/\/www.reconoce.mx\/?p=12815\"},\"author\":{\"name\":\"Reconoce MX\",\"@id\":\"http:\/\/www.reconoce.mx\/#\/schema\/person\/2117e997d7051dc15d6880eaf9bca0b2\"},\"headline\":\"Esta es tu casa\",\"datePublished\":\"2012-10-10T10:00:13+00:00\",\"dateModified\":\"2012-11-02T02:47:19+00:00\",\"mainEntityOfPage\":{\"@id\":\"http:\/\/www.reconoce.mx\/?p=12815\"},\"wordCount\":491,\"commentCount\":0,\"publisher\":{\"@id\":\"http:\/\/www.reconoce.mx\/#organization\"},\"image\":{\"@id\":\"http:\/\/www.reconoce.mx\/?p=12815#primaryimage\"},\"thumbnailUrl\":\"http:\/\/www.reconoce.mx\/wp-content\/uploads\/basura-mar.png\",\"keywords\":[\"Asociaciones civiles\",\"derechos humanos\",\"infancia\",\"ni\u00f1ez\"],\"articleSection\":[\"Asociaciones Civiles\",\"Conciencia\"],\"inLanguage\":\"es\",\"potentialAction\":[{\"@type\":\"CommentAction\",\"name\":\"Comment\",\"target\":[\"http:\/\/www.reconoce.mx\/?p=12815#respond\"]}]},{\"@type\":\"WebPage\",\"@id\":\"http:\/\/www.reconoce.mx\/?p=12815\",\"url\":\"http:\/\/www.reconoce.mx\/?p=12815\",\"name\":\"Esta es tu casa &#171; Reconoce MX\",\"isPartOf\":{\"@id\":\"http:\/\/www.reconoce.mx\/#website\"},\"primaryImageOfPage\":{\"@id\":\"http:\/\/www.reconoce.mx\/?p=12815#primaryimage\"},\"image\":{\"@id\":\"http:\/\/www.reconoce.mx\/?p=12815#primaryimage\"},\"thumbnailUrl\":\"http:\/\/www.reconoce.mx\/wp-content\/uploads\/basura-mar.png\",\"datePublished\":\"2012-10-10T10:00:13+00:00\",\"dateModified\":\"2012-11-02T02:47:19+00:00\",\"breadcrumb\":{\"@id\":\"http:\/\/www.reconoce.mx\/?p=12815#breadcrumb\"},\"inLanguage\":\"es\",\"potentialAction\":[{\"@type\":\"ReadAction\",\"target\":[\"http:\/\/www.reconoce.mx\/?p=12815\"]}]},{\"@type\":\"ImageObject\",\"inLanguage\":\"es\",\"@id\":\"http:\/\/www.reconoce.mx\/?p=12815#primaryimage\",\"url\":\"http:\/\/www.reconoce.mx\/wp-content\/uploads\/basura-mar.png\",\"contentUrl\":\"http:\/\/www.reconoce.mx\/wp-content\/uploads\/basura-mar.png\",\"width\":649,\"height\":301,\"caption\":\"Esta es tu casa.\"},{\"@type\":\"BreadcrumbList\",\"@id\":\"http:\/\/www.reconoce.mx\/?p=12815#breadcrumb\",\"itemListElement\":[{\"@type\":\"ListItem\",\"position\":1,\"name\":\"Portada\",\"item\":\"http:\/\/www.reconoce.mx\/\"},{\"@type\":\"ListItem\",\"position\":2,\"name\":\"Esta es tu casa\"}]},{\"@type\":\"WebSite\",\"@id\":\"http:\/\/www.reconoce.mx\/#website\",\"url\":\"http:\/\/www.reconoce.mx\/\",\"name\":\"Reconoce MX\",\"description\":\"En Reconoce MX difundimos arte, cultura y conciencia social en M\u00e9xico. Tu ciudad en otra perspectiva.\",\"publisher\":{\"@id\":\"http:\/\/www.reconoce.mx\/#organization\"},\"potentialAction\":[{\"@type\":\"SearchAction\",\"target\":{\"@type\":\"EntryPoint\",\"urlTemplate\":\"http:\/\/www.reconoce.mx\/?s={search_term_string}\"},\"query-input\":{\"@type\":\"PropertyValueSpecification\",\"valueRequired\":true,\"valueName\":\"search_term_string\"}}],\"inLanguage\":\"es\"},{\"@type\":\"Organization\",\"@id\":\"http:\/\/www.reconoce.mx\/#organization\",\"name\":\"Reconoce MX\",\"url\":\"http:\/\/www.reconoce.mx\/\",\"logo\":{\"@type\":\"ImageObject\",\"inLanguage\":\"es\",\"@id\":\"http:\/\/www.reconoce.mx\/#\/schema\/logo\/image\/\",\"url\":\"https:\/\/www.reconoce.mx\/wp-content\/uploads\/2019\/03\/logorcmx-good-1.png\",\"contentUrl\":\"https:\/\/www.reconoce.mx\/wp-content\/uploads\/2019\/03\/logorcmx-good-1.png\",\"width\":280,\"height\":90,\"caption\":\"Reconoce MX\"},\"image\":{\"@id\":\"http:\/\/www.reconoce.mx\/#\/schema\/logo\/image\/\"},\"sameAs\":[\"https:\/\/es-la.facebook.com\/ReconoceMX\/\",\"https:\/\/x.com\/reconocemx\",\"http:\/\/@reconocemx\"]},{\"@type\":\"Person\",\"@id\":\"http:\/\/www.reconoce.mx\/#\/schema\/person\/2117e997d7051dc15d6880eaf9bca0b2\",\"name\":\"Reconoce MX\",\"image\":{\"@type\":\"ImageObject\",\"inLanguage\":\"es\",\"@id\":\"http:\/\/www.reconoce.mx\/#\/schema\/person\/image\/\",\"url\":\"https:\/\/secure.gravatar.com\/avatar\/6c8d4dc7569ca1c90c5fdcc349f839d5ddef6fe1e70b4337ead2ef1a4c43fc3a?s=96&d=identicon&r=g\",\"contentUrl\":\"https:\/\/secure.gravatar.com\/avatar\/6c8d4dc7569ca1c90c5fdcc349f839d5ddef6fe1e70b4337ead2ef1a4c43fc3a?s=96&d=identicon&r=g\",\"caption\":\"Reconoce MX\"},\"description\":\"Reconoce MX es un proyecto de difusi\u00f3n art\u00edstica, cultural y de conciencia social que est\u00e1 enfocado a difundir y fomentar el entretenimiento alternativo de calidad para todo el p\u00fablico que comparta el mismo entusiasmo.\",\"sameAs\":[\"http:\/\/www.reconoce.mx\"],\"url\":\"http:\/\/www.reconoce.mx\/?author=2\"}]}<\/script>\n<!-- \/ Yoast SEO plugin. -->","yoast_head_json":{"title":"Esta es tu casa &#171; Reconoce MX","robots":{"index":"index","follow":"follow","max-snippet":"max-snippet:-1","max-image-preview":"max-image-preview:large","max-video-preview":"max-video-preview:-1"},"canonical":"http:\/\/www.reconoce.mx\/?p=12815","og_locale":"es_ES","og_type":"article","og_title":"Esta es tu casa &#171; Reconoce MX","og_description":"Ese paisaje verde y soleado, las risas de los ni\u00f1os, el murmullo y el vaiv\u00e9n de las personas, el olor del campo, ese aroma inconfundible de los \u00e1rboles, ese cielo azul, el trinar de las aves.","og_url":"http:\/\/www.reconoce.mx\/?p=12815","og_site_name":"Reconoce MX","article_publisher":"https:\/\/es-la.facebook.com\/ReconoceMX\/","article_published_time":"2012-10-10T10:00:13+00:00","article_modified_time":"2012-11-02T02:47:19+00:00","og_image":[{"width":649,"height":301,"url":"http:\/\/www.reconoce.mx\/wp-content\/uploads\/basura-mar.png","type":"image\/png"}],"author":"Reconoce MX","twitter_card":"summary_large_image","twitter_creator":"@reconocemx","twitter_site":"@reconocemx","twitter_misc":{"Escrito por":"Reconoce MX","Tiempo de lectura":"2 minutos"},"schema":{"@context":"https:\/\/schema.org","@graph":[{"@type":"Article","@id":"http:\/\/www.reconoce.mx\/?p=12815#article","isPartOf":{"@id":"http:\/\/www.reconoce.mx\/?p=12815"},"author":{"name":"Reconoce MX","@id":"http:\/\/www.reconoce.mx\/#\/schema\/person\/2117e997d7051dc15d6880eaf9bca0b2"},"headline":"Esta es tu casa","datePublished":"2012-10-10T10:00:13+00:00","dateModified":"2012-11-02T02:47:19+00:00","mainEntityOfPage":{"@id":"http:\/\/www.reconoce.mx\/?p=12815"},"wordCount":491,"commentCount":0,"publisher":{"@id":"http:\/\/www.reconoce.mx\/#organization"},"image":{"@id":"http:\/\/www.reconoce.mx\/?p=12815#primaryimage"},"thumbnailUrl":"http:\/\/www.reconoce.mx\/wp-content\/uploads\/basura-mar.png","keywords":["Asociaciones civiles","derechos humanos","infancia","ni\u00f1ez"],"articleSection":["Asociaciones Civiles","Conciencia"],"inLanguage":"es","potentialAction":[{"@type":"CommentAction","name":"Comment","target":["http:\/\/www.reconoce.mx\/?p=12815#respond"]}]},{"@type":"WebPage","@id":"http:\/\/www.reconoce.mx\/?p=12815","url":"http:\/\/www.reconoce.mx\/?p=12815","name":"Esta es tu casa &#171; Reconoce MX","isPartOf":{"@id":"http:\/\/www.reconoce.mx\/#website"},"primaryImageOfPage":{"@id":"http:\/\/www.reconoce.mx\/?p=12815#primaryimage"},"image":{"@id":"http:\/\/www.reconoce.mx\/?p=12815#primaryimage"},"thumbnailUrl":"http:\/\/www.reconoce.mx\/wp-content\/uploads\/basura-mar.png","datePublished":"2012-10-10T10:00:13+00:00","dateModified":"2012-11-02T02:47:19+00:00","breadcrumb":{"@id":"http:\/\/www.reconoce.mx\/?p=12815#breadcrumb"},"inLanguage":"es","potentialAction":[{"@type":"ReadAction","target":["http:\/\/www.reconoce.mx\/?p=12815"]}]},{"@type":"ImageObject","inLanguage":"es","@id":"http:\/\/www.reconoce.mx\/?p=12815#primaryimage","url":"http:\/\/www.reconoce.mx\/wp-content\/uploads\/basura-mar.png","contentUrl":"http:\/\/www.reconoce.mx\/wp-content\/uploads\/basura-mar.png","width":649,"height":301,"caption":"Esta es tu casa."},{"@type":"BreadcrumbList","@id":"http:\/\/www.reconoce.mx\/?p=12815#breadcrumb","itemListElement":[{"@type":"ListItem","position":1,"name":"Portada","item":"http:\/\/www.reconoce.mx\/"},{"@type":"ListItem","position":2,"name":"Esta es tu casa"}]},{"@type":"WebSite","@id":"http:\/\/www.reconoce.mx\/#website","url":"http:\/\/www.reconoce.mx\/","name":"Reconoce MX","description":"En Reconoce MX difundimos arte, cultura y conciencia social en M\u00e9xico. Tu ciudad en otra perspectiva.","publisher":{"@id":"http:\/\/www.reconoce.mx\/#organization"},"potentialAction":[{"@type":"SearchAction","target":{"@type":"EntryPoint","urlTemplate":"http:\/\/www.reconoce.mx\/?s={search_term_string}"},"query-input":{"@type":"PropertyValueSpecification","valueRequired":true,"valueName":"search_term_string"}}],"inLanguage":"es"},{"@type":"Organization","@id":"http:\/\/www.reconoce.mx\/#organization","name":"Reconoce MX","url":"http:\/\/www.reconoce.mx\/","logo":{"@type":"ImageObject","inLanguage":"es","@id":"http:\/\/www.reconoce.mx\/#\/schema\/logo\/image\/","url":"https:\/\/www.reconoce.mx\/wp-content\/uploads\/2019\/03\/logorcmx-good-1.png","contentUrl":"https:\/\/www.reconoce.mx\/wp-content\/uploads\/2019\/03\/logorcmx-good-1.png","width":280,"height":90,"caption":"Reconoce MX"},"image":{"@id":"http:\/\/www.reconoce.mx\/#\/schema\/logo\/image\/"},"sameAs":["https:\/\/es-la.facebook.com\/ReconoceMX\/","https:\/\/x.com\/reconocemx","http:\/\/@reconocemx"]},{"@type":"Person","@id":"http:\/\/www.reconoce.mx\/#\/schema\/person\/2117e997d7051dc15d6880eaf9bca0b2","name":"Reconoce MX","image":{"@type":"ImageObject","inLanguage":"es","@id":"http:\/\/www.reconoce.mx\/#\/schema\/person\/image\/","url":"https:\/\/secure.gravatar.com\/avatar\/6c8d4dc7569ca1c90c5fdcc349f839d5ddef6fe1e70b4337ead2ef1a4c43fc3a?s=96&d=identicon&r=g","contentUrl":"https:\/\/secure.gravatar.com\/avatar\/6c8d4dc7569ca1c90c5fdcc349f839d5ddef6fe1e70b4337ead2ef1a4c43fc3a?s=96&d=identicon&r=g","caption":"Reconoce MX"},"description":"Reconoce MX es un proyecto de difusi\u00f3n art\u00edstica, cultural y de conciencia social que est\u00e1 enfocado a difundir y fomentar el entretenimiento alternativo de calidad para todo el p\u00fablico que comparta el mismo entusiasmo.","sameAs":["http:\/\/www.reconoce.mx"],"url":"http:\/\/www.reconoce.mx\/?author=2"}]}},"_links":{"self":[{"href":"http:\/\/www.reconoce.mx\/index.php?rest_route=\/wp\/v2\/posts\/12815","targetHints":{"allow":["GET"]}}],"collection":[{"href":"http:\/\/www.reconoce.mx\/index.php?rest_route=\/wp\/v2\/posts"}],"about":[{"href":"http:\/\/www.reconoce.mx\/index.php?rest_route=\/wp\/v2\/types\/post"}],"author":[{"embeddable":true,"href":"http:\/\/www.reconoce.mx\/index.php?rest_route=\/wp\/v2\/users\/2"}],"replies":[{"embeddable":true,"href":"http:\/\/www.reconoce.mx\/index.php?rest_route=%2Fwp%2Fv2%2Fcomments&post=12815"}],"version-history":[{"count":9,"href":"http:\/\/www.reconoce.mx\/index.php?rest_route=\/wp\/v2\/posts\/12815\/revisions"}],"predecessor-version":[{"id":13859,"href":"http:\/\/www.reconoce.mx\/index.php?rest_route=\/wp\/v2\/posts\/12815\/revisions\/13859"}],"wp:featuredmedia":[{"embeddable":true,"href":"http:\/\/www.reconoce.mx\/index.php?rest_route=\/wp\/v2\/media\/12817"}],"wp:attachment":[{"href":"http:\/\/www.reconoce.mx\/index.php?rest_route=%2Fwp%2Fv2%2Fmedia&parent=12815"}],"wp:term":[{"taxonomy":"category","embeddable":true,"href":"http:\/\/www.reconoce.mx\/index.php?rest_route=%2Fwp%2Fv2%2Fcategories&post=12815"},{"taxonomy":"post_tag","embeddable":true,"href":"http:\/\/www.reconoce.mx\/index.php?rest_route=%2Fwp%2Fv2%2Ftags&post=12815"}],"curies":[{"name":"wp","href":"https:\/\/api.w.org\/{rel}","templated":true}]}}