{"id":13428,"date":"2012-10-24T03:00:13","date_gmt":"2012-10-24T08:00:13","guid":{"rendered":"http:\/\/www.reconoce.mx\/?p=13428"},"modified":"2012-11-01T23:42:31","modified_gmt":"2012-11-02T05:42:31","slug":"dia-internacional-para-la-erradicacion-de-la-pobreza-y-mexico","status":"publish","type":"post","link":"http:\/\/www.reconoce.mx\/?p=13428","title":{"rendered":"D\u00eda Internacional para la Erradicaci\u00f3n de la Pobreza&#8230; \u00bfy M\u00e9xico?"},"content":{"rendered":"<ul id=\"botones-home\">\n<li><script type=\"text\/javascript\" src=\"https:\/\/apis.google.com\/js\/plusone.js\"><\/script><g:plusone width=\"55\" height=\"20\" href=\"http:\/\/www.reconoce.mx\/dia-internacional-para-la-erradicacion-de-la-pobreza-y-mexico\/\"><\/g:plusone><\/li>\n<li><a href=\"http:\/\/twitter.com\/share\" class=\"twitter-share-button\" data-url=\"http:\/\/www.reconoce.mx\/dia-internacional-para-la-erradicacion-de-la-pobreza-y-mexico\/\" data-count=\"horizontal\" data-via=\"reconocemx\" data-lang=\"es\">Tweet<\/a><script type=\"text\/javascript\" src=\"http:\/\/platform.twitter.com\/widgets.js\"><\/script><\/li>\n<div class=\"fb-like\" data-href=\"http:\/\/www.reconoce.mx\/dia-internacional-para-la-erradicacion-de-la-pobreza-y-mexico\/\" data-send=\"true\" data-width=\"450\" data-show-faces=\"true\"><\/div>\n<p><strong>Por\u00a0<a title=\"@Ari_MtzG\" href=\"https:\/\/twitter.com\/#%21\/Ari_MtzG\" target=\"_blank\">Aranzaz\u00fa Mart\u00ednez Galeana<\/a><\/strong>.<\/p>\n<p>Como cada a\u00f1o desde 1993, el 17 de octubre se celebra el D\u00eda Internacional para la Erradicaci\u00f3n de la Pobreza, seg\u00fan lo estipulado en la resoluci\u00f3n 47\/196 emitida por la Asamblea General de Naciones Unidas, teniendo como motivaci\u00f3n la necesidad de crear y promover mayor consciencia sobre el tema. M\u00e1s all\u00e1 de ser \u00fanicamente una fecha m\u00e1s en el calendario, Naciones Unidas plante\u00f3 en el 2000 los ocho grandes retos en desarrollo humano sobre los que hay que trabajar. <strong>El primero de los llamados \u201cObjetivos del Milenio\u201d es erradicar la pobreza extrema y el hambre<\/strong>, las metas espec\u00edficas de \u00e9ste son:<\/p>\n<div id=\"attachment_13430\" style=\"width: 610px\" class=\"wp-caption aligncenter\"><a href=\"http:\/\/www.reconoce.mx\/wp-content\/uploads\/pobreza-mexico.png\"><img loading=\"lazy\" decoding=\"async\" aria-describedby=\"caption-attachment-13430\" class=\"size-full wp-image-13430\" title=\"D\u00eda Internacional para la Erradicaci\u00f3n de la Pobreza... \u00bfy M\u00e9xico?\" src=\"http:\/\/www.reconoce.mx\/wp-content\/uploads\/pobreza-mexico.png\" alt=\"D\u00eda Internacional para la Erradicaci\u00f3n de la Pobreza... \u00bfy M\u00e9xico?\" width=\"600\" height=\"275\" \/><\/a><p id=\"caption-attachment-13430\" class=\"wp-caption-text\">D\u00eda Internacional para la Erradicaci\u00f3n de la Pobreza... \u00bfy M\u00e9xico?<\/p><\/div>\n<p><!--more--><\/p>\n<ol>\n<li>Reducir a la mitad, entre 1990 y 2015, la proporci\u00f3n de personas que sufren hambre.<\/li>\n<li>Reducir a la mitad, entre 1990 y 2015, la proporci\u00f3n de personas cuyos ingresos son inferiores a un d\u00f3lar diario.<\/li>\n<li>Conseguir pleno empleo productivo y trabajo digno para todos, incluyendo mujeres y j\u00f3venes.<\/li>\n<\/ol>\n<p>\u00bfAmbiciosas? Bastante. Pero&#8230; <strong>\u00bfd\u00f3nde se encuentra nuestro pa\u00eds y qu\u00e9 tanto est\u00e1 haciendo para conseguirlas?<\/strong><\/p>\n<p>Seg\u00fan el Consejo Nacional de Evaluaci\u00f3n de la Pol\u00edtica de Desarrollo Social (Coneval) en un estudio realizado en el 2011, <strong>la recesi\u00f3n estadounidense en el 2007 fue un propulsor de la ya delicada situaci\u00f3n de pobreza al enlistar a 3.2 millones a sus filas<\/strong>. Considerando esto como escenario, <a title=\"La pobreza en M\u00e9xico sube a 52 millones\" href=\"http:\/\/www.cnnexpansion.com\/economia\/2011\/07\/29\/pobreza-mexico-2010\" target=\"_blank\">el Coneval estim\u00f3<\/a> que:<\/p>\n<ol>\n<li>\u201cEl n\u00famero de personas en situaci\u00f3n de pobreza en M\u00e9xico subi\u00f3 de 48.8 millones a 52 millones entre 2008 y 2010, lo que significa que el 46.2% de la poblaci\u00f3n se encuentra en esa situaci\u00f3n, contra el 44.5% de 2008.<\/li>\n<li>Por su parte la pobreza extrema, la que tiene tres o m\u00e1s carencias sociales, pas\u00f3 de 10.6% a 10.4% de la poblaci\u00f3n total, con lo que se mantiene en el nivel de 11.7 millones de personas; mientras que el n\u00famero de personas vulnerables por ingreso pas\u00f3 de 4.9 millones en 2008 a 6.5 millones en 2010.<\/li>\n<li>El informe destac\u00f3 que 28 millones de personas tienen carencia por acceso a alimentaci\u00f3n, lo que representa un aumento de 4.2 millones en dicho periodo<\/li>\n<li>El porcentaje de personas con carencia por acceso a la alimentaci\u00f3n pas\u00f3 de 21.7% (23.8 millones de personas) a 24.9% (28.0 millones de personas) entre 2008 y 2010.<\/li>\n<li>El Coneval recalc\u00f3 que en agosto de 2010 el valor de la l\u00ednea de bienestar fue de 2,114 pesos mensuales por persona en las \u00e1reas urbanas y de 1,329 pesos en las rurales. Los valores correspondientes de la l\u00ednea de bienestar m\u00ednimo fueron $978 pesos y $684 pesos, respectivamente.\u201d<\/li>\n<\/ol>\n<p>Una de las posibles aproximaciones que se puede dar en este tema es el papel que desempe\u00f1a el gobierno aunque claro, no la \u00fanica. En colaboraci\u00f3n con <strong>el Programa de Naciones Unidas para el Desarrollo (PNUD) y Transparencia Mexicana se lanz\u00f3 una iniciativa para conocer el estado de los programas sociales y su relaci\u00f3n con los ODM\u00b4s<\/strong> (Objetivos de Desarrollo del Milenio de Naciones Unidas). Les dejo brevemente <a title=\"Informe sobre los programas sociales federales y estatales y su vinculaci\u00f3n con los Objetivos de Desarrollo del Milenio\" href=\"http:\/\/www.programassociales.org.mx\/Informe_vinculacion_IPRO-ODMs_vd.pdf\" target=\"_blank\">algunas conclusiones<\/a>:<\/p>\n<ul>\n<li>\u201cEl 84 % los programas sociales tienen un grado de vinculaci\u00f3n con los Objetivos de Desarrollo del Milenio. En muy poco programas sociales se identifica intencionalidad de incidir en las metas del Milenio, lo cual debiera ser una preocupaci\u00f3n, en primer lugar por los efectos adversos al logro de las metas como consecuencia de la crisis econ\u00f3mica y, en segundo lugar por el periodo tan corto entre el a\u00f1o 2011 y el a\u00f1o 2015 para dar cumplimiento en las metas establecidas<\/li>\n<li>En cuanto al grado de vinculaci\u00f3n se puede afirmar que el mayor nivel de asociaci\u00f3n con los Objetivos del Milenio, se detect\u00f3 en el Objetivo de Desarrollo Uno, en donde el 63.5 por ciento estuvo asociado a uno o m\u00e1s de las metas de este Objetivos\u201d.<\/li>\n<\/ul>\n<p><strong>En pr\u00f3ximas entregas se hablar\u00e1 de los 7 restantes<\/strong>.<\/p>\n<p>&nbsp;<\/p>\n<p>&nbsp;<\/p>\n","protected":false},"excerpt":{"rendered":"<p>Como cada a\u00f1o desde 1993, el 17 de octubre se celebra el D\u00eda Internacional para la Erradicaci\u00f3n de la Pobreza, seg\u00fan lo estipulado en una resoluci\u00f3n emitida por la Asamblea General de la ONU.<\/p>\n","protected":false},"author":2,"featured_media":13430,"comment_status":"open","ping_status":"open","sticky":false,"template":"","format":"standard","meta":{"footnotes":""},"categories":[43,275],"tags":[1478,331,1279,1477,512],"class_list":["post-13428","post","type-post","status-publish","format-standard","has-post-thumbnail","hentry","category-conciencia","category-derechos-humanos","tag-asamblea-general","tag-derechos-humanos-2","tag-dia-internacional","tag-erradicacion-de-la-pobreza","tag-onu"],"yoast_head":"<!-- This site is optimized with the Yoast SEO plugin v24.7 - https:\/\/yoast.com\/wordpress\/plugins\/seo\/ -->\n<title>D\u00eda Internacional para la Erradicaci\u00f3n de la Pobreza... \u00bfy M\u00e9xico? &#171; Reconoce MX<\/title>\n<meta name=\"robots\" content=\"index, follow, max-snippet:-1, max-image-preview:large, max-video-preview:-1\" \/>\n<link rel=\"canonical\" href=\"http:\/\/www.reconoce.mx\/?p=13428\" \/>\n<meta property=\"og:locale\" content=\"es_ES\" \/>\n<meta property=\"og:type\" content=\"article\" \/>\n<meta property=\"og:title\" content=\"D\u00eda Internacional para la Erradicaci\u00f3n de la Pobreza... \u00bfy M\u00e9xico? &#171; Reconoce MX\" \/>\n<meta property=\"og:description\" content=\"Como cada a\u00f1o desde 1993, el 17 de octubre se celebra el D\u00eda Internacional para la Erradicaci\u00f3n de la Pobreza, seg\u00fan lo estipulado en una resoluci\u00f3n emitida por la Asamblea General de la ONU.\" \/>\n<meta property=\"og:url\" content=\"http:\/\/www.reconoce.mx\/?p=13428\" \/>\n<meta property=\"og:site_name\" content=\"Reconoce MX\" \/>\n<meta property=\"article:publisher\" content=\"https:\/\/es-la.facebook.com\/ReconoceMX\/\" \/>\n<meta property=\"article:published_time\" content=\"2012-10-24T08:00:13+00:00\" \/>\n<meta property=\"article:modified_time\" content=\"2012-11-02T05:42:31+00:00\" \/>\n<meta property=\"og:image\" content=\"http:\/\/www.reconoce.mx\/wp-content\/uploads\/pobreza-mexico.png\" \/>\n\t<meta property=\"og:image:width\" content=\"649\" \/>\n\t<meta property=\"og:image:height\" content=\"301\" \/>\n\t<meta property=\"og:image:type\" content=\"image\/png\" \/>\n<meta name=\"author\" content=\"Reconoce MX\" \/>\n<meta name=\"twitter:card\" content=\"summary_large_image\" \/>\n<meta name=\"twitter:creator\" content=\"@reconocemx\" \/>\n<meta name=\"twitter:site\" content=\"@reconocemx\" \/>\n<meta name=\"twitter:label1\" content=\"Escrito por\" \/>\n\t<meta name=\"twitter:data1\" content=\"Reconoce MX\" \/>\n\t<meta name=\"twitter:label2\" content=\"Tiempo de lectura\" \/>\n\t<meta name=\"twitter:data2\" content=\"3 minutos\" \/>\n<script type=\"application\/ld+json\" class=\"yoast-schema-graph\">{\"@context\":\"https:\/\/schema.org\",\"@graph\":[{\"@type\":\"Article\",\"@id\":\"http:\/\/www.reconoce.mx\/?p=13428#article\",\"isPartOf\":{\"@id\":\"http:\/\/www.reconoce.mx\/?p=13428\"},\"author\":{\"name\":\"Reconoce MX\",\"@id\":\"http:\/\/www.reconoce.mx\/#\/schema\/person\/2117e997d7051dc15d6880eaf9bca0b2\"},\"headline\":\"D\u00eda Internacional para la Erradicaci\u00f3n de la Pobreza&#8230; \u00bfy M\u00e9xico?\",\"datePublished\":\"2012-10-24T08:00:13+00:00\",\"dateModified\":\"2012-11-02T05:42:31+00:00\",\"mainEntityOfPage\":{\"@id\":\"http:\/\/www.reconoce.mx\/?p=13428\"},\"wordCount\":664,\"commentCount\":1,\"publisher\":{\"@id\":\"http:\/\/www.reconoce.mx\/#organization\"},\"image\":{\"@id\":\"http:\/\/www.reconoce.mx\/?p=13428#primaryimage\"},\"thumbnailUrl\":\"http:\/\/www.reconoce.mx\/wp-content\/uploads\/pobreza-mexico.png\",\"keywords\":[\"Asamblea General\",\"derechos humanos\",\"D\u00eda Internacional\",\"Erradicaci\u00f3n de la Pobreza\",\"ONU\"],\"articleSection\":[\"Conciencia\",\"Derechos Humanos\"],\"inLanguage\":\"es\",\"potentialAction\":[{\"@type\":\"CommentAction\",\"name\":\"Comment\",\"target\":[\"http:\/\/www.reconoce.mx\/?p=13428#respond\"]}]},{\"@type\":\"WebPage\",\"@id\":\"http:\/\/www.reconoce.mx\/?p=13428\",\"url\":\"http:\/\/www.reconoce.mx\/?p=13428\",\"name\":\"D\u00eda Internacional para la Erradicaci\u00f3n de la Pobreza... \u00bfy M\u00e9xico? &#171; Reconoce MX\",\"isPartOf\":{\"@id\":\"http:\/\/www.reconoce.mx\/#website\"},\"primaryImageOfPage\":{\"@id\":\"http:\/\/www.reconoce.mx\/?p=13428#primaryimage\"},\"image\":{\"@id\":\"http:\/\/www.reconoce.mx\/?p=13428#primaryimage\"},\"thumbnailUrl\":\"http:\/\/www.reconoce.mx\/wp-content\/uploads\/pobreza-mexico.png\",\"datePublished\":\"2012-10-24T08:00:13+00:00\",\"dateModified\":\"2012-11-02T05:42:31+00:00\",\"breadcrumb\":{\"@id\":\"http:\/\/www.reconoce.mx\/?p=13428#breadcrumb\"},\"inLanguage\":\"es\",\"potentialAction\":[{\"@type\":\"ReadAction\",\"target\":[\"http:\/\/www.reconoce.mx\/?p=13428\"]}]},{\"@type\":\"ImageObject\",\"inLanguage\":\"es\",\"@id\":\"http:\/\/www.reconoce.mx\/?p=13428#primaryimage\",\"url\":\"http:\/\/www.reconoce.mx\/wp-content\/uploads\/pobreza-mexico.png\",\"contentUrl\":\"http:\/\/www.reconoce.mx\/wp-content\/uploads\/pobreza-mexico.png\",\"width\":649,\"height\":301,\"caption\":\"D\u00eda Internacional para la Erradicaci\u00f3n de la Pobreza... \u00bfy M\u00e9xico?\"},{\"@type\":\"BreadcrumbList\",\"@id\":\"http:\/\/www.reconoce.mx\/?p=13428#breadcrumb\",\"itemListElement\":[{\"@type\":\"ListItem\",\"position\":1,\"name\":\"Portada\",\"item\":\"http:\/\/www.reconoce.mx\/\"},{\"@type\":\"ListItem\",\"position\":2,\"name\":\"D\u00eda Internacional para la Erradicaci\u00f3n de la Pobreza&#8230; \u00bfy M\u00e9xico?\"}]},{\"@type\":\"WebSite\",\"@id\":\"http:\/\/www.reconoce.mx\/#website\",\"url\":\"http:\/\/www.reconoce.mx\/\",\"name\":\"Reconoce MX\",\"description\":\"En Reconoce MX difundimos arte, cultura y conciencia social en M\u00e9xico. Tu ciudad en otra perspectiva.\",\"publisher\":{\"@id\":\"http:\/\/www.reconoce.mx\/#organization\"},\"potentialAction\":[{\"@type\":\"SearchAction\",\"target\":{\"@type\":\"EntryPoint\",\"urlTemplate\":\"http:\/\/www.reconoce.mx\/?s={search_term_string}\"},\"query-input\":{\"@type\":\"PropertyValueSpecification\",\"valueRequired\":true,\"valueName\":\"search_term_string\"}}],\"inLanguage\":\"es\"},{\"@type\":\"Organization\",\"@id\":\"http:\/\/www.reconoce.mx\/#organization\",\"name\":\"Reconoce MX\",\"url\":\"http:\/\/www.reconoce.mx\/\",\"logo\":{\"@type\":\"ImageObject\",\"inLanguage\":\"es\",\"@id\":\"http:\/\/www.reconoce.mx\/#\/schema\/logo\/image\/\",\"url\":\"https:\/\/www.reconoce.mx\/wp-content\/uploads\/2019\/03\/logorcmx-good-1.png\",\"contentUrl\":\"https:\/\/www.reconoce.mx\/wp-content\/uploads\/2019\/03\/logorcmx-good-1.png\",\"width\":280,\"height\":90,\"caption\":\"Reconoce MX\"},\"image\":{\"@id\":\"http:\/\/www.reconoce.mx\/#\/schema\/logo\/image\/\"},\"sameAs\":[\"https:\/\/es-la.facebook.com\/ReconoceMX\/\",\"https:\/\/x.com\/reconocemx\",\"http:\/\/@reconocemx\"]},{\"@type\":\"Person\",\"@id\":\"http:\/\/www.reconoce.mx\/#\/schema\/person\/2117e997d7051dc15d6880eaf9bca0b2\",\"name\":\"Reconoce MX\",\"image\":{\"@type\":\"ImageObject\",\"inLanguage\":\"es\",\"@id\":\"http:\/\/www.reconoce.mx\/#\/schema\/person\/image\/\",\"url\":\"https:\/\/secure.gravatar.com\/avatar\/6c8d4dc7569ca1c90c5fdcc349f839d5ddef6fe1e70b4337ead2ef1a4c43fc3a?s=96&d=identicon&r=g\",\"contentUrl\":\"https:\/\/secure.gravatar.com\/avatar\/6c8d4dc7569ca1c90c5fdcc349f839d5ddef6fe1e70b4337ead2ef1a4c43fc3a?s=96&d=identicon&r=g\",\"caption\":\"Reconoce MX\"},\"description\":\"Reconoce MX es un proyecto de difusi\u00f3n art\u00edstica, cultural y de conciencia social que est\u00e1 enfocado a difundir y fomentar el entretenimiento alternativo de calidad para todo el p\u00fablico que comparta el mismo entusiasmo.\",\"sameAs\":[\"http:\/\/www.reconoce.mx\"],\"url\":\"http:\/\/www.reconoce.mx\/?author=2\"}]}<\/script>\n<!-- \/ Yoast SEO plugin. -->","yoast_head_json":{"title":"D\u00eda Internacional para la Erradicaci\u00f3n de la Pobreza... \u00bfy M\u00e9xico? &#171; Reconoce MX","robots":{"index":"index","follow":"follow","max-snippet":"max-snippet:-1","max-image-preview":"max-image-preview:large","max-video-preview":"max-video-preview:-1"},"canonical":"http:\/\/www.reconoce.mx\/?p=13428","og_locale":"es_ES","og_type":"article","og_title":"D\u00eda Internacional para la Erradicaci\u00f3n de la Pobreza... \u00bfy M\u00e9xico? &#171; Reconoce MX","og_description":"Como cada a\u00f1o desde 1993, el 17 de octubre se celebra el D\u00eda Internacional para la Erradicaci\u00f3n de la Pobreza, seg\u00fan lo estipulado en una resoluci\u00f3n emitida por la Asamblea General de la ONU.","og_url":"http:\/\/www.reconoce.mx\/?p=13428","og_site_name":"Reconoce MX","article_publisher":"https:\/\/es-la.facebook.com\/ReconoceMX\/","article_published_time":"2012-10-24T08:00:13+00:00","article_modified_time":"2012-11-02T05:42:31+00:00","og_image":[{"width":649,"height":301,"url":"http:\/\/www.reconoce.mx\/wp-content\/uploads\/pobreza-mexico.png","type":"image\/png"}],"author":"Reconoce MX","twitter_card":"summary_large_image","twitter_creator":"@reconocemx","twitter_site":"@reconocemx","twitter_misc":{"Escrito por":"Reconoce MX","Tiempo de lectura":"3 minutos"},"schema":{"@context":"https:\/\/schema.org","@graph":[{"@type":"Article","@id":"http:\/\/www.reconoce.mx\/?p=13428#article","isPartOf":{"@id":"http:\/\/www.reconoce.mx\/?p=13428"},"author":{"name":"Reconoce MX","@id":"http:\/\/www.reconoce.mx\/#\/schema\/person\/2117e997d7051dc15d6880eaf9bca0b2"},"headline":"D\u00eda Internacional para la Erradicaci\u00f3n de la Pobreza&#8230; \u00bfy M\u00e9xico?","datePublished":"2012-10-24T08:00:13+00:00","dateModified":"2012-11-02T05:42:31+00:00","mainEntityOfPage":{"@id":"http:\/\/www.reconoce.mx\/?p=13428"},"wordCount":664,"commentCount":1,"publisher":{"@id":"http:\/\/www.reconoce.mx\/#organization"},"image":{"@id":"http:\/\/www.reconoce.mx\/?p=13428#primaryimage"},"thumbnailUrl":"http:\/\/www.reconoce.mx\/wp-content\/uploads\/pobreza-mexico.png","keywords":["Asamblea General","derechos humanos","D\u00eda Internacional","Erradicaci\u00f3n de la Pobreza","ONU"],"articleSection":["Conciencia","Derechos Humanos"],"inLanguage":"es","potentialAction":[{"@type":"CommentAction","name":"Comment","target":["http:\/\/www.reconoce.mx\/?p=13428#respond"]}]},{"@type":"WebPage","@id":"http:\/\/www.reconoce.mx\/?p=13428","url":"http:\/\/www.reconoce.mx\/?p=13428","name":"D\u00eda Internacional para la Erradicaci\u00f3n de la Pobreza... \u00bfy M\u00e9xico? &#171; Reconoce MX","isPartOf":{"@id":"http:\/\/www.reconoce.mx\/#website"},"primaryImageOfPage":{"@id":"http:\/\/www.reconoce.mx\/?p=13428#primaryimage"},"image":{"@id":"http:\/\/www.reconoce.mx\/?p=13428#primaryimage"},"thumbnailUrl":"http:\/\/www.reconoce.mx\/wp-content\/uploads\/pobreza-mexico.png","datePublished":"2012-10-24T08:00:13+00:00","dateModified":"2012-11-02T05:42:31+00:00","breadcrumb":{"@id":"http:\/\/www.reconoce.mx\/?p=13428#breadcrumb"},"inLanguage":"es","potentialAction":[{"@type":"ReadAction","target":["http:\/\/www.reconoce.mx\/?p=13428"]}]},{"@type":"ImageObject","inLanguage":"es","@id":"http:\/\/www.reconoce.mx\/?p=13428#primaryimage","url":"http:\/\/www.reconoce.mx\/wp-content\/uploads\/pobreza-mexico.png","contentUrl":"http:\/\/www.reconoce.mx\/wp-content\/uploads\/pobreza-mexico.png","width":649,"height":301,"caption":"D\u00eda Internacional para la Erradicaci\u00f3n de la Pobreza... \u00bfy M\u00e9xico?"},{"@type":"BreadcrumbList","@id":"http:\/\/www.reconoce.mx\/?p=13428#breadcrumb","itemListElement":[{"@type":"ListItem","position":1,"name":"Portada","item":"http:\/\/www.reconoce.mx\/"},{"@type":"ListItem","position":2,"name":"D\u00eda Internacional para la Erradicaci\u00f3n de la Pobreza&#8230; \u00bfy M\u00e9xico?"}]},{"@type":"WebSite","@id":"http:\/\/www.reconoce.mx\/#website","url":"http:\/\/www.reconoce.mx\/","name":"Reconoce MX","description":"En Reconoce MX difundimos arte, cultura y conciencia social en M\u00e9xico. Tu ciudad en otra perspectiva.","publisher":{"@id":"http:\/\/www.reconoce.mx\/#organization"},"potentialAction":[{"@type":"SearchAction","target":{"@type":"EntryPoint","urlTemplate":"http:\/\/www.reconoce.mx\/?s={search_term_string}"},"query-input":{"@type":"PropertyValueSpecification","valueRequired":true,"valueName":"search_term_string"}}],"inLanguage":"es"},{"@type":"Organization","@id":"http:\/\/www.reconoce.mx\/#organization","name":"Reconoce MX","url":"http:\/\/www.reconoce.mx\/","logo":{"@type":"ImageObject","inLanguage":"es","@id":"http:\/\/www.reconoce.mx\/#\/schema\/logo\/image\/","url":"https:\/\/www.reconoce.mx\/wp-content\/uploads\/2019\/03\/logorcmx-good-1.png","contentUrl":"https:\/\/www.reconoce.mx\/wp-content\/uploads\/2019\/03\/logorcmx-good-1.png","width":280,"height":90,"caption":"Reconoce MX"},"image":{"@id":"http:\/\/www.reconoce.mx\/#\/schema\/logo\/image\/"},"sameAs":["https:\/\/es-la.facebook.com\/ReconoceMX\/","https:\/\/x.com\/reconocemx","http:\/\/@reconocemx"]},{"@type":"Person","@id":"http:\/\/www.reconoce.mx\/#\/schema\/person\/2117e997d7051dc15d6880eaf9bca0b2","name":"Reconoce MX","image":{"@type":"ImageObject","inLanguage":"es","@id":"http:\/\/www.reconoce.mx\/#\/schema\/person\/image\/","url":"https:\/\/secure.gravatar.com\/avatar\/6c8d4dc7569ca1c90c5fdcc349f839d5ddef6fe1e70b4337ead2ef1a4c43fc3a?s=96&d=identicon&r=g","contentUrl":"https:\/\/secure.gravatar.com\/avatar\/6c8d4dc7569ca1c90c5fdcc349f839d5ddef6fe1e70b4337ead2ef1a4c43fc3a?s=96&d=identicon&r=g","caption":"Reconoce MX"},"description":"Reconoce MX es un proyecto de difusi\u00f3n art\u00edstica, cultural y de conciencia social que est\u00e1 enfocado a difundir y fomentar el entretenimiento alternativo de calidad para todo el p\u00fablico que comparta el mismo entusiasmo.","sameAs":["http:\/\/www.reconoce.mx"],"url":"http:\/\/www.reconoce.mx\/?author=2"}]}},"_links":{"self":[{"href":"http:\/\/www.reconoce.mx\/index.php?rest_route=\/wp\/v2\/posts\/13428","targetHints":{"allow":["GET"]}}],"collection":[{"href":"http:\/\/www.reconoce.mx\/index.php?rest_route=\/wp\/v2\/posts"}],"about":[{"href":"http:\/\/www.reconoce.mx\/index.php?rest_route=\/wp\/v2\/types\/post"}],"author":[{"embeddable":true,"href":"http:\/\/www.reconoce.mx\/index.php?rest_route=\/wp\/v2\/users\/2"}],"replies":[{"embeddable":true,"href":"http:\/\/www.reconoce.mx\/index.php?rest_route=%2Fwp%2Fv2%2Fcomments&post=13428"}],"version-history":[{"count":15,"href":"http:\/\/www.reconoce.mx\/index.php?rest_route=\/wp\/v2\/posts\/13428\/revisions"}],"predecessor-version":[{"id":13554,"href":"http:\/\/www.reconoce.mx\/index.php?rest_route=\/wp\/v2\/posts\/13428\/revisions\/13554"}],"wp:featuredmedia":[{"embeddable":true,"href":"http:\/\/www.reconoce.mx\/index.php?rest_route=\/wp\/v2\/media\/13430"}],"wp:attachment":[{"href":"http:\/\/www.reconoce.mx\/index.php?rest_route=%2Fwp%2Fv2%2Fmedia&parent=13428"}],"wp:term":[{"taxonomy":"category","embeddable":true,"href":"http:\/\/www.reconoce.mx\/index.php?rest_route=%2Fwp%2Fv2%2Fcategories&post=13428"},{"taxonomy":"post_tag","embeddable":true,"href":"http:\/\/www.reconoce.mx\/index.php?rest_route=%2Fwp%2Fv2%2Ftags&post=13428"}],"curies":[{"name":"wp","href":"https:\/\/api.w.org\/{rel}","templated":true}]}}