{"id":13609,"date":"2012-10-31T03:00:13","date_gmt":"2012-10-31T09:00:13","guid":{"rendered":"http:\/\/www.reconoce.mx\/?p=13609"},"modified":"2012-11-01T12:07:41","modified_gmt":"2012-11-01T18:07:41","slug":"buen-provecho","status":"publish","type":"post","link":"http:\/\/www.reconoce.mx\/?p=13609","title":{"rendered":"Buen provecho"},"content":{"rendered":"<ul id=\"botones-home\">\n<li><script type=\"text\/javascript\" src=\"https:\/\/apis.google.com\/js\/plusone.js\"><\/script><g:plusone width=\"55\" height=\"20\" href=\"http:\/\/www.reconoce.mx\/buen-provecho\/\"><\/g:plusone><\/li>\n<li><a href=\"http:\/\/twitter.com\/share\" class=\"twitter-share-button\" data-url=\"http:\/\/www.reconoce.mx\/buen-provecho\/\" data-count=\"horizontal\" data-via=\"reconocemx\" data-lang=\"es\">Tweet<\/a><script type=\"text\/javascript\" src=\"http:\/\/platform.twitter.com\/widgets.js\"><\/script><\/li>\n<div class=\"fb-like\" data-href=\"http:\/\/www.reconoce.mx\/buen-provecho\/\" data-send=\"true\" data-width=\"450\" data-show-faces=\"true\"><\/div>\n<p><strong>Por <a title=\"@EliParrow\" href=\"https:\/\/twitter.com\/#%21\/EliParrow\" target=\"_blank\">Elizabeth Aguilar Quintana<\/a><\/strong>.<\/p>\n<p style=\"text-align: right;\"><em>Todos los hombres nacen iguales, pero es la \u00faltima vez que lo son. <\/em><a href=\"#_ftn1\"><em><strong>[1]<\/strong><\/em><\/a><em> <\/em><\/p>\n<p><em> <\/em><\/p>\n<p>D\u00eda a d\u00eda te sientas, disfrutas el sabor del saz\u00f3n, comida fresca, reci\u00e9n preparada. No importa de donde viene, no existe pensamiento alguno, \u00fanicamente satisfacer la necesidad de comer. Pero,<strong> \u00bfhemos pensado en alg\u00fan momento, si todos lo mexicanos podemos satisfacer una de las necesidades b\u00e1sicas del ser humano?<\/strong><\/p>\n<div id=\"attachment_13611\" style=\"width: 610px\" class=\"wp-caption aligncenter\"><a href=\"http:\/\/www.reconoce.mx\/wp-content\/uploads\/salsa-mexicana.png\"><img loading=\"lazy\" decoding=\"async\" aria-describedby=\"caption-attachment-13611\" class=\"size-full wp-image-13611\" title=\"Buen provecho.\" src=\"http:\/\/www.reconoce.mx\/wp-content\/uploads\/salsa-mexicana.png\" alt=\"Buen provecho.\" width=\"600\" height=\"275\" \/><\/a><p id=\"caption-attachment-13611\" class=\"wp-caption-text\">Buen provecho.<\/p><\/div>\n<p><!--more-->La falta de equidad en la distribuci\u00f3n alimentaria en M\u00e9xico ha generado desnutrici\u00f3n y obesidad, el problema no es la insuficiencia, es la repartici\u00f3n. De acuerdo con Nuria Urqu\u00eda Fern\u00e1ndez, la representante en M\u00e9xico de la Organizaci\u00f3n de las Naciones Unidas para la Alimentaci\u00f3n y la Agricultura, <strong>la pobreza alimentaria en M\u00e9xico ha ido incrementado<\/strong>, esto gracias a la crisis mundial, concretamente al alza de precios de los alimentos. De 2006 a 2012 el empobrecimiento de la poblaci\u00f3n pas\u00f3 de un 13% a un 18%.<\/p>\n<p>M\u00e9xico es un pa\u00eds rico en recursos naturales; a diferencia de pa\u00edses como Jap\u00f3n el acceso a frutas y verduras es relativamente f\u00e1cil. Sin embargo <strong>el \u00e9nfasis en la producci\u00f3n masiva de alimentos ha fomentado la desaparici\u00f3n de la diversidad de frutos y vegetales<\/strong>. Los alimentos se venden al mejor postor sin importar la hambruna que esto puede generar en las diversas comunidades.<\/p>\n<p>El reto es grande pero existe la voluntad de distintos actores, los legisladores mexicanos en conjunto con otros pa\u00edses como Argentina, Ecuador, Colombia, Paraguay, Uruguay, Rep\u00fablica Dominicana, Nicaragua y Honduras han creado el frente Parlamentario contra el Hambre. Pero la tarea no queda \u00fanicamente en manos del Estado, <strong>existen organizaciones como <a title=\"..:: Alimento para Todos I.A.P. ::..\" href=\"http:\/\/www.alimentoparatodos.org.mx\/\" target=\"_blank\">Alimentos para todos I.A.P.<\/a> que se dedican a recuperar alimentos aprovechables que no se logran comercializar en los canales normales<\/strong> y los ponen al alcance de Instituciones que brindan apoyo a la poblaci\u00f3n vulnerable y a comunidades marginadas. Por medio de su \u00abModelo Integral de Atenci\u00f3n Alimentaria\u00bb contribuyen a mejorar los niveles nutricionales y educativos.<\/p>\n<p>El esfuerzo es conjunto, no basta la reglamentaci\u00f3n, es necesaria la cooperaci\u00f3n de los diversos sectores de la sociedad<strong>;<\/strong> <strong>es indignante pensar que mientras algunos mueren de ataque al coraz\u00f3n derivado de la obesidad, otros tantos mueren de desnutrici\u00f3n<\/strong>. Familias marginadas dedicadas a la producci\u00f3n de alimentos, los cuales no pueden consumir.<\/p>\n<p>No menospreciemos el trabajo del campo, aboguemos por una repartici\u00f3n justa de los alimentos, precios competitivos que permitan el desarrollo de las comunidades m\u00e1s pobres. Pago justo por su trabajo y acceso a la alimentaci\u00f3n como uno de los derechos fundamentales, tal como lo enuncia la Constituci\u00f3n en su art\u00edculo 4 <a href=\"#_ftn2\">[2]<\/a>. <strong>No permitamos que la \u00fanica igualdad en M\u00e9xico sea la muerte<\/strong>.<\/p>\n<div>\n<hr size=\"1\" \/>\n<div><a href=\"#_ftnref1\">[1]<\/a> Abraham Lincoln (1808-1865) Pol\u00edtico estadounidense.<\/div>\n<div><a href=\"#_ftnref2\">[2]<\/a> Toda persona tiene derecho a la alimentaci\u00f3n nutritiva, suficiente y de calidad. El estado lo garantizar\u00e1.<\/div>\n<\/div>\n<p>&nbsp;<\/p>\n<p>&nbsp;<\/p>\n","protected":false},"excerpt":{"rendered":"<p>D\u00eda a d\u00eda te sientas, disfrutas el sabor del saz\u00f3n, comida fresca, reci\u00e9n preparada. No importa de donde viene, no existe pensamiento alguno, \u00fanicamente satisfacer la necesidad de comer.<\/p>\n","protected":false},"author":2,"featured_media":13611,"comment_status":"open","ping_status":"open","sticky":false,"template":"","format":"standard","meta":{"footnotes":""},"categories":[247,43],"tags":[53,331,426,1501],"class_list":["post-13609","post","type-post","status-publish","format-standard","has-post-thumbnail","hentry","category-asociaciones-civiles","category-conciencia","tag-comida","tag-derechos-humanos-2","tag-hambre","tag-provecho-asociaciones-civiles"],"yoast_head":"<!-- This site is optimized with the Yoast SEO plugin v24.7 - https:\/\/yoast.com\/wordpress\/plugins\/seo\/ -->\n<title>Buen provecho &#171; Reconoce MX<\/title>\n<meta name=\"robots\" content=\"index, follow, max-snippet:-1, max-image-preview:large, max-video-preview:-1\" \/>\n<link rel=\"canonical\" href=\"http:\/\/www.reconoce.mx\/?p=13609\" \/>\n<meta property=\"og:locale\" content=\"es_ES\" \/>\n<meta property=\"og:type\" content=\"article\" \/>\n<meta property=\"og:title\" content=\"Buen provecho &#171; Reconoce MX\" \/>\n<meta property=\"og:description\" content=\"D\u00eda a d\u00eda te sientas, disfrutas el sabor del saz\u00f3n, comida fresca, reci\u00e9n preparada. No importa de donde viene, no existe pensamiento alguno, \u00fanicamente satisfacer la necesidad de comer.\" \/>\n<meta property=\"og:url\" content=\"http:\/\/www.reconoce.mx\/?p=13609\" \/>\n<meta property=\"og:site_name\" content=\"Reconoce MX\" \/>\n<meta property=\"article:publisher\" content=\"https:\/\/es-la.facebook.com\/ReconoceMX\/\" \/>\n<meta property=\"article:published_time\" content=\"2012-10-31T09:00:13+00:00\" \/>\n<meta property=\"article:modified_time\" content=\"2012-11-01T18:07:41+00:00\" \/>\n<meta property=\"og:image\" content=\"http:\/\/www.reconoce.mx\/wp-content\/uploads\/salsa-mexicana.png\" \/>\n\t<meta property=\"og:image:width\" content=\"649\" \/>\n\t<meta property=\"og:image:height\" content=\"301\" \/>\n\t<meta property=\"og:image:type\" content=\"image\/png\" \/>\n<meta name=\"author\" content=\"Reconoce MX\" \/>\n<meta name=\"twitter:card\" content=\"summary_large_image\" \/>\n<meta name=\"twitter:creator\" content=\"@reconocemx\" \/>\n<meta name=\"twitter:site\" content=\"@reconocemx\" \/>\n<meta name=\"twitter:label1\" content=\"Escrito por\" \/>\n\t<meta name=\"twitter:data1\" content=\"Reconoce MX\" \/>\n\t<meta name=\"twitter:label2\" content=\"Tiempo de lectura\" \/>\n\t<meta name=\"twitter:data2\" content=\"3 minutos\" \/>\n<script type=\"application\/ld+json\" class=\"yoast-schema-graph\">{\"@context\":\"https:\/\/schema.org\",\"@graph\":[{\"@type\":\"Article\",\"@id\":\"http:\/\/www.reconoce.mx\/?p=13609#article\",\"isPartOf\":{\"@id\":\"http:\/\/www.reconoce.mx\/?p=13609\"},\"author\":{\"name\":\"Reconoce MX\",\"@id\":\"http:\/\/www.reconoce.mx\/#\/schema\/person\/2117e997d7051dc15d6880eaf9bca0b2\"},\"headline\":\"Buen provecho\",\"datePublished\":\"2012-10-31T09:00:13+00:00\",\"dateModified\":\"2012-11-01T18:07:41+00:00\",\"mainEntityOfPage\":{\"@id\":\"http:\/\/www.reconoce.mx\/?p=13609\"},\"wordCount\":508,\"commentCount\":0,\"publisher\":{\"@id\":\"http:\/\/www.reconoce.mx\/#organization\"},\"image\":{\"@id\":\"http:\/\/www.reconoce.mx\/?p=13609#primaryimage\"},\"thumbnailUrl\":\"http:\/\/www.reconoce.mx\/wp-content\/uploads\/salsa-mexicana.png\",\"keywords\":[\"comida\",\"derechos humanos\",\"Hambre\",\"provecho asociaciones civiles\"],\"articleSection\":[\"Asociaciones Civiles\",\"Conciencia\"],\"inLanguage\":\"es\",\"potentialAction\":[{\"@type\":\"CommentAction\",\"name\":\"Comment\",\"target\":[\"http:\/\/www.reconoce.mx\/?p=13609#respond\"]}]},{\"@type\":\"WebPage\",\"@id\":\"http:\/\/www.reconoce.mx\/?p=13609\",\"url\":\"http:\/\/www.reconoce.mx\/?p=13609\",\"name\":\"Buen provecho &#171; Reconoce MX\",\"isPartOf\":{\"@id\":\"http:\/\/www.reconoce.mx\/#website\"},\"primaryImageOfPage\":{\"@id\":\"http:\/\/www.reconoce.mx\/?p=13609#primaryimage\"},\"image\":{\"@id\":\"http:\/\/www.reconoce.mx\/?p=13609#primaryimage\"},\"thumbnailUrl\":\"http:\/\/www.reconoce.mx\/wp-content\/uploads\/salsa-mexicana.png\",\"datePublished\":\"2012-10-31T09:00:13+00:00\",\"dateModified\":\"2012-11-01T18:07:41+00:00\",\"breadcrumb\":{\"@id\":\"http:\/\/www.reconoce.mx\/?p=13609#breadcrumb\"},\"inLanguage\":\"es\",\"potentialAction\":[{\"@type\":\"ReadAction\",\"target\":[\"http:\/\/www.reconoce.mx\/?p=13609\"]}]},{\"@type\":\"ImageObject\",\"inLanguage\":\"es\",\"@id\":\"http:\/\/www.reconoce.mx\/?p=13609#primaryimage\",\"url\":\"http:\/\/www.reconoce.mx\/wp-content\/uploads\/salsa-mexicana.png\",\"contentUrl\":\"http:\/\/www.reconoce.mx\/wp-content\/uploads\/salsa-mexicana.png\",\"width\":649,\"height\":301,\"caption\":\"Buen provecho.\"},{\"@type\":\"BreadcrumbList\",\"@id\":\"http:\/\/www.reconoce.mx\/?p=13609#breadcrumb\",\"itemListElement\":[{\"@type\":\"ListItem\",\"position\":1,\"name\":\"Portada\",\"item\":\"http:\/\/www.reconoce.mx\/\"},{\"@type\":\"ListItem\",\"position\":2,\"name\":\"Buen provecho\"}]},{\"@type\":\"WebSite\",\"@id\":\"http:\/\/www.reconoce.mx\/#website\",\"url\":\"http:\/\/www.reconoce.mx\/\",\"name\":\"Reconoce MX\",\"description\":\"En Reconoce MX difundimos arte, cultura y conciencia social en M\u00e9xico. Tu ciudad en otra perspectiva.\",\"publisher\":{\"@id\":\"http:\/\/www.reconoce.mx\/#organization\"},\"potentialAction\":[{\"@type\":\"SearchAction\",\"target\":{\"@type\":\"EntryPoint\",\"urlTemplate\":\"http:\/\/www.reconoce.mx\/?s={search_term_string}\"},\"query-input\":{\"@type\":\"PropertyValueSpecification\",\"valueRequired\":true,\"valueName\":\"search_term_string\"}}],\"inLanguage\":\"es\"},{\"@type\":\"Organization\",\"@id\":\"http:\/\/www.reconoce.mx\/#organization\",\"name\":\"Reconoce MX\",\"url\":\"http:\/\/www.reconoce.mx\/\",\"logo\":{\"@type\":\"ImageObject\",\"inLanguage\":\"es\",\"@id\":\"http:\/\/www.reconoce.mx\/#\/schema\/logo\/image\/\",\"url\":\"https:\/\/www.reconoce.mx\/wp-content\/uploads\/2019\/03\/logorcmx-good-1.png\",\"contentUrl\":\"https:\/\/www.reconoce.mx\/wp-content\/uploads\/2019\/03\/logorcmx-good-1.png\",\"width\":280,\"height\":90,\"caption\":\"Reconoce MX\"},\"image\":{\"@id\":\"http:\/\/www.reconoce.mx\/#\/schema\/logo\/image\/\"},\"sameAs\":[\"https:\/\/es-la.facebook.com\/ReconoceMX\/\",\"https:\/\/x.com\/reconocemx\",\"http:\/\/@reconocemx\"]},{\"@type\":\"Person\",\"@id\":\"http:\/\/www.reconoce.mx\/#\/schema\/person\/2117e997d7051dc15d6880eaf9bca0b2\",\"name\":\"Reconoce MX\",\"image\":{\"@type\":\"ImageObject\",\"inLanguage\":\"es\",\"@id\":\"http:\/\/www.reconoce.mx\/#\/schema\/person\/image\/\",\"url\":\"https:\/\/secure.gravatar.com\/avatar\/6c8d4dc7569ca1c90c5fdcc349f839d5ddef6fe1e70b4337ead2ef1a4c43fc3a?s=96&d=identicon&r=g\",\"contentUrl\":\"https:\/\/secure.gravatar.com\/avatar\/6c8d4dc7569ca1c90c5fdcc349f839d5ddef6fe1e70b4337ead2ef1a4c43fc3a?s=96&d=identicon&r=g\",\"caption\":\"Reconoce MX\"},\"description\":\"Reconoce MX es un proyecto de difusi\u00f3n art\u00edstica, cultural y de conciencia social que est\u00e1 enfocado a difundir y fomentar el entretenimiento alternativo de calidad para todo el p\u00fablico que comparta el mismo entusiasmo.\",\"sameAs\":[\"http:\/\/www.reconoce.mx\"],\"url\":\"http:\/\/www.reconoce.mx\/?author=2\"}]}<\/script>\n<!-- \/ Yoast SEO plugin. -->","yoast_head_json":{"title":"Buen provecho &#171; Reconoce MX","robots":{"index":"index","follow":"follow","max-snippet":"max-snippet:-1","max-image-preview":"max-image-preview:large","max-video-preview":"max-video-preview:-1"},"canonical":"http:\/\/www.reconoce.mx\/?p=13609","og_locale":"es_ES","og_type":"article","og_title":"Buen provecho &#171; Reconoce MX","og_description":"D\u00eda a d\u00eda te sientas, disfrutas el sabor del saz\u00f3n, comida fresca, reci\u00e9n preparada. No importa de donde viene, no existe pensamiento alguno, \u00fanicamente satisfacer la necesidad de comer.","og_url":"http:\/\/www.reconoce.mx\/?p=13609","og_site_name":"Reconoce MX","article_publisher":"https:\/\/es-la.facebook.com\/ReconoceMX\/","article_published_time":"2012-10-31T09:00:13+00:00","article_modified_time":"2012-11-01T18:07:41+00:00","og_image":[{"width":649,"height":301,"url":"http:\/\/www.reconoce.mx\/wp-content\/uploads\/salsa-mexicana.png","type":"image\/png"}],"author":"Reconoce MX","twitter_card":"summary_large_image","twitter_creator":"@reconocemx","twitter_site":"@reconocemx","twitter_misc":{"Escrito por":"Reconoce MX","Tiempo de lectura":"3 minutos"},"schema":{"@context":"https:\/\/schema.org","@graph":[{"@type":"Article","@id":"http:\/\/www.reconoce.mx\/?p=13609#article","isPartOf":{"@id":"http:\/\/www.reconoce.mx\/?p=13609"},"author":{"name":"Reconoce MX","@id":"http:\/\/www.reconoce.mx\/#\/schema\/person\/2117e997d7051dc15d6880eaf9bca0b2"},"headline":"Buen provecho","datePublished":"2012-10-31T09:00:13+00:00","dateModified":"2012-11-01T18:07:41+00:00","mainEntityOfPage":{"@id":"http:\/\/www.reconoce.mx\/?p=13609"},"wordCount":508,"commentCount":0,"publisher":{"@id":"http:\/\/www.reconoce.mx\/#organization"},"image":{"@id":"http:\/\/www.reconoce.mx\/?p=13609#primaryimage"},"thumbnailUrl":"http:\/\/www.reconoce.mx\/wp-content\/uploads\/salsa-mexicana.png","keywords":["comida","derechos humanos","Hambre","provecho asociaciones civiles"],"articleSection":["Asociaciones Civiles","Conciencia"],"inLanguage":"es","potentialAction":[{"@type":"CommentAction","name":"Comment","target":["http:\/\/www.reconoce.mx\/?p=13609#respond"]}]},{"@type":"WebPage","@id":"http:\/\/www.reconoce.mx\/?p=13609","url":"http:\/\/www.reconoce.mx\/?p=13609","name":"Buen provecho &#171; Reconoce MX","isPartOf":{"@id":"http:\/\/www.reconoce.mx\/#website"},"primaryImageOfPage":{"@id":"http:\/\/www.reconoce.mx\/?p=13609#primaryimage"},"image":{"@id":"http:\/\/www.reconoce.mx\/?p=13609#primaryimage"},"thumbnailUrl":"http:\/\/www.reconoce.mx\/wp-content\/uploads\/salsa-mexicana.png","datePublished":"2012-10-31T09:00:13+00:00","dateModified":"2012-11-01T18:07:41+00:00","breadcrumb":{"@id":"http:\/\/www.reconoce.mx\/?p=13609#breadcrumb"},"inLanguage":"es","potentialAction":[{"@type":"ReadAction","target":["http:\/\/www.reconoce.mx\/?p=13609"]}]},{"@type":"ImageObject","inLanguage":"es","@id":"http:\/\/www.reconoce.mx\/?p=13609#primaryimage","url":"http:\/\/www.reconoce.mx\/wp-content\/uploads\/salsa-mexicana.png","contentUrl":"http:\/\/www.reconoce.mx\/wp-content\/uploads\/salsa-mexicana.png","width":649,"height":301,"caption":"Buen provecho."},{"@type":"BreadcrumbList","@id":"http:\/\/www.reconoce.mx\/?p=13609#breadcrumb","itemListElement":[{"@type":"ListItem","position":1,"name":"Portada","item":"http:\/\/www.reconoce.mx\/"},{"@type":"ListItem","position":2,"name":"Buen provecho"}]},{"@type":"WebSite","@id":"http:\/\/www.reconoce.mx\/#website","url":"http:\/\/www.reconoce.mx\/","name":"Reconoce MX","description":"En Reconoce MX difundimos arte, cultura y conciencia social en M\u00e9xico. Tu ciudad en otra perspectiva.","publisher":{"@id":"http:\/\/www.reconoce.mx\/#organization"},"potentialAction":[{"@type":"SearchAction","target":{"@type":"EntryPoint","urlTemplate":"http:\/\/www.reconoce.mx\/?s={search_term_string}"},"query-input":{"@type":"PropertyValueSpecification","valueRequired":true,"valueName":"search_term_string"}}],"inLanguage":"es"},{"@type":"Organization","@id":"http:\/\/www.reconoce.mx\/#organization","name":"Reconoce MX","url":"http:\/\/www.reconoce.mx\/","logo":{"@type":"ImageObject","inLanguage":"es","@id":"http:\/\/www.reconoce.mx\/#\/schema\/logo\/image\/","url":"https:\/\/www.reconoce.mx\/wp-content\/uploads\/2019\/03\/logorcmx-good-1.png","contentUrl":"https:\/\/www.reconoce.mx\/wp-content\/uploads\/2019\/03\/logorcmx-good-1.png","width":280,"height":90,"caption":"Reconoce MX"},"image":{"@id":"http:\/\/www.reconoce.mx\/#\/schema\/logo\/image\/"},"sameAs":["https:\/\/es-la.facebook.com\/ReconoceMX\/","https:\/\/x.com\/reconocemx","http:\/\/@reconocemx"]},{"@type":"Person","@id":"http:\/\/www.reconoce.mx\/#\/schema\/person\/2117e997d7051dc15d6880eaf9bca0b2","name":"Reconoce MX","image":{"@type":"ImageObject","inLanguage":"es","@id":"http:\/\/www.reconoce.mx\/#\/schema\/person\/image\/","url":"https:\/\/secure.gravatar.com\/avatar\/6c8d4dc7569ca1c90c5fdcc349f839d5ddef6fe1e70b4337ead2ef1a4c43fc3a?s=96&d=identicon&r=g","contentUrl":"https:\/\/secure.gravatar.com\/avatar\/6c8d4dc7569ca1c90c5fdcc349f839d5ddef6fe1e70b4337ead2ef1a4c43fc3a?s=96&d=identicon&r=g","caption":"Reconoce MX"},"description":"Reconoce MX es un proyecto de difusi\u00f3n art\u00edstica, cultural y de conciencia social que est\u00e1 enfocado a difundir y fomentar el entretenimiento alternativo de calidad para todo el p\u00fablico que comparta el mismo entusiasmo.","sameAs":["http:\/\/www.reconoce.mx"],"url":"http:\/\/www.reconoce.mx\/?author=2"}]}},"_links":{"self":[{"href":"http:\/\/www.reconoce.mx\/index.php?rest_route=\/wp\/v2\/posts\/13609","targetHints":{"allow":["GET"]}}],"collection":[{"href":"http:\/\/www.reconoce.mx\/index.php?rest_route=\/wp\/v2\/posts"}],"about":[{"href":"http:\/\/www.reconoce.mx\/index.php?rest_route=\/wp\/v2\/types\/post"}],"author":[{"embeddable":true,"href":"http:\/\/www.reconoce.mx\/index.php?rest_route=\/wp\/v2\/users\/2"}],"replies":[{"embeddable":true,"href":"http:\/\/www.reconoce.mx\/index.php?rest_route=%2Fwp%2Fv2%2Fcomments&post=13609"}],"version-history":[{"count":12,"href":"http:\/\/www.reconoce.mx\/index.php?rest_route=\/wp\/v2\/posts\/13609\/revisions"}],"predecessor-version":[{"id":13712,"href":"http:\/\/www.reconoce.mx\/index.php?rest_route=\/wp\/v2\/posts\/13609\/revisions\/13712"}],"wp:featuredmedia":[{"embeddable":true,"href":"http:\/\/www.reconoce.mx\/index.php?rest_route=\/wp\/v2\/media\/13611"}],"wp:attachment":[{"href":"http:\/\/www.reconoce.mx\/index.php?rest_route=%2Fwp%2Fv2%2Fmedia&parent=13609"}],"wp:term":[{"taxonomy":"category","embeddable":true,"href":"http:\/\/www.reconoce.mx\/index.php?rest_route=%2Fwp%2Fv2%2Fcategories&post=13609"},{"taxonomy":"post_tag","embeddable":true,"href":"http:\/\/www.reconoce.mx\/index.php?rest_route=%2Fwp%2Fv2%2Ftags&post=13609"}],"curies":[{"name":"wp","href":"https:\/\/api.w.org\/{rel}","templated":true}]}}