{"id":15965,"date":"2013-01-01T01:00:11","date_gmt":"2013-01-01T07:00:11","guid":{"rendered":"http:\/\/www.reconoce.mx\/?p=15965"},"modified":"2013-01-07T01:51:01","modified_gmt":"2013-01-07T07:51:01","slug":"calendario-astronomico-2013","status":"publish","type":"post","link":"http:\/\/www.reconoce.mx\/?p=15965","title":{"rendered":"Calendario Astron\u00f3mico 2013"},"content":{"rendered":"<ul id=\"botones-home\">\n<li><script type=\"text\/javascript\" src=\"https:\/\/apis.google.com\/js\/plusone.js\"><\/script><g:plusone width=\"55\" height=\"20\" href=\"http:\/\/www.reconoce.mx\/calendario-astronomico-2013\/\"><\/g:plusone><\/li>\n<li><a href=\"http:\/\/twitter.com\/share\" class=\"twitter-share-button\" data-url=\"http:\/\/www.reconoce.mx\/calendario-astronomico-2013\/\" data-count=\"horizontal\" data-via=\"reconocemx\" data-lang=\"es\">Tweet<\/a><script type=\"text\/javascript\" src=\"http:\/\/platform.twitter.com\/widgets.js\"><\/script><\/li>\n<div class=\"fb-like\" data-href=\"http:\/\/www.reconoce.mx\/calendario-astronomico-2013\/\" data-send=\"true\" data-width=\"450\" data-show-faces=\"true\"><\/div>\n<p><strong>Por <a title=\"@drgee_\" href=\"http:\/\/twitter.com\/#%21\/drgee_\" target=\"_blank\">Genaro Grajeda<\/a><\/strong>.<\/p>\n<p><strong>\u00a1Feliz a\u00f1o 2013!<\/strong> El 2012 estuvo lleno de hermosos eventos para observar en el cielo y el 2013 tiene pinta de ser igual de prometedor. Aqu\u00ed esta el calendario de eventos astron\u00f3micos que suceder\u00e1 durante este 2013. \u00a1Gu\u00e1rdenlo para observar el cielo y maravillarse!<\/p>\n<div id=\"attachment_15967\" style=\"width: 610px\" class=\"wp-caption aligncenter\"><a href=\"http:\/\/www.reconoce.mx\/wp-content\/uploads\/nebulosa-orion.png\"><img loading=\"lazy\" decoding=\"async\" aria-describedby=\"caption-attachment-15967\" class=\"size-full wp-image-15967\" title=\"Gran Nebulosa de Ori\u00f3n (Cortes\u00eda de C\u00e9sar Cant\u00fa).\" src=\"http:\/\/www.reconoce.mx\/wp-content\/uploads\/nebulosa-orion.png\" alt=\"Gran Nebulosa de Ori\u00f3n (Cortes\u00eda de C\u00e9sar Cant\u00fa).\" width=\"600\" height=\"275\" \/><\/a><p id=\"caption-attachment-15967\" class=\"wp-caption-text\">Gran Nebulosa de Ori\u00f3n (Cortes\u00eda de C\u00e9sar Cant\u00fa).<\/p><\/div>\n<h3><!--more--><span style=\"text-decoration: underline;\">ENERO<\/span><\/h3>\n<p><strong>2 \u2013 <\/strong>La Tierra est\u00e1 en su perihelio su punto m\u00e1s cercano al Sol.<\/p>\n<p><strong>3 y 4 \u2013<\/strong><em>Lluvia de estrellas<\/em>. Cuadr\u00e1ntidas con un pico de hasta 40 meteoros por hora.<\/p>\n<p><strong>6 \u2013<\/strong><em>Conjunci\u00f3n Luna \u2013 Saturno<\/em> a las 5:44 pm de la Ciudad de M\u00e9xico.<\/p>\n<p><strong>11 \u2013<\/strong> Luna Nueva.<\/p>\n<p><strong>21 \u2013 <\/strong><em>Conjunci\u00f3n Luna \u2013 J\u00fapiter<\/em> a las 9:08 pm de la Ciudad de M\u00e9xico.<\/p>\n<p><strong>27 \u2013 <\/strong>Luna Llena.<\/p>\n<h3><span style=\"text-decoration: underline;\">FEBRERO<\/span><\/h3>\n<p><strong>3 \u2013<\/strong><em>Conjunci\u00f3n Luna \u2013 Saturno<\/em> a las 2:16 am de la Ciudad de M\u00e9xico.<\/p>\n<p><strong>10 \u2013 <\/strong>Luna Nueva.<\/p>\n<p><strong>16 \u2013 <\/strong><em>M\u00e1xima elongaci\u00f3n de Mercurio al este<\/em>, lo que significa ser\u00e1 visible momentos despu\u00e9s del atardecer.<\/p>\n<p><strong>18 <\/strong>\u2013 <em>Conjunci\u00f3n Luna \u2013 J\u00fapiter<\/em> visible despu\u00e9s de la media noche.<\/p>\n<p><strong>25 \u2013 <\/strong>Luna Llena.<\/p>\n<h3><span style=\"text-decoration: underline;\">MARZO<\/span><\/h3>\n<p><strong>11 \u2013 <\/strong>Luna Nueva<\/p>\n<p><strong>10 al 24 \u2013 <\/strong>M\u00e1ximo acercamiento del cometa PANSTARRS al Sol y a la Tierra, deber\u00eda ser visible al atardecer en el Noreste cerca del horizonte. Se espera que el d\u00eda 12 sea el mejor para verlo.<\/p>\n<p><strong>17 \u2013 <\/strong><em>Conjunci\u00f3n Luna \u2013 J\u00fapiter<\/em> a las 7:34 pm de la Ciudad de M\u00e9xico.<\/p>\n<p><strong>20 \u2013 <\/strong><em>Equinoccio de Marzo<\/em> (entrada de la Primavera en el Hemisferio Norte).<\/p>\n<p><strong>27 \u2013 <\/strong>Luna Llena<\/p>\n<p><strong>29 \u2013 <\/strong><em>Conjunci\u00f3n Luna \u2013 Saturno<\/em> la mayor parte de la noche.<\/p>\n<p><strong>31 \u2013 <\/strong><em>M\u00e1xima elongaci\u00f3n de Mercurio al oeste<\/em>, lo que significa que ser\u00e1 visible antes del amanecer.<\/p>\n<h3><span style=\"text-decoration: underline;\">ABRIL<\/span><\/h3>\n<p><strong>10 \u2013 <\/strong>Luna Nueva<\/p>\n<p><strong>14 \u2013 <\/strong><em>Conjunci\u00f3n Luna \u2013 J\u00fapiter<\/em> visible en el Oeste s\u00f3lo un par de horas despu\u00e9s del atardecer.<\/p>\n<p><strong>21 y 22 \u2013 <\/strong><em>Lluvia de estrellas L\u00edrida<\/em>, con la Luna casi llena en esos d\u00edas, dif\u00edcilmente se ver\u00e1n su m\u00e1ximo de 20 meteoros por hora.<\/p>\n<p><strong>25\u2013 <\/strong>Luna Llena; tambi\u00e9n habr\u00e1 un <em>Eclipse Parcial de Luna<\/em> visible en \u00c1frica, Europa, Asia y Australia.<\/p>\n<p><strong>26 \u2013<\/strong><em>Conjunci\u00f3n Luna \u2013 Saturno<\/em> a las 7:48 pm de la Ciudad de M\u00e9xico<\/p>\n<p><strong>28 \u2013 <\/strong><em>Saturno en oposici\u00f3n<\/em>, estar\u00e1 en su punto m\u00e1s cercano a la Tierra y completamente iluminado por el Sol. Ser\u00e1 el mejor momento para verlo en el telescopio.<\/p>\n<h3><span style=\"text-decoration: underline;\">MAYO<\/span><\/h3>\n<p><strong>5 y 6 \u2013 <\/strong><em>Lluvia de estrellas Eta Acu\u00e1ridas<\/em>, ligera lluvia de 10 meteoros por hora visible despu\u00e9s de la media noche.<\/p>\n<p><strong>10 \u2013 <\/strong>Luna Nueva; <em>Eclipse Anular de Sol<\/em> visible en Australia, parcial en Australia y Nueva Zelanda.<\/p>\n<p><strong>23 \u2013 <\/strong><em>Conjunci\u00f3n Luna \u2013 Saturno<\/em> a las 3:07 am de la Ciudad de M\u00e9xico.<\/p>\n<p><strong>25 \u2013 <\/strong>Luna Llena; <em>Eclipse Penumbral de Luna<\/em> visible en todo el continente americano, sin embargo la sombra s\u00f3lo cubrir\u00e1 un .01% de la Luna.<\/p>\n<p><strong>28 \u2013 <\/strong><em>Conjunci\u00f3n Venus \u2013 J\u00fapiter<\/em>, visible en el oeste al atardecer. Mercurio tambi\u00e9n estar\u00e1 danzando cerca de los planetas entre el 24 al 30 de Mayo.<\/p>\n<h3><span style=\"text-decoration: underline;\">JUNIO<\/span><\/h3>\n<p><strong>8 \u2013 <\/strong>Luna Nueva.<\/p>\n<p><strong>12 \u2013 <\/strong><em>M\u00e1xima elongaci\u00f3n de Mercurio al este<\/em>; visible al atardecer.<\/p>\n<p><strong>19 \u2013 <\/strong><em>Conjunci\u00f3n Luna \u2013 Saturno<\/em>, visible despu\u00e9s del atardecer.<\/p>\n<p><strong>21 \u2013<\/strong><em>Solsticio de Junio<\/em> (entrada del Verano en el Hemisferio Norte).<\/p>\n<p><strong>23 \u2013 <\/strong>Luna Llena; la luna estar\u00e1 en su punto m\u00e1s cercano a la Tierra por lo cual tendremos una <strong>S\u00faper Luna<\/strong> (se ver\u00e1 un 14% m\u00e1s grande y 13% m\u00e1s brillante)<\/p>\n<h3><span style=\"text-decoration: underline;\">JULIO<\/span><\/h3>\n<p><strong>5 \u2013 <\/strong><em>La Tierra en su afelio<\/em>, su punto m\u00e1s lejano en la \u00f3rbita alrededor del Sol.<\/p>\n<p><strong>8 \u2013 <\/strong>Luna Nueva.<\/p>\n<p><strong>16 \u2013 <\/strong><em>Conjunci\u00f3n Luna \u2013 Saturno<\/em>, visible desde el atardecer.<\/p>\n<p><strong>22 \u2013 <\/strong>Luna Llena.<\/p>\n<p><strong>29 \u2013 <\/strong><em>Lluvia de estrellas Delta Acu\u00e1ridas<\/em>, gran interferencia de la luz de la Luna no permitir\u00e1 disfrutar de los 20 meteoros por hora de esta lluvia de estrellas.<\/p>\n<p><strong>30 \u2013<\/strong><em>M\u00e1xima elongaci\u00f3n de Mercurio al oeste<\/em>; visible al amanecer.<\/p>\n<h3><span style=\"text-decoration: underline;\">AGOSTO<\/span><\/h3>\n<p><strong>6 \u2013 <\/strong>Luna Nueva.<\/p>\n<p><strong>12 y 13- <\/strong>Pico de la <em>lluvia de estrellas Perseidas<\/em>, la mejor lluvia de estrellas del a\u00f1o tendr\u00e1 muy poca interferencia de la Luna y se esperan hasta 80 meteoros por hora.<\/p>\n<p><strong>13 \u2013 <\/strong><em>Conjunci\u00f3n Luna \u2013 Saturno<\/em>, visible desde las 2 am en la Ciudad de M\u00e9xico<\/p>\n<p><strong>21 \u2013 <\/strong>Luna Llena.<\/p>\n<p><strong>27 \u2013 <\/strong><em>Neptuno en oposici\u00f3n<\/em>, mejor momento para observarlo ser\u00eda a media noche.<\/p>\n<p><strong>31 \u2013 <\/strong><em>Conjunci\u00f3n Luna \u2013 J\u00fapiter<\/em>, visible en la madrugada.<\/p>\n<h3><span style=\"text-decoration: underline;\">SEPTIEMBRE<\/span><\/h3>\n<p><strong>5 \u2013<\/strong> Luna Nueva.<\/p>\n<p><strong>8 \u2013 <\/strong><em>Conjunci\u00f3n Luna \u2013 Venus<\/em>, visible al atardecer y visible unas pocas horas.<\/p>\n<p><strong>18 \u2013 <\/strong><em>Conjunci\u00f3n Venus \u2013 Saturno<\/em>, visible al atardecer y s\u00f3lo visible un par de horas.<\/p>\n<p><strong>19 \u2013 <\/strong>Luna Llena; por definici\u00f3n una Luna Azul por ser la 4ta de una temporada.<\/p>\n<p><strong>23 \u2013 <\/strong><em>Equinoccio de Septiembre<\/em> (entrada de Oto\u00f1o en el Hemisferio Norte).<\/p>\n<p><strong>28 \u2013 <\/strong><em>Conjunci\u00f3n Luna \u2013 J\u00fapiter<\/em>, visible a las 2:35 am de la Ciudad de M\u00e9xico.<\/p>\n<h3><span style=\"text-decoration: underline;\">OCTUBRE<\/span><\/h3>\n<p><strong>3 \u2013 <\/strong><em>Urano en oposici\u00f3n<\/em>, mejor momento para observar a Urano que se encuentra en su punto m\u00e1s cercano a la Tierra.<\/p>\n<p><strong>5 \u2013 <\/strong>Luna Nueva.<\/p>\n<p><strong>8 \u2013 <\/strong><em>Conjunci\u00f3n Luna \u2013 Venus<\/em>, visible al atardecer s\u00f3lo un par de horas.<\/p>\n<p><strong>9 \u2013 <\/strong><em>M\u00e1xima elongaci\u00f3n de Mercurio al este<\/em>, visible al atardecer.<\/p>\n<p><strong>18 \u2013 <\/strong>Luna Llena; <em>Eclipse Penumbralde Luna<\/em> visible en casi toda Am\u00e9rica, \u00c1frica, Europa y gran parte de Asia. 76% de la superficie lunar se oscurecer\u00e1.<\/p>\n<p><strong>21 y 22 \u2013 <\/strong><em>Lluvia de estrellas Ori\u00f3nida<\/em>, la Luna ser\u00e1 un gran problema porque no dejar\u00e1 apreciar la mayor\u00eda de los m\u00e1s de 20 meteoros por hora.<\/p>\n<h3><span style=\"text-decoration: underline;\">NOVIEMBRE<\/span><\/h3>\n<p><strong>1 \u2013 <\/strong><em>M\u00e1xima elongaci\u00f3n de Venus al Este<\/em>, visible por m\u00e1s de dos horas despu\u00e9s del atardecer.<\/p>\n<p><strong>3 \u2013 <\/strong>Luna Nueva<strong>; <\/strong><em>Eclipse H\u00edbrido de Sol<\/em>, un eclipse muy particular que cambia entre eclipse anular y eclipse total de Sol. El paso principal ser\u00e1 en el Atl\u00e1ntico y por \u00c1frica Central, habr\u00e1 parcialidad en Espa\u00f1a, \u00c1frica y el norte de Sudam\u00e9rica.<\/p>\n<p><strong>17 y 18 \u2013 <\/strong><em>Lluvia de estrellas Le\u00f3nida<\/em>, la Luna llena ser\u00e1 un serio problema puesto que no permitir\u00e1 observar los m\u00e1s de 40 meteoros por hora.<\/p>\n<p><strong>17 \u2013<\/strong> Luna Llena.<\/p>\n<p><strong>COMETA ISON \u00bfEl cometa de nuestras vidas? <\/strong>Visible desde mediados de Noviembre hasta finales de Diciembre, el cometa ISON promete ser el cometa m\u00e1s visto de todos los tiempos&#8230; si sobrevive su viaje alrededor del Sol. Si el cometa sobrevive su viaje al Sol, en diciembre podr\u00edamos observar un cometa visible a plena luz del d\u00eda y que por las noches podr\u00eda ser m\u00e1s brillante que la Luna.<\/p>\n<h3><span style=\"text-decoration: underline;\">DICIEMBRE<\/span><\/h3>\n<p><strong>3 \u2013 <\/strong>Luna Nueva.<\/p>\n<p><strong>14 \u2013 <\/strong><em>Lluvia de estrellas Gem\u00ednidas<\/em>, las que son reconocidas como la mejor lluvia de estrellas se ver\u00e1 altamente da\u00f1ada por la Luna este a\u00f1o por estar en cuarto creciente.<\/p>\n<p><strong>17 \u2013 <\/strong>Luna Llena.<\/p>\n<p><strong>19 \u2013 <\/strong><em>Conjunci\u00f3n Luna \u2013 J\u00fapiter<\/em>, visible a las 11:45 pm de la Ciudad de M\u00e9xico.<\/p>\n<p><strong>25 \u2013 <\/strong><em>Conjunci\u00f3n Luna \u2013 Marte<\/em>, visible durante buena parte de la noche.<\/p>\n<p><strong>29 \u2013 <\/strong><em>Conjunci\u00f3n Luna \u2013 Saturno<\/em>, visible durante la mayor parte de la noche.<\/p>\n<p>&nbsp;<\/p>\n<p>&nbsp;<\/p>\n","protected":false},"excerpt":{"rendered":"<p>\u00a1Feliz a\u00f1o 2013! El 2012 estuvo lleno de hermosos eventos para observar en el cielo y el 2013 tiene pinta de ser igual de prometedor. Aqu\u00ed esta el calendario de eventos astron\u00f3micos en 2013.<\/p>\n","protected":false},"author":2,"featured_media":15967,"comment_status":"open","ping_status":"open","sticky":false,"template":"","format":"standard","meta":{"footnotes":""},"categories":[162,163],"tags":[226,1804,578,1805,484,2620],"class_list":["post-15965","post","type-post","status-publish","format-standard","has-post-thumbnail","hentry","category-ciencia-y-tecnologia","category-universo","tag-astronomia","tag-calendario-astronomico-2013","tag-estrellas","tag-eventos-astronomicos","tag-planetas","tag-universo"],"yoast_head":"<!-- This site is optimized with the Yoast SEO plugin v24.7 - https:\/\/yoast.com\/wordpress\/plugins\/seo\/ -->\n<title>Calendario Astron\u00f3mico 2013 &#171; Reconoce MX<\/title>\n<meta name=\"robots\" content=\"index, follow, max-snippet:-1, max-image-preview:large, max-video-preview:-1\" \/>\n<link rel=\"canonical\" href=\"https:\/\/www.reconoce.mx\/?p=15965\" \/>\n<meta property=\"og:locale\" content=\"es_ES\" \/>\n<meta property=\"og:type\" content=\"article\" \/>\n<meta property=\"og:title\" content=\"Calendario Astron\u00f3mico 2013 &#171; Reconoce MX\" \/>\n<meta property=\"og:description\" content=\"\u00a1Feliz a\u00f1o 2013! El 2012 estuvo lleno de hermosos eventos para observar en el cielo y el 2013 tiene pinta de ser igual de prometedor. Aqu\u00ed esta el calendario de eventos astron\u00f3micos en 2013.\" \/>\n<meta property=\"og:url\" content=\"https:\/\/www.reconoce.mx\/?p=15965\" \/>\n<meta property=\"og:site_name\" content=\"Reconoce MX\" \/>\n<meta property=\"article:publisher\" content=\"https:\/\/es-la.facebook.com\/ReconoceMX\/\" \/>\n<meta property=\"article:published_time\" content=\"2013-01-01T07:00:11+00:00\" \/>\n<meta property=\"article:modified_time\" content=\"2013-01-07T07:51:01+00:00\" \/>\n<meta property=\"og:image\" content=\"https:\/\/www.reconoce.mx\/wp-content\/uploads\/nebulosa-orion.png\" \/>\n\t<meta property=\"og:image:width\" content=\"649\" \/>\n\t<meta property=\"og:image:height\" content=\"301\" \/>\n\t<meta property=\"og:image:type\" content=\"image\/png\" \/>\n<meta name=\"author\" content=\"Reconoce MX\" \/>\n<meta name=\"twitter:card\" content=\"summary_large_image\" \/>\n<meta name=\"twitter:creator\" content=\"@reconocemx\" \/>\n<meta name=\"twitter:site\" content=\"@reconocemx\" \/>\n<meta name=\"twitter:label1\" content=\"Escrito por\" \/>\n\t<meta name=\"twitter:data1\" content=\"Reconoce MX\" \/>\n\t<meta name=\"twitter:label2\" content=\"Tiempo de lectura\" \/>\n\t<meta name=\"twitter:data2\" content=\"5 minutos\" \/>\n<script type=\"application\/ld+json\" class=\"yoast-schema-graph\">{\"@context\":\"https:\/\/schema.org\",\"@graph\":[{\"@type\":\"Article\",\"@id\":\"https:\/\/www.reconoce.mx\/?p=15965#article\",\"isPartOf\":{\"@id\":\"https:\/\/www.reconoce.mx\/?p=15965\"},\"author\":{\"name\":\"Reconoce MX\",\"@id\":\"http:\/\/www.reconoce.mx\/#\/schema\/person\/2117e997d7051dc15d6880eaf9bca0b2\"},\"headline\":\"Calendario Astron\u00f3mico 2013\",\"datePublished\":\"2013-01-01T07:00:11+00:00\",\"dateModified\":\"2013-01-07T07:51:01+00:00\",\"mainEntityOfPage\":{\"@id\":\"https:\/\/www.reconoce.mx\/?p=15965\"},\"wordCount\":1090,\"commentCount\":0,\"publisher\":{\"@id\":\"http:\/\/www.reconoce.mx\/#organization\"},\"image\":{\"@id\":\"https:\/\/www.reconoce.mx\/?p=15965#primaryimage\"},\"thumbnailUrl\":\"http:\/\/www.reconoce.mx\/wp-content\/uploads\/nebulosa-orion.png\",\"keywords\":[\"Astronom\u00eda\",\"Calendario Astron\u00f3mico 2013\",\"estrellas\",\"eventos astron\u00f3micos\",\"planetas\",\"Universo\"],\"articleSection\":[\"Ciencia y Tecnolog\u00eda\",\"Universo\"],\"inLanguage\":\"es\",\"potentialAction\":[{\"@type\":\"CommentAction\",\"name\":\"Comment\",\"target\":[\"https:\/\/www.reconoce.mx\/?p=15965#respond\"]}]},{\"@type\":\"WebPage\",\"@id\":\"https:\/\/www.reconoce.mx\/?p=15965\",\"url\":\"https:\/\/www.reconoce.mx\/?p=15965\",\"name\":\"Calendario Astron\u00f3mico 2013 &#171; Reconoce MX\",\"isPartOf\":{\"@id\":\"http:\/\/www.reconoce.mx\/#website\"},\"primaryImageOfPage\":{\"@id\":\"https:\/\/www.reconoce.mx\/?p=15965#primaryimage\"},\"image\":{\"@id\":\"https:\/\/www.reconoce.mx\/?p=15965#primaryimage\"},\"thumbnailUrl\":\"http:\/\/www.reconoce.mx\/wp-content\/uploads\/nebulosa-orion.png\",\"datePublished\":\"2013-01-01T07:00:11+00:00\",\"dateModified\":\"2013-01-07T07:51:01+00:00\",\"breadcrumb\":{\"@id\":\"https:\/\/www.reconoce.mx\/?p=15965#breadcrumb\"},\"inLanguage\":\"es\",\"potentialAction\":[{\"@type\":\"ReadAction\",\"target\":[\"https:\/\/www.reconoce.mx\/?p=15965\"]}]},{\"@type\":\"ImageObject\",\"inLanguage\":\"es\",\"@id\":\"https:\/\/www.reconoce.mx\/?p=15965#primaryimage\",\"url\":\"http:\/\/www.reconoce.mx\/wp-content\/uploads\/nebulosa-orion.png\",\"contentUrl\":\"http:\/\/www.reconoce.mx\/wp-content\/uploads\/nebulosa-orion.png\",\"width\":649,\"height\":301,\"caption\":\"Gran Nebulosa de Ori\u00f3n (Cortes\u00eda de C\u00e9sar Cant\u00fa).\"},{\"@type\":\"BreadcrumbList\",\"@id\":\"https:\/\/www.reconoce.mx\/?p=15965#breadcrumb\",\"itemListElement\":[{\"@type\":\"ListItem\",\"position\":1,\"name\":\"Portada\",\"item\":\"http:\/\/www.reconoce.mx\/\"},{\"@type\":\"ListItem\",\"position\":2,\"name\":\"Calendario Astron\u00f3mico 2013\"}]},{\"@type\":\"WebSite\",\"@id\":\"http:\/\/www.reconoce.mx\/#website\",\"url\":\"http:\/\/www.reconoce.mx\/\",\"name\":\"Reconoce MX\",\"description\":\"En Reconoce MX difundimos arte, cultura y conciencia social en M\u00e9xico. Tu ciudad en otra perspectiva.\",\"publisher\":{\"@id\":\"http:\/\/www.reconoce.mx\/#organization\"},\"potentialAction\":[{\"@type\":\"SearchAction\",\"target\":{\"@type\":\"EntryPoint\",\"urlTemplate\":\"http:\/\/www.reconoce.mx\/?s={search_term_string}\"},\"query-input\":{\"@type\":\"PropertyValueSpecification\",\"valueRequired\":true,\"valueName\":\"search_term_string\"}}],\"inLanguage\":\"es\"},{\"@type\":\"Organization\",\"@id\":\"http:\/\/www.reconoce.mx\/#organization\",\"name\":\"Reconoce MX\",\"url\":\"http:\/\/www.reconoce.mx\/\",\"logo\":{\"@type\":\"ImageObject\",\"inLanguage\":\"es\",\"@id\":\"http:\/\/www.reconoce.mx\/#\/schema\/logo\/image\/\",\"url\":\"https:\/\/www.reconoce.mx\/wp-content\/uploads\/2019\/03\/logorcmx-good-1.png\",\"contentUrl\":\"https:\/\/www.reconoce.mx\/wp-content\/uploads\/2019\/03\/logorcmx-good-1.png\",\"width\":280,\"height\":90,\"caption\":\"Reconoce MX\"},\"image\":{\"@id\":\"http:\/\/www.reconoce.mx\/#\/schema\/logo\/image\/\"},\"sameAs\":[\"https:\/\/es-la.facebook.com\/ReconoceMX\/\",\"https:\/\/x.com\/reconocemx\",\"http:\/\/@reconocemx\"]},{\"@type\":\"Person\",\"@id\":\"http:\/\/www.reconoce.mx\/#\/schema\/person\/2117e997d7051dc15d6880eaf9bca0b2\",\"name\":\"Reconoce MX\",\"image\":{\"@type\":\"ImageObject\",\"inLanguage\":\"es\",\"@id\":\"http:\/\/www.reconoce.mx\/#\/schema\/person\/image\/\",\"url\":\"https:\/\/secure.gravatar.com\/avatar\/6c8d4dc7569ca1c90c5fdcc349f839d5ddef6fe1e70b4337ead2ef1a4c43fc3a?s=96&d=identicon&r=g\",\"contentUrl\":\"https:\/\/secure.gravatar.com\/avatar\/6c8d4dc7569ca1c90c5fdcc349f839d5ddef6fe1e70b4337ead2ef1a4c43fc3a?s=96&d=identicon&r=g\",\"caption\":\"Reconoce MX\"},\"description\":\"Reconoce MX es un proyecto de difusi\u00f3n art\u00edstica, cultural y de conciencia social que est\u00e1 enfocado a difundir y fomentar el entretenimiento alternativo de calidad para todo el p\u00fablico que comparta el mismo entusiasmo.\",\"sameAs\":[\"http:\/\/www.reconoce.mx\"],\"url\":\"http:\/\/www.reconoce.mx\/?author=2\"}]}<\/script>\n<!-- \/ Yoast SEO plugin. -->","yoast_head_json":{"title":"Calendario Astron\u00f3mico 2013 &#171; Reconoce MX","robots":{"index":"index","follow":"follow","max-snippet":"max-snippet:-1","max-image-preview":"max-image-preview:large","max-video-preview":"max-video-preview:-1"},"canonical":"https:\/\/www.reconoce.mx\/?p=15965","og_locale":"es_ES","og_type":"article","og_title":"Calendario Astron\u00f3mico 2013 &#171; Reconoce MX","og_description":"\u00a1Feliz a\u00f1o 2013! El 2012 estuvo lleno de hermosos eventos para observar en el cielo y el 2013 tiene pinta de ser igual de prometedor. Aqu\u00ed esta el calendario de eventos astron\u00f3micos en 2013.","og_url":"https:\/\/www.reconoce.mx\/?p=15965","og_site_name":"Reconoce MX","article_publisher":"https:\/\/es-la.facebook.com\/ReconoceMX\/","article_published_time":"2013-01-01T07:00:11+00:00","article_modified_time":"2013-01-07T07:51:01+00:00","og_image":[{"width":649,"height":301,"url":"https:\/\/www.reconoce.mx\/wp-content\/uploads\/nebulosa-orion.png","type":"image\/png"}],"author":"Reconoce MX","twitter_card":"summary_large_image","twitter_creator":"@reconocemx","twitter_site":"@reconocemx","twitter_misc":{"Escrito por":"Reconoce MX","Tiempo de lectura":"5 minutos"},"schema":{"@context":"https:\/\/schema.org","@graph":[{"@type":"Article","@id":"https:\/\/www.reconoce.mx\/?p=15965#article","isPartOf":{"@id":"https:\/\/www.reconoce.mx\/?p=15965"},"author":{"name":"Reconoce MX","@id":"http:\/\/www.reconoce.mx\/#\/schema\/person\/2117e997d7051dc15d6880eaf9bca0b2"},"headline":"Calendario Astron\u00f3mico 2013","datePublished":"2013-01-01T07:00:11+00:00","dateModified":"2013-01-07T07:51:01+00:00","mainEntityOfPage":{"@id":"https:\/\/www.reconoce.mx\/?p=15965"},"wordCount":1090,"commentCount":0,"publisher":{"@id":"http:\/\/www.reconoce.mx\/#organization"},"image":{"@id":"https:\/\/www.reconoce.mx\/?p=15965#primaryimage"},"thumbnailUrl":"http:\/\/www.reconoce.mx\/wp-content\/uploads\/nebulosa-orion.png","keywords":["Astronom\u00eda","Calendario Astron\u00f3mico 2013","estrellas","eventos astron\u00f3micos","planetas","Universo"],"articleSection":["Ciencia y Tecnolog\u00eda","Universo"],"inLanguage":"es","potentialAction":[{"@type":"CommentAction","name":"Comment","target":["https:\/\/www.reconoce.mx\/?p=15965#respond"]}]},{"@type":"WebPage","@id":"https:\/\/www.reconoce.mx\/?p=15965","url":"https:\/\/www.reconoce.mx\/?p=15965","name":"Calendario Astron\u00f3mico 2013 &#171; Reconoce MX","isPartOf":{"@id":"http:\/\/www.reconoce.mx\/#website"},"primaryImageOfPage":{"@id":"https:\/\/www.reconoce.mx\/?p=15965#primaryimage"},"image":{"@id":"https:\/\/www.reconoce.mx\/?p=15965#primaryimage"},"thumbnailUrl":"http:\/\/www.reconoce.mx\/wp-content\/uploads\/nebulosa-orion.png","datePublished":"2013-01-01T07:00:11+00:00","dateModified":"2013-01-07T07:51:01+00:00","breadcrumb":{"@id":"https:\/\/www.reconoce.mx\/?p=15965#breadcrumb"},"inLanguage":"es","potentialAction":[{"@type":"ReadAction","target":["https:\/\/www.reconoce.mx\/?p=15965"]}]},{"@type":"ImageObject","inLanguage":"es","@id":"https:\/\/www.reconoce.mx\/?p=15965#primaryimage","url":"http:\/\/www.reconoce.mx\/wp-content\/uploads\/nebulosa-orion.png","contentUrl":"http:\/\/www.reconoce.mx\/wp-content\/uploads\/nebulosa-orion.png","width":649,"height":301,"caption":"Gran Nebulosa de Ori\u00f3n (Cortes\u00eda de C\u00e9sar Cant\u00fa)."},{"@type":"BreadcrumbList","@id":"https:\/\/www.reconoce.mx\/?p=15965#breadcrumb","itemListElement":[{"@type":"ListItem","position":1,"name":"Portada","item":"http:\/\/www.reconoce.mx\/"},{"@type":"ListItem","position":2,"name":"Calendario Astron\u00f3mico 2013"}]},{"@type":"WebSite","@id":"http:\/\/www.reconoce.mx\/#website","url":"http:\/\/www.reconoce.mx\/","name":"Reconoce MX","description":"En Reconoce MX difundimos arte, cultura y conciencia social en M\u00e9xico. Tu ciudad en otra perspectiva.","publisher":{"@id":"http:\/\/www.reconoce.mx\/#organization"},"potentialAction":[{"@type":"SearchAction","target":{"@type":"EntryPoint","urlTemplate":"http:\/\/www.reconoce.mx\/?s={search_term_string}"},"query-input":{"@type":"PropertyValueSpecification","valueRequired":true,"valueName":"search_term_string"}}],"inLanguage":"es"},{"@type":"Organization","@id":"http:\/\/www.reconoce.mx\/#organization","name":"Reconoce MX","url":"http:\/\/www.reconoce.mx\/","logo":{"@type":"ImageObject","inLanguage":"es","@id":"http:\/\/www.reconoce.mx\/#\/schema\/logo\/image\/","url":"https:\/\/www.reconoce.mx\/wp-content\/uploads\/2019\/03\/logorcmx-good-1.png","contentUrl":"https:\/\/www.reconoce.mx\/wp-content\/uploads\/2019\/03\/logorcmx-good-1.png","width":280,"height":90,"caption":"Reconoce MX"},"image":{"@id":"http:\/\/www.reconoce.mx\/#\/schema\/logo\/image\/"},"sameAs":["https:\/\/es-la.facebook.com\/ReconoceMX\/","https:\/\/x.com\/reconocemx","http:\/\/@reconocemx"]},{"@type":"Person","@id":"http:\/\/www.reconoce.mx\/#\/schema\/person\/2117e997d7051dc15d6880eaf9bca0b2","name":"Reconoce MX","image":{"@type":"ImageObject","inLanguage":"es","@id":"http:\/\/www.reconoce.mx\/#\/schema\/person\/image\/","url":"https:\/\/secure.gravatar.com\/avatar\/6c8d4dc7569ca1c90c5fdcc349f839d5ddef6fe1e70b4337ead2ef1a4c43fc3a?s=96&d=identicon&r=g","contentUrl":"https:\/\/secure.gravatar.com\/avatar\/6c8d4dc7569ca1c90c5fdcc349f839d5ddef6fe1e70b4337ead2ef1a4c43fc3a?s=96&d=identicon&r=g","caption":"Reconoce MX"},"description":"Reconoce MX es un proyecto de difusi\u00f3n art\u00edstica, cultural y de conciencia social que est\u00e1 enfocado a difundir y fomentar el entretenimiento alternativo de calidad para todo el p\u00fablico que comparta el mismo entusiasmo.","sameAs":["http:\/\/www.reconoce.mx"],"url":"http:\/\/www.reconoce.mx\/?author=2"}]}},"_links":{"self":[{"href":"http:\/\/www.reconoce.mx\/index.php?rest_route=\/wp\/v2\/posts\/15965","targetHints":{"allow":["GET"]}}],"collection":[{"href":"http:\/\/www.reconoce.mx\/index.php?rest_route=\/wp\/v2\/posts"}],"about":[{"href":"http:\/\/www.reconoce.mx\/index.php?rest_route=\/wp\/v2\/types\/post"}],"author":[{"embeddable":true,"href":"http:\/\/www.reconoce.mx\/index.php?rest_route=\/wp\/v2\/users\/2"}],"replies":[{"embeddable":true,"href":"http:\/\/www.reconoce.mx\/index.php?rest_route=%2Fwp%2Fv2%2Fcomments&post=15965"}],"version-history":[{"count":13,"href":"http:\/\/www.reconoce.mx\/index.php?rest_route=\/wp\/v2\/posts\/15965\/revisions"}],"predecessor-version":[{"id":16050,"href":"http:\/\/www.reconoce.mx\/index.php?rest_route=\/wp\/v2\/posts\/15965\/revisions\/16050"}],"wp:featuredmedia":[{"embeddable":true,"href":"http:\/\/www.reconoce.mx\/index.php?rest_route=\/wp\/v2\/media\/15967"}],"wp:attachment":[{"href":"http:\/\/www.reconoce.mx\/index.php?rest_route=%2Fwp%2Fv2%2Fmedia&parent=15965"}],"wp:term":[{"taxonomy":"category","embeddable":true,"href":"http:\/\/www.reconoce.mx\/index.php?rest_route=%2Fwp%2Fv2%2Fcategories&post=15965"},{"taxonomy":"post_tag","embeddable":true,"href":"http:\/\/www.reconoce.mx\/index.php?rest_route=%2Fwp%2Fv2%2Ftags&post=15965"}],"curies":[{"name":"wp","href":"https:\/\/api.w.org\/{rel}","templated":true}]}}