{"id":16646,"date":"2013-01-31T02:00:20","date_gmt":"2013-01-31T08:00:20","guid":{"rendered":"http:\/\/www.reconoce.mx\/?p=16646"},"modified":"2013-02-07T15:27:19","modified_gmt":"2013-02-07T21:27:19","slug":"maquillando-la-realidad","status":"publish","type":"post","link":"http:\/\/www.reconoce.mx\/?p=16646","title":{"rendered":"Maquillando la realidad"},"content":{"rendered":"<ul id=\"botones-home\">\n<li><script type=\"text\/javascript\" src=\"https:\/\/apis.google.com\/js\/plusone.js\"><\/script><g:plusone width=\"55\" height=\"20\" href=\"http:\/\/www.reconoce.mx\/maquillando-la-realidad\/\"><\/g:plusone><\/li>\n<li><a href=\"http:\/\/twitter.com\/share\" class=\"twitter-share-button\" data-url=\"http:\/\/www.reconoce.mx\/maquillando-la-realidad\/\" data-count=\"horizontal\" data-via=\"reconocemx\" data-lang=\"es\">Tweet<\/a><script type=\"text\/javascript\" src=\"http:\/\/platform.twitter.com\/widgets.js\"><\/script><\/li>\n<div class=\"fb-like\" data-href=\"http:\/\/www.reconoce.mx\/maquillando-la-realidad\/\" data-send=\"true\" data-width=\"450\" data-show-faces=\"true\"><\/div>\n<p><strong>Por <a title=\"@Ari_MtzG\" href=\"https:\/\/twitter.com\/#%21\/Ari_MtzG\" target=\"_blank\">Aranzaz\u00fa Mart\u00ednez Galeana<\/a><\/strong>.<\/p>\n<p>Hace poco m\u00e1s de dos meses que Enrique Pe\u00f1a Nieto asumi\u00f3 la presidencia, y pese a mi negativa de considerarlo a la altura, las cosas est\u00e1n cambiando. O bueno, al menos eso parece. S\u00ed, puede sonar sumamente prematuro pero, al menos, superficialmente los encabezados han dejado de ser tan dram\u00e1ticos como el sexenio pasado y en las noticias \u2013de televisi\u00f3n abierta- <strong>se percibe un aire de optimismo francamente contagioso pero tambi\u00e9n insultante<\/strong>. Personalmente considero que existe una delgada l\u00ednea entre buscar inyectar esperanza a una poblaci\u00f3n desesperanzada y harta de una clase pol\u00edtica desorientada y avariciosa, y el simular realidades que en lugar de dar direcci\u00f3n, la esconden.<\/p>\n<div id=\"attachment_16647\" style=\"width: 610px\" class=\"wp-caption aligncenter\"><a href=\"http:\/\/www.reconoce.mx\/wp-content\/uploads\/maquillaje.png\"><img loading=\"lazy\" decoding=\"async\" aria-describedby=\"caption-attachment-16647\" class=\"size-full wp-image-16647\" title=\"Maquillando la realidad.\" src=\"http:\/\/www.reconoce.mx\/wp-content\/uploads\/maquillaje.png\" alt=\"Maquillando la realidad.\" width=\"600\" height=\"275\" \/><\/a><p id=\"caption-attachment-16647\" class=\"wp-caption-text\">Maquillando la realidad.<\/p><\/div>\n<p><!--more-->Para muestra, el legado dejado por el gobierno calderonista en materia de Derechos Humanos. El balance en este tema es contundente m\u00e1s all\u00e1 de que las cifras tienden a variar de fuente a fuente (por ejemplo, <a title=\"Calder\u00f3n, la tragedia en derechos humanos\" href=\"http:\/\/eleconomista.com.mx\/sociedad\/2012\/11\/19\/calderon-tragedia-derechos-humanos\" target=\"_blank\">seg\u00fan datos de Organizaciones de la Sociedad Civil<\/a>, <strong>se han contabilizado 80,000 muertos, 250,00 desplazados de manera forzada, 30,000 desaparecidos, 20,000 hu\u00e9rfanos y 5,000 ni\u00f1os asesinados<\/strong>). Y siguiendo <a title=\"Deja Calder\u00f3n balance negativo en Derechos Humanos: Ombudsman\" href=\"http:\/\/puebla.milenio.com\/cdb\/doc\/noticias2011\/5118e8f851051aafbb05375db4f11531\" target=\"_blank\">la idea del presidente de\u00a0 la Comisi\u00f3n Nacional de Derechos Humanos, Ra\u00fal Plascencia Villanueva<\/a>: \u201c<em>Lamentablemente, todos los indicadores se fueron a la alza en materia de violaciones a los derechos humanos y esto ser\u00e1 algo que el <\/em><em>nuevo<\/em><em> <\/em><em>gobierno deber\u00e1 tomar muy en cuenta, para prevenirlo<\/em>\u201d. <strong>\u00bfPero en verdad se est\u00e1\u00a0 buscando prevenir o al menos saldar las cuentas pendientes dejadas por la administraci\u00f3n pasada?<\/strong><\/p>\n<p>Organizaciones como Amnist\u00eda Internacional, la Organizaci\u00f3n Mundial contra la Tortura, el Centro por la Justicia y el Derecho Internacional, la <em>Association for Women Right&#8217;s in Development <\/em>y Art\u00edculo 19 consideran que no se ha hecho lo suficiente.<a title=\"Organizaciones humanitarias exigen a EPN cumplir sentencias de la CoIDH\" href=\"http:\/\/www.proceso.com.mx\/?p=331610\" target=\"_blank\"> En el caso concreto de las fallos contra M\u00e9xico emitidos por la Corte Interamericana de Derechos Humanos<\/a> (en especial aquellos que involucraban violaciones por parte de las fuerzas armadas y que no fueron acatados en su totalidad), el presidente Enrique Pe\u00f1a Nieto no ha realizado comentario alguno. \u00bfMi apuesta? No lo har\u00e1 a corto plazo porque <strong>la fr\u00e1gil \u00a0puesta en escena que ha buscado transmitir desde su campa\u00f1a es demasiado perfecta y esperanzadora para ser manchada por temas \u201ccolaterales\u201d<\/strong> como los Derechos Humanos.<\/p>\n<p><strong>La grav\u00edsima situaci\u00f3n que dej\u00f3 Calder\u00f3n simple y sencillamente no puede ser minimizada <\/strong>ni menos a\u00fan disfrazada con promesas vac\u00edas, reflectores con el sello de la televisora de San \u00c1ngel y un discurso acartonado digno de una telenovela de los cincuenta. M\u00e9xico m\u00e1s que ser una ficci\u00f3n que se empe\u00f1a en ser limitada al libreto pri\u00edsta, es un pa\u00eds impregnado de una realidad abrumadora que necesita acciones concretas y no una propaganda mediatizada y err\u00f3nea. Una de las posibles alternativas que como ciudadanos tenemos es la exigencia de una rendici\u00f3n de cuentas certera. \u00c9sta no deber\u00eda ser \u00fanicamente realizada desde un gobierno que es juez y parte, tendr\u00eda que ser promovida desde la sociedad civil ya que las heridas contin\u00faan demasiado frescas para simplemente cambiar la p\u00e1gina o prender la televisi\u00f3n y ser bombardeados de un mundo de color rosa que hace mucho que dist\u00f3 de serlo.<strong> Hagamos un esfuerzo excepcional y negu\u00e9monos a aceptar una realidad pintarrajeada de falsedad<\/strong>. Vayamos en contra del precepto que reza que en M\u00e9xico no se tiene memoria, porque tenemos y mucha.<\/p>\n<p>&nbsp;<\/p>\n<p>&nbsp;<\/p>\n<div>\n<div><\/div>\n<\/div>\n","protected":false},"excerpt":{"rendered":"<p>Hace poco m\u00e1s de dos meses que Enrique Pe\u00f1a Nieto asumi\u00f3 la presidencia, y pese a mi negativa de considerarlo a la altura, las cosas est\u00e1n cambiando. <\/p>\n","protected":false},"author":2,"featured_media":16647,"comment_status":"open","ping_status":"open","sticky":false,"template":"","format":"standard","meta":{"footnotes":""},"categories":[43,275],"tags":[1026,331,924,1926,1048,1049],"class_list":["post-16646","post","type-post","status-publish","format-standard","has-post-thumbnail","hentry","category-conciencia","category-derechos-humanos","tag-amnistia-internacional","tag-derechos-humanos-2","tag-enrique-pena-nieto","tag-maquillando-la-realidad","tag-presidencia","tag-presidente"],"yoast_head":"<!-- This site is optimized with the Yoast SEO plugin v24.7 - https:\/\/yoast.com\/wordpress\/plugins\/seo\/ -->\n<title>Maquillando la realidad &#171; Reconoce MX<\/title>\n<meta name=\"robots\" content=\"index, follow, max-snippet:-1, max-image-preview:large, max-video-preview:-1\" \/>\n<link rel=\"canonical\" href=\"https:\/\/www.reconoce.mx\/?p=16646\" \/>\n<meta property=\"og:locale\" content=\"es_ES\" \/>\n<meta property=\"og:type\" content=\"article\" \/>\n<meta property=\"og:title\" content=\"Maquillando la realidad &#171; Reconoce MX\" \/>\n<meta property=\"og:description\" content=\"Hace poco m\u00e1s de dos meses que Enrique Pe\u00f1a Nieto asumi\u00f3 la presidencia, y pese a mi negativa de considerarlo a la altura, las cosas est\u00e1n cambiando.\" \/>\n<meta property=\"og:url\" content=\"https:\/\/www.reconoce.mx\/?p=16646\" \/>\n<meta property=\"og:site_name\" content=\"Reconoce MX\" \/>\n<meta property=\"article:publisher\" content=\"https:\/\/es-la.facebook.com\/ReconoceMX\/\" \/>\n<meta property=\"article:published_time\" content=\"2013-01-31T08:00:20+00:00\" \/>\n<meta property=\"article:modified_time\" content=\"2013-02-07T21:27:19+00:00\" \/>\n<meta property=\"og:image\" content=\"https:\/\/www.reconoce.mx\/wp-content\/uploads\/maquillaje.png\" \/>\n\t<meta property=\"og:image:width\" content=\"649\" \/>\n\t<meta property=\"og:image:height\" content=\"301\" \/>\n\t<meta property=\"og:image:type\" content=\"image\/png\" \/>\n<meta name=\"author\" content=\"Reconoce MX\" \/>\n<meta name=\"twitter:card\" content=\"summary_large_image\" \/>\n<meta name=\"twitter:creator\" content=\"@reconocemx\" \/>\n<meta name=\"twitter:site\" content=\"@reconocemx\" \/>\n<meta name=\"twitter:label1\" content=\"Escrito por\" \/>\n\t<meta name=\"twitter:data1\" content=\"Reconoce MX\" \/>\n\t<meta name=\"twitter:label2\" content=\"Tiempo de lectura\" \/>\n\t<meta name=\"twitter:data2\" content=\"3 minutos\" \/>\n<script type=\"application\/ld+json\" class=\"yoast-schema-graph\">{\"@context\":\"https:\/\/schema.org\",\"@graph\":[{\"@type\":\"Article\",\"@id\":\"https:\/\/www.reconoce.mx\/?p=16646#article\",\"isPartOf\":{\"@id\":\"https:\/\/www.reconoce.mx\/?p=16646\"},\"author\":{\"name\":\"Reconoce MX\",\"@id\":\"http:\/\/www.reconoce.mx\/#\/schema\/person\/2117e997d7051dc15d6880eaf9bca0b2\"},\"headline\":\"Maquillando la realidad\",\"datePublished\":\"2013-01-31T08:00:20+00:00\",\"dateModified\":\"2013-02-07T21:27:19+00:00\",\"mainEntityOfPage\":{\"@id\":\"https:\/\/www.reconoce.mx\/?p=16646\"},\"wordCount\":595,\"commentCount\":2,\"publisher\":{\"@id\":\"http:\/\/www.reconoce.mx\/#organization\"},\"image\":{\"@id\":\"https:\/\/www.reconoce.mx\/?p=16646#primaryimage\"},\"thumbnailUrl\":\"http:\/\/www.reconoce.mx\/wp-content\/uploads\/maquillaje.png\",\"keywords\":[\"Amnist\u00eda Internacional\",\"derechos humanos\",\"Enrique Pe\u00f1a Nieto\",\"Maquillando la realidad\",\"presidencia\",\"presidente\"],\"articleSection\":[\"Conciencia\",\"Derechos Humanos\"],\"inLanguage\":\"es\",\"potentialAction\":[{\"@type\":\"CommentAction\",\"name\":\"Comment\",\"target\":[\"https:\/\/www.reconoce.mx\/?p=16646#respond\"]}]},{\"@type\":\"WebPage\",\"@id\":\"https:\/\/www.reconoce.mx\/?p=16646\",\"url\":\"https:\/\/www.reconoce.mx\/?p=16646\",\"name\":\"Maquillando la realidad &#171; Reconoce MX\",\"isPartOf\":{\"@id\":\"http:\/\/www.reconoce.mx\/#website\"},\"primaryImageOfPage\":{\"@id\":\"https:\/\/www.reconoce.mx\/?p=16646#primaryimage\"},\"image\":{\"@id\":\"https:\/\/www.reconoce.mx\/?p=16646#primaryimage\"},\"thumbnailUrl\":\"http:\/\/www.reconoce.mx\/wp-content\/uploads\/maquillaje.png\",\"datePublished\":\"2013-01-31T08:00:20+00:00\",\"dateModified\":\"2013-02-07T21:27:19+00:00\",\"breadcrumb\":{\"@id\":\"https:\/\/www.reconoce.mx\/?p=16646#breadcrumb\"},\"inLanguage\":\"es\",\"potentialAction\":[{\"@type\":\"ReadAction\",\"target\":[\"https:\/\/www.reconoce.mx\/?p=16646\"]}]},{\"@type\":\"ImageObject\",\"inLanguage\":\"es\",\"@id\":\"https:\/\/www.reconoce.mx\/?p=16646#primaryimage\",\"url\":\"http:\/\/www.reconoce.mx\/wp-content\/uploads\/maquillaje.png\",\"contentUrl\":\"http:\/\/www.reconoce.mx\/wp-content\/uploads\/maquillaje.png\",\"width\":649,\"height\":301,\"caption\":\"Maquillando la realidad.\"},{\"@type\":\"BreadcrumbList\",\"@id\":\"https:\/\/www.reconoce.mx\/?p=16646#breadcrumb\",\"itemListElement\":[{\"@type\":\"ListItem\",\"position\":1,\"name\":\"Portada\",\"item\":\"http:\/\/www.reconoce.mx\/\"},{\"@type\":\"ListItem\",\"position\":2,\"name\":\"Maquillando la realidad\"}]},{\"@type\":\"WebSite\",\"@id\":\"http:\/\/www.reconoce.mx\/#website\",\"url\":\"http:\/\/www.reconoce.mx\/\",\"name\":\"Reconoce MX\",\"description\":\"En Reconoce MX difundimos arte, cultura y conciencia social en M\u00e9xico. Tu ciudad en otra perspectiva.\",\"publisher\":{\"@id\":\"http:\/\/www.reconoce.mx\/#organization\"},\"potentialAction\":[{\"@type\":\"SearchAction\",\"target\":{\"@type\":\"EntryPoint\",\"urlTemplate\":\"http:\/\/www.reconoce.mx\/?s={search_term_string}\"},\"query-input\":{\"@type\":\"PropertyValueSpecification\",\"valueRequired\":true,\"valueName\":\"search_term_string\"}}],\"inLanguage\":\"es\"},{\"@type\":\"Organization\",\"@id\":\"http:\/\/www.reconoce.mx\/#organization\",\"name\":\"Reconoce MX\",\"url\":\"http:\/\/www.reconoce.mx\/\",\"logo\":{\"@type\":\"ImageObject\",\"inLanguage\":\"es\",\"@id\":\"http:\/\/www.reconoce.mx\/#\/schema\/logo\/image\/\",\"url\":\"https:\/\/www.reconoce.mx\/wp-content\/uploads\/2019\/03\/logorcmx-good-1.png\",\"contentUrl\":\"https:\/\/www.reconoce.mx\/wp-content\/uploads\/2019\/03\/logorcmx-good-1.png\",\"width\":280,\"height\":90,\"caption\":\"Reconoce MX\"},\"image\":{\"@id\":\"http:\/\/www.reconoce.mx\/#\/schema\/logo\/image\/\"},\"sameAs\":[\"https:\/\/es-la.facebook.com\/ReconoceMX\/\",\"https:\/\/x.com\/reconocemx\",\"http:\/\/@reconocemx\"]},{\"@type\":\"Person\",\"@id\":\"http:\/\/www.reconoce.mx\/#\/schema\/person\/2117e997d7051dc15d6880eaf9bca0b2\",\"name\":\"Reconoce MX\",\"image\":{\"@type\":\"ImageObject\",\"inLanguage\":\"es\",\"@id\":\"http:\/\/www.reconoce.mx\/#\/schema\/person\/image\/\",\"url\":\"https:\/\/secure.gravatar.com\/avatar\/6c8d4dc7569ca1c90c5fdcc349f839d5ddef6fe1e70b4337ead2ef1a4c43fc3a?s=96&d=identicon&r=g\",\"contentUrl\":\"https:\/\/secure.gravatar.com\/avatar\/6c8d4dc7569ca1c90c5fdcc349f839d5ddef6fe1e70b4337ead2ef1a4c43fc3a?s=96&d=identicon&r=g\",\"caption\":\"Reconoce MX\"},\"description\":\"Reconoce MX es un proyecto de difusi\u00f3n art\u00edstica, cultural y de conciencia social que est\u00e1 enfocado a difundir y fomentar el entretenimiento alternativo de calidad para todo el p\u00fablico que comparta el mismo entusiasmo.\",\"sameAs\":[\"http:\/\/www.reconoce.mx\"],\"url\":\"http:\/\/www.reconoce.mx\/?author=2\"}]}<\/script>\n<!-- \/ Yoast SEO plugin. -->","yoast_head_json":{"title":"Maquillando la realidad &#171; Reconoce MX","robots":{"index":"index","follow":"follow","max-snippet":"max-snippet:-1","max-image-preview":"max-image-preview:large","max-video-preview":"max-video-preview:-1"},"canonical":"https:\/\/www.reconoce.mx\/?p=16646","og_locale":"es_ES","og_type":"article","og_title":"Maquillando la realidad &#171; Reconoce MX","og_description":"Hace poco m\u00e1s de dos meses que Enrique Pe\u00f1a Nieto asumi\u00f3 la presidencia, y pese a mi negativa de considerarlo a la altura, las cosas est\u00e1n cambiando.","og_url":"https:\/\/www.reconoce.mx\/?p=16646","og_site_name":"Reconoce MX","article_publisher":"https:\/\/es-la.facebook.com\/ReconoceMX\/","article_published_time":"2013-01-31T08:00:20+00:00","article_modified_time":"2013-02-07T21:27:19+00:00","og_image":[{"width":649,"height":301,"url":"https:\/\/www.reconoce.mx\/wp-content\/uploads\/maquillaje.png","type":"image\/png"}],"author":"Reconoce MX","twitter_card":"summary_large_image","twitter_creator":"@reconocemx","twitter_site":"@reconocemx","twitter_misc":{"Escrito por":"Reconoce MX","Tiempo de lectura":"3 minutos"},"schema":{"@context":"https:\/\/schema.org","@graph":[{"@type":"Article","@id":"https:\/\/www.reconoce.mx\/?p=16646#article","isPartOf":{"@id":"https:\/\/www.reconoce.mx\/?p=16646"},"author":{"name":"Reconoce MX","@id":"http:\/\/www.reconoce.mx\/#\/schema\/person\/2117e997d7051dc15d6880eaf9bca0b2"},"headline":"Maquillando la realidad","datePublished":"2013-01-31T08:00:20+00:00","dateModified":"2013-02-07T21:27:19+00:00","mainEntityOfPage":{"@id":"https:\/\/www.reconoce.mx\/?p=16646"},"wordCount":595,"commentCount":2,"publisher":{"@id":"http:\/\/www.reconoce.mx\/#organization"},"image":{"@id":"https:\/\/www.reconoce.mx\/?p=16646#primaryimage"},"thumbnailUrl":"http:\/\/www.reconoce.mx\/wp-content\/uploads\/maquillaje.png","keywords":["Amnist\u00eda Internacional","derechos humanos","Enrique Pe\u00f1a Nieto","Maquillando la realidad","presidencia","presidente"],"articleSection":["Conciencia","Derechos Humanos"],"inLanguage":"es","potentialAction":[{"@type":"CommentAction","name":"Comment","target":["https:\/\/www.reconoce.mx\/?p=16646#respond"]}]},{"@type":"WebPage","@id":"https:\/\/www.reconoce.mx\/?p=16646","url":"https:\/\/www.reconoce.mx\/?p=16646","name":"Maquillando la realidad &#171; Reconoce MX","isPartOf":{"@id":"http:\/\/www.reconoce.mx\/#website"},"primaryImageOfPage":{"@id":"https:\/\/www.reconoce.mx\/?p=16646#primaryimage"},"image":{"@id":"https:\/\/www.reconoce.mx\/?p=16646#primaryimage"},"thumbnailUrl":"http:\/\/www.reconoce.mx\/wp-content\/uploads\/maquillaje.png","datePublished":"2013-01-31T08:00:20+00:00","dateModified":"2013-02-07T21:27:19+00:00","breadcrumb":{"@id":"https:\/\/www.reconoce.mx\/?p=16646#breadcrumb"},"inLanguage":"es","potentialAction":[{"@type":"ReadAction","target":["https:\/\/www.reconoce.mx\/?p=16646"]}]},{"@type":"ImageObject","inLanguage":"es","@id":"https:\/\/www.reconoce.mx\/?p=16646#primaryimage","url":"http:\/\/www.reconoce.mx\/wp-content\/uploads\/maquillaje.png","contentUrl":"http:\/\/www.reconoce.mx\/wp-content\/uploads\/maquillaje.png","width":649,"height":301,"caption":"Maquillando la realidad."},{"@type":"BreadcrumbList","@id":"https:\/\/www.reconoce.mx\/?p=16646#breadcrumb","itemListElement":[{"@type":"ListItem","position":1,"name":"Portada","item":"http:\/\/www.reconoce.mx\/"},{"@type":"ListItem","position":2,"name":"Maquillando la realidad"}]},{"@type":"WebSite","@id":"http:\/\/www.reconoce.mx\/#website","url":"http:\/\/www.reconoce.mx\/","name":"Reconoce MX","description":"En Reconoce MX difundimos arte, cultura y conciencia social en M\u00e9xico. Tu ciudad en otra perspectiva.","publisher":{"@id":"http:\/\/www.reconoce.mx\/#organization"},"potentialAction":[{"@type":"SearchAction","target":{"@type":"EntryPoint","urlTemplate":"http:\/\/www.reconoce.mx\/?s={search_term_string}"},"query-input":{"@type":"PropertyValueSpecification","valueRequired":true,"valueName":"search_term_string"}}],"inLanguage":"es"},{"@type":"Organization","@id":"http:\/\/www.reconoce.mx\/#organization","name":"Reconoce MX","url":"http:\/\/www.reconoce.mx\/","logo":{"@type":"ImageObject","inLanguage":"es","@id":"http:\/\/www.reconoce.mx\/#\/schema\/logo\/image\/","url":"https:\/\/www.reconoce.mx\/wp-content\/uploads\/2019\/03\/logorcmx-good-1.png","contentUrl":"https:\/\/www.reconoce.mx\/wp-content\/uploads\/2019\/03\/logorcmx-good-1.png","width":280,"height":90,"caption":"Reconoce MX"},"image":{"@id":"http:\/\/www.reconoce.mx\/#\/schema\/logo\/image\/"},"sameAs":["https:\/\/es-la.facebook.com\/ReconoceMX\/","https:\/\/x.com\/reconocemx","http:\/\/@reconocemx"]},{"@type":"Person","@id":"http:\/\/www.reconoce.mx\/#\/schema\/person\/2117e997d7051dc15d6880eaf9bca0b2","name":"Reconoce MX","image":{"@type":"ImageObject","inLanguage":"es","@id":"http:\/\/www.reconoce.mx\/#\/schema\/person\/image\/","url":"https:\/\/secure.gravatar.com\/avatar\/6c8d4dc7569ca1c90c5fdcc349f839d5ddef6fe1e70b4337ead2ef1a4c43fc3a?s=96&d=identicon&r=g","contentUrl":"https:\/\/secure.gravatar.com\/avatar\/6c8d4dc7569ca1c90c5fdcc349f839d5ddef6fe1e70b4337ead2ef1a4c43fc3a?s=96&d=identicon&r=g","caption":"Reconoce MX"},"description":"Reconoce MX es un proyecto de difusi\u00f3n art\u00edstica, cultural y de conciencia social que est\u00e1 enfocado a difundir y fomentar el entretenimiento alternativo de calidad para todo el p\u00fablico que comparta el mismo entusiasmo.","sameAs":["http:\/\/www.reconoce.mx"],"url":"http:\/\/www.reconoce.mx\/?author=2"}]}},"_links":{"self":[{"href":"http:\/\/www.reconoce.mx\/index.php?rest_route=\/wp\/v2\/posts\/16646","targetHints":{"allow":["GET"]}}],"collection":[{"href":"http:\/\/www.reconoce.mx\/index.php?rest_route=\/wp\/v2\/posts"}],"about":[{"href":"http:\/\/www.reconoce.mx\/index.php?rest_route=\/wp\/v2\/types\/post"}],"author":[{"embeddable":true,"href":"http:\/\/www.reconoce.mx\/index.php?rest_route=\/wp\/v2\/users\/2"}],"replies":[{"embeddable":true,"href":"http:\/\/www.reconoce.mx\/index.php?rest_route=%2Fwp%2Fv2%2Fcomments&post=16646"}],"version-history":[{"count":11,"href":"http:\/\/www.reconoce.mx\/index.php?rest_route=\/wp\/v2\/posts\/16646\/revisions"}],"predecessor-version":[{"id":25876,"href":"http:\/\/www.reconoce.mx\/index.php?rest_route=\/wp\/v2\/posts\/16646\/revisions\/25876"}],"wp:featuredmedia":[{"embeddable":true,"href":"http:\/\/www.reconoce.mx\/index.php?rest_route=\/wp\/v2\/media\/16647"}],"wp:attachment":[{"href":"http:\/\/www.reconoce.mx\/index.php?rest_route=%2Fwp%2Fv2%2Fmedia&parent=16646"}],"wp:term":[{"taxonomy":"category","embeddable":true,"href":"http:\/\/www.reconoce.mx\/index.php?rest_route=%2Fwp%2Fv2%2Fcategories&post=16646"},{"taxonomy":"post_tag","embeddable":true,"href":"http:\/\/www.reconoce.mx\/index.php?rest_route=%2Fwp%2Fv2%2Ftags&post=16646"}],"curies":[{"name":"wp","href":"https:\/\/api.w.org\/{rel}","templated":true}]}}