{"id":17306,"date":"2013-03-05T04:00:00","date_gmt":"2013-03-05T10:00:00","guid":{"rendered":"http:\/\/www.reconoce.mx\/?p=17306"},"modified":"2013-03-12T01:51:20","modified_gmt":"2013-03-12T07:51:20","slug":"arte-popular-reflejo-de-mi-cultura","status":"publish","type":"post","link":"http:\/\/www.reconoce.mx\/?p=17306","title":{"rendered":"Arte popular, reflejo de mi cultura"},"content":{"rendered":"<ul id=\"botones-home\">\n<li><script type=\"text\/javascript\" src=\"https:\/\/apis.google.com\/js\/plusone.js\"><\/script><g:plusone width=\"55\" height=\"20\" href=\"http:\/\/www.reconoce.mx\/arte-popular-reflejo-de-mi-cultura\/\"><\/g:plusone><\/li>\n<li><a href=\"http:\/\/twitter.com\/share\" class=\"twitter-share-button\" data-url=\"http:\/\/www.reconoce.mx\/arte-popular-reflejo-de-mi-cultura\/\" data-count=\"horizontal\" data-via=\"reconocemx\" data-lang=\"es\">Tweet<\/a><script type=\"text\/javascript\" src=\"http:\/\/platform.twitter.com\/widgets.js\"><\/script><\/li>\n<div class=\"fb-like\" data-href=\"http:\/\/www.reconoce.mx\/arte-popular-reflejo-de-mi-cultura\/\" data-send=\"true\" data-width=\"450\" data-show-faces=\"true\"><\/div>\n<p><strong>Por\u00a0<a title=\"@chiovc\" href=\"https:\/\/twitter.com\/chiovc\" target=\"_blank\">Roc\u00edo Valderr\u00e1bano Cabrera<\/a><\/strong>.<\/p>\n<p>\u00bfQu\u00e9 es el arte popular? <strong>\u00bfAcaso hay objetos que pueden describir a una comunidad?<\/strong> La respuesta a estas preguntas las puedes encontrar visitando el Museo de Arte Popular, recomendaci\u00f3n de la semana en <span style=\"color: #800000;\"><strong>Reconoce MX<\/strong><\/span>.<\/p>\n<div id=\"attachment_17307\" style=\"width: 610px\" class=\"wp-caption aligncenter\"><a href=\"http:\/\/www.reconoce.mx\/wp-content\/uploads\/map.png\"><img loading=\"lazy\" decoding=\"async\" aria-describedby=\"caption-attachment-17307\" class=\"size-full wp-image-17307\" alt=\"Arte popular, reflejo de mi cultura.\" src=\"http:\/\/www.reconoce.mx\/wp-content\/uploads\/map.png\" width=\"600\" height=\"275\" \/><\/a><p id=\"caption-attachment-17307\" class=\"wp-caption-text\">Arte popular, reflejo de mi cultura.<\/p><\/div>\n<p><!--more-->A trav\u00e9s de un recorrido por varias salas,<strong> el museo re\u00fane piezas elaboradas desde la \u00e9poca prehisp\u00e1nica hasta la actualidad<\/strong>, provenientes de todas partes de la rep\u00fablica, mismas que nos permiten entender c\u00f3mo se ha forjado la identidad de nuestra sociedad.<\/p>\n<p>En este lugar podemos apreciar la gran diversidad art\u00edstica y cultural de las diferentes regiones del pa\u00eds.<strong> Aqu\u00ed no importa el tama\u00f1o de las obras, ni quien la realiz\u00f3<\/strong>. Lo que realmente sobresale es la creatividad y la capacidad que tenemos para explicar nuestra historia y nuestra costumbres.<\/p>\n<p>Para muestra, basta con observar los peque\u00f1os objetos de uso cotidiano, que van <strong>desde utensilios de cocina, hasta prendas de vestir<\/strong>, los cuales conviven con otros que han sido usados para interpretar hechos fant\u00e1sticos y religiosos; por mencionar s\u00f3lo algunos.<\/p>\n<p>Sin embargo, esto no es lo \u00fanico que puedes ver en el MAP. Aprovechando tu visita, <strong>no dejes de recorrer la exposici\u00f3n temporal dedicada a Yolanda Vargas Dulch\u00e9, <i>Contadora de historias<\/i><\/strong>. \u00c9sta presenta el trabajo m\u00e1s reconocido de la escritora, el cual tuvo tanto impacto que trascendi\u00f3 del papel al cine y la televisi\u00f3n. Dicha exhibici\u00f3n finaliza el pr\u00f3ximo 31 de marzo.<\/p>\n<p>El Museo de Arte Popular est\u00e1 <strong>ubicado en Revillagigedo 11 esquina Independencia, en el Centro Hist\u00f3rico de la ciudad<\/strong>. El costo de entrada es de $40.00. Abierto de martes a domingo siendo este \u00faltimo d\u00eda gratuito.<\/p>\n<p><iframe loading=\"lazy\" width=\"625\" height=\"350\" frameborder=\"0\" scrolling=\"no\" marginheight=\"0\" marginwidth=\"0\" src=\"https:\/\/maps.google.com.mx\/maps?f=q&amp;source=s_q&amp;hl=es&amp;geocode=&amp;q=+Revillagigedo+11+esquina+Independencia,+en+el+Centro+Hist%C3%B3rico&amp;aq=&amp;sll=23.554132,-102.6205&amp;sspn=22.713916,43.286133&amp;t=h&amp;ie=UTF8&amp;hq=Revillagigedo+11+esquina+Independencia,&amp;hnear=Zocalo,+Centro,+Cuauht%C3%A9moc,+06060+Ciudad+de+M%C3%A9xico,+Distrito+Federal&amp;cid=2135336805215155084&amp;ll=19.433815,-99.14629&amp;spn=0.028329,0.053644&amp;z=14&amp;iwloc=A&amp;output=embed\"><\/iframe><br \/><small><a href=\"https:\/\/maps.google.com.mx\/maps?f=q&amp;source=embed&amp;hl=es&amp;geocode=&amp;q=+Revillagigedo+11+esquina+Independencia,+en+el+Centro+Hist%C3%B3rico&amp;aq=&amp;sll=23.554132,-102.6205&amp;sspn=22.713916,43.286133&amp;t=h&amp;ie=UTF8&amp;hq=Revillagigedo+11+esquina+Independencia,&amp;hnear=Zocalo,+Centro,+Cuauht%C3%A9moc,+06060+Ciudad+de+M%C3%A9xico,+Distrito+Federal&amp;cid=2135336805215155084&amp;ll=19.433815,-99.14629&amp;spn=0.028329,0.053644&amp;z=14&amp;iwloc=A\" style=\"color:#0000FF;text-align:left\">Ver mapa m\u00e1s grande<\/a><\/small><\/p>\n<p>&nbsp;<\/p>\n<p>&nbsp;<\/p>\n","protected":false},"excerpt":{"rendered":"<p>\u00bfQu\u00e9 es el arte popular? \u00bfAcaso hay objetos que pueden describir a una comunidad? La respuesta a estas preguntas las puedes encontrar visitando el Museo de Arte Popular.<\/p>\n","protected":false},"author":2,"featured_media":17307,"comment_status":"open","ping_status":"open","sticky":false,"template":"","format":"standard","meta":{"footnotes":""},"categories":[3,39],"tags":[2072,218,57,2073,181,1962],"class_list":["post-17306","post","type-post","status-publish","format-standard","has-post-thumbnail","hentry","category-ciudad","category-lugares","tag-arte-popular","tag-coyoacan","tag-exposiciones","tag-museo-de-arte-popular","tag-museos","tag-visitas"],"yoast_head":"<!-- This site is optimized with the Yoast SEO plugin v24.7 - https:\/\/yoast.com\/wordpress\/plugins\/seo\/ -->\n<title>Arte popular, reflejo de mi cultura &#171; Reconoce MX<\/title>\n<meta name=\"robots\" content=\"index, follow, max-snippet:-1, max-image-preview:large, max-video-preview:-1\" \/>\n<link rel=\"canonical\" href=\"https:\/\/www.reconoce.mx\/?p=17306\" \/>\n<meta property=\"og:locale\" content=\"es_ES\" \/>\n<meta property=\"og:type\" content=\"article\" \/>\n<meta property=\"og:title\" content=\"Arte popular, reflejo de mi cultura &#171; Reconoce MX\" \/>\n<meta property=\"og:description\" content=\"\u00bfQu\u00e9 es el arte popular? \u00bfAcaso hay objetos que pueden describir a una comunidad? La respuesta a estas preguntas las puedes encontrar visitando el Museo de Arte Popular.\" \/>\n<meta property=\"og:url\" content=\"https:\/\/www.reconoce.mx\/?p=17306\" \/>\n<meta property=\"og:site_name\" content=\"Reconoce MX\" \/>\n<meta property=\"article:publisher\" content=\"https:\/\/es-la.facebook.com\/ReconoceMX\/\" \/>\n<meta property=\"article:published_time\" content=\"2013-03-05T10:00:00+00:00\" \/>\n<meta property=\"article:modified_time\" content=\"2013-03-12T07:51:20+00:00\" \/>\n<meta property=\"og:image\" content=\"https:\/\/www.reconoce.mx\/wp-content\/uploads\/map.png\" \/>\n\t<meta property=\"og:image:width\" content=\"649\" \/>\n\t<meta property=\"og:image:height\" content=\"301\" \/>\n\t<meta property=\"og:image:type\" content=\"image\/png\" \/>\n<meta name=\"author\" content=\"Reconoce MX\" \/>\n<meta name=\"twitter:card\" content=\"summary_large_image\" \/>\n<meta name=\"twitter:creator\" content=\"@reconocemx\" \/>\n<meta name=\"twitter:site\" content=\"@reconocemx\" \/>\n<meta name=\"twitter:label1\" content=\"Escrito por\" \/>\n\t<meta name=\"twitter:data1\" content=\"Reconoce MX\" \/>\n\t<meta name=\"twitter:label2\" content=\"Tiempo de lectura\" \/>\n\t<meta name=\"twitter:data2\" content=\"2 minutos\" \/>\n<script type=\"application\/ld+json\" class=\"yoast-schema-graph\">{\"@context\":\"https:\/\/schema.org\",\"@graph\":[{\"@type\":\"Article\",\"@id\":\"https:\/\/www.reconoce.mx\/?p=17306#article\",\"isPartOf\":{\"@id\":\"https:\/\/www.reconoce.mx\/?p=17306\"},\"author\":{\"name\":\"Reconoce MX\",\"@id\":\"http:\/\/www.reconoce.mx\/#\/schema\/person\/2117e997d7051dc15d6880eaf9bca0b2\"},\"headline\":\"Arte popular, reflejo de mi cultura\",\"datePublished\":\"2013-03-05T10:00:00+00:00\",\"dateModified\":\"2013-03-12T07:51:20+00:00\",\"mainEntityOfPage\":{\"@id\":\"https:\/\/www.reconoce.mx\/?p=17306\"},\"wordCount\":311,\"commentCount\":0,\"publisher\":{\"@id\":\"http:\/\/www.reconoce.mx\/#organization\"},\"image\":{\"@id\":\"https:\/\/www.reconoce.mx\/?p=17306#primaryimage\"},\"thumbnailUrl\":\"http:\/\/www.reconoce.mx\/wp-content\/uploads\/map.png\",\"keywords\":[\"Arte popular\",\"Coyoac\u00e1n\",\"exposiciones\",\"Museo de Arte Popular\",\"Museos\",\"visitas\"],\"articleSection\":[\"Ciudad\",\"Lugares\"],\"inLanguage\":\"es\",\"potentialAction\":[{\"@type\":\"CommentAction\",\"name\":\"Comment\",\"target\":[\"https:\/\/www.reconoce.mx\/?p=17306#respond\"]}]},{\"@type\":\"WebPage\",\"@id\":\"https:\/\/www.reconoce.mx\/?p=17306\",\"url\":\"https:\/\/www.reconoce.mx\/?p=17306\",\"name\":\"Arte popular, reflejo de mi cultura &#171; Reconoce MX\",\"isPartOf\":{\"@id\":\"http:\/\/www.reconoce.mx\/#website\"},\"primaryImageOfPage\":{\"@id\":\"https:\/\/www.reconoce.mx\/?p=17306#primaryimage\"},\"image\":{\"@id\":\"https:\/\/www.reconoce.mx\/?p=17306#primaryimage\"},\"thumbnailUrl\":\"http:\/\/www.reconoce.mx\/wp-content\/uploads\/map.png\",\"datePublished\":\"2013-03-05T10:00:00+00:00\",\"dateModified\":\"2013-03-12T07:51:20+00:00\",\"breadcrumb\":{\"@id\":\"https:\/\/www.reconoce.mx\/?p=17306#breadcrumb\"},\"inLanguage\":\"es\",\"potentialAction\":[{\"@type\":\"ReadAction\",\"target\":[\"https:\/\/www.reconoce.mx\/?p=17306\"]}]},{\"@type\":\"ImageObject\",\"inLanguage\":\"es\",\"@id\":\"https:\/\/www.reconoce.mx\/?p=17306#primaryimage\",\"url\":\"http:\/\/www.reconoce.mx\/wp-content\/uploads\/map.png\",\"contentUrl\":\"http:\/\/www.reconoce.mx\/wp-content\/uploads\/map.png\",\"width\":649,\"height\":301,\"caption\":\"Arte popular, reflejo de mi cultura.\"},{\"@type\":\"BreadcrumbList\",\"@id\":\"https:\/\/www.reconoce.mx\/?p=17306#breadcrumb\",\"itemListElement\":[{\"@type\":\"ListItem\",\"position\":1,\"name\":\"Portada\",\"item\":\"http:\/\/www.reconoce.mx\/\"},{\"@type\":\"ListItem\",\"position\":2,\"name\":\"Arte popular, reflejo de mi cultura\"}]},{\"@type\":\"WebSite\",\"@id\":\"http:\/\/www.reconoce.mx\/#website\",\"url\":\"http:\/\/www.reconoce.mx\/\",\"name\":\"Reconoce MX\",\"description\":\"En Reconoce MX difundimos arte, cultura y conciencia social en M\u00e9xico. Tu ciudad en otra perspectiva.\",\"publisher\":{\"@id\":\"http:\/\/www.reconoce.mx\/#organization\"},\"potentialAction\":[{\"@type\":\"SearchAction\",\"target\":{\"@type\":\"EntryPoint\",\"urlTemplate\":\"http:\/\/www.reconoce.mx\/?s={search_term_string}\"},\"query-input\":{\"@type\":\"PropertyValueSpecification\",\"valueRequired\":true,\"valueName\":\"search_term_string\"}}],\"inLanguage\":\"es\"},{\"@type\":\"Organization\",\"@id\":\"http:\/\/www.reconoce.mx\/#organization\",\"name\":\"Reconoce MX\",\"url\":\"http:\/\/www.reconoce.mx\/\",\"logo\":{\"@type\":\"ImageObject\",\"inLanguage\":\"es\",\"@id\":\"http:\/\/www.reconoce.mx\/#\/schema\/logo\/image\/\",\"url\":\"https:\/\/www.reconoce.mx\/wp-content\/uploads\/2019\/03\/logorcmx-good-1.png\",\"contentUrl\":\"https:\/\/www.reconoce.mx\/wp-content\/uploads\/2019\/03\/logorcmx-good-1.png\",\"width\":280,\"height\":90,\"caption\":\"Reconoce MX\"},\"image\":{\"@id\":\"http:\/\/www.reconoce.mx\/#\/schema\/logo\/image\/\"},\"sameAs\":[\"https:\/\/es-la.facebook.com\/ReconoceMX\/\",\"https:\/\/x.com\/reconocemx\",\"http:\/\/@reconocemx\"]},{\"@type\":\"Person\",\"@id\":\"http:\/\/www.reconoce.mx\/#\/schema\/person\/2117e997d7051dc15d6880eaf9bca0b2\",\"name\":\"Reconoce MX\",\"image\":{\"@type\":\"ImageObject\",\"inLanguage\":\"es\",\"@id\":\"http:\/\/www.reconoce.mx\/#\/schema\/person\/image\/\",\"url\":\"https:\/\/secure.gravatar.com\/avatar\/6c8d4dc7569ca1c90c5fdcc349f839d5ddef6fe1e70b4337ead2ef1a4c43fc3a?s=96&d=identicon&r=g\",\"contentUrl\":\"https:\/\/secure.gravatar.com\/avatar\/6c8d4dc7569ca1c90c5fdcc349f839d5ddef6fe1e70b4337ead2ef1a4c43fc3a?s=96&d=identicon&r=g\",\"caption\":\"Reconoce MX\"},\"description\":\"Reconoce MX es un proyecto de difusi\u00f3n art\u00edstica, cultural y de conciencia social que est\u00e1 enfocado a difundir y fomentar el entretenimiento alternativo de calidad para todo el p\u00fablico que comparta el mismo entusiasmo.\",\"sameAs\":[\"http:\/\/www.reconoce.mx\"],\"url\":\"http:\/\/www.reconoce.mx\/?author=2\"}]}<\/script>\n<!-- \/ Yoast SEO plugin. -->","yoast_head_json":{"title":"Arte popular, reflejo de mi cultura &#171; Reconoce MX","robots":{"index":"index","follow":"follow","max-snippet":"max-snippet:-1","max-image-preview":"max-image-preview:large","max-video-preview":"max-video-preview:-1"},"canonical":"https:\/\/www.reconoce.mx\/?p=17306","og_locale":"es_ES","og_type":"article","og_title":"Arte popular, reflejo de mi cultura &#171; Reconoce MX","og_description":"\u00bfQu\u00e9 es el arte popular? \u00bfAcaso hay objetos que pueden describir a una comunidad? La respuesta a estas preguntas las puedes encontrar visitando el Museo de Arte Popular.","og_url":"https:\/\/www.reconoce.mx\/?p=17306","og_site_name":"Reconoce MX","article_publisher":"https:\/\/es-la.facebook.com\/ReconoceMX\/","article_published_time":"2013-03-05T10:00:00+00:00","article_modified_time":"2013-03-12T07:51:20+00:00","og_image":[{"width":649,"height":301,"url":"https:\/\/www.reconoce.mx\/wp-content\/uploads\/map.png","type":"image\/png"}],"author":"Reconoce MX","twitter_card":"summary_large_image","twitter_creator":"@reconocemx","twitter_site":"@reconocemx","twitter_misc":{"Escrito por":"Reconoce MX","Tiempo de lectura":"2 minutos"},"schema":{"@context":"https:\/\/schema.org","@graph":[{"@type":"Article","@id":"https:\/\/www.reconoce.mx\/?p=17306#article","isPartOf":{"@id":"https:\/\/www.reconoce.mx\/?p=17306"},"author":{"name":"Reconoce MX","@id":"http:\/\/www.reconoce.mx\/#\/schema\/person\/2117e997d7051dc15d6880eaf9bca0b2"},"headline":"Arte popular, reflejo de mi cultura","datePublished":"2013-03-05T10:00:00+00:00","dateModified":"2013-03-12T07:51:20+00:00","mainEntityOfPage":{"@id":"https:\/\/www.reconoce.mx\/?p=17306"},"wordCount":311,"commentCount":0,"publisher":{"@id":"http:\/\/www.reconoce.mx\/#organization"},"image":{"@id":"https:\/\/www.reconoce.mx\/?p=17306#primaryimage"},"thumbnailUrl":"http:\/\/www.reconoce.mx\/wp-content\/uploads\/map.png","keywords":["Arte popular","Coyoac\u00e1n","exposiciones","Museo de Arte Popular","Museos","visitas"],"articleSection":["Ciudad","Lugares"],"inLanguage":"es","potentialAction":[{"@type":"CommentAction","name":"Comment","target":["https:\/\/www.reconoce.mx\/?p=17306#respond"]}]},{"@type":"WebPage","@id":"https:\/\/www.reconoce.mx\/?p=17306","url":"https:\/\/www.reconoce.mx\/?p=17306","name":"Arte popular, reflejo de mi cultura &#171; Reconoce MX","isPartOf":{"@id":"http:\/\/www.reconoce.mx\/#website"},"primaryImageOfPage":{"@id":"https:\/\/www.reconoce.mx\/?p=17306#primaryimage"},"image":{"@id":"https:\/\/www.reconoce.mx\/?p=17306#primaryimage"},"thumbnailUrl":"http:\/\/www.reconoce.mx\/wp-content\/uploads\/map.png","datePublished":"2013-03-05T10:00:00+00:00","dateModified":"2013-03-12T07:51:20+00:00","breadcrumb":{"@id":"https:\/\/www.reconoce.mx\/?p=17306#breadcrumb"},"inLanguage":"es","potentialAction":[{"@type":"ReadAction","target":["https:\/\/www.reconoce.mx\/?p=17306"]}]},{"@type":"ImageObject","inLanguage":"es","@id":"https:\/\/www.reconoce.mx\/?p=17306#primaryimage","url":"http:\/\/www.reconoce.mx\/wp-content\/uploads\/map.png","contentUrl":"http:\/\/www.reconoce.mx\/wp-content\/uploads\/map.png","width":649,"height":301,"caption":"Arte popular, reflejo de mi cultura."},{"@type":"BreadcrumbList","@id":"https:\/\/www.reconoce.mx\/?p=17306#breadcrumb","itemListElement":[{"@type":"ListItem","position":1,"name":"Portada","item":"http:\/\/www.reconoce.mx\/"},{"@type":"ListItem","position":2,"name":"Arte popular, reflejo de mi cultura"}]},{"@type":"WebSite","@id":"http:\/\/www.reconoce.mx\/#website","url":"http:\/\/www.reconoce.mx\/","name":"Reconoce MX","description":"En Reconoce MX difundimos arte, cultura y conciencia social en M\u00e9xico. Tu ciudad en otra perspectiva.","publisher":{"@id":"http:\/\/www.reconoce.mx\/#organization"},"potentialAction":[{"@type":"SearchAction","target":{"@type":"EntryPoint","urlTemplate":"http:\/\/www.reconoce.mx\/?s={search_term_string}"},"query-input":{"@type":"PropertyValueSpecification","valueRequired":true,"valueName":"search_term_string"}}],"inLanguage":"es"},{"@type":"Organization","@id":"http:\/\/www.reconoce.mx\/#organization","name":"Reconoce MX","url":"http:\/\/www.reconoce.mx\/","logo":{"@type":"ImageObject","inLanguage":"es","@id":"http:\/\/www.reconoce.mx\/#\/schema\/logo\/image\/","url":"https:\/\/www.reconoce.mx\/wp-content\/uploads\/2019\/03\/logorcmx-good-1.png","contentUrl":"https:\/\/www.reconoce.mx\/wp-content\/uploads\/2019\/03\/logorcmx-good-1.png","width":280,"height":90,"caption":"Reconoce MX"},"image":{"@id":"http:\/\/www.reconoce.mx\/#\/schema\/logo\/image\/"},"sameAs":["https:\/\/es-la.facebook.com\/ReconoceMX\/","https:\/\/x.com\/reconocemx","http:\/\/@reconocemx"]},{"@type":"Person","@id":"http:\/\/www.reconoce.mx\/#\/schema\/person\/2117e997d7051dc15d6880eaf9bca0b2","name":"Reconoce MX","image":{"@type":"ImageObject","inLanguage":"es","@id":"http:\/\/www.reconoce.mx\/#\/schema\/person\/image\/","url":"https:\/\/secure.gravatar.com\/avatar\/6c8d4dc7569ca1c90c5fdcc349f839d5ddef6fe1e70b4337ead2ef1a4c43fc3a?s=96&d=identicon&r=g","contentUrl":"https:\/\/secure.gravatar.com\/avatar\/6c8d4dc7569ca1c90c5fdcc349f839d5ddef6fe1e70b4337ead2ef1a4c43fc3a?s=96&d=identicon&r=g","caption":"Reconoce MX"},"description":"Reconoce MX es un proyecto de difusi\u00f3n art\u00edstica, cultural y de conciencia social que est\u00e1 enfocado a difundir y fomentar el entretenimiento alternativo de calidad para todo el p\u00fablico que comparta el mismo entusiasmo.","sameAs":["http:\/\/www.reconoce.mx"],"url":"http:\/\/www.reconoce.mx\/?author=2"}]}},"_links":{"self":[{"href":"http:\/\/www.reconoce.mx\/index.php?rest_route=\/wp\/v2\/posts\/17306","targetHints":{"allow":["GET"]}}],"collection":[{"href":"http:\/\/www.reconoce.mx\/index.php?rest_route=\/wp\/v2\/posts"}],"about":[{"href":"http:\/\/www.reconoce.mx\/index.php?rest_route=\/wp\/v2\/types\/post"}],"author":[{"embeddable":true,"href":"http:\/\/www.reconoce.mx\/index.php?rest_route=\/wp\/v2\/users\/2"}],"replies":[{"embeddable":true,"href":"http:\/\/www.reconoce.mx\/index.php?rest_route=%2Fwp%2Fv2%2Fcomments&post=17306"}],"version-history":[{"count":9,"href":"http:\/\/www.reconoce.mx\/index.php?rest_route=\/wp\/v2\/posts\/17306\/revisions"}],"predecessor-version":[{"id":17506,"href":"http:\/\/www.reconoce.mx\/index.php?rest_route=\/wp\/v2\/posts\/17306\/revisions\/17506"}],"wp:featuredmedia":[{"embeddable":true,"href":"http:\/\/www.reconoce.mx\/index.php?rest_route=\/wp\/v2\/media\/17307"}],"wp:attachment":[{"href":"http:\/\/www.reconoce.mx\/index.php?rest_route=%2Fwp%2Fv2%2Fmedia&parent=17306"}],"wp:term":[{"taxonomy":"category","embeddable":true,"href":"http:\/\/www.reconoce.mx\/index.php?rest_route=%2Fwp%2Fv2%2Fcategories&post=17306"},{"taxonomy":"post_tag","embeddable":true,"href":"http:\/\/www.reconoce.mx\/index.php?rest_route=%2Fwp%2Fv2%2Ftags&post=17306"}],"curies":[{"name":"wp","href":"https:\/\/api.w.org\/{rel}","templated":true}]}}