{"id":18189,"date":"2013-04-09T01:00:29","date_gmt":"2013-04-09T06:00:29","guid":{"rendered":"http:\/\/www.reconoce.mx\/?p=18189"},"modified":"2013-04-11T21:50:17","modified_gmt":"2013-04-12T02:50:17","slug":"viernes-versionado-amiga-mia-version-javiera-mena","status":"publish","type":"post","link":"http:\/\/www.reconoce.mx\/?p=18189","title":{"rendered":"Viernes versionado: &#8216;Amiga m\u00eda&#8217;, versi\u00f3n Javiera Mena"},"content":{"rendered":"<ul id=\"botones-home\">\n<li><script type=\"text\/javascript\" src=\"https:\/\/apis.google.com\/js\/plusone.js\"><\/script><g:plusone width=\"55\" height=\"20\" href=\"http:\/\/www.reconoce.mx\/viernes-versionado-amiga-mia-version-javiera-mena\/\"><\/g:plusone><\/li>\n<li><a href=\"http:\/\/twitter.com\/share\" class=\"twitter-share-button\" data-url=\"http:\/\/www.reconoce.mx\/viernes-versionado-amiga-mia-version-javiera-mena\/\" data-count=\"horizontal\" data-via=\"reconocemx\" data-lang=\"es\">Tweet<\/a><script type=\"text\/javascript\" src=\"http:\/\/platform.twitter.com\/widgets.js\"><\/script><\/li>\n<div class=\"fb-like\" data-href=\"http:\/\/www.reconoce.mx\/viernes-versionado-amiga-mia-version-javiera-mena\/\" data-send=\"true\" data-width=\"450\" data-show-faces=\"true\"><\/div>\n<p><strong>Por\u00a0<a title=\"@AsfaltosTweets\" href=\"http:\/\/twitter.com\/#%21\/AsfaltosTweets\" target=\"_blank\">Asfaltos<\/a><\/strong>.<\/p>\n<p>Ya hace algunos d\u00edas les habl\u00e9 de la escena musical chilena, y ah\u00ed, les mencion\u00e9 (s\u00f3lo por encimita) a Los Prisioneros. Hoy, en voz de una mujer guapa y talentosa, les traigo una versi\u00f3n de su canci\u00f3n <em>Amiga m\u00eda<\/em>. La canci\u00f3n original de Los Prisioneros fue parte de su disco de 1990, <em>Corazones<\/em>, \u00a0y fue la elegida por Mena como<strong> parte del soundtrack de la\u00a0pel\u00edcula\u00a0chilena <em>Joven y alocada<\/em><\/strong>.<\/p>\n<p><iframe loading=\"lazy\" width=\"100%\" height=\"166\" scrolling=\"no\" frameborder=\"no\" src=\"https:\/\/w.soundcloud.com\/player\/?url=http%3A%2F%2Fapi.soundcloud.com%2Ftracks%2F39588424&amp;color=ff0000&amp;auto_play=false&amp;show_artwork=true\"><\/iframe><\/p>\n<p><!--more--><div id=\"attachment_18190\" style=\"width: 610px\" class=\"wp-caption aligncenter\"><a href=\"http:\/\/www.reconoce.mx\/wp-content\/uploads\/javiera-mena.png\"><img loading=\"lazy\" decoding=\"async\" aria-describedby=\"caption-attachment-18190\" class=\"size-full wp-image-18190\" alt=\"Viernes versionado: 'Amiga m\u00eda, versi\u00f3n Javiera Mena.\" src=\"http:\/\/www.reconoce.mx\/wp-content\/uploads\/javiera-mena.png\" width=\"600\" height=\"275\" \/><\/a><p id=\"caption-attachment-18190\" class=\"wp-caption-text\">Viernes versionado: &#8216;Amiga m\u00eda, versi\u00f3n Javiera Mena.<\/p><\/div><\/p>\n<p><strong>Para los cin\u00e9filos<\/strong>: <em>Joven y alocada<\/em> fue una pel\u00edcula chilena de 2012 que se llev\u00f3, entre otras distinciones, el\u00a0premio a mejor gui\u00f3n del Festival de Cine de Sundance. La pel\u00edcula cuenta la historia de Daniela, una adolescente rebelde que vive conflictos con su familia de corte conservador; es cuando se enfrenta a un amor homosexual cuando se enfrenta a si misma.<\/p>\n<p><strong>Volviendo a la m\u00fasica<\/strong>: Muy al estilo de Javiera, pero sin descuidar la esencia de la original de sus compatriotas, <em>Amiga m\u00eda<\/em> funciona como una canci\u00f3n precisamente \u00abjoven y alocada\u00bb para un viernes como hoy.<\/p>\n<p>Yo, por lo pronto, <strong>a deleitarme con la m\u00fasica<\/strong> de esta belleza&#8230;<\/p>\n<p>&nbsp;<\/p>\n<p>&nbsp;<\/p>\n","protected":false},"excerpt":{"rendered":"<p>Ya hace algunos d\u00edas les habl\u00e9 de la escena musical chilena, y ah\u00ed, les mencion\u00e9 a Los Prisioneros. Hoy, en voz de una mujer guapa y talentosa, les traigo una versi\u00f3n de su canci\u00f3n Amiga m\u00eda.<\/p>\n","protected":false},"author":2,"featured_media":18190,"comment_status":"open","ping_status":"open","sticky":false,"template":"","format":"standard","meta":{"footnotes":""},"categories":[1,18,1454],"tags":[2178,1483,2179,2611,2050,1818,2632],"class_list":["post-18189","post","type-post","status-publish","format-standard","has-post-thumbnail","hentry","category-cultura","category-musica","category-viernes-versionado","tag-amiga-mia","tag-cover","tag-javiera-mena","tag-musica","tag-version","tag-versiones","tag-viernes-versionado"],"yoast_head":"<!-- This site is optimized with the Yoast SEO plugin v24.7 - https:\/\/yoast.com\/wordpress\/plugins\/seo\/ -->\n<title>Viernes versionado: &#039;Amiga m\u00eda&#039;, versi\u00f3n Javiera Mena &#171; Reconoce MX<\/title>\n<meta name=\"robots\" content=\"index, follow, max-snippet:-1, max-image-preview:large, max-video-preview:-1\" \/>\n<link rel=\"canonical\" href=\"https:\/\/www.reconoce.mx\/?p=18189\" \/>\n<meta property=\"og:locale\" content=\"es_ES\" \/>\n<meta property=\"og:type\" content=\"article\" \/>\n<meta property=\"og:title\" content=\"Viernes versionado: &#039;Amiga m\u00eda&#039;, versi\u00f3n Javiera Mena &#171; Reconoce MX\" \/>\n<meta property=\"og:description\" content=\"Ya hace algunos d\u00edas les habl\u00e9 de la escena musical chilena, y ah\u00ed, les mencion\u00e9 a Los Prisioneros. Hoy, en voz de una mujer guapa y talentosa, les traigo una versi\u00f3n de su canci\u00f3n Amiga m\u00eda.\" \/>\n<meta property=\"og:url\" content=\"https:\/\/www.reconoce.mx\/?p=18189\" \/>\n<meta property=\"og:site_name\" content=\"Reconoce MX\" \/>\n<meta property=\"article:publisher\" content=\"https:\/\/es-la.facebook.com\/ReconoceMX\/\" \/>\n<meta property=\"article:published_time\" content=\"2013-04-09T06:00:29+00:00\" \/>\n<meta property=\"article:modified_time\" content=\"2013-04-12T02:50:17+00:00\" \/>\n<meta property=\"og:image\" content=\"https:\/\/www.reconoce.mx\/wp-content\/uploads\/javiera-mena.png\" \/>\n\t<meta property=\"og:image:width\" content=\"649\" \/>\n\t<meta property=\"og:image:height\" content=\"301\" \/>\n\t<meta property=\"og:image:type\" content=\"image\/png\" \/>\n<meta name=\"author\" content=\"Reconoce MX\" \/>\n<meta name=\"twitter:card\" content=\"summary_large_image\" \/>\n<meta name=\"twitter:creator\" content=\"@reconocemx\" \/>\n<meta name=\"twitter:site\" content=\"@reconocemx\" \/>\n<meta name=\"twitter:label1\" content=\"Escrito por\" \/>\n\t<meta name=\"twitter:data1\" content=\"Reconoce MX\" \/>\n\t<meta name=\"twitter:label2\" content=\"Tiempo de lectura\" \/>\n\t<meta name=\"twitter:data2\" content=\"1 minuto\" \/>\n<script type=\"application\/ld+json\" class=\"yoast-schema-graph\">{\"@context\":\"https:\/\/schema.org\",\"@graph\":[{\"@type\":\"Article\",\"@id\":\"https:\/\/www.reconoce.mx\/?p=18189#article\",\"isPartOf\":{\"@id\":\"https:\/\/www.reconoce.mx\/?p=18189\"},\"author\":{\"name\":\"Reconoce MX\",\"@id\":\"http:\/\/www.reconoce.mx\/#\/schema\/person\/2117e997d7051dc15d6880eaf9bca0b2\"},\"headline\":\"Viernes versionado: &#8216;Amiga m\u00eda&#8217;, versi\u00f3n Javiera Mena\",\"datePublished\":\"2013-04-09T06:00:29+00:00\",\"dateModified\":\"2013-04-12T02:50:17+00:00\",\"mainEntityOfPage\":{\"@id\":\"https:\/\/www.reconoce.mx\/?p=18189\"},\"wordCount\":222,\"commentCount\":0,\"publisher\":{\"@id\":\"http:\/\/www.reconoce.mx\/#organization\"},\"image\":{\"@id\":\"https:\/\/www.reconoce.mx\/?p=18189#primaryimage\"},\"thumbnailUrl\":\"http:\/\/www.reconoce.mx\/wp-content\/uploads\/javiera-mena.png\",\"keywords\":[\"Amiga m\u00eda\",\"cover\",\"Javiera Mena\",\"M\u00fasica\",\"versi\u00f3n\",\"versiones\",\"Viernes versionado\"],\"articleSection\":[\"Cultura\",\"M\u00fasica\",\"Viernes versionado\"],\"inLanguage\":\"es\",\"potentialAction\":[{\"@type\":\"CommentAction\",\"name\":\"Comment\",\"target\":[\"https:\/\/www.reconoce.mx\/?p=18189#respond\"]}]},{\"@type\":\"WebPage\",\"@id\":\"https:\/\/www.reconoce.mx\/?p=18189\",\"url\":\"https:\/\/www.reconoce.mx\/?p=18189\",\"name\":\"Viernes versionado: 'Amiga m\u00eda', versi\u00f3n Javiera Mena &#171; Reconoce MX\",\"isPartOf\":{\"@id\":\"http:\/\/www.reconoce.mx\/#website\"},\"primaryImageOfPage\":{\"@id\":\"https:\/\/www.reconoce.mx\/?p=18189#primaryimage\"},\"image\":{\"@id\":\"https:\/\/www.reconoce.mx\/?p=18189#primaryimage\"},\"thumbnailUrl\":\"http:\/\/www.reconoce.mx\/wp-content\/uploads\/javiera-mena.png\",\"datePublished\":\"2013-04-09T06:00:29+00:00\",\"dateModified\":\"2013-04-12T02:50:17+00:00\",\"breadcrumb\":{\"@id\":\"https:\/\/www.reconoce.mx\/?p=18189#breadcrumb\"},\"inLanguage\":\"es\",\"potentialAction\":[{\"@type\":\"ReadAction\",\"target\":[\"https:\/\/www.reconoce.mx\/?p=18189\"]}]},{\"@type\":\"ImageObject\",\"inLanguage\":\"es\",\"@id\":\"https:\/\/www.reconoce.mx\/?p=18189#primaryimage\",\"url\":\"http:\/\/www.reconoce.mx\/wp-content\/uploads\/javiera-mena.png\",\"contentUrl\":\"http:\/\/www.reconoce.mx\/wp-content\/uploads\/javiera-mena.png\",\"width\":649,\"height\":301,\"caption\":\"Viernes versionado: 'Amiga m\u00eda, versi\u00f3n Javiera Mena.\"},{\"@type\":\"BreadcrumbList\",\"@id\":\"https:\/\/www.reconoce.mx\/?p=18189#breadcrumb\",\"itemListElement\":[{\"@type\":\"ListItem\",\"position\":1,\"name\":\"Portada\",\"item\":\"http:\/\/www.reconoce.mx\/\"},{\"@type\":\"ListItem\",\"position\":2,\"name\":\"Viernes versionado: &#8216;Amiga m\u00eda&#8217;, versi\u00f3n Javiera Mena\"}]},{\"@type\":\"WebSite\",\"@id\":\"http:\/\/www.reconoce.mx\/#website\",\"url\":\"http:\/\/www.reconoce.mx\/\",\"name\":\"Reconoce MX\",\"description\":\"En Reconoce MX difundimos arte, cultura y conciencia social en M\u00e9xico. Tu ciudad en otra perspectiva.\",\"publisher\":{\"@id\":\"http:\/\/www.reconoce.mx\/#organization\"},\"potentialAction\":[{\"@type\":\"SearchAction\",\"target\":{\"@type\":\"EntryPoint\",\"urlTemplate\":\"http:\/\/www.reconoce.mx\/?s={search_term_string}\"},\"query-input\":{\"@type\":\"PropertyValueSpecification\",\"valueRequired\":true,\"valueName\":\"search_term_string\"}}],\"inLanguage\":\"es\"},{\"@type\":\"Organization\",\"@id\":\"http:\/\/www.reconoce.mx\/#organization\",\"name\":\"Reconoce MX\",\"url\":\"http:\/\/www.reconoce.mx\/\",\"logo\":{\"@type\":\"ImageObject\",\"inLanguage\":\"es\",\"@id\":\"http:\/\/www.reconoce.mx\/#\/schema\/logo\/image\/\",\"url\":\"https:\/\/www.reconoce.mx\/wp-content\/uploads\/2019\/03\/logorcmx-good-1.png\",\"contentUrl\":\"https:\/\/www.reconoce.mx\/wp-content\/uploads\/2019\/03\/logorcmx-good-1.png\",\"width\":280,\"height\":90,\"caption\":\"Reconoce MX\"},\"image\":{\"@id\":\"http:\/\/www.reconoce.mx\/#\/schema\/logo\/image\/\"},\"sameAs\":[\"https:\/\/es-la.facebook.com\/ReconoceMX\/\",\"https:\/\/x.com\/reconocemx\",\"http:\/\/@reconocemx\"]},{\"@type\":\"Person\",\"@id\":\"http:\/\/www.reconoce.mx\/#\/schema\/person\/2117e997d7051dc15d6880eaf9bca0b2\",\"name\":\"Reconoce MX\",\"image\":{\"@type\":\"ImageObject\",\"inLanguage\":\"es\",\"@id\":\"http:\/\/www.reconoce.mx\/#\/schema\/person\/image\/\",\"url\":\"https:\/\/secure.gravatar.com\/avatar\/6c8d4dc7569ca1c90c5fdcc349f839d5ddef6fe1e70b4337ead2ef1a4c43fc3a?s=96&d=identicon&r=g\",\"contentUrl\":\"https:\/\/secure.gravatar.com\/avatar\/6c8d4dc7569ca1c90c5fdcc349f839d5ddef6fe1e70b4337ead2ef1a4c43fc3a?s=96&d=identicon&r=g\",\"caption\":\"Reconoce MX\"},\"description\":\"Reconoce MX es un proyecto de difusi\u00f3n art\u00edstica, cultural y de conciencia social que est\u00e1 enfocado a difundir y fomentar el entretenimiento alternativo de calidad para todo el p\u00fablico que comparta el mismo entusiasmo.\",\"sameAs\":[\"http:\/\/www.reconoce.mx\"],\"url\":\"http:\/\/www.reconoce.mx\/?author=2\"}]}<\/script>\n<!-- \/ Yoast SEO plugin. -->","yoast_head_json":{"title":"Viernes versionado: 'Amiga m\u00eda', versi\u00f3n Javiera Mena &#171; Reconoce MX","robots":{"index":"index","follow":"follow","max-snippet":"max-snippet:-1","max-image-preview":"max-image-preview:large","max-video-preview":"max-video-preview:-1"},"canonical":"https:\/\/www.reconoce.mx\/?p=18189","og_locale":"es_ES","og_type":"article","og_title":"Viernes versionado: 'Amiga m\u00eda', versi\u00f3n Javiera Mena &#171; Reconoce MX","og_description":"Ya hace algunos d\u00edas les habl\u00e9 de la escena musical chilena, y ah\u00ed, les mencion\u00e9 a Los Prisioneros. Hoy, en voz de una mujer guapa y talentosa, les traigo una versi\u00f3n de su canci\u00f3n Amiga m\u00eda.","og_url":"https:\/\/www.reconoce.mx\/?p=18189","og_site_name":"Reconoce MX","article_publisher":"https:\/\/es-la.facebook.com\/ReconoceMX\/","article_published_time":"2013-04-09T06:00:29+00:00","article_modified_time":"2013-04-12T02:50:17+00:00","og_image":[{"width":649,"height":301,"url":"https:\/\/www.reconoce.mx\/wp-content\/uploads\/javiera-mena.png","type":"image\/png"}],"author":"Reconoce MX","twitter_card":"summary_large_image","twitter_creator":"@reconocemx","twitter_site":"@reconocemx","twitter_misc":{"Escrito por":"Reconoce MX","Tiempo de lectura":"1 minuto"},"schema":{"@context":"https:\/\/schema.org","@graph":[{"@type":"Article","@id":"https:\/\/www.reconoce.mx\/?p=18189#article","isPartOf":{"@id":"https:\/\/www.reconoce.mx\/?p=18189"},"author":{"name":"Reconoce MX","@id":"http:\/\/www.reconoce.mx\/#\/schema\/person\/2117e997d7051dc15d6880eaf9bca0b2"},"headline":"Viernes versionado: &#8216;Amiga m\u00eda&#8217;, versi\u00f3n Javiera Mena","datePublished":"2013-04-09T06:00:29+00:00","dateModified":"2013-04-12T02:50:17+00:00","mainEntityOfPage":{"@id":"https:\/\/www.reconoce.mx\/?p=18189"},"wordCount":222,"commentCount":0,"publisher":{"@id":"http:\/\/www.reconoce.mx\/#organization"},"image":{"@id":"https:\/\/www.reconoce.mx\/?p=18189#primaryimage"},"thumbnailUrl":"http:\/\/www.reconoce.mx\/wp-content\/uploads\/javiera-mena.png","keywords":["Amiga m\u00eda","cover","Javiera Mena","M\u00fasica","versi\u00f3n","versiones","Viernes versionado"],"articleSection":["Cultura","M\u00fasica","Viernes versionado"],"inLanguage":"es","potentialAction":[{"@type":"CommentAction","name":"Comment","target":["https:\/\/www.reconoce.mx\/?p=18189#respond"]}]},{"@type":"WebPage","@id":"https:\/\/www.reconoce.mx\/?p=18189","url":"https:\/\/www.reconoce.mx\/?p=18189","name":"Viernes versionado: 'Amiga m\u00eda', versi\u00f3n Javiera Mena &#171; Reconoce MX","isPartOf":{"@id":"http:\/\/www.reconoce.mx\/#website"},"primaryImageOfPage":{"@id":"https:\/\/www.reconoce.mx\/?p=18189#primaryimage"},"image":{"@id":"https:\/\/www.reconoce.mx\/?p=18189#primaryimage"},"thumbnailUrl":"http:\/\/www.reconoce.mx\/wp-content\/uploads\/javiera-mena.png","datePublished":"2013-04-09T06:00:29+00:00","dateModified":"2013-04-12T02:50:17+00:00","breadcrumb":{"@id":"https:\/\/www.reconoce.mx\/?p=18189#breadcrumb"},"inLanguage":"es","potentialAction":[{"@type":"ReadAction","target":["https:\/\/www.reconoce.mx\/?p=18189"]}]},{"@type":"ImageObject","inLanguage":"es","@id":"https:\/\/www.reconoce.mx\/?p=18189#primaryimage","url":"http:\/\/www.reconoce.mx\/wp-content\/uploads\/javiera-mena.png","contentUrl":"http:\/\/www.reconoce.mx\/wp-content\/uploads\/javiera-mena.png","width":649,"height":301,"caption":"Viernes versionado: 'Amiga m\u00eda, versi\u00f3n Javiera Mena."},{"@type":"BreadcrumbList","@id":"https:\/\/www.reconoce.mx\/?p=18189#breadcrumb","itemListElement":[{"@type":"ListItem","position":1,"name":"Portada","item":"http:\/\/www.reconoce.mx\/"},{"@type":"ListItem","position":2,"name":"Viernes versionado: &#8216;Amiga m\u00eda&#8217;, versi\u00f3n Javiera Mena"}]},{"@type":"WebSite","@id":"http:\/\/www.reconoce.mx\/#website","url":"http:\/\/www.reconoce.mx\/","name":"Reconoce MX","description":"En Reconoce MX difundimos arte, cultura y conciencia social en M\u00e9xico. Tu ciudad en otra perspectiva.","publisher":{"@id":"http:\/\/www.reconoce.mx\/#organization"},"potentialAction":[{"@type":"SearchAction","target":{"@type":"EntryPoint","urlTemplate":"http:\/\/www.reconoce.mx\/?s={search_term_string}"},"query-input":{"@type":"PropertyValueSpecification","valueRequired":true,"valueName":"search_term_string"}}],"inLanguage":"es"},{"@type":"Organization","@id":"http:\/\/www.reconoce.mx\/#organization","name":"Reconoce MX","url":"http:\/\/www.reconoce.mx\/","logo":{"@type":"ImageObject","inLanguage":"es","@id":"http:\/\/www.reconoce.mx\/#\/schema\/logo\/image\/","url":"https:\/\/www.reconoce.mx\/wp-content\/uploads\/2019\/03\/logorcmx-good-1.png","contentUrl":"https:\/\/www.reconoce.mx\/wp-content\/uploads\/2019\/03\/logorcmx-good-1.png","width":280,"height":90,"caption":"Reconoce MX"},"image":{"@id":"http:\/\/www.reconoce.mx\/#\/schema\/logo\/image\/"},"sameAs":["https:\/\/es-la.facebook.com\/ReconoceMX\/","https:\/\/x.com\/reconocemx","http:\/\/@reconocemx"]},{"@type":"Person","@id":"http:\/\/www.reconoce.mx\/#\/schema\/person\/2117e997d7051dc15d6880eaf9bca0b2","name":"Reconoce MX","image":{"@type":"ImageObject","inLanguage":"es","@id":"http:\/\/www.reconoce.mx\/#\/schema\/person\/image\/","url":"https:\/\/secure.gravatar.com\/avatar\/6c8d4dc7569ca1c90c5fdcc349f839d5ddef6fe1e70b4337ead2ef1a4c43fc3a?s=96&d=identicon&r=g","contentUrl":"https:\/\/secure.gravatar.com\/avatar\/6c8d4dc7569ca1c90c5fdcc349f839d5ddef6fe1e70b4337ead2ef1a4c43fc3a?s=96&d=identicon&r=g","caption":"Reconoce MX"},"description":"Reconoce MX es un proyecto de difusi\u00f3n art\u00edstica, cultural y de conciencia social que est\u00e1 enfocado a difundir y fomentar el entretenimiento alternativo de calidad para todo el p\u00fablico que comparta el mismo entusiasmo.","sameAs":["http:\/\/www.reconoce.mx"],"url":"http:\/\/www.reconoce.mx\/?author=2"}]}},"_links":{"self":[{"href":"http:\/\/www.reconoce.mx\/index.php?rest_route=\/wp\/v2\/posts\/18189","targetHints":{"allow":["GET"]}}],"collection":[{"href":"http:\/\/www.reconoce.mx\/index.php?rest_route=\/wp\/v2\/posts"}],"about":[{"href":"http:\/\/www.reconoce.mx\/index.php?rest_route=\/wp\/v2\/types\/post"}],"author":[{"embeddable":true,"href":"http:\/\/www.reconoce.mx\/index.php?rest_route=\/wp\/v2\/users\/2"}],"replies":[{"embeddable":true,"href":"http:\/\/www.reconoce.mx\/index.php?rest_route=%2Fwp%2Fv2%2Fcomments&post=18189"}],"version-history":[{"count":12,"href":"http:\/\/www.reconoce.mx\/index.php?rest_route=\/wp\/v2\/posts\/18189\/revisions"}],"predecessor-version":[{"id":18426,"href":"http:\/\/www.reconoce.mx\/index.php?rest_route=\/wp\/v2\/posts\/18189\/revisions\/18426"}],"wp:featuredmedia":[{"embeddable":true,"href":"http:\/\/www.reconoce.mx\/index.php?rest_route=\/wp\/v2\/media\/18190"}],"wp:attachment":[{"href":"http:\/\/www.reconoce.mx\/index.php?rest_route=%2Fwp%2Fv2%2Fmedia&parent=18189"}],"wp:term":[{"taxonomy":"category","embeddable":true,"href":"http:\/\/www.reconoce.mx\/index.php?rest_route=%2Fwp%2Fv2%2Fcategories&post=18189"},{"taxonomy":"post_tag","embeddable":true,"href":"http:\/\/www.reconoce.mx\/index.php?rest_route=%2Fwp%2Fv2%2Ftags&post=18189"}],"curies":[{"name":"wp","href":"https:\/\/api.w.org\/{rel}","templated":true}]}}