{"id":18223,"date":"2013-04-09T03:00:24","date_gmt":"2013-04-09T08:00:24","guid":{"rendered":"http:\/\/www.reconoce.mx\/?p=18223"},"modified":"2013-04-11T00:29:36","modified_gmt":"2013-04-11T05:29:36","slug":"a-100-anos-de-la-calavera-catrina","status":"publish","type":"post","link":"http:\/\/www.reconoce.mx\/?p=18223","title":{"rendered":"A 100 a\u00f1os de la &#8216;Calavera Catrina&#8217;"},"content":{"rendered":"<ul id=\"botones-home\">\n<li><script type=\"text\/javascript\" src=\"https:\/\/apis.google.com\/js\/plusone.js\"><\/script><g:plusone width=\"55\" height=\"20\" href=\"http:\/\/www.reconoce.mx\/a-100-anos-de-la-calavera-catrina\/\"><\/g:plusone><\/li>\n<li><a href=\"http:\/\/twitter.com\/share\" class=\"twitter-share-button\" data-url=\"http:\/\/www.reconoce.mx\/a-100-anos-de-la-calavera-catrina\/\" data-count=\"horizontal\" data-via=\"reconocemx\" data-lang=\"es\">Tweet<\/a><script type=\"text\/javascript\" src=\"http:\/\/platform.twitter.com\/widgets.js\"><\/script><\/li>\n<div class=\"fb-like\" data-href=\"http:\/\/www.reconoce.mx\/a-100-anos-de-la-calavera-catrina\/\" data-send=\"true\" data-width=\"450\" data-show-faces=\"true\"><\/div>\n<p><strong>Por\u00a0<a title=\"@chiovc\" href=\"https:\/\/twitter.com\/chiovc\" target=\"_blank\">Roc\u00edo Valderr\u00e1bano Cabrera<\/a><\/strong>.<\/p>\n<p>Ilustrador, caricaturista y narrador, estos fueron algunos de los oficios que durante su vida desempe\u00f1\u00f3 Jos\u00e9 Guadalupe Posada. Actualmente, a 100 a\u00f1os de su muerte, el Museo Nacional de la Estampa presenta la exposici\u00f3n <strong><i>Jos\u00e9 Guadalupe Posada. La l\u00ednea que <\/i>defini\u00f3<i> el arte mexicano\u00a0<\/i><\/strong>dedicada a este personaje cuyo trabajo fue clave para la formaci\u00f3n del imaginario colectivo.<\/p>\n<div id=\"attachment_18225\" style=\"width: 610px\" class=\"wp-caption aligncenter\"><a href=\"http:\/\/www.reconoce.mx\/wp-content\/uploads\/catrina-posadas.png\"><img loading=\"lazy\" decoding=\"async\" aria-describedby=\"caption-attachment-18225\" src=\"http:\/\/www.reconoce.mx\/wp-content\/uploads\/catrina-posadas.png\" alt=\"A 100 a\u00f1os de la &#039;Calavera Catrina&#039;.\" width=\"600\" height=\"275\" class=\"size-full wp-image-18225\" \/><\/a><p id=\"caption-attachment-18225\" class=\"wp-caption-text\">A 100 a\u00f1os de la &#8216;Calavera Catrina&#8217;.<\/p><\/div>\n<p><!--more-->Su dibujo m\u00e1s conocido,<strong> la Calavera Catrina, tiene su origen en la Calavera Garbancera<\/strong>. Sin embargo, en esta exhibici\u00f3n se muestran todas las \u00e1reas que abarc\u00f3 su obra, las cuales van desde cuentos infantiles, s\u00e1tira social, ilustraciones religiosas, cartas de amor y manuales de adivinaci\u00f3n. Adem\u00e1s tambi\u00e9n es posible observar sus herramientas de trabajo, as\u00ed como conocer el proceso para elaborar un estampado.<\/p>\n<p>En dicha muestra el visitante podr\u00e1 comprender por qu\u00e9 a trav\u00e9s de las ilustraciones de momentos de la vida com\u00fan, hechos pol\u00edticos e hist\u00f3ricos, <strong>Posada logr\u00f3 poner al alcance de la sociedad la informaci\u00f3n necesaria para entender su d\u00eda a d\u00eda<\/strong> de una manera popular. Al mismo tiempo, su labor como ilustrador an\u00f3nimo en diversas publicaciones lo llev\u00f3 a convertirse en inspiraci\u00f3n de grandes artistas como Diego Rivera o Jos\u00e9 Clemente Orozco.<\/p>\n<p>El Museo Nacional de la Estampa est\u00e1 ubicado en <strong>Avenida Hidalgo 39, Plaza de la Santa Veracruz, en el Centro Hist\u00f3rico<\/strong> de la ciudad. El costo de entrada es de $11.00. Abierto de martes a domingo, siendo este \u00faltimo d\u00eda gratuito.<\/p>\n<p><iframe loading=\"lazy\" width=\"625\" height=\"350\" frameborder=\"0\" scrolling=\"no\" marginheight=\"0\" marginwidth=\"0\" src=\"https:\/\/maps.google.com.mx\/maps?f=q&amp;source=s_q&amp;hl=es&amp;geocode=&amp;q=Museo+Nacional+de+la+Estampa,+Centro,+Cuauht%C3%A9moc,+Ciudad+de+M%C3%A9xico&amp;aq=0&amp;oq=museo+de+la+estam&amp;sll=19.401196,-99.122413&amp;sspn=0.010605,0.021136&amp;gl=mx&amp;g=Hidalgo+39,+Centro+df&amp;ie=UTF8&amp;hq=Museo+Nacional+de+la+Estampa,+Centro,+Cuauht%C3%A9moc,+Ciudad+de+M%C3%A9xico&amp;t=m&amp;ll=19.43689,-99.142728&amp;spn=0.014164,0.026822&amp;z=15&amp;iwloc=A&amp;output=embed\"><\/iframe><br \/><small><a href=\"https:\/\/maps.google.com.mx\/maps?f=q&amp;source=embed&amp;hl=es&amp;geocode=&amp;q=Museo+Nacional+de+la+Estampa,+Centro,+Cuauht%C3%A9moc,+Ciudad+de+M%C3%A9xico&amp;aq=0&amp;oq=museo+de+la+estam&amp;sll=19.401196,-99.122413&amp;sspn=0.010605,0.021136&amp;gl=mx&amp;g=Hidalgo+39,+Centro+df&amp;ie=UTF8&amp;hq=Museo+Nacional+de+la+Estampa,+Centro,+Cuauht%C3%A9moc,+Ciudad+de+M%C3%A9xico&amp;t=m&amp;ll=19.43689,-99.142728&amp;spn=0.014164,0.026822&amp;z=15&amp;iwloc=A\" style=\"color:#0000FF;text-align:left\">Ver mapa m\u00e1s grande<\/a><\/small><\/p>\n<p>&nbsp;<\/p>\n<p>&nbsp;<\/p>\n","protected":false},"excerpt":{"rendered":"<p>Ilustrador y caricaturista, estos fueron algunos de los oficios que durante su vida desempe\u00f1\u00f3 Jos\u00e9 Guadalupe Posada; personaje cuyo trabajo fue clave para la formaci\u00f3n del imaginario colectivo.<\/p>\n","protected":false},"author":2,"featured_media":18225,"comment_status":"open","ping_status":"open","sticky":false,"template":"","format":"standard","meta":{"footnotes":""},"categories":[3,39],"tags":[2172,1162,2170,2173,2171],"class_list":["post-18223","post","type-post","status-publish","format-standard","has-post-thumbnail","hentry","category-ciudad","category-lugares","tag-100-anos","tag-aniversario","tag-calavera-catrina","tag-centenario","tag-museo-nacional-de-la-estampa"],"yoast_head":"<!-- This site is optimized with the Yoast SEO plugin v24.7 - https:\/\/yoast.com\/wordpress\/plugins\/seo\/ -->\n<title>A 100 a\u00f1os de la &#039;Calavera Catrina&#039; &#171; Reconoce MX<\/title>\n<meta name=\"robots\" content=\"index, follow, max-snippet:-1, max-image-preview:large, max-video-preview:-1\" \/>\n<link rel=\"canonical\" href=\"http:\/\/www.reconoce.mx\/?p=18223\" \/>\n<meta property=\"og:locale\" content=\"es_ES\" \/>\n<meta property=\"og:type\" content=\"article\" \/>\n<meta property=\"og:title\" content=\"A 100 a\u00f1os de la &#039;Calavera Catrina&#039; &#171; Reconoce MX\" \/>\n<meta property=\"og:description\" content=\"Ilustrador y caricaturista, estos fueron algunos de los oficios que durante su vida desempe\u00f1\u00f3 Jos\u00e9 Guadalupe Posada; personaje cuyo trabajo fue clave para la formaci\u00f3n del imaginario colectivo.\" \/>\n<meta property=\"og:url\" content=\"http:\/\/www.reconoce.mx\/?p=18223\" \/>\n<meta property=\"og:site_name\" content=\"Reconoce MX\" \/>\n<meta property=\"article:publisher\" content=\"https:\/\/es-la.facebook.com\/ReconoceMX\/\" \/>\n<meta property=\"article:published_time\" content=\"2013-04-09T08:00:24+00:00\" \/>\n<meta property=\"article:modified_time\" content=\"2013-04-11T05:29:36+00:00\" \/>\n<meta property=\"og:image\" content=\"http:\/\/www.reconoce.mx\/wp-content\/uploads\/catrina-posadas.png\" \/>\n\t<meta property=\"og:image:width\" content=\"649\" \/>\n\t<meta property=\"og:image:height\" content=\"301\" \/>\n\t<meta property=\"og:image:type\" content=\"image\/png\" \/>\n<meta name=\"author\" content=\"Reconoce MX\" \/>\n<meta name=\"twitter:card\" content=\"summary_large_image\" \/>\n<meta name=\"twitter:creator\" content=\"@reconocemx\" \/>\n<meta name=\"twitter:site\" content=\"@reconocemx\" \/>\n<meta name=\"twitter:label1\" content=\"Escrito por\" \/>\n\t<meta name=\"twitter:data1\" content=\"Reconoce MX\" \/>\n\t<meta name=\"twitter:label2\" content=\"Tiempo de lectura\" \/>\n\t<meta name=\"twitter:data2\" content=\"1 minuto\" \/>\n<script type=\"application\/ld+json\" class=\"yoast-schema-graph\">{\"@context\":\"https:\/\/schema.org\",\"@graph\":[{\"@type\":\"Article\",\"@id\":\"http:\/\/www.reconoce.mx\/?p=18223#article\",\"isPartOf\":{\"@id\":\"http:\/\/www.reconoce.mx\/?p=18223\"},\"author\":{\"name\":\"Reconoce MX\",\"@id\":\"http:\/\/www.reconoce.mx\/#\/schema\/person\/2117e997d7051dc15d6880eaf9bca0b2\"},\"headline\":\"A 100 a\u00f1os de la &#8216;Calavera Catrina&#8217;\",\"datePublished\":\"2013-04-09T08:00:24+00:00\",\"dateModified\":\"2013-04-11T05:29:36+00:00\",\"mainEntityOfPage\":{\"@id\":\"http:\/\/www.reconoce.mx\/?p=18223\"},\"wordCount\":287,\"commentCount\":0,\"publisher\":{\"@id\":\"http:\/\/www.reconoce.mx\/#organization\"},\"image\":{\"@id\":\"http:\/\/www.reconoce.mx\/?p=18223#primaryimage\"},\"thumbnailUrl\":\"http:\/\/www.reconoce.mx\/wp-content\/uploads\/catrina-posadas.png\",\"keywords\":[\"100 a\u00f1os\",\"aniversario\",\"Calavera Catrina\",\"centenario\",\"Museo Nacional de la Estampa\"],\"articleSection\":[\"Ciudad\",\"Lugares\"],\"inLanguage\":\"es\",\"potentialAction\":[{\"@type\":\"CommentAction\",\"name\":\"Comment\",\"target\":[\"http:\/\/www.reconoce.mx\/?p=18223#respond\"]}]},{\"@type\":\"WebPage\",\"@id\":\"http:\/\/www.reconoce.mx\/?p=18223\",\"url\":\"http:\/\/www.reconoce.mx\/?p=18223\",\"name\":\"A 100 a\u00f1os de la 'Calavera Catrina' &#171; Reconoce MX\",\"isPartOf\":{\"@id\":\"http:\/\/www.reconoce.mx\/#website\"},\"primaryImageOfPage\":{\"@id\":\"http:\/\/www.reconoce.mx\/?p=18223#primaryimage\"},\"image\":{\"@id\":\"http:\/\/www.reconoce.mx\/?p=18223#primaryimage\"},\"thumbnailUrl\":\"http:\/\/www.reconoce.mx\/wp-content\/uploads\/catrina-posadas.png\",\"datePublished\":\"2013-04-09T08:00:24+00:00\",\"dateModified\":\"2013-04-11T05:29:36+00:00\",\"breadcrumb\":{\"@id\":\"http:\/\/www.reconoce.mx\/?p=18223#breadcrumb\"},\"inLanguage\":\"es\",\"potentialAction\":[{\"@type\":\"ReadAction\",\"target\":[\"http:\/\/www.reconoce.mx\/?p=18223\"]}]},{\"@type\":\"ImageObject\",\"inLanguage\":\"es\",\"@id\":\"http:\/\/www.reconoce.mx\/?p=18223#primaryimage\",\"url\":\"http:\/\/www.reconoce.mx\/wp-content\/uploads\/catrina-posadas.png\",\"contentUrl\":\"http:\/\/www.reconoce.mx\/wp-content\/uploads\/catrina-posadas.png\",\"width\":649,\"height\":301,\"caption\":\"A 100 a\u00f1os de la 'Calavera Catrina'.\"},{\"@type\":\"BreadcrumbList\",\"@id\":\"http:\/\/www.reconoce.mx\/?p=18223#breadcrumb\",\"itemListElement\":[{\"@type\":\"ListItem\",\"position\":1,\"name\":\"Portada\",\"item\":\"http:\/\/www.reconoce.mx\/\"},{\"@type\":\"ListItem\",\"position\":2,\"name\":\"A 100 a\u00f1os de la &#8216;Calavera Catrina&#8217;\"}]},{\"@type\":\"WebSite\",\"@id\":\"http:\/\/www.reconoce.mx\/#website\",\"url\":\"http:\/\/www.reconoce.mx\/\",\"name\":\"Reconoce MX\",\"description\":\"En Reconoce MX difundimos arte, cultura y conciencia social en M\u00e9xico. Tu ciudad en otra perspectiva.\",\"publisher\":{\"@id\":\"http:\/\/www.reconoce.mx\/#organization\"},\"potentialAction\":[{\"@type\":\"SearchAction\",\"target\":{\"@type\":\"EntryPoint\",\"urlTemplate\":\"http:\/\/www.reconoce.mx\/?s={search_term_string}\"},\"query-input\":{\"@type\":\"PropertyValueSpecification\",\"valueRequired\":true,\"valueName\":\"search_term_string\"}}],\"inLanguage\":\"es\"},{\"@type\":\"Organization\",\"@id\":\"http:\/\/www.reconoce.mx\/#organization\",\"name\":\"Reconoce MX\",\"url\":\"http:\/\/www.reconoce.mx\/\",\"logo\":{\"@type\":\"ImageObject\",\"inLanguage\":\"es\",\"@id\":\"http:\/\/www.reconoce.mx\/#\/schema\/logo\/image\/\",\"url\":\"https:\/\/www.reconoce.mx\/wp-content\/uploads\/2019\/03\/logorcmx-good-1.png\",\"contentUrl\":\"https:\/\/www.reconoce.mx\/wp-content\/uploads\/2019\/03\/logorcmx-good-1.png\",\"width\":280,\"height\":90,\"caption\":\"Reconoce MX\"},\"image\":{\"@id\":\"http:\/\/www.reconoce.mx\/#\/schema\/logo\/image\/\"},\"sameAs\":[\"https:\/\/es-la.facebook.com\/ReconoceMX\/\",\"https:\/\/x.com\/reconocemx\",\"http:\/\/@reconocemx\"]},{\"@type\":\"Person\",\"@id\":\"http:\/\/www.reconoce.mx\/#\/schema\/person\/2117e997d7051dc15d6880eaf9bca0b2\",\"name\":\"Reconoce MX\",\"image\":{\"@type\":\"ImageObject\",\"inLanguage\":\"es\",\"@id\":\"http:\/\/www.reconoce.mx\/#\/schema\/person\/image\/\",\"url\":\"https:\/\/secure.gravatar.com\/avatar\/6c8d4dc7569ca1c90c5fdcc349f839d5ddef6fe1e70b4337ead2ef1a4c43fc3a?s=96&d=identicon&r=g\",\"contentUrl\":\"https:\/\/secure.gravatar.com\/avatar\/6c8d4dc7569ca1c90c5fdcc349f839d5ddef6fe1e70b4337ead2ef1a4c43fc3a?s=96&d=identicon&r=g\",\"caption\":\"Reconoce MX\"},\"description\":\"Reconoce MX es un proyecto de difusi\u00f3n art\u00edstica, cultural y de conciencia social que est\u00e1 enfocado a difundir y fomentar el entretenimiento alternativo de calidad para todo el p\u00fablico que comparta el mismo entusiasmo.\",\"sameAs\":[\"http:\/\/www.reconoce.mx\"],\"url\":\"http:\/\/www.reconoce.mx\/?author=2\"}]}<\/script>\n<!-- \/ Yoast SEO plugin. -->","yoast_head_json":{"title":"A 100 a\u00f1os de la 'Calavera Catrina' &#171; Reconoce MX","robots":{"index":"index","follow":"follow","max-snippet":"max-snippet:-1","max-image-preview":"max-image-preview:large","max-video-preview":"max-video-preview:-1"},"canonical":"http:\/\/www.reconoce.mx\/?p=18223","og_locale":"es_ES","og_type":"article","og_title":"A 100 a\u00f1os de la 'Calavera Catrina' &#171; Reconoce MX","og_description":"Ilustrador y caricaturista, estos fueron algunos de los oficios que durante su vida desempe\u00f1\u00f3 Jos\u00e9 Guadalupe Posada; personaje cuyo trabajo fue clave para la formaci\u00f3n del imaginario colectivo.","og_url":"http:\/\/www.reconoce.mx\/?p=18223","og_site_name":"Reconoce MX","article_publisher":"https:\/\/es-la.facebook.com\/ReconoceMX\/","article_published_time":"2013-04-09T08:00:24+00:00","article_modified_time":"2013-04-11T05:29:36+00:00","og_image":[{"width":649,"height":301,"url":"http:\/\/www.reconoce.mx\/wp-content\/uploads\/catrina-posadas.png","type":"image\/png"}],"author":"Reconoce MX","twitter_card":"summary_large_image","twitter_creator":"@reconocemx","twitter_site":"@reconocemx","twitter_misc":{"Escrito por":"Reconoce MX","Tiempo de lectura":"1 minuto"},"schema":{"@context":"https:\/\/schema.org","@graph":[{"@type":"Article","@id":"http:\/\/www.reconoce.mx\/?p=18223#article","isPartOf":{"@id":"http:\/\/www.reconoce.mx\/?p=18223"},"author":{"name":"Reconoce MX","@id":"http:\/\/www.reconoce.mx\/#\/schema\/person\/2117e997d7051dc15d6880eaf9bca0b2"},"headline":"A 100 a\u00f1os de la &#8216;Calavera Catrina&#8217;","datePublished":"2013-04-09T08:00:24+00:00","dateModified":"2013-04-11T05:29:36+00:00","mainEntityOfPage":{"@id":"http:\/\/www.reconoce.mx\/?p=18223"},"wordCount":287,"commentCount":0,"publisher":{"@id":"http:\/\/www.reconoce.mx\/#organization"},"image":{"@id":"http:\/\/www.reconoce.mx\/?p=18223#primaryimage"},"thumbnailUrl":"http:\/\/www.reconoce.mx\/wp-content\/uploads\/catrina-posadas.png","keywords":["100 a\u00f1os","aniversario","Calavera Catrina","centenario","Museo Nacional de la Estampa"],"articleSection":["Ciudad","Lugares"],"inLanguage":"es","potentialAction":[{"@type":"CommentAction","name":"Comment","target":["http:\/\/www.reconoce.mx\/?p=18223#respond"]}]},{"@type":"WebPage","@id":"http:\/\/www.reconoce.mx\/?p=18223","url":"http:\/\/www.reconoce.mx\/?p=18223","name":"A 100 a\u00f1os de la 'Calavera Catrina' &#171; Reconoce MX","isPartOf":{"@id":"http:\/\/www.reconoce.mx\/#website"},"primaryImageOfPage":{"@id":"http:\/\/www.reconoce.mx\/?p=18223#primaryimage"},"image":{"@id":"http:\/\/www.reconoce.mx\/?p=18223#primaryimage"},"thumbnailUrl":"http:\/\/www.reconoce.mx\/wp-content\/uploads\/catrina-posadas.png","datePublished":"2013-04-09T08:00:24+00:00","dateModified":"2013-04-11T05:29:36+00:00","breadcrumb":{"@id":"http:\/\/www.reconoce.mx\/?p=18223#breadcrumb"},"inLanguage":"es","potentialAction":[{"@type":"ReadAction","target":["http:\/\/www.reconoce.mx\/?p=18223"]}]},{"@type":"ImageObject","inLanguage":"es","@id":"http:\/\/www.reconoce.mx\/?p=18223#primaryimage","url":"http:\/\/www.reconoce.mx\/wp-content\/uploads\/catrina-posadas.png","contentUrl":"http:\/\/www.reconoce.mx\/wp-content\/uploads\/catrina-posadas.png","width":649,"height":301,"caption":"A 100 a\u00f1os de la 'Calavera Catrina'."},{"@type":"BreadcrumbList","@id":"http:\/\/www.reconoce.mx\/?p=18223#breadcrumb","itemListElement":[{"@type":"ListItem","position":1,"name":"Portada","item":"http:\/\/www.reconoce.mx\/"},{"@type":"ListItem","position":2,"name":"A 100 a\u00f1os de la &#8216;Calavera Catrina&#8217;"}]},{"@type":"WebSite","@id":"http:\/\/www.reconoce.mx\/#website","url":"http:\/\/www.reconoce.mx\/","name":"Reconoce MX","description":"En Reconoce MX difundimos arte, cultura y conciencia social en M\u00e9xico. Tu ciudad en otra perspectiva.","publisher":{"@id":"http:\/\/www.reconoce.mx\/#organization"},"potentialAction":[{"@type":"SearchAction","target":{"@type":"EntryPoint","urlTemplate":"http:\/\/www.reconoce.mx\/?s={search_term_string}"},"query-input":{"@type":"PropertyValueSpecification","valueRequired":true,"valueName":"search_term_string"}}],"inLanguage":"es"},{"@type":"Organization","@id":"http:\/\/www.reconoce.mx\/#organization","name":"Reconoce MX","url":"http:\/\/www.reconoce.mx\/","logo":{"@type":"ImageObject","inLanguage":"es","@id":"http:\/\/www.reconoce.mx\/#\/schema\/logo\/image\/","url":"https:\/\/www.reconoce.mx\/wp-content\/uploads\/2019\/03\/logorcmx-good-1.png","contentUrl":"https:\/\/www.reconoce.mx\/wp-content\/uploads\/2019\/03\/logorcmx-good-1.png","width":280,"height":90,"caption":"Reconoce MX"},"image":{"@id":"http:\/\/www.reconoce.mx\/#\/schema\/logo\/image\/"},"sameAs":["https:\/\/es-la.facebook.com\/ReconoceMX\/","https:\/\/x.com\/reconocemx","http:\/\/@reconocemx"]},{"@type":"Person","@id":"http:\/\/www.reconoce.mx\/#\/schema\/person\/2117e997d7051dc15d6880eaf9bca0b2","name":"Reconoce MX","image":{"@type":"ImageObject","inLanguage":"es","@id":"http:\/\/www.reconoce.mx\/#\/schema\/person\/image\/","url":"https:\/\/secure.gravatar.com\/avatar\/6c8d4dc7569ca1c90c5fdcc349f839d5ddef6fe1e70b4337ead2ef1a4c43fc3a?s=96&d=identicon&r=g","contentUrl":"https:\/\/secure.gravatar.com\/avatar\/6c8d4dc7569ca1c90c5fdcc349f839d5ddef6fe1e70b4337ead2ef1a4c43fc3a?s=96&d=identicon&r=g","caption":"Reconoce MX"},"description":"Reconoce MX es un proyecto de difusi\u00f3n art\u00edstica, cultural y de conciencia social que est\u00e1 enfocado a difundir y fomentar el entretenimiento alternativo de calidad para todo el p\u00fablico que comparta el mismo entusiasmo.","sameAs":["http:\/\/www.reconoce.mx"],"url":"http:\/\/www.reconoce.mx\/?author=2"}]}},"_links":{"self":[{"href":"http:\/\/www.reconoce.mx\/index.php?rest_route=\/wp\/v2\/posts\/18223","targetHints":{"allow":["GET"]}}],"collection":[{"href":"http:\/\/www.reconoce.mx\/index.php?rest_route=\/wp\/v2\/posts"}],"about":[{"href":"http:\/\/www.reconoce.mx\/index.php?rest_route=\/wp\/v2\/types\/post"}],"author":[{"embeddable":true,"href":"http:\/\/www.reconoce.mx\/index.php?rest_route=\/wp\/v2\/users\/2"}],"replies":[{"embeddable":true,"href":"http:\/\/www.reconoce.mx\/index.php?rest_route=%2Fwp%2Fv2%2Fcomments&post=18223"}],"version-history":[{"count":12,"href":"http:\/\/www.reconoce.mx\/index.php?rest_route=\/wp\/v2\/posts\/18223\/revisions"}],"predecessor-version":[{"id":18323,"href":"http:\/\/www.reconoce.mx\/index.php?rest_route=\/wp\/v2\/posts\/18223\/revisions\/18323"}],"wp:featuredmedia":[{"embeddable":true,"href":"http:\/\/www.reconoce.mx\/index.php?rest_route=\/wp\/v2\/media\/18225"}],"wp:attachment":[{"href":"http:\/\/www.reconoce.mx\/index.php?rest_route=%2Fwp%2Fv2%2Fmedia&parent=18223"}],"wp:term":[{"taxonomy":"category","embeddable":true,"href":"http:\/\/www.reconoce.mx\/index.php?rest_route=%2Fwp%2Fv2%2Fcategories&post=18223"},{"taxonomy":"post_tag","embeddable":true,"href":"http:\/\/www.reconoce.mx\/index.php?rest_route=%2Fwp%2Fv2%2Ftags&post=18223"}],"curies":[{"name":"wp","href":"https:\/\/api.w.org\/{rel}","templated":true}]}}