{"id":18246,"date":"2013-04-10T02:00:13","date_gmt":"2013-04-10T07:00:13","guid":{"rendered":"http:\/\/www.reconoce.mx\/?p=18246"},"modified":"2018-01-11T00:07:51","modified_gmt":"2018-01-11T06:07:51","slug":"calles-de-mexico-un-homenaje-pintoresco-para-francisco-sosa-parte-2","status":"publish","type":"post","link":"http:\/\/www.reconoce.mx\/?p=18246","title":{"rendered":"Calles de M\u00e9xico: Un homenaje pintoresco para Francisco Sosa, parte 2"},"content":{"rendered":"<p><strong>Por\u00a0<a title=\"@enriquefa86\" href=\"https:\/\/twitter.com\/enriquefa86\" target=\"_blank\" rel=\"noopener\">Enrique Figueroa Anaya<\/a>.<\/strong><\/p>\n<p>La ciudad tiene muchos <strong>rincones que nos hacen escapar de la monoton\u00eda del caos<\/strong>; uno de esos lugares es <a title=\"Calles de M\u00e9xico: Un homenaje pintoresco para Francisco Sosa, parte 1\" href=\"http:\/\/www.reconoce.mx\/calles-de-mexico-un-homenaje-pintoresco-para-francisco-sosa-parte-1\/\" target=\"_blank\" rel=\"noopener\">la calle de Francisco Sosa<\/a>. Uno de los primeros caminos que conduc\u00edan al barrio de Coyoac\u00e1n sigue cumpliendo con su misi\u00f3n en pleno siglo XXI. La calle, homenaje al historiador y periodista Francisco Sosa, es una de pocas calles fuera del centro hist\u00f3rico que vale la pena recorrer a pie.<\/p>\n<p><a href=\"http:\/\/www.reconoce.mx\/wp-content\/uploads\/2013\/04\/francisco-sosa-2.png\"><img loading=\"lazy\" decoding=\"async\" class=\"aligncenter size-full wp-image-69538\" src=\"http:\/\/www.reconoce.mx\/wp-content\/uploads\/2013\/04\/francisco-sosa-2.png\" alt=\"\" width=\"649\" height=\"301\" srcset=\"http:\/\/www.reconoce.mx\/wp-content\/uploads\/2013\/04\/francisco-sosa-2.png 649w, http:\/\/www.reconoce.mx\/wp-content\/uploads\/2013\/04\/francisco-sosa-2-300x139.png 300w, http:\/\/www.reconoce.mx\/wp-content\/uploads\/2013\/04\/francisco-sosa-2-150x70.png 150w\" sizes=\"auto, (max-width: 649px) 100vw, 649px\" \/><\/a><\/p>\n<p>Algunos de los sitios que nos encontraremos en nuestro recorrido ser\u00e1n la <strong>capilla de San Antonio de Panzacola<\/strong> y la<strong> iglesia de Santa Catarina<\/strong>. \u00a0Los dos edificios son los templos cat\u00f3licos m\u00e1s importantes de la zona; en el primero (que data aproximadamente del siglo XVII) se localiza un puente por donde pasaba el entonces conocido R\u00edo Magdalena. Del segundo, hoy muy solicitado para las bodas, hay que destacar que en su momento fue una capilla de indios que serv\u00eda como centro de evangelizaci\u00f3n para los primeros franciscanos (tambi\u00e9n en el siglo XVII). Por cierto, es en en la plaza de Santa Catarina donde nos encontramos tambi\u00e9n con la Casa de Cultura Jes\u00fas Reyes Heroles, donde se ofrecen talleres art\u00edsticos con una diversidad importante.<\/p>\n<p>Otro de los espacios a visitar, y quiz\u00e1 uno de mis consentidos, es la alguna vez denominada Casa de Alvarado, hoy mejor conocida como la <strong>Fonoteca Nacional<\/strong>. La preciosa casa del siglo XVIII sobresale de entre sus edificios vecinos, destacando sobre todo, su fachada de ajaraca con toques moriscos. En el interior del lugar se resguarda un tesoro sonoro que se va enriqueciendo y que adem\u00e1s, convoca a la reflexi\u00f3n sobre eso&#8230; el sonido. Por si fuera poco, el sitio tambi\u00e9n fue casa en los \u00faltimos d\u00edas de su vida, del escritor y Nobel de Literatura mexicano, Octavio Paz.<\/p>\n<p>Es as\u00ed que <strong>Francisco Sosa es una calle obligada<\/strong>, en la que adem\u00e1s te encontrar\u00e1s con restaurantes y alguna que otra sorpresa. Un sitio en el que si bien tambi\u00e9n transitan los numerosos coches que llegan al centro de Coyoac\u00e1n, no deja de evocarnos un poco a ese M\u00e9xico de ayer. Y si no me creen, pru\u00e9benlo ustedes; ya nos lo contar\u00e1n.<\/p>\n<style>.embed-container { position: relative; padding-bottom: 56.25%; height: 0; overflow: hidden; max-width: 100%; } .embed-container iframe, .embed-container object, .embed-container embed { position: absolute; top: 0; left: 0; width: 100%; height: 100%; }<\/style>\n<div class='embed-container'><iframe src='https:\/\/www.google.com\/maps\/embed?pb=!1m14!1m8!1m3!1d25723.763796386847!2d-99.172126!3d19.349518!3m2!1i1024!2i768!4f13.1!3m3!1m2!1s0x85d1ffe8a3ebae6f%3A0x7fb47a17628bcf7a!2sAv+Francisco+Sosa%2C+Ciudad+de+M%C3%A9xico%2C+CDMX%2C+M%C3%A9xico!5e1!3m2!1ses!2sus!4v1515650657516' width='600' height='450' frameborder='0' style='border:0' allowfullscreen><\/iframe><\/div>\n<p>&nbsp;<\/p>\n<p style=\"text-align: right;\">Foto portada: <strong>David Cabrera<\/strong>.<\/p>\n<p>&nbsp;<\/p>\n<p>&nbsp;<\/p>\n","protected":false},"excerpt":{"rendered":"<p>La ciudad tiene rincones que nos hacen escapar de la monoton\u00eda del caos; uno de ellos es la calle de Francisco Sosa. Uno de los primeros caminos que conduc\u00edan a Coyoac\u00e1n.<\/p>\n","protected":false},"author":2,"featured_media":69537,"comment_status":"open","ping_status":"open","sticky":false,"template":"","format":"standard","meta":{"footnotes":""},"categories":[1834,3,157],"tags":[2633,36,218,2074],"class_list":["post-18246","post","type-post","status-publish","format-standard","has-post-thumbnail","hentry","category-calles-de-mexico","category-ciudad","category-historia","tag-calles-de-mexico","tag-ciudad-de-mexico","tag-coyoacan","tag-francisco-sosa"],"yoast_head":"<!-- This site is optimized with the Yoast SEO plugin v24.7 - https:\/\/yoast.com\/wordpress\/plugins\/seo\/ -->\n<title>Calles de M\u00e9xico: Un homenaje pintoresco para Francisco Sosa, parte 2 &#171; Reconoce MX<\/title>\n<meta name=\"robots\" content=\"index, follow, max-snippet:-1, max-image-preview:large, max-video-preview:-1\" \/>\n<link rel=\"canonical\" href=\"https:\/\/www.reconoce.mx\/?p=18246\" \/>\n<meta property=\"og:locale\" content=\"es_ES\" \/>\n<meta property=\"og:type\" content=\"article\" \/>\n<meta property=\"og:title\" content=\"Calles de M\u00e9xico: Un homenaje pintoresco para Francisco Sosa, parte 2 &#171; Reconoce MX\" \/>\n<meta property=\"og:description\" content=\"La ciudad tiene rincones que nos hacen escapar de la monoton\u00eda del caos; uno de ellos es la calle de Francisco Sosa. Uno de los primeros caminos que conduc\u00edan a Coyoac\u00e1n.\" \/>\n<meta property=\"og:url\" content=\"https:\/\/www.reconoce.mx\/?p=18246\" \/>\n<meta property=\"og:site_name\" content=\"Reconoce MX\" \/>\n<meta property=\"article:publisher\" content=\"https:\/\/es-la.facebook.com\/ReconoceMX\/\" \/>\n<meta property=\"article:published_time\" content=\"2013-04-10T07:00:13+00:00\" \/>\n<meta property=\"article:modified_time\" content=\"2018-01-11T06:07:51+00:00\" \/>\n<meta property=\"og:image\" content=\"https:\/\/www.reconoce.mx\/wp-content\/uploads\/2013\/04\/francisco-sosa-cover-2.png\" \/>\n\t<meta property=\"og:image:width\" content=\"590\" \/>\n\t<meta property=\"og:image:height\" content=\"380\" \/>\n\t<meta property=\"og:image:type\" content=\"image\/png\" \/>\n<meta name=\"author\" content=\"Reconoce MX\" \/>\n<meta name=\"twitter:card\" content=\"summary_large_image\" \/>\n<meta name=\"twitter:creator\" content=\"@reconocemx\" \/>\n<meta name=\"twitter:site\" content=\"@reconocemx\" \/>\n<meta name=\"twitter:label1\" content=\"Escrito por\" \/>\n\t<meta name=\"twitter:data1\" content=\"Reconoce MX\" \/>\n\t<meta name=\"twitter:label2\" content=\"Tiempo de lectura\" \/>\n\t<meta name=\"twitter:data2\" content=\"2 minutos\" \/>\n<script type=\"application\/ld+json\" class=\"yoast-schema-graph\">{\"@context\":\"https:\/\/schema.org\",\"@graph\":[{\"@type\":\"Article\",\"@id\":\"https:\/\/www.reconoce.mx\/?p=18246#article\",\"isPartOf\":{\"@id\":\"https:\/\/www.reconoce.mx\/?p=18246\"},\"author\":{\"name\":\"Reconoce MX\",\"@id\":\"http:\/\/www.reconoce.mx\/#\/schema\/person\/2117e997d7051dc15d6880eaf9bca0b2\"},\"headline\":\"Calles de M\u00e9xico: Un homenaje pintoresco para Francisco Sosa, parte 2\",\"datePublished\":\"2013-04-10T07:00:13+00:00\",\"dateModified\":\"2018-01-11T06:07:51+00:00\",\"mainEntityOfPage\":{\"@id\":\"https:\/\/www.reconoce.mx\/?p=18246\"},\"wordCount\":401,\"commentCount\":0,\"publisher\":{\"@id\":\"http:\/\/www.reconoce.mx\/#organization\"},\"image\":{\"@id\":\"https:\/\/www.reconoce.mx\/?p=18246#primaryimage\"},\"thumbnailUrl\":\"http:\/\/www.reconoce.mx\/wp-content\/uploads\/2013\/04\/francisco-sosa-cover-2.png\",\"keywords\":[\"Calles de M\u00e9xico\",\"ciudad de m\u00e9xico\",\"Coyoac\u00e1n\",\"Francisco Sosa\"],\"articleSection\":[\"Calles de M\u00e9xico\",\"Ciudad\",\"Historia\"],\"inLanguage\":\"es\",\"potentialAction\":[{\"@type\":\"CommentAction\",\"name\":\"Comment\",\"target\":[\"https:\/\/www.reconoce.mx\/?p=18246#respond\"]}]},{\"@type\":\"WebPage\",\"@id\":\"https:\/\/www.reconoce.mx\/?p=18246\",\"url\":\"https:\/\/www.reconoce.mx\/?p=18246\",\"name\":\"Calles de M\u00e9xico: Un homenaje pintoresco para Francisco Sosa, parte 2 &#171; Reconoce MX\",\"isPartOf\":{\"@id\":\"http:\/\/www.reconoce.mx\/#website\"},\"primaryImageOfPage\":{\"@id\":\"https:\/\/www.reconoce.mx\/?p=18246#primaryimage\"},\"image\":{\"@id\":\"https:\/\/www.reconoce.mx\/?p=18246#primaryimage\"},\"thumbnailUrl\":\"http:\/\/www.reconoce.mx\/wp-content\/uploads\/2013\/04\/francisco-sosa-cover-2.png\",\"datePublished\":\"2013-04-10T07:00:13+00:00\",\"dateModified\":\"2018-01-11T06:07:51+00:00\",\"breadcrumb\":{\"@id\":\"https:\/\/www.reconoce.mx\/?p=18246#breadcrumb\"},\"inLanguage\":\"es\",\"potentialAction\":[{\"@type\":\"ReadAction\",\"target\":[\"https:\/\/www.reconoce.mx\/?p=18246\"]}]},{\"@type\":\"ImageObject\",\"inLanguage\":\"es\",\"@id\":\"https:\/\/www.reconoce.mx\/?p=18246#primaryimage\",\"url\":\"http:\/\/www.reconoce.mx\/wp-content\/uploads\/2013\/04\/francisco-sosa-cover-2.png\",\"contentUrl\":\"http:\/\/www.reconoce.mx\/wp-content\/uploads\/2013\/04\/francisco-sosa-cover-2.png\",\"width\":590,\"height\":380},{\"@type\":\"BreadcrumbList\",\"@id\":\"https:\/\/www.reconoce.mx\/?p=18246#breadcrumb\",\"itemListElement\":[{\"@type\":\"ListItem\",\"position\":1,\"name\":\"Portada\",\"item\":\"http:\/\/www.reconoce.mx\/\"},{\"@type\":\"ListItem\",\"position\":2,\"name\":\"Calles de M\u00e9xico: Un homenaje pintoresco para Francisco Sosa, parte 2\"}]},{\"@type\":\"WebSite\",\"@id\":\"http:\/\/www.reconoce.mx\/#website\",\"url\":\"http:\/\/www.reconoce.mx\/\",\"name\":\"Reconoce MX\",\"description\":\"En Reconoce MX difundimos arte, cultura y conciencia social en M\u00e9xico. Tu ciudad en otra perspectiva.\",\"publisher\":{\"@id\":\"http:\/\/www.reconoce.mx\/#organization\"},\"potentialAction\":[{\"@type\":\"SearchAction\",\"target\":{\"@type\":\"EntryPoint\",\"urlTemplate\":\"http:\/\/www.reconoce.mx\/?s={search_term_string}\"},\"query-input\":{\"@type\":\"PropertyValueSpecification\",\"valueRequired\":true,\"valueName\":\"search_term_string\"}}],\"inLanguage\":\"es\"},{\"@type\":\"Organization\",\"@id\":\"http:\/\/www.reconoce.mx\/#organization\",\"name\":\"Reconoce MX\",\"url\":\"http:\/\/www.reconoce.mx\/\",\"logo\":{\"@type\":\"ImageObject\",\"inLanguage\":\"es\",\"@id\":\"http:\/\/www.reconoce.mx\/#\/schema\/logo\/image\/\",\"url\":\"https:\/\/www.reconoce.mx\/wp-content\/uploads\/2019\/03\/logorcmx-good-1.png\",\"contentUrl\":\"https:\/\/www.reconoce.mx\/wp-content\/uploads\/2019\/03\/logorcmx-good-1.png\",\"width\":280,\"height\":90,\"caption\":\"Reconoce MX\"},\"image\":{\"@id\":\"http:\/\/www.reconoce.mx\/#\/schema\/logo\/image\/\"},\"sameAs\":[\"https:\/\/es-la.facebook.com\/ReconoceMX\/\",\"https:\/\/x.com\/reconocemx\",\"http:\/\/@reconocemx\"]},{\"@type\":\"Person\",\"@id\":\"http:\/\/www.reconoce.mx\/#\/schema\/person\/2117e997d7051dc15d6880eaf9bca0b2\",\"name\":\"Reconoce MX\",\"image\":{\"@type\":\"ImageObject\",\"inLanguage\":\"es\",\"@id\":\"http:\/\/www.reconoce.mx\/#\/schema\/person\/image\/\",\"url\":\"https:\/\/secure.gravatar.com\/avatar\/6c8d4dc7569ca1c90c5fdcc349f839d5ddef6fe1e70b4337ead2ef1a4c43fc3a?s=96&d=identicon&r=g\",\"contentUrl\":\"https:\/\/secure.gravatar.com\/avatar\/6c8d4dc7569ca1c90c5fdcc349f839d5ddef6fe1e70b4337ead2ef1a4c43fc3a?s=96&d=identicon&r=g\",\"caption\":\"Reconoce MX\"},\"description\":\"Reconoce MX es un proyecto de difusi\u00f3n art\u00edstica, cultural y de conciencia social que est\u00e1 enfocado a difundir y fomentar el entretenimiento alternativo de calidad para todo el p\u00fablico que comparta el mismo entusiasmo.\",\"sameAs\":[\"http:\/\/www.reconoce.mx\"],\"url\":\"http:\/\/www.reconoce.mx\/?author=2\"}]}<\/script>\n<!-- \/ Yoast SEO plugin. -->","yoast_head_json":{"title":"Calles de M\u00e9xico: Un homenaje pintoresco para Francisco Sosa, parte 2 &#171; Reconoce MX","robots":{"index":"index","follow":"follow","max-snippet":"max-snippet:-1","max-image-preview":"max-image-preview:large","max-video-preview":"max-video-preview:-1"},"canonical":"https:\/\/www.reconoce.mx\/?p=18246","og_locale":"es_ES","og_type":"article","og_title":"Calles de M\u00e9xico: Un homenaje pintoresco para Francisco Sosa, parte 2 &#171; Reconoce MX","og_description":"La ciudad tiene rincones que nos hacen escapar de la monoton\u00eda del caos; uno de ellos es la calle de Francisco Sosa. Uno de los primeros caminos que conduc\u00edan a Coyoac\u00e1n.","og_url":"https:\/\/www.reconoce.mx\/?p=18246","og_site_name":"Reconoce MX","article_publisher":"https:\/\/es-la.facebook.com\/ReconoceMX\/","article_published_time":"2013-04-10T07:00:13+00:00","article_modified_time":"2018-01-11T06:07:51+00:00","og_image":[{"width":590,"height":380,"url":"https:\/\/www.reconoce.mx\/wp-content\/uploads\/2013\/04\/francisco-sosa-cover-2.png","type":"image\/png"}],"author":"Reconoce MX","twitter_card":"summary_large_image","twitter_creator":"@reconocemx","twitter_site":"@reconocemx","twitter_misc":{"Escrito por":"Reconoce MX","Tiempo de lectura":"2 minutos"},"schema":{"@context":"https:\/\/schema.org","@graph":[{"@type":"Article","@id":"https:\/\/www.reconoce.mx\/?p=18246#article","isPartOf":{"@id":"https:\/\/www.reconoce.mx\/?p=18246"},"author":{"name":"Reconoce MX","@id":"http:\/\/www.reconoce.mx\/#\/schema\/person\/2117e997d7051dc15d6880eaf9bca0b2"},"headline":"Calles de M\u00e9xico: Un homenaje pintoresco para Francisco Sosa, parte 2","datePublished":"2013-04-10T07:00:13+00:00","dateModified":"2018-01-11T06:07:51+00:00","mainEntityOfPage":{"@id":"https:\/\/www.reconoce.mx\/?p=18246"},"wordCount":401,"commentCount":0,"publisher":{"@id":"http:\/\/www.reconoce.mx\/#organization"},"image":{"@id":"https:\/\/www.reconoce.mx\/?p=18246#primaryimage"},"thumbnailUrl":"http:\/\/www.reconoce.mx\/wp-content\/uploads\/2013\/04\/francisco-sosa-cover-2.png","keywords":["Calles de M\u00e9xico","ciudad de m\u00e9xico","Coyoac\u00e1n","Francisco Sosa"],"articleSection":["Calles de M\u00e9xico","Ciudad","Historia"],"inLanguage":"es","potentialAction":[{"@type":"CommentAction","name":"Comment","target":["https:\/\/www.reconoce.mx\/?p=18246#respond"]}]},{"@type":"WebPage","@id":"https:\/\/www.reconoce.mx\/?p=18246","url":"https:\/\/www.reconoce.mx\/?p=18246","name":"Calles de M\u00e9xico: Un homenaje pintoresco para Francisco Sosa, parte 2 &#171; Reconoce MX","isPartOf":{"@id":"http:\/\/www.reconoce.mx\/#website"},"primaryImageOfPage":{"@id":"https:\/\/www.reconoce.mx\/?p=18246#primaryimage"},"image":{"@id":"https:\/\/www.reconoce.mx\/?p=18246#primaryimage"},"thumbnailUrl":"http:\/\/www.reconoce.mx\/wp-content\/uploads\/2013\/04\/francisco-sosa-cover-2.png","datePublished":"2013-04-10T07:00:13+00:00","dateModified":"2018-01-11T06:07:51+00:00","breadcrumb":{"@id":"https:\/\/www.reconoce.mx\/?p=18246#breadcrumb"},"inLanguage":"es","potentialAction":[{"@type":"ReadAction","target":["https:\/\/www.reconoce.mx\/?p=18246"]}]},{"@type":"ImageObject","inLanguage":"es","@id":"https:\/\/www.reconoce.mx\/?p=18246#primaryimage","url":"http:\/\/www.reconoce.mx\/wp-content\/uploads\/2013\/04\/francisco-sosa-cover-2.png","contentUrl":"http:\/\/www.reconoce.mx\/wp-content\/uploads\/2013\/04\/francisco-sosa-cover-2.png","width":590,"height":380},{"@type":"BreadcrumbList","@id":"https:\/\/www.reconoce.mx\/?p=18246#breadcrumb","itemListElement":[{"@type":"ListItem","position":1,"name":"Portada","item":"http:\/\/www.reconoce.mx\/"},{"@type":"ListItem","position":2,"name":"Calles de M\u00e9xico: Un homenaje pintoresco para Francisco Sosa, parte 2"}]},{"@type":"WebSite","@id":"http:\/\/www.reconoce.mx\/#website","url":"http:\/\/www.reconoce.mx\/","name":"Reconoce MX","description":"En Reconoce MX difundimos arte, cultura y conciencia social en M\u00e9xico. Tu ciudad en otra perspectiva.","publisher":{"@id":"http:\/\/www.reconoce.mx\/#organization"},"potentialAction":[{"@type":"SearchAction","target":{"@type":"EntryPoint","urlTemplate":"http:\/\/www.reconoce.mx\/?s={search_term_string}"},"query-input":{"@type":"PropertyValueSpecification","valueRequired":true,"valueName":"search_term_string"}}],"inLanguage":"es"},{"@type":"Organization","@id":"http:\/\/www.reconoce.mx\/#organization","name":"Reconoce MX","url":"http:\/\/www.reconoce.mx\/","logo":{"@type":"ImageObject","inLanguage":"es","@id":"http:\/\/www.reconoce.mx\/#\/schema\/logo\/image\/","url":"https:\/\/www.reconoce.mx\/wp-content\/uploads\/2019\/03\/logorcmx-good-1.png","contentUrl":"https:\/\/www.reconoce.mx\/wp-content\/uploads\/2019\/03\/logorcmx-good-1.png","width":280,"height":90,"caption":"Reconoce MX"},"image":{"@id":"http:\/\/www.reconoce.mx\/#\/schema\/logo\/image\/"},"sameAs":["https:\/\/es-la.facebook.com\/ReconoceMX\/","https:\/\/x.com\/reconocemx","http:\/\/@reconocemx"]},{"@type":"Person","@id":"http:\/\/www.reconoce.mx\/#\/schema\/person\/2117e997d7051dc15d6880eaf9bca0b2","name":"Reconoce MX","image":{"@type":"ImageObject","inLanguage":"es","@id":"http:\/\/www.reconoce.mx\/#\/schema\/person\/image\/","url":"https:\/\/secure.gravatar.com\/avatar\/6c8d4dc7569ca1c90c5fdcc349f839d5ddef6fe1e70b4337ead2ef1a4c43fc3a?s=96&d=identicon&r=g","contentUrl":"https:\/\/secure.gravatar.com\/avatar\/6c8d4dc7569ca1c90c5fdcc349f839d5ddef6fe1e70b4337ead2ef1a4c43fc3a?s=96&d=identicon&r=g","caption":"Reconoce MX"},"description":"Reconoce MX es un proyecto de difusi\u00f3n art\u00edstica, cultural y de conciencia social que est\u00e1 enfocado a difundir y fomentar el entretenimiento alternativo de calidad para todo el p\u00fablico que comparta el mismo entusiasmo.","sameAs":["http:\/\/www.reconoce.mx"],"url":"http:\/\/www.reconoce.mx\/?author=2"}]}},"_links":{"self":[{"href":"http:\/\/www.reconoce.mx\/index.php?rest_route=\/wp\/v2\/posts\/18246","targetHints":{"allow":["GET"]}}],"collection":[{"href":"http:\/\/www.reconoce.mx\/index.php?rest_route=\/wp\/v2\/posts"}],"about":[{"href":"http:\/\/www.reconoce.mx\/index.php?rest_route=\/wp\/v2\/types\/post"}],"author":[{"embeddable":true,"href":"http:\/\/www.reconoce.mx\/index.php?rest_route=\/wp\/v2\/users\/2"}],"replies":[{"embeddable":true,"href":"http:\/\/www.reconoce.mx\/index.php?rest_route=%2Fwp%2Fv2%2Fcomments&post=18246"}],"version-history":[{"count":14,"href":"http:\/\/www.reconoce.mx\/index.php?rest_route=\/wp\/v2\/posts\/18246\/revisions"}],"predecessor-version":[{"id":69546,"href":"http:\/\/www.reconoce.mx\/index.php?rest_route=\/wp\/v2\/posts\/18246\/revisions\/69546"}],"wp:featuredmedia":[{"embeddable":true,"href":"http:\/\/www.reconoce.mx\/index.php?rest_route=\/wp\/v2\/media\/69537"}],"wp:attachment":[{"href":"http:\/\/www.reconoce.mx\/index.php?rest_route=%2Fwp%2Fv2%2Fmedia&parent=18246"}],"wp:term":[{"taxonomy":"category","embeddable":true,"href":"http:\/\/www.reconoce.mx\/index.php?rest_route=%2Fwp%2Fv2%2Fcategories&post=18246"},{"taxonomy":"post_tag","embeddable":true,"href":"http:\/\/www.reconoce.mx\/index.php?rest_route=%2Fwp%2Fv2%2Ftags&post=18246"}],"curies":[{"name":"wp","href":"https:\/\/api.w.org\/{rel}","templated":true}]}}