{"id":19891,"date":"2013-06-18T03:00:50","date_gmt":"2013-06-18T08:00:50","guid":{"rendered":"http:\/\/www.reconoce.mx\/?p=19891"},"modified":"2013-08-02T01:03:40","modified_gmt":"2013-08-02T06:03:40","slug":"no-se-vive-se-sobrevive-pt-6","status":"publish","type":"post","link":"http:\/\/www.reconoce.mx\/?p=19891","title":{"rendered":"No se vive, se sobrevive, pt. 6"},"content":{"rendered":"<ul id=\"botones-home\">\n<li><script type=\"text\/javascript\" src=\"https:\/\/apis.google.com\/js\/plusone.js\"><\/script><g:plusone width=\"55\" height=\"20\" href=\"http:\/\/www.reconoce.mx\/no-se-vive-se-sobrevive-pt-6\/\"><\/g:plusone><\/li>\n<li><a href=\"http:\/\/twitter.com\/share\" class=\"twitter-share-button\" data-url=\"http:\/\/www.reconoce.mx\/no-se-vive-se-sobrevive-pt-6\/\" data-count=\"horizontal\" data-via=\"reconocemx\" data-lang=\"es\">Tweet<\/a><script type=\"text\/javascript\" src=\"http:\/\/platform.twitter.com\/widgets.js\"><\/script><\/li>\n<div class=\"fb-like\" data-href=\"http:\/\/www.reconoce.mx\/no-se-vive-se-sobrevive-pt-6\/\" data-send=\"true\" data-width=\"450\" data-show-faces=\"true\"><\/div>\n<h3 style=\"text-align: center;\"><a title=\"No se vive, se sobrevive, pt. 1\" href=\"http:\/\/www.reconoce.mx\/no-se-vive-se-sobrevive-pt-1\/\" target=\"_blank\">P A R T E\u00a0<strong>1<\/strong><\/a>\u00a0|\u00a0<a title=\"No se vive, se sobrevive, pt. 2\" href=\"http:\/\/www.reconoce.mx\/no-se-vive-se-sobrevive-pt-2\/\" target=\"_blank\">P A R T E\u00a0<strong>2<\/strong><\/a>\u00a0|\u00a0<a title=\"No se vive, se sobrevive, pt. 3\" href=\"http:\/\/www.reconoce.mx\/no-se-vive-se-sobrevive-pt-3\/\" target=\"_blank\">P A R T E\u00a0<strong>3<\/strong><\/a>\u00a0|\u00a0<a title=\"No se vive, se sobrevive, pt. 4\" href=\"http:\/\/www.reconoce.mx\/no-se-vive-se-sobrevive-pt-4\/\" target=\"_blank\">P A R T E\u00a0<strong>4<\/strong><\/a>\u00a0|\u00a0<a title=\"No se vive, se sobrevive, pt. 5\" href=\"http:\/\/www.reconoce.mx\/no-se-vive-se-sobrevive-pt-5\/\" target=\"_blank\">P A R T E\u00a0<strong>5<\/strong><\/a><br \/>\n<a title=\"No se vive, se sobrevive, pt. 6\" href=\"http:\/\/www.reconoce.mx\/no-se-vive-se-sobrevive-pt-6\/\" target=\"_blank\">P A R T E\u00a0<strong>6<\/strong><\/a>\u00a0|\u00a0<a title=\"No se vive, se sobrevive, pt. 7\" href=\"http:\/\/www.reconoce.mx\/no-se-vive-se-sobrevive-pt-7\/\" target=\"_blank\">P A R T E\u00a0<\/a><strong><a title=\"No se vive, se sobrevive, pt. 7\" href=\"http:\/\/www.reconoce.mx\/no-se-vive-se-sobrevive-pt-7\/\" target=\"_blank\">7<\/a>\u00a0|\u00a0<a title=\"No se vive, se sobrevive, pt. 8\" href=\"http:\/\/www.reconoce.mx\/no-se-vive-se-sobrevive-pt-8\/\" target=\"_blank\">P A R T E 8<\/a>\u00a0|\u00a0<a title=\"No se vive, se sobrevive, pt. 9\" href=\"http:\/\/www.reconoce.mx\/no-se-vive-se-sobrevive-pt-9\/\" target=\"_blank\">P A R T E 9<\/a><\/strong><\/h3>\n<p style=\"text-align: right;\"><em>Cuando un secuestrador no es experto pide alrededor de 900 mil pesos para abajo y cuando se manejan millones son profesionales: Ang\u00e9lica S\u00e1nchez Arabedo.<\/em><\/p>\n<p><strong>Por Claudia Alonso Rosas<\/strong>.<\/p>\n<p>El Sistema de Transporte Colectivo (STC), s\u00ed cooper\u00f3, les facilit\u00f3 el acceso a las c\u00e1maras de seguridad. Irma Trejo y su esposo estuvieron <strong>una semana tratando de ubicar a Francisco en la l\u00ednea 1 del metro<\/strong>.<\/p>\n<div id=\"attachment_19892\" style=\"width: 610px\" class=\"wp-caption aligncenter\"><a href=\"http:\/\/www.reconoce.mx\/wp-content\/uploads\/metro-df-tunel.png\"><img loading=\"lazy\" decoding=\"async\" aria-describedby=\"caption-attachment-19892\" class=\"size-full wp-image-19892\" alt=\"No se vive, se sobrevive, pt. 6.\" src=\"http:\/\/www.reconoce.mx\/wp-content\/uploads\/metro-df-tunel.png\" width=\"600\" height=\"275\" \/><\/a><p id=\"caption-attachment-19892\" class=\"wp-caption-text\">No se vive, se sobrevive, pt. 6.<\/p><\/div>\n<p><!--more-->\u201cLo vemos comprar su boleto y entrar al metro. Rastreamos toda esa l\u00ednea, cinco trenes, transbordos y salidas, pero<strong> no se ve que salga<\/strong>\u201d.<\/p>\n<p>Alicia reclama que <strong>tres veces la han cambiado de MP<\/strong> y ninguno ha hecho nada. A este \u00faltimo MP le reclama por\u00a0qu\u00e9 no ha mandado a declarar a las personas que para ella son sospechosas.<\/p>\n<p>Ella asegura que <strong>hubo una persona en el Facebook que se adjudic\u00f3 la desaparici\u00f3n<\/strong> de su v\u00e1stago. En la p\u00e1gina que tiene UPIICSA en esa red social, a Francisco le hicieron una burla con un fotomontaje. El sujeto que lo hizo se puso a discutir con un chico y una chica, a los cuales amenaz\u00f3 de muerte.<\/p>\n<p>\u00abEl muchacho que me pas\u00f3 el link, discuti\u00f3 con \u00e9l, y entre dimes y diretes el que realiz\u00f3 el fotomontaje, le dijo:<\/p>\n<p>-C\u00e1lmate, que t\u00fa no sabes con qui\u00e9n te est\u00e1s metiendo, \u00bfo qui\u00e9n crees que secuestr\u00f3 al g\u00fcey que se desapareci\u00f3?<\/p>\n<p>-F\u00edjate lo que est\u00e1s diciendo.<\/p>\n<p>-Pues s\u00ed, te lo digo claramente, pobre chavo, se meti\u00f3 en lo que no deb\u00eda y tuvimos que levantarlo.<\/p>\n<p>A la chica le dijo que <strong>si quer\u00eda ser otra desaparecida<\/strong> m\u00e1s de esa escuela.<\/p>\n<p>A los dos les ped\u00ed que me dieran m\u00e1s informaci\u00f3n, pero no quisieron. Yo s\u00e9 que <strong>tal vez tienen miedo de decir<\/strong>, pero yo s\u00f3lo les pido una peque\u00f1a ayuda. No necesito que declaren ni nada, si no lo pueden hacer.<\/p>\n<p>Las autoridades dicen que si eso fuera cierto no lo andar\u00eda pregonando, s\u00ed, ciertamente. Puedo analizarlo de esa manera, pero como madre de familia <strong>yo no puedo dejarlo pasar<\/strong>. Es un chico que habl\u00f3 de m\u00e1s\u201d.<\/p>\n<p>El dolor de una madre al perder un hijo es muy grande, pero \u00e9ste se hace mucho m\u00e1s cuando<strong> han sido tantas las puertas que ha tocado y \u00e9stas se le han cerrado<\/strong>. Mientras m\u00e1s pasa el tiempo, m\u00e1s es la ansiedad de saber algo; se preguntan d\u00f3nde est\u00e1n, c\u00f3mo est\u00e1n, qui\u00e9n los tiene. Y como Alicia hay otras tantas madres que aunque sea muertos quieren encontrarlos.<\/p>\n<p>Cuando Alicia Trejo comienza a decirlo desv\u00eda la mirada y se le empieza a quebrar la voz. Se derrumba por dentro, deja ver las l\u00e1grimas en sus ojos y aunque por un momento parece que callar\u00e1, <strong>toma fuerza y contin\u00faa para sacar el sufrimiento<\/strong> que tiene adentro.<\/p>\n<p>\u201cMira que al principio cuesta mucho trabajo, decir que lo quieres ver como sea, aunque sea muerto. Pero pasa tanto el tiempo que llega un momento en el que <strong>desear\u00edas saber simplemente d\u00f3nde est\u00e1<\/strong> para acabar con esta pesadilla, para acabar con esta angustia de levantarte d\u00eda a d\u00eda y no saber absolutamente nada\u201d.<\/p>\n<p><strong>\u00bfPor qu\u00e9 ellos, por qu\u00e9, por qu\u00e9?<\/strong><\/p>\n<p>Ang\u00e9lica S\u00e1nchez Arabedo explica <strong>para qu\u00e9 son usadas las personas ausentes<\/strong>.<\/p>\n<p>\u201cLos ni\u00f1os de meses a cuatro o cinco a\u00f1os son utilizados para adopci\u00f3n ilegal, pues como adoptar es mucho papeleo, es m\u00e1s f\u00e1cil comprar un infante.\u00a0<strong>Los de 5 a 10 a\u00f1os son utilizados para la explotaci\u00f3n laboral o tr\u00e1fico de \u00f3rganos<\/strong>\u201d.<\/p>\n<p><em>C O N T I N \u00da A . . .<\/em><\/p>\n<h3>LEE TODAS LAS PUBLICACIONES DE ESTE REPORTAJE&#8230;<\/h3>\n<h3 style=\"text-align: center;\"><a title=\"No se vive, se sobrevive, pt. 1\" href=\"http:\/\/www.reconoce.mx\/no-se-vive-se-sobrevive-pt-1\/\" target=\"_blank\">P A R T E\u00a0<strong>1<\/strong><\/a>\u00a0|\u00a0<a title=\"No se vive, se sobrevive, pt. 2\" href=\"http:\/\/www.reconoce.mx\/no-se-vive-se-sobrevive-pt-2\/\" target=\"_blank\">P A R T E\u00a0<strong>2<\/strong><\/a>\u00a0|\u00a0<a title=\"No se vive, se sobrevive, pt. 3\" href=\"http:\/\/www.reconoce.mx\/no-se-vive-se-sobrevive-pt-3\/\" target=\"_blank\">P A R T E\u00a0<strong>3<\/strong><\/a>\u00a0|\u00a0<a title=\"No se vive, se sobrevive, pt. 4\" href=\"http:\/\/www.reconoce.mx\/no-se-vive-se-sobrevive-pt-4\/\" target=\"_blank\">P A R T E\u00a0<strong>4<\/strong><\/a>\u00a0|\u00a0<a title=\"No se vive, se sobrevive, pt. 5\" href=\"http:\/\/www.reconoce.mx\/no-se-vive-se-sobrevive-pt-5\/\" target=\"_blank\">P A R T E\u00a0<strong>5<\/strong><\/a><br \/>\n<a title=\"No se vive, se sobrevive, pt. 6\" href=\"http:\/\/www.reconoce.mx\/no-se-vive-se-sobrevive-pt-6\/\" target=\"_blank\">P A R T E\u00a0<strong>6<\/strong><\/a>\u00a0|\u00a0<a title=\"No se vive, se sobrevive, pt. 7\" href=\"http:\/\/www.reconoce.mx\/no-se-vive-se-sobrevive-pt-7\/\" target=\"_blank\">P A R T E\u00a0<\/a><strong><a title=\"No se vive, se sobrevive, pt. 7\" href=\"http:\/\/www.reconoce.mx\/no-se-vive-se-sobrevive-pt-7\/\" target=\"_blank\">7<\/a>\u00a0|\u00a0<a title=\"No se vive, se sobrevive, pt. 8\" href=\"http:\/\/www.reconoce.mx\/no-se-vive-se-sobrevive-pt-8\/\" target=\"_blank\">P A R T E 8<\/a>\u00a0|\u00a0<a title=\"No se vive, se sobrevive, pt. 9\" href=\"http:\/\/www.reconoce.mx\/no-se-vive-se-sobrevive-pt-9\/\" target=\"_blank\">P A R T E 9<\/a><\/strong><\/h3>\n<p>&nbsp;<\/p>\n<p>&nbsp;<\/p>\n","protected":false},"excerpt":{"rendered":"<p>El Sistema de Transporte Colectivo (STC), s\u00ed cooper\u00f3, les facilit\u00f3 el acceso a las c\u00e1maras de seguridad. Irma Trejo y su esposo estuvieron una semana tratando de ubicar a Francisco en la l\u00ednea 1.<\/p>\n","protected":false},"author":2,"featured_media":19892,"comment_status":"open","ping_status":"open","sticky":false,"template":"","format":"standard","meta":{"footnotes":""},"categories":[43,275],"tags":[331,443,2464,2463,1160,444],"class_list":["post-19891","post","type-post","status-publish","format-standard","has-post-thumbnail","hentry","category-conciencia","category-derechos-humanos","tag-derechos-humanos-2","tag-inseguridad","tag-problemas","tag-sobrevivir","tag-soluciones","tag-violencia"],"yoast_head":"<!-- This site is optimized with the Yoast SEO plugin v24.7 - https:\/\/yoast.com\/wordpress\/plugins\/seo\/ -->\n<title>No se vive, se sobrevive, pt. 6 &#171; Reconoce MX<\/title>\n<meta name=\"robots\" content=\"index, follow, max-snippet:-1, max-image-preview:large, max-video-preview:-1\" \/>\n<link rel=\"canonical\" href=\"http:\/\/www.reconoce.mx\/?p=19891\" \/>\n<meta property=\"og:locale\" content=\"es_ES\" \/>\n<meta property=\"og:type\" content=\"article\" \/>\n<meta property=\"og:title\" content=\"No se vive, se sobrevive, pt. 6 &#171; Reconoce MX\" \/>\n<meta property=\"og:description\" content=\"El Sistema de Transporte Colectivo (STC), s\u00ed cooper\u00f3, les facilit\u00f3 el acceso a las c\u00e1maras de seguridad. Irma Trejo y su esposo estuvieron una semana tratando de ubicar a Francisco en la l\u00ednea 1.\" \/>\n<meta property=\"og:url\" content=\"http:\/\/www.reconoce.mx\/?p=19891\" \/>\n<meta property=\"og:site_name\" content=\"Reconoce MX\" \/>\n<meta property=\"article:publisher\" content=\"https:\/\/es-la.facebook.com\/ReconoceMX\/\" \/>\n<meta property=\"article:published_time\" content=\"2013-06-18T08:00:50+00:00\" \/>\n<meta property=\"article:modified_time\" content=\"2013-08-02T06:03:40+00:00\" \/>\n<meta property=\"og:image\" content=\"http:\/\/www.reconoce.mx\/wp-content\/uploads\/metro-df-tunel.png\" \/>\n\t<meta property=\"og:image:width\" content=\"649\" \/>\n\t<meta property=\"og:image:height\" content=\"301\" \/>\n\t<meta property=\"og:image:type\" content=\"image\/png\" \/>\n<meta name=\"author\" content=\"Reconoce MX\" \/>\n<meta name=\"twitter:card\" content=\"summary_large_image\" \/>\n<meta name=\"twitter:creator\" content=\"@reconocemx\" \/>\n<meta name=\"twitter:site\" content=\"@reconocemx\" \/>\n<meta name=\"twitter:label1\" content=\"Escrito por\" \/>\n\t<meta name=\"twitter:data1\" content=\"Reconoce MX\" \/>\n\t<meta name=\"twitter:label2\" content=\"Tiempo de lectura\" \/>\n\t<meta name=\"twitter:data2\" content=\"4 minutos\" \/>\n<script type=\"application\/ld+json\" class=\"yoast-schema-graph\">{\"@context\":\"https:\/\/schema.org\",\"@graph\":[{\"@type\":\"Article\",\"@id\":\"http:\/\/www.reconoce.mx\/?p=19891#article\",\"isPartOf\":{\"@id\":\"http:\/\/www.reconoce.mx\/?p=19891\"},\"author\":{\"name\":\"Reconoce MX\",\"@id\":\"http:\/\/www.reconoce.mx\/#\/schema\/person\/2117e997d7051dc15d6880eaf9bca0b2\"},\"headline\":\"No se vive, se sobrevive, pt. 6\",\"datePublished\":\"2013-06-18T08:00:50+00:00\",\"dateModified\":\"2013-08-02T06:03:40+00:00\",\"mainEntityOfPage\":{\"@id\":\"http:\/\/www.reconoce.mx\/?p=19891\"},\"wordCount\":738,\"commentCount\":0,\"publisher\":{\"@id\":\"http:\/\/www.reconoce.mx\/#organization\"},\"image\":{\"@id\":\"http:\/\/www.reconoce.mx\/?p=19891#primaryimage\"},\"thumbnailUrl\":\"http:\/\/www.reconoce.mx\/wp-content\/uploads\/metro-df-tunel.png\",\"keywords\":[\"derechos humanos\",\"Inseguridad\",\"problemas\",\"Sobrevivir\",\"soluciones\",\"violencia\"],\"articleSection\":[\"Conciencia\",\"Derechos Humanos\"],\"inLanguage\":\"es\",\"potentialAction\":[{\"@type\":\"CommentAction\",\"name\":\"Comment\",\"target\":[\"http:\/\/www.reconoce.mx\/?p=19891#respond\"]}]},{\"@type\":\"WebPage\",\"@id\":\"http:\/\/www.reconoce.mx\/?p=19891\",\"url\":\"http:\/\/www.reconoce.mx\/?p=19891\",\"name\":\"No se vive, se sobrevive, pt. 6 &#171; Reconoce MX\",\"isPartOf\":{\"@id\":\"http:\/\/www.reconoce.mx\/#website\"},\"primaryImageOfPage\":{\"@id\":\"http:\/\/www.reconoce.mx\/?p=19891#primaryimage\"},\"image\":{\"@id\":\"http:\/\/www.reconoce.mx\/?p=19891#primaryimage\"},\"thumbnailUrl\":\"http:\/\/www.reconoce.mx\/wp-content\/uploads\/metro-df-tunel.png\",\"datePublished\":\"2013-06-18T08:00:50+00:00\",\"dateModified\":\"2013-08-02T06:03:40+00:00\",\"breadcrumb\":{\"@id\":\"http:\/\/www.reconoce.mx\/?p=19891#breadcrumb\"},\"inLanguage\":\"es\",\"potentialAction\":[{\"@type\":\"ReadAction\",\"target\":[\"http:\/\/www.reconoce.mx\/?p=19891\"]}]},{\"@type\":\"ImageObject\",\"inLanguage\":\"es\",\"@id\":\"http:\/\/www.reconoce.mx\/?p=19891#primaryimage\",\"url\":\"http:\/\/www.reconoce.mx\/wp-content\/uploads\/metro-df-tunel.png\",\"contentUrl\":\"http:\/\/www.reconoce.mx\/wp-content\/uploads\/metro-df-tunel.png\",\"width\":649,\"height\":301,\"caption\":\"No se vive, se sobrevive, pt. 6.\"},{\"@type\":\"BreadcrumbList\",\"@id\":\"http:\/\/www.reconoce.mx\/?p=19891#breadcrumb\",\"itemListElement\":[{\"@type\":\"ListItem\",\"position\":1,\"name\":\"Portada\",\"item\":\"http:\/\/www.reconoce.mx\/\"},{\"@type\":\"ListItem\",\"position\":2,\"name\":\"No se vive, se sobrevive, pt. 6\"}]},{\"@type\":\"WebSite\",\"@id\":\"http:\/\/www.reconoce.mx\/#website\",\"url\":\"http:\/\/www.reconoce.mx\/\",\"name\":\"Reconoce MX\",\"description\":\"En Reconoce MX difundimos arte, cultura y conciencia social en M\u00e9xico. Tu ciudad en otra perspectiva.\",\"publisher\":{\"@id\":\"http:\/\/www.reconoce.mx\/#organization\"},\"potentialAction\":[{\"@type\":\"SearchAction\",\"target\":{\"@type\":\"EntryPoint\",\"urlTemplate\":\"http:\/\/www.reconoce.mx\/?s={search_term_string}\"},\"query-input\":{\"@type\":\"PropertyValueSpecification\",\"valueRequired\":true,\"valueName\":\"search_term_string\"}}],\"inLanguage\":\"es\"},{\"@type\":\"Organization\",\"@id\":\"http:\/\/www.reconoce.mx\/#organization\",\"name\":\"Reconoce MX\",\"url\":\"http:\/\/www.reconoce.mx\/\",\"logo\":{\"@type\":\"ImageObject\",\"inLanguage\":\"es\",\"@id\":\"http:\/\/www.reconoce.mx\/#\/schema\/logo\/image\/\",\"url\":\"https:\/\/www.reconoce.mx\/wp-content\/uploads\/2019\/03\/logorcmx-good-1.png\",\"contentUrl\":\"https:\/\/www.reconoce.mx\/wp-content\/uploads\/2019\/03\/logorcmx-good-1.png\",\"width\":280,\"height\":90,\"caption\":\"Reconoce MX\"},\"image\":{\"@id\":\"http:\/\/www.reconoce.mx\/#\/schema\/logo\/image\/\"},\"sameAs\":[\"https:\/\/es-la.facebook.com\/ReconoceMX\/\",\"https:\/\/x.com\/reconocemx\",\"http:\/\/@reconocemx\"]},{\"@type\":\"Person\",\"@id\":\"http:\/\/www.reconoce.mx\/#\/schema\/person\/2117e997d7051dc15d6880eaf9bca0b2\",\"name\":\"Reconoce MX\",\"image\":{\"@type\":\"ImageObject\",\"inLanguage\":\"es\",\"@id\":\"http:\/\/www.reconoce.mx\/#\/schema\/person\/image\/\",\"url\":\"https:\/\/secure.gravatar.com\/avatar\/6c8d4dc7569ca1c90c5fdcc349f839d5ddef6fe1e70b4337ead2ef1a4c43fc3a?s=96&d=identicon&r=g\",\"contentUrl\":\"https:\/\/secure.gravatar.com\/avatar\/6c8d4dc7569ca1c90c5fdcc349f839d5ddef6fe1e70b4337ead2ef1a4c43fc3a?s=96&d=identicon&r=g\",\"caption\":\"Reconoce MX\"},\"description\":\"Reconoce MX es un proyecto de difusi\u00f3n art\u00edstica, cultural y de conciencia social que est\u00e1 enfocado a difundir y fomentar el entretenimiento alternativo de calidad para todo el p\u00fablico que comparta el mismo entusiasmo.\",\"sameAs\":[\"http:\/\/www.reconoce.mx\"],\"url\":\"http:\/\/www.reconoce.mx\/?author=2\"}]}<\/script>\n<!-- \/ Yoast SEO plugin. -->","yoast_head_json":{"title":"No se vive, se sobrevive, pt. 6 &#171; Reconoce MX","robots":{"index":"index","follow":"follow","max-snippet":"max-snippet:-1","max-image-preview":"max-image-preview:large","max-video-preview":"max-video-preview:-1"},"canonical":"http:\/\/www.reconoce.mx\/?p=19891","og_locale":"es_ES","og_type":"article","og_title":"No se vive, se sobrevive, pt. 6 &#171; Reconoce MX","og_description":"El Sistema de Transporte Colectivo (STC), s\u00ed cooper\u00f3, les facilit\u00f3 el acceso a las c\u00e1maras de seguridad. Irma Trejo y su esposo estuvieron una semana tratando de ubicar a Francisco en la l\u00ednea 1.","og_url":"http:\/\/www.reconoce.mx\/?p=19891","og_site_name":"Reconoce MX","article_publisher":"https:\/\/es-la.facebook.com\/ReconoceMX\/","article_published_time":"2013-06-18T08:00:50+00:00","article_modified_time":"2013-08-02T06:03:40+00:00","og_image":[{"width":649,"height":301,"url":"http:\/\/www.reconoce.mx\/wp-content\/uploads\/metro-df-tunel.png","type":"image\/png"}],"author":"Reconoce MX","twitter_card":"summary_large_image","twitter_creator":"@reconocemx","twitter_site":"@reconocemx","twitter_misc":{"Escrito por":"Reconoce MX","Tiempo de lectura":"4 minutos"},"schema":{"@context":"https:\/\/schema.org","@graph":[{"@type":"Article","@id":"http:\/\/www.reconoce.mx\/?p=19891#article","isPartOf":{"@id":"http:\/\/www.reconoce.mx\/?p=19891"},"author":{"name":"Reconoce MX","@id":"http:\/\/www.reconoce.mx\/#\/schema\/person\/2117e997d7051dc15d6880eaf9bca0b2"},"headline":"No se vive, se sobrevive, pt. 6","datePublished":"2013-06-18T08:00:50+00:00","dateModified":"2013-08-02T06:03:40+00:00","mainEntityOfPage":{"@id":"http:\/\/www.reconoce.mx\/?p=19891"},"wordCount":738,"commentCount":0,"publisher":{"@id":"http:\/\/www.reconoce.mx\/#organization"},"image":{"@id":"http:\/\/www.reconoce.mx\/?p=19891#primaryimage"},"thumbnailUrl":"http:\/\/www.reconoce.mx\/wp-content\/uploads\/metro-df-tunel.png","keywords":["derechos humanos","Inseguridad","problemas","Sobrevivir","soluciones","violencia"],"articleSection":["Conciencia","Derechos Humanos"],"inLanguage":"es","potentialAction":[{"@type":"CommentAction","name":"Comment","target":["http:\/\/www.reconoce.mx\/?p=19891#respond"]}]},{"@type":"WebPage","@id":"http:\/\/www.reconoce.mx\/?p=19891","url":"http:\/\/www.reconoce.mx\/?p=19891","name":"No se vive, se sobrevive, pt. 6 &#171; Reconoce MX","isPartOf":{"@id":"http:\/\/www.reconoce.mx\/#website"},"primaryImageOfPage":{"@id":"http:\/\/www.reconoce.mx\/?p=19891#primaryimage"},"image":{"@id":"http:\/\/www.reconoce.mx\/?p=19891#primaryimage"},"thumbnailUrl":"http:\/\/www.reconoce.mx\/wp-content\/uploads\/metro-df-tunel.png","datePublished":"2013-06-18T08:00:50+00:00","dateModified":"2013-08-02T06:03:40+00:00","breadcrumb":{"@id":"http:\/\/www.reconoce.mx\/?p=19891#breadcrumb"},"inLanguage":"es","potentialAction":[{"@type":"ReadAction","target":["http:\/\/www.reconoce.mx\/?p=19891"]}]},{"@type":"ImageObject","inLanguage":"es","@id":"http:\/\/www.reconoce.mx\/?p=19891#primaryimage","url":"http:\/\/www.reconoce.mx\/wp-content\/uploads\/metro-df-tunel.png","contentUrl":"http:\/\/www.reconoce.mx\/wp-content\/uploads\/metro-df-tunel.png","width":649,"height":301,"caption":"No se vive, se sobrevive, pt. 6."},{"@type":"BreadcrumbList","@id":"http:\/\/www.reconoce.mx\/?p=19891#breadcrumb","itemListElement":[{"@type":"ListItem","position":1,"name":"Portada","item":"http:\/\/www.reconoce.mx\/"},{"@type":"ListItem","position":2,"name":"No se vive, se sobrevive, pt. 6"}]},{"@type":"WebSite","@id":"http:\/\/www.reconoce.mx\/#website","url":"http:\/\/www.reconoce.mx\/","name":"Reconoce MX","description":"En Reconoce MX difundimos arte, cultura y conciencia social en M\u00e9xico. Tu ciudad en otra perspectiva.","publisher":{"@id":"http:\/\/www.reconoce.mx\/#organization"},"potentialAction":[{"@type":"SearchAction","target":{"@type":"EntryPoint","urlTemplate":"http:\/\/www.reconoce.mx\/?s={search_term_string}"},"query-input":{"@type":"PropertyValueSpecification","valueRequired":true,"valueName":"search_term_string"}}],"inLanguage":"es"},{"@type":"Organization","@id":"http:\/\/www.reconoce.mx\/#organization","name":"Reconoce MX","url":"http:\/\/www.reconoce.mx\/","logo":{"@type":"ImageObject","inLanguage":"es","@id":"http:\/\/www.reconoce.mx\/#\/schema\/logo\/image\/","url":"https:\/\/www.reconoce.mx\/wp-content\/uploads\/2019\/03\/logorcmx-good-1.png","contentUrl":"https:\/\/www.reconoce.mx\/wp-content\/uploads\/2019\/03\/logorcmx-good-1.png","width":280,"height":90,"caption":"Reconoce MX"},"image":{"@id":"http:\/\/www.reconoce.mx\/#\/schema\/logo\/image\/"},"sameAs":["https:\/\/es-la.facebook.com\/ReconoceMX\/","https:\/\/x.com\/reconocemx","http:\/\/@reconocemx"]},{"@type":"Person","@id":"http:\/\/www.reconoce.mx\/#\/schema\/person\/2117e997d7051dc15d6880eaf9bca0b2","name":"Reconoce MX","image":{"@type":"ImageObject","inLanguage":"es","@id":"http:\/\/www.reconoce.mx\/#\/schema\/person\/image\/","url":"https:\/\/secure.gravatar.com\/avatar\/6c8d4dc7569ca1c90c5fdcc349f839d5ddef6fe1e70b4337ead2ef1a4c43fc3a?s=96&d=identicon&r=g","contentUrl":"https:\/\/secure.gravatar.com\/avatar\/6c8d4dc7569ca1c90c5fdcc349f839d5ddef6fe1e70b4337ead2ef1a4c43fc3a?s=96&d=identicon&r=g","caption":"Reconoce MX"},"description":"Reconoce MX es un proyecto de difusi\u00f3n art\u00edstica, cultural y de conciencia social que est\u00e1 enfocado a difundir y fomentar el entretenimiento alternativo de calidad para todo el p\u00fablico que comparta el mismo entusiasmo.","sameAs":["http:\/\/www.reconoce.mx"],"url":"http:\/\/www.reconoce.mx\/?author=2"}]}},"_links":{"self":[{"href":"http:\/\/www.reconoce.mx\/index.php?rest_route=\/wp\/v2\/posts\/19891","targetHints":{"allow":["GET"]}}],"collection":[{"href":"http:\/\/www.reconoce.mx\/index.php?rest_route=\/wp\/v2\/posts"}],"about":[{"href":"http:\/\/www.reconoce.mx\/index.php?rest_route=\/wp\/v2\/types\/post"}],"author":[{"embeddable":true,"href":"http:\/\/www.reconoce.mx\/index.php?rest_route=\/wp\/v2\/users\/2"}],"replies":[{"embeddable":true,"href":"http:\/\/www.reconoce.mx\/index.php?rest_route=%2Fwp%2Fv2%2Fcomments&post=19891"}],"version-history":[{"count":12,"href":"http:\/\/www.reconoce.mx\/index.php?rest_route=\/wp\/v2\/posts\/19891\/revisions"}],"predecessor-version":[{"id":21311,"href":"http:\/\/www.reconoce.mx\/index.php?rest_route=\/wp\/v2\/posts\/19891\/revisions\/21311"}],"wp:featuredmedia":[{"embeddable":true,"href":"http:\/\/www.reconoce.mx\/index.php?rest_route=\/wp\/v2\/media\/19892"}],"wp:attachment":[{"href":"http:\/\/www.reconoce.mx\/index.php?rest_route=%2Fwp%2Fv2%2Fmedia&parent=19891"}],"wp:term":[{"taxonomy":"category","embeddable":true,"href":"http:\/\/www.reconoce.mx\/index.php?rest_route=%2Fwp%2Fv2%2Fcategories&post=19891"},{"taxonomy":"post_tag","embeddable":true,"href":"http:\/\/www.reconoce.mx\/index.php?rest_route=%2Fwp%2Fv2%2Ftags&post=19891"}],"curies":[{"name":"wp","href":"https:\/\/api.w.org\/{rel}","templated":true}]}}