{"id":19983,"date":"2013-06-21T01:00:03","date_gmt":"2013-06-21T06:00:03","guid":{"rendered":"http:\/\/www.reconoce.mx\/?p=19983"},"modified":"2013-08-02T00:57:03","modified_gmt":"2013-08-02T05:57:03","slug":"no-se-vive-se-sobrevive-pt-7","status":"publish","type":"post","link":"http:\/\/www.reconoce.mx\/?p=19983","title":{"rendered":"No se vive, se sobrevive, pt. 7"},"content":{"rendered":"<ul id=\"botones-home\">\n<li><script type=\"text\/javascript\" src=\"https:\/\/apis.google.com\/js\/plusone.js\"><\/script><g:plusone width=\"55\" height=\"20\" href=\"http:\/\/www.reconoce.mx\/no-se-vive-se-sobrevive-pt-7\/\"><\/g:plusone><\/li>\n<li><a href=\"http:\/\/twitter.com\/share\" class=\"twitter-share-button\" data-url=\"http:\/\/www.reconoce.mx\/no-se-vive-se-sobrevive-pt-7\/\" data-count=\"horizontal\" data-via=\"reconocemx\" data-lang=\"es\">Tweet<\/a><script type=\"text\/javascript\" src=\"http:\/\/platform.twitter.com\/widgets.js\"><\/script><\/li>\n<div class=\"fb-like\" data-href=\"http:\/\/www.reconoce.mx\/no-se-vive-se-sobrevive-pt-7\/\" data-send=\"true\" data-width=\"450\" data-show-faces=\"true\"><\/div>\n<h3 style=\"text-align: center;\"><a title=\"No se vive, se sobrevive, pt. 1\" href=\"http:\/\/www.reconoce.mx\/no-se-vive-se-sobrevive-pt-1\/\" target=\"_blank\">P A R T E\u00a0<strong>1<\/strong><\/a>\u00a0| <a title=\"No se vive, se sobrevive, pt. 2\" href=\"http:\/\/www.reconoce.mx\/no-se-vive-se-sobrevive-pt-2\/\" target=\"_blank\">P A R T E\u00a0<strong>2<\/strong><\/a>\u00a0| <a title=\"No se vive, se sobrevive, pt. 3\" href=\"http:\/\/www.reconoce.mx\/no-se-vive-se-sobrevive-pt-3\/\" target=\"_blank\">P A R T E\u00a0<strong>3<\/strong><\/a>\u00a0| <a title=\"No se vive, se sobrevive, pt. 4\" href=\"http:\/\/www.reconoce.mx\/no-se-vive-se-sobrevive-pt-4\/\" target=\"_blank\">P A R T E\u00a0<strong>4<\/strong><\/a>\u00a0|\u00a0<a title=\"No se vive, se sobrevive, pt. 5\" href=\"http:\/\/www.reconoce.mx\/no-se-vive-se-sobrevive-pt-5\/\" target=\"_blank\">P A R T E <strong>5<\/strong><\/a><br \/>\n<a title=\"No se vive, se sobrevive, pt. 6\" href=\"http:\/\/www.reconoce.mx\/no-se-vive-se-sobrevive-pt-6\/\" target=\"_blank\">P A R T E <strong>6<\/strong><\/a>\u00a0| <a title=\"No se vive, se sobrevive, pt. 7\" href=\"http:\/\/www.reconoce.mx\/no-se-vive-se-sobrevive-pt-7\/\" target=\"_blank\">P A R T E <\/a><strong><a title=\"No se vive, se sobrevive, pt. 7\" href=\"http:\/\/www.reconoce.mx\/no-se-vive-se-sobrevive-pt-7\/\" target=\"_blank\">7<\/a> | P A R T E 8 | P A R T E 9<\/strong><\/h3>\n<p><strong>Por Claudia Alonso Rosas<\/strong>.<\/p>\n<p>La se\u00f1ora <strong>Gregoria Ortiz Garnica<\/strong> tiene 42 a\u00f1os, su cabello es color rojo, y lo tiene peinado con una cola de caballo, no sin dejar que caiga un peque\u00f1o fleco en su frente. Porta una playera blanca que en la parte de adelante tiene la imagen de Gustavo Alberto de la Cruz Ortiz, su hijo, que en ese entonces ten\u00eda 12 a\u00f1os.<\/p>\n<div id=\"attachment_19988\" style=\"width: 610px\" class=\"wp-caption aligncenter\"><a href=\"http:\/\/www.reconoce.mx\/wp-content\/uploads\/combi.png\"><img loading=\"lazy\" decoding=\"async\" aria-describedby=\"caption-attachment-19988\" class=\"size-full wp-image-19988\" alt=\"No se vive, se sobrevive, pt. 7.\" src=\"http:\/\/www.reconoce.mx\/wp-content\/uploads\/combi.png\" width=\"600\" height=\"275\" \/><\/a><p id=\"caption-attachment-19988\" class=\"wp-caption-text\">No se vive, se sobrevive, pt. 7.<\/p><\/div>\n<p><!--more-->Gustavo <strong>desapareci\u00f3 el 21 de marzo del 2007<\/strong> cuando sali\u00f3 de la escuela Secundaria General No. 1 de Pachuca, Hidalgo.<\/p>\n<p>Una hora despu\u00e9s de la salida de la escuela, sus padres fueron a \u00e9sta, pero ya estaba cerrada. Posteriormente fueron a la casa de un compa\u00f1ero a preguntar por su v\u00e1stago. El ni\u00f1o dijo que <strong>hab\u00eda dejado a su amigo en la parada de la combi<\/strong>.<\/p>\n<p>Despu\u00e9s regresaron a la casa para ver si hab\u00eda llegado. No lo encontraron, as\u00ed que buscaron en hospitales, MP y nada. Al d\u00eda siguiente fueron a su colegio, <strong>preguntaron si hab\u00eda llegado, pero no<\/strong>.<\/p>\n<p>Cuando quisieron levantar el acta no se los permitieron, ya que <strong>deb\u00edan de pasar 72 horas<\/strong>. El s\u00e1bado se levant\u00f3 la averiguaci\u00f3n previa, fueron con ellos los ministeriales para ver por d\u00f3nde hab\u00eda caminado y no se encontr\u00f3 nada.<\/p>\n<p>\u201cD\u00edas despu\u00e9s nos lleg\u00f3 un an\u00f3nimo donde<strong> nos ped\u00edan 50 mil pesos<\/strong>. Se hab\u00edan llevado a mi hijo porque lo quer\u00edan para tr\u00e1fico de \u00f3rganos, pero que no les serv\u00eda porque ten\u00eda sinusitis cr\u00f3nica y, efectivamente, as\u00ed era. Estos sujetos quer\u00edan recuperar su dinero. Se llev\u00f3, pero nadie fue a recogerlo\u201d.<\/p>\n<p>Hace poco entr\u00f3 una llamada y un mensaje diciendo que si quer\u00edan saber de Gustavo ten\u00edan que contactarlos. Sus pap\u00e1s lo hicieron. La gente que les habl\u00f3 coment\u00f3 que <strong>deb\u00edan de meterles cr\u00e9dito si quer\u00edan saber d\u00f3nde estaba<\/strong> el ni\u00f1o.<\/p>\n<p>Los individuos les <strong>aseguraron que estaba en el hospital llamado Sagrado Coraz\u00f3n de Jes\u00fas<\/strong>, en el pueblo Valladolid, en M\u00e9rida, Yucat\u00e1n.<\/p>\n<p>Gregoria recurri\u00f3 a las autoridades para que confirmaran si esa informaci\u00f3n era cierta, pero no les import\u00f3. Ella investig\u00f3, pero result\u00f3 que<strong> hab\u00eda sido una extorsi\u00f3n porque el hospital no exist\u00eda<\/strong>.<\/p>\n<p>Cuando se le pregunta:<strong> \u00bfc\u00f3mo es posible vivir con tanto dolor?<\/strong> Sin dudarlo un solo segundo y con los ojos llorosos dice:<\/p>\n<p>\u201c<strong>Aqu\u00ed no se vive, se sobrevive<\/strong>\u201d.<\/p>\n<p>\u201c<strong>La gente se ha deshumanizado<\/strong>, pues no les interesa. Se acercan por el morbo de ver qu\u00e9 hacemos aqu\u00ed. Miran las fotos y se van. No te dicen en qu\u00e9 te puedo ayudar\u201d.<\/p>\n<p>\u201cLuego tenemos montones de medios pero no aparecen las notas, le dan m\u00e1s importancia cuando se pierde un carro que a una persona. <strong>Para la gente tiene m\u00e1s valor un autom\u00f3vil que un ser humano<\/strong>\u201d, dice consternada la mam\u00e1 de Gustavo.<\/p>\n<p>Los ni\u00f1os de 11 a\u00f1os para adelante son reclutados por el narcotr\u00e1fico para convertirlos en halcones o sicarios. <strong>Las ni\u00f1as son usadas para pornograf\u00eda infantil<\/strong>.<\/p>\n<p>Seg\u00fan la <strong>Coalici\u00f3n contra el Tr\u00e1fico de Mujeres y Ni\u00f1as en Am\u00e9rica Latina y el Caribe<\/strong> (CATWLAC), el t\u00e9rmino pornograf\u00eda se entiende como:<\/p>\n<p>\u201cToda representaci\u00f3n, por cualquier medio, de una ni\u00f1a o un ni\u00f1o en actividades sexuales expl\u00edcitas, reales, simuladas o creadas, mediante procesos de cualquier \u00edndole <strong>con fines primordialmente sexuales<\/strong>\u201d.<\/p>\n<p>Adem\u00e1s afirma que <strong>M\u00e9xico es el quinto productor de pornograf\u00eda infantil<\/strong>.<\/p>\n<p>Por \u00faltimo, Ang\u00e9lica Arabedo comenta que los carteles se llevan a hombres de 50 a\u00f1os que se vean fuertes para ponerlos a trabajar. <strong>Los ancianos tambi\u00e9n son explotados laboralmente<\/strong>.<\/p>\n<p><em>C O N T I N \u00da A . . .<\/em><\/p>\n<h3>LEE TODAS LAS PUBLICACIONES DE ESTE REPORTAJE&#8230;<\/h3>\n<h3 style=\"text-align: center;\"><a title=\"No se vive, se sobrevive, pt. 1\" href=\"http:\/\/www.reconoce.mx\/no-se-vive-se-sobrevive-pt-1\/\" target=\"_blank\">P A R T E\u00a0<strong>1<\/strong><\/a>\u00a0|\u00a0<a title=\"No se vive, se sobrevive, pt. 2\" href=\"http:\/\/www.reconoce.mx\/no-se-vive-se-sobrevive-pt-2\/\" target=\"_blank\">P A R T E\u00a0<strong>2<\/strong><\/a>\u00a0|\u00a0<a title=\"No se vive, se sobrevive, pt. 3\" href=\"http:\/\/www.reconoce.mx\/no-se-vive-se-sobrevive-pt-3\/\" target=\"_blank\">P A R T E\u00a0<strong>3<\/strong><\/a>\u00a0|\u00a0<a title=\"No se vive, se sobrevive, pt. 4\" href=\"http:\/\/www.reconoce.mx\/no-se-vive-se-sobrevive-pt-4\/\" target=\"_blank\">P A R T E\u00a0<strong>4<\/strong><\/a>\u00a0|\u00a0<a title=\"No se vive, se sobrevive, pt. 5\" href=\"http:\/\/www.reconoce.mx\/no-se-vive-se-sobrevive-pt-5\/\" target=\"_blank\">P A R T E\u00a0<strong>5<\/strong><\/a><br \/>\n<a title=\"No se vive, se sobrevive, pt. 6\" href=\"http:\/\/www.reconoce.mx\/no-se-vive-se-sobrevive-pt-6\/\" target=\"_blank\">P A R T E\u00a0<strong>6<\/strong><\/a>\u00a0|\u00a0<a title=\"No se vive, se sobrevive, pt. 7\" href=\"http:\/\/www.reconoce.mx\/no-se-vive-se-sobrevive-pt-7\/\" target=\"_blank\">P A R T E\u00a0<\/a><strong><a title=\"No se vive, se sobrevive, pt. 7\" href=\"http:\/\/www.reconoce.mx\/no-se-vive-se-sobrevive-pt-7\/\" target=\"_blank\">7<\/a>\u00a0| P A R T E 8 | P A R T E 9<\/strong><\/h3>\n<p>&nbsp;<\/p>\n<p>&nbsp;<\/p>\n","protected":false},"excerpt":{"rendered":"<p>La se\u00f1ora Gregoria Ortiz Garnica tiene 42 a\u00f1os, su cabello es color rojo, y lo tiene peinado con una cola de caballo, no sin dejar que caiga un peque\u00f1o fleco en su frente. <\/p>\n","protected":false},"author":2,"featured_media":19988,"comment_status":"open","ping_status":"open","sticky":false,"template":"","format":"standard","meta":{"footnotes":""},"categories":[43,275],"tags":[331,443,2464,2463,1160,444],"class_list":["post-19983","post","type-post","status-publish","format-standard","has-post-thumbnail","hentry","category-conciencia","category-derechos-humanos","tag-derechos-humanos-2","tag-inseguridad","tag-problemas","tag-sobrevivir","tag-soluciones","tag-violencia"],"yoast_head":"<!-- This site is optimized with the Yoast SEO plugin v24.7 - https:\/\/yoast.com\/wordpress\/plugins\/seo\/ -->\n<title>No se vive, se sobrevive, pt. 7 &#171; Reconoce MX<\/title>\n<meta name=\"robots\" content=\"index, follow, max-snippet:-1, max-image-preview:large, max-video-preview:-1\" \/>\n<link rel=\"canonical\" href=\"https:\/\/www.reconoce.mx\/?p=19983\" \/>\n<meta property=\"og:locale\" content=\"es_ES\" \/>\n<meta property=\"og:type\" content=\"article\" \/>\n<meta property=\"og:title\" content=\"No se vive, se sobrevive, pt. 7 &#171; Reconoce MX\" \/>\n<meta property=\"og:description\" content=\"La se\u00f1ora Gregoria Ortiz Garnica tiene 42 a\u00f1os, su cabello es color rojo, y lo tiene peinado con una cola de caballo, no sin dejar que caiga un peque\u00f1o fleco en su frente.\" \/>\n<meta property=\"og:url\" content=\"https:\/\/www.reconoce.mx\/?p=19983\" \/>\n<meta property=\"og:site_name\" content=\"Reconoce MX\" \/>\n<meta property=\"article:publisher\" content=\"https:\/\/es-la.facebook.com\/ReconoceMX\/\" \/>\n<meta property=\"article:published_time\" content=\"2013-06-21T06:00:03+00:00\" \/>\n<meta property=\"article:modified_time\" content=\"2013-08-02T05:57:03+00:00\" \/>\n<meta property=\"og:image\" content=\"https:\/\/www.reconoce.mx\/wp-content\/uploads\/combi.png\" \/>\n\t<meta property=\"og:image:width\" content=\"649\" \/>\n\t<meta property=\"og:image:height\" content=\"301\" \/>\n\t<meta property=\"og:image:type\" content=\"image\/png\" \/>\n<meta name=\"author\" content=\"Reconoce MX\" \/>\n<meta name=\"twitter:card\" content=\"summary_large_image\" \/>\n<meta name=\"twitter:creator\" content=\"@reconocemx\" \/>\n<meta name=\"twitter:site\" content=\"@reconocemx\" \/>\n<meta name=\"twitter:label1\" content=\"Escrito por\" \/>\n\t<meta name=\"twitter:data1\" content=\"Reconoce MX\" \/>\n\t<meta name=\"twitter:label2\" content=\"Tiempo de lectura\" \/>\n\t<meta name=\"twitter:data2\" content=\"4 minutos\" \/>\n<script type=\"application\/ld+json\" class=\"yoast-schema-graph\">{\"@context\":\"https:\/\/schema.org\",\"@graph\":[{\"@type\":\"Article\",\"@id\":\"https:\/\/www.reconoce.mx\/?p=19983#article\",\"isPartOf\":{\"@id\":\"https:\/\/www.reconoce.mx\/?p=19983\"},\"author\":{\"name\":\"Reconoce MX\",\"@id\":\"http:\/\/www.reconoce.mx\/#\/schema\/person\/2117e997d7051dc15d6880eaf9bca0b2\"},\"headline\":\"No se vive, se sobrevive, pt. 7\",\"datePublished\":\"2013-06-21T06:00:03+00:00\",\"dateModified\":\"2013-08-02T05:57:03+00:00\",\"mainEntityOfPage\":{\"@id\":\"https:\/\/www.reconoce.mx\/?p=19983\"},\"wordCount\":755,\"commentCount\":0,\"publisher\":{\"@id\":\"http:\/\/www.reconoce.mx\/#organization\"},\"image\":{\"@id\":\"https:\/\/www.reconoce.mx\/?p=19983#primaryimage\"},\"thumbnailUrl\":\"http:\/\/www.reconoce.mx\/wp-content\/uploads\/combi.png\",\"keywords\":[\"derechos humanos\",\"Inseguridad\",\"problemas\",\"Sobrevivir\",\"soluciones\",\"violencia\"],\"articleSection\":[\"Conciencia\",\"Derechos Humanos\"],\"inLanguage\":\"es\",\"potentialAction\":[{\"@type\":\"CommentAction\",\"name\":\"Comment\",\"target\":[\"https:\/\/www.reconoce.mx\/?p=19983#respond\"]}]},{\"@type\":\"WebPage\",\"@id\":\"https:\/\/www.reconoce.mx\/?p=19983\",\"url\":\"https:\/\/www.reconoce.mx\/?p=19983\",\"name\":\"No se vive, se sobrevive, pt. 7 &#171; Reconoce MX\",\"isPartOf\":{\"@id\":\"http:\/\/www.reconoce.mx\/#website\"},\"primaryImageOfPage\":{\"@id\":\"https:\/\/www.reconoce.mx\/?p=19983#primaryimage\"},\"image\":{\"@id\":\"https:\/\/www.reconoce.mx\/?p=19983#primaryimage\"},\"thumbnailUrl\":\"http:\/\/www.reconoce.mx\/wp-content\/uploads\/combi.png\",\"datePublished\":\"2013-06-21T06:00:03+00:00\",\"dateModified\":\"2013-08-02T05:57:03+00:00\",\"breadcrumb\":{\"@id\":\"https:\/\/www.reconoce.mx\/?p=19983#breadcrumb\"},\"inLanguage\":\"es\",\"potentialAction\":[{\"@type\":\"ReadAction\",\"target\":[\"https:\/\/www.reconoce.mx\/?p=19983\"]}]},{\"@type\":\"ImageObject\",\"inLanguage\":\"es\",\"@id\":\"https:\/\/www.reconoce.mx\/?p=19983#primaryimage\",\"url\":\"http:\/\/www.reconoce.mx\/wp-content\/uploads\/combi.png\",\"contentUrl\":\"http:\/\/www.reconoce.mx\/wp-content\/uploads\/combi.png\",\"width\":649,\"height\":301,\"caption\":\"No se vive, se sobrevive, pt. 7.\"},{\"@type\":\"BreadcrumbList\",\"@id\":\"https:\/\/www.reconoce.mx\/?p=19983#breadcrumb\",\"itemListElement\":[{\"@type\":\"ListItem\",\"position\":1,\"name\":\"Portada\",\"item\":\"http:\/\/www.reconoce.mx\/\"},{\"@type\":\"ListItem\",\"position\":2,\"name\":\"No se vive, se sobrevive, pt. 7\"}]},{\"@type\":\"WebSite\",\"@id\":\"http:\/\/www.reconoce.mx\/#website\",\"url\":\"http:\/\/www.reconoce.mx\/\",\"name\":\"Reconoce MX\",\"description\":\"En Reconoce MX difundimos arte, cultura y conciencia social en M\u00e9xico. Tu ciudad en otra perspectiva.\",\"publisher\":{\"@id\":\"http:\/\/www.reconoce.mx\/#organization\"},\"potentialAction\":[{\"@type\":\"SearchAction\",\"target\":{\"@type\":\"EntryPoint\",\"urlTemplate\":\"http:\/\/www.reconoce.mx\/?s={search_term_string}\"},\"query-input\":{\"@type\":\"PropertyValueSpecification\",\"valueRequired\":true,\"valueName\":\"search_term_string\"}}],\"inLanguage\":\"es\"},{\"@type\":\"Organization\",\"@id\":\"http:\/\/www.reconoce.mx\/#organization\",\"name\":\"Reconoce MX\",\"url\":\"http:\/\/www.reconoce.mx\/\",\"logo\":{\"@type\":\"ImageObject\",\"inLanguage\":\"es\",\"@id\":\"http:\/\/www.reconoce.mx\/#\/schema\/logo\/image\/\",\"url\":\"https:\/\/www.reconoce.mx\/wp-content\/uploads\/2019\/03\/logorcmx-good-1.png\",\"contentUrl\":\"https:\/\/www.reconoce.mx\/wp-content\/uploads\/2019\/03\/logorcmx-good-1.png\",\"width\":280,\"height\":90,\"caption\":\"Reconoce MX\"},\"image\":{\"@id\":\"http:\/\/www.reconoce.mx\/#\/schema\/logo\/image\/\"},\"sameAs\":[\"https:\/\/es-la.facebook.com\/ReconoceMX\/\",\"https:\/\/x.com\/reconocemx\",\"http:\/\/@reconocemx\"]},{\"@type\":\"Person\",\"@id\":\"http:\/\/www.reconoce.mx\/#\/schema\/person\/2117e997d7051dc15d6880eaf9bca0b2\",\"name\":\"Reconoce MX\",\"image\":{\"@type\":\"ImageObject\",\"inLanguage\":\"es\",\"@id\":\"http:\/\/www.reconoce.mx\/#\/schema\/person\/image\/\",\"url\":\"https:\/\/secure.gravatar.com\/avatar\/6c8d4dc7569ca1c90c5fdcc349f839d5ddef6fe1e70b4337ead2ef1a4c43fc3a?s=96&d=identicon&r=g\",\"contentUrl\":\"https:\/\/secure.gravatar.com\/avatar\/6c8d4dc7569ca1c90c5fdcc349f839d5ddef6fe1e70b4337ead2ef1a4c43fc3a?s=96&d=identicon&r=g\",\"caption\":\"Reconoce MX\"},\"description\":\"Reconoce MX es un proyecto de difusi\u00f3n art\u00edstica, cultural y de conciencia social que est\u00e1 enfocado a difundir y fomentar el entretenimiento alternativo de calidad para todo el p\u00fablico que comparta el mismo entusiasmo.\",\"sameAs\":[\"http:\/\/www.reconoce.mx\"],\"url\":\"http:\/\/www.reconoce.mx\/?author=2\"}]}<\/script>\n<!-- \/ Yoast SEO plugin. -->","yoast_head_json":{"title":"No se vive, se sobrevive, pt. 7 &#171; Reconoce MX","robots":{"index":"index","follow":"follow","max-snippet":"max-snippet:-1","max-image-preview":"max-image-preview:large","max-video-preview":"max-video-preview:-1"},"canonical":"https:\/\/www.reconoce.mx\/?p=19983","og_locale":"es_ES","og_type":"article","og_title":"No se vive, se sobrevive, pt. 7 &#171; Reconoce MX","og_description":"La se\u00f1ora Gregoria Ortiz Garnica tiene 42 a\u00f1os, su cabello es color rojo, y lo tiene peinado con una cola de caballo, no sin dejar que caiga un peque\u00f1o fleco en su frente.","og_url":"https:\/\/www.reconoce.mx\/?p=19983","og_site_name":"Reconoce MX","article_publisher":"https:\/\/es-la.facebook.com\/ReconoceMX\/","article_published_time":"2013-06-21T06:00:03+00:00","article_modified_time":"2013-08-02T05:57:03+00:00","og_image":[{"width":649,"height":301,"url":"https:\/\/www.reconoce.mx\/wp-content\/uploads\/combi.png","type":"image\/png"}],"author":"Reconoce MX","twitter_card":"summary_large_image","twitter_creator":"@reconocemx","twitter_site":"@reconocemx","twitter_misc":{"Escrito por":"Reconoce MX","Tiempo de lectura":"4 minutos"},"schema":{"@context":"https:\/\/schema.org","@graph":[{"@type":"Article","@id":"https:\/\/www.reconoce.mx\/?p=19983#article","isPartOf":{"@id":"https:\/\/www.reconoce.mx\/?p=19983"},"author":{"name":"Reconoce MX","@id":"http:\/\/www.reconoce.mx\/#\/schema\/person\/2117e997d7051dc15d6880eaf9bca0b2"},"headline":"No se vive, se sobrevive, pt. 7","datePublished":"2013-06-21T06:00:03+00:00","dateModified":"2013-08-02T05:57:03+00:00","mainEntityOfPage":{"@id":"https:\/\/www.reconoce.mx\/?p=19983"},"wordCount":755,"commentCount":0,"publisher":{"@id":"http:\/\/www.reconoce.mx\/#organization"},"image":{"@id":"https:\/\/www.reconoce.mx\/?p=19983#primaryimage"},"thumbnailUrl":"http:\/\/www.reconoce.mx\/wp-content\/uploads\/combi.png","keywords":["derechos humanos","Inseguridad","problemas","Sobrevivir","soluciones","violencia"],"articleSection":["Conciencia","Derechos Humanos"],"inLanguage":"es","potentialAction":[{"@type":"CommentAction","name":"Comment","target":["https:\/\/www.reconoce.mx\/?p=19983#respond"]}]},{"@type":"WebPage","@id":"https:\/\/www.reconoce.mx\/?p=19983","url":"https:\/\/www.reconoce.mx\/?p=19983","name":"No se vive, se sobrevive, pt. 7 &#171; Reconoce MX","isPartOf":{"@id":"http:\/\/www.reconoce.mx\/#website"},"primaryImageOfPage":{"@id":"https:\/\/www.reconoce.mx\/?p=19983#primaryimage"},"image":{"@id":"https:\/\/www.reconoce.mx\/?p=19983#primaryimage"},"thumbnailUrl":"http:\/\/www.reconoce.mx\/wp-content\/uploads\/combi.png","datePublished":"2013-06-21T06:00:03+00:00","dateModified":"2013-08-02T05:57:03+00:00","breadcrumb":{"@id":"https:\/\/www.reconoce.mx\/?p=19983#breadcrumb"},"inLanguage":"es","potentialAction":[{"@type":"ReadAction","target":["https:\/\/www.reconoce.mx\/?p=19983"]}]},{"@type":"ImageObject","inLanguage":"es","@id":"https:\/\/www.reconoce.mx\/?p=19983#primaryimage","url":"http:\/\/www.reconoce.mx\/wp-content\/uploads\/combi.png","contentUrl":"http:\/\/www.reconoce.mx\/wp-content\/uploads\/combi.png","width":649,"height":301,"caption":"No se vive, se sobrevive, pt. 7."},{"@type":"BreadcrumbList","@id":"https:\/\/www.reconoce.mx\/?p=19983#breadcrumb","itemListElement":[{"@type":"ListItem","position":1,"name":"Portada","item":"http:\/\/www.reconoce.mx\/"},{"@type":"ListItem","position":2,"name":"No se vive, se sobrevive, pt. 7"}]},{"@type":"WebSite","@id":"http:\/\/www.reconoce.mx\/#website","url":"http:\/\/www.reconoce.mx\/","name":"Reconoce MX","description":"En Reconoce MX difundimos arte, cultura y conciencia social en M\u00e9xico. Tu ciudad en otra perspectiva.","publisher":{"@id":"http:\/\/www.reconoce.mx\/#organization"},"potentialAction":[{"@type":"SearchAction","target":{"@type":"EntryPoint","urlTemplate":"http:\/\/www.reconoce.mx\/?s={search_term_string}"},"query-input":{"@type":"PropertyValueSpecification","valueRequired":true,"valueName":"search_term_string"}}],"inLanguage":"es"},{"@type":"Organization","@id":"http:\/\/www.reconoce.mx\/#organization","name":"Reconoce MX","url":"http:\/\/www.reconoce.mx\/","logo":{"@type":"ImageObject","inLanguage":"es","@id":"http:\/\/www.reconoce.mx\/#\/schema\/logo\/image\/","url":"https:\/\/www.reconoce.mx\/wp-content\/uploads\/2019\/03\/logorcmx-good-1.png","contentUrl":"https:\/\/www.reconoce.mx\/wp-content\/uploads\/2019\/03\/logorcmx-good-1.png","width":280,"height":90,"caption":"Reconoce MX"},"image":{"@id":"http:\/\/www.reconoce.mx\/#\/schema\/logo\/image\/"},"sameAs":["https:\/\/es-la.facebook.com\/ReconoceMX\/","https:\/\/x.com\/reconocemx","http:\/\/@reconocemx"]},{"@type":"Person","@id":"http:\/\/www.reconoce.mx\/#\/schema\/person\/2117e997d7051dc15d6880eaf9bca0b2","name":"Reconoce MX","image":{"@type":"ImageObject","inLanguage":"es","@id":"http:\/\/www.reconoce.mx\/#\/schema\/person\/image\/","url":"https:\/\/secure.gravatar.com\/avatar\/6c8d4dc7569ca1c90c5fdcc349f839d5ddef6fe1e70b4337ead2ef1a4c43fc3a?s=96&d=identicon&r=g","contentUrl":"https:\/\/secure.gravatar.com\/avatar\/6c8d4dc7569ca1c90c5fdcc349f839d5ddef6fe1e70b4337ead2ef1a4c43fc3a?s=96&d=identicon&r=g","caption":"Reconoce MX"},"description":"Reconoce MX es un proyecto de difusi\u00f3n art\u00edstica, cultural y de conciencia social que est\u00e1 enfocado a difundir y fomentar el entretenimiento alternativo de calidad para todo el p\u00fablico que comparta el mismo entusiasmo.","sameAs":["http:\/\/www.reconoce.mx"],"url":"http:\/\/www.reconoce.mx\/?author=2"}]}},"_links":{"self":[{"href":"http:\/\/www.reconoce.mx\/index.php?rest_route=\/wp\/v2\/posts\/19983","targetHints":{"allow":["GET"]}}],"collection":[{"href":"http:\/\/www.reconoce.mx\/index.php?rest_route=\/wp\/v2\/posts"}],"about":[{"href":"http:\/\/www.reconoce.mx\/index.php?rest_route=\/wp\/v2\/types\/post"}],"author":[{"embeddable":true,"href":"http:\/\/www.reconoce.mx\/index.php?rest_route=\/wp\/v2\/users\/2"}],"replies":[{"embeddable":true,"href":"http:\/\/www.reconoce.mx\/index.php?rest_route=%2Fwp%2Fv2%2Fcomments&post=19983"}],"version-history":[{"count":18,"href":"http:\/\/www.reconoce.mx\/index.php?rest_route=\/wp\/v2\/posts\/19983\/revisions"}],"predecessor-version":[{"id":21300,"href":"http:\/\/www.reconoce.mx\/index.php?rest_route=\/wp\/v2\/posts\/19983\/revisions\/21300"}],"wp:featuredmedia":[{"embeddable":true,"href":"http:\/\/www.reconoce.mx\/index.php?rest_route=\/wp\/v2\/media\/19988"}],"wp:attachment":[{"href":"http:\/\/www.reconoce.mx\/index.php?rest_route=%2Fwp%2Fv2%2Fmedia&parent=19983"}],"wp:term":[{"taxonomy":"category","embeddable":true,"href":"http:\/\/www.reconoce.mx\/index.php?rest_route=%2Fwp%2Fv2%2Fcategories&post=19983"},{"taxonomy":"post_tag","embeddable":true,"href":"http:\/\/www.reconoce.mx\/index.php?rest_route=%2Fwp%2Fv2%2Ftags&post=19983"}],"curies":[{"name":"wp","href":"https:\/\/api.w.org\/{rel}","templated":true}]}}