{"id":20021,"date":"2013-06-21T04:00:50","date_gmt":"2013-06-21T09:00:50","guid":{"rendered":"http:\/\/www.reconoce.mx\/?p=20021"},"modified":"2013-08-02T00:56:47","modified_gmt":"2013-08-02T05:56:47","slug":"no-se-vive-se-sobrevive-pt-8","status":"publish","type":"post","link":"http:\/\/www.reconoce.mx\/?p=20021","title":{"rendered":"No se vive, se sobrevive, pt. 8"},"content":{"rendered":"<ul id=\"botones-home\">\n<li><script type=\"text\/javascript\" src=\"https:\/\/apis.google.com\/js\/plusone.js\"><\/script><g:plusone width=\"55\" height=\"20\" href=\"http:\/\/www.reconoce.mx\/no-se-vive-se-sobrevive-pt-8\/\"><\/g:plusone><\/li>\n<li><a href=\"http:\/\/twitter.com\/share\" class=\"twitter-share-button\" data-url=\"http:\/\/www.reconoce.mx\/no-se-vive-se-sobrevive-pt-8\/\" data-count=\"horizontal\" data-via=\"reconocemx\" data-lang=\"es\">Tweet<\/a><script type=\"text\/javascript\" src=\"http:\/\/platform.twitter.com\/widgets.js\"><\/script><\/li>\n<div class=\"fb-like\" data-href=\"http:\/\/www.reconoce.mx\/no-se-vive-se-sobrevive-pt-8\/\" data-send=\"true\" data-width=\"450\" data-show-faces=\"true\"><\/div>\n<h3 style=\"text-align: center;\"><a title=\"No se vive, se sobrevive, pt. 1\" href=\"http:\/\/www.reconoce.mx\/no-se-vive-se-sobrevive-pt-1\/\" target=\"_blank\">P A R T E\u00a0<strong>1<\/strong><\/a>\u00a0| <a title=\"No se vive, se sobrevive, pt. 2\" href=\"http:\/\/www.reconoce.mx\/no-se-vive-se-sobrevive-pt-2\/\" target=\"_blank\">P A R T E\u00a0<strong>2<\/strong><\/a>\u00a0| <a title=\"No se vive, se sobrevive, pt. 3\" href=\"http:\/\/www.reconoce.mx\/no-se-vive-se-sobrevive-pt-3\/\" target=\"_blank\">P A R T E\u00a0<strong>3<\/strong><\/a>\u00a0| <a title=\"No se vive, se sobrevive, pt. 4\" href=\"http:\/\/www.reconoce.mx\/no-se-vive-se-sobrevive-pt-4\/\" target=\"_blank\">P A R T E\u00a0<strong>4<\/strong><\/a>\u00a0|\u00a0<a title=\"No se vive, se sobrevive, pt. 5\" href=\"http:\/\/www.reconoce.mx\/no-se-vive-se-sobrevive-pt-5\/\" target=\"_blank\">P A R T E <strong>5<\/strong><\/a><br \/>\n<a title=\"No se vive, se sobrevive, pt. 6\" href=\"http:\/\/www.reconoce.mx\/no-se-vive-se-sobrevive-pt-6\/\" target=\"_blank\">P A R T E <strong>6<\/strong><\/a>\u00a0| <a title=\"No se vive, se sobrevive, pt. 7\" href=\"http:\/\/www.reconoce.mx\/no-se-vive-se-sobrevive-pt-7\/\" target=\"_blank\">P A R T E <\/a><strong><a title=\"No se vive, se sobrevive, pt. 7\" href=\"http:\/\/www.reconoce.mx\/no-se-vive-se-sobrevive-pt-7\/\" target=\"_blank\">7<\/a> | <a title=\"No se vive, se sobrevive, pt. 8\" href=\"http:\/\/www.reconoce.mx\/no-se-vive-se-sobrevive-pt-8\/\" target=\"_blank\">P A R T E 8<\/a> | <a title=\"No se vive, se sobrevive, pt. 9\" href=\"http:\/\/www.reconoce.mx\/no-se-vive-se-sobrevive-pt-9\/\" target=\"_blank\">P A R T E 9<\/a><\/strong><\/h3>\n<p><strong>Por Claudia Alonso Rosas<\/strong>.<\/p>\n<h1>Nada vuelve a ser lo mismo<\/h1>\n<p><strong>Minerva Vera Alvarado<\/strong> de 62 a\u00f1os es de estatura promedio y algo llenita; es de tez morena clara, su cabello es corto, ondulado, y ya se muestran algunas canas.<\/p>\n<div id=\"attachment_20027\" style=\"width: 610px\" class=\"wp-caption aligncenter\"><a href=\"http:\/\/www.reconoce.mx\/wp-content\/uploads\/fruta-agua.png\"><img loading=\"lazy\" decoding=\"async\" aria-describedby=\"caption-attachment-20027\" src=\"http:\/\/www.reconoce.mx\/wp-content\/uploads\/fruta-agua.png\" alt=\"No se vive, se sobrevive, pt. 8.\" width=\"600\" height=\"275\" class=\"size-full wp-image-20027\" \/><\/a><p id=\"caption-attachment-20027\" class=\"wp-caption-text\">No se vive, se sobrevive, pt. 8.<\/p><\/div>\n<p><!--more-->Ella <strong>viv\u00eda tranquilamente en el estado de Oaxaca<\/strong> con su hija y su esposo. A pesar de la distancia ten\u00eda buena relaci\u00f3n con su hermana, Teresa Vera Alvarado, quien vive en el Distrito Federal.<\/p>\n<p>Minerva <strong>ven\u00eda al D.F. a pasar las vacaciones<\/strong> con Teresa o \u00e9sta iba a Oaxaca a visitarla.<\/p>\n<p>Una llamada hizo que la tranquilidad de Teresa se rompiera. <strong>Seg\u00fan el esposo de Minerva ella fue al sal\u00f3n de belleza a cortarse el pelo, pero jam\u00e1s regres\u00f3<\/strong>.<\/p>\n<p>La primera reacci\u00f3n de su hermana fue salir a la calle con su foto y preguntar por ella. <strong>Nadie la hab\u00eda visto<\/strong>.<\/p>\n<p>Teresa termin\u00f3 yendo a Oaxaca para encarar al c\u00f3nyuge, del cual sospecha; \u00e9ste le volvi\u00f3 a contar<strong> la misma versi\u00f3n que ella no cree<\/strong>.<\/p>\n<p>La desaparici\u00f3n de Minerva se dio <strong>desde el 29 de abril del 2006<\/strong>, y desde esa fecha nadie de los vecinos ha querido decir nada.<\/p>\n<p>Ya <strong>hay una recompensa de 1 mill\u00f3n 500 mil pesos<\/strong> a la persona que la encuentre o la vea.<\/p>\n<p>\u201cD\u00eda y noche pienso en ella. D\u00f3nde est\u00e1, c\u00f3mo est\u00e1, qui\u00e9n la tiene; si come, si duerme o alguna familia la est\u00e1 amparando. <strong>El insomnio los primeros a\u00f1os era terrible<\/strong>\u201d, expresa Teresa mientras seca sus l\u00e1grimas. Sus lentes no evitan poder verlas.<\/p>\n<p>Las personas que tienen a un pariente desaparecido<strong> siempre desean poder encontrarlo con vida<\/strong>, pero lamentablemente eso no sucede as\u00ed.<\/p>\n<p>Mar\u00eda B\u00e1rbara Reyes Mu\u00f1iz fue<strong> encontrada en una fosa com\u00fan<\/strong> despu\u00e9s de una ardua b\u00fasqueda. Ella es uno de los tantos casos que acaban de esa manera tan tr\u00e1gica.<\/p>\n<p>En entrevista para <span style=\"color: #b30318;\"><strong>Reconoce MX<\/strong><\/span>, la tanat\u00f3loga Mar\u00eda Elena V\u00e1zquez Gardu\u00f1o de la AMNRDAC, asegura que<strong> la gente que encuentra a sus familiares, ya sea vivos o muertos, necesita ayuda psicol\u00f3gica<\/strong>.<\/p>\n<p>\u201cAl principio<strong> cuesta mucho trabajo decir que lo quieres ver como sea<\/strong>, aunque sea muerto\u201d.<\/p>\n<p>Los levantones se han dado mucho <strong>desde que se declar\u00f3 la guerra contra el narcotr\u00e1fico<\/strong>.<\/p>\n<p>La <strong>retenci\u00f3n es brutal<\/strong>, los verdugos tienen una vigilancia que es dif\u00edcil de burlar.<\/p>\n<p>A la asociaci\u00f3n lleg\u00f3 el caso de un ni\u00f1o que se llevaron a la sierra de Guerrero donde<strong> estuvo trabajando tres a\u00f1os<\/strong>.<\/p>\n<p>Cuando el chico por fin se encontr\u00f3 en su casa, le platic\u00f3 a su mam\u00e1 que no les daban de comer. Al d\u00eda <strong>s\u00f3lo consum\u00edan una fruta y un vaso de agua<\/strong>. Adem\u00e1s no ten\u00edan zapatos.<\/p>\n<p>Otros cuatro compa\u00f1eros m\u00e1s junto con el ni\u00f1o lograron escaparse. El peque\u00f1o apareci\u00f3 f\u00edsicamente desgastado y con infecciones en su piel. Tanto lo afectaron las condiciones en las que lo ten\u00edan, que <strong>ya no quiso salir a la calle<\/strong>.<\/p>\n<p>Si no saber d\u00f3nde est\u00e1 uno de los familiares es doloroso,<strong> la agon\u00eda se triplica cuando son dos<\/strong>. \u00c9sto lo vive en carne viva la se\u00f1ora Ascensi\u00f3n Delgado Enr\u00edquez.<\/p>\n<p>Mientras la mujer cuenta su desgracia <strong>no deja de llorar<\/strong>; los meses que han pasado desde la desaparici\u00f3n de su hijo y esposo no han amortiguado su dolor, sino al contrario, cada d\u00eda lo hacen m\u00e1s grande.<\/p>\n<p>Sentada y con la mirada hacia la Avenida Paseo de la Reforma, relata c\u00f3mo empez\u00f3 todo. Conforme avanza la pl\u00e1tica se nota que <strong>revive todos los momentos<\/strong> que comenta.<\/p>\n<p>Lo que resalta entre toda su vestimenta es una cruz plateada que le cuelga del cuello. Ella <strong>subraya que le pide fuerzas a Dios<\/strong> para poder continuar con su b\u00fasqueda.<\/p>\n<p>Seg\u00fan dice Ascensi\u00f3n, toda su familia son personas humildes y trabajadoras,<strong> no tienen enemigos<\/strong>, no hay ning\u00fan motivo por el cual hayan podido ser levantados tanto su esposo como su hijo.<\/p>\n<p><em>C O N T I N \u00da A . . .<\/em><\/p>\n<h3>LEE TODAS LAS PUBLICACIONES DE ESTE REPORTAJE&#8230;<\/h3>\n<h3 style=\"text-align: center;\"><a title=\"No se vive, se sobrevive, pt. 1\" href=\"http:\/\/www.reconoce.mx\/no-se-vive-se-sobrevive-pt-1\/\" target=\"_blank\">P A R T E\u00a0<strong>1<\/strong><\/a>\u00a0|\u00a0<a title=\"No se vive, se sobrevive, pt. 2\" href=\"http:\/\/www.reconoce.mx\/no-se-vive-se-sobrevive-pt-2\/\" target=\"_blank\">P A R T E\u00a0<strong>2<\/strong><\/a>\u00a0|\u00a0<a title=\"No se vive, se sobrevive, pt. 3\" href=\"http:\/\/www.reconoce.mx\/no-se-vive-se-sobrevive-pt-3\/\" target=\"_blank\">P A R T E\u00a0<strong>3<\/strong><\/a>\u00a0|\u00a0<a title=\"No se vive, se sobrevive, pt. 4\" href=\"http:\/\/www.reconoce.mx\/no-se-vive-se-sobrevive-pt-4\/\" target=\"_blank\">P A R T E\u00a0<strong>4<\/strong><\/a>\u00a0|\u00a0<a title=\"No se vive, se sobrevive, pt. 5\" href=\"http:\/\/www.reconoce.mx\/no-se-vive-se-sobrevive-pt-5\/\" target=\"_blank\">P A R T E\u00a0<strong>5<\/strong><\/a><br \/>\n<a title=\"No se vive, se sobrevive, pt. 6\" href=\"http:\/\/www.reconoce.mx\/no-se-vive-se-sobrevive-pt-6\/\" target=\"_blank\">P A R T E\u00a0<strong>6<\/strong><\/a>\u00a0|\u00a0<a title=\"No se vive, se sobrevive, pt. 7\" href=\"http:\/\/www.reconoce.mx\/no-se-vive-se-sobrevive-pt-7\/\" target=\"_blank\">P A R T E\u00a0<\/a><strong><a title=\"No se vive, se sobrevive, pt. 7\" href=\"http:\/\/www.reconoce.mx\/no-se-vive-se-sobrevive-pt-7\/\" target=\"_blank\">7<\/a>\u00a0|\u00a0<\/strong><strong><a title=\"No se vive, se sobrevive, pt. 8\" href=\"http:\/\/www.reconoce.mx\/no-se-vive-se-sobrevive-pt-8\/\" target=\"_blank\">P A R T E 8<\/a>\u00a0|\u00a0<a title=\"No se vive, se sobrevive, pt. 9\" href=\"http:\/\/www.reconoce.mx\/no-se-vive-se-sobrevive-pt-9\/\" target=\"_blank\">P A R T E 9<\/a><\/strong><\/h3>\n<p>&nbsp;<\/p>\n<p>&nbsp;<\/p>\n","protected":false},"excerpt":{"rendered":"<p>Minerva Vera Alvarado de 62 a\u00f1os es de estatura promedio y algo llenita; es de tez morena clara, su cabello es corto, ondulado, y ya se muestran algunas canas.<\/p>\n","protected":false},"author":2,"featured_media":20027,"comment_status":"open","ping_status":"open","sticky":false,"template":"","format":"standard","meta":{"footnotes":""},"categories":[43,275],"tags":[331,443,2464,2463,1160,444],"class_list":["post-20021","post","type-post","status-publish","format-standard","has-post-thumbnail","hentry","category-conciencia","category-derechos-humanos","tag-derechos-humanos-2","tag-inseguridad","tag-problemas","tag-sobrevivir","tag-soluciones","tag-violencia"],"yoast_head":"<!-- This site is optimized with the Yoast SEO plugin v24.7 - https:\/\/yoast.com\/wordpress\/plugins\/seo\/ -->\n<title>No se vive, se sobrevive, pt. 8 &#171; Reconoce MX<\/title>\n<meta name=\"robots\" content=\"index, follow, max-snippet:-1, max-image-preview:large, max-video-preview:-1\" \/>\n<link rel=\"canonical\" href=\"http:\/\/www.reconoce.mx\/?p=20021\" \/>\n<meta property=\"og:locale\" content=\"es_ES\" \/>\n<meta property=\"og:type\" content=\"article\" \/>\n<meta property=\"og:title\" content=\"No se vive, se sobrevive, pt. 8 &#171; Reconoce MX\" \/>\n<meta property=\"og:description\" content=\"Minerva Vera Alvarado de 62 a\u00f1os es de estatura promedio y algo llenita; es de tez morena clara, su cabello es corto, ondulado, y ya se muestran algunas canas.\" \/>\n<meta property=\"og:url\" content=\"http:\/\/www.reconoce.mx\/?p=20021\" \/>\n<meta property=\"og:site_name\" content=\"Reconoce MX\" \/>\n<meta property=\"article:publisher\" content=\"https:\/\/es-la.facebook.com\/ReconoceMX\/\" \/>\n<meta property=\"article:published_time\" content=\"2013-06-21T09:00:50+00:00\" \/>\n<meta property=\"article:modified_time\" content=\"2013-08-02T05:56:47+00:00\" \/>\n<meta property=\"og:image\" content=\"http:\/\/www.reconoce.mx\/wp-content\/uploads\/fruta-agua.png\" \/>\n\t<meta property=\"og:image:width\" content=\"649\" \/>\n\t<meta property=\"og:image:height\" content=\"301\" \/>\n\t<meta property=\"og:image:type\" content=\"image\/png\" \/>\n<meta name=\"author\" content=\"Reconoce MX\" \/>\n<meta name=\"twitter:card\" content=\"summary_large_image\" \/>\n<meta name=\"twitter:creator\" content=\"@reconocemx\" \/>\n<meta name=\"twitter:site\" content=\"@reconocemx\" \/>\n<meta name=\"twitter:label1\" content=\"Escrito por\" \/>\n\t<meta name=\"twitter:data1\" content=\"Reconoce MX\" \/>\n\t<meta name=\"twitter:label2\" content=\"Tiempo de lectura\" \/>\n\t<meta name=\"twitter:data2\" content=\"4 minutos\" \/>\n<script type=\"application\/ld+json\" class=\"yoast-schema-graph\">{\"@context\":\"https:\/\/schema.org\",\"@graph\":[{\"@type\":\"Article\",\"@id\":\"http:\/\/www.reconoce.mx\/?p=20021#article\",\"isPartOf\":{\"@id\":\"http:\/\/www.reconoce.mx\/?p=20021\"},\"author\":{\"name\":\"Reconoce MX\",\"@id\":\"http:\/\/www.reconoce.mx\/#\/schema\/person\/2117e997d7051dc15d6880eaf9bca0b2\"},\"headline\":\"No se vive, se sobrevive, pt. 8\",\"datePublished\":\"2013-06-21T09:00:50+00:00\",\"dateModified\":\"2013-08-02T05:56:47+00:00\",\"mainEntityOfPage\":{\"@id\":\"http:\/\/www.reconoce.mx\/?p=20021\"},\"wordCount\":812,\"commentCount\":0,\"publisher\":{\"@id\":\"http:\/\/www.reconoce.mx\/#organization\"},\"image\":{\"@id\":\"http:\/\/www.reconoce.mx\/?p=20021#primaryimage\"},\"thumbnailUrl\":\"http:\/\/www.reconoce.mx\/wp-content\/uploads\/fruta-agua.png\",\"keywords\":[\"derechos humanos\",\"Inseguridad\",\"problemas\",\"Sobrevivir\",\"soluciones\",\"violencia\"],\"articleSection\":[\"Conciencia\",\"Derechos Humanos\"],\"inLanguage\":\"es\",\"potentialAction\":[{\"@type\":\"CommentAction\",\"name\":\"Comment\",\"target\":[\"http:\/\/www.reconoce.mx\/?p=20021#respond\"]}]},{\"@type\":\"WebPage\",\"@id\":\"http:\/\/www.reconoce.mx\/?p=20021\",\"url\":\"http:\/\/www.reconoce.mx\/?p=20021\",\"name\":\"No se vive, se sobrevive, pt. 8 &#171; Reconoce MX\",\"isPartOf\":{\"@id\":\"http:\/\/www.reconoce.mx\/#website\"},\"primaryImageOfPage\":{\"@id\":\"http:\/\/www.reconoce.mx\/?p=20021#primaryimage\"},\"image\":{\"@id\":\"http:\/\/www.reconoce.mx\/?p=20021#primaryimage\"},\"thumbnailUrl\":\"http:\/\/www.reconoce.mx\/wp-content\/uploads\/fruta-agua.png\",\"datePublished\":\"2013-06-21T09:00:50+00:00\",\"dateModified\":\"2013-08-02T05:56:47+00:00\",\"breadcrumb\":{\"@id\":\"http:\/\/www.reconoce.mx\/?p=20021#breadcrumb\"},\"inLanguage\":\"es\",\"potentialAction\":[{\"@type\":\"ReadAction\",\"target\":[\"http:\/\/www.reconoce.mx\/?p=20021\"]}]},{\"@type\":\"ImageObject\",\"inLanguage\":\"es\",\"@id\":\"http:\/\/www.reconoce.mx\/?p=20021#primaryimage\",\"url\":\"http:\/\/www.reconoce.mx\/wp-content\/uploads\/fruta-agua.png\",\"contentUrl\":\"http:\/\/www.reconoce.mx\/wp-content\/uploads\/fruta-agua.png\",\"width\":649,\"height\":301,\"caption\":\"No se vive, se sobrevive, pt. 8.\"},{\"@type\":\"BreadcrumbList\",\"@id\":\"http:\/\/www.reconoce.mx\/?p=20021#breadcrumb\",\"itemListElement\":[{\"@type\":\"ListItem\",\"position\":1,\"name\":\"Portada\",\"item\":\"http:\/\/www.reconoce.mx\/\"},{\"@type\":\"ListItem\",\"position\":2,\"name\":\"No se vive, se sobrevive, pt. 8\"}]},{\"@type\":\"WebSite\",\"@id\":\"http:\/\/www.reconoce.mx\/#website\",\"url\":\"http:\/\/www.reconoce.mx\/\",\"name\":\"Reconoce MX\",\"description\":\"En Reconoce MX difundimos arte, cultura y conciencia social en M\u00e9xico. Tu ciudad en otra perspectiva.\",\"publisher\":{\"@id\":\"http:\/\/www.reconoce.mx\/#organization\"},\"potentialAction\":[{\"@type\":\"SearchAction\",\"target\":{\"@type\":\"EntryPoint\",\"urlTemplate\":\"http:\/\/www.reconoce.mx\/?s={search_term_string}\"},\"query-input\":{\"@type\":\"PropertyValueSpecification\",\"valueRequired\":true,\"valueName\":\"search_term_string\"}}],\"inLanguage\":\"es\"},{\"@type\":\"Organization\",\"@id\":\"http:\/\/www.reconoce.mx\/#organization\",\"name\":\"Reconoce MX\",\"url\":\"http:\/\/www.reconoce.mx\/\",\"logo\":{\"@type\":\"ImageObject\",\"inLanguage\":\"es\",\"@id\":\"http:\/\/www.reconoce.mx\/#\/schema\/logo\/image\/\",\"url\":\"https:\/\/www.reconoce.mx\/wp-content\/uploads\/2019\/03\/logorcmx-good-1.png\",\"contentUrl\":\"https:\/\/www.reconoce.mx\/wp-content\/uploads\/2019\/03\/logorcmx-good-1.png\",\"width\":280,\"height\":90,\"caption\":\"Reconoce MX\"},\"image\":{\"@id\":\"http:\/\/www.reconoce.mx\/#\/schema\/logo\/image\/\"},\"sameAs\":[\"https:\/\/es-la.facebook.com\/ReconoceMX\/\",\"https:\/\/x.com\/reconocemx\",\"http:\/\/@reconocemx\"]},{\"@type\":\"Person\",\"@id\":\"http:\/\/www.reconoce.mx\/#\/schema\/person\/2117e997d7051dc15d6880eaf9bca0b2\",\"name\":\"Reconoce MX\",\"image\":{\"@type\":\"ImageObject\",\"inLanguage\":\"es\",\"@id\":\"http:\/\/www.reconoce.mx\/#\/schema\/person\/image\/\",\"url\":\"https:\/\/secure.gravatar.com\/avatar\/6c8d4dc7569ca1c90c5fdcc349f839d5ddef6fe1e70b4337ead2ef1a4c43fc3a?s=96&d=identicon&r=g\",\"contentUrl\":\"https:\/\/secure.gravatar.com\/avatar\/6c8d4dc7569ca1c90c5fdcc349f839d5ddef6fe1e70b4337ead2ef1a4c43fc3a?s=96&d=identicon&r=g\",\"caption\":\"Reconoce MX\"},\"description\":\"Reconoce MX es un proyecto de difusi\u00f3n art\u00edstica, cultural y de conciencia social que est\u00e1 enfocado a difundir y fomentar el entretenimiento alternativo de calidad para todo el p\u00fablico que comparta el mismo entusiasmo.\",\"sameAs\":[\"http:\/\/www.reconoce.mx\"],\"url\":\"http:\/\/www.reconoce.mx\/?author=2\"}]}<\/script>\n<!-- \/ Yoast SEO plugin. -->","yoast_head_json":{"title":"No se vive, se sobrevive, pt. 8 &#171; Reconoce MX","robots":{"index":"index","follow":"follow","max-snippet":"max-snippet:-1","max-image-preview":"max-image-preview:large","max-video-preview":"max-video-preview:-1"},"canonical":"http:\/\/www.reconoce.mx\/?p=20021","og_locale":"es_ES","og_type":"article","og_title":"No se vive, se sobrevive, pt. 8 &#171; Reconoce MX","og_description":"Minerva Vera Alvarado de 62 a\u00f1os es de estatura promedio y algo llenita; es de tez morena clara, su cabello es corto, ondulado, y ya se muestran algunas canas.","og_url":"http:\/\/www.reconoce.mx\/?p=20021","og_site_name":"Reconoce MX","article_publisher":"https:\/\/es-la.facebook.com\/ReconoceMX\/","article_published_time":"2013-06-21T09:00:50+00:00","article_modified_time":"2013-08-02T05:56:47+00:00","og_image":[{"width":649,"height":301,"url":"http:\/\/www.reconoce.mx\/wp-content\/uploads\/fruta-agua.png","type":"image\/png"}],"author":"Reconoce MX","twitter_card":"summary_large_image","twitter_creator":"@reconocemx","twitter_site":"@reconocemx","twitter_misc":{"Escrito por":"Reconoce MX","Tiempo de lectura":"4 minutos"},"schema":{"@context":"https:\/\/schema.org","@graph":[{"@type":"Article","@id":"http:\/\/www.reconoce.mx\/?p=20021#article","isPartOf":{"@id":"http:\/\/www.reconoce.mx\/?p=20021"},"author":{"name":"Reconoce MX","@id":"http:\/\/www.reconoce.mx\/#\/schema\/person\/2117e997d7051dc15d6880eaf9bca0b2"},"headline":"No se vive, se sobrevive, pt. 8","datePublished":"2013-06-21T09:00:50+00:00","dateModified":"2013-08-02T05:56:47+00:00","mainEntityOfPage":{"@id":"http:\/\/www.reconoce.mx\/?p=20021"},"wordCount":812,"commentCount":0,"publisher":{"@id":"http:\/\/www.reconoce.mx\/#organization"},"image":{"@id":"http:\/\/www.reconoce.mx\/?p=20021#primaryimage"},"thumbnailUrl":"http:\/\/www.reconoce.mx\/wp-content\/uploads\/fruta-agua.png","keywords":["derechos humanos","Inseguridad","problemas","Sobrevivir","soluciones","violencia"],"articleSection":["Conciencia","Derechos Humanos"],"inLanguage":"es","potentialAction":[{"@type":"CommentAction","name":"Comment","target":["http:\/\/www.reconoce.mx\/?p=20021#respond"]}]},{"@type":"WebPage","@id":"http:\/\/www.reconoce.mx\/?p=20021","url":"http:\/\/www.reconoce.mx\/?p=20021","name":"No se vive, se sobrevive, pt. 8 &#171; Reconoce MX","isPartOf":{"@id":"http:\/\/www.reconoce.mx\/#website"},"primaryImageOfPage":{"@id":"http:\/\/www.reconoce.mx\/?p=20021#primaryimage"},"image":{"@id":"http:\/\/www.reconoce.mx\/?p=20021#primaryimage"},"thumbnailUrl":"http:\/\/www.reconoce.mx\/wp-content\/uploads\/fruta-agua.png","datePublished":"2013-06-21T09:00:50+00:00","dateModified":"2013-08-02T05:56:47+00:00","breadcrumb":{"@id":"http:\/\/www.reconoce.mx\/?p=20021#breadcrumb"},"inLanguage":"es","potentialAction":[{"@type":"ReadAction","target":["http:\/\/www.reconoce.mx\/?p=20021"]}]},{"@type":"ImageObject","inLanguage":"es","@id":"http:\/\/www.reconoce.mx\/?p=20021#primaryimage","url":"http:\/\/www.reconoce.mx\/wp-content\/uploads\/fruta-agua.png","contentUrl":"http:\/\/www.reconoce.mx\/wp-content\/uploads\/fruta-agua.png","width":649,"height":301,"caption":"No se vive, se sobrevive, pt. 8."},{"@type":"BreadcrumbList","@id":"http:\/\/www.reconoce.mx\/?p=20021#breadcrumb","itemListElement":[{"@type":"ListItem","position":1,"name":"Portada","item":"http:\/\/www.reconoce.mx\/"},{"@type":"ListItem","position":2,"name":"No se vive, se sobrevive, pt. 8"}]},{"@type":"WebSite","@id":"http:\/\/www.reconoce.mx\/#website","url":"http:\/\/www.reconoce.mx\/","name":"Reconoce MX","description":"En Reconoce MX difundimos arte, cultura y conciencia social en M\u00e9xico. Tu ciudad en otra perspectiva.","publisher":{"@id":"http:\/\/www.reconoce.mx\/#organization"},"potentialAction":[{"@type":"SearchAction","target":{"@type":"EntryPoint","urlTemplate":"http:\/\/www.reconoce.mx\/?s={search_term_string}"},"query-input":{"@type":"PropertyValueSpecification","valueRequired":true,"valueName":"search_term_string"}}],"inLanguage":"es"},{"@type":"Organization","@id":"http:\/\/www.reconoce.mx\/#organization","name":"Reconoce MX","url":"http:\/\/www.reconoce.mx\/","logo":{"@type":"ImageObject","inLanguage":"es","@id":"http:\/\/www.reconoce.mx\/#\/schema\/logo\/image\/","url":"https:\/\/www.reconoce.mx\/wp-content\/uploads\/2019\/03\/logorcmx-good-1.png","contentUrl":"https:\/\/www.reconoce.mx\/wp-content\/uploads\/2019\/03\/logorcmx-good-1.png","width":280,"height":90,"caption":"Reconoce MX"},"image":{"@id":"http:\/\/www.reconoce.mx\/#\/schema\/logo\/image\/"},"sameAs":["https:\/\/es-la.facebook.com\/ReconoceMX\/","https:\/\/x.com\/reconocemx","http:\/\/@reconocemx"]},{"@type":"Person","@id":"http:\/\/www.reconoce.mx\/#\/schema\/person\/2117e997d7051dc15d6880eaf9bca0b2","name":"Reconoce MX","image":{"@type":"ImageObject","inLanguage":"es","@id":"http:\/\/www.reconoce.mx\/#\/schema\/person\/image\/","url":"https:\/\/secure.gravatar.com\/avatar\/6c8d4dc7569ca1c90c5fdcc349f839d5ddef6fe1e70b4337ead2ef1a4c43fc3a?s=96&d=identicon&r=g","contentUrl":"https:\/\/secure.gravatar.com\/avatar\/6c8d4dc7569ca1c90c5fdcc349f839d5ddef6fe1e70b4337ead2ef1a4c43fc3a?s=96&d=identicon&r=g","caption":"Reconoce MX"},"description":"Reconoce MX es un proyecto de difusi\u00f3n art\u00edstica, cultural y de conciencia social que est\u00e1 enfocado a difundir y fomentar el entretenimiento alternativo de calidad para todo el p\u00fablico que comparta el mismo entusiasmo.","sameAs":["http:\/\/www.reconoce.mx"],"url":"http:\/\/www.reconoce.mx\/?author=2"}]}},"_links":{"self":[{"href":"http:\/\/www.reconoce.mx\/index.php?rest_route=\/wp\/v2\/posts\/20021","targetHints":{"allow":["GET"]}}],"collection":[{"href":"http:\/\/www.reconoce.mx\/index.php?rest_route=\/wp\/v2\/posts"}],"about":[{"href":"http:\/\/www.reconoce.mx\/index.php?rest_route=\/wp\/v2\/types\/post"}],"author":[{"embeddable":true,"href":"http:\/\/www.reconoce.mx\/index.php?rest_route=\/wp\/v2\/users\/2"}],"replies":[{"embeddable":true,"href":"http:\/\/www.reconoce.mx\/index.php?rest_route=%2Fwp%2Fv2%2Fcomments&post=20021"}],"version-history":[{"count":13,"href":"http:\/\/www.reconoce.mx\/index.php?rest_route=\/wp\/v2\/posts\/20021\/revisions"}],"predecessor-version":[{"id":21299,"href":"http:\/\/www.reconoce.mx\/index.php?rest_route=\/wp\/v2\/posts\/20021\/revisions\/21299"}],"wp:featuredmedia":[{"embeddable":true,"href":"http:\/\/www.reconoce.mx\/index.php?rest_route=\/wp\/v2\/media\/20027"}],"wp:attachment":[{"href":"http:\/\/www.reconoce.mx\/index.php?rest_route=%2Fwp%2Fv2%2Fmedia&parent=20021"}],"wp:term":[{"taxonomy":"category","embeddable":true,"href":"http:\/\/www.reconoce.mx\/index.php?rest_route=%2Fwp%2Fv2%2Fcategories&post=20021"},{"taxonomy":"post_tag","embeddable":true,"href":"http:\/\/www.reconoce.mx\/index.php?rest_route=%2Fwp%2Fv2%2Ftags&post=20021"}],"curies":[{"name":"wp","href":"https:\/\/api.w.org\/{rel}","templated":true}]}}