{"id":21123,"date":"2013-08-02T03:00:34","date_gmt":"2013-08-02T08:00:34","guid":{"rendered":"http:\/\/www.reconoce.mx\/?p=21123"},"modified":"2013-08-05T16:06:38","modified_gmt":"2013-08-05T21:06:38","slug":"cpmx4-buzz-aldrin","status":"publish","type":"post","link":"http:\/\/www.reconoce.mx\/?p=21123","title":{"rendered":"#CPMX4: Buzz Aldrin"},"content":{"rendered":"<ul id=\"botones-home\">\n<li><script type=\"text\/javascript\" src=\"https:\/\/apis.google.com\/js\/plusone.js\"><\/script><g:plusone width=\"55\" height=\"20\" href=\"http:\/\/www.reconoce.mx\/cpmx4-buzz-aldrin\/\"><\/g:plusone><\/li>\n<li><a href=\"http:\/\/twitter.com\/share\" class=\"twitter-share-button\" data-url=\"http:\/\/www.reconoce.mx\/cpmx4-buzz-aldrin\/\" data-count=\"horizontal\" data-via=\"reconocemx\" data-lang=\"es\">Tweet<\/a><script type=\"text\/javascript\" src=\"http:\/\/platform.twitter.com\/widgets.js\"><\/script><\/li>\n<div class=\"fb-like\" data-href=\"http:\/\/www.reconoce.mx\/cpmx4-buzz-aldrin\/\" data-send=\"true\" data-width=\"450\" data-show-faces=\"true\"><\/div>\n<p><strong>Por\u00a0<a title=\"@enriquefa86\" href=\"https:\/\/twitter.com\/enriquefa86\" target=\"_blank\">Enrique Figueroa Anaya<\/a>.<\/strong><\/p>\n<p>Con un emotivo video que resumi\u00f3 la misi\u00f3n Apollo hacia la Luna, se present\u00f3 a uno de los invitados estelares de la cuarta edici\u00f3n de Campus Party en M\u00e9xico: <strong>Buzz Aldrin<\/strong>. El astronauta de la NASA retirado, <strong>mejor conocido por pisar la Luna por vez primera junto a Neil Armstrong<\/strong>, fue recibido con un fuerte aplauso en el escenario principal del evento.<\/p>\n<div id=\"attachment_21125\" style=\"width: 610px\" class=\"wp-caption aligncenter\"><a href=\"http:\/\/www.reconoce.mx\/wp-content\/uploads\/buzz-aldrin-cmpx4.png\"><img loading=\"lazy\" decoding=\"async\" aria-describedby=\"caption-attachment-21125\" class=\"size-full wp-image-21125\" alt=\"#CPMX4: Buzz Aldrin.\" src=\"http:\/\/www.reconoce.mx\/wp-content\/uploads\/buzz-aldrin-cmpx4.png\" width=\"600\" height=\"275\" \/><\/a><p id=\"caption-attachment-21125\" class=\"wp-caption-text\">#CPMX4: Buzz Aldrin.<\/p><\/div>\n<p><!--more--><strong>\u00abHacemos cosas no porque sean sencillas, sino porque son dif\u00edciles\u00bb, as\u00ed salud\u00f3 por vez primera Buzz Aldrin a los campuseros mexicanos que llenaron el escenario esperando su conferencia magistral<\/strong>. \u00abEstoy muy contento de estar aqu\u00ed, rodeado de gente innovadora que es esencial para la expansi\u00f3n de los beneficios de la investigaci\u00f3n espacial\u00bb, remarc\u00f3 en sus primeras palabras.<\/p>\n<p>La conferencia fue emotiva, marcada siempre por la idea de<strong> la consecuci\u00f3n de objetivos dif\u00edciles a trav\u00e9s de los sue\u00f1os y el trabajo en equipo<\/strong>. El mayor ejemplo de \u00e9sto, e idea principal de su conferencia, fue lo conseguido a trav\u00e9s del programa espacial Apollo cuyos resultados seguimos usando en nuestro beneficio.<\/p>\n<p>El hombre que hizo historia junto a Neil Armstrong y Michael Collins por su aventura en la Luna, cont\u00f3 sobre c\u00f3mo <strong>el sue\u00f1o de viajar al espacio, que empez\u00f3 primero con el logro del sue\u00f1o por volar, fue un anhelo<\/strong> recurrente que no se consigui\u00f3 hasta entrado el siglo XX.<\/p>\n<p>Para contextualizar mejor, Aldrin record\u00f3 que aquellos a\u00f1os de la misi\u00f3n Apollo se vieron en medio de una \u00e9poca donde se viv\u00eda la guerra fr\u00eda en apogeo, y donde el rival estadounidense en la carrera espacial, la Uni\u00f3n de Rep\u00fablicas Socialistas Sovi\u00e9ticas, hab\u00eda logrado el famoso vuelo de Yuri Gagarin. Parec\u00eda entonces que ya no se pod\u00eda hacer m\u00e1s, pero entonces surgieron precisamente esos cuestionamientos: <strong>\u00bfQu\u00e9 m\u00e1s se puede hacer?<\/strong><\/p>\n<p>\u00abEl presidente John F. Kennedy pidi\u00f3 entonces viajar a la Luna antes del fin de la d\u00e9cada, pero entonces muchos pensaron que era imposible; sin embargo eso no import\u00f3 ya que tuvimos un l\u00edder con la determinaci\u00f3n completa para lograrlo. <strong>\u00a1Era lograrlo o fallar! Ninguno de nosotros quer\u00edamos fallar<\/strong>\u00ab, expres\u00f3 de manera emotiva el segundo hombre en pisar la Luna.<\/p>\n<p>Entre an\u00e9cdotas, como el emotivo momento en el que al subir al Saturno V (nave que lanz\u00f3 a los tres hombres al espacio) se detuvo por un momento a ver el amanecer y apreciar lo que hasta ese momento hac\u00eda de su vida, <strong>Buzz Aldrin brind\u00f3 una primera conferencia magistral emocionante y alentadora<\/strong>.<\/p>\n<blockquote><p><strong>\u00abEl verdadero valor del Apollo es la historia de innovaci\u00f3n y de trabajo en equipo que significaron el lograr esquivar los obst\u00e1culos para llegar a la Luna\u00bb<\/strong>.<\/p><\/blockquote>\n<div id=\"attachment_21172\" style=\"width: 610px\" class=\"wp-caption aligncenter\"><a href=\"http:\/\/www.reconoce.mx\/wp-content\/uploads\/wikimedia-mx-1.png\"><img loading=\"lazy\" decoding=\"async\" aria-describedby=\"caption-attachment-21172\" src=\"http:\/\/www.reconoce.mx\/wp-content\/uploads\/wikimedia-mx-1.png\" alt=\"#CPMX4: Wikimedia M\u00e9xico A.C.\" width=\"600\" height=\"275\" class=\"size-full wp-image-21172\" \/><\/a><p id=\"caption-attachment-21172\" class=\"wp-caption-text\">#CPMX4: Wikimedia M\u00e9xico A.C.<\/p><\/div>\n<h2>Wikipedia o el valor del conocimiento libre<\/h2>\n<p>En charla ofrecida por el presidente de Wikimedia M\u00e9xico A.C., Iv\u00e1n Mart\u00ednez, se nos ofeci\u00f3 una cara de la enciclopedia m\u00e1s grande del mundo que pocos conocemos. El esfuerzo, heredero de los anhelos de personajes como Cop\u00e9rnico, Ibn Jald\u00fan o Bruno, cumple con la idea de \u00ab<strong>un mundo en el que cada ser humano tiene la posibilidad de acceder a la suma de todo el conocimiento<\/strong>\u00ab.<\/p>\n<p>Para darse una idea del tama\u00f1o de Wikipedia, basta con saber que existen actualmente 18 millones de art\u00edculos en 278 idiomas. De esos art\u00edculos, 1 mill\u00f3n 20 mil son en espa\u00f1ol. Las visitas globales al mes son un dato asombroso: <strong>400 millones de visitas<\/strong>. \u00a1400 millones!<\/p>\n<p>Lo impresionante de Wikipedia es que es un esfuerzo logrado por voluntarios y donadores que desean eso, expandir el conocimiento para que no est\u00e9 en poder de unos cuantos, y s\u00ed accesible para todo el mundo. <strong>El sue\u00f1o de Asimov y Borges est\u00e1 a un click de distancia<\/strong>; en un medio que cree en el valor de la colaboraci\u00f3n y tiene fe en la confianza de quienes le modifican y vigilan.<\/p>\n<div id=\"attachment_21126\" style=\"width: 610px\" class=\"wp-caption aligncenter\"><a href=\"http:\/\/www.reconoce.mx\/wp-content\/uploads\/casas-campana-cmpx4.png\"><img loading=\"lazy\" decoding=\"async\" aria-describedby=\"caption-attachment-21126\" class=\"size-full wp-image-21126\" alt=\"#CPMX4: Casas de campa\u00f1a.\" src=\"http:\/\/www.reconoce.mx\/wp-content\/uploads\/casas-campana-cmpx4.png\" width=\"600\" height=\"275\" \/><\/a><p id=\"caption-attachment-21126\" class=\"wp-caption-text\">#CPMX4: Casas de campa\u00f1a.<\/p><\/div>\n<h2>La revoluci\u00f3n de los blogs<\/h2>\n<p>La charla ofrecida por Ra\u00fal Ram\u00edrez, mejor conocido como Isopixel, fue m\u00e1s que una charla o conferencia. En realidad se trat\u00f3 de un gran aporte en menos de una hora para quienes dedicamos horas a blogs y proyectos como el mismo <span style=\"color: #ed1127;\"><strong>Reconoce MX<\/strong><\/span>. \u00abLos blogs son responsables en gran medida de la revoluci\u00f3n 2.0 y sus derivados; <strong>son los blogs los abuelos de esta web colaborativa que conocemos hoy<\/strong>\u00ab.<\/p>\n<p>Como introducci\u00f3n nos cont\u00f3 c\u00f3mo a ra\u00edz de los acontecimientos del 11\/9 se dio cuenta de lo que realmente quer\u00eda hacer; y hacerlo. A lo que comenz\u00f3 como un hobby, en 2005 decide meterle publicidad; ya para 2008 empezar\u00eda el proceso de profesionalizaci\u00f3n. Aqu\u00ed lanz\u00f3 un punto base: la publicidad en un blog no es mala, y<strong> se puede generar dinero con un proyecto de ese tipo, pero siempre con una estrategia y trabajo por detr\u00e1s<\/strong>.<\/p>\n<p>En 2012 la inversi\u00f3n publicitaria en internet signific\u00f3 6,297 millones; de ese 70%, 6 era acaparado por grandes empresas, dejando 2,000 millones para otros medios. <strong>\u00abYo me conformar\u00eda con el 0.5% de esa cifra\u00bb<\/strong>, expres\u00f3 con franqueza a quienes le vimos sobre el escenario dedicado a social media en Campus Party.<\/p>\n<p>Con una serie de recomendaciones espec\u00edficas, Isopixel puso a todos quienes le vimos a pensar en c\u00f3mo mejorar nuestros proyectos, pero sobre todo,<strong> \u00a1a seguir trabajando por ellos!<\/strong><\/p>\n<p style=\"text-align: right;\"><em>Im\u00e1genes cortes\u00eda de Campus Party M\u00e9xico 2013<\/em>.<\/p>\n<p>&nbsp;<\/p>\n<p>&nbsp;<\/p>\n","protected":false},"excerpt":{"rendered":"<p>Con un emotivo video que resumi\u00f3 la misi\u00f3n Apollo hacia la Luna, se present\u00f3 a uno de los invitados estelares de la cuarta edici\u00f3n de Campus Party en M\u00e9xico: Buzz Aldrin. <\/p>\n","protected":false},"author":2,"featured_media":21127,"comment_status":"open","ping_status":"open","sticky":false,"template":"","format":"standard","meta":{"footnotes":""},"categories":[162,165,163],"tags":[2382,1556,2381,2383,1168,425,608],"class_list":["post-21123","post","type-post","status-publish","format-standard","has-post-thumbnail","hentry","category-ciencia-y-tecnologia","category-internet","category-universo","tag-cpmx4","tag-buzz-aldrin","tag-campus-party","tag-internet-cultura-digital","tag-luna","tag-nasa","tag-tecnologia"],"yoast_head":"<!-- This site is optimized with the Yoast SEO plugin v24.7 - https:\/\/yoast.com\/wordpress\/plugins\/seo\/ -->\n<title>#CPMX4: Buzz Aldrin &#171; Reconoce MX<\/title>\n<meta name=\"robots\" content=\"index, follow, max-snippet:-1, max-image-preview:large, max-video-preview:-1\" \/>\n<link rel=\"canonical\" href=\"https:\/\/www.reconoce.mx\/?p=21123\" \/>\n<meta property=\"og:locale\" content=\"es_ES\" \/>\n<meta property=\"og:type\" content=\"article\" \/>\n<meta property=\"og:title\" content=\"#CPMX4: Buzz Aldrin &#171; Reconoce MX\" \/>\n<meta property=\"og:description\" content=\"Con un emotivo video que resumi\u00f3 la misi\u00f3n Apollo hacia la Luna, se present\u00f3 a uno de los invitados estelares de la cuarta edici\u00f3n de Campus Party en M\u00e9xico: Buzz Aldrin.\" \/>\n<meta property=\"og:url\" content=\"https:\/\/www.reconoce.mx\/?p=21123\" \/>\n<meta property=\"og:site_name\" content=\"Reconoce MX\" \/>\n<meta property=\"article:publisher\" content=\"https:\/\/es-la.facebook.com\/ReconoceMX\/\" \/>\n<meta property=\"article:published_time\" content=\"2013-08-02T08:00:34+00:00\" \/>\n<meta property=\"article:modified_time\" content=\"2013-08-05T21:06:38+00:00\" \/>\n<meta property=\"og:image\" content=\"https:\/\/www.reconoce.mx\/wp-content\/uploads\/wayra-cmpx4.png\" \/>\n\t<meta property=\"og:image:width\" content=\"649\" \/>\n\t<meta property=\"og:image:height\" content=\"301\" \/>\n\t<meta property=\"og:image:type\" content=\"image\/png\" \/>\n<meta name=\"author\" content=\"Reconoce MX\" \/>\n<meta name=\"twitter:card\" content=\"summary_large_image\" \/>\n<meta name=\"twitter:creator\" content=\"@reconocemx\" \/>\n<meta name=\"twitter:site\" content=\"@reconocemx\" \/>\n<meta name=\"twitter:label1\" content=\"Escrito por\" \/>\n\t<meta name=\"twitter:data1\" content=\"Reconoce MX\" \/>\n\t<meta name=\"twitter:label2\" content=\"Tiempo de lectura\" \/>\n\t<meta name=\"twitter:data2\" content=\"5 minutos\" \/>\n<script type=\"application\/ld+json\" class=\"yoast-schema-graph\">{\"@context\":\"https:\/\/schema.org\",\"@graph\":[{\"@type\":\"Article\",\"@id\":\"https:\/\/www.reconoce.mx\/?p=21123#article\",\"isPartOf\":{\"@id\":\"https:\/\/www.reconoce.mx\/?p=21123\"},\"author\":{\"name\":\"Reconoce MX\",\"@id\":\"http:\/\/www.reconoce.mx\/#\/schema\/person\/2117e997d7051dc15d6880eaf9bca0b2\"},\"headline\":\"#CPMX4: Buzz Aldrin\",\"datePublished\":\"2013-08-02T08:00:34+00:00\",\"dateModified\":\"2013-08-05T21:06:38+00:00\",\"mainEntityOfPage\":{\"@id\":\"https:\/\/www.reconoce.mx\/?p=21123\"},\"wordCount\":952,\"commentCount\":1,\"publisher\":{\"@id\":\"http:\/\/www.reconoce.mx\/#organization\"},\"image\":{\"@id\":\"https:\/\/www.reconoce.mx\/?p=21123#primaryimage\"},\"thumbnailUrl\":\"http:\/\/www.reconoce.mx\/wp-content\/uploads\/wayra-cmpx4.png\",\"keywords\":[\"#CPMX4\",\"Buzz Aldrin\",\"Campus Party\",\"Internet. cultura digital\",\"Luna\",\"NASA\",\"tecnolog\u00eda\"],\"articleSection\":[\"Ciencia y Tecnolog\u00eda\",\"Internet\",\"Universo\"],\"inLanguage\":\"es\",\"potentialAction\":[{\"@type\":\"CommentAction\",\"name\":\"Comment\",\"target\":[\"https:\/\/www.reconoce.mx\/?p=21123#respond\"]}]},{\"@type\":\"WebPage\",\"@id\":\"https:\/\/www.reconoce.mx\/?p=21123\",\"url\":\"https:\/\/www.reconoce.mx\/?p=21123\",\"name\":\"#CPMX4: Buzz Aldrin &#171; Reconoce MX\",\"isPartOf\":{\"@id\":\"http:\/\/www.reconoce.mx\/#website\"},\"primaryImageOfPage\":{\"@id\":\"https:\/\/www.reconoce.mx\/?p=21123#primaryimage\"},\"image\":{\"@id\":\"https:\/\/www.reconoce.mx\/?p=21123#primaryimage\"},\"thumbnailUrl\":\"http:\/\/www.reconoce.mx\/wp-content\/uploads\/wayra-cmpx4.png\",\"datePublished\":\"2013-08-02T08:00:34+00:00\",\"dateModified\":\"2013-08-05T21:06:38+00:00\",\"breadcrumb\":{\"@id\":\"https:\/\/www.reconoce.mx\/?p=21123#breadcrumb\"},\"inLanguage\":\"es\",\"potentialAction\":[{\"@type\":\"ReadAction\",\"target\":[\"https:\/\/www.reconoce.mx\/?p=21123\"]}]},{\"@type\":\"ImageObject\",\"inLanguage\":\"es\",\"@id\":\"https:\/\/www.reconoce.mx\/?p=21123#primaryimage\",\"url\":\"http:\/\/www.reconoce.mx\/wp-content\/uploads\/wayra-cmpx4.png\",\"contentUrl\":\"http:\/\/www.reconoce.mx\/wp-content\/uploads\/wayra-cmpx4.png\",\"width\":649,\"height\":301,\"caption\":\"#CPMX4: Wayra.\"},{\"@type\":\"BreadcrumbList\",\"@id\":\"https:\/\/www.reconoce.mx\/?p=21123#breadcrumb\",\"itemListElement\":[{\"@type\":\"ListItem\",\"position\":1,\"name\":\"Portada\",\"item\":\"http:\/\/www.reconoce.mx\/\"},{\"@type\":\"ListItem\",\"position\":2,\"name\":\"#CPMX4: Buzz Aldrin\"}]},{\"@type\":\"WebSite\",\"@id\":\"http:\/\/www.reconoce.mx\/#website\",\"url\":\"http:\/\/www.reconoce.mx\/\",\"name\":\"Reconoce MX\",\"description\":\"En Reconoce MX difundimos arte, cultura y conciencia social en M\u00e9xico. Tu ciudad en otra perspectiva.\",\"publisher\":{\"@id\":\"http:\/\/www.reconoce.mx\/#organization\"},\"potentialAction\":[{\"@type\":\"SearchAction\",\"target\":{\"@type\":\"EntryPoint\",\"urlTemplate\":\"http:\/\/www.reconoce.mx\/?s={search_term_string}\"},\"query-input\":{\"@type\":\"PropertyValueSpecification\",\"valueRequired\":true,\"valueName\":\"search_term_string\"}}],\"inLanguage\":\"es\"},{\"@type\":\"Organization\",\"@id\":\"http:\/\/www.reconoce.mx\/#organization\",\"name\":\"Reconoce MX\",\"url\":\"http:\/\/www.reconoce.mx\/\",\"logo\":{\"@type\":\"ImageObject\",\"inLanguage\":\"es\",\"@id\":\"http:\/\/www.reconoce.mx\/#\/schema\/logo\/image\/\",\"url\":\"https:\/\/www.reconoce.mx\/wp-content\/uploads\/2019\/03\/logorcmx-good-1.png\",\"contentUrl\":\"https:\/\/www.reconoce.mx\/wp-content\/uploads\/2019\/03\/logorcmx-good-1.png\",\"width\":280,\"height\":90,\"caption\":\"Reconoce MX\"},\"image\":{\"@id\":\"http:\/\/www.reconoce.mx\/#\/schema\/logo\/image\/\"},\"sameAs\":[\"https:\/\/es-la.facebook.com\/ReconoceMX\/\",\"https:\/\/x.com\/reconocemx\",\"http:\/\/@reconocemx\"]},{\"@type\":\"Person\",\"@id\":\"http:\/\/www.reconoce.mx\/#\/schema\/person\/2117e997d7051dc15d6880eaf9bca0b2\",\"name\":\"Reconoce MX\",\"image\":{\"@type\":\"ImageObject\",\"inLanguage\":\"es\",\"@id\":\"http:\/\/www.reconoce.mx\/#\/schema\/person\/image\/\",\"url\":\"https:\/\/secure.gravatar.com\/avatar\/6c8d4dc7569ca1c90c5fdcc349f839d5ddef6fe1e70b4337ead2ef1a4c43fc3a?s=96&d=identicon&r=g\",\"contentUrl\":\"https:\/\/secure.gravatar.com\/avatar\/6c8d4dc7569ca1c90c5fdcc349f839d5ddef6fe1e70b4337ead2ef1a4c43fc3a?s=96&d=identicon&r=g\",\"caption\":\"Reconoce MX\"},\"description\":\"Reconoce MX es un proyecto de difusi\u00f3n art\u00edstica, cultural y de conciencia social que est\u00e1 enfocado a difundir y fomentar el entretenimiento alternativo de calidad para todo el p\u00fablico que comparta el mismo entusiasmo.\",\"sameAs\":[\"http:\/\/www.reconoce.mx\"],\"url\":\"http:\/\/www.reconoce.mx\/?author=2\"}]}<\/script>\n<!-- \/ Yoast SEO plugin. -->","yoast_head_json":{"title":"#CPMX4: Buzz Aldrin &#171; Reconoce MX","robots":{"index":"index","follow":"follow","max-snippet":"max-snippet:-1","max-image-preview":"max-image-preview:large","max-video-preview":"max-video-preview:-1"},"canonical":"https:\/\/www.reconoce.mx\/?p=21123","og_locale":"es_ES","og_type":"article","og_title":"#CPMX4: Buzz Aldrin &#171; Reconoce MX","og_description":"Con un emotivo video que resumi\u00f3 la misi\u00f3n Apollo hacia la Luna, se present\u00f3 a uno de los invitados estelares de la cuarta edici\u00f3n de Campus Party en M\u00e9xico: Buzz Aldrin.","og_url":"https:\/\/www.reconoce.mx\/?p=21123","og_site_name":"Reconoce MX","article_publisher":"https:\/\/es-la.facebook.com\/ReconoceMX\/","article_published_time":"2013-08-02T08:00:34+00:00","article_modified_time":"2013-08-05T21:06:38+00:00","og_image":[{"width":649,"height":301,"url":"https:\/\/www.reconoce.mx\/wp-content\/uploads\/wayra-cmpx4.png","type":"image\/png"}],"author":"Reconoce MX","twitter_card":"summary_large_image","twitter_creator":"@reconocemx","twitter_site":"@reconocemx","twitter_misc":{"Escrito por":"Reconoce MX","Tiempo de lectura":"5 minutos"},"schema":{"@context":"https:\/\/schema.org","@graph":[{"@type":"Article","@id":"https:\/\/www.reconoce.mx\/?p=21123#article","isPartOf":{"@id":"https:\/\/www.reconoce.mx\/?p=21123"},"author":{"name":"Reconoce MX","@id":"http:\/\/www.reconoce.mx\/#\/schema\/person\/2117e997d7051dc15d6880eaf9bca0b2"},"headline":"#CPMX4: Buzz Aldrin","datePublished":"2013-08-02T08:00:34+00:00","dateModified":"2013-08-05T21:06:38+00:00","mainEntityOfPage":{"@id":"https:\/\/www.reconoce.mx\/?p=21123"},"wordCount":952,"commentCount":1,"publisher":{"@id":"http:\/\/www.reconoce.mx\/#organization"},"image":{"@id":"https:\/\/www.reconoce.mx\/?p=21123#primaryimage"},"thumbnailUrl":"http:\/\/www.reconoce.mx\/wp-content\/uploads\/wayra-cmpx4.png","keywords":["#CPMX4","Buzz Aldrin","Campus Party","Internet. cultura digital","Luna","NASA","tecnolog\u00eda"],"articleSection":["Ciencia y Tecnolog\u00eda","Internet","Universo"],"inLanguage":"es","potentialAction":[{"@type":"CommentAction","name":"Comment","target":["https:\/\/www.reconoce.mx\/?p=21123#respond"]}]},{"@type":"WebPage","@id":"https:\/\/www.reconoce.mx\/?p=21123","url":"https:\/\/www.reconoce.mx\/?p=21123","name":"#CPMX4: Buzz Aldrin &#171; Reconoce MX","isPartOf":{"@id":"http:\/\/www.reconoce.mx\/#website"},"primaryImageOfPage":{"@id":"https:\/\/www.reconoce.mx\/?p=21123#primaryimage"},"image":{"@id":"https:\/\/www.reconoce.mx\/?p=21123#primaryimage"},"thumbnailUrl":"http:\/\/www.reconoce.mx\/wp-content\/uploads\/wayra-cmpx4.png","datePublished":"2013-08-02T08:00:34+00:00","dateModified":"2013-08-05T21:06:38+00:00","breadcrumb":{"@id":"https:\/\/www.reconoce.mx\/?p=21123#breadcrumb"},"inLanguage":"es","potentialAction":[{"@type":"ReadAction","target":["https:\/\/www.reconoce.mx\/?p=21123"]}]},{"@type":"ImageObject","inLanguage":"es","@id":"https:\/\/www.reconoce.mx\/?p=21123#primaryimage","url":"http:\/\/www.reconoce.mx\/wp-content\/uploads\/wayra-cmpx4.png","contentUrl":"http:\/\/www.reconoce.mx\/wp-content\/uploads\/wayra-cmpx4.png","width":649,"height":301,"caption":"#CPMX4: Wayra."},{"@type":"BreadcrumbList","@id":"https:\/\/www.reconoce.mx\/?p=21123#breadcrumb","itemListElement":[{"@type":"ListItem","position":1,"name":"Portada","item":"http:\/\/www.reconoce.mx\/"},{"@type":"ListItem","position":2,"name":"#CPMX4: Buzz Aldrin"}]},{"@type":"WebSite","@id":"http:\/\/www.reconoce.mx\/#website","url":"http:\/\/www.reconoce.mx\/","name":"Reconoce MX","description":"En Reconoce MX difundimos arte, cultura y conciencia social en M\u00e9xico. Tu ciudad en otra perspectiva.","publisher":{"@id":"http:\/\/www.reconoce.mx\/#organization"},"potentialAction":[{"@type":"SearchAction","target":{"@type":"EntryPoint","urlTemplate":"http:\/\/www.reconoce.mx\/?s={search_term_string}"},"query-input":{"@type":"PropertyValueSpecification","valueRequired":true,"valueName":"search_term_string"}}],"inLanguage":"es"},{"@type":"Organization","@id":"http:\/\/www.reconoce.mx\/#organization","name":"Reconoce MX","url":"http:\/\/www.reconoce.mx\/","logo":{"@type":"ImageObject","inLanguage":"es","@id":"http:\/\/www.reconoce.mx\/#\/schema\/logo\/image\/","url":"https:\/\/www.reconoce.mx\/wp-content\/uploads\/2019\/03\/logorcmx-good-1.png","contentUrl":"https:\/\/www.reconoce.mx\/wp-content\/uploads\/2019\/03\/logorcmx-good-1.png","width":280,"height":90,"caption":"Reconoce MX"},"image":{"@id":"http:\/\/www.reconoce.mx\/#\/schema\/logo\/image\/"},"sameAs":["https:\/\/es-la.facebook.com\/ReconoceMX\/","https:\/\/x.com\/reconocemx","http:\/\/@reconocemx"]},{"@type":"Person","@id":"http:\/\/www.reconoce.mx\/#\/schema\/person\/2117e997d7051dc15d6880eaf9bca0b2","name":"Reconoce MX","image":{"@type":"ImageObject","inLanguage":"es","@id":"http:\/\/www.reconoce.mx\/#\/schema\/person\/image\/","url":"https:\/\/secure.gravatar.com\/avatar\/6c8d4dc7569ca1c90c5fdcc349f839d5ddef6fe1e70b4337ead2ef1a4c43fc3a?s=96&d=identicon&r=g","contentUrl":"https:\/\/secure.gravatar.com\/avatar\/6c8d4dc7569ca1c90c5fdcc349f839d5ddef6fe1e70b4337ead2ef1a4c43fc3a?s=96&d=identicon&r=g","caption":"Reconoce MX"},"description":"Reconoce MX es un proyecto de difusi\u00f3n art\u00edstica, cultural y de conciencia social que est\u00e1 enfocado a difundir y fomentar el entretenimiento alternativo de calidad para todo el p\u00fablico que comparta el mismo entusiasmo.","sameAs":["http:\/\/www.reconoce.mx"],"url":"http:\/\/www.reconoce.mx\/?author=2"}]}},"_links":{"self":[{"href":"http:\/\/www.reconoce.mx\/index.php?rest_route=\/wp\/v2\/posts\/21123","targetHints":{"allow":["GET"]}}],"collection":[{"href":"http:\/\/www.reconoce.mx\/index.php?rest_route=\/wp\/v2\/posts"}],"about":[{"href":"http:\/\/www.reconoce.mx\/index.php?rest_route=\/wp\/v2\/types\/post"}],"author":[{"embeddable":true,"href":"http:\/\/www.reconoce.mx\/index.php?rest_route=\/wp\/v2\/users\/2"}],"replies":[{"embeddable":true,"href":"http:\/\/www.reconoce.mx\/index.php?rest_route=%2Fwp%2Fv2%2Fcomments&post=21123"}],"version-history":[{"count":13,"href":"http:\/\/www.reconoce.mx\/index.php?rest_route=\/wp\/v2\/posts\/21123\/revisions"}],"predecessor-version":[{"id":21414,"href":"http:\/\/www.reconoce.mx\/index.php?rest_route=\/wp\/v2\/posts\/21123\/revisions\/21414"}],"wp:featuredmedia":[{"embeddable":true,"href":"http:\/\/www.reconoce.mx\/index.php?rest_route=\/wp\/v2\/media\/21127"}],"wp:attachment":[{"href":"http:\/\/www.reconoce.mx\/index.php?rest_route=%2Fwp%2Fv2%2Fmedia&parent=21123"}],"wp:term":[{"taxonomy":"category","embeddable":true,"href":"http:\/\/www.reconoce.mx\/index.php?rest_route=%2Fwp%2Fv2%2Fcategories&post=21123"},{"taxonomy":"post_tag","embeddable":true,"href":"http:\/\/www.reconoce.mx\/index.php?rest_route=%2Fwp%2Fv2%2Ftags&post=21123"}],"curies":[{"name":"wp","href":"https:\/\/api.w.org\/{rel}","templated":true}]}}