{"id":24277,"date":"2013-11-07T01:00:50","date_gmt":"2013-11-07T07:00:50","guid":{"rendered":"http:\/\/www.reconoce.mx\/?p=24277"},"modified":"2013-11-18T17:34:41","modified_gmt":"2013-11-18T23:34:41","slug":"lunes-musical-no-ves-de-volks","status":"publish","type":"post","link":"http:\/\/www.reconoce.mx\/?p=24277","title":{"rendered":"Lunes musical: &#8216;No ves&#8217;, de Volks"},"content":{"rendered":"<ul id=\"botones-home\">\n<li><script type=\"text\/javascript\" src=\"https:\/\/apis.google.com\/js\/plusone.js\"><\/script><g:plusone width=\"55\" height=\"20\" href=\"http:\/\/www.reconoce.mx\/lunes-musical-no-ves-de-volks\/\"><\/g:plusone><\/li>\n<li><a href=\"http:\/\/twitter.com\/share\" class=\"twitter-share-button\" data-url=\"http:\/\/www.reconoce.mx\/lunes-musical-no-ves-de-volks\/\" data-count=\"horizontal\" data-via=\"reconocemx\" data-lang=\"es\">Tweet<\/a><script type=\"text\/javascript\" src=\"http:\/\/platform.twitter.com\/widgets.js\"><\/script><\/li>\n<div class=\"fb-like\" data-href=\"http:\/\/www.reconoce.mx\/lunes-musical-no-ves-de-volks\/\" data-send=\"true\" data-width=\"450\" data-show-faces=\"true\"><\/div>\n<p><strong>Por <a title=\"@AsfaltosTweets \" href=\"https:\/\/twitter.com\/AsfaltosTweets\" target=\"_blank\">Asfaltos<\/a>.<\/strong><\/p>\n<p>Empezamos una nueva semana, y fiel a nuestra costumbre en <span style=\"color: #b11306;\"><strong>Reconoce MX<\/strong><\/span>, la empezamos con m\u00fasica nueva. En esta ocasi\u00f3n, con ayuda de nuestras redes sociales, nos lleg\u00f3 una propuesta desde el norte del pa\u00eds. Se trata de la propuesta de <strong>cinco chavos de Monterrey, Nuevo Le\u00f3n; ellos son Volks<\/strong>.<\/p>\n<p><iframe loading=\"lazy\" width=\"625\" height=\"469\" src=\"\/\/www.youtube.com\/embed\/I8_jmziTgiA\" frameborder=\"0\" allowfullscreen><\/iframe><\/p>\n<p><!--more-->Con un sonido que remite de inmediato a lo hecho por sus paisanos Jumbo y Zurdok, Volks se abre camino poco a poco en la escena musical con canciones sencillas sin muchas pretensiones. <strong>Sus rolas resultan pegajosas, con melod\u00edas simples y letras sin complicaciones<\/strong>. Volks deambula entre el rock y el pop de manera acertada.<\/p>\n<p>Yo les dejo con su primer sencillo de nombre <strong><em>No ves<\/em><\/strong>. La canci\u00f3n, de la que ya hab\u00edamos podido escuchar su versi\u00f3n demo v\u00eda <a title=\"volksoficial \" href=\"https:\/\/soundcloud.com\/VolksOficial\" target=\"_blank\"><strong>SoundCloud<\/strong><\/a>, suena m\u00e1s y mejor trabajada. Se trata de una <strong>melod\u00eda que aumenta poco a poco sus emociones<\/strong>, dejando un buen sabor de boca, y dej\u00e1ndonos con ganas de escuchar m\u00e1s de ellos.<\/p>\n<div id=\"attachment_24279\" style=\"width: 610px\" class=\"wp-caption aligncenter\"><a href=\"http:\/\/www.reconoce.mx\/wp-content\/uploads\/volks-noves.png\"><img loading=\"lazy\" decoding=\"async\" aria-describedby=\"caption-attachment-24279\" class=\"size-full wp-image-24279\" alt=\"Lunes musical: 'No ves', de Volks.\" src=\"http:\/\/www.reconoce.mx\/wp-content\/uploads\/volks-noves.png\" width=\"600\" height=\"275\" \/><\/a><p id=\"caption-attachment-24279\" class=\"wp-caption-text\">Lunes musical: &#8216;No ves&#8217;, de Volks.<\/p><\/div>\n<p>Ya saben, si les ha gustado lo que hacen estos chamacos, no dejen de apoyarles v\u00eda redes sociales en <a title=\"@VolksOficial\" href=\"https:\/\/twitter.com\/VolksOficial\" target=\"_blank\"><strong>twitter<\/strong><\/a>, <a title=\"Volks\" href=\"https:\/\/www.facebook.com\/volksoficial\" target=\"_blank\"><strong>facebook<\/strong><\/a> e <a title=\"volksoficial\" href=\"http:\/\/instagram.com\/VolksOficial#\" target=\"_blank\"><strong>instagram<\/strong><\/a>. \u00a1Buen inicio de semana banda!<\/p>\n<p>&nbsp;<\/p>\n<p>&nbsp;<\/p>\n","protected":false},"excerpt":{"rendered":"<p>Empezamos una nueva semana, y fiel a nuestra costumbre en Reconoce MX, la empezamos con m\u00fasica nueva. En esta ocasi\u00f3ncon una propuesta desde Monterrey, Nuevo Le\u00f3n; ellos son Volks.<\/p>\n","protected":false},"author":2,"featured_media":24279,"comment_status":"open","ping_status":"open","sticky":false,"template":"","format":"standard","meta":{"footnotes":""},"categories":[1,665,18],"tags":[],"class_list":["post-24277","post","type-post","status-publish","format-standard","has-post-thumbnail","hentry","category-cultura","category-lunes-musical-musica","category-musica"],"yoast_head":"<!-- This site is optimized with the Yoast SEO plugin v24.7 - https:\/\/yoast.com\/wordpress\/plugins\/seo\/ -->\n<title>Lunes musical: &#039;No ves&#039;, de Volks &#171; Reconoce MX<\/title>\n<meta name=\"robots\" content=\"index, follow, max-snippet:-1, max-image-preview:large, max-video-preview:-1\" \/>\n<link rel=\"canonical\" href=\"http:\/\/www.reconoce.mx\/?p=24277\" \/>\n<meta property=\"og:locale\" content=\"es_ES\" \/>\n<meta property=\"og:type\" content=\"article\" \/>\n<meta property=\"og:title\" content=\"Lunes musical: &#039;No ves&#039;, de Volks &#171; Reconoce MX\" \/>\n<meta property=\"og:description\" content=\"Empezamos una nueva semana, y fiel a nuestra costumbre en Reconoce MX, la empezamos con m\u00fasica nueva. En esta ocasi\u00f3ncon una propuesta desde Monterrey, Nuevo Le\u00f3n; ellos son Volks.\" \/>\n<meta property=\"og:url\" content=\"http:\/\/www.reconoce.mx\/?p=24277\" \/>\n<meta property=\"og:site_name\" content=\"Reconoce MX\" \/>\n<meta property=\"article:publisher\" content=\"https:\/\/es-la.facebook.com\/ReconoceMX\/\" \/>\n<meta property=\"article:published_time\" content=\"2013-11-07T07:00:50+00:00\" \/>\n<meta property=\"article:modified_time\" content=\"2013-11-18T23:34:41+00:00\" \/>\n<meta property=\"og:image\" content=\"http:\/\/www.reconoce.mx\/wp-content\/uploads\/volks-noves.png\" \/>\n\t<meta property=\"og:image:width\" content=\"649\" \/>\n\t<meta property=\"og:image:height\" content=\"301\" \/>\n\t<meta property=\"og:image:type\" content=\"image\/png\" \/>\n<meta name=\"author\" content=\"Reconoce MX\" \/>\n<meta name=\"twitter:card\" content=\"summary_large_image\" \/>\n<meta name=\"twitter:creator\" content=\"@reconocemx\" \/>\n<meta name=\"twitter:site\" content=\"@reconocemx\" \/>\n<meta name=\"twitter:label1\" content=\"Escrito por\" \/>\n\t<meta name=\"twitter:data1\" content=\"Reconoce MX\" \/>\n\t<meta name=\"twitter:label2\" content=\"Tiempo de lectura\" \/>\n\t<meta name=\"twitter:data2\" content=\"1 minuto\" \/>\n<script type=\"application\/ld+json\" class=\"yoast-schema-graph\">{\"@context\":\"https:\/\/schema.org\",\"@graph\":[{\"@type\":\"Article\",\"@id\":\"http:\/\/www.reconoce.mx\/?p=24277#article\",\"isPartOf\":{\"@id\":\"http:\/\/www.reconoce.mx\/?p=24277\"},\"author\":{\"name\":\"Reconoce MX\",\"@id\":\"http:\/\/www.reconoce.mx\/#\/schema\/person\/2117e997d7051dc15d6880eaf9bca0b2\"},\"headline\":\"Lunes musical: &#8216;No ves&#8217;, de Volks\",\"datePublished\":\"2013-11-07T07:00:50+00:00\",\"dateModified\":\"2013-11-18T23:34:41+00:00\",\"mainEntityOfPage\":{\"@id\":\"http:\/\/www.reconoce.mx\/?p=24277\"},\"wordCount\":228,\"commentCount\":0,\"publisher\":{\"@id\":\"http:\/\/www.reconoce.mx\/#organization\"},\"image\":{\"@id\":\"http:\/\/www.reconoce.mx\/?p=24277#primaryimage\"},\"thumbnailUrl\":\"http:\/\/www.reconoce.mx\/wp-content\/uploads\/volks-noves.png\",\"articleSection\":[\"Cultura\",\"Lunes musical\",\"M\u00fasica\"],\"inLanguage\":\"es\",\"potentialAction\":[{\"@type\":\"CommentAction\",\"name\":\"Comment\",\"target\":[\"http:\/\/www.reconoce.mx\/?p=24277#respond\"]}]},{\"@type\":\"WebPage\",\"@id\":\"http:\/\/www.reconoce.mx\/?p=24277\",\"url\":\"http:\/\/www.reconoce.mx\/?p=24277\",\"name\":\"Lunes musical: 'No ves', de Volks &#171; Reconoce MX\",\"isPartOf\":{\"@id\":\"http:\/\/www.reconoce.mx\/#website\"},\"primaryImageOfPage\":{\"@id\":\"http:\/\/www.reconoce.mx\/?p=24277#primaryimage\"},\"image\":{\"@id\":\"http:\/\/www.reconoce.mx\/?p=24277#primaryimage\"},\"thumbnailUrl\":\"http:\/\/www.reconoce.mx\/wp-content\/uploads\/volks-noves.png\",\"datePublished\":\"2013-11-07T07:00:50+00:00\",\"dateModified\":\"2013-11-18T23:34:41+00:00\",\"breadcrumb\":{\"@id\":\"http:\/\/www.reconoce.mx\/?p=24277#breadcrumb\"},\"inLanguage\":\"es\",\"potentialAction\":[{\"@type\":\"ReadAction\",\"target\":[\"http:\/\/www.reconoce.mx\/?p=24277\"]}]},{\"@type\":\"ImageObject\",\"inLanguage\":\"es\",\"@id\":\"http:\/\/www.reconoce.mx\/?p=24277#primaryimage\",\"url\":\"http:\/\/www.reconoce.mx\/wp-content\/uploads\/volks-noves.png\",\"contentUrl\":\"http:\/\/www.reconoce.mx\/wp-content\/uploads\/volks-noves.png\",\"width\":649,\"height\":301,\"caption\":\"Lunes musical: 'No ves', de Volks.\"},{\"@type\":\"BreadcrumbList\",\"@id\":\"http:\/\/www.reconoce.mx\/?p=24277#breadcrumb\",\"itemListElement\":[{\"@type\":\"ListItem\",\"position\":1,\"name\":\"Portada\",\"item\":\"http:\/\/www.reconoce.mx\/\"},{\"@type\":\"ListItem\",\"position\":2,\"name\":\"Lunes musical: &#8216;No ves&#8217;, de Volks\"}]},{\"@type\":\"WebSite\",\"@id\":\"http:\/\/www.reconoce.mx\/#website\",\"url\":\"http:\/\/www.reconoce.mx\/\",\"name\":\"Reconoce MX\",\"description\":\"En Reconoce MX difundimos arte, cultura y conciencia social en M\u00e9xico. Tu ciudad en otra perspectiva.\",\"publisher\":{\"@id\":\"http:\/\/www.reconoce.mx\/#organization\"},\"potentialAction\":[{\"@type\":\"SearchAction\",\"target\":{\"@type\":\"EntryPoint\",\"urlTemplate\":\"http:\/\/www.reconoce.mx\/?s={search_term_string}\"},\"query-input\":{\"@type\":\"PropertyValueSpecification\",\"valueRequired\":true,\"valueName\":\"search_term_string\"}}],\"inLanguage\":\"es\"},{\"@type\":\"Organization\",\"@id\":\"http:\/\/www.reconoce.mx\/#organization\",\"name\":\"Reconoce MX\",\"url\":\"http:\/\/www.reconoce.mx\/\",\"logo\":{\"@type\":\"ImageObject\",\"inLanguage\":\"es\",\"@id\":\"http:\/\/www.reconoce.mx\/#\/schema\/logo\/image\/\",\"url\":\"https:\/\/www.reconoce.mx\/wp-content\/uploads\/2019\/03\/logorcmx-good-1.png\",\"contentUrl\":\"https:\/\/www.reconoce.mx\/wp-content\/uploads\/2019\/03\/logorcmx-good-1.png\",\"width\":280,\"height\":90,\"caption\":\"Reconoce MX\"},\"image\":{\"@id\":\"http:\/\/www.reconoce.mx\/#\/schema\/logo\/image\/\"},\"sameAs\":[\"https:\/\/es-la.facebook.com\/ReconoceMX\/\",\"https:\/\/x.com\/reconocemx\",\"http:\/\/@reconocemx\"]},{\"@type\":\"Person\",\"@id\":\"http:\/\/www.reconoce.mx\/#\/schema\/person\/2117e997d7051dc15d6880eaf9bca0b2\",\"name\":\"Reconoce MX\",\"image\":{\"@type\":\"ImageObject\",\"inLanguage\":\"es\",\"@id\":\"http:\/\/www.reconoce.mx\/#\/schema\/person\/image\/\",\"url\":\"https:\/\/secure.gravatar.com\/avatar\/6c8d4dc7569ca1c90c5fdcc349f839d5ddef6fe1e70b4337ead2ef1a4c43fc3a?s=96&d=identicon&r=g\",\"contentUrl\":\"https:\/\/secure.gravatar.com\/avatar\/6c8d4dc7569ca1c90c5fdcc349f839d5ddef6fe1e70b4337ead2ef1a4c43fc3a?s=96&d=identicon&r=g\",\"caption\":\"Reconoce MX\"},\"description\":\"Reconoce MX es un proyecto de difusi\u00f3n art\u00edstica, cultural y de conciencia social que est\u00e1 enfocado a difundir y fomentar el entretenimiento alternativo de calidad para todo el p\u00fablico que comparta el mismo entusiasmo.\",\"sameAs\":[\"http:\/\/www.reconoce.mx\"],\"url\":\"http:\/\/www.reconoce.mx\/?author=2\"}]}<\/script>\n<!-- \/ Yoast SEO plugin. -->","yoast_head_json":{"title":"Lunes musical: 'No ves', de Volks &#171; Reconoce MX","robots":{"index":"index","follow":"follow","max-snippet":"max-snippet:-1","max-image-preview":"max-image-preview:large","max-video-preview":"max-video-preview:-1"},"canonical":"http:\/\/www.reconoce.mx\/?p=24277","og_locale":"es_ES","og_type":"article","og_title":"Lunes musical: 'No ves', de Volks &#171; Reconoce MX","og_description":"Empezamos una nueva semana, y fiel a nuestra costumbre en Reconoce MX, la empezamos con m\u00fasica nueva. En esta ocasi\u00f3ncon una propuesta desde Monterrey, Nuevo Le\u00f3n; ellos son Volks.","og_url":"http:\/\/www.reconoce.mx\/?p=24277","og_site_name":"Reconoce MX","article_publisher":"https:\/\/es-la.facebook.com\/ReconoceMX\/","article_published_time":"2013-11-07T07:00:50+00:00","article_modified_time":"2013-11-18T23:34:41+00:00","og_image":[{"width":649,"height":301,"url":"http:\/\/www.reconoce.mx\/wp-content\/uploads\/volks-noves.png","type":"image\/png"}],"author":"Reconoce MX","twitter_card":"summary_large_image","twitter_creator":"@reconocemx","twitter_site":"@reconocemx","twitter_misc":{"Escrito por":"Reconoce MX","Tiempo de lectura":"1 minuto"},"schema":{"@context":"https:\/\/schema.org","@graph":[{"@type":"Article","@id":"http:\/\/www.reconoce.mx\/?p=24277#article","isPartOf":{"@id":"http:\/\/www.reconoce.mx\/?p=24277"},"author":{"name":"Reconoce MX","@id":"http:\/\/www.reconoce.mx\/#\/schema\/person\/2117e997d7051dc15d6880eaf9bca0b2"},"headline":"Lunes musical: &#8216;No ves&#8217;, de Volks","datePublished":"2013-11-07T07:00:50+00:00","dateModified":"2013-11-18T23:34:41+00:00","mainEntityOfPage":{"@id":"http:\/\/www.reconoce.mx\/?p=24277"},"wordCount":228,"commentCount":0,"publisher":{"@id":"http:\/\/www.reconoce.mx\/#organization"},"image":{"@id":"http:\/\/www.reconoce.mx\/?p=24277#primaryimage"},"thumbnailUrl":"http:\/\/www.reconoce.mx\/wp-content\/uploads\/volks-noves.png","articleSection":["Cultura","Lunes musical","M\u00fasica"],"inLanguage":"es","potentialAction":[{"@type":"CommentAction","name":"Comment","target":["http:\/\/www.reconoce.mx\/?p=24277#respond"]}]},{"@type":"WebPage","@id":"http:\/\/www.reconoce.mx\/?p=24277","url":"http:\/\/www.reconoce.mx\/?p=24277","name":"Lunes musical: 'No ves', de Volks &#171; Reconoce MX","isPartOf":{"@id":"http:\/\/www.reconoce.mx\/#website"},"primaryImageOfPage":{"@id":"http:\/\/www.reconoce.mx\/?p=24277#primaryimage"},"image":{"@id":"http:\/\/www.reconoce.mx\/?p=24277#primaryimage"},"thumbnailUrl":"http:\/\/www.reconoce.mx\/wp-content\/uploads\/volks-noves.png","datePublished":"2013-11-07T07:00:50+00:00","dateModified":"2013-11-18T23:34:41+00:00","breadcrumb":{"@id":"http:\/\/www.reconoce.mx\/?p=24277#breadcrumb"},"inLanguage":"es","potentialAction":[{"@type":"ReadAction","target":["http:\/\/www.reconoce.mx\/?p=24277"]}]},{"@type":"ImageObject","inLanguage":"es","@id":"http:\/\/www.reconoce.mx\/?p=24277#primaryimage","url":"http:\/\/www.reconoce.mx\/wp-content\/uploads\/volks-noves.png","contentUrl":"http:\/\/www.reconoce.mx\/wp-content\/uploads\/volks-noves.png","width":649,"height":301,"caption":"Lunes musical: 'No ves', de Volks."},{"@type":"BreadcrumbList","@id":"http:\/\/www.reconoce.mx\/?p=24277#breadcrumb","itemListElement":[{"@type":"ListItem","position":1,"name":"Portada","item":"http:\/\/www.reconoce.mx\/"},{"@type":"ListItem","position":2,"name":"Lunes musical: &#8216;No ves&#8217;, de Volks"}]},{"@type":"WebSite","@id":"http:\/\/www.reconoce.mx\/#website","url":"http:\/\/www.reconoce.mx\/","name":"Reconoce MX","description":"En Reconoce MX difundimos arte, cultura y conciencia social en M\u00e9xico. Tu ciudad en otra perspectiva.","publisher":{"@id":"http:\/\/www.reconoce.mx\/#organization"},"potentialAction":[{"@type":"SearchAction","target":{"@type":"EntryPoint","urlTemplate":"http:\/\/www.reconoce.mx\/?s={search_term_string}"},"query-input":{"@type":"PropertyValueSpecification","valueRequired":true,"valueName":"search_term_string"}}],"inLanguage":"es"},{"@type":"Organization","@id":"http:\/\/www.reconoce.mx\/#organization","name":"Reconoce MX","url":"http:\/\/www.reconoce.mx\/","logo":{"@type":"ImageObject","inLanguage":"es","@id":"http:\/\/www.reconoce.mx\/#\/schema\/logo\/image\/","url":"https:\/\/www.reconoce.mx\/wp-content\/uploads\/2019\/03\/logorcmx-good-1.png","contentUrl":"https:\/\/www.reconoce.mx\/wp-content\/uploads\/2019\/03\/logorcmx-good-1.png","width":280,"height":90,"caption":"Reconoce MX"},"image":{"@id":"http:\/\/www.reconoce.mx\/#\/schema\/logo\/image\/"},"sameAs":["https:\/\/es-la.facebook.com\/ReconoceMX\/","https:\/\/x.com\/reconocemx","http:\/\/@reconocemx"]},{"@type":"Person","@id":"http:\/\/www.reconoce.mx\/#\/schema\/person\/2117e997d7051dc15d6880eaf9bca0b2","name":"Reconoce MX","image":{"@type":"ImageObject","inLanguage":"es","@id":"http:\/\/www.reconoce.mx\/#\/schema\/person\/image\/","url":"https:\/\/secure.gravatar.com\/avatar\/6c8d4dc7569ca1c90c5fdcc349f839d5ddef6fe1e70b4337ead2ef1a4c43fc3a?s=96&d=identicon&r=g","contentUrl":"https:\/\/secure.gravatar.com\/avatar\/6c8d4dc7569ca1c90c5fdcc349f839d5ddef6fe1e70b4337ead2ef1a4c43fc3a?s=96&d=identicon&r=g","caption":"Reconoce MX"},"description":"Reconoce MX es un proyecto de difusi\u00f3n art\u00edstica, cultural y de conciencia social que est\u00e1 enfocado a difundir y fomentar el entretenimiento alternativo de calidad para todo el p\u00fablico que comparta el mismo entusiasmo.","sameAs":["http:\/\/www.reconoce.mx"],"url":"http:\/\/www.reconoce.mx\/?author=2"}]}},"_links":{"self":[{"href":"http:\/\/www.reconoce.mx\/index.php?rest_route=\/wp\/v2\/posts\/24277","targetHints":{"allow":["GET"]}}],"collection":[{"href":"http:\/\/www.reconoce.mx\/index.php?rest_route=\/wp\/v2\/posts"}],"about":[{"href":"http:\/\/www.reconoce.mx\/index.php?rest_route=\/wp\/v2\/types\/post"}],"author":[{"embeddable":true,"href":"http:\/\/www.reconoce.mx\/index.php?rest_route=\/wp\/v2\/users\/2"}],"replies":[{"embeddable":true,"href":"http:\/\/www.reconoce.mx\/index.php?rest_route=%2Fwp%2Fv2%2Fcomments&post=24277"}],"version-history":[{"count":8,"href":"http:\/\/www.reconoce.mx\/index.php?rest_route=\/wp\/v2\/posts\/24277\/revisions"}],"predecessor-version":[{"id":24494,"href":"http:\/\/www.reconoce.mx\/index.php?rest_route=\/wp\/v2\/posts\/24277\/revisions\/24494"}],"wp:featuredmedia":[{"embeddable":true,"href":"http:\/\/www.reconoce.mx\/index.php?rest_route=\/wp\/v2\/media\/24279"}],"wp:attachment":[{"href":"http:\/\/www.reconoce.mx\/index.php?rest_route=%2Fwp%2Fv2%2Fmedia&parent=24277"}],"wp:term":[{"taxonomy":"category","embeddable":true,"href":"http:\/\/www.reconoce.mx\/index.php?rest_route=%2Fwp%2Fv2%2Fcategories&post=24277"},{"taxonomy":"post_tag","embeddable":true,"href":"http:\/\/www.reconoce.mx\/index.php?rest_route=%2Fwp%2Fv2%2Ftags&post=24277"}],"curies":[{"name":"wp","href":"https:\/\/api.w.org\/{rel}","templated":true}]}}