{"id":24327,"date":"2013-11-11T01:00:17","date_gmt":"2013-11-11T07:00:17","guid":{"rendered":"http:\/\/www.reconoce.mx\/?p=24327"},"modified":"2013-11-19T02:31:07","modified_gmt":"2013-11-19T08:31:07","slug":"figleon-entrevista-con-la-directora-escandra-salim-alle","status":"publish","type":"post","link":"http:\/\/www.reconoce.mx\/?p=24327","title":{"rendered":"FIGLe\u00f3n: Entrevista con la directora Escandra Salim Alle"},"content":{"rendered":"<ul id=\"botones-home\">\n<li><script type=\"text\/javascript\" src=\"https:\/\/apis.google.com\/js\/plusone.js\"><\/script><g:plusone width=\"55\" height=\"20\" href=\"http:\/\/www.reconoce.mx\/figleon-entrevista-con-la-directora-escandra-salim-alle\/\"><\/g:plusone><\/li>\n<li><a href=\"http:\/\/twitter.com\/share\" class=\"twitter-share-button\" data-url=\"http:\/\/www.reconoce.mx\/figleon-entrevista-con-la-directora-escandra-salim-alle\/\" data-count=\"horizontal\" data-via=\"reconocemx\" data-lang=\"es\">Tweet<\/a><script type=\"text\/javascript\" src=\"http:\/\/platform.twitter.com\/widgets.js\"><\/script><\/li>\n<div class=\"fb-like\" data-href=\"http:\/\/www.reconoce.mx\/figleon-entrevista-con-la-directora-escandra-salim-alle\/\" data-send=\"true\" data-width=\"450\" data-show-faces=\"true\"><\/div>\n<p><strong>Por <a title=\"@iKtz\" href=\"https:\/\/twitter.com\/#%21\/iktz\" target=\"_blank\">Katia Stephanie Ib\u00e1\u00f1ez Del Rivero<\/a><\/strong>.<\/p>\n<p>La semana pasada tuve la oportunidad\u00a0de platicar con<strong> Escandra Salim Alle, directora del Festival Internacional del Globo<\/strong> que se llevar\u00e1 a cabo del 15 al 18 de noviembre en la ciudad de Le\u00f3n, Guanajuato.<\/p>\n<div id=\"attachment_24328\" style=\"width: 610px\" class=\"wp-caption aligncenter\"><a href=\"http:\/\/www.reconoce.mx\/wp-content\/uploads\/globos-sol.png\"><img loading=\"lazy\" decoding=\"async\" aria-describedby=\"caption-attachment-24328\" class=\"size-full wp-image-24328\" alt=\"FIGLeon: Entrevista con la directora Escandra Salim Alle.\" src=\"http:\/\/www.reconoce.mx\/wp-content\/uploads\/globos-sol.png\" width=\"600\" height=\"275\" \/><\/a><p id=\"caption-attachment-24328\" class=\"wp-caption-text\">FIGLeon: Entrevista con la directora Escandra Salim Alle.<\/p><\/div>\n<p><!--more-->Despu\u00e9s de llegar al parque ecol\u00f3gico donde se encuentran las oficinas del Festival, me recibi\u00f3 <strong>un staff amable y alegre<\/strong> del que pod\u00edas percibir la emoci\u00f3n que caracteriza la recta final de cualquier evento de esta magnitud.<\/p>\n<p>Me recibi\u00f3 una mujer que lo primero que proyecta es seguridad. Con una sonrisa sincera y una voz segura de s\u00ed misma; <strong>sostuvimos la siguiente conversaci\u00f3n<\/strong>.<\/p>\n<h2><b>\u00bfQu\u00e9 es lo que motiva el crear este evento? \u00bfPor qu\u00e9 hacer un Festival Internacional del Globo?<\/b><\/h2>\n<p>La ciudad de Le\u00f3n tiene todas las caracter\u00edsticas tanto climatol\u00f3gicas como de situaci\u00f3n geogr\u00e1fica para hacer un evento de esta naturaleza. Reunimos las condiciones para poderlo hacer. Aunado a esto tenemos la gran ventaja de que nuestras v\u00edas de comunicaci\u00f3n son excelentes para el resto de la Rep\u00fablica; esto se inici\u00f3 porque se estaba pensando en productos tur\u00edsticos para traer a la ciudad de Le\u00f3n y el estado de Guanajuato y diversificar la actividad que hace diez a\u00f1os era la prioridad como lo eran la piel y el calzado. Creo que desde hace diez a\u00f1os a la fecha las actividades en el estado de Guanajuato han ido cambiando y se han ido posicionando otro tipo de sistemas de trabajo y de derrama econ\u00f3mica como lo son los eventos. Nosotros estamos dentro del sector turismo que genera una derrama econ\u00f3mica muy importante el d\u00eda de hoy en el estado. De hecho <strong>somos el evento que genera la mayor derrama econ\u00f3mica tur\u00edstica del estado<\/strong>. Su crecimiento ha marcado la pauta a nivel mundial y nacional porque ha sido exponencial y muy importante. <strong>Desde sus inicios hemos crecido un 1050%<\/strong>.<\/p>\n<h2><b>\u00bfQu\u00e9 te motiva a ser la directora del Festival Internacional del Globo? \u00bfQu\u00e9 es lo que te motiva a hacer esto a\u00f1o tras a\u00f1o?<\/b><\/h2>\n<p>Yo no conoc\u00eda nada sobre aerostaci\u00f3n cuando entr\u00e9 a esta actividad. Me gusta apasionarme de lo que hago y la aerostaci\u00f3n es algo que no puedes hacer sin pasi\u00f3n. Todo lo que es aire, lo que sea volar, todo lo que sean emociones, tiene que ver con la pasi\u00f3n con la que hagas las cosas. Todo esto me fue envolviendo de tal manera que empez\u00f3 a repercutir en mi forma de ser, en mi familia, en mi conducta, en mi actividad diaria. Yo no estaba acostumbrada a levantarme a las 4 o 5 de la ma\u00f1ana y ahora mi trabajo me exige que lo haga. Todas estas cosas han envuelto de magia toda mi vida, todo nuestro entorno. Me hice de un grupo de personas que son mis compa\u00f1eros de trabajo, que se enamoran igual que yo de la actividad porque vemos c\u00f3mo trasciende hacia las familias y el publico en general. Para nosotros ese es el mayor motor, ver que la gente a las 5 am llega al parque y que vinieron desde lugares como el Distrito Federal, Guadalajara, Tijuana, Canc\u00fan, etc., para estar\u00a0 a las 5 am en el Parque Metropolitano de Le\u00f3n y ver tanta gente te llena de responsabilidad, pero tambi\u00e9n de una sensaci\u00f3n muy diferente en la que sientes: \u201c<strong>Este es mi trabajo, pero ellos vienen a divertirse<\/strong>\u201d. Comprobamos durante todos estos a\u00f1os que la gente en M\u00e9xico esta ansiosa por re\u00edrse, quiere estar a gusto, quiere sentirse en libertad, quiere sentirse igual. Si ustedes se fijan cada quien escoge el lugar que quiere, nadie te dice donde debes estar, tu escoges el lugar donde quieras estar. Por supuesto guardando las reglas de seguridad que el evento conlleva, pero t\u00fa te acomodas donde t\u00fa quieres. Eso a mi me motiva, a seguir, seguir, seguir. Nos gusta cambiar, cada a\u00f1o nos volvemos a reinventar completitos aunque sean globos, traemos figuras diferentes, espect\u00e1culos diferentes, hacemos una imagen diferente, convocamos a otros pa\u00edses, nos extendemos a otros pa\u00edses del mundo, estamos en constante movimiento. Desde que este festival termina empezamos el siguiente. Y mientras sigamos aqu\u00ed as\u00ed queremos hacer las cosas, deseamos que contin\u00fae as\u00ed por que es lo que verdaderamente se le ofrece a la gente de donde sea que venga.<\/p>\n<h2><b>\u00bfCu\u00e1l ha sido tu momento favorito a lo largo de estos diez a\u00f1os de Festival en los que has sido directora?<\/b><\/h2>\n<p>Siempre, cada a\u00f1o, <strong>el primer d\u00eda de la inauguraci\u00f3n cuando veo el despegue de las 6 de la ma\u00f1ana del viernes<\/strong>, ese es mi d\u00eda. Ese es el d\u00eda en el que digo: \u201cDios m\u00edo, lo logramos nuevamente. Est\u00e1n aqu\u00ed, est\u00e1n haciendo lo que tienen que hacer\u201d. Ese es mi momento favorito.<\/p>\n<h2><b>\u00bfCu\u00e1l es tu globo favorito?<\/b><\/h2>\n<p>Me gustan mucho los globos de figura pero<strong> me encantan los globos sport<\/strong>. Son unos globos que tiene una tecnolog\u00eda nueva y que tienen una forma un poco mas oval; estos globos tiene una gran capacidad y pueden volar un poco m\u00e1s ligeros.<\/p>\n<h2><b>\u00bfQu\u00e9 podemos esperar para el Festival del 2013? \u00bfQu\u00e9 es lo que m\u00e1s ganas tienes de ver?<\/b><\/h2>\n<p><strong>Estoy esperando el momento en que vuele el globo del carruaje de las princesas, no sabes c\u00f3mo me ilusiona ver ese globo<\/strong>. Estoy esperando el momento de verlo inflado y ver c\u00f3mo se despega. Tambi\u00e9n estoy esperando con mucho gusto la exposici\u00f3n de la Secretar\u00eda de Marina que este a\u00f1o cambia, y tambi\u00e9n la de Discovery Channel que este a\u00f1o trae una exposici\u00f3n de fotograf\u00eda preciosa para toda la gente que viene al festival. Y tambi\u00e9n en las noches vamos a tener los conciertos de Pancho Barraza y El Recodo, Molotov y Nortec, Mar\u00eda Jos\u00e9 y Rio Roma; pero yo, a quien espero es a la banda El Recodo. Tambi\u00e9n a Mar\u00eda Jos\u00e9. As\u00ed, de coraz\u00f3n, espero al Recodo y a Mar\u00eda Jos\u00e9.<\/p>\n<h2><b>\u00bfEn qu\u00e9 consiste la exposici\u00f3n fotogr\u00e1fica del Discovery Channel?<\/b><\/h2>\n<p>Es una exposici\u00f3n fotogr\u00e1fica de<strong> fotograf\u00edas de todo el mundo<\/strong> y adem\u00e1s pasan un video interactivo que estar\u00e1 muy a la mano de la gente y no tiene costo extra.<\/p>\n<h2><b>\u00bfQu\u00e9 costo tiene el Festival?<\/b><\/h2>\n<p>El Festival cuesta 55 pesos, pero con esos 55 pesos puedes subirte a los juegos mec\u00e1nicos, entrar a las exposiciones, asistir a los conciertos, presenciar el despegue de los globos; puedes hacer todo sin ning\u00fan costo extra, a excepci\u00f3n de los alimentos, donde cada quien adquiere lo que gusta. <strong>Pero en cuanto a espect\u00e1culos, los 55 pesos incluyen todo<\/strong>. El rodeo, la m\u00fasica en vivo, las suertes charras, todos los grupos que se presentan en el festival durante el d\u00eda que muchos de ellos son grupos amateurs que son muy, muy buenos y que se est\u00e1n dando a conocer cada vez m\u00e1s.<\/p>\n<h2><b>\u00bfQu\u00e9 papel desempe\u00f1a el Festival Internacional del Globo en servir como una plataforma para productores locales o artistas menos conocidos?<\/b><\/h2>\n<p>Debemos hacerlo. <strong>Es nuestra obligaci\u00f3n apoyar a quien inicia, a quien comienza<\/strong>. El Festival tiene figuras reconocidas mundialmente como los artistas, como marcas, como Discovery, como muchas otras que participan en el evento y que son las que nos hacen fuertes y son esas marcas quienes a nosotros nos hacen ser el Festival. Pero al mismo tiempo el Festival tiene una obligaci\u00f3n con el que inicia, con el que comienza, con el que necesita, con la Asociaci\u00f3n Civil, etc. Todos esos aspectos son parte de nuestra obligaci\u00f3n cubrirlos.<\/p>\n<h2><b>\u00bfTienes alg\u00fan recuerdo chusco o gracioso que nos quieras compartir?<\/b><\/h2>\n<p><strong>Cuando llevamos por primera vez los globos a Colombia los llevamos para las fiestas del Bicentenario de Colombia<\/strong>. Entonces hicimos la primera visita a Bogot\u00e1 donde el encargado de la Armada Colombiana quer\u00eda saber sobre el sistema de vuelo de los globos y todo eso porque nunca hab\u00edan visto globos en Colombia. Entonces el encargado nos dijo que quer\u00eda saber sobre el despegue y el aterrizaje, entonces iba conmigo un piloto brasile\u00f1o, Caco, al que invit\u00e9 para que me apoyara a la inspecci\u00f3n del lugar y vi\u00e9ramos posibles zonas de despegue. Entonces el piloto volte\u00f3 a verme a la mitad de la reuni\u00f3n; y era una reuni\u00f3n muy seria, todos uniformados, secretarios etc. Y el piloto me dice, \u201cEscandra, \u00bfles decimos el sistema de aterrizaje?\u201d, y yo le dije que se los dijera. Entonces el piloto le dice a todos: \u201cNuestro sistema de aterrizaje es SDS. \u00bfLo han escuchado?\u201d La gente de la reuni\u00f3n le dijo que no, que por favor explicara qu\u00e9 era eso y \u00e9l contest\u00f3: \u201cSDS significa Solo Dios Sabe\u201d.<\/p>\n<h2><b>\u00bfC\u00f3mo es que vuelan los globos?<\/b><\/h2>\n<p>Es algo extraordinario, es algo que hoy en d\u00eda se hace de forma artesanal, y aunque claro que la tecnolog\u00eda tiene que ver con los GPS y los transponders y dem\u00e1s, al d\u00eda de hoy el globo se infla exactamente igual que en sus inicios, es el contraste entre el aire caliente y la temperatura fr\u00eda del ambiente lo que lo hace volar y despegarse del piso. Todo lo que son las corrientes de los vientos siguen siendo lo mismo. <strong>T\u00fa estas suspendido en el aire, pero al aire libre<\/strong>. Estas en la altura, pero al aire libre y no es igual a que si estuvieras en una cabina. T\u00fa vas sintiendo la atmosfera en la que est\u00e1s, entonces es una sensaci\u00f3n muy diferente.<\/p>\n<p>Como podr\u00e1n ver, el Festival Internacional del Globo es algo que no se querr\u00e1n perder. <strong>\u00a1Nos vemos en el aire!<\/strong> Si por cualquier raz\u00f3n no podr\u00e1n asistir, sigan la cobertura que haremos en <span style=\"color: #ff0000;\"><strong>Reconoce MX<\/strong> <\/span>para todos ustedes.<\/p>\n<p>&nbsp;<\/p>\n<p>&nbsp;<\/p>\n","protected":false},"excerpt":{"rendered":"<p>La semana pasada tuve la oportunidad  de platicar con Escandra Salim Alle, directora del Festival Internacional del Globo que se llevar\u00e1 a cabo en la ciudad de Le\u00f3n, Guanajuato.<\/p>\n","protected":false},"author":2,"featured_media":24328,"comment_status":"open","ping_status":"open","sticky":false,"template":"","format":"standard","meta":{"footnotes":""},"categories":[1],"tags":[],"class_list":["post-24327","post","type-post","status-publish","format-standard","has-post-thumbnail","hentry","category-cultura"],"yoast_head":"<!-- This site is optimized with the Yoast SEO plugin v24.7 - https:\/\/yoast.com\/wordpress\/plugins\/seo\/ -->\n<title>FIGLe\u00f3n: Entrevista con la directora Escandra Salim Alle &#171; Reconoce MX<\/title>\n<meta name=\"robots\" content=\"index, follow, max-snippet:-1, max-image-preview:large, max-video-preview:-1\" \/>\n<link rel=\"canonical\" href=\"http:\/\/www.reconoce.mx\/?p=24327\" \/>\n<meta property=\"og:locale\" content=\"es_ES\" \/>\n<meta property=\"og:type\" content=\"article\" \/>\n<meta property=\"og:title\" content=\"FIGLe\u00f3n: Entrevista con la directora Escandra Salim Alle &#171; Reconoce MX\" \/>\n<meta property=\"og:description\" content=\"La semana pasada tuve la oportunidad de platicar con Escandra Salim Alle, directora del Festival Internacional del Globo que se llevar\u00e1 a cabo en la ciudad de Le\u00f3n, Guanajuato.\" \/>\n<meta property=\"og:url\" content=\"http:\/\/www.reconoce.mx\/?p=24327\" \/>\n<meta property=\"og:site_name\" content=\"Reconoce MX\" \/>\n<meta property=\"article:publisher\" content=\"https:\/\/es-la.facebook.com\/ReconoceMX\/\" \/>\n<meta property=\"article:published_time\" content=\"2013-11-11T07:00:17+00:00\" \/>\n<meta property=\"article:modified_time\" content=\"2013-11-19T08:31:07+00:00\" \/>\n<meta property=\"og:image\" content=\"http:\/\/www.reconoce.mx\/wp-content\/uploads\/globos-sol.png\" \/>\n\t<meta property=\"og:image:width\" content=\"649\" \/>\n\t<meta property=\"og:image:height\" content=\"301\" \/>\n\t<meta property=\"og:image:type\" content=\"image\/png\" \/>\n<meta name=\"author\" content=\"Reconoce MX\" \/>\n<meta name=\"twitter:card\" content=\"summary_large_image\" \/>\n<meta name=\"twitter:creator\" content=\"@reconocemx\" \/>\n<meta name=\"twitter:site\" content=\"@reconocemx\" \/>\n<meta name=\"twitter:label1\" content=\"Escrito por\" \/>\n\t<meta name=\"twitter:data1\" content=\"Reconoce MX\" \/>\n\t<meta name=\"twitter:label2\" content=\"Tiempo de lectura\" \/>\n\t<meta name=\"twitter:data2\" content=\"8 minutos\" \/>\n<script type=\"application\/ld+json\" class=\"yoast-schema-graph\">{\"@context\":\"https:\/\/schema.org\",\"@graph\":[{\"@type\":\"Article\",\"@id\":\"http:\/\/www.reconoce.mx\/?p=24327#article\",\"isPartOf\":{\"@id\":\"http:\/\/www.reconoce.mx\/?p=24327\"},\"author\":{\"name\":\"Reconoce MX\",\"@id\":\"http:\/\/www.reconoce.mx\/#\/schema\/person\/2117e997d7051dc15d6880eaf9bca0b2\"},\"headline\":\"FIGLe\u00f3n: Entrevista con la directora Escandra Salim Alle\",\"datePublished\":\"2013-11-11T07:00:17+00:00\",\"dateModified\":\"2013-11-19T08:31:07+00:00\",\"mainEntityOfPage\":{\"@id\":\"http:\/\/www.reconoce.mx\/?p=24327\"},\"wordCount\":1705,\"commentCount\":0,\"publisher\":{\"@id\":\"http:\/\/www.reconoce.mx\/#organization\"},\"image\":{\"@id\":\"http:\/\/www.reconoce.mx\/?p=24327#primaryimage\"},\"thumbnailUrl\":\"http:\/\/www.reconoce.mx\/wp-content\/uploads\/globos-sol.png\",\"articleSection\":[\"Cultura\"],\"inLanguage\":\"es\",\"potentialAction\":[{\"@type\":\"CommentAction\",\"name\":\"Comment\",\"target\":[\"http:\/\/www.reconoce.mx\/?p=24327#respond\"]}]},{\"@type\":\"WebPage\",\"@id\":\"http:\/\/www.reconoce.mx\/?p=24327\",\"url\":\"http:\/\/www.reconoce.mx\/?p=24327\",\"name\":\"FIGLe\u00f3n: Entrevista con la directora Escandra Salim Alle &#171; Reconoce MX\",\"isPartOf\":{\"@id\":\"http:\/\/www.reconoce.mx\/#website\"},\"primaryImageOfPage\":{\"@id\":\"http:\/\/www.reconoce.mx\/?p=24327#primaryimage\"},\"image\":{\"@id\":\"http:\/\/www.reconoce.mx\/?p=24327#primaryimage\"},\"thumbnailUrl\":\"http:\/\/www.reconoce.mx\/wp-content\/uploads\/globos-sol.png\",\"datePublished\":\"2013-11-11T07:00:17+00:00\",\"dateModified\":\"2013-11-19T08:31:07+00:00\",\"breadcrumb\":{\"@id\":\"http:\/\/www.reconoce.mx\/?p=24327#breadcrumb\"},\"inLanguage\":\"es\",\"potentialAction\":[{\"@type\":\"ReadAction\",\"target\":[\"http:\/\/www.reconoce.mx\/?p=24327\"]}]},{\"@type\":\"ImageObject\",\"inLanguage\":\"es\",\"@id\":\"http:\/\/www.reconoce.mx\/?p=24327#primaryimage\",\"url\":\"http:\/\/www.reconoce.mx\/wp-content\/uploads\/globos-sol.png\",\"contentUrl\":\"http:\/\/www.reconoce.mx\/wp-content\/uploads\/globos-sol.png\",\"width\":649,\"height\":301,\"caption\":\"FIGLeon: Entrevista con la directora Escandra Salim Alle.\"},{\"@type\":\"BreadcrumbList\",\"@id\":\"http:\/\/www.reconoce.mx\/?p=24327#breadcrumb\",\"itemListElement\":[{\"@type\":\"ListItem\",\"position\":1,\"name\":\"Portada\",\"item\":\"http:\/\/www.reconoce.mx\/\"},{\"@type\":\"ListItem\",\"position\":2,\"name\":\"FIGLe\u00f3n: Entrevista con la directora Escandra Salim Alle\"}]},{\"@type\":\"WebSite\",\"@id\":\"http:\/\/www.reconoce.mx\/#website\",\"url\":\"http:\/\/www.reconoce.mx\/\",\"name\":\"Reconoce MX\",\"description\":\"En Reconoce MX difundimos arte, cultura y conciencia social en M\u00e9xico. Tu ciudad en otra perspectiva.\",\"publisher\":{\"@id\":\"http:\/\/www.reconoce.mx\/#organization\"},\"potentialAction\":[{\"@type\":\"SearchAction\",\"target\":{\"@type\":\"EntryPoint\",\"urlTemplate\":\"http:\/\/www.reconoce.mx\/?s={search_term_string}\"},\"query-input\":{\"@type\":\"PropertyValueSpecification\",\"valueRequired\":true,\"valueName\":\"search_term_string\"}}],\"inLanguage\":\"es\"},{\"@type\":\"Organization\",\"@id\":\"http:\/\/www.reconoce.mx\/#organization\",\"name\":\"Reconoce MX\",\"url\":\"http:\/\/www.reconoce.mx\/\",\"logo\":{\"@type\":\"ImageObject\",\"inLanguage\":\"es\",\"@id\":\"http:\/\/www.reconoce.mx\/#\/schema\/logo\/image\/\",\"url\":\"https:\/\/www.reconoce.mx\/wp-content\/uploads\/2019\/03\/logorcmx-good-1.png\",\"contentUrl\":\"https:\/\/www.reconoce.mx\/wp-content\/uploads\/2019\/03\/logorcmx-good-1.png\",\"width\":280,\"height\":90,\"caption\":\"Reconoce MX\"},\"image\":{\"@id\":\"http:\/\/www.reconoce.mx\/#\/schema\/logo\/image\/\"},\"sameAs\":[\"https:\/\/es-la.facebook.com\/ReconoceMX\/\",\"https:\/\/x.com\/reconocemx\",\"http:\/\/@reconocemx\"]},{\"@type\":\"Person\",\"@id\":\"http:\/\/www.reconoce.mx\/#\/schema\/person\/2117e997d7051dc15d6880eaf9bca0b2\",\"name\":\"Reconoce MX\",\"image\":{\"@type\":\"ImageObject\",\"inLanguage\":\"es\",\"@id\":\"http:\/\/www.reconoce.mx\/#\/schema\/person\/image\/\",\"url\":\"https:\/\/secure.gravatar.com\/avatar\/6c8d4dc7569ca1c90c5fdcc349f839d5ddef6fe1e70b4337ead2ef1a4c43fc3a?s=96&d=identicon&r=g\",\"contentUrl\":\"https:\/\/secure.gravatar.com\/avatar\/6c8d4dc7569ca1c90c5fdcc349f839d5ddef6fe1e70b4337ead2ef1a4c43fc3a?s=96&d=identicon&r=g\",\"caption\":\"Reconoce MX\"},\"description\":\"Reconoce MX es un proyecto de difusi\u00f3n art\u00edstica, cultural y de conciencia social que est\u00e1 enfocado a difundir y fomentar el entretenimiento alternativo de calidad para todo el p\u00fablico que comparta el mismo entusiasmo.\",\"sameAs\":[\"http:\/\/www.reconoce.mx\"],\"url\":\"http:\/\/www.reconoce.mx\/?author=2\"}]}<\/script>\n<!-- \/ Yoast SEO plugin. -->","yoast_head_json":{"title":"FIGLe\u00f3n: Entrevista con la directora Escandra Salim Alle &#171; Reconoce MX","robots":{"index":"index","follow":"follow","max-snippet":"max-snippet:-1","max-image-preview":"max-image-preview:large","max-video-preview":"max-video-preview:-1"},"canonical":"http:\/\/www.reconoce.mx\/?p=24327","og_locale":"es_ES","og_type":"article","og_title":"FIGLe\u00f3n: Entrevista con la directora Escandra Salim Alle &#171; Reconoce MX","og_description":"La semana pasada tuve la oportunidad de platicar con Escandra Salim Alle, directora del Festival Internacional del Globo que se llevar\u00e1 a cabo en la ciudad de Le\u00f3n, Guanajuato.","og_url":"http:\/\/www.reconoce.mx\/?p=24327","og_site_name":"Reconoce MX","article_publisher":"https:\/\/es-la.facebook.com\/ReconoceMX\/","article_published_time":"2013-11-11T07:00:17+00:00","article_modified_time":"2013-11-19T08:31:07+00:00","og_image":[{"width":649,"height":301,"url":"http:\/\/www.reconoce.mx\/wp-content\/uploads\/globos-sol.png","type":"image\/png"}],"author":"Reconoce MX","twitter_card":"summary_large_image","twitter_creator":"@reconocemx","twitter_site":"@reconocemx","twitter_misc":{"Escrito por":"Reconoce MX","Tiempo de lectura":"8 minutos"},"schema":{"@context":"https:\/\/schema.org","@graph":[{"@type":"Article","@id":"http:\/\/www.reconoce.mx\/?p=24327#article","isPartOf":{"@id":"http:\/\/www.reconoce.mx\/?p=24327"},"author":{"name":"Reconoce MX","@id":"http:\/\/www.reconoce.mx\/#\/schema\/person\/2117e997d7051dc15d6880eaf9bca0b2"},"headline":"FIGLe\u00f3n: Entrevista con la directora Escandra Salim Alle","datePublished":"2013-11-11T07:00:17+00:00","dateModified":"2013-11-19T08:31:07+00:00","mainEntityOfPage":{"@id":"http:\/\/www.reconoce.mx\/?p=24327"},"wordCount":1705,"commentCount":0,"publisher":{"@id":"http:\/\/www.reconoce.mx\/#organization"},"image":{"@id":"http:\/\/www.reconoce.mx\/?p=24327#primaryimage"},"thumbnailUrl":"http:\/\/www.reconoce.mx\/wp-content\/uploads\/globos-sol.png","articleSection":["Cultura"],"inLanguage":"es","potentialAction":[{"@type":"CommentAction","name":"Comment","target":["http:\/\/www.reconoce.mx\/?p=24327#respond"]}]},{"@type":"WebPage","@id":"http:\/\/www.reconoce.mx\/?p=24327","url":"http:\/\/www.reconoce.mx\/?p=24327","name":"FIGLe\u00f3n: Entrevista con la directora Escandra Salim Alle &#171; Reconoce MX","isPartOf":{"@id":"http:\/\/www.reconoce.mx\/#website"},"primaryImageOfPage":{"@id":"http:\/\/www.reconoce.mx\/?p=24327#primaryimage"},"image":{"@id":"http:\/\/www.reconoce.mx\/?p=24327#primaryimage"},"thumbnailUrl":"http:\/\/www.reconoce.mx\/wp-content\/uploads\/globos-sol.png","datePublished":"2013-11-11T07:00:17+00:00","dateModified":"2013-11-19T08:31:07+00:00","breadcrumb":{"@id":"http:\/\/www.reconoce.mx\/?p=24327#breadcrumb"},"inLanguage":"es","potentialAction":[{"@type":"ReadAction","target":["http:\/\/www.reconoce.mx\/?p=24327"]}]},{"@type":"ImageObject","inLanguage":"es","@id":"http:\/\/www.reconoce.mx\/?p=24327#primaryimage","url":"http:\/\/www.reconoce.mx\/wp-content\/uploads\/globos-sol.png","contentUrl":"http:\/\/www.reconoce.mx\/wp-content\/uploads\/globos-sol.png","width":649,"height":301,"caption":"FIGLeon: Entrevista con la directora Escandra Salim Alle."},{"@type":"BreadcrumbList","@id":"http:\/\/www.reconoce.mx\/?p=24327#breadcrumb","itemListElement":[{"@type":"ListItem","position":1,"name":"Portada","item":"http:\/\/www.reconoce.mx\/"},{"@type":"ListItem","position":2,"name":"FIGLe\u00f3n: Entrevista con la directora Escandra Salim Alle"}]},{"@type":"WebSite","@id":"http:\/\/www.reconoce.mx\/#website","url":"http:\/\/www.reconoce.mx\/","name":"Reconoce MX","description":"En Reconoce MX difundimos arte, cultura y conciencia social en M\u00e9xico. Tu ciudad en otra perspectiva.","publisher":{"@id":"http:\/\/www.reconoce.mx\/#organization"},"potentialAction":[{"@type":"SearchAction","target":{"@type":"EntryPoint","urlTemplate":"http:\/\/www.reconoce.mx\/?s={search_term_string}"},"query-input":{"@type":"PropertyValueSpecification","valueRequired":true,"valueName":"search_term_string"}}],"inLanguage":"es"},{"@type":"Organization","@id":"http:\/\/www.reconoce.mx\/#organization","name":"Reconoce MX","url":"http:\/\/www.reconoce.mx\/","logo":{"@type":"ImageObject","inLanguage":"es","@id":"http:\/\/www.reconoce.mx\/#\/schema\/logo\/image\/","url":"https:\/\/www.reconoce.mx\/wp-content\/uploads\/2019\/03\/logorcmx-good-1.png","contentUrl":"https:\/\/www.reconoce.mx\/wp-content\/uploads\/2019\/03\/logorcmx-good-1.png","width":280,"height":90,"caption":"Reconoce MX"},"image":{"@id":"http:\/\/www.reconoce.mx\/#\/schema\/logo\/image\/"},"sameAs":["https:\/\/es-la.facebook.com\/ReconoceMX\/","https:\/\/x.com\/reconocemx","http:\/\/@reconocemx"]},{"@type":"Person","@id":"http:\/\/www.reconoce.mx\/#\/schema\/person\/2117e997d7051dc15d6880eaf9bca0b2","name":"Reconoce MX","image":{"@type":"ImageObject","inLanguage":"es","@id":"http:\/\/www.reconoce.mx\/#\/schema\/person\/image\/","url":"https:\/\/secure.gravatar.com\/avatar\/6c8d4dc7569ca1c90c5fdcc349f839d5ddef6fe1e70b4337ead2ef1a4c43fc3a?s=96&d=identicon&r=g","contentUrl":"https:\/\/secure.gravatar.com\/avatar\/6c8d4dc7569ca1c90c5fdcc349f839d5ddef6fe1e70b4337ead2ef1a4c43fc3a?s=96&d=identicon&r=g","caption":"Reconoce MX"},"description":"Reconoce MX es un proyecto de difusi\u00f3n art\u00edstica, cultural y de conciencia social que est\u00e1 enfocado a difundir y fomentar el entretenimiento alternativo de calidad para todo el p\u00fablico que comparta el mismo entusiasmo.","sameAs":["http:\/\/www.reconoce.mx"],"url":"http:\/\/www.reconoce.mx\/?author=2"}]}},"_links":{"self":[{"href":"http:\/\/www.reconoce.mx\/index.php?rest_route=\/wp\/v2\/posts\/24327","targetHints":{"allow":["GET"]}}],"collection":[{"href":"http:\/\/www.reconoce.mx\/index.php?rest_route=\/wp\/v2\/posts"}],"about":[{"href":"http:\/\/www.reconoce.mx\/index.php?rest_route=\/wp\/v2\/types\/post"}],"author":[{"embeddable":true,"href":"http:\/\/www.reconoce.mx\/index.php?rest_route=\/wp\/v2\/users\/2"}],"replies":[{"embeddable":true,"href":"http:\/\/www.reconoce.mx\/index.php?rest_route=%2Fwp%2Fv2%2Fcomments&post=24327"}],"version-history":[{"count":10,"href":"http:\/\/www.reconoce.mx\/index.php?rest_route=\/wp\/v2\/posts\/24327\/revisions"}],"predecessor-version":[{"id":24512,"href":"http:\/\/www.reconoce.mx\/index.php?rest_route=\/wp\/v2\/posts\/24327\/revisions\/24512"}],"wp:featuredmedia":[{"embeddable":true,"href":"http:\/\/www.reconoce.mx\/index.php?rest_route=\/wp\/v2\/media\/24328"}],"wp:attachment":[{"href":"http:\/\/www.reconoce.mx\/index.php?rest_route=%2Fwp%2Fv2%2Fmedia&parent=24327"}],"wp:term":[{"taxonomy":"category","embeddable":true,"href":"http:\/\/www.reconoce.mx\/index.php?rest_route=%2Fwp%2Fv2%2Fcategories&post=24327"},{"taxonomy":"post_tag","embeddable":true,"href":"http:\/\/www.reconoce.mx\/index.php?rest_route=%2Fwp%2Fv2%2Ftags&post=24327"}],"curies":[{"name":"wp","href":"https:\/\/api.w.org\/{rel}","templated":true}]}}