{"id":24408,"date":"2013-11-10T02:00:23","date_gmt":"2013-11-10T08:00:23","guid":{"rendered":"http:\/\/www.reconoce.mx\/?p=24408"},"modified":"2013-11-18T17:33:48","modified_gmt":"2013-11-18T23:33:48","slug":"todo-listo-para-la-segunda-edicion-del-festival-ajusco","status":"publish","type":"post","link":"http:\/\/www.reconoce.mx\/?p=24408","title":{"rendered":"Todo listo para la segunda edici\u00f3n del Festival Ajusco"},"content":{"rendered":"<ul id=\"botones-home\">\n<li><script type=\"text\/javascript\" src=\"https:\/\/apis.google.com\/js\/plusone.js\"><\/script><g:plusone width=\"55\" height=\"20\" href=\"http:\/\/www.reconoce.mx\/todo-listo-para-la-segunda-edicion-del-festival-ajusco\/\"><\/g:plusone><\/li>\n<li><a href=\"http:\/\/twitter.com\/share\" class=\"twitter-share-button\" data-url=\"http:\/\/www.reconoce.mx\/todo-listo-para-la-segunda-edicion-del-festival-ajusco\/\" data-count=\"horizontal\" data-via=\"reconocemx\" data-lang=\"es\">Tweet<\/a><script type=\"text\/javascript\" src=\"http:\/\/platform.twitter.com\/widgets.js\"><\/script><\/li>\n<div class=\"fb-like\" data-href=\"http:\/\/www.reconoce.mx\/todo-listo-para-la-segunda-edicion-del-festival-ajusco\/\" data-send=\"true\" data-width=\"450\" data-show-faces=\"true\"><\/div>\n<p><strong>Por <a title=\"@AsfaltosTweets\" href=\"http:\/\/twitter.com\/AsfaltosTweets\" target=\"_blank\">Asfaltos<\/a><\/strong>.<\/p>\n<p>Los d\u00edas 23 y 24 de noviembre se llevar\u00e1 a cabo la segunda edici\u00f3n del Festival Ajusco. Ser\u00e1n <strong>m\u00e1s de 100 bandas de M\u00e9xico, Argentina, Bolivia, Canad\u00e1, Chile, Guatemala, Espa\u00f1a, Estados Unidos y Costa Rica<\/strong>; distribuidas en 4 escenarios de m\u00fasica, las que se unir\u00e1n al arte, discos, foodtrucks y zona de camping ilimitada que invadir\u00e1n el km 11.5 de la Cerretera Picacho-Ajusco.<\/p>\n<div id=\"attachment_24411\" style=\"width: 635px\" class=\"wp-caption aligncenter\"><a href=\"http:\/\/www.reconoce.mx\/wp-content\/uploads\/Cartel-festival-Ajusco.jpg\"><img loading=\"lazy\" decoding=\"async\" aria-describedby=\"caption-attachment-24411\" class=\"size-full wp-image-24411\" alt=\"Todo listo para la segunda edici\u00f3n del Festival Ajusco.\" src=\"http:\/\/www.reconoce.mx\/wp-content\/uploads\/Cartel-festival-Ajusco.jpg\" width=\"625\" height=\"1300\" \/><\/a><p id=\"caption-attachment-24411\" class=\"wp-caption-text\">Todo listo para la segunda edici\u00f3n del Festival Ajusco.<\/p><\/div>\n<p><!--more-->El festival, idea del productor y cantante Marc Monster (Agrupaci\u00f3n Cari\u00f1o), regresa con las pilas m\u00e1s puestas que nunca <a title=\"Termin\u00f3 de manera anticipada el Festival Ajusco 2012\" href=\"http:\/\/www.reconoce.mx\/termino-de-manera-anticipada-el-festival-ajusco-2012\/\" target=\"_blank\">despu\u00e9s de una primera edici\u00f3n que dej\u00f3 muchas lecciones<\/a>. La idea, fuertemente apoyada por bandas de la escena, busca<strong> consolidar el apoyo entre bandas independientes de la ciudad de M\u00e9xico<\/strong>; una idea magn\u00edfica y loable.<\/p>\n<p>No es poca cosa reunir a bandas de tan diversos pa\u00edses, y de tan distintos g\u00e9neros, en tres escenarios (Escenario Libertad, Escenario Picacho y Escenario Ajusco) que retumbar\u00e1n con la idea de que en efecto, <strong>la uni\u00f3n hace la fuerza<\/strong>. Entre las bandas se destaca Gordon Raphael &amp; The Analog Poodle de Seattle, quien fuera productor de The Strokes, Regina Spektor y Fobia; adem\u00e1s de Meneo, m\u00fasico y productor guatemalteco que ha participado en las bandas Pealcubo y Chichicu\u00e1.<\/p>\n<p>Adem\u00e1s <strong>se suman bandas mexicanas destacadas<\/strong> como <a title=\"\u00a1Maldita t\u00fa! El nuevo video de Agrupaci\u00f3n Cari\u00f1o\" href=\"http:\/\/www.reconoce.mx\/maldita-tu-el-nuevo-video-de-agrupacion-carino\/\" target=\"_blank\">Agrupaci\u00f3n Cari\u00f1o<\/a>, Sonido San Francisco, Otaola\/Cruz\/Iglesias, <a title=\"Lunes musical: \u2018L\u00edder juvenil\u2019, de Tony Gallardo II\" href=\"http:\/\/www.reconoce.mx\/lunes-musical-%E2%80%98lider-juvenil%E2%80%99-de-tony-gallardo-ii\/\" target=\"_blank\">Mar\u00eda y Jos\u00e9<\/a>, <a title=\"Lunes musical: \u2018Est\u00e9reo\u2019, de Carmen Costa\" href=\"http:\/\/www.reconoce.mx\/lunes-musical-estereo-de-carmen-costa\/\" target=\"_blank\">Carmen Costa<\/a>, <a title=\"Lunes musical: \u2018Sangre Fr\u00eda\u2019, de Vesspa\" href=\"http:\/\/www.reconoce.mx\/lunes-musical-sangre-fria-de-vesspa\/\" target=\"_blank\">Vesspa<\/a>, Los Negretes, <a title=\"Lunes musical: \u2018Venus\u2019, de The John Band\" href=\"http:\/\/www.reconoce.mx\/lunes-musical-venus-de-the-john-band\/\" target=\"_blank\">The John Band<\/a>, Xmenosuno, <a title=\"Lunes musical: \u2018Pretextos\u2019, de Capullo\" href=\"http:\/\/www.reconoce.mx\/lunes-musical-pretextos-de-capullo\/\" target=\"_blank\">Capullo<\/a>, Maveryck 70 y <a title=\"Lunes musical: \u2018Vicios\u2019, de L\u00edneas Albi\u00e9s\" href=\"http:\/\/www.reconoce.mx\/lunes-musical-%E2%80%98vicios%E2%80%99-de-lineas-albies\/\" target=\"_blank\">L\u00edneas Albi\u00e9s<\/a> (Espa\u00f1a), entre otros.<\/p>\n<p>El Festival Ajusco tiene un costo en preventa de $200 por d\u00eda y $400 por abono (dos d\u00edas). El d\u00eda del evento el boleto costar\u00e1 la entrada $300 por d\u00eda y $500 por abono. La preventa se realiza a trav\u00e9s del <a title=\"Festival Ajusco 2013 | Festival musical en la Ciudad de M\u00e9xico\" href=\"http:\/\/www.festivalajusco.com\/blog\/\" target=\"_blank\"><strong>sitio web oficial<\/strong><\/a>, donde adem\u00e1s pueden encontrar m\u00e1s informaci\u00f3n.<\/p>\n<p>&nbsp;<\/p>\n<p>&nbsp;<\/p>\n","protected":false},"excerpt":{"rendered":"<p>Los d\u00edas 23 y 24 de noviembre se llevar\u00e1 a cabo la segunda edici\u00f3n del Festival Ajusco. Ser\u00e1n m\u00e1s de 100 bandas de M\u00e9xico, Argentina, Bolivia, Chile, Guatemala, Espa\u00f1a, Estados Unidos y m\u00e1s.<\/p>\n","protected":false},"author":2,"featured_media":24409,"comment_status":"open","ping_status":"open","sticky":false,"template":"","format":"standard","meta":{"footnotes":""},"categories":[1,18],"tags":[],"class_list":["post-24408","post","type-post","status-publish","format-standard","has-post-thumbnail","hentry","category-cultura","category-musica"],"yoast_head":"<!-- This site is optimized with the Yoast SEO plugin v24.7 - https:\/\/yoast.com\/wordpress\/plugins\/seo\/ -->\n<title>Todo listo para la segunda edici\u00f3n del Festival Ajusco &#171; Reconoce MX<\/title>\n<meta name=\"robots\" content=\"index, follow, max-snippet:-1, max-image-preview:large, max-video-preview:-1\" \/>\n<link rel=\"canonical\" href=\"https:\/\/www.reconoce.mx\/?p=24408\" \/>\n<meta property=\"og:locale\" content=\"es_ES\" \/>\n<meta property=\"og:type\" content=\"article\" \/>\n<meta property=\"og:title\" content=\"Todo listo para la segunda edici\u00f3n del Festival Ajusco &#171; Reconoce MX\" \/>\n<meta property=\"og:description\" content=\"Los d\u00edas 23 y 24 de noviembre se llevar\u00e1 a cabo la segunda edici\u00f3n del Festival Ajusco. Ser\u00e1n m\u00e1s de 100 bandas de M\u00e9xico, Argentina, Bolivia, Chile, Guatemala, Espa\u00f1a, Estados Unidos y m\u00e1s.\" \/>\n<meta property=\"og:url\" content=\"https:\/\/www.reconoce.mx\/?p=24408\" \/>\n<meta property=\"og:site_name\" content=\"Reconoce MX\" \/>\n<meta property=\"article:publisher\" content=\"https:\/\/es-la.facebook.com\/ReconoceMX\/\" \/>\n<meta property=\"article:published_time\" content=\"2013-11-10T08:00:23+00:00\" \/>\n<meta property=\"article:modified_time\" content=\"2013-11-18T23:33:48+00:00\" \/>\n<meta property=\"og:image\" content=\"https:\/\/www.reconoce.mx\/wp-content\/uploads\/festival-ajusco.png\" \/>\n\t<meta property=\"og:image:width\" content=\"649\" \/>\n\t<meta property=\"og:image:height\" content=\"301\" \/>\n\t<meta property=\"og:image:type\" content=\"image\/png\" \/>\n<meta name=\"author\" content=\"Reconoce MX\" \/>\n<meta name=\"twitter:card\" content=\"summary_large_image\" \/>\n<meta name=\"twitter:creator\" content=\"@reconocemx\" \/>\n<meta name=\"twitter:site\" content=\"@reconocemx\" \/>\n<meta name=\"twitter:label1\" content=\"Escrito por\" \/>\n\t<meta name=\"twitter:data1\" content=\"Reconoce MX\" \/>\n\t<meta name=\"twitter:label2\" content=\"Tiempo de lectura\" \/>\n\t<meta name=\"twitter:data2\" content=\"2 minutos\" \/>\n<script type=\"application\/ld+json\" class=\"yoast-schema-graph\">{\"@context\":\"https:\/\/schema.org\",\"@graph\":[{\"@type\":\"Article\",\"@id\":\"https:\/\/www.reconoce.mx\/?p=24408#article\",\"isPartOf\":{\"@id\":\"https:\/\/www.reconoce.mx\/?p=24408\"},\"author\":{\"name\":\"Reconoce MX\",\"@id\":\"http:\/\/www.reconoce.mx\/#\/schema\/person\/2117e997d7051dc15d6880eaf9bca0b2\"},\"headline\":\"Todo listo para la segunda edici\u00f3n del Festival Ajusco\",\"datePublished\":\"2013-11-10T08:00:23+00:00\",\"dateModified\":\"2013-11-18T23:33:48+00:00\",\"mainEntityOfPage\":{\"@id\":\"https:\/\/www.reconoce.mx\/?p=24408\"},\"wordCount\":341,\"commentCount\":0,\"publisher\":{\"@id\":\"http:\/\/www.reconoce.mx\/#organization\"},\"image\":{\"@id\":\"https:\/\/www.reconoce.mx\/?p=24408#primaryimage\"},\"thumbnailUrl\":\"http:\/\/www.reconoce.mx\/wp-content\/uploads\/festival-ajusco.png\",\"articleSection\":[\"Cultura\",\"M\u00fasica\"],\"inLanguage\":\"es\",\"potentialAction\":[{\"@type\":\"CommentAction\",\"name\":\"Comment\",\"target\":[\"https:\/\/www.reconoce.mx\/?p=24408#respond\"]}]},{\"@type\":\"WebPage\",\"@id\":\"https:\/\/www.reconoce.mx\/?p=24408\",\"url\":\"https:\/\/www.reconoce.mx\/?p=24408\",\"name\":\"Todo listo para la segunda edici\u00f3n del Festival Ajusco &#171; Reconoce MX\",\"isPartOf\":{\"@id\":\"http:\/\/www.reconoce.mx\/#website\"},\"primaryImageOfPage\":{\"@id\":\"https:\/\/www.reconoce.mx\/?p=24408#primaryimage\"},\"image\":{\"@id\":\"https:\/\/www.reconoce.mx\/?p=24408#primaryimage\"},\"thumbnailUrl\":\"http:\/\/www.reconoce.mx\/wp-content\/uploads\/festival-ajusco.png\",\"datePublished\":\"2013-11-10T08:00:23+00:00\",\"dateModified\":\"2013-11-18T23:33:48+00:00\",\"breadcrumb\":{\"@id\":\"https:\/\/www.reconoce.mx\/?p=24408#breadcrumb\"},\"inLanguage\":\"es\",\"potentialAction\":[{\"@type\":\"ReadAction\",\"target\":[\"https:\/\/www.reconoce.mx\/?p=24408\"]}]},{\"@type\":\"ImageObject\",\"inLanguage\":\"es\",\"@id\":\"https:\/\/www.reconoce.mx\/?p=24408#primaryimage\",\"url\":\"http:\/\/www.reconoce.mx\/wp-content\/uploads\/festival-ajusco.png\",\"contentUrl\":\"http:\/\/www.reconoce.mx\/wp-content\/uploads\/festival-ajusco.png\",\"width\":649,\"height\":301,\"caption\":\"Todo listo para la segunda edici\u00f3n del Festival Ajusco.\"},{\"@type\":\"BreadcrumbList\",\"@id\":\"https:\/\/www.reconoce.mx\/?p=24408#breadcrumb\",\"itemListElement\":[{\"@type\":\"ListItem\",\"position\":1,\"name\":\"Portada\",\"item\":\"http:\/\/www.reconoce.mx\/\"},{\"@type\":\"ListItem\",\"position\":2,\"name\":\"Todo listo para la segunda edici\u00f3n del Festival Ajusco\"}]},{\"@type\":\"WebSite\",\"@id\":\"http:\/\/www.reconoce.mx\/#website\",\"url\":\"http:\/\/www.reconoce.mx\/\",\"name\":\"Reconoce MX\",\"description\":\"En Reconoce MX difundimos arte, cultura y conciencia social en M\u00e9xico. Tu ciudad en otra perspectiva.\",\"publisher\":{\"@id\":\"http:\/\/www.reconoce.mx\/#organization\"},\"potentialAction\":[{\"@type\":\"SearchAction\",\"target\":{\"@type\":\"EntryPoint\",\"urlTemplate\":\"http:\/\/www.reconoce.mx\/?s={search_term_string}\"},\"query-input\":{\"@type\":\"PropertyValueSpecification\",\"valueRequired\":true,\"valueName\":\"search_term_string\"}}],\"inLanguage\":\"es\"},{\"@type\":\"Organization\",\"@id\":\"http:\/\/www.reconoce.mx\/#organization\",\"name\":\"Reconoce MX\",\"url\":\"http:\/\/www.reconoce.mx\/\",\"logo\":{\"@type\":\"ImageObject\",\"inLanguage\":\"es\",\"@id\":\"http:\/\/www.reconoce.mx\/#\/schema\/logo\/image\/\",\"url\":\"https:\/\/www.reconoce.mx\/wp-content\/uploads\/2019\/03\/logorcmx-good-1.png\",\"contentUrl\":\"https:\/\/www.reconoce.mx\/wp-content\/uploads\/2019\/03\/logorcmx-good-1.png\",\"width\":280,\"height\":90,\"caption\":\"Reconoce MX\"},\"image\":{\"@id\":\"http:\/\/www.reconoce.mx\/#\/schema\/logo\/image\/\"},\"sameAs\":[\"https:\/\/es-la.facebook.com\/ReconoceMX\/\",\"https:\/\/x.com\/reconocemx\",\"http:\/\/@reconocemx\"]},{\"@type\":\"Person\",\"@id\":\"http:\/\/www.reconoce.mx\/#\/schema\/person\/2117e997d7051dc15d6880eaf9bca0b2\",\"name\":\"Reconoce MX\",\"image\":{\"@type\":\"ImageObject\",\"inLanguage\":\"es\",\"@id\":\"http:\/\/www.reconoce.mx\/#\/schema\/person\/image\/\",\"url\":\"https:\/\/secure.gravatar.com\/avatar\/6c8d4dc7569ca1c90c5fdcc349f839d5ddef6fe1e70b4337ead2ef1a4c43fc3a?s=96&d=identicon&r=g\",\"contentUrl\":\"https:\/\/secure.gravatar.com\/avatar\/6c8d4dc7569ca1c90c5fdcc349f839d5ddef6fe1e70b4337ead2ef1a4c43fc3a?s=96&d=identicon&r=g\",\"caption\":\"Reconoce MX\"},\"description\":\"Reconoce MX es un proyecto de difusi\u00f3n art\u00edstica, cultural y de conciencia social que est\u00e1 enfocado a difundir y fomentar el entretenimiento alternativo de calidad para todo el p\u00fablico que comparta el mismo entusiasmo.\",\"sameAs\":[\"http:\/\/www.reconoce.mx\"],\"url\":\"http:\/\/www.reconoce.mx\/?author=2\"}]}<\/script>\n<!-- \/ Yoast SEO plugin. -->","yoast_head_json":{"title":"Todo listo para la segunda edici\u00f3n del Festival Ajusco &#171; Reconoce MX","robots":{"index":"index","follow":"follow","max-snippet":"max-snippet:-1","max-image-preview":"max-image-preview:large","max-video-preview":"max-video-preview:-1"},"canonical":"https:\/\/www.reconoce.mx\/?p=24408","og_locale":"es_ES","og_type":"article","og_title":"Todo listo para la segunda edici\u00f3n del Festival Ajusco &#171; Reconoce MX","og_description":"Los d\u00edas 23 y 24 de noviembre se llevar\u00e1 a cabo la segunda edici\u00f3n del Festival Ajusco. Ser\u00e1n m\u00e1s de 100 bandas de M\u00e9xico, Argentina, Bolivia, Chile, Guatemala, Espa\u00f1a, Estados Unidos y m\u00e1s.","og_url":"https:\/\/www.reconoce.mx\/?p=24408","og_site_name":"Reconoce MX","article_publisher":"https:\/\/es-la.facebook.com\/ReconoceMX\/","article_published_time":"2013-11-10T08:00:23+00:00","article_modified_time":"2013-11-18T23:33:48+00:00","og_image":[{"width":649,"height":301,"url":"https:\/\/www.reconoce.mx\/wp-content\/uploads\/festival-ajusco.png","type":"image\/png"}],"author":"Reconoce MX","twitter_card":"summary_large_image","twitter_creator":"@reconocemx","twitter_site":"@reconocemx","twitter_misc":{"Escrito por":"Reconoce MX","Tiempo de lectura":"2 minutos"},"schema":{"@context":"https:\/\/schema.org","@graph":[{"@type":"Article","@id":"https:\/\/www.reconoce.mx\/?p=24408#article","isPartOf":{"@id":"https:\/\/www.reconoce.mx\/?p=24408"},"author":{"name":"Reconoce MX","@id":"http:\/\/www.reconoce.mx\/#\/schema\/person\/2117e997d7051dc15d6880eaf9bca0b2"},"headline":"Todo listo para la segunda edici\u00f3n del Festival Ajusco","datePublished":"2013-11-10T08:00:23+00:00","dateModified":"2013-11-18T23:33:48+00:00","mainEntityOfPage":{"@id":"https:\/\/www.reconoce.mx\/?p=24408"},"wordCount":341,"commentCount":0,"publisher":{"@id":"http:\/\/www.reconoce.mx\/#organization"},"image":{"@id":"https:\/\/www.reconoce.mx\/?p=24408#primaryimage"},"thumbnailUrl":"http:\/\/www.reconoce.mx\/wp-content\/uploads\/festival-ajusco.png","articleSection":["Cultura","M\u00fasica"],"inLanguage":"es","potentialAction":[{"@type":"CommentAction","name":"Comment","target":["https:\/\/www.reconoce.mx\/?p=24408#respond"]}]},{"@type":"WebPage","@id":"https:\/\/www.reconoce.mx\/?p=24408","url":"https:\/\/www.reconoce.mx\/?p=24408","name":"Todo listo para la segunda edici\u00f3n del Festival Ajusco &#171; Reconoce MX","isPartOf":{"@id":"http:\/\/www.reconoce.mx\/#website"},"primaryImageOfPage":{"@id":"https:\/\/www.reconoce.mx\/?p=24408#primaryimage"},"image":{"@id":"https:\/\/www.reconoce.mx\/?p=24408#primaryimage"},"thumbnailUrl":"http:\/\/www.reconoce.mx\/wp-content\/uploads\/festival-ajusco.png","datePublished":"2013-11-10T08:00:23+00:00","dateModified":"2013-11-18T23:33:48+00:00","breadcrumb":{"@id":"https:\/\/www.reconoce.mx\/?p=24408#breadcrumb"},"inLanguage":"es","potentialAction":[{"@type":"ReadAction","target":["https:\/\/www.reconoce.mx\/?p=24408"]}]},{"@type":"ImageObject","inLanguage":"es","@id":"https:\/\/www.reconoce.mx\/?p=24408#primaryimage","url":"http:\/\/www.reconoce.mx\/wp-content\/uploads\/festival-ajusco.png","contentUrl":"http:\/\/www.reconoce.mx\/wp-content\/uploads\/festival-ajusco.png","width":649,"height":301,"caption":"Todo listo para la segunda edici\u00f3n del Festival Ajusco."},{"@type":"BreadcrumbList","@id":"https:\/\/www.reconoce.mx\/?p=24408#breadcrumb","itemListElement":[{"@type":"ListItem","position":1,"name":"Portada","item":"http:\/\/www.reconoce.mx\/"},{"@type":"ListItem","position":2,"name":"Todo listo para la segunda edici\u00f3n del Festival Ajusco"}]},{"@type":"WebSite","@id":"http:\/\/www.reconoce.mx\/#website","url":"http:\/\/www.reconoce.mx\/","name":"Reconoce MX","description":"En Reconoce MX difundimos arte, cultura y conciencia social en M\u00e9xico. Tu ciudad en otra perspectiva.","publisher":{"@id":"http:\/\/www.reconoce.mx\/#organization"},"potentialAction":[{"@type":"SearchAction","target":{"@type":"EntryPoint","urlTemplate":"http:\/\/www.reconoce.mx\/?s={search_term_string}"},"query-input":{"@type":"PropertyValueSpecification","valueRequired":true,"valueName":"search_term_string"}}],"inLanguage":"es"},{"@type":"Organization","@id":"http:\/\/www.reconoce.mx\/#organization","name":"Reconoce MX","url":"http:\/\/www.reconoce.mx\/","logo":{"@type":"ImageObject","inLanguage":"es","@id":"http:\/\/www.reconoce.mx\/#\/schema\/logo\/image\/","url":"https:\/\/www.reconoce.mx\/wp-content\/uploads\/2019\/03\/logorcmx-good-1.png","contentUrl":"https:\/\/www.reconoce.mx\/wp-content\/uploads\/2019\/03\/logorcmx-good-1.png","width":280,"height":90,"caption":"Reconoce MX"},"image":{"@id":"http:\/\/www.reconoce.mx\/#\/schema\/logo\/image\/"},"sameAs":["https:\/\/es-la.facebook.com\/ReconoceMX\/","https:\/\/x.com\/reconocemx","http:\/\/@reconocemx"]},{"@type":"Person","@id":"http:\/\/www.reconoce.mx\/#\/schema\/person\/2117e997d7051dc15d6880eaf9bca0b2","name":"Reconoce MX","image":{"@type":"ImageObject","inLanguage":"es","@id":"http:\/\/www.reconoce.mx\/#\/schema\/person\/image\/","url":"https:\/\/secure.gravatar.com\/avatar\/6c8d4dc7569ca1c90c5fdcc349f839d5ddef6fe1e70b4337ead2ef1a4c43fc3a?s=96&d=identicon&r=g","contentUrl":"https:\/\/secure.gravatar.com\/avatar\/6c8d4dc7569ca1c90c5fdcc349f839d5ddef6fe1e70b4337ead2ef1a4c43fc3a?s=96&d=identicon&r=g","caption":"Reconoce MX"},"description":"Reconoce MX es un proyecto de difusi\u00f3n art\u00edstica, cultural y de conciencia social que est\u00e1 enfocado a difundir y fomentar el entretenimiento alternativo de calidad para todo el p\u00fablico que comparta el mismo entusiasmo.","sameAs":["http:\/\/www.reconoce.mx"],"url":"http:\/\/www.reconoce.mx\/?author=2"}]}},"_links":{"self":[{"href":"http:\/\/www.reconoce.mx\/index.php?rest_route=\/wp\/v2\/posts\/24408","targetHints":{"allow":["GET"]}}],"collection":[{"href":"http:\/\/www.reconoce.mx\/index.php?rest_route=\/wp\/v2\/posts"}],"about":[{"href":"http:\/\/www.reconoce.mx\/index.php?rest_route=\/wp\/v2\/types\/post"}],"author":[{"embeddable":true,"href":"http:\/\/www.reconoce.mx\/index.php?rest_route=\/wp\/v2\/users\/2"}],"replies":[{"embeddable":true,"href":"http:\/\/www.reconoce.mx\/index.php?rest_route=%2Fwp%2Fv2%2Fcomments&post=24408"}],"version-history":[{"count":11,"href":"http:\/\/www.reconoce.mx\/index.php?rest_route=\/wp\/v2\/posts\/24408\/revisions"}],"predecessor-version":[{"id":24493,"href":"http:\/\/www.reconoce.mx\/index.php?rest_route=\/wp\/v2\/posts\/24408\/revisions\/24493"}],"wp:featuredmedia":[{"embeddable":true,"href":"http:\/\/www.reconoce.mx\/index.php?rest_route=\/wp\/v2\/media\/24409"}],"wp:attachment":[{"href":"http:\/\/www.reconoce.mx\/index.php?rest_route=%2Fwp%2Fv2%2Fmedia&parent=24408"}],"wp:term":[{"taxonomy":"category","embeddable":true,"href":"http:\/\/www.reconoce.mx\/index.php?rest_route=%2Fwp%2Fv2%2Fcategories&post=24408"},{"taxonomy":"post_tag","embeddable":true,"href":"http:\/\/www.reconoce.mx\/index.php?rest_route=%2Fwp%2Fv2%2Ftags&post=24408"}],"curies":[{"name":"wp","href":"https:\/\/api.w.org\/{rel}","templated":true}]}}