{"id":24449,"date":"2013-11-12T03:00:04","date_gmt":"2013-11-12T09:00:04","guid":{"rendered":"http:\/\/www.reconoce.mx\/?p=24449"},"modified":"2013-11-20T05:42:23","modified_gmt":"2013-11-20T11:42:23","slug":"figleon-2013-magia-en-el-aire","status":"publish","type":"post","link":"http:\/\/www.reconoce.mx\/?p=24449","title":{"rendered":"FIGLe\u00f3n 2013: Magia en el aire"},"content":{"rendered":"<ul id=\"botones-home\">\n<li><script type=\"text\/javascript\" src=\"https:\/\/apis.google.com\/js\/plusone.js\"><\/script><g:plusone width=\"55\" height=\"20\" href=\"http:\/\/www.reconoce.mx\/figleon-2013-magia-en-el-aire\/\"><\/g:plusone><\/li>\n<li><a href=\"http:\/\/twitter.com\/share\" class=\"twitter-share-button\" data-url=\"http:\/\/www.reconoce.mx\/figleon-2013-magia-en-el-aire\/\" data-count=\"horizontal\" data-via=\"reconocemx\" data-lang=\"es\">Tweet<\/a><script type=\"text\/javascript\" src=\"http:\/\/platform.twitter.com\/widgets.js\"><\/script><\/li>\n<div class=\"fb-like\" data-href=\"http:\/\/www.reconoce.mx\/figleon-2013-magia-en-el-aire\/\" data-send=\"true\" data-width=\"450\" data-show-faces=\"true\"><\/div>\n<p><strong>Texto y fotos por <a title=\"@iKtz\" href=\"https:\/\/twitter.com\/iktz\" target=\"_blank\">Katia Stephanie Ib\u00e1\u00f1ez Del Rivero<\/a><\/strong>.<\/p>\n<p><strong>Eran las 6:15 de la ma\u00f1ana del viernes 15 de noviembre y ya hab\u00eda al menos 500 personas en la explanada del Parque Metropolitano<\/strong>. Todos bien abrigados y esperando la llegada de los globos y la inauguraci\u00f3n oficial. La gente se ve\u00eda extra\u00f1amente despierta y animada a pesar de que a\u00fan no hab\u00eda salido el sol.<\/p>\n<div id=\"attachment_24453\" style=\"width: 635px\" class=\"wp-caption aligncenter\"><a href=\"http:\/\/www.reconoce.mx\/wp-content\/uploads\/FIG-01.jpg\"><img loading=\"lazy\" decoding=\"async\" aria-describedby=\"caption-attachment-24453\" class=\"size-large wp-image-24453\" alt=\"FIGLeon 2013: Magia en el aire.\" src=\"http:\/\/www.reconoce.mx\/wp-content\/uploads\/FIG-01-1024x283.jpg\" width=\"625\" height=\"150\" \/><\/a><p id=\"caption-attachment-24453\" class=\"wp-caption-text\">FIGLeon 2013: Magia en el aire.<\/p><\/div>\n<p><!--more--><\/p>\n<p><em><strong>&gt;&gt;<a title=\"FIGLe\u00f3n 2013 en Le\u00f3n, Guanajuato\" href=\"http:\/\/www.flickr.com\/photos\/reconocemx\/sets\/72157637808690214\/\" target=\"_blank\">Disfruta de nuestra galer\u00eda completa del FIGLe\u00f3n 2013 en Le\u00f3n, Guanajuato<\/a>&lt;&lt;<\/strong><\/em><\/p>\n<p>Poco a poco el lugar se fue llenando y alrededor de las 7:30 de la ma\u00f1ana empez\u00f3 la inauguraci\u00f3n oficial. Las palabras de \u00d3scar Abraham Rocha Moreno,\u00a0presidente del Comit\u00e9 Organizador del FIG, fueron las mismas de cada a\u00f1o:<strong> una sincera y abierta invitaci\u00f3n a hacer de esta edici\u00f3n el mejor festival de aerostaci\u00f3n que se haya visto en Le\u00f3n<\/strong>; y son las mismas de siempre por que \u00e9l considera que cada a\u00f1o son ciertas, cada a\u00f1o se superan en cuanto a organizaci\u00f3n, artistas invitados y por supuesto n\u00famero de asistentes.<\/p>\n<div id=\"attachment_24455\" style=\"width: 635px\" class=\"wp-caption aligncenter\"><a href=\"http:\/\/www.reconoce.mx\/wp-content\/uploads\/FIG-02.jpg\"><img loading=\"lazy\" decoding=\"async\" aria-describedby=\"caption-attachment-24455\" class=\"size-large wp-image-24455\" alt=\"FIGLeon 2013: Magia en el aire.\" src=\"http:\/\/www.reconoce.mx\/wp-content\/uploads\/FIG-02-1024x245.jpg\" width=\"625\" height=\"150\" \/><\/a><p id=\"caption-attachment-24455\" class=\"wp-caption-text\">FIGLeon 2013: Magia en el aire.<\/p><\/div>\n<p><em><strong>&gt;&gt;<a title=\"FIGLe\u00f3n 2013 en Le\u00f3n, Guanajuato\" href=\"http:\/\/www.flickr.com\/photos\/reconocemx\/sets\/72157637808690214\/\" target=\"_blank\">Disfruta de nuestra galer\u00eda completa del FIGLe\u00f3n 2013 en Le\u00f3n, Guanajuato<\/a>&lt;&lt;<\/strong><\/em><\/p>\n<p><strong>A las 7:39 am con al menos un globo en el aire, la Lic. B\u00e1rbara Botello, alcaldesa de la ciudad de Le\u00f3n, marc\u00f3 la inauguraci\u00f3n oficial<\/strong>. Poco a poco los pilotos y los tripulantes fueron extendiendo sus globos, infl\u00e1ndolos y dirigi\u00e9ndolos al cielo.<\/p>\n<p>Uno pensar\u00eda que eso ser\u00eda un proceso lento pero la realidad es que<strong> inflar un globo es sorprendentemente r\u00e1pido<\/strong>. Primero se extiende el globo, se coloca un ventilador para despegar la tela e inflarlo un poco. Acto seguido se coloca el calentador de propano y poco a poco el globo comienza a inflarse por completo para elevarse. El inflado de los globos es como aquella famosa caja de chocolates, no sabes cu\u00e1l te va a tocar, pues de un mont\u00f3n de tela en el piso a veces sin forma y sin sentido se convierte en las figura m\u00e1s imponente y bella. <strong>Mi favorito de este a\u00f1o fue un colibr\u00ed morado con sus alas extendidas que simplemente se ve\u00eda magnifico contra el cielo azul de la ma\u00f1ana<\/strong>.<\/p>\n<div id=\"attachment_24457\" style=\"width: 635px\" class=\"wp-caption aligncenter\"><a href=\"http:\/\/www.reconoce.mx\/wp-content\/uploads\/FIG-07.jpg\"><img loading=\"lazy\" decoding=\"async\" aria-describedby=\"caption-attachment-24457\" class=\"size-large wp-image-24457\" alt=\"FIGLeon 2013: Magia en el aire.\" src=\"http:\/\/www.reconoce.mx\/wp-content\/uploads\/FIG-07-e1384813814854-768x1024.jpg\" width=\"625\" height=\"800\" \/><\/a><p id=\"caption-attachment-24457\" class=\"wp-caption-text\">FIGLeon 2013: Magia en el aire.<\/p><\/div>\n<p><em><strong>&gt;&gt;<a title=\"FIGLe\u00f3n 2013 en Le\u00f3n, Guanajuato\" href=\"http:\/\/www.flickr.com\/photos\/reconocemx\/sets\/72157637808690214\/\" target=\"_blank\">Disfruta de nuestra galer\u00eda completa del FIGLe\u00f3n 2013 en Le\u00f3n, Guanajuato<\/a>&lt;&lt;<\/strong><\/em><\/p>\n<p>Alrededor de las 9:30 de la ma\u00f1ana pr\u00e1cticamente todos los globos hab\u00edan despegado y ya quedaban pocos en el cielo. Es verdaderamente impresionante y <strong>admirable que un evento de tan s\u00f3lo dos horas pueda ser tan sorprendente y lleno de magia<\/strong>.<\/p>\n<p><strong>Durante el d\u00eda la gente se dispersa<\/strong>. Algunos van a casa, otros rentan una bicicleta para recorrer el Parque Metropolitano, los que acampan en el lugar vuelven a dormir otro poco m\u00e1s y muchos se dirigen al \u00e1rea de comida y exposiciones donde tambi\u00e9n se encuentran los juegos mec\u00e1nicos.<\/p>\n<div id=\"attachment_24463\" style=\"width: 635px\" class=\"wp-caption aligncenter\"><a href=\"http:\/\/www.reconoce.mx\/wp-content\/uploads\/FIG-03.jpg\"><img loading=\"lazy\" decoding=\"async\" aria-describedby=\"caption-attachment-24463\" class=\"size-large wp-image-24463\" alt=\"FIGLeon 2013: Magia en el aire.\" src=\"http:\/\/www.reconoce.mx\/wp-content\/uploads\/FIG-03-e1384813963966-768x1024.jpg\" width=\"625\" height=\"800\" \/><\/a><p id=\"caption-attachment-24463\" class=\"wp-caption-text\">FIGLeon 2013: Magia en el aire.<\/p><\/div>\n<p><em><strong>&gt;&gt;<a title=\"FIGLe\u00f3n 2013 en Le\u00f3n, Guanajuato\" href=\"http:\/\/www.flickr.com\/photos\/reconocemx\/sets\/72157637808690214\/\" target=\"_blank\">Disfruta de nuestra galer\u00eda completa del FIGLe\u00f3n 2013 en Le\u00f3n, Guanajuato<\/a>&lt;&lt;<\/strong><\/em><\/p>\n<p>Este a\u00f1o la Secretar\u00eda de Marina present\u00f3 una exposici\u00f3n titulada <strong>ExpoMar<\/strong> que te explicaba paso a paso las herramientas utilizadas en un barco, los botes salvavidas y lo que contienen para la sobrevivencia de las personas. Incluso una enfermera de la Escuela M\u00e9dico Naval te ense\u00f1aba a hacer RCP.<\/p>\n<p><strong>Por la tarde alrededor de las 5:00 de la tarde el Parque Metropolitano se llena de nuevo de gente<\/strong>. La Noche M\u00e1gica esta a punto de empezar. Los globos se inflan pero se mantienen amarrados al suelo. La luz de la llama de propano ilumina por dentro cada uno de los globos y el cielo se llena de figuras que se iluminan al ritmo de la m\u00fasica.<\/p>\n<div id=\"attachment_24465\" style=\"width: 555px\" class=\"wp-caption aligncenter\"><a href=\"http:\/\/www.reconoce.mx\/wp-content\/uploads\/FIG-05.jpg\"><img loading=\"lazy\" decoding=\"async\" aria-describedby=\"caption-attachment-24465\" class=\"size-large wp-image-24465\" alt=\"FIGLeon 2013: Magia en el aire.\" src=\"http:\/\/www.reconoce.mx\/wp-content\/uploads\/FIG-05-e1384814087558-545x1024.jpg\" width=\"545\" height=\"1024\" srcset=\"http:\/\/www.reconoce.mx\/wp-content\/uploads\/FIG-05-e1384814087558-545x1024.jpg 545w, http:\/\/www.reconoce.mx\/wp-content\/uploads\/FIG-05-e1384814087558-160x300.jpg 160w\" sizes=\"auto, (max-width: 545px) 100vw, 545px\" \/><\/a><p id=\"caption-attachment-24465\" class=\"wp-caption-text\">FIGLeon 2013: Magia en el aire.<\/p><\/div>\n<p><em><strong>&gt;&gt;<a title=\"FIGLe\u00f3n 2013 en Le\u00f3n, Guanajuato\" href=\"http:\/\/www.flickr.com\/photos\/reconocemx\/sets\/72157637808690214\/\" target=\"_blank\">Disfruta de nuestra galer\u00eda completa del FIGLe\u00f3n 2013 en Le\u00f3n, Guanajuato<\/a>&lt;&lt;<\/strong><\/em><\/p>\n<p>Despu\u00e9s llega la hora de los conciertos y cada noche un artista invitado distinto pone a la gente a bailar y a gritar. <strong>Hay ni\u00f1os, adultos, j\u00f3venes simplemente disfrutando del show que se presenta en el escenario<\/strong>. El final perfecto para un d\u00eda espectacular. Alrededor de las 11:00 de la noche el Parque Metropolitano se va vaciando y la gente con una sonrisa de oreja a oreja se retira del parque.<\/p>\n<p><strong>Ha sido un d\u00eda fenomenal pero ha terminado<\/strong>. \u00bfLa buena noticia? Todav\u00eda queda Festival, y el pr\u00f3ximo a\u00f1o y todos los que vengan despu\u00e9s para sorprendernos y hacernos sentir como ni\u00f1os con un invento que tiene m\u00e1s de 200 a\u00f1os y que sigue sorprendiendo a chicos y grandes.<\/p>\n<p><strong>\u00a1\u00a1Nos vemos en el aire!!<\/strong><\/p>\n<div id=\"attachment_24469\" style=\"width: 635px\" class=\"wp-caption aligncenter\"><a href=\"http:\/\/www.reconoce.mx\/wp-content\/uploads\/FIG-09.jpg\"><img loading=\"lazy\" decoding=\"async\" aria-describedby=\"caption-attachment-24469\" class=\"size-large wp-image-24469\" alt=\"FIGLeon 2013: Magia en el aire.\" src=\"http:\/\/www.reconoce.mx\/wp-content\/uploads\/FIG-09-e1384814167592-768x1024.jpg\" width=\"625\" height=\"800\" \/><\/a><p id=\"caption-attachment-24469\" class=\"wp-caption-text\">FIGLeon 2013: Magia en el aire.<\/p><\/div>\n<p><em><strong>&gt;&gt;<a title=\"FIGLe\u00f3n 2013 en Le\u00f3n, Guanajuato\" href=\"http:\/\/www.flickr.com\/photos\/reconocemx\/sets\/72157637808690214\/\" target=\"_blank\">Disfruta de nuestra galer\u00eda completa del FIGLe\u00f3n 2013 en Le\u00f3n, Guanajuato<\/a>&lt;&lt;<\/strong><\/em><\/p>\n<h2>Cosas que debes saber para el FIG del siguiente a\u00f1o:<\/h2>\n<ol>\n<li>Puedes <strong>servir como voluntario y hacer tu servicio social<\/strong> en el Festival. Investiga en tu universidad.<\/li>\n<li><strong>En las noches l\u00e1nzate al Festival<\/strong>.<\/li>\n<li>Se llena much\u00edsimo. Si no quieres esperar una hora y media en fila para estacionarte <strong>llega temprano<\/strong>. Tanto al despegue como a las Noches M\u00e1gicas.<\/li>\n<li>Solamente el s\u00e1bado hubo 100 mil personas en el Festival.<strong> S\u00e9 paciente<\/strong>.<\/li>\n<li>Adentro se venden alimentos y bebidas de todo tipo pero tambi\u00e9n te permiten llevar lo necesario para <strong>hacer tu propio picnic<\/strong>. Int\u00e9ntalo, se ve bastante divertido.<\/li>\n<li>Si puedes <strong>acampar<\/strong>, hazlo.<\/li>\n<li><strong>Qu\u00e9date un rato despu\u00e9s del despegue<\/strong>. Mucha gente se va y puedes aprovechar las otras atracciones que ya vienen incluidas en tu boleto.<\/li>\n<\/ol>\n<p>&nbsp;<\/p>\n<p>&nbsp;<\/p>\n","protected":false},"excerpt":{"rendered":"<p>Eran las 6:15 de la ma\u00f1ana del viernes 15 de noviembre y ya hab\u00eda al menos 500 personas en la explanada del Parque Metropolitano. Todos bien abrigados y esperando la llegada de los globos.<\/p>\n","protected":false},"author":2,"featured_media":24450,"comment_status":"open","ping_status":"open","sticky":false,"template":"","format":"standard","meta":{"footnotes":""},"categories":[1],"tags":[],"class_list":["post-24449","post","type-post","status-publish","format-standard","has-post-thumbnail","hentry","category-cultura"],"yoast_head":"<!-- This site is optimized with the Yoast SEO plugin v24.7 - https:\/\/yoast.com\/wordpress\/plugins\/seo\/ -->\n<title>FIGLe\u00f3n 2013: Magia en el aire &#171; Reconoce MX<\/title>\n<meta name=\"robots\" content=\"index, follow, max-snippet:-1, max-image-preview:large, max-video-preview:-1\" \/>\n<link rel=\"canonical\" href=\"http:\/\/www.reconoce.mx\/?p=24449\" \/>\n<meta property=\"og:locale\" content=\"es_ES\" \/>\n<meta property=\"og:type\" content=\"article\" \/>\n<meta property=\"og:title\" content=\"FIGLe\u00f3n 2013: Magia en el aire &#171; Reconoce MX\" \/>\n<meta property=\"og:description\" content=\"Eran las 6:15 de la ma\u00f1ana del viernes 15 de noviembre y ya hab\u00eda al menos 500 personas en la explanada del Parque Metropolitano. Todos bien abrigados y esperando la llegada de los globos.\" \/>\n<meta property=\"og:url\" content=\"http:\/\/www.reconoce.mx\/?p=24449\" \/>\n<meta property=\"og:site_name\" content=\"Reconoce MX\" \/>\n<meta property=\"article:publisher\" content=\"https:\/\/es-la.facebook.com\/ReconoceMX\/\" \/>\n<meta property=\"article:published_time\" content=\"2013-11-12T09:00:04+00:00\" \/>\n<meta property=\"article:modified_time\" content=\"2013-11-20T11:42:23+00:00\" \/>\n<meta property=\"og:image\" content=\"http:\/\/www.reconoce.mx\/wp-content\/uploads\/figleon-1.png\" \/>\n\t<meta property=\"og:image:width\" content=\"649\" \/>\n\t<meta property=\"og:image:height\" content=\"301\" \/>\n\t<meta property=\"og:image:type\" content=\"image\/png\" \/>\n<meta name=\"author\" content=\"Reconoce MX\" \/>\n<meta name=\"twitter:card\" content=\"summary_large_image\" \/>\n<meta name=\"twitter:creator\" content=\"@reconocemx\" \/>\n<meta name=\"twitter:site\" content=\"@reconocemx\" \/>\n<meta name=\"twitter:label1\" content=\"Escrito por\" \/>\n\t<meta name=\"twitter:data1\" content=\"Reconoce MX\" \/>\n\t<meta name=\"twitter:label2\" content=\"Tiempo de lectura\" \/>\n\t<meta name=\"twitter:data2\" content=\"5 minutos\" \/>\n<script type=\"application\/ld+json\" class=\"yoast-schema-graph\">{\"@context\":\"https:\/\/schema.org\",\"@graph\":[{\"@type\":\"Article\",\"@id\":\"http:\/\/www.reconoce.mx\/?p=24449#article\",\"isPartOf\":{\"@id\":\"http:\/\/www.reconoce.mx\/?p=24449\"},\"author\":{\"name\":\"Reconoce MX\",\"@id\":\"http:\/\/www.reconoce.mx\/#\/schema\/person\/2117e997d7051dc15d6880eaf9bca0b2\"},\"headline\":\"FIGLe\u00f3n 2013: Magia en el aire\",\"datePublished\":\"2013-11-12T09:00:04+00:00\",\"dateModified\":\"2013-11-20T11:42:23+00:00\",\"mainEntityOfPage\":{\"@id\":\"http:\/\/www.reconoce.mx\/?p=24449\"},\"wordCount\":1019,\"commentCount\":0,\"publisher\":{\"@id\":\"http:\/\/www.reconoce.mx\/#organization\"},\"image\":{\"@id\":\"http:\/\/www.reconoce.mx\/?p=24449#primaryimage\"},\"thumbnailUrl\":\"http:\/\/www.reconoce.mx\/wp-content\/uploads\/figleon-1.png\",\"articleSection\":[\"Cultura\"],\"inLanguage\":\"es\",\"potentialAction\":[{\"@type\":\"CommentAction\",\"name\":\"Comment\",\"target\":[\"http:\/\/www.reconoce.mx\/?p=24449#respond\"]}]},{\"@type\":\"WebPage\",\"@id\":\"http:\/\/www.reconoce.mx\/?p=24449\",\"url\":\"http:\/\/www.reconoce.mx\/?p=24449\",\"name\":\"FIGLe\u00f3n 2013: Magia en el aire &#171; Reconoce MX\",\"isPartOf\":{\"@id\":\"http:\/\/www.reconoce.mx\/#website\"},\"primaryImageOfPage\":{\"@id\":\"http:\/\/www.reconoce.mx\/?p=24449#primaryimage\"},\"image\":{\"@id\":\"http:\/\/www.reconoce.mx\/?p=24449#primaryimage\"},\"thumbnailUrl\":\"http:\/\/www.reconoce.mx\/wp-content\/uploads\/figleon-1.png\",\"datePublished\":\"2013-11-12T09:00:04+00:00\",\"dateModified\":\"2013-11-20T11:42:23+00:00\",\"breadcrumb\":{\"@id\":\"http:\/\/www.reconoce.mx\/?p=24449#breadcrumb\"},\"inLanguage\":\"es\",\"potentialAction\":[{\"@type\":\"ReadAction\",\"target\":[\"http:\/\/www.reconoce.mx\/?p=24449\"]}]},{\"@type\":\"ImageObject\",\"inLanguage\":\"es\",\"@id\":\"http:\/\/www.reconoce.mx\/?p=24449#primaryimage\",\"url\":\"http:\/\/www.reconoce.mx\/wp-content\/uploads\/figleon-1.png\",\"contentUrl\":\"http:\/\/www.reconoce.mx\/wp-content\/uploads\/figleon-1.png\",\"width\":649,\"height\":301,\"caption\":\"FIGLeon 2013: Magia en el aire.\"},{\"@type\":\"BreadcrumbList\",\"@id\":\"http:\/\/www.reconoce.mx\/?p=24449#breadcrumb\",\"itemListElement\":[{\"@type\":\"ListItem\",\"position\":1,\"name\":\"Portada\",\"item\":\"http:\/\/www.reconoce.mx\/\"},{\"@type\":\"ListItem\",\"position\":2,\"name\":\"FIGLe\u00f3n 2013: Magia en el aire\"}]},{\"@type\":\"WebSite\",\"@id\":\"http:\/\/www.reconoce.mx\/#website\",\"url\":\"http:\/\/www.reconoce.mx\/\",\"name\":\"Reconoce MX\",\"description\":\"En Reconoce MX difundimos arte, cultura y conciencia social en M\u00e9xico. Tu ciudad en otra perspectiva.\",\"publisher\":{\"@id\":\"http:\/\/www.reconoce.mx\/#organization\"},\"potentialAction\":[{\"@type\":\"SearchAction\",\"target\":{\"@type\":\"EntryPoint\",\"urlTemplate\":\"http:\/\/www.reconoce.mx\/?s={search_term_string}\"},\"query-input\":{\"@type\":\"PropertyValueSpecification\",\"valueRequired\":true,\"valueName\":\"search_term_string\"}}],\"inLanguage\":\"es\"},{\"@type\":\"Organization\",\"@id\":\"http:\/\/www.reconoce.mx\/#organization\",\"name\":\"Reconoce MX\",\"url\":\"http:\/\/www.reconoce.mx\/\",\"logo\":{\"@type\":\"ImageObject\",\"inLanguage\":\"es\",\"@id\":\"http:\/\/www.reconoce.mx\/#\/schema\/logo\/image\/\",\"url\":\"https:\/\/www.reconoce.mx\/wp-content\/uploads\/2019\/03\/logorcmx-good-1.png\",\"contentUrl\":\"https:\/\/www.reconoce.mx\/wp-content\/uploads\/2019\/03\/logorcmx-good-1.png\",\"width\":280,\"height\":90,\"caption\":\"Reconoce MX\"},\"image\":{\"@id\":\"http:\/\/www.reconoce.mx\/#\/schema\/logo\/image\/\"},\"sameAs\":[\"https:\/\/es-la.facebook.com\/ReconoceMX\/\",\"https:\/\/x.com\/reconocemx\",\"http:\/\/@reconocemx\"]},{\"@type\":\"Person\",\"@id\":\"http:\/\/www.reconoce.mx\/#\/schema\/person\/2117e997d7051dc15d6880eaf9bca0b2\",\"name\":\"Reconoce MX\",\"image\":{\"@type\":\"ImageObject\",\"inLanguage\":\"es\",\"@id\":\"http:\/\/www.reconoce.mx\/#\/schema\/person\/image\/\",\"url\":\"https:\/\/secure.gravatar.com\/avatar\/6c8d4dc7569ca1c90c5fdcc349f839d5ddef6fe1e70b4337ead2ef1a4c43fc3a?s=96&d=identicon&r=g\",\"contentUrl\":\"https:\/\/secure.gravatar.com\/avatar\/6c8d4dc7569ca1c90c5fdcc349f839d5ddef6fe1e70b4337ead2ef1a4c43fc3a?s=96&d=identicon&r=g\",\"caption\":\"Reconoce MX\"},\"description\":\"Reconoce MX es un proyecto de difusi\u00f3n art\u00edstica, cultural y de conciencia social que est\u00e1 enfocado a difundir y fomentar el entretenimiento alternativo de calidad para todo el p\u00fablico que comparta el mismo entusiasmo.\",\"sameAs\":[\"http:\/\/www.reconoce.mx\"],\"url\":\"http:\/\/www.reconoce.mx\/?author=2\"}]}<\/script>\n<!-- \/ Yoast SEO plugin. -->","yoast_head_json":{"title":"FIGLe\u00f3n 2013: Magia en el aire &#171; Reconoce MX","robots":{"index":"index","follow":"follow","max-snippet":"max-snippet:-1","max-image-preview":"max-image-preview:large","max-video-preview":"max-video-preview:-1"},"canonical":"http:\/\/www.reconoce.mx\/?p=24449","og_locale":"es_ES","og_type":"article","og_title":"FIGLe\u00f3n 2013: Magia en el aire &#171; Reconoce MX","og_description":"Eran las 6:15 de la ma\u00f1ana del viernes 15 de noviembre y ya hab\u00eda al menos 500 personas en la explanada del Parque Metropolitano. Todos bien abrigados y esperando la llegada de los globos.","og_url":"http:\/\/www.reconoce.mx\/?p=24449","og_site_name":"Reconoce MX","article_publisher":"https:\/\/es-la.facebook.com\/ReconoceMX\/","article_published_time":"2013-11-12T09:00:04+00:00","article_modified_time":"2013-11-20T11:42:23+00:00","og_image":[{"width":649,"height":301,"url":"http:\/\/www.reconoce.mx\/wp-content\/uploads\/figleon-1.png","type":"image\/png"}],"author":"Reconoce MX","twitter_card":"summary_large_image","twitter_creator":"@reconocemx","twitter_site":"@reconocemx","twitter_misc":{"Escrito por":"Reconoce MX","Tiempo de lectura":"5 minutos"},"schema":{"@context":"https:\/\/schema.org","@graph":[{"@type":"Article","@id":"http:\/\/www.reconoce.mx\/?p=24449#article","isPartOf":{"@id":"http:\/\/www.reconoce.mx\/?p=24449"},"author":{"name":"Reconoce MX","@id":"http:\/\/www.reconoce.mx\/#\/schema\/person\/2117e997d7051dc15d6880eaf9bca0b2"},"headline":"FIGLe\u00f3n 2013: Magia en el aire","datePublished":"2013-11-12T09:00:04+00:00","dateModified":"2013-11-20T11:42:23+00:00","mainEntityOfPage":{"@id":"http:\/\/www.reconoce.mx\/?p=24449"},"wordCount":1019,"commentCount":0,"publisher":{"@id":"http:\/\/www.reconoce.mx\/#organization"},"image":{"@id":"http:\/\/www.reconoce.mx\/?p=24449#primaryimage"},"thumbnailUrl":"http:\/\/www.reconoce.mx\/wp-content\/uploads\/figleon-1.png","articleSection":["Cultura"],"inLanguage":"es","potentialAction":[{"@type":"CommentAction","name":"Comment","target":["http:\/\/www.reconoce.mx\/?p=24449#respond"]}]},{"@type":"WebPage","@id":"http:\/\/www.reconoce.mx\/?p=24449","url":"http:\/\/www.reconoce.mx\/?p=24449","name":"FIGLe\u00f3n 2013: Magia en el aire &#171; Reconoce MX","isPartOf":{"@id":"http:\/\/www.reconoce.mx\/#website"},"primaryImageOfPage":{"@id":"http:\/\/www.reconoce.mx\/?p=24449#primaryimage"},"image":{"@id":"http:\/\/www.reconoce.mx\/?p=24449#primaryimage"},"thumbnailUrl":"http:\/\/www.reconoce.mx\/wp-content\/uploads\/figleon-1.png","datePublished":"2013-11-12T09:00:04+00:00","dateModified":"2013-11-20T11:42:23+00:00","breadcrumb":{"@id":"http:\/\/www.reconoce.mx\/?p=24449#breadcrumb"},"inLanguage":"es","potentialAction":[{"@type":"ReadAction","target":["http:\/\/www.reconoce.mx\/?p=24449"]}]},{"@type":"ImageObject","inLanguage":"es","@id":"http:\/\/www.reconoce.mx\/?p=24449#primaryimage","url":"http:\/\/www.reconoce.mx\/wp-content\/uploads\/figleon-1.png","contentUrl":"http:\/\/www.reconoce.mx\/wp-content\/uploads\/figleon-1.png","width":649,"height":301,"caption":"FIGLeon 2013: Magia en el aire."},{"@type":"BreadcrumbList","@id":"http:\/\/www.reconoce.mx\/?p=24449#breadcrumb","itemListElement":[{"@type":"ListItem","position":1,"name":"Portada","item":"http:\/\/www.reconoce.mx\/"},{"@type":"ListItem","position":2,"name":"FIGLe\u00f3n 2013: Magia en el aire"}]},{"@type":"WebSite","@id":"http:\/\/www.reconoce.mx\/#website","url":"http:\/\/www.reconoce.mx\/","name":"Reconoce MX","description":"En Reconoce MX difundimos arte, cultura y conciencia social en M\u00e9xico. Tu ciudad en otra perspectiva.","publisher":{"@id":"http:\/\/www.reconoce.mx\/#organization"},"potentialAction":[{"@type":"SearchAction","target":{"@type":"EntryPoint","urlTemplate":"http:\/\/www.reconoce.mx\/?s={search_term_string}"},"query-input":{"@type":"PropertyValueSpecification","valueRequired":true,"valueName":"search_term_string"}}],"inLanguage":"es"},{"@type":"Organization","@id":"http:\/\/www.reconoce.mx\/#organization","name":"Reconoce MX","url":"http:\/\/www.reconoce.mx\/","logo":{"@type":"ImageObject","inLanguage":"es","@id":"http:\/\/www.reconoce.mx\/#\/schema\/logo\/image\/","url":"https:\/\/www.reconoce.mx\/wp-content\/uploads\/2019\/03\/logorcmx-good-1.png","contentUrl":"https:\/\/www.reconoce.mx\/wp-content\/uploads\/2019\/03\/logorcmx-good-1.png","width":280,"height":90,"caption":"Reconoce MX"},"image":{"@id":"http:\/\/www.reconoce.mx\/#\/schema\/logo\/image\/"},"sameAs":["https:\/\/es-la.facebook.com\/ReconoceMX\/","https:\/\/x.com\/reconocemx","http:\/\/@reconocemx"]},{"@type":"Person","@id":"http:\/\/www.reconoce.mx\/#\/schema\/person\/2117e997d7051dc15d6880eaf9bca0b2","name":"Reconoce MX","image":{"@type":"ImageObject","inLanguage":"es","@id":"http:\/\/www.reconoce.mx\/#\/schema\/person\/image\/","url":"https:\/\/secure.gravatar.com\/avatar\/6c8d4dc7569ca1c90c5fdcc349f839d5ddef6fe1e70b4337ead2ef1a4c43fc3a?s=96&d=identicon&r=g","contentUrl":"https:\/\/secure.gravatar.com\/avatar\/6c8d4dc7569ca1c90c5fdcc349f839d5ddef6fe1e70b4337ead2ef1a4c43fc3a?s=96&d=identicon&r=g","caption":"Reconoce MX"},"description":"Reconoce MX es un proyecto de difusi\u00f3n art\u00edstica, cultural y de conciencia social que est\u00e1 enfocado a difundir y fomentar el entretenimiento alternativo de calidad para todo el p\u00fablico que comparta el mismo entusiasmo.","sameAs":["http:\/\/www.reconoce.mx"],"url":"http:\/\/www.reconoce.mx\/?author=2"}]}},"_links":{"self":[{"href":"http:\/\/www.reconoce.mx\/index.php?rest_route=\/wp\/v2\/posts\/24449","targetHints":{"allow":["GET"]}}],"collection":[{"href":"http:\/\/www.reconoce.mx\/index.php?rest_route=\/wp\/v2\/posts"}],"about":[{"href":"http:\/\/www.reconoce.mx\/index.php?rest_route=\/wp\/v2\/types\/post"}],"author":[{"embeddable":true,"href":"http:\/\/www.reconoce.mx\/index.php?rest_route=\/wp\/v2\/users\/2"}],"replies":[{"embeddable":true,"href":"http:\/\/www.reconoce.mx\/index.php?rest_route=%2Fwp%2Fv2%2Fcomments&post=24449"}],"version-history":[{"count":25,"href":"http:\/\/www.reconoce.mx\/index.php?rest_route=\/wp\/v2\/posts\/24449\/revisions"}],"predecessor-version":[{"id":24574,"href":"http:\/\/www.reconoce.mx\/index.php?rest_route=\/wp\/v2\/posts\/24449\/revisions\/24574"}],"wp:featuredmedia":[{"embeddable":true,"href":"http:\/\/www.reconoce.mx\/index.php?rest_route=\/wp\/v2\/media\/24450"}],"wp:attachment":[{"href":"http:\/\/www.reconoce.mx\/index.php?rest_route=%2Fwp%2Fv2%2Fmedia&parent=24449"}],"wp:term":[{"taxonomy":"category","embeddable":true,"href":"http:\/\/www.reconoce.mx\/index.php?rest_route=%2Fwp%2Fv2%2Fcategories&post=24449"},{"taxonomy":"post_tag","embeddable":true,"href":"http:\/\/www.reconoce.mx\/index.php?rest_route=%2Fwp%2Fv2%2Ftags&post=24449"}],"curies":[{"name":"wp","href":"https:\/\/api.w.org\/{rel}","templated":true}]}}