{"id":24501,"date":"2013-11-12T01:00:07","date_gmt":"2013-11-12T07:00:07","guid":{"rendered":"http:\/\/www.reconoce.mx\/?p=24501"},"modified":"2013-11-20T05:41:29","modified_gmt":"2013-11-20T11:41:29","slug":"lunes-musical-el-viaje-de-habitantes","status":"publish","type":"post","link":"http:\/\/www.reconoce.mx\/?p=24501","title":{"rendered":"Lunes musical: &#8216;El viaje&#8217;, de Habitantes"},"content":{"rendered":"<ul id=\"botones-home\">\n<li><script type=\"text\/javascript\" src=\"https:\/\/apis.google.com\/js\/plusone.js\"><\/script><g:plusone width=\"55\" height=\"20\" href=\"http:\/\/www.reconoce.mx\/lunes-musical-el-viaje-de-habitantes\/\"><\/g:plusone><\/li>\n<li><a href=\"http:\/\/twitter.com\/share\" class=\"twitter-share-button\" data-url=\"http:\/\/www.reconoce.mx\/lunes-musical-el-viaje-de-habitantes\/\" data-count=\"horizontal\" data-via=\"reconocemx\" data-lang=\"es\">Tweet<\/a><script type=\"text\/javascript\" src=\"http:\/\/platform.twitter.com\/widgets.js\"><\/script><\/li>\n<div class=\"fb-like\" data-href=\"http:\/\/www.reconoce.mx\/lunes-musical-el-viaje-de-habitantes\/\" data-send=\"true\" data-width=\"450\" data-show-faces=\"true\"><\/div>\n<p><strong>Por <a title=\"@AsfaltosTweets \" href=\"https:\/\/twitter.com\/AsfaltosTweets\" target=\"_blank\">Asfaltos<\/a>.<\/strong><\/p>\n<p>Lunes de puente, pero no por ello, lunes sin m\u00fasica nueva hecha 100% en M\u00e9xico. Toca el turno de <strong>una banda de la siempre prol\u00edfica Guadalajara, Jalisco<\/strong>; un proyecto joven iniciado a finales de 2011, integrado por Ricardo (bajo), David (bater\u00eda), Fidel (guitarra y voz) y Manolo (guitarra y coros).<\/p>\n<p><iframe loading=\"lazy\" width=\"100%\" height=\"166\" scrolling=\"no\" frameborder=\"no\" src=\"https:\/\/w.soundcloud.com\/player\/?url=https%3A\/\/api.soundcloud.com\/tracks\/105953389&amp;color=ff0000&amp;auto_play=false&amp;show_artwork=true\"><\/iframe><\/p>\n<p><!--more--><div id=\"attachment_24502\" style=\"width: 610px\" class=\"wp-caption aligncenter\"><a href=\"http:\/\/www.reconoce.mx\/wp-content\/uploads\/habitantes.png\"><img loading=\"lazy\" decoding=\"async\" aria-describedby=\"caption-attachment-24502\" class=\"size-full wp-image-24502\" alt=\"Lunes musical: 'El viaje', de Habitantes.\" src=\"http:\/\/www.reconoce.mx\/wp-content\/uploads\/habitantes.png\" width=\"600\" height=\"275\" \/><\/a><p id=\"caption-attachment-24502\" class=\"wp-caption-text\">Lunes musical: &#8216;El viaje&#8217;, de Habitantes.<\/p><\/div><\/p>\n<p>El nombre de esta agrupaci\u00f3n es Habitantes y recuerda un poco a sus influencias como Zurdok, Fobia y Oasis. Lo que les gusta a estos muchachos son las<strong> guitarras, rockeras y envolventes<\/strong>, ayudadas de una letra que les complementa y gu\u00eda hacia un sonido que se vuelve por momentos ecl\u00e9ctico.<\/p>\n<p>Yo les presento<strong><em> El viaje<\/em>, t\u00edtulo de su primer sencillo que ha hecho ruido en redes sociales<\/strong>; en foros peque\u00f1os, pero bien arropados por su propuesta llena de energ\u00eda, la canci\u00f3n es sin duda una muestra del potencial de una banda que desea iniciar con este sencillo precisamente el recorrido de una carrera que esperan exitosa.<\/p>\n<p>Por lo pronto, y si les ha gustado <em>El viaje<\/em> de Habitantes, no dejen de apoyarles v\u00eda <a title=\"Habitantes\" href=\"https:\/\/www.facebook.com\/habitantesband\" target=\"_blank\"><strong>facebook<\/strong><\/a>, <a title=\"@HabitantesMX\" href=\"https:\/\/twitter.com\/HabitantesMX\" target=\"_blank\"><strong>twitter<\/strong><\/a>, <a title=\"Habitantes \" href=\"https:\/\/soundcloud.com\/habitantes\" target=\"_blank\"><strong>SoundCloud<\/strong><\/a> y <a title=\"Habitantes\" href=\"http:\/\/www.reverbnation.com\/habitantes\" target=\"_blank\"><strong>ReverbNation<\/strong><\/a>. \u00a1Buen inicio de semana banda!<\/p>\n<p>&nbsp;<\/p>\n<p>&nbsp;<\/p>\n","protected":false},"excerpt":{"rendered":"<p>Lunes de puente, pero no por ello, lunes sin m\u00fasica nueva hecha 100% en M\u00e9xico. Toca el turno de una banda de la siempre prol\u00edfica Guadalajara, Jalisco; un proyecto joven iniciado a finales de 2011.<\/p>\n","protected":false},"author":2,"featured_media":24502,"comment_status":"open","ping_status":"open","sticky":false,"template":"","format":"standard","meta":{"footnotes":""},"categories":[1,665,18],"tags":[],"class_list":["post-24501","post","type-post","status-publish","format-standard","has-post-thumbnail","hentry","category-cultura","category-lunes-musical-musica","category-musica"],"yoast_head":"<!-- This site is optimized with the Yoast SEO plugin v24.7 - https:\/\/yoast.com\/wordpress\/plugins\/seo\/ -->\n<title>Lunes musical: &#039;El viaje&#039;, de Habitantes &#171; Reconoce MX<\/title>\n<meta name=\"robots\" content=\"index, follow, max-snippet:-1, max-image-preview:large, max-video-preview:-1\" \/>\n<link rel=\"canonical\" href=\"http:\/\/www.reconoce.mx\/?p=24501\" \/>\n<meta property=\"og:locale\" content=\"es_ES\" \/>\n<meta property=\"og:type\" content=\"article\" \/>\n<meta property=\"og:title\" content=\"Lunes musical: &#039;El viaje&#039;, de Habitantes &#171; Reconoce MX\" \/>\n<meta property=\"og:description\" content=\"Lunes de puente, pero no por ello, lunes sin m\u00fasica nueva hecha 100% en M\u00e9xico. Toca el turno de una banda de la siempre prol\u00edfica Guadalajara, Jalisco; un proyecto joven iniciado a finales de 2011.\" \/>\n<meta property=\"og:url\" content=\"http:\/\/www.reconoce.mx\/?p=24501\" \/>\n<meta property=\"og:site_name\" content=\"Reconoce MX\" \/>\n<meta property=\"article:publisher\" content=\"https:\/\/es-la.facebook.com\/ReconoceMX\/\" \/>\n<meta property=\"article:published_time\" content=\"2013-11-12T07:00:07+00:00\" \/>\n<meta property=\"article:modified_time\" content=\"2013-11-20T11:41:29+00:00\" \/>\n<meta property=\"og:image\" content=\"http:\/\/www.reconoce.mx\/wp-content\/uploads\/habitantes.png\" \/>\n\t<meta property=\"og:image:width\" content=\"649\" \/>\n\t<meta property=\"og:image:height\" content=\"301\" \/>\n\t<meta property=\"og:image:type\" content=\"image\/png\" \/>\n<meta name=\"author\" content=\"Reconoce MX\" \/>\n<meta name=\"twitter:card\" content=\"summary_large_image\" \/>\n<meta name=\"twitter:creator\" content=\"@reconocemx\" \/>\n<meta name=\"twitter:site\" content=\"@reconocemx\" \/>\n<meta name=\"twitter:label1\" content=\"Escrito por\" \/>\n\t<meta name=\"twitter:data1\" content=\"Reconoce MX\" \/>\n\t<meta name=\"twitter:label2\" content=\"Tiempo de lectura\" \/>\n\t<meta name=\"twitter:data2\" content=\"1 minuto\" \/>\n<script type=\"application\/ld+json\" class=\"yoast-schema-graph\">{\"@context\":\"https:\/\/schema.org\",\"@graph\":[{\"@type\":\"Article\",\"@id\":\"http:\/\/www.reconoce.mx\/?p=24501#article\",\"isPartOf\":{\"@id\":\"http:\/\/www.reconoce.mx\/?p=24501\"},\"author\":{\"name\":\"Reconoce MX\",\"@id\":\"http:\/\/www.reconoce.mx\/#\/schema\/person\/2117e997d7051dc15d6880eaf9bca0b2\"},\"headline\":\"Lunes musical: &#8216;El viaje&#8217;, de Habitantes\",\"datePublished\":\"2013-11-12T07:00:07+00:00\",\"dateModified\":\"2013-11-20T11:41:29+00:00\",\"mainEntityOfPage\":{\"@id\":\"http:\/\/www.reconoce.mx\/?p=24501\"},\"wordCount\":217,\"commentCount\":0,\"publisher\":{\"@id\":\"http:\/\/www.reconoce.mx\/#organization\"},\"image\":{\"@id\":\"http:\/\/www.reconoce.mx\/?p=24501#primaryimage\"},\"thumbnailUrl\":\"http:\/\/www.reconoce.mx\/wp-content\/uploads\/habitantes.png\",\"articleSection\":[\"Cultura\",\"Lunes musical\",\"M\u00fasica\"],\"inLanguage\":\"es\",\"potentialAction\":[{\"@type\":\"CommentAction\",\"name\":\"Comment\",\"target\":[\"http:\/\/www.reconoce.mx\/?p=24501#respond\"]}]},{\"@type\":\"WebPage\",\"@id\":\"http:\/\/www.reconoce.mx\/?p=24501\",\"url\":\"http:\/\/www.reconoce.mx\/?p=24501\",\"name\":\"Lunes musical: 'El viaje', de Habitantes &#171; Reconoce MX\",\"isPartOf\":{\"@id\":\"http:\/\/www.reconoce.mx\/#website\"},\"primaryImageOfPage\":{\"@id\":\"http:\/\/www.reconoce.mx\/?p=24501#primaryimage\"},\"image\":{\"@id\":\"http:\/\/www.reconoce.mx\/?p=24501#primaryimage\"},\"thumbnailUrl\":\"http:\/\/www.reconoce.mx\/wp-content\/uploads\/habitantes.png\",\"datePublished\":\"2013-11-12T07:00:07+00:00\",\"dateModified\":\"2013-11-20T11:41:29+00:00\",\"breadcrumb\":{\"@id\":\"http:\/\/www.reconoce.mx\/?p=24501#breadcrumb\"},\"inLanguage\":\"es\",\"potentialAction\":[{\"@type\":\"ReadAction\",\"target\":[\"http:\/\/www.reconoce.mx\/?p=24501\"]}]},{\"@type\":\"ImageObject\",\"inLanguage\":\"es\",\"@id\":\"http:\/\/www.reconoce.mx\/?p=24501#primaryimage\",\"url\":\"http:\/\/www.reconoce.mx\/wp-content\/uploads\/habitantes.png\",\"contentUrl\":\"http:\/\/www.reconoce.mx\/wp-content\/uploads\/habitantes.png\",\"width\":649,\"height\":301,\"caption\":\"Lunes musical: 'El viaje', de Habitantes.\"},{\"@type\":\"BreadcrumbList\",\"@id\":\"http:\/\/www.reconoce.mx\/?p=24501#breadcrumb\",\"itemListElement\":[{\"@type\":\"ListItem\",\"position\":1,\"name\":\"Portada\",\"item\":\"http:\/\/www.reconoce.mx\/\"},{\"@type\":\"ListItem\",\"position\":2,\"name\":\"Lunes musical: &#8216;El viaje&#8217;, de Habitantes\"}]},{\"@type\":\"WebSite\",\"@id\":\"http:\/\/www.reconoce.mx\/#website\",\"url\":\"http:\/\/www.reconoce.mx\/\",\"name\":\"Reconoce MX\",\"description\":\"En Reconoce MX difundimos arte, cultura y conciencia social en M\u00e9xico. Tu ciudad en otra perspectiva.\",\"publisher\":{\"@id\":\"http:\/\/www.reconoce.mx\/#organization\"},\"potentialAction\":[{\"@type\":\"SearchAction\",\"target\":{\"@type\":\"EntryPoint\",\"urlTemplate\":\"http:\/\/www.reconoce.mx\/?s={search_term_string}\"},\"query-input\":{\"@type\":\"PropertyValueSpecification\",\"valueRequired\":true,\"valueName\":\"search_term_string\"}}],\"inLanguage\":\"es\"},{\"@type\":\"Organization\",\"@id\":\"http:\/\/www.reconoce.mx\/#organization\",\"name\":\"Reconoce MX\",\"url\":\"http:\/\/www.reconoce.mx\/\",\"logo\":{\"@type\":\"ImageObject\",\"inLanguage\":\"es\",\"@id\":\"http:\/\/www.reconoce.mx\/#\/schema\/logo\/image\/\",\"url\":\"https:\/\/www.reconoce.mx\/wp-content\/uploads\/2019\/03\/logorcmx-good-1.png\",\"contentUrl\":\"https:\/\/www.reconoce.mx\/wp-content\/uploads\/2019\/03\/logorcmx-good-1.png\",\"width\":280,\"height\":90,\"caption\":\"Reconoce MX\"},\"image\":{\"@id\":\"http:\/\/www.reconoce.mx\/#\/schema\/logo\/image\/\"},\"sameAs\":[\"https:\/\/es-la.facebook.com\/ReconoceMX\/\",\"https:\/\/x.com\/reconocemx\",\"http:\/\/@reconocemx\"]},{\"@type\":\"Person\",\"@id\":\"http:\/\/www.reconoce.mx\/#\/schema\/person\/2117e997d7051dc15d6880eaf9bca0b2\",\"name\":\"Reconoce MX\",\"image\":{\"@type\":\"ImageObject\",\"inLanguage\":\"es\",\"@id\":\"http:\/\/www.reconoce.mx\/#\/schema\/person\/image\/\",\"url\":\"https:\/\/secure.gravatar.com\/avatar\/6c8d4dc7569ca1c90c5fdcc349f839d5ddef6fe1e70b4337ead2ef1a4c43fc3a?s=96&d=identicon&r=g\",\"contentUrl\":\"https:\/\/secure.gravatar.com\/avatar\/6c8d4dc7569ca1c90c5fdcc349f839d5ddef6fe1e70b4337ead2ef1a4c43fc3a?s=96&d=identicon&r=g\",\"caption\":\"Reconoce MX\"},\"description\":\"Reconoce MX es un proyecto de difusi\u00f3n art\u00edstica, cultural y de conciencia social que est\u00e1 enfocado a difundir y fomentar el entretenimiento alternativo de calidad para todo el p\u00fablico que comparta el mismo entusiasmo.\",\"sameAs\":[\"http:\/\/www.reconoce.mx\"],\"url\":\"http:\/\/www.reconoce.mx\/?author=2\"}]}<\/script>\n<!-- \/ Yoast SEO plugin. -->","yoast_head_json":{"title":"Lunes musical: 'El viaje', de Habitantes &#171; Reconoce MX","robots":{"index":"index","follow":"follow","max-snippet":"max-snippet:-1","max-image-preview":"max-image-preview:large","max-video-preview":"max-video-preview:-1"},"canonical":"http:\/\/www.reconoce.mx\/?p=24501","og_locale":"es_ES","og_type":"article","og_title":"Lunes musical: 'El viaje', de Habitantes &#171; Reconoce MX","og_description":"Lunes de puente, pero no por ello, lunes sin m\u00fasica nueva hecha 100% en M\u00e9xico. Toca el turno de una banda de la siempre prol\u00edfica Guadalajara, Jalisco; un proyecto joven iniciado a finales de 2011.","og_url":"http:\/\/www.reconoce.mx\/?p=24501","og_site_name":"Reconoce MX","article_publisher":"https:\/\/es-la.facebook.com\/ReconoceMX\/","article_published_time":"2013-11-12T07:00:07+00:00","article_modified_time":"2013-11-20T11:41:29+00:00","og_image":[{"width":649,"height":301,"url":"http:\/\/www.reconoce.mx\/wp-content\/uploads\/habitantes.png","type":"image\/png"}],"author":"Reconoce MX","twitter_card":"summary_large_image","twitter_creator":"@reconocemx","twitter_site":"@reconocemx","twitter_misc":{"Escrito por":"Reconoce MX","Tiempo de lectura":"1 minuto"},"schema":{"@context":"https:\/\/schema.org","@graph":[{"@type":"Article","@id":"http:\/\/www.reconoce.mx\/?p=24501#article","isPartOf":{"@id":"http:\/\/www.reconoce.mx\/?p=24501"},"author":{"name":"Reconoce MX","@id":"http:\/\/www.reconoce.mx\/#\/schema\/person\/2117e997d7051dc15d6880eaf9bca0b2"},"headline":"Lunes musical: &#8216;El viaje&#8217;, de Habitantes","datePublished":"2013-11-12T07:00:07+00:00","dateModified":"2013-11-20T11:41:29+00:00","mainEntityOfPage":{"@id":"http:\/\/www.reconoce.mx\/?p=24501"},"wordCount":217,"commentCount":0,"publisher":{"@id":"http:\/\/www.reconoce.mx\/#organization"},"image":{"@id":"http:\/\/www.reconoce.mx\/?p=24501#primaryimage"},"thumbnailUrl":"http:\/\/www.reconoce.mx\/wp-content\/uploads\/habitantes.png","articleSection":["Cultura","Lunes musical","M\u00fasica"],"inLanguage":"es","potentialAction":[{"@type":"CommentAction","name":"Comment","target":["http:\/\/www.reconoce.mx\/?p=24501#respond"]}]},{"@type":"WebPage","@id":"http:\/\/www.reconoce.mx\/?p=24501","url":"http:\/\/www.reconoce.mx\/?p=24501","name":"Lunes musical: 'El viaje', de Habitantes &#171; Reconoce MX","isPartOf":{"@id":"http:\/\/www.reconoce.mx\/#website"},"primaryImageOfPage":{"@id":"http:\/\/www.reconoce.mx\/?p=24501#primaryimage"},"image":{"@id":"http:\/\/www.reconoce.mx\/?p=24501#primaryimage"},"thumbnailUrl":"http:\/\/www.reconoce.mx\/wp-content\/uploads\/habitantes.png","datePublished":"2013-11-12T07:00:07+00:00","dateModified":"2013-11-20T11:41:29+00:00","breadcrumb":{"@id":"http:\/\/www.reconoce.mx\/?p=24501#breadcrumb"},"inLanguage":"es","potentialAction":[{"@type":"ReadAction","target":["http:\/\/www.reconoce.mx\/?p=24501"]}]},{"@type":"ImageObject","inLanguage":"es","@id":"http:\/\/www.reconoce.mx\/?p=24501#primaryimage","url":"http:\/\/www.reconoce.mx\/wp-content\/uploads\/habitantes.png","contentUrl":"http:\/\/www.reconoce.mx\/wp-content\/uploads\/habitantes.png","width":649,"height":301,"caption":"Lunes musical: 'El viaje', de Habitantes."},{"@type":"BreadcrumbList","@id":"http:\/\/www.reconoce.mx\/?p=24501#breadcrumb","itemListElement":[{"@type":"ListItem","position":1,"name":"Portada","item":"http:\/\/www.reconoce.mx\/"},{"@type":"ListItem","position":2,"name":"Lunes musical: &#8216;El viaje&#8217;, de Habitantes"}]},{"@type":"WebSite","@id":"http:\/\/www.reconoce.mx\/#website","url":"http:\/\/www.reconoce.mx\/","name":"Reconoce MX","description":"En Reconoce MX difundimos arte, cultura y conciencia social en M\u00e9xico. Tu ciudad en otra perspectiva.","publisher":{"@id":"http:\/\/www.reconoce.mx\/#organization"},"potentialAction":[{"@type":"SearchAction","target":{"@type":"EntryPoint","urlTemplate":"http:\/\/www.reconoce.mx\/?s={search_term_string}"},"query-input":{"@type":"PropertyValueSpecification","valueRequired":true,"valueName":"search_term_string"}}],"inLanguage":"es"},{"@type":"Organization","@id":"http:\/\/www.reconoce.mx\/#organization","name":"Reconoce MX","url":"http:\/\/www.reconoce.mx\/","logo":{"@type":"ImageObject","inLanguage":"es","@id":"http:\/\/www.reconoce.mx\/#\/schema\/logo\/image\/","url":"https:\/\/www.reconoce.mx\/wp-content\/uploads\/2019\/03\/logorcmx-good-1.png","contentUrl":"https:\/\/www.reconoce.mx\/wp-content\/uploads\/2019\/03\/logorcmx-good-1.png","width":280,"height":90,"caption":"Reconoce MX"},"image":{"@id":"http:\/\/www.reconoce.mx\/#\/schema\/logo\/image\/"},"sameAs":["https:\/\/es-la.facebook.com\/ReconoceMX\/","https:\/\/x.com\/reconocemx","http:\/\/@reconocemx"]},{"@type":"Person","@id":"http:\/\/www.reconoce.mx\/#\/schema\/person\/2117e997d7051dc15d6880eaf9bca0b2","name":"Reconoce MX","image":{"@type":"ImageObject","inLanguage":"es","@id":"http:\/\/www.reconoce.mx\/#\/schema\/person\/image\/","url":"https:\/\/secure.gravatar.com\/avatar\/6c8d4dc7569ca1c90c5fdcc349f839d5ddef6fe1e70b4337ead2ef1a4c43fc3a?s=96&d=identicon&r=g","contentUrl":"https:\/\/secure.gravatar.com\/avatar\/6c8d4dc7569ca1c90c5fdcc349f839d5ddef6fe1e70b4337ead2ef1a4c43fc3a?s=96&d=identicon&r=g","caption":"Reconoce MX"},"description":"Reconoce MX es un proyecto de difusi\u00f3n art\u00edstica, cultural y de conciencia social que est\u00e1 enfocado a difundir y fomentar el entretenimiento alternativo de calidad para todo el p\u00fablico que comparta el mismo entusiasmo.","sameAs":["http:\/\/www.reconoce.mx"],"url":"http:\/\/www.reconoce.mx\/?author=2"}]}},"_links":{"self":[{"href":"http:\/\/www.reconoce.mx\/index.php?rest_route=\/wp\/v2\/posts\/24501","targetHints":{"allow":["GET"]}}],"collection":[{"href":"http:\/\/www.reconoce.mx\/index.php?rest_route=\/wp\/v2\/posts"}],"about":[{"href":"http:\/\/www.reconoce.mx\/index.php?rest_route=\/wp\/v2\/types\/post"}],"author":[{"embeddable":true,"href":"http:\/\/www.reconoce.mx\/index.php?rest_route=\/wp\/v2\/users\/2"}],"replies":[{"embeddable":true,"href":"http:\/\/www.reconoce.mx\/index.php?rest_route=%2Fwp%2Fv2%2Fcomments&post=24501"}],"version-history":[{"count":7,"href":"http:\/\/www.reconoce.mx\/index.php?rest_route=\/wp\/v2\/posts\/24501\/revisions"}],"predecessor-version":[{"id":24572,"href":"http:\/\/www.reconoce.mx\/index.php?rest_route=\/wp\/v2\/posts\/24501\/revisions\/24572"}],"wp:featuredmedia":[{"embeddable":true,"href":"http:\/\/www.reconoce.mx\/index.php?rest_route=\/wp\/v2\/media\/24502"}],"wp:attachment":[{"href":"http:\/\/www.reconoce.mx\/index.php?rest_route=%2Fwp%2Fv2%2Fmedia&parent=24501"}],"wp:term":[{"taxonomy":"category","embeddable":true,"href":"http:\/\/www.reconoce.mx\/index.php?rest_route=%2Fwp%2Fv2%2Fcategories&post=24501"},{"taxonomy":"post_tag","embeddable":true,"href":"http:\/\/www.reconoce.mx\/index.php?rest_route=%2Fwp%2Fv2%2Ftags&post=24501"}],"curies":[{"name":"wp","href":"https:\/\/api.w.org\/{rel}","templated":true}]}}