{"id":24556,"date":"2013-11-14T02:00:14","date_gmt":"2013-11-14T08:00:14","guid":{"rendered":"http:\/\/www.reconoce.mx\/?p=24556"},"modified":"2013-11-21T23:22:25","modified_gmt":"2013-11-22T05:22:25","slug":"a-la-memoria-de-ricardo-flores-magon","status":"publish","type":"post","link":"http:\/\/www.reconoce.mx\/?p=24556","title":{"rendered":"A la memoria de Ricardo Flores Mag\u00f3n"},"content":{"rendered":"<ul id=\"botones-home\">\n<li><script type=\"text\/javascript\" src=\"https:\/\/apis.google.com\/js\/plusone.js\"><\/script><g:plusone width=\"55\" height=\"20\" href=\"http:\/\/www.reconoce.mx\/a-la-memoria-de-ricardo-flores-magon\/\"><\/g:plusone><\/li>\n<li><a href=\"http:\/\/twitter.com\/share\" class=\"twitter-share-button\" data-url=\"http:\/\/www.reconoce.mx\/a-la-memoria-de-ricardo-flores-magon\/\" data-count=\"horizontal\" data-via=\"reconocemx\" data-lang=\"es\">Tweet<\/a><script type=\"text\/javascript\" src=\"http:\/\/platform.twitter.com\/widgets.js\"><\/script><\/li>\n<div class=\"fb-like\" data-href=\"http:\/\/www.reconoce.mx\/a-la-memoria-de-ricardo-flores-magon\/\" data-send=\"true\" data-width=\"450\" data-show-faces=\"true\"><\/div>\n<p><strong>Por\u00a0<a title=\"@enriquefa86\" href=\"https:\/\/twitter.com\/#%21\/enriquefa86\" target=\"_blank\">Enrique Figueroa Anaya<\/a>.<\/strong><\/p>\n<p>De todos los personajes encumbrados por la Revoluci\u00f3n mexicana, yo me quedar\u00eda con Ricardo Flores Mag\u00f3n. Se trat\u00f3 de un hombre que a trav\u00e9s de la rebeld\u00eda y el periodismo valiente, luch\u00f3 a favor de los desfavorecidos contra un sistema de gobierno que era injusto a todas luces. <strong>So\u00f1ador naci\u00f3 y so\u00f1ador muri\u00f3<\/strong>.<\/p>\n<div id=\"attachment_24557\" style=\"width: 610px\" class=\"wp-caption aligncenter\"><a href=\"http:\/\/www.reconoce.mx\/wp-content\/uploads\/rfm.png\"><img loading=\"lazy\" decoding=\"async\" aria-describedby=\"caption-attachment-24557\" class=\"size-full wp-image-24557\" alt=\"A la memoria de Ricardo Flores Mag\u00f3n.\" src=\"http:\/\/www.reconoce.mx\/wp-content\/uploads\/rfm.png\" width=\"600\" height=\"275\" \/><\/a><p id=\"caption-attachment-24557\" class=\"wp-caption-text\">A la memoria de Ricardo Flores Mag\u00f3n.<\/p><\/div>\n<p><!--more-->Sin pelos en la lengua, Ricardo alz\u00f3 la voz en San Luis Potos\u00ed, en pleno Congreso Liberal, para gritar que la administraci\u00f3n del entonces presidente, dictador Porfirio D\u00edaz, no era m\u00e1s que \u00abuna madriguera de ladrones\u00bb. Provoc\u00f3 ovaciones y esc\u00e1ndalo, tanto que <strong>tuvo que refugiarse hacia los Estados Unidos en 1904 donde se relacion\u00f3 con otros dirigentes socialistas<\/strong>.<\/p>\n<p>Regeneraci\u00f3n, uno de sus m\u00e1s importantes legados, en el mundo del periodismo, volvi\u00f3 a ver la luz el 5 de noviembre de 1904 despu\u00e9s de haber sido acallado en la ciudad de San Antonio, Texas. Refugiado, a escondidas, <strong>Ricardo se ocult\u00f3 de autoridades estadounidenses y mexicanas<\/strong>. Tem\u00eda por su vida.<\/p>\n<p>Tras la renuncia de D\u00edaz, y la presidencia de Madero, Ricardo no qued\u00f3 satisfecho. Sus nuevas cr\u00edticas se volcaron hacia Carranza y \u00e9sto le cost\u00f3 nuevas persecuciones. <strong>Siempre afirm\u00f3 que prefer\u00eda ser perseguido a traicionar a sus ideas; a su palabra<\/strong>.<\/p>\n<p>En marzo 21 de 1918 volvi\u00f3 a ser arrestado. Esta ocasi\u00f3n bajo una pena de 21 a\u00f1os. El castigo fue demasiado. Abandonado en la Isla MacNeil, Flores Mag\u00f3n vio deteriorada su salud, pero jam\u00e1s su esp\u00edritu de lucha. <strong>Se neg\u00f3 en varias ocasiones a pedir perd\u00f3n y prefiri\u00f3 luchar hasta el final<\/strong>; as\u00ed lo hizo.<\/p>\n<blockquote><p>\u201cSi alg\u00fan d\u00eda alguien pudiera convencerme de que es justo que los ni\u00f1os mueran de hambre y de que las j\u00f3venes mujeres tengan que escoger alguno de estos dos infiernos: prostituirse o morir de hambre; <strong>si la idea de que el hombre debe ser el lobo del hombre entra en mi cerebro, entonces me arrepentir\u00e9<\/strong>. Pero como esto nunca suceder\u00e1, mi suerte est\u00e1 decretada: tengo que morir en presidio marcado como un criminal\u201d.<\/p><\/blockquote>\n<p>La muerte le lleg\u00f3 el 21 de noviembre de 1922. Tras un paso por el Pante\u00f3n Franc\u00e9s, la historia le ha brindado digno homenaje; <strong>hoy sus restos descansan en la Rotonda de las Personas Ilustres<\/strong>. En la memoria retumban aquellas palabras que escribir\u00eda en una de sus tantas cartas:<\/p>\n<blockquote><p>\u00abNo sobrevivir\u00e9 a mi cautiverio, pues ya estoy viejo; pero cuando muera, mis amigos quiz\u00e1 inscriban en mi tumba \u00abAqui yace un so\u00f1ador\u00bb, y mis enemigos \u00abAqu\u00ed yace un loco\u00bb, pero <strong>no habr\u00e1 nadie que se atreva a estampar esta inscripci\u00f3n: Aqu\u00ed yace un cobarde y traidor a sus ideas<\/strong>.\u00bb<\/p><\/blockquote>\n<p>&nbsp;<\/p>\n<p>&nbsp;<\/p>\n","protected":false},"excerpt":{"rendered":"<p>De todos los personajes encumbrados por la Revoluci\u00f3n mexicana, yo me quedar\u00eda con Ricardo Flores Mag\u00f3n. Se trat\u00f3 de un hombre que luch\u00f3 a favor de los desfavorecidos.<\/p>\n","protected":false},"author":2,"featured_media":24557,"comment_status":"open","ping_status":"open","sticky":false,"template":"","format":"standard","meta":{"footnotes":""},"categories":[1,157,161],"tags":[],"class_list":["post-24556","post","type-post","status-publish","format-standard","has-post-thumbnail","hentry","category-cultura","category-historia","category-personajes"],"yoast_head":"<!-- This site is optimized with the Yoast SEO plugin v24.7 - https:\/\/yoast.com\/wordpress\/plugins\/seo\/ -->\n<title>A la memoria de Ricardo Flores Mag\u00f3n &#171; Reconoce MX<\/title>\n<meta name=\"robots\" content=\"index, follow, max-snippet:-1, max-image-preview:large, max-video-preview:-1\" \/>\n<link rel=\"canonical\" href=\"https:\/\/www.reconoce.mx\/?p=24556\" \/>\n<meta property=\"og:locale\" content=\"es_ES\" \/>\n<meta property=\"og:type\" content=\"article\" \/>\n<meta property=\"og:title\" content=\"A la memoria de Ricardo Flores Mag\u00f3n &#171; Reconoce MX\" \/>\n<meta property=\"og:description\" content=\"De todos los personajes encumbrados por la Revoluci\u00f3n mexicana, yo me quedar\u00eda con Ricardo Flores Mag\u00f3n. Se trat\u00f3 de un hombre que luch\u00f3 a favor de los desfavorecidos.\" \/>\n<meta property=\"og:url\" content=\"https:\/\/www.reconoce.mx\/?p=24556\" \/>\n<meta property=\"og:site_name\" content=\"Reconoce MX\" \/>\n<meta property=\"article:publisher\" content=\"https:\/\/es-la.facebook.com\/ReconoceMX\/\" \/>\n<meta property=\"article:published_time\" content=\"2013-11-14T08:00:14+00:00\" \/>\n<meta property=\"article:modified_time\" content=\"2013-11-22T05:22:25+00:00\" \/>\n<meta property=\"og:image\" content=\"https:\/\/www.reconoce.mx\/wp-content\/uploads\/rfm.png\" \/>\n\t<meta property=\"og:image:width\" content=\"649\" \/>\n\t<meta property=\"og:image:height\" content=\"301\" \/>\n\t<meta property=\"og:image:type\" content=\"image\/png\" \/>\n<meta name=\"author\" content=\"Reconoce MX\" \/>\n<meta name=\"twitter:card\" content=\"summary_large_image\" \/>\n<meta name=\"twitter:creator\" content=\"@reconocemx\" \/>\n<meta name=\"twitter:site\" content=\"@reconocemx\" \/>\n<meta name=\"twitter:label1\" content=\"Escrito por\" \/>\n\t<meta name=\"twitter:data1\" content=\"Reconoce MX\" \/>\n\t<meta name=\"twitter:label2\" content=\"Tiempo de lectura\" \/>\n\t<meta name=\"twitter:data2\" content=\"2 minutos\" \/>\n<script type=\"application\/ld+json\" class=\"yoast-schema-graph\">{\"@context\":\"https:\/\/schema.org\",\"@graph\":[{\"@type\":\"Article\",\"@id\":\"https:\/\/www.reconoce.mx\/?p=24556#article\",\"isPartOf\":{\"@id\":\"https:\/\/www.reconoce.mx\/?p=24556\"},\"author\":{\"name\":\"Reconoce MX\",\"@id\":\"http:\/\/www.reconoce.mx\/#\/schema\/person\/2117e997d7051dc15d6880eaf9bca0b2\"},\"headline\":\"A la memoria de Ricardo Flores Mag\u00f3n\",\"datePublished\":\"2013-11-14T08:00:14+00:00\",\"dateModified\":\"2013-11-22T05:22:25+00:00\",\"mainEntityOfPage\":{\"@id\":\"https:\/\/www.reconoce.mx\/?p=24556\"},\"wordCount\":484,\"commentCount\":0,\"publisher\":{\"@id\":\"http:\/\/www.reconoce.mx\/#organization\"},\"image\":{\"@id\":\"https:\/\/www.reconoce.mx\/?p=24556#primaryimage\"},\"thumbnailUrl\":\"http:\/\/www.reconoce.mx\/wp-content\/uploads\/rfm.png\",\"articleSection\":[\"Cultura\",\"Historia\",\"Personajes\"],\"inLanguage\":\"es\",\"potentialAction\":[{\"@type\":\"CommentAction\",\"name\":\"Comment\",\"target\":[\"https:\/\/www.reconoce.mx\/?p=24556#respond\"]}]},{\"@type\":\"WebPage\",\"@id\":\"https:\/\/www.reconoce.mx\/?p=24556\",\"url\":\"https:\/\/www.reconoce.mx\/?p=24556\",\"name\":\"A la memoria de Ricardo Flores Mag\u00f3n &#171; Reconoce MX\",\"isPartOf\":{\"@id\":\"http:\/\/www.reconoce.mx\/#website\"},\"primaryImageOfPage\":{\"@id\":\"https:\/\/www.reconoce.mx\/?p=24556#primaryimage\"},\"image\":{\"@id\":\"https:\/\/www.reconoce.mx\/?p=24556#primaryimage\"},\"thumbnailUrl\":\"http:\/\/www.reconoce.mx\/wp-content\/uploads\/rfm.png\",\"datePublished\":\"2013-11-14T08:00:14+00:00\",\"dateModified\":\"2013-11-22T05:22:25+00:00\",\"breadcrumb\":{\"@id\":\"https:\/\/www.reconoce.mx\/?p=24556#breadcrumb\"},\"inLanguage\":\"es\",\"potentialAction\":[{\"@type\":\"ReadAction\",\"target\":[\"https:\/\/www.reconoce.mx\/?p=24556\"]}]},{\"@type\":\"ImageObject\",\"inLanguage\":\"es\",\"@id\":\"https:\/\/www.reconoce.mx\/?p=24556#primaryimage\",\"url\":\"http:\/\/www.reconoce.mx\/wp-content\/uploads\/rfm.png\",\"contentUrl\":\"http:\/\/www.reconoce.mx\/wp-content\/uploads\/rfm.png\",\"width\":649,\"height\":301,\"caption\":\"A la memoria de Ricardo Flores Mag\u00f3n.\"},{\"@type\":\"BreadcrumbList\",\"@id\":\"https:\/\/www.reconoce.mx\/?p=24556#breadcrumb\",\"itemListElement\":[{\"@type\":\"ListItem\",\"position\":1,\"name\":\"Portada\",\"item\":\"http:\/\/www.reconoce.mx\/\"},{\"@type\":\"ListItem\",\"position\":2,\"name\":\"A la memoria de Ricardo Flores Mag\u00f3n\"}]},{\"@type\":\"WebSite\",\"@id\":\"http:\/\/www.reconoce.mx\/#website\",\"url\":\"http:\/\/www.reconoce.mx\/\",\"name\":\"Reconoce MX\",\"description\":\"En Reconoce MX difundimos arte, cultura y conciencia social en M\u00e9xico. Tu ciudad en otra perspectiva.\",\"publisher\":{\"@id\":\"http:\/\/www.reconoce.mx\/#organization\"},\"potentialAction\":[{\"@type\":\"SearchAction\",\"target\":{\"@type\":\"EntryPoint\",\"urlTemplate\":\"http:\/\/www.reconoce.mx\/?s={search_term_string}\"},\"query-input\":{\"@type\":\"PropertyValueSpecification\",\"valueRequired\":true,\"valueName\":\"search_term_string\"}}],\"inLanguage\":\"es\"},{\"@type\":\"Organization\",\"@id\":\"http:\/\/www.reconoce.mx\/#organization\",\"name\":\"Reconoce MX\",\"url\":\"http:\/\/www.reconoce.mx\/\",\"logo\":{\"@type\":\"ImageObject\",\"inLanguage\":\"es\",\"@id\":\"http:\/\/www.reconoce.mx\/#\/schema\/logo\/image\/\",\"url\":\"https:\/\/www.reconoce.mx\/wp-content\/uploads\/2019\/03\/logorcmx-good-1.png\",\"contentUrl\":\"https:\/\/www.reconoce.mx\/wp-content\/uploads\/2019\/03\/logorcmx-good-1.png\",\"width\":280,\"height\":90,\"caption\":\"Reconoce MX\"},\"image\":{\"@id\":\"http:\/\/www.reconoce.mx\/#\/schema\/logo\/image\/\"},\"sameAs\":[\"https:\/\/es-la.facebook.com\/ReconoceMX\/\",\"https:\/\/x.com\/reconocemx\",\"http:\/\/@reconocemx\"]},{\"@type\":\"Person\",\"@id\":\"http:\/\/www.reconoce.mx\/#\/schema\/person\/2117e997d7051dc15d6880eaf9bca0b2\",\"name\":\"Reconoce MX\",\"image\":{\"@type\":\"ImageObject\",\"inLanguage\":\"es\",\"@id\":\"http:\/\/www.reconoce.mx\/#\/schema\/person\/image\/\",\"url\":\"https:\/\/secure.gravatar.com\/avatar\/6c8d4dc7569ca1c90c5fdcc349f839d5ddef6fe1e70b4337ead2ef1a4c43fc3a?s=96&d=identicon&r=g\",\"contentUrl\":\"https:\/\/secure.gravatar.com\/avatar\/6c8d4dc7569ca1c90c5fdcc349f839d5ddef6fe1e70b4337ead2ef1a4c43fc3a?s=96&d=identicon&r=g\",\"caption\":\"Reconoce MX\"},\"description\":\"Reconoce MX es un proyecto de difusi\u00f3n art\u00edstica, cultural y de conciencia social que est\u00e1 enfocado a difundir y fomentar el entretenimiento alternativo de calidad para todo el p\u00fablico que comparta el mismo entusiasmo.\",\"sameAs\":[\"http:\/\/www.reconoce.mx\"],\"url\":\"http:\/\/www.reconoce.mx\/?author=2\"}]}<\/script>\n<!-- \/ Yoast SEO plugin. -->","yoast_head_json":{"title":"A la memoria de Ricardo Flores Mag\u00f3n &#171; Reconoce MX","robots":{"index":"index","follow":"follow","max-snippet":"max-snippet:-1","max-image-preview":"max-image-preview:large","max-video-preview":"max-video-preview:-1"},"canonical":"https:\/\/www.reconoce.mx\/?p=24556","og_locale":"es_ES","og_type":"article","og_title":"A la memoria de Ricardo Flores Mag\u00f3n &#171; Reconoce MX","og_description":"De todos los personajes encumbrados por la Revoluci\u00f3n mexicana, yo me quedar\u00eda con Ricardo Flores Mag\u00f3n. Se trat\u00f3 de un hombre que luch\u00f3 a favor de los desfavorecidos.","og_url":"https:\/\/www.reconoce.mx\/?p=24556","og_site_name":"Reconoce MX","article_publisher":"https:\/\/es-la.facebook.com\/ReconoceMX\/","article_published_time":"2013-11-14T08:00:14+00:00","article_modified_time":"2013-11-22T05:22:25+00:00","og_image":[{"width":649,"height":301,"url":"https:\/\/www.reconoce.mx\/wp-content\/uploads\/rfm.png","type":"image\/png"}],"author":"Reconoce MX","twitter_card":"summary_large_image","twitter_creator":"@reconocemx","twitter_site":"@reconocemx","twitter_misc":{"Escrito por":"Reconoce MX","Tiempo de lectura":"2 minutos"},"schema":{"@context":"https:\/\/schema.org","@graph":[{"@type":"Article","@id":"https:\/\/www.reconoce.mx\/?p=24556#article","isPartOf":{"@id":"https:\/\/www.reconoce.mx\/?p=24556"},"author":{"name":"Reconoce MX","@id":"http:\/\/www.reconoce.mx\/#\/schema\/person\/2117e997d7051dc15d6880eaf9bca0b2"},"headline":"A la memoria de Ricardo Flores Mag\u00f3n","datePublished":"2013-11-14T08:00:14+00:00","dateModified":"2013-11-22T05:22:25+00:00","mainEntityOfPage":{"@id":"https:\/\/www.reconoce.mx\/?p=24556"},"wordCount":484,"commentCount":0,"publisher":{"@id":"http:\/\/www.reconoce.mx\/#organization"},"image":{"@id":"https:\/\/www.reconoce.mx\/?p=24556#primaryimage"},"thumbnailUrl":"http:\/\/www.reconoce.mx\/wp-content\/uploads\/rfm.png","articleSection":["Cultura","Historia","Personajes"],"inLanguage":"es","potentialAction":[{"@type":"CommentAction","name":"Comment","target":["https:\/\/www.reconoce.mx\/?p=24556#respond"]}]},{"@type":"WebPage","@id":"https:\/\/www.reconoce.mx\/?p=24556","url":"https:\/\/www.reconoce.mx\/?p=24556","name":"A la memoria de Ricardo Flores Mag\u00f3n &#171; Reconoce MX","isPartOf":{"@id":"http:\/\/www.reconoce.mx\/#website"},"primaryImageOfPage":{"@id":"https:\/\/www.reconoce.mx\/?p=24556#primaryimage"},"image":{"@id":"https:\/\/www.reconoce.mx\/?p=24556#primaryimage"},"thumbnailUrl":"http:\/\/www.reconoce.mx\/wp-content\/uploads\/rfm.png","datePublished":"2013-11-14T08:00:14+00:00","dateModified":"2013-11-22T05:22:25+00:00","breadcrumb":{"@id":"https:\/\/www.reconoce.mx\/?p=24556#breadcrumb"},"inLanguage":"es","potentialAction":[{"@type":"ReadAction","target":["https:\/\/www.reconoce.mx\/?p=24556"]}]},{"@type":"ImageObject","inLanguage":"es","@id":"https:\/\/www.reconoce.mx\/?p=24556#primaryimage","url":"http:\/\/www.reconoce.mx\/wp-content\/uploads\/rfm.png","contentUrl":"http:\/\/www.reconoce.mx\/wp-content\/uploads\/rfm.png","width":649,"height":301,"caption":"A la memoria de Ricardo Flores Mag\u00f3n."},{"@type":"BreadcrumbList","@id":"https:\/\/www.reconoce.mx\/?p=24556#breadcrumb","itemListElement":[{"@type":"ListItem","position":1,"name":"Portada","item":"http:\/\/www.reconoce.mx\/"},{"@type":"ListItem","position":2,"name":"A la memoria de Ricardo Flores Mag\u00f3n"}]},{"@type":"WebSite","@id":"http:\/\/www.reconoce.mx\/#website","url":"http:\/\/www.reconoce.mx\/","name":"Reconoce MX","description":"En Reconoce MX difundimos arte, cultura y conciencia social en M\u00e9xico. Tu ciudad en otra perspectiva.","publisher":{"@id":"http:\/\/www.reconoce.mx\/#organization"},"potentialAction":[{"@type":"SearchAction","target":{"@type":"EntryPoint","urlTemplate":"http:\/\/www.reconoce.mx\/?s={search_term_string}"},"query-input":{"@type":"PropertyValueSpecification","valueRequired":true,"valueName":"search_term_string"}}],"inLanguage":"es"},{"@type":"Organization","@id":"http:\/\/www.reconoce.mx\/#organization","name":"Reconoce MX","url":"http:\/\/www.reconoce.mx\/","logo":{"@type":"ImageObject","inLanguage":"es","@id":"http:\/\/www.reconoce.mx\/#\/schema\/logo\/image\/","url":"https:\/\/www.reconoce.mx\/wp-content\/uploads\/2019\/03\/logorcmx-good-1.png","contentUrl":"https:\/\/www.reconoce.mx\/wp-content\/uploads\/2019\/03\/logorcmx-good-1.png","width":280,"height":90,"caption":"Reconoce MX"},"image":{"@id":"http:\/\/www.reconoce.mx\/#\/schema\/logo\/image\/"},"sameAs":["https:\/\/es-la.facebook.com\/ReconoceMX\/","https:\/\/x.com\/reconocemx","http:\/\/@reconocemx"]},{"@type":"Person","@id":"http:\/\/www.reconoce.mx\/#\/schema\/person\/2117e997d7051dc15d6880eaf9bca0b2","name":"Reconoce MX","image":{"@type":"ImageObject","inLanguage":"es","@id":"http:\/\/www.reconoce.mx\/#\/schema\/person\/image\/","url":"https:\/\/secure.gravatar.com\/avatar\/6c8d4dc7569ca1c90c5fdcc349f839d5ddef6fe1e70b4337ead2ef1a4c43fc3a?s=96&d=identicon&r=g","contentUrl":"https:\/\/secure.gravatar.com\/avatar\/6c8d4dc7569ca1c90c5fdcc349f839d5ddef6fe1e70b4337ead2ef1a4c43fc3a?s=96&d=identicon&r=g","caption":"Reconoce MX"},"description":"Reconoce MX es un proyecto de difusi\u00f3n art\u00edstica, cultural y de conciencia social que est\u00e1 enfocado a difundir y fomentar el entretenimiento alternativo de calidad para todo el p\u00fablico que comparta el mismo entusiasmo.","sameAs":["http:\/\/www.reconoce.mx"],"url":"http:\/\/www.reconoce.mx\/?author=2"}]}},"_links":{"self":[{"href":"http:\/\/www.reconoce.mx\/index.php?rest_route=\/wp\/v2\/posts\/24556","targetHints":{"allow":["GET"]}}],"collection":[{"href":"http:\/\/www.reconoce.mx\/index.php?rest_route=\/wp\/v2\/posts"}],"about":[{"href":"http:\/\/www.reconoce.mx\/index.php?rest_route=\/wp\/v2\/types\/post"}],"author":[{"embeddable":true,"href":"http:\/\/www.reconoce.mx\/index.php?rest_route=\/wp\/v2\/users\/2"}],"replies":[{"embeddable":true,"href":"http:\/\/www.reconoce.mx\/index.php?rest_route=%2Fwp%2Fv2%2Fcomments&post=24556"}],"version-history":[{"count":9,"href":"http:\/\/www.reconoce.mx\/index.php?rest_route=\/wp\/v2\/posts\/24556\/revisions"}],"predecessor-version":[{"id":24653,"href":"http:\/\/www.reconoce.mx\/index.php?rest_route=\/wp\/v2\/posts\/24556\/revisions\/24653"}],"wp:featuredmedia":[{"embeddable":true,"href":"http:\/\/www.reconoce.mx\/index.php?rest_route=\/wp\/v2\/media\/24557"}],"wp:attachment":[{"href":"http:\/\/www.reconoce.mx\/index.php?rest_route=%2Fwp%2Fv2%2Fmedia&parent=24556"}],"wp:term":[{"taxonomy":"category","embeddable":true,"href":"http:\/\/www.reconoce.mx\/index.php?rest_route=%2Fwp%2Fv2%2Fcategories&post=24556"},{"taxonomy":"post_tag","embeddable":true,"href":"http:\/\/www.reconoce.mx\/index.php?rest_route=%2Fwp%2Fv2%2Ftags&post=24556"}],"curies":[{"name":"wp","href":"https:\/\/api.w.org\/{rel}","templated":true}]}}