{"id":24576,"date":"2013-11-15T03:00:44","date_gmt":"2013-11-15T09:00:44","guid":{"rendered":"http:\/\/www.reconoce.mx\/?p=24576"},"modified":"2013-11-24T21:09:11","modified_gmt":"2013-11-25T03:09:11","slug":"el-cascanueces-en-el-teatro-de-la-juventud","status":"publish","type":"post","link":"http:\/\/www.reconoce.mx\/?p=24576","title":{"rendered":"El Cascanueces en el Teatro de la Juventud"},"content":{"rendered":"<ul id=\"botones-home\">\n<li><script type=\"text\/javascript\" src=\"https:\/\/apis.google.com\/js\/plusone.js\"><\/script><g:plusone width=\"55\" height=\"20\" href=\"http:\/\/www.reconoce.mx\/el-cascanueces-en-el-teatro-de-la-juventud\/\"><\/g:plusone><\/li>\n<li><a href=\"http:\/\/twitter.com\/share\" class=\"twitter-share-button\" data-url=\"http:\/\/www.reconoce.mx\/el-cascanueces-en-el-teatro-de-la-juventud\/\" data-count=\"horizontal\" data-via=\"reconocemx\" data-lang=\"es\">Tweet<\/a><script type=\"text\/javascript\" src=\"http:\/\/platform.twitter.com\/widgets.js\"><\/script><\/li>\n<div class=\"fb-like\" data-href=\"http:\/\/www.reconoce.mx\/el-cascanueces-en-el-teatro-de-la-juventud\/\" data-send=\"true\" data-width=\"450\" data-show-faces=\"true\"><\/div>\n<p><strong>Por\u00a0<a title=\"@enriquefa86\" href=\"https:\/\/twitter.com\/#%21\/enriquefa86\" target=\"_blank\">Enrique Figueroa Anaya<\/a>.<\/strong><\/p>\n<p>El Teatro de La Juventud recibir\u00e1, los d\u00edas domingo 24, s\u00e1bado 30 de noviembre y domingo 1 de diciembre en punto de las 17:00 horas, por quinta ocasi\u00f3n el ballet cl\u00e1sico <em>El Cascanueces<\/em>. <strong>La obra cl\u00e1sica de E. T. A. Hoffman se representar\u00e1 con 111 bailarines y 70 m\u00fasicos con apoyo de la Academia de Danza Mexicana, la OFIA, CONACULTA y el INBA<\/strong>.<\/p>\n<div id=\"attachment_24579\" style=\"width: 636px\" class=\"wp-caption aligncenter\"><a href=\"http:\/\/www.reconoce.mx\/wp-content\/uploads\/arte-cascanueces-2013.jpg\"><img loading=\"lazy\" decoding=\"async\" aria-describedby=\"caption-attachment-24579\" class=\"size-large wp-image-24579\" alt=\"El Cascanueces en el Teatro de la Juventud.\" src=\"http:\/\/www.reconoce.mx\/wp-content\/uploads\/arte-cascanueces-2013-626x1024.jpg\" width=\"626\" height=\"1024\" srcset=\"http:\/\/www.reconoce.mx\/wp-content\/uploads\/arte-cascanueces-2013-626x1024.jpg 626w, http:\/\/www.reconoce.mx\/wp-content\/uploads\/arte-cascanueces-2013-184x300.jpg 184w, http:\/\/www.reconoce.mx\/wp-content\/uploads\/arte-cascanueces-2013.jpg 1320w\" sizes=\"auto, (max-width: 626px) 100vw, 626px\" \/><\/a><p id=\"caption-attachment-24579\" class=\"wp-caption-text\">El Cascanueces en el Teatro de la Juventud.<\/p><\/div>\n<p><!--more-->La <strong>Orquesta Filarm\u00f3nica de las Artes<\/strong> es una organizaci\u00f3n independiente creada en 2007. Desde entonces ha buscado innovar en la forma de hacer su m\u00fasica, enfoc\u00e1ndose en un repertorio que incluye \u00f3pera y ballet; de esta manera, se permite la participaci\u00f3n en proyectos multidisciplinarios, sin olvidar la m\u00fasica de sinf\u00f3nica.<\/p>\n<p>La Orquesta <strong>ha compartido escenario con artistas de la talla de<\/strong> Amelia Sierra, Jorge Maciel, Ema Elena Valdemar, Paquita la del Barrio, Jorge Massias, Myrza Maldonado, Isaac Ba\u00f1uelos, Manuel Herrera Maldonado, y agrupaciones como el Coro de la Secretar\u00eda de Defensa Nacional, la Academia de Danza Mexicana, y el Ballet Cl\u00e1sico de la sala Ollin Yolitztli.<\/p>\n<p>Por su parte la <strong>Academia de la Danza Mexicana<\/strong> fue fundada en 1947 como iniciativa de las core\u00f3grafas Guillermina Bravo y Ana M\u00e9rida. La l\u00ednea de trabajo de la Academia vincula la tradici\u00f3n con las nuevas corrientes art\u00edsticas y de la danza. Busca ser una instituci\u00f3n educativa profesional que promueva la valoraci\u00f3n y difusi\u00f3n de diversas expresiones art\u00edsticas y culturales; dentro y fuera de M\u00e9xico.<\/p>\n<p><strong><em>El Cascanueces<\/em> se presentar\u00e1 en el Teatro de La Juventud<\/strong> el domingo 24, s\u00e1bado 30 de noviembre y domingo 1 de diciembre a las 17:00 horas. (Calle 10 s\/n, Col. Tolteca, Delegaci\u00f3n \u00c1lvaro Obreg\u00f3n).<\/p>\n<p>&nbsp;<\/p>\n<p>&nbsp;<\/p>\n","protected":false},"excerpt":{"rendered":"<p>El Teatro de La Juventud recibir\u00e1, los d\u00edas domingo 24, s\u00e1bado 30 de noviembre y domingo 1 de diciembre en punto de las 17:00 horas, por quinta ocasi\u00f3n el ballet cl\u00e1sico El Cascanueces. <\/p>\n","protected":false},"author":2,"featured_media":24578,"comment_status":"open","ping_status":"open","sticky":false,"template":"","format":"standard","meta":{"footnotes":""},"categories":[1,112],"tags":[],"class_list":["post-24576","post","type-post","status-publish","format-standard","has-post-thumbnail","hentry","category-cultura","category-danza"],"yoast_head":"<!-- This site is optimized with the Yoast SEO plugin v24.7 - https:\/\/yoast.com\/wordpress\/plugins\/seo\/ -->\n<title>El Cascanueces en el Teatro de la Juventud &#171; Reconoce MX<\/title>\n<meta name=\"robots\" content=\"index, follow, max-snippet:-1, max-image-preview:large, max-video-preview:-1\" \/>\n<link rel=\"canonical\" href=\"https:\/\/www.reconoce.mx\/?p=24576\" \/>\n<meta property=\"og:locale\" content=\"es_ES\" \/>\n<meta property=\"og:type\" content=\"article\" \/>\n<meta property=\"og:title\" content=\"El Cascanueces en el Teatro de la Juventud &#171; Reconoce MX\" \/>\n<meta property=\"og:description\" content=\"El Teatro de La Juventud recibir\u00e1, los d\u00edas domingo 24, s\u00e1bado 30 de noviembre y domingo 1 de diciembre en punto de las 17:00 horas, por quinta ocasi\u00f3n el ballet cl\u00e1sico El Cascanueces.\" \/>\n<meta property=\"og:url\" content=\"https:\/\/www.reconoce.mx\/?p=24576\" \/>\n<meta property=\"og:site_name\" content=\"Reconoce MX\" \/>\n<meta property=\"article:publisher\" content=\"https:\/\/es-la.facebook.com\/ReconoceMX\/\" \/>\n<meta property=\"article:published_time\" content=\"2013-11-15T09:00:44+00:00\" \/>\n<meta property=\"article:modified_time\" content=\"2013-11-25T03:09:11+00:00\" \/>\n<meta property=\"og:image\" content=\"https:\/\/www.reconoce.mx\/wp-content\/uploads\/cascanueces1.png\" \/>\n\t<meta property=\"og:image:width\" content=\"649\" \/>\n\t<meta property=\"og:image:height\" content=\"301\" \/>\n\t<meta property=\"og:image:type\" content=\"image\/png\" \/>\n<meta name=\"author\" content=\"Reconoce MX\" \/>\n<meta name=\"twitter:card\" content=\"summary_large_image\" \/>\n<meta name=\"twitter:creator\" content=\"@reconocemx\" \/>\n<meta name=\"twitter:site\" content=\"@reconocemx\" \/>\n<meta name=\"twitter:label1\" content=\"Escrito por\" \/>\n\t<meta name=\"twitter:data1\" content=\"Reconoce MX\" \/>\n\t<meta name=\"twitter:label2\" content=\"Tiempo de lectura\" \/>\n\t<meta name=\"twitter:data2\" content=\"2 minutos\" \/>\n<script type=\"application\/ld+json\" class=\"yoast-schema-graph\">{\"@context\":\"https:\/\/schema.org\",\"@graph\":[{\"@type\":\"Article\",\"@id\":\"https:\/\/www.reconoce.mx\/?p=24576#article\",\"isPartOf\":{\"@id\":\"https:\/\/www.reconoce.mx\/?p=24576\"},\"author\":{\"name\":\"Reconoce MX\",\"@id\":\"http:\/\/www.reconoce.mx\/#\/schema\/person\/2117e997d7051dc15d6880eaf9bca0b2\"},\"headline\":\"El Cascanueces en el Teatro de la Juventud\",\"datePublished\":\"2013-11-15T09:00:44+00:00\",\"dateModified\":\"2013-11-25T03:09:11+00:00\",\"mainEntityOfPage\":{\"@id\":\"https:\/\/www.reconoce.mx\/?p=24576\"},\"wordCount\":315,\"commentCount\":0,\"publisher\":{\"@id\":\"http:\/\/www.reconoce.mx\/#organization\"},\"image\":{\"@id\":\"https:\/\/www.reconoce.mx\/?p=24576#primaryimage\"},\"thumbnailUrl\":\"http:\/\/www.reconoce.mx\/wp-content\/uploads\/cascanueces1.png\",\"articleSection\":[\"Cultura\",\"Danza\"],\"inLanguage\":\"es\",\"potentialAction\":[{\"@type\":\"CommentAction\",\"name\":\"Comment\",\"target\":[\"https:\/\/www.reconoce.mx\/?p=24576#respond\"]}]},{\"@type\":\"WebPage\",\"@id\":\"https:\/\/www.reconoce.mx\/?p=24576\",\"url\":\"https:\/\/www.reconoce.mx\/?p=24576\",\"name\":\"El Cascanueces en el Teatro de la Juventud &#171; Reconoce MX\",\"isPartOf\":{\"@id\":\"http:\/\/www.reconoce.mx\/#website\"},\"primaryImageOfPage\":{\"@id\":\"https:\/\/www.reconoce.mx\/?p=24576#primaryimage\"},\"image\":{\"@id\":\"https:\/\/www.reconoce.mx\/?p=24576#primaryimage\"},\"thumbnailUrl\":\"http:\/\/www.reconoce.mx\/wp-content\/uploads\/cascanueces1.png\",\"datePublished\":\"2013-11-15T09:00:44+00:00\",\"dateModified\":\"2013-11-25T03:09:11+00:00\",\"breadcrumb\":{\"@id\":\"https:\/\/www.reconoce.mx\/?p=24576#breadcrumb\"},\"inLanguage\":\"es\",\"potentialAction\":[{\"@type\":\"ReadAction\",\"target\":[\"https:\/\/www.reconoce.mx\/?p=24576\"]}]},{\"@type\":\"ImageObject\",\"inLanguage\":\"es\",\"@id\":\"https:\/\/www.reconoce.mx\/?p=24576#primaryimage\",\"url\":\"http:\/\/www.reconoce.mx\/wp-content\/uploads\/cascanueces1.png\",\"contentUrl\":\"http:\/\/www.reconoce.mx\/wp-content\/uploads\/cascanueces1.png\",\"width\":649,\"height\":301,\"caption\":\"El Cascanueces en el Teatro de la Juventud.\"},{\"@type\":\"BreadcrumbList\",\"@id\":\"https:\/\/www.reconoce.mx\/?p=24576#breadcrumb\",\"itemListElement\":[{\"@type\":\"ListItem\",\"position\":1,\"name\":\"Portada\",\"item\":\"http:\/\/www.reconoce.mx\/\"},{\"@type\":\"ListItem\",\"position\":2,\"name\":\"El Cascanueces en el Teatro de la Juventud\"}]},{\"@type\":\"WebSite\",\"@id\":\"http:\/\/www.reconoce.mx\/#website\",\"url\":\"http:\/\/www.reconoce.mx\/\",\"name\":\"Reconoce MX\",\"description\":\"En Reconoce MX difundimos arte, cultura y conciencia social en M\u00e9xico. Tu ciudad en otra perspectiva.\",\"publisher\":{\"@id\":\"http:\/\/www.reconoce.mx\/#organization\"},\"potentialAction\":[{\"@type\":\"SearchAction\",\"target\":{\"@type\":\"EntryPoint\",\"urlTemplate\":\"http:\/\/www.reconoce.mx\/?s={search_term_string}\"},\"query-input\":{\"@type\":\"PropertyValueSpecification\",\"valueRequired\":true,\"valueName\":\"search_term_string\"}}],\"inLanguage\":\"es\"},{\"@type\":\"Organization\",\"@id\":\"http:\/\/www.reconoce.mx\/#organization\",\"name\":\"Reconoce MX\",\"url\":\"http:\/\/www.reconoce.mx\/\",\"logo\":{\"@type\":\"ImageObject\",\"inLanguage\":\"es\",\"@id\":\"http:\/\/www.reconoce.mx\/#\/schema\/logo\/image\/\",\"url\":\"https:\/\/www.reconoce.mx\/wp-content\/uploads\/2019\/03\/logorcmx-good-1.png\",\"contentUrl\":\"https:\/\/www.reconoce.mx\/wp-content\/uploads\/2019\/03\/logorcmx-good-1.png\",\"width\":280,\"height\":90,\"caption\":\"Reconoce MX\"},\"image\":{\"@id\":\"http:\/\/www.reconoce.mx\/#\/schema\/logo\/image\/\"},\"sameAs\":[\"https:\/\/es-la.facebook.com\/ReconoceMX\/\",\"https:\/\/x.com\/reconocemx\",\"http:\/\/@reconocemx\"]},{\"@type\":\"Person\",\"@id\":\"http:\/\/www.reconoce.mx\/#\/schema\/person\/2117e997d7051dc15d6880eaf9bca0b2\",\"name\":\"Reconoce MX\",\"image\":{\"@type\":\"ImageObject\",\"inLanguage\":\"es\",\"@id\":\"http:\/\/www.reconoce.mx\/#\/schema\/person\/image\/\",\"url\":\"https:\/\/secure.gravatar.com\/avatar\/6c8d4dc7569ca1c90c5fdcc349f839d5ddef6fe1e70b4337ead2ef1a4c43fc3a?s=96&d=identicon&r=g\",\"contentUrl\":\"https:\/\/secure.gravatar.com\/avatar\/6c8d4dc7569ca1c90c5fdcc349f839d5ddef6fe1e70b4337ead2ef1a4c43fc3a?s=96&d=identicon&r=g\",\"caption\":\"Reconoce MX\"},\"description\":\"Reconoce MX es un proyecto de difusi\u00f3n art\u00edstica, cultural y de conciencia social que est\u00e1 enfocado a difundir y fomentar el entretenimiento alternativo de calidad para todo el p\u00fablico que comparta el mismo entusiasmo.\",\"sameAs\":[\"http:\/\/www.reconoce.mx\"],\"url\":\"http:\/\/www.reconoce.mx\/?author=2\"}]}<\/script>\n<!-- \/ Yoast SEO plugin. -->","yoast_head_json":{"title":"El Cascanueces en el Teatro de la Juventud &#171; Reconoce MX","robots":{"index":"index","follow":"follow","max-snippet":"max-snippet:-1","max-image-preview":"max-image-preview:large","max-video-preview":"max-video-preview:-1"},"canonical":"https:\/\/www.reconoce.mx\/?p=24576","og_locale":"es_ES","og_type":"article","og_title":"El Cascanueces en el Teatro de la Juventud &#171; Reconoce MX","og_description":"El Teatro de La Juventud recibir\u00e1, los d\u00edas domingo 24, s\u00e1bado 30 de noviembre y domingo 1 de diciembre en punto de las 17:00 horas, por quinta ocasi\u00f3n el ballet cl\u00e1sico El Cascanueces.","og_url":"https:\/\/www.reconoce.mx\/?p=24576","og_site_name":"Reconoce MX","article_publisher":"https:\/\/es-la.facebook.com\/ReconoceMX\/","article_published_time":"2013-11-15T09:00:44+00:00","article_modified_time":"2013-11-25T03:09:11+00:00","og_image":[{"width":649,"height":301,"url":"https:\/\/www.reconoce.mx\/wp-content\/uploads\/cascanueces1.png","type":"image\/png"}],"author":"Reconoce MX","twitter_card":"summary_large_image","twitter_creator":"@reconocemx","twitter_site":"@reconocemx","twitter_misc":{"Escrito por":"Reconoce MX","Tiempo de lectura":"2 minutos"},"schema":{"@context":"https:\/\/schema.org","@graph":[{"@type":"Article","@id":"https:\/\/www.reconoce.mx\/?p=24576#article","isPartOf":{"@id":"https:\/\/www.reconoce.mx\/?p=24576"},"author":{"name":"Reconoce MX","@id":"http:\/\/www.reconoce.mx\/#\/schema\/person\/2117e997d7051dc15d6880eaf9bca0b2"},"headline":"El Cascanueces en el Teatro de la Juventud","datePublished":"2013-11-15T09:00:44+00:00","dateModified":"2013-11-25T03:09:11+00:00","mainEntityOfPage":{"@id":"https:\/\/www.reconoce.mx\/?p=24576"},"wordCount":315,"commentCount":0,"publisher":{"@id":"http:\/\/www.reconoce.mx\/#organization"},"image":{"@id":"https:\/\/www.reconoce.mx\/?p=24576#primaryimage"},"thumbnailUrl":"http:\/\/www.reconoce.mx\/wp-content\/uploads\/cascanueces1.png","articleSection":["Cultura","Danza"],"inLanguage":"es","potentialAction":[{"@type":"CommentAction","name":"Comment","target":["https:\/\/www.reconoce.mx\/?p=24576#respond"]}]},{"@type":"WebPage","@id":"https:\/\/www.reconoce.mx\/?p=24576","url":"https:\/\/www.reconoce.mx\/?p=24576","name":"El Cascanueces en el Teatro de la Juventud &#171; Reconoce MX","isPartOf":{"@id":"http:\/\/www.reconoce.mx\/#website"},"primaryImageOfPage":{"@id":"https:\/\/www.reconoce.mx\/?p=24576#primaryimage"},"image":{"@id":"https:\/\/www.reconoce.mx\/?p=24576#primaryimage"},"thumbnailUrl":"http:\/\/www.reconoce.mx\/wp-content\/uploads\/cascanueces1.png","datePublished":"2013-11-15T09:00:44+00:00","dateModified":"2013-11-25T03:09:11+00:00","breadcrumb":{"@id":"https:\/\/www.reconoce.mx\/?p=24576#breadcrumb"},"inLanguage":"es","potentialAction":[{"@type":"ReadAction","target":["https:\/\/www.reconoce.mx\/?p=24576"]}]},{"@type":"ImageObject","inLanguage":"es","@id":"https:\/\/www.reconoce.mx\/?p=24576#primaryimage","url":"http:\/\/www.reconoce.mx\/wp-content\/uploads\/cascanueces1.png","contentUrl":"http:\/\/www.reconoce.mx\/wp-content\/uploads\/cascanueces1.png","width":649,"height":301,"caption":"El Cascanueces en el Teatro de la Juventud."},{"@type":"BreadcrumbList","@id":"https:\/\/www.reconoce.mx\/?p=24576#breadcrumb","itemListElement":[{"@type":"ListItem","position":1,"name":"Portada","item":"http:\/\/www.reconoce.mx\/"},{"@type":"ListItem","position":2,"name":"El Cascanueces en el Teatro de la Juventud"}]},{"@type":"WebSite","@id":"http:\/\/www.reconoce.mx\/#website","url":"http:\/\/www.reconoce.mx\/","name":"Reconoce MX","description":"En Reconoce MX difundimos arte, cultura y conciencia social en M\u00e9xico. Tu ciudad en otra perspectiva.","publisher":{"@id":"http:\/\/www.reconoce.mx\/#organization"},"potentialAction":[{"@type":"SearchAction","target":{"@type":"EntryPoint","urlTemplate":"http:\/\/www.reconoce.mx\/?s={search_term_string}"},"query-input":{"@type":"PropertyValueSpecification","valueRequired":true,"valueName":"search_term_string"}}],"inLanguage":"es"},{"@type":"Organization","@id":"http:\/\/www.reconoce.mx\/#organization","name":"Reconoce MX","url":"http:\/\/www.reconoce.mx\/","logo":{"@type":"ImageObject","inLanguage":"es","@id":"http:\/\/www.reconoce.mx\/#\/schema\/logo\/image\/","url":"https:\/\/www.reconoce.mx\/wp-content\/uploads\/2019\/03\/logorcmx-good-1.png","contentUrl":"https:\/\/www.reconoce.mx\/wp-content\/uploads\/2019\/03\/logorcmx-good-1.png","width":280,"height":90,"caption":"Reconoce MX"},"image":{"@id":"http:\/\/www.reconoce.mx\/#\/schema\/logo\/image\/"},"sameAs":["https:\/\/es-la.facebook.com\/ReconoceMX\/","https:\/\/x.com\/reconocemx","http:\/\/@reconocemx"]},{"@type":"Person","@id":"http:\/\/www.reconoce.mx\/#\/schema\/person\/2117e997d7051dc15d6880eaf9bca0b2","name":"Reconoce MX","image":{"@type":"ImageObject","inLanguage":"es","@id":"http:\/\/www.reconoce.mx\/#\/schema\/person\/image\/","url":"https:\/\/secure.gravatar.com\/avatar\/6c8d4dc7569ca1c90c5fdcc349f839d5ddef6fe1e70b4337ead2ef1a4c43fc3a?s=96&d=identicon&r=g","contentUrl":"https:\/\/secure.gravatar.com\/avatar\/6c8d4dc7569ca1c90c5fdcc349f839d5ddef6fe1e70b4337ead2ef1a4c43fc3a?s=96&d=identicon&r=g","caption":"Reconoce MX"},"description":"Reconoce MX es un proyecto de difusi\u00f3n art\u00edstica, cultural y de conciencia social que est\u00e1 enfocado a difundir y fomentar el entretenimiento alternativo de calidad para todo el p\u00fablico que comparta el mismo entusiasmo.","sameAs":["http:\/\/www.reconoce.mx"],"url":"http:\/\/www.reconoce.mx\/?author=2"}]}},"_links":{"self":[{"href":"http:\/\/www.reconoce.mx\/index.php?rest_route=\/wp\/v2\/posts\/24576","targetHints":{"allow":["GET"]}}],"collection":[{"href":"http:\/\/www.reconoce.mx\/index.php?rest_route=\/wp\/v2\/posts"}],"about":[{"href":"http:\/\/www.reconoce.mx\/index.php?rest_route=\/wp\/v2\/types\/post"}],"author":[{"embeddable":true,"href":"http:\/\/www.reconoce.mx\/index.php?rest_route=\/wp\/v2\/users\/2"}],"replies":[{"embeddable":true,"href":"http:\/\/www.reconoce.mx\/index.php?rest_route=%2Fwp%2Fv2%2Fcomments&post=24576"}],"version-history":[{"count":12,"href":"http:\/\/www.reconoce.mx\/index.php?rest_route=\/wp\/v2\/posts\/24576\/revisions"}],"predecessor-version":[{"id":24663,"href":"http:\/\/www.reconoce.mx\/index.php?rest_route=\/wp\/v2\/posts\/24576\/revisions\/24663"}],"wp:featuredmedia":[{"embeddable":true,"href":"http:\/\/www.reconoce.mx\/index.php?rest_route=\/wp\/v2\/media\/24578"}],"wp:attachment":[{"href":"http:\/\/www.reconoce.mx\/index.php?rest_route=%2Fwp%2Fv2%2Fmedia&parent=24576"}],"wp:term":[{"taxonomy":"category","embeddable":true,"href":"http:\/\/www.reconoce.mx\/index.php?rest_route=%2Fwp%2Fv2%2Fcategories&post=24576"},{"taxonomy":"post_tag","embeddable":true,"href":"http:\/\/www.reconoce.mx\/index.php?rest_route=%2Fwp%2Fv2%2Ftags&post=24576"}],"curies":[{"name":"wp","href":"https:\/\/api.w.org\/{rel}","templated":true}]}}