{"id":24598,"date":"2013-11-15T01:00:44","date_gmt":"2013-11-15T07:00:44","guid":{"rendered":"http:\/\/www.reconoce.mx\/?p=24598"},"modified":"2013-11-24T21:09:44","modified_gmt":"2013-11-25T03:09:44","slug":"jueves-independiente-porta-retrato-de-cicero","status":"publish","type":"post","link":"http:\/\/www.reconoce.mx\/?p=24598","title":{"rendered":"Jueves independiente: &#8216;Porta, Retrato&#8217;, de C\u00edcero"},"content":{"rendered":"<ul id=\"botones-home\">\n<li><script type=\"text\/javascript\" src=\"https:\/\/apis.google.com\/js\/plusone.js\"><\/script><g:plusone width=\"55\" height=\"20\" href=\"http:\/\/www.reconoce.mx\/jueves-independiente-porta-retrato-de-cicero\/\"><\/g:plusone><\/li>\n<li><a href=\"http:\/\/twitter.com\/share\" class=\"twitter-share-button\" data-url=\"http:\/\/www.reconoce.mx\/jueves-independiente-porta-retrato-de-cicero\/\" data-count=\"horizontal\" data-via=\"reconocemx\" data-lang=\"es\">Tweet<\/a><script type=\"text\/javascript\" src=\"http:\/\/platform.twitter.com\/widgets.js\"><\/script><\/li>\n<div class=\"fb-like\" data-href=\"http:\/\/www.reconoce.mx\/jueves-independiente-porta-retrato-de-cicero\/\" data-send=\"true\" data-width=\"450\" data-show-faces=\"true\"><\/div>\n<p><strong>Por <a title=\"@AsfaltosTweets \" href=\"https:\/\/twitter.com\/AsfaltosTweets\" target=\"_blank\">Asfaltos<\/a>.<\/strong><\/p>\n<p>Poco o nada nos sumergimos a los sonidos que se producen en Brasil; quiz\u00e1 una barrera para ello sea el idioma. Lo cierto es que <strong>la m\u00fasica brasile\u00f1a tiene una larga tradici\u00f3n<\/strong>, con ra\u00edces muy bien marcadas y un legado que al d\u00eda de hoy no deja de producir nuevos valores. Uno de ellos es C\u00edcero, exintegrante de un proyecto llamado Alice.<\/p>\n<p><iframe loading=\"lazy\" width=\"100%\" height=\"166\" scrolling=\"no\" frameborder=\"no\" src=\"https:\/\/w.soundcloud.com\/player\/?url=https%3A\/\/api.soundcloud.com\/tracks\/112131830&amp;color=ff0000&amp;auto_play=false&amp;show_artwork=true\"><\/iframe><\/p>\n<p><!--more--><div id=\"attachment_24600\" style=\"width: 610px\" class=\"wp-caption aligncenter\"><a href=\"http:\/\/www.reconoce.mx\/wp-content\/uploads\/73543_501284503289207_986677505_n.jpg\"><img loading=\"lazy\" decoding=\"async\" aria-describedby=\"caption-attachment-24600\" src=\"http:\/\/www.reconoce.mx\/wp-content\/uploads\/73543_501284503289207_986677505_n.jpg\" alt=\"Jueves independiente: &#039;Porta, Retrato&#039;, de C\u00edcero.\" width=\"600\" height=\"600\" class=\"size-full wp-image-24600\" srcset=\"http:\/\/www.reconoce.mx\/wp-content\/uploads\/73543_501284503289207_986677505_n.jpg 800w, http:\/\/www.reconoce.mx\/wp-content\/uploads\/73543_501284503289207_986677505_n-150x150.jpg 150w, http:\/\/www.reconoce.mx\/wp-content\/uploads\/73543_501284503289207_986677505_n-300x300.jpg 300w\" sizes=\"auto, (max-width: 600px) 100vw, 600px\" \/><\/a><p id=\"caption-attachment-24600\" class=\"wp-caption-text\">Jueves independiente: &#8216;Porta, Retrato&#8217;, de C\u00edcero.<\/p><\/div><\/p>\n<p>C\u00edcero es un m\u00fasico que apenas hace unos a\u00f1os <strong>nos regal\u00f3 su debut como solista con un muy convicente <em>Can\u00e7\u00f5es de Apartamento<\/em><\/strong>. Con la intenci\u00f3n de hacernos pensar que las canciones dentro de su \u00e1lbum debut eran ya viejas conocidas, C\u00edcero nos meti\u00f3 su m\u00fasica en la cabeza sin mucho esfuerzo. El momento en el que d\u00e1bamos cuenta de ello termin\u00e1bamos tarare\u00e1ndolas.<\/p>\n<p>Es por ello que su segundo \u00e1lbum no resulta sorprendenmente bueno. Sin pretenciones, C\u00edcero logra atraparnos con un material relajado, que no descuidado, pero s\u00ed sutil y descansado. Las 10 canciones que componen <em>S\u00e1bado<\/em>, nombre del material, no necesitan de nuestro conocimiento del idioma. Es m\u00e1s en muchas ocasiones <strong>por culpa del idioma perdemos las sutilezas del lenguaje musical<\/strong>; con su ausencia en <em>S\u00e1bado<\/em> nos permitimos enfocarnos en \u00e9l y nos dejamos atrapar.<\/p>\n<p>Se trata entonces de un disco en el que los sonidos nos llevan de la mano a estados de \u00e1nimo donde nos dejamos ir. Se trata de un disco para disfrutarse con calma, sin prisas, con la tranquilidad y disposici\u00f3n de un tiempo dedicado a \u00e9l. As\u00ed resulta <strong><em>Porta, Retrato<\/em><\/strong>, canci\u00f3n que les dejo para este jueves; melod\u00eda para nacer y morir. <strong>Para un amanecer y un anochecer<\/strong>.<\/p>\n<p>Si les ha gustado la propuesta de hoy no dejen de apoyar a C\u00edsero v\u00eda <a title=\"C\u00edcero Rosa Lins\" href=\"https:\/\/www.facebook.com\/cicero.rosa.lins\" target=\"_blank\"><strong>facebook<\/strong><\/a>, adem\u00e1s de visitar su <a title=\"C\u00edcero \" href=\"https:\/\/soundcloud.com\/cicerolins\" target=\"_blank\"><strong>SoundCloud<\/strong><\/a> y <a title=\"C\u00edcero \u2013 Sabado\" href=\"http:\/\/www.cicero.net.br\/\" target=\"_blank\"><strong>sitio oficial<\/strong><\/a>.<\/p>\n<p>&nbsp;<\/p>\n<p>&nbsp;<\/p>\n","protected":false},"excerpt":{"rendered":"<p>Poco o nada nos sumergimos a los sonidos que se producen en Brasil; quiz\u00e1 una barrera para ello sea el idioma. Lo cierto es que la m\u00fasica brasile\u00f1a tiene una larga tradici\u00f3n.<\/p>\n","protected":false},"author":2,"featured_media":24599,"comment_status":"open","ping_status":"open","sticky":false,"template":"","format":"standard","meta":{"footnotes":""},"categories":[1,430,18],"tags":[],"class_list":["post-24598","post","type-post","status-publish","format-standard","has-post-thumbnail","hentry","category-cultura","category-jueves-indie","category-musica"],"yoast_head":"<!-- This site is optimized with the Yoast SEO plugin v24.7 - https:\/\/yoast.com\/wordpress\/plugins\/seo\/ -->\n<title>Jueves independiente: &#039;Porta, Retrato&#039;, de C\u00edcero &#171; Reconoce MX<\/title>\n<meta name=\"robots\" content=\"index, follow, max-snippet:-1, max-image-preview:large, max-video-preview:-1\" \/>\n<link rel=\"canonical\" href=\"https:\/\/www.reconoce.mx\/?p=24598\" \/>\n<meta property=\"og:locale\" content=\"es_ES\" \/>\n<meta property=\"og:type\" content=\"article\" \/>\n<meta property=\"og:title\" content=\"Jueves independiente: &#039;Porta, Retrato&#039;, de C\u00edcero &#171; Reconoce MX\" \/>\n<meta property=\"og:description\" content=\"Poco o nada nos sumergimos a los sonidos que se producen en Brasil; quiz\u00e1 una barrera para ello sea el idioma. Lo cierto es que la m\u00fasica brasile\u00f1a tiene una larga tradici\u00f3n.\" \/>\n<meta property=\"og:url\" content=\"https:\/\/www.reconoce.mx\/?p=24598\" \/>\n<meta property=\"og:site_name\" content=\"Reconoce MX\" \/>\n<meta property=\"article:publisher\" content=\"https:\/\/es-la.facebook.com\/ReconoceMX\/\" \/>\n<meta property=\"article:published_time\" content=\"2013-11-15T07:00:44+00:00\" \/>\n<meta property=\"article:modified_time\" content=\"2013-11-25T03:09:44+00:00\" \/>\n<meta property=\"og:image\" content=\"https:\/\/www.reconoce.mx\/wp-content\/uploads\/sabado-cicero.png\" \/>\n\t<meta property=\"og:image:width\" content=\"649\" \/>\n\t<meta property=\"og:image:height\" content=\"301\" \/>\n\t<meta property=\"og:image:type\" content=\"image\/png\" \/>\n<meta name=\"author\" content=\"Reconoce MX\" \/>\n<meta name=\"twitter:card\" content=\"summary_large_image\" \/>\n<meta name=\"twitter:creator\" content=\"@reconocemx\" \/>\n<meta name=\"twitter:site\" content=\"@reconocemx\" \/>\n<meta name=\"twitter:label1\" content=\"Escrito por\" \/>\n\t<meta name=\"twitter:data1\" content=\"Reconoce MX\" \/>\n\t<meta name=\"twitter:label2\" content=\"Tiempo de lectura\" \/>\n\t<meta name=\"twitter:data2\" content=\"2 minutos\" \/>\n<script type=\"application\/ld+json\" class=\"yoast-schema-graph\">{\"@context\":\"https:\/\/schema.org\",\"@graph\":[{\"@type\":\"Article\",\"@id\":\"https:\/\/www.reconoce.mx\/?p=24598#article\",\"isPartOf\":{\"@id\":\"https:\/\/www.reconoce.mx\/?p=24598\"},\"author\":{\"name\":\"Reconoce MX\",\"@id\":\"http:\/\/www.reconoce.mx\/#\/schema\/person\/2117e997d7051dc15d6880eaf9bca0b2\"},\"headline\":\"Jueves independiente: &#8216;Porta, Retrato&#8217;, de C\u00edcero\",\"datePublished\":\"2013-11-15T07:00:44+00:00\",\"dateModified\":\"2013-11-25T03:09:44+00:00\",\"mainEntityOfPage\":{\"@id\":\"https:\/\/www.reconoce.mx\/?p=24598\"},\"wordCount\":340,\"commentCount\":0,\"publisher\":{\"@id\":\"http:\/\/www.reconoce.mx\/#organization\"},\"image\":{\"@id\":\"https:\/\/www.reconoce.mx\/?p=24598#primaryimage\"},\"thumbnailUrl\":\"http:\/\/www.reconoce.mx\/wp-content\/uploads\/sabado-cicero.png\",\"articleSection\":[\"Cultura\",\"Jueves indie\",\"M\u00fasica\"],\"inLanguage\":\"es\",\"potentialAction\":[{\"@type\":\"CommentAction\",\"name\":\"Comment\",\"target\":[\"https:\/\/www.reconoce.mx\/?p=24598#respond\"]}]},{\"@type\":\"WebPage\",\"@id\":\"https:\/\/www.reconoce.mx\/?p=24598\",\"url\":\"https:\/\/www.reconoce.mx\/?p=24598\",\"name\":\"Jueves independiente: 'Porta, Retrato', de C\u00edcero &#171; Reconoce MX\",\"isPartOf\":{\"@id\":\"http:\/\/www.reconoce.mx\/#website\"},\"primaryImageOfPage\":{\"@id\":\"https:\/\/www.reconoce.mx\/?p=24598#primaryimage\"},\"image\":{\"@id\":\"https:\/\/www.reconoce.mx\/?p=24598#primaryimage\"},\"thumbnailUrl\":\"http:\/\/www.reconoce.mx\/wp-content\/uploads\/sabado-cicero.png\",\"datePublished\":\"2013-11-15T07:00:44+00:00\",\"dateModified\":\"2013-11-25T03:09:44+00:00\",\"breadcrumb\":{\"@id\":\"https:\/\/www.reconoce.mx\/?p=24598#breadcrumb\"},\"inLanguage\":\"es\",\"potentialAction\":[{\"@type\":\"ReadAction\",\"target\":[\"https:\/\/www.reconoce.mx\/?p=24598\"]}]},{\"@type\":\"ImageObject\",\"inLanguage\":\"es\",\"@id\":\"https:\/\/www.reconoce.mx\/?p=24598#primaryimage\",\"url\":\"http:\/\/www.reconoce.mx\/wp-content\/uploads\/sabado-cicero.png\",\"contentUrl\":\"http:\/\/www.reconoce.mx\/wp-content\/uploads\/sabado-cicero.png\",\"width\":649,\"height\":301,\"caption\":\"Jueves independiente: 'Porta, Retrato', de C\u00edcero.\"},{\"@type\":\"BreadcrumbList\",\"@id\":\"https:\/\/www.reconoce.mx\/?p=24598#breadcrumb\",\"itemListElement\":[{\"@type\":\"ListItem\",\"position\":1,\"name\":\"Portada\",\"item\":\"http:\/\/www.reconoce.mx\/\"},{\"@type\":\"ListItem\",\"position\":2,\"name\":\"Jueves independiente: &#8216;Porta, Retrato&#8217;, de C\u00edcero\"}]},{\"@type\":\"WebSite\",\"@id\":\"http:\/\/www.reconoce.mx\/#website\",\"url\":\"http:\/\/www.reconoce.mx\/\",\"name\":\"Reconoce MX\",\"description\":\"En Reconoce MX difundimos arte, cultura y conciencia social en M\u00e9xico. Tu ciudad en otra perspectiva.\",\"publisher\":{\"@id\":\"http:\/\/www.reconoce.mx\/#organization\"},\"potentialAction\":[{\"@type\":\"SearchAction\",\"target\":{\"@type\":\"EntryPoint\",\"urlTemplate\":\"http:\/\/www.reconoce.mx\/?s={search_term_string}\"},\"query-input\":{\"@type\":\"PropertyValueSpecification\",\"valueRequired\":true,\"valueName\":\"search_term_string\"}}],\"inLanguage\":\"es\"},{\"@type\":\"Organization\",\"@id\":\"http:\/\/www.reconoce.mx\/#organization\",\"name\":\"Reconoce MX\",\"url\":\"http:\/\/www.reconoce.mx\/\",\"logo\":{\"@type\":\"ImageObject\",\"inLanguage\":\"es\",\"@id\":\"http:\/\/www.reconoce.mx\/#\/schema\/logo\/image\/\",\"url\":\"https:\/\/www.reconoce.mx\/wp-content\/uploads\/2019\/03\/logorcmx-good-1.png\",\"contentUrl\":\"https:\/\/www.reconoce.mx\/wp-content\/uploads\/2019\/03\/logorcmx-good-1.png\",\"width\":280,\"height\":90,\"caption\":\"Reconoce MX\"},\"image\":{\"@id\":\"http:\/\/www.reconoce.mx\/#\/schema\/logo\/image\/\"},\"sameAs\":[\"https:\/\/es-la.facebook.com\/ReconoceMX\/\",\"https:\/\/x.com\/reconocemx\",\"http:\/\/@reconocemx\"]},{\"@type\":\"Person\",\"@id\":\"http:\/\/www.reconoce.mx\/#\/schema\/person\/2117e997d7051dc15d6880eaf9bca0b2\",\"name\":\"Reconoce MX\",\"image\":{\"@type\":\"ImageObject\",\"inLanguage\":\"es\",\"@id\":\"http:\/\/www.reconoce.mx\/#\/schema\/person\/image\/\",\"url\":\"https:\/\/secure.gravatar.com\/avatar\/6c8d4dc7569ca1c90c5fdcc349f839d5ddef6fe1e70b4337ead2ef1a4c43fc3a?s=96&d=identicon&r=g\",\"contentUrl\":\"https:\/\/secure.gravatar.com\/avatar\/6c8d4dc7569ca1c90c5fdcc349f839d5ddef6fe1e70b4337ead2ef1a4c43fc3a?s=96&d=identicon&r=g\",\"caption\":\"Reconoce MX\"},\"description\":\"Reconoce MX es un proyecto de difusi\u00f3n art\u00edstica, cultural y de conciencia social que est\u00e1 enfocado a difundir y fomentar el entretenimiento alternativo de calidad para todo el p\u00fablico que comparta el mismo entusiasmo.\",\"sameAs\":[\"http:\/\/www.reconoce.mx\"],\"url\":\"http:\/\/www.reconoce.mx\/?author=2\"}]}<\/script>\n<!-- \/ Yoast SEO plugin. -->","yoast_head_json":{"title":"Jueves independiente: 'Porta, Retrato', de C\u00edcero &#171; Reconoce MX","robots":{"index":"index","follow":"follow","max-snippet":"max-snippet:-1","max-image-preview":"max-image-preview:large","max-video-preview":"max-video-preview:-1"},"canonical":"https:\/\/www.reconoce.mx\/?p=24598","og_locale":"es_ES","og_type":"article","og_title":"Jueves independiente: 'Porta, Retrato', de C\u00edcero &#171; Reconoce MX","og_description":"Poco o nada nos sumergimos a los sonidos que se producen en Brasil; quiz\u00e1 una barrera para ello sea el idioma. Lo cierto es que la m\u00fasica brasile\u00f1a tiene una larga tradici\u00f3n.","og_url":"https:\/\/www.reconoce.mx\/?p=24598","og_site_name":"Reconoce MX","article_publisher":"https:\/\/es-la.facebook.com\/ReconoceMX\/","article_published_time":"2013-11-15T07:00:44+00:00","article_modified_time":"2013-11-25T03:09:44+00:00","og_image":[{"width":649,"height":301,"url":"https:\/\/www.reconoce.mx\/wp-content\/uploads\/sabado-cicero.png","type":"image\/png"}],"author":"Reconoce MX","twitter_card":"summary_large_image","twitter_creator":"@reconocemx","twitter_site":"@reconocemx","twitter_misc":{"Escrito por":"Reconoce MX","Tiempo de lectura":"2 minutos"},"schema":{"@context":"https:\/\/schema.org","@graph":[{"@type":"Article","@id":"https:\/\/www.reconoce.mx\/?p=24598#article","isPartOf":{"@id":"https:\/\/www.reconoce.mx\/?p=24598"},"author":{"name":"Reconoce MX","@id":"http:\/\/www.reconoce.mx\/#\/schema\/person\/2117e997d7051dc15d6880eaf9bca0b2"},"headline":"Jueves independiente: &#8216;Porta, Retrato&#8217;, de C\u00edcero","datePublished":"2013-11-15T07:00:44+00:00","dateModified":"2013-11-25T03:09:44+00:00","mainEntityOfPage":{"@id":"https:\/\/www.reconoce.mx\/?p=24598"},"wordCount":340,"commentCount":0,"publisher":{"@id":"http:\/\/www.reconoce.mx\/#organization"},"image":{"@id":"https:\/\/www.reconoce.mx\/?p=24598#primaryimage"},"thumbnailUrl":"http:\/\/www.reconoce.mx\/wp-content\/uploads\/sabado-cicero.png","articleSection":["Cultura","Jueves indie","M\u00fasica"],"inLanguage":"es","potentialAction":[{"@type":"CommentAction","name":"Comment","target":["https:\/\/www.reconoce.mx\/?p=24598#respond"]}]},{"@type":"WebPage","@id":"https:\/\/www.reconoce.mx\/?p=24598","url":"https:\/\/www.reconoce.mx\/?p=24598","name":"Jueves independiente: 'Porta, Retrato', de C\u00edcero &#171; Reconoce MX","isPartOf":{"@id":"http:\/\/www.reconoce.mx\/#website"},"primaryImageOfPage":{"@id":"https:\/\/www.reconoce.mx\/?p=24598#primaryimage"},"image":{"@id":"https:\/\/www.reconoce.mx\/?p=24598#primaryimage"},"thumbnailUrl":"http:\/\/www.reconoce.mx\/wp-content\/uploads\/sabado-cicero.png","datePublished":"2013-11-15T07:00:44+00:00","dateModified":"2013-11-25T03:09:44+00:00","breadcrumb":{"@id":"https:\/\/www.reconoce.mx\/?p=24598#breadcrumb"},"inLanguage":"es","potentialAction":[{"@type":"ReadAction","target":["https:\/\/www.reconoce.mx\/?p=24598"]}]},{"@type":"ImageObject","inLanguage":"es","@id":"https:\/\/www.reconoce.mx\/?p=24598#primaryimage","url":"http:\/\/www.reconoce.mx\/wp-content\/uploads\/sabado-cicero.png","contentUrl":"http:\/\/www.reconoce.mx\/wp-content\/uploads\/sabado-cicero.png","width":649,"height":301,"caption":"Jueves independiente: 'Porta, Retrato', de C\u00edcero."},{"@type":"BreadcrumbList","@id":"https:\/\/www.reconoce.mx\/?p=24598#breadcrumb","itemListElement":[{"@type":"ListItem","position":1,"name":"Portada","item":"http:\/\/www.reconoce.mx\/"},{"@type":"ListItem","position":2,"name":"Jueves independiente: &#8216;Porta, Retrato&#8217;, de C\u00edcero"}]},{"@type":"WebSite","@id":"http:\/\/www.reconoce.mx\/#website","url":"http:\/\/www.reconoce.mx\/","name":"Reconoce MX","description":"En Reconoce MX difundimos arte, cultura y conciencia social en M\u00e9xico. Tu ciudad en otra perspectiva.","publisher":{"@id":"http:\/\/www.reconoce.mx\/#organization"},"potentialAction":[{"@type":"SearchAction","target":{"@type":"EntryPoint","urlTemplate":"http:\/\/www.reconoce.mx\/?s={search_term_string}"},"query-input":{"@type":"PropertyValueSpecification","valueRequired":true,"valueName":"search_term_string"}}],"inLanguage":"es"},{"@type":"Organization","@id":"http:\/\/www.reconoce.mx\/#organization","name":"Reconoce MX","url":"http:\/\/www.reconoce.mx\/","logo":{"@type":"ImageObject","inLanguage":"es","@id":"http:\/\/www.reconoce.mx\/#\/schema\/logo\/image\/","url":"https:\/\/www.reconoce.mx\/wp-content\/uploads\/2019\/03\/logorcmx-good-1.png","contentUrl":"https:\/\/www.reconoce.mx\/wp-content\/uploads\/2019\/03\/logorcmx-good-1.png","width":280,"height":90,"caption":"Reconoce MX"},"image":{"@id":"http:\/\/www.reconoce.mx\/#\/schema\/logo\/image\/"},"sameAs":["https:\/\/es-la.facebook.com\/ReconoceMX\/","https:\/\/x.com\/reconocemx","http:\/\/@reconocemx"]},{"@type":"Person","@id":"http:\/\/www.reconoce.mx\/#\/schema\/person\/2117e997d7051dc15d6880eaf9bca0b2","name":"Reconoce MX","image":{"@type":"ImageObject","inLanguage":"es","@id":"http:\/\/www.reconoce.mx\/#\/schema\/person\/image\/","url":"https:\/\/secure.gravatar.com\/avatar\/6c8d4dc7569ca1c90c5fdcc349f839d5ddef6fe1e70b4337ead2ef1a4c43fc3a?s=96&d=identicon&r=g","contentUrl":"https:\/\/secure.gravatar.com\/avatar\/6c8d4dc7569ca1c90c5fdcc349f839d5ddef6fe1e70b4337ead2ef1a4c43fc3a?s=96&d=identicon&r=g","caption":"Reconoce MX"},"description":"Reconoce MX es un proyecto de difusi\u00f3n art\u00edstica, cultural y de conciencia social que est\u00e1 enfocado a difundir y fomentar el entretenimiento alternativo de calidad para todo el p\u00fablico que comparta el mismo entusiasmo.","sameAs":["http:\/\/www.reconoce.mx"],"url":"http:\/\/www.reconoce.mx\/?author=2"}]}},"_links":{"self":[{"href":"http:\/\/www.reconoce.mx\/index.php?rest_route=\/wp\/v2\/posts\/24598","targetHints":{"allow":["GET"]}}],"collection":[{"href":"http:\/\/www.reconoce.mx\/index.php?rest_route=\/wp\/v2\/posts"}],"about":[{"href":"http:\/\/www.reconoce.mx\/index.php?rest_route=\/wp\/v2\/types\/post"}],"author":[{"embeddable":true,"href":"http:\/\/www.reconoce.mx\/index.php?rest_route=\/wp\/v2\/users\/2"}],"replies":[{"embeddable":true,"href":"http:\/\/www.reconoce.mx\/index.php?rest_route=%2Fwp%2Fv2%2Fcomments&post=24598"}],"version-history":[{"count":13,"href":"http:\/\/www.reconoce.mx\/index.php?rest_route=\/wp\/v2\/posts\/24598\/revisions"}],"predecessor-version":[{"id":24665,"href":"http:\/\/www.reconoce.mx\/index.php?rest_route=\/wp\/v2\/posts\/24598\/revisions\/24665"}],"wp:featuredmedia":[{"embeddable":true,"href":"http:\/\/www.reconoce.mx\/index.php?rest_route=\/wp\/v2\/media\/24599"}],"wp:attachment":[{"href":"http:\/\/www.reconoce.mx\/index.php?rest_route=%2Fwp%2Fv2%2Fmedia&parent=24598"}],"wp:term":[{"taxonomy":"category","embeddable":true,"href":"http:\/\/www.reconoce.mx\/index.php?rest_route=%2Fwp%2Fv2%2Fcategories&post=24598"},{"taxonomy":"post_tag","embeddable":true,"href":"http:\/\/www.reconoce.mx\/index.php?rest_route=%2Fwp%2Fv2%2Ftags&post=24598"}],"curies":[{"name":"wp","href":"https:\/\/api.w.org\/{rel}","templated":true}]}}