{"id":24618,"date":"2013-11-16T01:00:14","date_gmt":"2013-11-16T07:00:14","guid":{"rendered":"http:\/\/www.reconoce.mx\/?p=24618"},"modified":"2013-11-25T17:03:52","modified_gmt":"2013-11-25T23:03:52","slug":"elena-poniatowska-homenajeada-en-la-alianza-francesa-de-mexico","status":"publish","type":"post","link":"http:\/\/www.reconoce.mx\/?p=24618","title":{"rendered":"Elena Poniatowska homenajeada en la Alianza Francesa de M\u00e9xico"},"content":{"rendered":"<ul id=\"botones-home\">\n<li><script type=\"text\/javascript\" src=\"https:\/\/apis.google.com\/js\/plusone.js\"><\/script><g:plusone width=\"55\" height=\"20\" href=\"http:\/\/www.reconoce.mx\/elena-poniatowska-homenajeada-en-la-alianza-francesa-de-mexico\/\"><\/g:plusone><\/li>\n<li><a href=\"http:\/\/twitter.com\/share\" class=\"twitter-share-button\" data-url=\"http:\/\/www.reconoce.mx\/elena-poniatowska-homenajeada-en-la-alianza-francesa-de-mexico\/\" data-count=\"horizontal\" data-via=\"reconocemx\" data-lang=\"es\">Tweet<\/a><script type=\"text\/javascript\" src=\"http:\/\/platform.twitter.com\/widgets.js\"><\/script><\/li>\n<div class=\"fb-like\" data-href=\"http:\/\/www.reconoce.mx\/elena-poniatowska-homenajeada-en-la-alianza-francesa-de-mexico\/\" data-send=\"true\" data-width=\"450\" data-show-faces=\"true\"><\/div>\n<p><strong>Por\u00a0<a title=\"@enriquefa86\" href=\"https:\/\/twitter.com\/#%21\/enriquefa86\" target=\"_blank\">Enrique Figueroa Anaya<\/a>.<\/strong><\/p>\n<p>Recientemente <a title=\"Recibir\u00e1 Elena Poniatowska el Premio Cervantes 2013\" href=\"http:\/\/www.reconoce.mx\/recibira-elena-poniatowska-el-premio-cervantes-2013\/\" target=\"_blank\">galardonada con el Premio Cervantes 2013<\/a>, <strong>Elena Poniatowska asisti\u00f3 a la Alianza Francesa de M\u00e9xico para presentar su libro <em>Jard\u00edn de Francia<\/em><\/strong>; adem\u00e1s de charlar con el p\u00fablico en un ambiente \u00edntimo y agradable, Elena fue reconocida por la Embajadora de Francia en M\u00e9xico quien compar\u00f3 su trabajo con el de Albert Camus.<\/p>\n<div id=\"attachment_24619\" style=\"width: 610px\" class=\"wp-caption aligncenter\"><a href=\"http:\/\/www.reconoce.mx\/wp-content\/uploads\/poniatowska-alianzafrancesa.png\"><img loading=\"lazy\" decoding=\"async\" aria-describedby=\"caption-attachment-24619\" class=\"size-full wp-image-24619\" alt=\"Elena Poniatowska homenajeada en la Alianza Francesa de M\u00e9xico.\" src=\"http:\/\/www.reconoce.mx\/wp-content\/uploads\/poniatowska-alianzafrancesa.png\" width=\"600\" height=\"275\" \/><\/a><p id=\"caption-attachment-24619\" class=\"wp-caption-text\">Elena Poniatowska homenajeada en la Alianza Francesa de M\u00e9xico.<\/p><\/div>\n<p><!--more-->Entre recuerdos de su ni\u00f1ez, de sus primeros a\u00f1os en M\u00e9xico y de las cientos de entrevistas que ha realizado con personalidades de diversas \u00e1reas de Francia, <strong>Elena platic\u00f3 con cerca de 200 personas que disfrutaron de un evento de dif\u00edcil repetici\u00f3n<\/strong> ante la ya de por s\u00ed llena agenda de la escritora.<\/p>\n<p>Al inicio, antes de empezar el evento, <strong>la Embajadora de Francia en M\u00e9xico, la Sra. Elisabeth Beton Del\u00e8gue, dirigi\u00f3 un mensaje a la homenajeada en el que se permiti\u00f3 felicitarla<\/strong>. Comparti\u00f3 su orgullo por el hecho de que fuera Elena una de las pocas mujeres distinguidas con el honor.<\/p>\n<p>Tambi\u00e9n <strong>el Presidente de la Alianza Francesa de M\u00e9xico, Enrique Cervantes, dio la bienvenida a la autora<\/strong>, agradeci\u00e9ndole sobre todo por su tiempo y disposici\u00f3n para la charla que se llev\u00f3 a cabo en la Sala Mar\u00eda F\u00e9lix.<\/p>\n<p>La charla, cuyo hilo conductor fue el libro <em>Jard\u00edn de Francia<\/em> en el que relata las entrevistas que tuvo con personalidades de Francia, transcurri\u00f3 acompa\u00f1ada del Director General de la Alianza Francesa de M\u00e9xico, y gran amigo de ella, Philippe Palade. <strong>\u201cCuando llegu\u00e9 a M\u00e9xico, en 1942, todo me sonaba a Francia, ve\u00eda Francia en todos lados\u201d<\/strong> coment\u00f3 la autora.<\/p>\n<p>Algunas de los nombres recordados por Poniatowska fueron los de <strong>Hubert Beuve-M\u00e9ry<\/strong>, fundador del peri\u00f3dico franc\u00e9s Le Monde; <strong>Jean Marais<\/strong>, director de cine y teatro, escritor, pintor, escultor y alfarero;<strong> Edith Piaf<\/strong>, c\u00e9lebre cantante; y m\u00e1s.<\/p>\n<p>As\u00ed, entre memorias, recuerdos y sonrisas, culmin\u00f3 una<strong> noche m\u00e1gica<\/strong> en la que se permiti\u00f3 contestar preguntas del p\u00fablico, firmar libros y tomarse fotos.<\/p>\n<p style=\"text-align: right;\"><em>Con informaci\u00f3n e imagen proporcionadas por la Alianza Francesa de M\u00e9xico<\/em>.<\/p>\n<p>&nbsp;<\/p>\n<p>&nbsp;<\/p>\n","protected":false},"excerpt":{"rendered":"<p>Recientemente galardonada con el Premio Cervantes 2013, Elena Poniatowska asisti\u00f3 a la Alianza Francesa de M\u00e9xico para presentar su libro Jard\u00edn de Francia.<\/p>\n","protected":false},"author":2,"featured_media":24619,"comment_status":"open","ping_status":"open","sticky":false,"template":"","format":"standard","meta":{"footnotes":""},"categories":[1,64],"tags":[],"class_list":["post-24618","post","type-post","status-publish","format-standard","has-post-thumbnail","hentry","category-cultura","category-literatura"],"yoast_head":"<!-- This site is optimized with the Yoast SEO plugin v24.7 - https:\/\/yoast.com\/wordpress\/plugins\/seo\/ -->\n<title>Elena Poniatowska homenajeada en la Alianza Francesa de M\u00e9xico &#171; Reconoce MX<\/title>\n<meta name=\"robots\" content=\"index, follow, max-snippet:-1, max-image-preview:large, max-video-preview:-1\" \/>\n<link rel=\"canonical\" href=\"https:\/\/www.reconoce.mx\/?p=24618\" \/>\n<meta property=\"og:locale\" content=\"es_ES\" \/>\n<meta property=\"og:type\" content=\"article\" \/>\n<meta property=\"og:title\" content=\"Elena Poniatowska homenajeada en la Alianza Francesa de M\u00e9xico &#171; Reconoce MX\" \/>\n<meta property=\"og:description\" content=\"Recientemente galardonada con el Premio Cervantes 2013, Elena Poniatowska asisti\u00f3 a la Alianza Francesa de M\u00e9xico para presentar su libro Jard\u00edn de Francia.\" \/>\n<meta property=\"og:url\" content=\"https:\/\/www.reconoce.mx\/?p=24618\" \/>\n<meta property=\"og:site_name\" content=\"Reconoce MX\" \/>\n<meta property=\"article:publisher\" content=\"https:\/\/es-la.facebook.com\/ReconoceMX\/\" \/>\n<meta property=\"article:published_time\" content=\"2013-11-16T07:00:14+00:00\" \/>\n<meta property=\"article:modified_time\" content=\"2013-11-25T23:03:52+00:00\" \/>\n<meta property=\"og:image\" content=\"https:\/\/www.reconoce.mx\/wp-content\/uploads\/poniatowska-alianzafrancesa.png\" \/>\n\t<meta property=\"og:image:width\" content=\"649\" \/>\n\t<meta property=\"og:image:height\" content=\"301\" \/>\n\t<meta property=\"og:image:type\" content=\"image\/png\" \/>\n<meta name=\"author\" content=\"Reconoce MX\" \/>\n<meta name=\"twitter:card\" content=\"summary_large_image\" \/>\n<meta name=\"twitter:creator\" content=\"@reconocemx\" \/>\n<meta name=\"twitter:site\" content=\"@reconocemx\" \/>\n<meta name=\"twitter:label1\" content=\"Escrito por\" \/>\n\t<meta name=\"twitter:data1\" content=\"Reconoce MX\" \/>\n\t<meta name=\"twitter:label2\" content=\"Tiempo de lectura\" \/>\n\t<meta name=\"twitter:data2\" content=\"2 minutos\" \/>\n<script type=\"application\/ld+json\" class=\"yoast-schema-graph\">{\"@context\":\"https:\/\/schema.org\",\"@graph\":[{\"@type\":\"Article\",\"@id\":\"https:\/\/www.reconoce.mx\/?p=24618#article\",\"isPartOf\":{\"@id\":\"https:\/\/www.reconoce.mx\/?p=24618\"},\"author\":{\"name\":\"Reconoce MX\",\"@id\":\"http:\/\/www.reconoce.mx\/#\/schema\/person\/2117e997d7051dc15d6880eaf9bca0b2\"},\"headline\":\"Elena Poniatowska homenajeada en la Alianza Francesa de M\u00e9xico\",\"datePublished\":\"2013-11-16T07:00:14+00:00\",\"dateModified\":\"2013-11-25T23:03:52+00:00\",\"mainEntityOfPage\":{\"@id\":\"https:\/\/www.reconoce.mx\/?p=24618\"},\"wordCount\":388,\"commentCount\":0,\"publisher\":{\"@id\":\"http:\/\/www.reconoce.mx\/#organization\"},\"image\":{\"@id\":\"https:\/\/www.reconoce.mx\/?p=24618#primaryimage\"},\"thumbnailUrl\":\"http:\/\/www.reconoce.mx\/wp-content\/uploads\/poniatowska-alianzafrancesa.png\",\"articleSection\":[\"Cultura\",\"Literatura\"],\"inLanguage\":\"es\",\"potentialAction\":[{\"@type\":\"CommentAction\",\"name\":\"Comment\",\"target\":[\"https:\/\/www.reconoce.mx\/?p=24618#respond\"]}]},{\"@type\":\"WebPage\",\"@id\":\"https:\/\/www.reconoce.mx\/?p=24618\",\"url\":\"https:\/\/www.reconoce.mx\/?p=24618\",\"name\":\"Elena Poniatowska homenajeada en la Alianza Francesa de M\u00e9xico &#171; Reconoce MX\",\"isPartOf\":{\"@id\":\"http:\/\/www.reconoce.mx\/#website\"},\"primaryImageOfPage\":{\"@id\":\"https:\/\/www.reconoce.mx\/?p=24618#primaryimage\"},\"image\":{\"@id\":\"https:\/\/www.reconoce.mx\/?p=24618#primaryimage\"},\"thumbnailUrl\":\"http:\/\/www.reconoce.mx\/wp-content\/uploads\/poniatowska-alianzafrancesa.png\",\"datePublished\":\"2013-11-16T07:00:14+00:00\",\"dateModified\":\"2013-11-25T23:03:52+00:00\",\"breadcrumb\":{\"@id\":\"https:\/\/www.reconoce.mx\/?p=24618#breadcrumb\"},\"inLanguage\":\"es\",\"potentialAction\":[{\"@type\":\"ReadAction\",\"target\":[\"https:\/\/www.reconoce.mx\/?p=24618\"]}]},{\"@type\":\"ImageObject\",\"inLanguage\":\"es\",\"@id\":\"https:\/\/www.reconoce.mx\/?p=24618#primaryimage\",\"url\":\"http:\/\/www.reconoce.mx\/wp-content\/uploads\/poniatowska-alianzafrancesa.png\",\"contentUrl\":\"http:\/\/www.reconoce.mx\/wp-content\/uploads\/poniatowska-alianzafrancesa.png\",\"width\":649,\"height\":301,\"caption\":\"Elena Poniatowska homenajeada en la Alianza Francesa de M\u00e9xico.\"},{\"@type\":\"BreadcrumbList\",\"@id\":\"https:\/\/www.reconoce.mx\/?p=24618#breadcrumb\",\"itemListElement\":[{\"@type\":\"ListItem\",\"position\":1,\"name\":\"Portada\",\"item\":\"http:\/\/www.reconoce.mx\/\"},{\"@type\":\"ListItem\",\"position\":2,\"name\":\"Elena Poniatowska homenajeada en la Alianza Francesa de M\u00e9xico\"}]},{\"@type\":\"WebSite\",\"@id\":\"http:\/\/www.reconoce.mx\/#website\",\"url\":\"http:\/\/www.reconoce.mx\/\",\"name\":\"Reconoce MX\",\"description\":\"En Reconoce MX difundimos arte, cultura y conciencia social en M\u00e9xico. Tu ciudad en otra perspectiva.\",\"publisher\":{\"@id\":\"http:\/\/www.reconoce.mx\/#organization\"},\"potentialAction\":[{\"@type\":\"SearchAction\",\"target\":{\"@type\":\"EntryPoint\",\"urlTemplate\":\"http:\/\/www.reconoce.mx\/?s={search_term_string}\"},\"query-input\":{\"@type\":\"PropertyValueSpecification\",\"valueRequired\":true,\"valueName\":\"search_term_string\"}}],\"inLanguage\":\"es\"},{\"@type\":\"Organization\",\"@id\":\"http:\/\/www.reconoce.mx\/#organization\",\"name\":\"Reconoce MX\",\"url\":\"http:\/\/www.reconoce.mx\/\",\"logo\":{\"@type\":\"ImageObject\",\"inLanguage\":\"es\",\"@id\":\"http:\/\/www.reconoce.mx\/#\/schema\/logo\/image\/\",\"url\":\"https:\/\/www.reconoce.mx\/wp-content\/uploads\/2019\/03\/logorcmx-good-1.png\",\"contentUrl\":\"https:\/\/www.reconoce.mx\/wp-content\/uploads\/2019\/03\/logorcmx-good-1.png\",\"width\":280,\"height\":90,\"caption\":\"Reconoce MX\"},\"image\":{\"@id\":\"http:\/\/www.reconoce.mx\/#\/schema\/logo\/image\/\"},\"sameAs\":[\"https:\/\/es-la.facebook.com\/ReconoceMX\/\",\"https:\/\/x.com\/reconocemx\",\"http:\/\/@reconocemx\"]},{\"@type\":\"Person\",\"@id\":\"http:\/\/www.reconoce.mx\/#\/schema\/person\/2117e997d7051dc15d6880eaf9bca0b2\",\"name\":\"Reconoce MX\",\"image\":{\"@type\":\"ImageObject\",\"inLanguage\":\"es\",\"@id\":\"http:\/\/www.reconoce.mx\/#\/schema\/person\/image\/\",\"url\":\"https:\/\/secure.gravatar.com\/avatar\/6c8d4dc7569ca1c90c5fdcc349f839d5ddef6fe1e70b4337ead2ef1a4c43fc3a?s=96&d=identicon&r=g\",\"contentUrl\":\"https:\/\/secure.gravatar.com\/avatar\/6c8d4dc7569ca1c90c5fdcc349f839d5ddef6fe1e70b4337ead2ef1a4c43fc3a?s=96&d=identicon&r=g\",\"caption\":\"Reconoce MX\"},\"description\":\"Reconoce MX es un proyecto de difusi\u00f3n art\u00edstica, cultural y de conciencia social que est\u00e1 enfocado a difundir y fomentar el entretenimiento alternativo de calidad para todo el p\u00fablico que comparta el mismo entusiasmo.\",\"sameAs\":[\"http:\/\/www.reconoce.mx\"],\"url\":\"http:\/\/www.reconoce.mx\/?author=2\"}]}<\/script>\n<!-- \/ Yoast SEO plugin. -->","yoast_head_json":{"title":"Elena Poniatowska homenajeada en la Alianza Francesa de M\u00e9xico &#171; Reconoce MX","robots":{"index":"index","follow":"follow","max-snippet":"max-snippet:-1","max-image-preview":"max-image-preview:large","max-video-preview":"max-video-preview:-1"},"canonical":"https:\/\/www.reconoce.mx\/?p=24618","og_locale":"es_ES","og_type":"article","og_title":"Elena Poniatowska homenajeada en la Alianza Francesa de M\u00e9xico &#171; Reconoce MX","og_description":"Recientemente galardonada con el Premio Cervantes 2013, Elena Poniatowska asisti\u00f3 a la Alianza Francesa de M\u00e9xico para presentar su libro Jard\u00edn de Francia.","og_url":"https:\/\/www.reconoce.mx\/?p=24618","og_site_name":"Reconoce MX","article_publisher":"https:\/\/es-la.facebook.com\/ReconoceMX\/","article_published_time":"2013-11-16T07:00:14+00:00","article_modified_time":"2013-11-25T23:03:52+00:00","og_image":[{"width":649,"height":301,"url":"https:\/\/www.reconoce.mx\/wp-content\/uploads\/poniatowska-alianzafrancesa.png","type":"image\/png"}],"author":"Reconoce MX","twitter_card":"summary_large_image","twitter_creator":"@reconocemx","twitter_site":"@reconocemx","twitter_misc":{"Escrito por":"Reconoce MX","Tiempo de lectura":"2 minutos"},"schema":{"@context":"https:\/\/schema.org","@graph":[{"@type":"Article","@id":"https:\/\/www.reconoce.mx\/?p=24618#article","isPartOf":{"@id":"https:\/\/www.reconoce.mx\/?p=24618"},"author":{"name":"Reconoce MX","@id":"http:\/\/www.reconoce.mx\/#\/schema\/person\/2117e997d7051dc15d6880eaf9bca0b2"},"headline":"Elena Poniatowska homenajeada en la Alianza Francesa de M\u00e9xico","datePublished":"2013-11-16T07:00:14+00:00","dateModified":"2013-11-25T23:03:52+00:00","mainEntityOfPage":{"@id":"https:\/\/www.reconoce.mx\/?p=24618"},"wordCount":388,"commentCount":0,"publisher":{"@id":"http:\/\/www.reconoce.mx\/#organization"},"image":{"@id":"https:\/\/www.reconoce.mx\/?p=24618#primaryimage"},"thumbnailUrl":"http:\/\/www.reconoce.mx\/wp-content\/uploads\/poniatowska-alianzafrancesa.png","articleSection":["Cultura","Literatura"],"inLanguage":"es","potentialAction":[{"@type":"CommentAction","name":"Comment","target":["https:\/\/www.reconoce.mx\/?p=24618#respond"]}]},{"@type":"WebPage","@id":"https:\/\/www.reconoce.mx\/?p=24618","url":"https:\/\/www.reconoce.mx\/?p=24618","name":"Elena Poniatowska homenajeada en la Alianza Francesa de M\u00e9xico &#171; Reconoce MX","isPartOf":{"@id":"http:\/\/www.reconoce.mx\/#website"},"primaryImageOfPage":{"@id":"https:\/\/www.reconoce.mx\/?p=24618#primaryimage"},"image":{"@id":"https:\/\/www.reconoce.mx\/?p=24618#primaryimage"},"thumbnailUrl":"http:\/\/www.reconoce.mx\/wp-content\/uploads\/poniatowska-alianzafrancesa.png","datePublished":"2013-11-16T07:00:14+00:00","dateModified":"2013-11-25T23:03:52+00:00","breadcrumb":{"@id":"https:\/\/www.reconoce.mx\/?p=24618#breadcrumb"},"inLanguage":"es","potentialAction":[{"@type":"ReadAction","target":["https:\/\/www.reconoce.mx\/?p=24618"]}]},{"@type":"ImageObject","inLanguage":"es","@id":"https:\/\/www.reconoce.mx\/?p=24618#primaryimage","url":"http:\/\/www.reconoce.mx\/wp-content\/uploads\/poniatowska-alianzafrancesa.png","contentUrl":"http:\/\/www.reconoce.mx\/wp-content\/uploads\/poniatowska-alianzafrancesa.png","width":649,"height":301,"caption":"Elena Poniatowska homenajeada en la Alianza Francesa de M\u00e9xico."},{"@type":"BreadcrumbList","@id":"https:\/\/www.reconoce.mx\/?p=24618#breadcrumb","itemListElement":[{"@type":"ListItem","position":1,"name":"Portada","item":"http:\/\/www.reconoce.mx\/"},{"@type":"ListItem","position":2,"name":"Elena Poniatowska homenajeada en la Alianza Francesa de M\u00e9xico"}]},{"@type":"WebSite","@id":"http:\/\/www.reconoce.mx\/#website","url":"http:\/\/www.reconoce.mx\/","name":"Reconoce MX","description":"En Reconoce MX difundimos arte, cultura y conciencia social en M\u00e9xico. Tu ciudad en otra perspectiva.","publisher":{"@id":"http:\/\/www.reconoce.mx\/#organization"},"potentialAction":[{"@type":"SearchAction","target":{"@type":"EntryPoint","urlTemplate":"http:\/\/www.reconoce.mx\/?s={search_term_string}"},"query-input":{"@type":"PropertyValueSpecification","valueRequired":true,"valueName":"search_term_string"}}],"inLanguage":"es"},{"@type":"Organization","@id":"http:\/\/www.reconoce.mx\/#organization","name":"Reconoce MX","url":"http:\/\/www.reconoce.mx\/","logo":{"@type":"ImageObject","inLanguage":"es","@id":"http:\/\/www.reconoce.mx\/#\/schema\/logo\/image\/","url":"https:\/\/www.reconoce.mx\/wp-content\/uploads\/2019\/03\/logorcmx-good-1.png","contentUrl":"https:\/\/www.reconoce.mx\/wp-content\/uploads\/2019\/03\/logorcmx-good-1.png","width":280,"height":90,"caption":"Reconoce MX"},"image":{"@id":"http:\/\/www.reconoce.mx\/#\/schema\/logo\/image\/"},"sameAs":["https:\/\/es-la.facebook.com\/ReconoceMX\/","https:\/\/x.com\/reconocemx","http:\/\/@reconocemx"]},{"@type":"Person","@id":"http:\/\/www.reconoce.mx\/#\/schema\/person\/2117e997d7051dc15d6880eaf9bca0b2","name":"Reconoce MX","image":{"@type":"ImageObject","inLanguage":"es","@id":"http:\/\/www.reconoce.mx\/#\/schema\/person\/image\/","url":"https:\/\/secure.gravatar.com\/avatar\/6c8d4dc7569ca1c90c5fdcc349f839d5ddef6fe1e70b4337ead2ef1a4c43fc3a?s=96&d=identicon&r=g","contentUrl":"https:\/\/secure.gravatar.com\/avatar\/6c8d4dc7569ca1c90c5fdcc349f839d5ddef6fe1e70b4337ead2ef1a4c43fc3a?s=96&d=identicon&r=g","caption":"Reconoce MX"},"description":"Reconoce MX es un proyecto de difusi\u00f3n art\u00edstica, cultural y de conciencia social que est\u00e1 enfocado a difundir y fomentar el entretenimiento alternativo de calidad para todo el p\u00fablico que comparta el mismo entusiasmo.","sameAs":["http:\/\/www.reconoce.mx"],"url":"http:\/\/www.reconoce.mx\/?author=2"}]}},"_links":{"self":[{"href":"http:\/\/www.reconoce.mx\/index.php?rest_route=\/wp\/v2\/posts\/24618","targetHints":{"allow":["GET"]}}],"collection":[{"href":"http:\/\/www.reconoce.mx\/index.php?rest_route=\/wp\/v2\/posts"}],"about":[{"href":"http:\/\/www.reconoce.mx\/index.php?rest_route=\/wp\/v2\/types\/post"}],"author":[{"embeddable":true,"href":"http:\/\/www.reconoce.mx\/index.php?rest_route=\/wp\/v2\/users\/2"}],"replies":[{"embeddable":true,"href":"http:\/\/www.reconoce.mx\/index.php?rest_route=%2Fwp%2Fv2%2Fcomments&post=24618"}],"version-history":[{"count":8,"href":"http:\/\/www.reconoce.mx\/index.php?rest_route=\/wp\/v2\/posts\/24618\/revisions"}],"predecessor-version":[{"id":24702,"href":"http:\/\/www.reconoce.mx\/index.php?rest_route=\/wp\/v2\/posts\/24618\/revisions\/24702"}],"wp:featuredmedia":[{"embeddable":true,"href":"http:\/\/www.reconoce.mx\/index.php?rest_route=\/wp\/v2\/media\/24619"}],"wp:attachment":[{"href":"http:\/\/www.reconoce.mx\/index.php?rest_route=%2Fwp%2Fv2%2Fmedia&parent=24618"}],"wp:term":[{"taxonomy":"category","embeddable":true,"href":"http:\/\/www.reconoce.mx\/index.php?rest_route=%2Fwp%2Fv2%2Fcategories&post=24618"},{"taxonomy":"post_tag","embeddable":true,"href":"http:\/\/www.reconoce.mx\/index.php?rest_route=%2Fwp%2Fv2%2Ftags&post=24618"}],"curies":[{"name":"wp","href":"https:\/\/api.w.org\/{rel}","templated":true}]}}