{"id":26400,"date":"2014-01-24T04:00:54","date_gmt":"2014-01-24T10:00:54","guid":{"rendered":"http:\/\/www.reconoce.mx\/?p=26400"},"modified":"2014-01-30T09:29:22","modified_gmt":"2014-01-30T15:29:22","slug":"ennio-morricone-regresa-a-la-ciudad-de-mexico","status":"publish","type":"post","link":"http:\/\/www.reconoce.mx\/?p=26400","title":{"rendered":"Ennio Morricone regresa a la Ciudad de M\u00e9xico"},"content":{"rendered":"<ul id=\"botones-home\">\n<li><script type=\"text\/javascript\" src=\"https:\/\/apis.google.com\/js\/plusone.js\"><\/script><g:plusone width=\"55\" height=\"20\" href=\"http:\/\/www.reconoce.mx\/ennio-morricone-regresa-a-la-ciudad-de-mexico\/\"><\/g:plusone><\/li>\n<li><a href=\"http:\/\/twitter.com\/share\" class=\"twitter-share-button\" data-url=\"http:\/\/www.reconoce.mx\/ennio-morricone-regresa-a-la-ciudad-de-mexico\/\" data-count=\"horizontal\" data-via=\"reconocemx\" data-lang=\"es\">Tweet<\/a><script type=\"text\/javascript\" src=\"http:\/\/platform.twitter.com\/widgets.js\"><\/script><\/li>\n<div class=\"fb-like\" data-href=\"http:\/\/www.reconoce.mx\/ennio-morricone-regresa-a-la-ciudad-de-mexico\/\" data-send=\"true\" data-width=\"450\" data-show-faces=\"true\"><\/div>\n<p><strong>Por <a title=\"@AsfaltosTweets \" href=\"https:\/\/twitter.com\/AsfaltosTweets\" target=\"_blank\">Asfaltos<\/a>.<\/strong><\/p>\n<p>Cine y m\u00fasica \u00bfacaso hay algo mejor? <strong>Fue en mayo de 2008 la \u00faltima vez que lo vimos en M\u00e9xico<\/strong>. De larga carrera en la m\u00fasica, y con gran influencia en la cultura popular y otros m\u00fasicos de su tipo, Ennio Morricone es toda una instituci\u00f3n en el oficio de escribir m\u00fasica para la pantalla grande; eso es indiscutible.<\/p>\n<p><iframe loading=\"lazy\" width=\"100%\" height=\"166\" scrolling=\"no\" frameborder=\"no\" src=\"https:\/\/w.soundcloud.com\/player\/?url=https%3A\/\/api.soundcloud.com\/tracks\/128318421&amp;color=ff5500&amp;auto_play=false&amp;hide_related=false&amp;show_artwork=true\"><\/iframe><\/p>\n<p><!--more--><div id=\"attachment_26402\" style=\"width: 610px\" class=\"wp-caption aligncenter\"><a href=\"http:\/\/www.reconoce.mx\/wp-content\/uploads\/morricone.png\"><img loading=\"lazy\" decoding=\"async\" aria-describedby=\"caption-attachment-26402\" class=\"size-full wp-image-26402\" alt=\"Ennio Morricone regresa a la Ciudad de M\u00e9xico.\" src=\"http:\/\/www.reconoce.mx\/wp-content\/uploads\/morricone.png\" width=\"600\" height=\"275\" \/><\/a><p id=\"caption-attachment-26402\" class=\"wp-caption-text\">Ennio Morricone regresa a la Ciudad de M\u00e9xico.<\/p><\/div><\/p>\n<p><!--more-->Rom\u00e1ntico de coraz\u00f3n, el compositor y director italiano ha sido a lo largo de su carrera un camale\u00f3n al momento de escribir m\u00fasica para cine. Con un estilo y lenguaje propios, Morricone se ha adaptado a los requerimientos de cada una de las cintas en las que ha participado. Por eso, escuchar su m\u00fasica en vivo, es indudablemente uno de los m\u00e1s grandes placeres; <strong>su m\u00fasica ruda, potente, llena de expresividad, deja sin aliento<\/strong>.<\/p>\n<p>Anunciado a trav\u00e9s de la cuenta de twitter de la productora de conciertos Zepeda Bros., <strong>el regreso de Morricone a M\u00e9xico se ha anunciado para el 31 de marzo en el Auditorio Nacional<\/strong>.<\/p>\n<div id=\"attachment_26401\" style=\"width: 552px\" class=\"wp-caption aligncenter\"><a href=\"http:\/\/www.reconoce.mx\/wp-content\/uploads\/zepedabros.png\"><img loading=\"lazy\" decoding=\"async\" aria-describedby=\"caption-attachment-26401\" class=\"size-full wp-image-26401\" alt=\"Ennio Morricone regresa a la Ciudad de M\u00e9xico.\" src=\"http:\/\/www.reconoce.mx\/wp-content\/uploads\/zepedabros.png\" width=\"542\" height=\"371\" srcset=\"http:\/\/www.reconoce.mx\/wp-content\/uploads\/zepedabros.png 542w, http:\/\/www.reconoce.mx\/wp-content\/uploads\/zepedabros-300x205.png 300w\" sizes=\"auto, (max-width: 542px) 100vw, 542px\" \/><\/a><p id=\"caption-attachment-26401\" class=\"wp-caption-text\">Ennio Morricone regresa a la Ciudad de M\u00e9xico.<\/p><\/div>\n<p>El indiscutible amo y se\u00f1or del spaghetti western, ganador del Grammy Honor\u00edfico y autor de la m\u00fasica de m\u00e1s de 500 pel\u00edculas y series de televisi\u00f3n, brindar\u00e1 lo que se espera sea<strong> un concierto \u00e9pico<\/strong>.<\/p>\n<p>En espera de m\u00e1s informaci\u00f3n relacionada a los costos y fechas de la venta de boletos, <strong>estaremos pendientes de m\u00e1s detalles<\/strong>. Por lo pronto, el anuncio mismo, es una gran noticia.<\/p>\n<p>&nbsp;<\/p>\n<p>&nbsp;<\/p>\n","protected":false},"excerpt":{"rendered":"<p>Fue en mayo de 2008 la \u00faltima vez que lo vimos en M\u00e9xico. De larga carrera en la m\u00fasica, Ennio Morricone es toda una instituci\u00f3n en el oficio de escribir m\u00fasica para la pantalla grande.<\/p>\n","protected":false},"author":2,"featured_media":26402,"comment_status":"open","ping_status":"open","sticky":false,"template":"","format":"standard","meta":{"footnotes":""},"categories":[24,1,18],"tags":[],"class_list":["post-26400","post","type-post","status-publish","format-standard","has-post-thumbnail","hentry","category-cine","category-cultura","category-musica"],"yoast_head":"<!-- This site is optimized with the Yoast SEO plugin v24.7 - https:\/\/yoast.com\/wordpress\/plugins\/seo\/ -->\n<title>Ennio Morricone regresa a la Ciudad de M\u00e9xico &#171; Reconoce MX<\/title>\n<meta name=\"robots\" content=\"index, follow, max-snippet:-1, max-image-preview:large, max-video-preview:-1\" \/>\n<link rel=\"canonical\" href=\"https:\/\/www.reconoce.mx\/?p=26400\" \/>\n<meta property=\"og:locale\" content=\"es_ES\" \/>\n<meta property=\"og:type\" content=\"article\" \/>\n<meta property=\"og:title\" content=\"Ennio Morricone regresa a la Ciudad de M\u00e9xico &#171; Reconoce MX\" \/>\n<meta property=\"og:description\" content=\"Fue en mayo de 2008 la \u00faltima vez que lo vimos en M\u00e9xico. De larga carrera en la m\u00fasica, Ennio Morricone es toda una instituci\u00f3n en el oficio de escribir m\u00fasica para la pantalla grande.\" \/>\n<meta property=\"og:url\" content=\"https:\/\/www.reconoce.mx\/?p=26400\" \/>\n<meta property=\"og:site_name\" content=\"Reconoce MX\" \/>\n<meta property=\"article:publisher\" content=\"https:\/\/es-la.facebook.com\/ReconoceMX\/\" \/>\n<meta property=\"article:published_time\" content=\"2014-01-24T10:00:54+00:00\" \/>\n<meta property=\"article:modified_time\" content=\"2014-01-30T15:29:22+00:00\" \/>\n<meta property=\"og:image\" content=\"https:\/\/www.reconoce.mx\/wp-content\/uploads\/morricone.png\" \/>\n\t<meta property=\"og:image:width\" content=\"649\" \/>\n\t<meta property=\"og:image:height\" content=\"301\" \/>\n\t<meta property=\"og:image:type\" content=\"image\/png\" \/>\n<meta name=\"author\" content=\"Reconoce MX\" \/>\n<meta name=\"twitter:card\" content=\"summary_large_image\" \/>\n<meta name=\"twitter:creator\" content=\"@reconocemx\" \/>\n<meta name=\"twitter:site\" content=\"@reconocemx\" \/>\n<meta name=\"twitter:label1\" content=\"Escrito por\" \/>\n\t<meta name=\"twitter:data1\" content=\"Reconoce MX\" \/>\n\t<meta name=\"twitter:label2\" content=\"Tiempo de lectura\" \/>\n\t<meta name=\"twitter:data2\" content=\"1 minuto\" \/>\n<script type=\"application\/ld+json\" class=\"yoast-schema-graph\">{\"@context\":\"https:\/\/schema.org\",\"@graph\":[{\"@type\":\"Article\",\"@id\":\"https:\/\/www.reconoce.mx\/?p=26400#article\",\"isPartOf\":{\"@id\":\"https:\/\/www.reconoce.mx\/?p=26400\"},\"author\":{\"name\":\"Reconoce MX\",\"@id\":\"https:\/\/www.reconoce.mx\/#\/schema\/person\/2117e997d7051dc15d6880eaf9bca0b2\"},\"headline\":\"Ennio Morricone regresa a la Ciudad de M\u00e9xico\",\"datePublished\":\"2014-01-24T10:00:54+00:00\",\"dateModified\":\"2014-01-30T15:29:22+00:00\",\"mainEntityOfPage\":{\"@id\":\"https:\/\/www.reconoce.mx\/?p=26400\"},\"wordCount\":299,\"commentCount\":0,\"publisher\":{\"@id\":\"https:\/\/www.reconoce.mx\/#organization\"},\"image\":{\"@id\":\"https:\/\/www.reconoce.mx\/?p=26400#primaryimage\"},\"thumbnailUrl\":\"http:\/\/www.reconoce.mx\/wp-content\/uploads\/morricone.png\",\"articleSection\":[\"Cine\",\"Cultura\",\"M\u00fasica\"],\"inLanguage\":\"es\",\"potentialAction\":[{\"@type\":\"CommentAction\",\"name\":\"Comment\",\"target\":[\"https:\/\/www.reconoce.mx\/?p=26400#respond\"]}]},{\"@type\":\"WebPage\",\"@id\":\"https:\/\/www.reconoce.mx\/?p=26400\",\"url\":\"https:\/\/www.reconoce.mx\/?p=26400\",\"name\":\"Ennio Morricone regresa a la Ciudad de M\u00e9xico &#171; Reconoce MX\",\"isPartOf\":{\"@id\":\"https:\/\/www.reconoce.mx\/#website\"},\"primaryImageOfPage\":{\"@id\":\"https:\/\/www.reconoce.mx\/?p=26400#primaryimage\"},\"image\":{\"@id\":\"https:\/\/www.reconoce.mx\/?p=26400#primaryimage\"},\"thumbnailUrl\":\"http:\/\/www.reconoce.mx\/wp-content\/uploads\/morricone.png\",\"datePublished\":\"2014-01-24T10:00:54+00:00\",\"dateModified\":\"2014-01-30T15:29:22+00:00\",\"breadcrumb\":{\"@id\":\"https:\/\/www.reconoce.mx\/?p=26400#breadcrumb\"},\"inLanguage\":\"es\",\"potentialAction\":[{\"@type\":\"ReadAction\",\"target\":[\"https:\/\/www.reconoce.mx\/?p=26400\"]}]},{\"@type\":\"ImageObject\",\"inLanguage\":\"es\",\"@id\":\"https:\/\/www.reconoce.mx\/?p=26400#primaryimage\",\"url\":\"http:\/\/www.reconoce.mx\/wp-content\/uploads\/morricone.png\",\"contentUrl\":\"http:\/\/www.reconoce.mx\/wp-content\/uploads\/morricone.png\",\"width\":649,\"height\":301,\"caption\":\"Ennio Morricone regresa a la Ciudad de M\u00e9xico.\"},{\"@type\":\"BreadcrumbList\",\"@id\":\"https:\/\/www.reconoce.mx\/?p=26400#breadcrumb\",\"itemListElement\":[{\"@type\":\"ListItem\",\"position\":1,\"name\":\"Portada\",\"item\":\"https:\/\/www.reconoce.mx\/\"},{\"@type\":\"ListItem\",\"position\":2,\"name\":\"Ennio Morricone regresa a la Ciudad de M\u00e9xico\"}]},{\"@type\":\"WebSite\",\"@id\":\"https:\/\/www.reconoce.mx\/#website\",\"url\":\"https:\/\/www.reconoce.mx\/\",\"name\":\"Reconoce MX\",\"description\":\"En Reconoce MX difundimos arte, cultura y conciencia social en M\u00e9xico. Tu ciudad en otra perspectiva.\",\"publisher\":{\"@id\":\"https:\/\/www.reconoce.mx\/#organization\"},\"potentialAction\":[{\"@type\":\"SearchAction\",\"target\":{\"@type\":\"EntryPoint\",\"urlTemplate\":\"https:\/\/www.reconoce.mx\/?s={search_term_string}\"},\"query-input\":{\"@type\":\"PropertyValueSpecification\",\"valueRequired\":true,\"valueName\":\"search_term_string\"}}],\"inLanguage\":\"es\"},{\"@type\":\"Organization\",\"@id\":\"https:\/\/www.reconoce.mx\/#organization\",\"name\":\"Reconoce MX\",\"url\":\"https:\/\/www.reconoce.mx\/\",\"logo\":{\"@type\":\"ImageObject\",\"inLanguage\":\"es\",\"@id\":\"https:\/\/www.reconoce.mx\/#\/schema\/logo\/image\/\",\"url\":\"https:\/\/www.reconoce.mx\/wp-content\/uploads\/2019\/03\/logorcmx-good-1.png\",\"contentUrl\":\"https:\/\/www.reconoce.mx\/wp-content\/uploads\/2019\/03\/logorcmx-good-1.png\",\"width\":280,\"height\":90,\"caption\":\"Reconoce MX\"},\"image\":{\"@id\":\"https:\/\/www.reconoce.mx\/#\/schema\/logo\/image\/\"},\"sameAs\":[\"https:\/\/es-la.facebook.com\/ReconoceMX\/\",\"https:\/\/x.com\/reconocemx\",\"http:\/\/@reconocemx\"]},{\"@type\":\"Person\",\"@id\":\"https:\/\/www.reconoce.mx\/#\/schema\/person\/2117e997d7051dc15d6880eaf9bca0b2\",\"name\":\"Reconoce MX\",\"image\":{\"@type\":\"ImageObject\",\"inLanguage\":\"es\",\"@id\":\"https:\/\/www.reconoce.mx\/#\/schema\/person\/image\/\",\"url\":\"https:\/\/secure.gravatar.com\/avatar\/6c8d4dc7569ca1c90c5fdcc349f839d5ddef6fe1e70b4337ead2ef1a4c43fc3a?s=96&d=identicon&r=g\",\"contentUrl\":\"https:\/\/secure.gravatar.com\/avatar\/6c8d4dc7569ca1c90c5fdcc349f839d5ddef6fe1e70b4337ead2ef1a4c43fc3a?s=96&d=identicon&r=g\",\"caption\":\"Reconoce MX\"},\"description\":\"Reconoce MX es un proyecto de difusi\u00f3n art\u00edstica, cultural y de conciencia social que est\u00e1 enfocado a difundir y fomentar el entretenimiento alternativo de calidad para todo el p\u00fablico que comparta el mismo entusiasmo.\",\"sameAs\":[\"http:\/\/www.reconoce.mx\"],\"url\":\"http:\/\/www.reconoce.mx\/?author=2\"}]}<\/script>\n<!-- \/ Yoast SEO plugin. -->","yoast_head_json":{"title":"Ennio Morricone regresa a la Ciudad de M\u00e9xico &#171; Reconoce MX","robots":{"index":"index","follow":"follow","max-snippet":"max-snippet:-1","max-image-preview":"max-image-preview:large","max-video-preview":"max-video-preview:-1"},"canonical":"https:\/\/www.reconoce.mx\/?p=26400","og_locale":"es_ES","og_type":"article","og_title":"Ennio Morricone regresa a la Ciudad de M\u00e9xico &#171; Reconoce MX","og_description":"Fue en mayo de 2008 la \u00faltima vez que lo vimos en M\u00e9xico. De larga carrera en la m\u00fasica, Ennio Morricone es toda una instituci\u00f3n en el oficio de escribir m\u00fasica para la pantalla grande.","og_url":"https:\/\/www.reconoce.mx\/?p=26400","og_site_name":"Reconoce MX","article_publisher":"https:\/\/es-la.facebook.com\/ReconoceMX\/","article_published_time":"2014-01-24T10:00:54+00:00","article_modified_time":"2014-01-30T15:29:22+00:00","og_image":[{"width":649,"height":301,"url":"https:\/\/www.reconoce.mx\/wp-content\/uploads\/morricone.png","type":"image\/png"}],"author":"Reconoce MX","twitter_card":"summary_large_image","twitter_creator":"@reconocemx","twitter_site":"@reconocemx","twitter_misc":{"Escrito por":"Reconoce MX","Tiempo de lectura":"1 minuto"},"schema":{"@context":"https:\/\/schema.org","@graph":[{"@type":"Article","@id":"https:\/\/www.reconoce.mx\/?p=26400#article","isPartOf":{"@id":"https:\/\/www.reconoce.mx\/?p=26400"},"author":{"name":"Reconoce MX","@id":"https:\/\/www.reconoce.mx\/#\/schema\/person\/2117e997d7051dc15d6880eaf9bca0b2"},"headline":"Ennio Morricone regresa a la Ciudad de M\u00e9xico","datePublished":"2014-01-24T10:00:54+00:00","dateModified":"2014-01-30T15:29:22+00:00","mainEntityOfPage":{"@id":"https:\/\/www.reconoce.mx\/?p=26400"},"wordCount":299,"commentCount":0,"publisher":{"@id":"https:\/\/www.reconoce.mx\/#organization"},"image":{"@id":"https:\/\/www.reconoce.mx\/?p=26400#primaryimage"},"thumbnailUrl":"http:\/\/www.reconoce.mx\/wp-content\/uploads\/morricone.png","articleSection":["Cine","Cultura","M\u00fasica"],"inLanguage":"es","potentialAction":[{"@type":"CommentAction","name":"Comment","target":["https:\/\/www.reconoce.mx\/?p=26400#respond"]}]},{"@type":"WebPage","@id":"https:\/\/www.reconoce.mx\/?p=26400","url":"https:\/\/www.reconoce.mx\/?p=26400","name":"Ennio Morricone regresa a la Ciudad de M\u00e9xico &#171; Reconoce MX","isPartOf":{"@id":"https:\/\/www.reconoce.mx\/#website"},"primaryImageOfPage":{"@id":"https:\/\/www.reconoce.mx\/?p=26400#primaryimage"},"image":{"@id":"https:\/\/www.reconoce.mx\/?p=26400#primaryimage"},"thumbnailUrl":"http:\/\/www.reconoce.mx\/wp-content\/uploads\/morricone.png","datePublished":"2014-01-24T10:00:54+00:00","dateModified":"2014-01-30T15:29:22+00:00","breadcrumb":{"@id":"https:\/\/www.reconoce.mx\/?p=26400#breadcrumb"},"inLanguage":"es","potentialAction":[{"@type":"ReadAction","target":["https:\/\/www.reconoce.mx\/?p=26400"]}]},{"@type":"ImageObject","inLanguage":"es","@id":"https:\/\/www.reconoce.mx\/?p=26400#primaryimage","url":"http:\/\/www.reconoce.mx\/wp-content\/uploads\/morricone.png","contentUrl":"http:\/\/www.reconoce.mx\/wp-content\/uploads\/morricone.png","width":649,"height":301,"caption":"Ennio Morricone regresa a la Ciudad de M\u00e9xico."},{"@type":"BreadcrumbList","@id":"https:\/\/www.reconoce.mx\/?p=26400#breadcrumb","itemListElement":[{"@type":"ListItem","position":1,"name":"Portada","item":"https:\/\/www.reconoce.mx\/"},{"@type":"ListItem","position":2,"name":"Ennio Morricone regresa a la Ciudad de M\u00e9xico"}]},{"@type":"WebSite","@id":"https:\/\/www.reconoce.mx\/#website","url":"https:\/\/www.reconoce.mx\/","name":"Reconoce MX","description":"En Reconoce MX difundimos arte, cultura y conciencia social en M\u00e9xico. Tu ciudad en otra perspectiva.","publisher":{"@id":"https:\/\/www.reconoce.mx\/#organization"},"potentialAction":[{"@type":"SearchAction","target":{"@type":"EntryPoint","urlTemplate":"https:\/\/www.reconoce.mx\/?s={search_term_string}"},"query-input":{"@type":"PropertyValueSpecification","valueRequired":true,"valueName":"search_term_string"}}],"inLanguage":"es"},{"@type":"Organization","@id":"https:\/\/www.reconoce.mx\/#organization","name":"Reconoce MX","url":"https:\/\/www.reconoce.mx\/","logo":{"@type":"ImageObject","inLanguage":"es","@id":"https:\/\/www.reconoce.mx\/#\/schema\/logo\/image\/","url":"https:\/\/www.reconoce.mx\/wp-content\/uploads\/2019\/03\/logorcmx-good-1.png","contentUrl":"https:\/\/www.reconoce.mx\/wp-content\/uploads\/2019\/03\/logorcmx-good-1.png","width":280,"height":90,"caption":"Reconoce MX"},"image":{"@id":"https:\/\/www.reconoce.mx\/#\/schema\/logo\/image\/"},"sameAs":["https:\/\/es-la.facebook.com\/ReconoceMX\/","https:\/\/x.com\/reconocemx","http:\/\/@reconocemx"]},{"@type":"Person","@id":"https:\/\/www.reconoce.mx\/#\/schema\/person\/2117e997d7051dc15d6880eaf9bca0b2","name":"Reconoce MX","image":{"@type":"ImageObject","inLanguage":"es","@id":"https:\/\/www.reconoce.mx\/#\/schema\/person\/image\/","url":"https:\/\/secure.gravatar.com\/avatar\/6c8d4dc7569ca1c90c5fdcc349f839d5ddef6fe1e70b4337ead2ef1a4c43fc3a?s=96&d=identicon&r=g","contentUrl":"https:\/\/secure.gravatar.com\/avatar\/6c8d4dc7569ca1c90c5fdcc349f839d5ddef6fe1e70b4337ead2ef1a4c43fc3a?s=96&d=identicon&r=g","caption":"Reconoce MX"},"description":"Reconoce MX es un proyecto de difusi\u00f3n art\u00edstica, cultural y de conciencia social que est\u00e1 enfocado a difundir y fomentar el entretenimiento alternativo de calidad para todo el p\u00fablico que comparta el mismo entusiasmo.","sameAs":["http:\/\/www.reconoce.mx"],"url":"http:\/\/www.reconoce.mx\/?author=2"}]}},"_links":{"self":[{"href":"http:\/\/www.reconoce.mx\/index.php?rest_route=\/wp\/v2\/posts\/26400","targetHints":{"allow":["GET"]}}],"collection":[{"href":"http:\/\/www.reconoce.mx\/index.php?rest_route=\/wp\/v2\/posts"}],"about":[{"href":"http:\/\/www.reconoce.mx\/index.php?rest_route=\/wp\/v2\/types\/post"}],"author":[{"embeddable":true,"href":"http:\/\/www.reconoce.mx\/index.php?rest_route=\/wp\/v2\/users\/2"}],"replies":[{"embeddable":true,"href":"http:\/\/www.reconoce.mx\/index.php?rest_route=%2Fwp%2Fv2%2Fcomments&post=26400"}],"version-history":[{"count":9,"href":"http:\/\/www.reconoce.mx\/index.php?rest_route=\/wp\/v2\/posts\/26400\/revisions"}],"predecessor-version":[{"id":26486,"href":"http:\/\/www.reconoce.mx\/index.php?rest_route=\/wp\/v2\/posts\/26400\/revisions\/26486"}],"wp:featuredmedia":[{"embeddable":true,"href":"http:\/\/www.reconoce.mx\/index.php?rest_route=\/wp\/v2\/media\/26402"}],"wp:attachment":[{"href":"http:\/\/www.reconoce.mx\/index.php?rest_route=%2Fwp%2Fv2%2Fmedia&parent=26400"}],"wp:term":[{"taxonomy":"category","embeddable":true,"href":"http:\/\/www.reconoce.mx\/index.php?rest_route=%2Fwp%2Fv2%2Fcategories&post=26400"},{"taxonomy":"post_tag","embeddable":true,"href":"http:\/\/www.reconoce.mx\/index.php?rest_route=%2Fwp%2Fv2%2Ftags&post=26400"}],"curies":[{"name":"wp","href":"https:\/\/api.w.org\/{rel}","templated":true}]}}