{"id":26459,"date":"2014-01-26T01:00:31","date_gmt":"2014-01-26T07:00:31","guid":{"rendered":"http:\/\/www.reconoce.mx\/?p=26459"},"modified":"2014-02-03T14:43:49","modified_gmt":"2014-02-03T20:43:49","slug":"melies-el-mago-que-transformo-una-curiosidad-de-circo-en-la-fabrica-de-suenos","status":"publish","type":"post","link":"http:\/\/www.reconoce.mx\/?p=26459","title":{"rendered":"M\u00e9li\u00e8s, el mago que transform\u00f3 una curiosidad de circo en la f\u00e1brica de sue\u00f1os"},"content":{"rendered":"<ul id=\"botones-home\">\n<li><script type=\"text\/javascript\" src=\"https:\/\/apis.google.com\/js\/plusone.js\"><\/script><g:plusone width=\"55\" height=\"20\" href=\"http:\/\/www.reconoce.mx\/melies-el-mago-que-transformo-una-curiosidad-de-circo-en-la-fabrica-de-suenos\/\"><\/g:plusone><\/li>\n<li><a href=\"http:\/\/twitter.com\/share\" class=\"twitter-share-button\" data-url=\"http:\/\/www.reconoce.mx\/melies-el-mago-que-transformo-una-curiosidad-de-circo-en-la-fabrica-de-suenos\/\" data-count=\"horizontal\" data-via=\"reconocemx\" data-lang=\"es\">Tweet<\/a><script type=\"text\/javascript\" src=\"http:\/\/platform.twitter.com\/widgets.js\"><\/script><\/li>\n<div class=\"fb-like\" data-href=\"http:\/\/www.reconoce.mx\/melies-el-mago-que-transformo-una-curiosidad-de-circo-en-la-fabrica-de-suenos\/\" data-send=\"true\" data-width=\"450\" data-show-faces=\"true\"><\/div>\n<p><strong>Por\u00a0<a title=\"@animalceluloide\" href=\"https:\/\/twitter.com\/animalceluloide\" target=\"_blank\">Ana Esc\u00e1rcega<\/a>.<\/strong><\/p>\n<p>Cuando los hermanos Auguste y Louis Lumi\u00e8re presentaron su prodigio el 28 de diciembre de 1895, en el sal\u00f3n Indien del Grand Caf\u00e9 de Par\u00eds se hab\u00edan reunido tan solo un pu\u00f1ado de personas. En un principio los asistentes estaban un tanto esc\u00e9pticos, pero es bien sabida ya por todos la an\u00e9cdota que se cuenta del hist\u00f3rico momento en el que la imagen del tren se acerc\u00f3 a la pantalla y los espectadores asustados saltaron de sus asientos temiendo por sus vidas. Entre estos asistentes se encontraba un conocido<strong> ilusionista de circo e inventor: Georges M\u00e9li\u00e8s<\/strong>.<\/p>\n<div id=\"attachment_26460\" style=\"width: 610px\" class=\"wp-caption aligncenter\"><a href=\"http:\/\/www.reconoce.mx\/wp-content\/uploads\/melies.png\"><img loading=\"lazy\" decoding=\"async\" aria-describedby=\"caption-attachment-26460\" class=\"size-full wp-image-26460\" alt=\"M\u00e9li\u00e8s, el mago que transform\u00f3 una curiosidad de circo en la f\u00e1brica de sue\u00f1os.\" src=\"http:\/\/www.reconoce.mx\/wp-content\/uploads\/melies.png\" width=\"600\" height=\"275\" \/><\/a><p id=\"caption-attachment-26460\" class=\"wp-caption-text\">M\u00e9li\u00e8s, el mago que transform\u00f3 una curiosidad de circo en la f\u00e1brica de sue\u00f1os.<\/p><\/div>\n<p><!--more-->M\u00e9li\u00e8s de inmediato supo lo que ten\u00eda en frente; fue capaz de vislumbrar el futuro del invento con todas sus posibilidades, pero cuando se acerc\u00f3 a los Lumi\u00e8re para ofrecerles la compra del cinemat\u00f3grafo, \u00e9stos se lo negaron argumentando que <strong>no le conven\u00eda comprar algo sin futuro y que no pasar\u00eda de ser una curiosidad de circo<\/strong>.<\/p>\n<p>Los Lumi\u00e8re no ten\u00edan mala intenci\u00f3n, ellos mismos no hab\u00edan sido capaces de saber las consecuencias de lo que hab\u00edan inventado y para ellos, en efecto, se trataba de no m\u00e1s que una novedad que pasar\u00eda de moda como lo hab\u00edan hecho todos los juguetes \u00f3pticos previos a su invenci\u00f3n. No es de sorprender que sus pel\u00edculas perdieran la atenci\u00f3n del p\u00fablico con el paso de los a\u00f1os, <strong>los hermanos se limitaron a filmar momentos cotidianos de la vida en la ciudad, lo que termin\u00f3 por aburrir<\/strong>.<\/p>\n<p>Pero <strong>M\u00e9li\u00e8s no se dio por vencido, estaba convencido<\/strong> de lo que pod\u00eda hacer con el invento, por lo que viaj\u00f3 a Londres para conocer a Robert William Paul, quien hab\u00eda inventado un aparato muy parecido al cinemat\u00f3grafo de los Lumi\u00e8re y se lo compr\u00f3.<\/p>\n<p><iframe loading=\"lazy\" width=\"625\" height=\"469\" src=\"\/\/www.youtube.com\/embed\/wbJ01n5uoxc\" frameborder=\"0\" allowfullscreen><\/iframe><\/p>\n<p>Fue as\u00ed como el ilusionista comenz\u00f3 a hacer sus propias pel\u00edculas. Al principio realizaba simples filmaciones de sus n\u00fameros de magia, hasta que accidentalmente descubri\u00f3 el efecto que hoy conocemos como <em>stop trick<\/em>; la verdadera magia comenz\u00f3. M\u00e9li\u00e8s experiment\u00f3 con diversos trucos de c\u00e1mara y con la cinta de celuloide, algunas de sus pel\u00edculas fueron incluso coloreadas a mano en un intento por hacer cine a color y se sabe que incluso lleg\u00f3 a experimentar para crear un efecto en 3D; \u00e9sto nos habla de la visi\u00f3n que tuvo M\u00e9li\u00e8s del cine, de su gran proyecci\u00f3n a futuro y de c\u00f3mo, para \u00e9l, se trataba de <strong>algo que revolucionar\u00eda la historia de la humanidad<\/strong>. Y no, no estaba equivocado.<\/p>\n<p>M\u00e9li\u00e8s se dedic\u00f3 entonces a contar historias llenas de magia y efectos especiales, im\u00e1genes superpuestas y trucos de ilusionista que realizaba en un estudio con paredes de cristal que \u00e9l mismo hab\u00eda ideado para aprovechar mejor la luz del sol; su pasado en el teatro y el circo le hab\u00edan dejado la experiencia para la confecci\u00f3n de trajes y escenograf\u00edas gigantescas y la literatura le prove\u00eda de historias para contar. <strong>El cine se hab\u00eda convertido en la f\u00e1brica de sue\u00f1os<\/strong>.<\/p>\n<p>Con el inicio de la Primera Guerra Mundial, el p\u00fablico perdi\u00f3 temporalmente su inter\u00e9s por el cine y M\u00e9li\u00e8s, ya quebrado puesto que el cine a\u00fan no figuraba como un negocio, simplemente desapareci\u00f3 junto con cientos de sus pel\u00edculas; actualmente se han encontrado algunas que figuraban en colecciones privadas, pero se calcula que <strong>el ilusionista realiz\u00f3 m\u00e1s de 500 pel\u00edculas, de las cuales se ha recuperado quiz\u00e1s la mitad<\/strong>.<\/p>\n<p>Si bien existieron muchos pioneros del cine, no es tan arriesgado decir que ninguno de ellos tuvo<strong> la sensibilidad que tuvo Georges M\u00e9li\u00e8s<\/strong>, ni su capacidad por hacer so\u00f1ar a su p\u00fablico. Su obra sigue sorprendiendo a m\u00e1s de 100 a\u00f1os de existencia y podemos decir sin temor a equivocarnos que el cine mundial le debe mucho a este gran mago de circo.<\/p>\n<p>&nbsp;<\/p>\n<p>&nbsp;<\/p>\n","protected":false},"excerpt":{"rendered":"<p>Supo lo que ten\u00eda en frente; fue capaz de ver el futuro del invento con todas sus posibilidades. Cuando se acerc\u00f3 a los Lumi\u00e8re para ofrecerles la compra del cinemat\u00f3grafo, se lo negaron.<\/p>\n","protected":false},"author":2,"featured_media":26460,"comment_status":"open","ping_status":"open","sticky":false,"template":"","format":"standard","meta":{"footnotes":""},"categories":[24,1],"tags":[],"class_list":["post-26459","post","type-post","status-publish","format-standard","has-post-thumbnail","hentry","category-cine","category-cultura"],"yoast_head":"<!-- This site is optimized with the Yoast SEO plugin v24.7 - https:\/\/yoast.com\/wordpress\/plugins\/seo\/ -->\n<title>M\u00e9li\u00e8s, el mago que transform\u00f3 una curiosidad de circo en la f\u00e1brica de sue\u00f1os &#171; Reconoce MX<\/title>\n<meta name=\"robots\" content=\"index, follow, max-snippet:-1, max-image-preview:large, max-video-preview:-1\" \/>\n<link rel=\"canonical\" href=\"https:\/\/www.reconoce.mx\/?p=26459\" \/>\n<meta property=\"og:locale\" content=\"es_ES\" \/>\n<meta property=\"og:type\" content=\"article\" \/>\n<meta property=\"og:title\" content=\"M\u00e9li\u00e8s, el mago que transform\u00f3 una curiosidad de circo en la f\u00e1brica de sue\u00f1os &#171; Reconoce MX\" \/>\n<meta property=\"og:description\" content=\"Supo lo que ten\u00eda en frente; fue capaz de ver el futuro del invento con todas sus posibilidades. Cuando se acerc\u00f3 a los Lumi\u00e8re para ofrecerles la compra del cinemat\u00f3grafo, se lo negaron.\" \/>\n<meta property=\"og:url\" content=\"https:\/\/www.reconoce.mx\/?p=26459\" \/>\n<meta property=\"og:site_name\" content=\"Reconoce MX\" \/>\n<meta property=\"article:publisher\" content=\"https:\/\/es-la.facebook.com\/ReconoceMX\/\" \/>\n<meta property=\"article:published_time\" content=\"2014-01-26T07:00:31+00:00\" \/>\n<meta property=\"article:modified_time\" content=\"2014-02-03T20:43:49+00:00\" \/>\n<meta property=\"og:image\" content=\"https:\/\/www.reconoce.mx\/wp-content\/uploads\/melies.png\" \/>\n\t<meta property=\"og:image:width\" content=\"649\" \/>\n\t<meta property=\"og:image:height\" content=\"301\" \/>\n\t<meta property=\"og:image:type\" content=\"image\/png\" \/>\n<meta name=\"author\" content=\"Reconoce MX\" \/>\n<meta name=\"twitter:card\" content=\"summary_large_image\" \/>\n<meta name=\"twitter:creator\" content=\"@reconocemx\" \/>\n<meta name=\"twitter:site\" content=\"@reconocemx\" \/>\n<meta name=\"twitter:label1\" content=\"Escrito por\" \/>\n\t<meta name=\"twitter:data1\" content=\"Reconoce MX\" \/>\n\t<meta name=\"twitter:label2\" content=\"Tiempo de lectura\" \/>\n\t<meta name=\"twitter:data2\" content=\"4 minutos\" \/>\n<script type=\"application\/ld+json\" class=\"yoast-schema-graph\">{\"@context\":\"https:\/\/schema.org\",\"@graph\":[{\"@type\":\"Article\",\"@id\":\"https:\/\/www.reconoce.mx\/?p=26459#article\",\"isPartOf\":{\"@id\":\"https:\/\/www.reconoce.mx\/?p=26459\"},\"author\":{\"name\":\"Reconoce MX\",\"@id\":\"https:\/\/www.reconoce.mx\/#\/schema\/person\/2117e997d7051dc15d6880eaf9bca0b2\"},\"headline\":\"M\u00e9li\u00e8s, el mago que transform\u00f3 una curiosidad de circo en la f\u00e1brica de sue\u00f1os\",\"datePublished\":\"2014-01-26T07:00:31+00:00\",\"dateModified\":\"2014-02-03T20:43:49+00:00\",\"mainEntityOfPage\":{\"@id\":\"https:\/\/www.reconoce.mx\/?p=26459\"},\"wordCount\":736,\"commentCount\":0,\"publisher\":{\"@id\":\"https:\/\/www.reconoce.mx\/#organization\"},\"image\":{\"@id\":\"https:\/\/www.reconoce.mx\/?p=26459#primaryimage\"},\"thumbnailUrl\":\"http:\/\/www.reconoce.mx\/wp-content\/uploads\/melies.png\",\"articleSection\":[\"Cine\",\"Cultura\"],\"inLanguage\":\"es\",\"potentialAction\":[{\"@type\":\"CommentAction\",\"name\":\"Comment\",\"target\":[\"https:\/\/www.reconoce.mx\/?p=26459#respond\"]}]},{\"@type\":\"WebPage\",\"@id\":\"https:\/\/www.reconoce.mx\/?p=26459\",\"url\":\"https:\/\/www.reconoce.mx\/?p=26459\",\"name\":\"M\u00e9li\u00e8s, el mago que transform\u00f3 una curiosidad de circo en la f\u00e1brica de sue\u00f1os &#171; Reconoce MX\",\"isPartOf\":{\"@id\":\"https:\/\/www.reconoce.mx\/#website\"},\"primaryImageOfPage\":{\"@id\":\"https:\/\/www.reconoce.mx\/?p=26459#primaryimage\"},\"image\":{\"@id\":\"https:\/\/www.reconoce.mx\/?p=26459#primaryimage\"},\"thumbnailUrl\":\"http:\/\/www.reconoce.mx\/wp-content\/uploads\/melies.png\",\"datePublished\":\"2014-01-26T07:00:31+00:00\",\"dateModified\":\"2014-02-03T20:43:49+00:00\",\"breadcrumb\":{\"@id\":\"https:\/\/www.reconoce.mx\/?p=26459#breadcrumb\"},\"inLanguage\":\"es\",\"potentialAction\":[{\"@type\":\"ReadAction\",\"target\":[\"https:\/\/www.reconoce.mx\/?p=26459\"]}]},{\"@type\":\"ImageObject\",\"inLanguage\":\"es\",\"@id\":\"https:\/\/www.reconoce.mx\/?p=26459#primaryimage\",\"url\":\"http:\/\/www.reconoce.mx\/wp-content\/uploads\/melies.png\",\"contentUrl\":\"http:\/\/www.reconoce.mx\/wp-content\/uploads\/melies.png\",\"width\":649,\"height\":301,\"caption\":\"M\u00e9li\u00e8s, el mago que transform\u00f3 una curiosidad de circo en la f\u00e1brica de sue\u00f1os.\"},{\"@type\":\"BreadcrumbList\",\"@id\":\"https:\/\/www.reconoce.mx\/?p=26459#breadcrumb\",\"itemListElement\":[{\"@type\":\"ListItem\",\"position\":1,\"name\":\"Portada\",\"item\":\"https:\/\/www.reconoce.mx\/\"},{\"@type\":\"ListItem\",\"position\":2,\"name\":\"M\u00e9li\u00e8s, el mago que transform\u00f3 una curiosidad de circo en la f\u00e1brica de sue\u00f1os\"}]},{\"@type\":\"WebSite\",\"@id\":\"https:\/\/www.reconoce.mx\/#website\",\"url\":\"https:\/\/www.reconoce.mx\/\",\"name\":\"Reconoce MX\",\"description\":\"En Reconoce MX difundimos arte, cultura y conciencia social en M\u00e9xico. Tu ciudad en otra perspectiva.\",\"publisher\":{\"@id\":\"https:\/\/www.reconoce.mx\/#organization\"},\"potentialAction\":[{\"@type\":\"SearchAction\",\"target\":{\"@type\":\"EntryPoint\",\"urlTemplate\":\"https:\/\/www.reconoce.mx\/?s={search_term_string}\"},\"query-input\":{\"@type\":\"PropertyValueSpecification\",\"valueRequired\":true,\"valueName\":\"search_term_string\"}}],\"inLanguage\":\"es\"},{\"@type\":\"Organization\",\"@id\":\"https:\/\/www.reconoce.mx\/#organization\",\"name\":\"Reconoce MX\",\"url\":\"https:\/\/www.reconoce.mx\/\",\"logo\":{\"@type\":\"ImageObject\",\"inLanguage\":\"es\",\"@id\":\"https:\/\/www.reconoce.mx\/#\/schema\/logo\/image\/\",\"url\":\"https:\/\/www.reconoce.mx\/wp-content\/uploads\/2019\/03\/logorcmx-good-1.png\",\"contentUrl\":\"https:\/\/www.reconoce.mx\/wp-content\/uploads\/2019\/03\/logorcmx-good-1.png\",\"width\":280,\"height\":90,\"caption\":\"Reconoce MX\"},\"image\":{\"@id\":\"https:\/\/www.reconoce.mx\/#\/schema\/logo\/image\/\"},\"sameAs\":[\"https:\/\/es-la.facebook.com\/ReconoceMX\/\",\"https:\/\/x.com\/reconocemx\",\"http:\/\/@reconocemx\"]},{\"@type\":\"Person\",\"@id\":\"https:\/\/www.reconoce.mx\/#\/schema\/person\/2117e997d7051dc15d6880eaf9bca0b2\",\"name\":\"Reconoce MX\",\"image\":{\"@type\":\"ImageObject\",\"inLanguage\":\"es\",\"@id\":\"https:\/\/www.reconoce.mx\/#\/schema\/person\/image\/\",\"url\":\"https:\/\/secure.gravatar.com\/avatar\/6c8d4dc7569ca1c90c5fdcc349f839d5ddef6fe1e70b4337ead2ef1a4c43fc3a?s=96&d=identicon&r=g\",\"contentUrl\":\"https:\/\/secure.gravatar.com\/avatar\/6c8d4dc7569ca1c90c5fdcc349f839d5ddef6fe1e70b4337ead2ef1a4c43fc3a?s=96&d=identicon&r=g\",\"caption\":\"Reconoce MX\"},\"description\":\"Reconoce MX es un proyecto de difusi\u00f3n art\u00edstica, cultural y de conciencia social que est\u00e1 enfocado a difundir y fomentar el entretenimiento alternativo de calidad para todo el p\u00fablico que comparta el mismo entusiasmo.\",\"sameAs\":[\"http:\/\/www.reconoce.mx\"],\"url\":\"http:\/\/www.reconoce.mx\/?author=2\"}]}<\/script>\n<!-- \/ Yoast SEO plugin. -->","yoast_head_json":{"title":"M\u00e9li\u00e8s, el mago que transform\u00f3 una curiosidad de circo en la f\u00e1brica de sue\u00f1os &#171; Reconoce MX","robots":{"index":"index","follow":"follow","max-snippet":"max-snippet:-1","max-image-preview":"max-image-preview:large","max-video-preview":"max-video-preview:-1"},"canonical":"https:\/\/www.reconoce.mx\/?p=26459","og_locale":"es_ES","og_type":"article","og_title":"M\u00e9li\u00e8s, el mago que transform\u00f3 una curiosidad de circo en la f\u00e1brica de sue\u00f1os &#171; Reconoce MX","og_description":"Supo lo que ten\u00eda en frente; fue capaz de ver el futuro del invento con todas sus posibilidades. Cuando se acerc\u00f3 a los Lumi\u00e8re para ofrecerles la compra del cinemat\u00f3grafo, se lo negaron.","og_url":"https:\/\/www.reconoce.mx\/?p=26459","og_site_name":"Reconoce MX","article_publisher":"https:\/\/es-la.facebook.com\/ReconoceMX\/","article_published_time":"2014-01-26T07:00:31+00:00","article_modified_time":"2014-02-03T20:43:49+00:00","og_image":[{"width":649,"height":301,"url":"https:\/\/www.reconoce.mx\/wp-content\/uploads\/melies.png","type":"image\/png"}],"author":"Reconoce MX","twitter_card":"summary_large_image","twitter_creator":"@reconocemx","twitter_site":"@reconocemx","twitter_misc":{"Escrito por":"Reconoce MX","Tiempo de lectura":"4 minutos"},"schema":{"@context":"https:\/\/schema.org","@graph":[{"@type":"Article","@id":"https:\/\/www.reconoce.mx\/?p=26459#article","isPartOf":{"@id":"https:\/\/www.reconoce.mx\/?p=26459"},"author":{"name":"Reconoce MX","@id":"https:\/\/www.reconoce.mx\/#\/schema\/person\/2117e997d7051dc15d6880eaf9bca0b2"},"headline":"M\u00e9li\u00e8s, el mago que transform\u00f3 una curiosidad de circo en la f\u00e1brica de sue\u00f1os","datePublished":"2014-01-26T07:00:31+00:00","dateModified":"2014-02-03T20:43:49+00:00","mainEntityOfPage":{"@id":"https:\/\/www.reconoce.mx\/?p=26459"},"wordCount":736,"commentCount":0,"publisher":{"@id":"https:\/\/www.reconoce.mx\/#organization"},"image":{"@id":"https:\/\/www.reconoce.mx\/?p=26459#primaryimage"},"thumbnailUrl":"http:\/\/www.reconoce.mx\/wp-content\/uploads\/melies.png","articleSection":["Cine","Cultura"],"inLanguage":"es","potentialAction":[{"@type":"CommentAction","name":"Comment","target":["https:\/\/www.reconoce.mx\/?p=26459#respond"]}]},{"@type":"WebPage","@id":"https:\/\/www.reconoce.mx\/?p=26459","url":"https:\/\/www.reconoce.mx\/?p=26459","name":"M\u00e9li\u00e8s, el mago que transform\u00f3 una curiosidad de circo en la f\u00e1brica de sue\u00f1os &#171; Reconoce MX","isPartOf":{"@id":"https:\/\/www.reconoce.mx\/#website"},"primaryImageOfPage":{"@id":"https:\/\/www.reconoce.mx\/?p=26459#primaryimage"},"image":{"@id":"https:\/\/www.reconoce.mx\/?p=26459#primaryimage"},"thumbnailUrl":"http:\/\/www.reconoce.mx\/wp-content\/uploads\/melies.png","datePublished":"2014-01-26T07:00:31+00:00","dateModified":"2014-02-03T20:43:49+00:00","breadcrumb":{"@id":"https:\/\/www.reconoce.mx\/?p=26459#breadcrumb"},"inLanguage":"es","potentialAction":[{"@type":"ReadAction","target":["https:\/\/www.reconoce.mx\/?p=26459"]}]},{"@type":"ImageObject","inLanguage":"es","@id":"https:\/\/www.reconoce.mx\/?p=26459#primaryimage","url":"http:\/\/www.reconoce.mx\/wp-content\/uploads\/melies.png","contentUrl":"http:\/\/www.reconoce.mx\/wp-content\/uploads\/melies.png","width":649,"height":301,"caption":"M\u00e9li\u00e8s, el mago que transform\u00f3 una curiosidad de circo en la f\u00e1brica de sue\u00f1os."},{"@type":"BreadcrumbList","@id":"https:\/\/www.reconoce.mx\/?p=26459#breadcrumb","itemListElement":[{"@type":"ListItem","position":1,"name":"Portada","item":"https:\/\/www.reconoce.mx\/"},{"@type":"ListItem","position":2,"name":"M\u00e9li\u00e8s, el mago que transform\u00f3 una curiosidad de circo en la f\u00e1brica de sue\u00f1os"}]},{"@type":"WebSite","@id":"https:\/\/www.reconoce.mx\/#website","url":"https:\/\/www.reconoce.mx\/","name":"Reconoce MX","description":"En Reconoce MX difundimos arte, cultura y conciencia social en M\u00e9xico. Tu ciudad en otra perspectiva.","publisher":{"@id":"https:\/\/www.reconoce.mx\/#organization"},"potentialAction":[{"@type":"SearchAction","target":{"@type":"EntryPoint","urlTemplate":"https:\/\/www.reconoce.mx\/?s={search_term_string}"},"query-input":{"@type":"PropertyValueSpecification","valueRequired":true,"valueName":"search_term_string"}}],"inLanguage":"es"},{"@type":"Organization","@id":"https:\/\/www.reconoce.mx\/#organization","name":"Reconoce MX","url":"https:\/\/www.reconoce.mx\/","logo":{"@type":"ImageObject","inLanguage":"es","@id":"https:\/\/www.reconoce.mx\/#\/schema\/logo\/image\/","url":"https:\/\/www.reconoce.mx\/wp-content\/uploads\/2019\/03\/logorcmx-good-1.png","contentUrl":"https:\/\/www.reconoce.mx\/wp-content\/uploads\/2019\/03\/logorcmx-good-1.png","width":280,"height":90,"caption":"Reconoce MX"},"image":{"@id":"https:\/\/www.reconoce.mx\/#\/schema\/logo\/image\/"},"sameAs":["https:\/\/es-la.facebook.com\/ReconoceMX\/","https:\/\/x.com\/reconocemx","http:\/\/@reconocemx"]},{"@type":"Person","@id":"https:\/\/www.reconoce.mx\/#\/schema\/person\/2117e997d7051dc15d6880eaf9bca0b2","name":"Reconoce MX","image":{"@type":"ImageObject","inLanguage":"es","@id":"https:\/\/www.reconoce.mx\/#\/schema\/person\/image\/","url":"https:\/\/secure.gravatar.com\/avatar\/6c8d4dc7569ca1c90c5fdcc349f839d5ddef6fe1e70b4337ead2ef1a4c43fc3a?s=96&d=identicon&r=g","contentUrl":"https:\/\/secure.gravatar.com\/avatar\/6c8d4dc7569ca1c90c5fdcc349f839d5ddef6fe1e70b4337ead2ef1a4c43fc3a?s=96&d=identicon&r=g","caption":"Reconoce MX"},"description":"Reconoce MX es un proyecto de difusi\u00f3n art\u00edstica, cultural y de conciencia social que est\u00e1 enfocado a difundir y fomentar el entretenimiento alternativo de calidad para todo el p\u00fablico que comparta el mismo entusiasmo.","sameAs":["http:\/\/www.reconoce.mx"],"url":"http:\/\/www.reconoce.mx\/?author=2"}]}},"_links":{"self":[{"href":"http:\/\/www.reconoce.mx\/index.php?rest_route=\/wp\/v2\/posts\/26459","targetHints":{"allow":["GET"]}}],"collection":[{"href":"http:\/\/www.reconoce.mx\/index.php?rest_route=\/wp\/v2\/posts"}],"about":[{"href":"http:\/\/www.reconoce.mx\/index.php?rest_route=\/wp\/v2\/types\/post"}],"author":[{"embeddable":true,"href":"http:\/\/www.reconoce.mx\/index.php?rest_route=\/wp\/v2\/users\/2"}],"replies":[{"embeddable":true,"href":"http:\/\/www.reconoce.mx\/index.php?rest_route=%2Fwp%2Fv2%2Fcomments&post=26459"}],"version-history":[{"count":12,"href":"http:\/\/www.reconoce.mx\/index.php?rest_route=\/wp\/v2\/posts\/26459\/revisions"}],"predecessor-version":[{"id":26591,"href":"http:\/\/www.reconoce.mx\/index.php?rest_route=\/wp\/v2\/posts\/26459\/revisions\/26591"}],"wp:featuredmedia":[{"embeddable":true,"href":"http:\/\/www.reconoce.mx\/index.php?rest_route=\/wp\/v2\/media\/26460"}],"wp:attachment":[{"href":"http:\/\/www.reconoce.mx\/index.php?rest_route=%2Fwp%2Fv2%2Fmedia&parent=26459"}],"wp:term":[{"taxonomy":"category","embeddable":true,"href":"http:\/\/www.reconoce.mx\/index.php?rest_route=%2Fwp%2Fv2%2Fcategories&post=26459"},{"taxonomy":"post_tag","embeddable":true,"href":"http:\/\/www.reconoce.mx\/index.php?rest_route=%2Fwp%2Fv2%2Ftags&post=26459"}],"curies":[{"name":"wp","href":"https:\/\/api.w.org\/{rel}","templated":true}]}}