{"id":26711,"date":"2014-02-07T03:00:02","date_gmt":"2014-02-07T09:00:02","guid":{"rendered":"http:\/\/www.reconoce.mx\/?p=26711"},"modified":"2014-02-10T22:42:23","modified_gmt":"2014-02-11T04:42:23","slug":"danza-flamenca-en-el-teatro-de-la-danza","status":"publish","type":"post","link":"http:\/\/www.reconoce.mx\/?p=26711","title":{"rendered":"Danza flamenca en el Teatro de la Danza"},"content":{"rendered":"<ul id=\"botones-home\">\n<li><script type=\"text\/javascript\" src=\"https:\/\/apis.google.com\/js\/plusone.js\"><\/script><g:plusone width=\"55\" height=\"20\" href=\"http:\/\/www.reconoce.mx\/danza-flamenca-en-el-teatro-de-la-danza\/\"><\/g:plusone><\/li>\n<li><a href=\"http:\/\/twitter.com\/share\" class=\"twitter-share-button\" data-url=\"http:\/\/www.reconoce.mx\/danza-flamenca-en-el-teatro-de-la-danza\/\" data-count=\"horizontal\" data-via=\"reconocemx\" data-lang=\"es\">Tweet<\/a><script type=\"text\/javascript\" src=\"http:\/\/platform.twitter.com\/widgets.js\"><\/script><\/li>\n<div class=\"fb-like\" data-href=\"http:\/\/www.reconoce.mx\/danza-flamenca-en-el-teatro-de-la-danza\/\" data-send=\"true\" data-width=\"450\" data-show-faces=\"true\"><\/div>\n<p><b><strong>Por\u00a0<a title=\"@syrenna\" href=\"http:\/\/twitter.com\/syrenna\" target=\"_blank\">Mar\u00eda Fernanda P\u00e9rez Reyes<\/a><\/strong>.<\/b><\/p>\n<p>Comienza este viernes 7 de febrero, en el Teatro de la Danza, la <strong>Temporada de Danza Flamenca 2014<\/strong> bajo la custodia de CONACULTA y el Instituto Nacional de Bellas Artes.<\/p>\n<div id=\"attachment_26722\" style=\"width: 610px\" class=\"wp-caption aligncenter\"><a href=\"http:\/\/www.reconoce.mx\/wp-content\/uploads\/temporada-de-danza-flamenca.png\"><img loading=\"lazy\" decoding=\"async\" aria-describedby=\"caption-attachment-26722\" src=\"http:\/\/www.reconoce.mx\/wp-content\/uploads\/temporada-de-danza-flamenca.png\" alt=\"Danza flamenca en el Teatro de la Danza.\" width=\"600\" height=\"275\" class=\"size-full wp-image-26722\" \/><\/a><p id=\"caption-attachment-26722\" class=\"wp-caption-text\">Danza flamenca en el Teatro de la Danza.<\/p><\/div>\n<p><!--more-->Se presentar\u00e1n <strong>durante el mes de febrero<\/strong> <strong>en el Teatro de la Danza del Centro Cultural del Bosque<\/strong> cuatro compa\u00f1\u00edas que han destacado en la escena flamenca mexicana por su importante labor en la promoci\u00f3n y desarrollo de esta disciplina.<\/p>\n<p>Desde un corte tradicional a la inclusi\u00f3n de diversas disciplinas art\u00edsticas en el trabajo de<strong> un flamenco de fusi\u00f3n<\/strong>, las cuatro compa\u00f1\u00edas mencionadas a continuaci\u00f3n, engalanar\u00e1n el Centro Cultural del Bosque durante el mes de febrero.<\/p>\n<p><em>\u00a1Viva flamenco!<\/em> bajo la direcci\u00f3n de Leticia Cos\u00edo abrir\u00e1 la temporada con la obra que lleva de t\u00edtulo <i><strong>Compases a mi aire<\/strong>. <\/i>Del viernes 7 al domingo 9 festejar\u00e1n, a su vez, diez a\u00f1os de trayectoria. A su aire, compartir\u00e1n momentos de alegr\u00eda y de tristeza, que han significado bastante; durante estos diez a\u00f1os de trayectoria.<\/p>\n<p><em>Bailao Independiente<\/em> bajo la direcci\u00f3n de Jaqueline Benrey, se presenta del 13 al 16, con su obra de t\u00edtulo hom\u00f3nimo; <strong><i>Bailao Independiente<\/i><\/strong>. Tan solo acompa\u00f1ada por cante y guitarra, la bailaora nos invita a presenciar un autodescubrimiento a trav\u00e9s del flamenco y sus emociones, en el instante, en un di\u00e1logo.<\/p>\n<p><strong><i>Como hoja al viento<\/i><\/strong> es el t\u00edtulo del espect\u00e1culo que ofrece <em>La Forja. Compa\u00f1\u00eda de Flamenco<\/em> los pr\u00f3ximos 20, 21 y 22 de febrero. Bajo la direcci\u00f3n de Daniel Rivadeneyra, La Forja presenta un programa resultado de su segunda producci\u00f3n discogr\u00e1fica que muestra una fusi\u00f3n del flamenco con sonidos como la jarana o lenguas ind\u00edgenas.<\/p>\n<p><iframe loading=\"lazy\" width=\"625\" height=\"352\" src=\"\/\/www.youtube.com\/embed\/hvw21XUVdso\" frameborder=\"0\" allowfullscreen><\/iframe><\/p>\n<p><em>Interflamenca<\/em> con el t\u00edtulo <i><strong>En lo jondo, el cuerpo donde habitan los sue\u00f1os V.1.0 (versi\u00f3n esc\u00e9nica)<\/strong> <\/i>bajo la direcci\u00f3n de Ricardo Rubio, cierra la Temporada de Danza Flamenca 2014. Una obra que habla del <i>bullying <\/i>y sus estragos o huellas en quienes lo viven; una princesa y un ogro son protagonistas frente a un escenario en blanco. Danza flamenca, contempor\u00e1nea y de contacto y\u00a0 m\u00fasica electr\u00f3nica convergen en este espect\u00e1culo que se presentar\u00e1 15, 16, 20 y 22.<\/p>\n<p><iframe loading=\"lazy\" width=\"625\" height=\"352\" src=\"\/\/www.youtube.com\/embed\/OP1h9pjdKtQ\" frameborder=\"0\" allowfullscreen><\/iframe><\/p>\n<p>Los horarios de las funciones son:<\/p>\n<p>\u00a1Viva Flamenco!<br \/>\n<i><strong>Compases a mi aire<\/strong><br \/>\n<\/i>Dir. Leticia Cos\u00edo<br \/>\nViernes 7, 20:00 hrs.; s\u00e1bado 8, 13:00 y 19:00 hrs; domingo 9, 13:00 y 18:00 hrs.<\/p>\n<p>Bailao Independiente<br \/>\n<i><strong>Bailao Independiente<\/strong><br \/>\n<\/i>Dir. Jaqueline Benrey<br \/>\nJueves 13, 20:00 hrs; viernes 14, 20:00 hrs; s\u00e1bado 15, 19:00 hrs; domingo 16, 18:00 hrs.<\/p>\n<p>La Forja. Compa\u00f1\u00eda de Flamenco<br \/>\n<strong><i>Como hoja la viento<\/i><\/strong><br \/>\nDir. Daniel Rivadeneyra<br \/>\nJueves 20, 20:00hrs; viernes 21, 20:00hrs; s\u00e1bado 22, 19:00hrs; domingo 23, 18:00hrs.<\/p>\n<p>Interflamenca<br \/>\n<strong><i>En lo jondo, el cuerpo donde habitan los sue\u00f1os V. 1.0 (versi\u00f3n esc\u00e9nica)<\/i><\/strong><br \/>\nDir. Ricardo Rubio<br \/>\nS\u00e1bados 15 y 22, domingos 16 y 23; 13:00hrs.<\/p>\n<p>Boletos en taquilla y en Ticketmaster. <strong>Admisi\u00f3n general: $80.00<\/strong>. Descuentos: 50% a maestros y estudiantes y 75% a beneficiarios del INAPAM.<\/p>\n<p>El Teatro de la Danza del Centro Cultural del Bosque se ubica en<strong> Av. Paseo de la Reforma y Campo Marte s\/n, Col. Polanco Chapultepec<\/strong>. Metro Auditorio.<\/p>\n<p>Para mayor informaci\u00f3n visita la <strong><a title=\"DANZA\" href=\"http:\/\/www.bellasartes.gob.mx\/index.php\/cartelera\/306.html\" target=\"_blank\">cartelera de danza<\/a><\/strong>. Sigue a la Coordinaci\u00f3n de Danza INBA en <a title=\" @danzaINBA \" href=\"https:\/\/twitter.com\/danzaINBA\" target=\"_blank\">twitter<\/a>. <a title=\"Programaci\u00f3n Teatro de la Danza.\" href=\"http:\/\/www.danza.bellasartes.gob.mx\/programacion\/782\" target=\"_blank\">Temporada de Danza Flamenca \u2013 febrero de 2014<\/a>.<\/p>\n<p><a title=\"\u00a1Viva Flamenco! M\u00e9xico\" href=\"http:\/\/www.vivaflamenco.com.mx\/\" target=\"_blank\">Sitio web<\/a> de<em> \u00a1Viva Flamenco!;<\/em> sigue a \u00a1Viva Flamenco! en <strong><a title=\"Viva Flamenco \/ Mexico\" href=\"https:\/\/www.facebook.com\/pages\/Viva-Flamenco-Mexico\/167305553294555?fref=ts\" target=\"_blank\">facebook<\/a><\/strong>.<\/p>\n<p><strong><a title=\" Jacqueline Benrey  \" href=\"http:\/\/bailaoindependiente.com\/02_nosotros_jb.html\" target=\"_blank\">Jaqueline Benrey<\/a><\/strong>, bailaora.<\/p>\n<p>Sigue a La Forja. Compa\u00f1\u00eda de Flamenco en <strong><a title=\"La Forja (M\u00fasica y danza flamenca)\" href=\"https:\/\/www.facebook.com\/pages\/La-Forja-M%C3%BAsica-y-danza-flamenca\/250747128554\" target=\"_blank\">facebook<\/a><\/strong>.<\/p>\n<p>&nbsp;<\/p>\n<p>&nbsp;<\/p>\n","protected":false},"excerpt":{"rendered":"<p>Comienza este viernes 7 de febrero, en el Teatro de la Danza, la Temporada de Danza Flamenca 2014 bajo la custodia de CONACULTA y el Instituto Nacional de Bellas Artes. <\/p>\n","protected":false},"author":2,"featured_media":26722,"comment_status":"open","ping_status":"open","sticky":false,"template":"","format":"standard","meta":{"footnotes":""},"categories":[1,112],"tags":[],"class_list":["post-26711","post","type-post","status-publish","format-standard","has-post-thumbnail","hentry","category-cultura","category-danza"],"yoast_head":"<!-- This site is optimized with the Yoast SEO plugin v24.7 - https:\/\/yoast.com\/wordpress\/plugins\/seo\/ -->\n<title>Danza flamenca en el Teatro de la Danza &#171; Reconoce MX<\/title>\n<meta name=\"robots\" content=\"index, follow, max-snippet:-1, max-image-preview:large, max-video-preview:-1\" \/>\n<link rel=\"canonical\" href=\"https:\/\/www.reconoce.mx\/?p=26711\" \/>\n<meta property=\"og:locale\" content=\"es_ES\" \/>\n<meta property=\"og:type\" content=\"article\" \/>\n<meta property=\"og:title\" content=\"Danza flamenca en el Teatro de la Danza &#171; Reconoce MX\" \/>\n<meta property=\"og:description\" content=\"Comienza este viernes 7 de febrero, en el Teatro de la Danza, la Temporada de Danza Flamenca 2014 bajo la custodia de CONACULTA y el Instituto Nacional de Bellas Artes.\" \/>\n<meta property=\"og:url\" content=\"https:\/\/www.reconoce.mx\/?p=26711\" \/>\n<meta property=\"og:site_name\" content=\"Reconoce MX\" \/>\n<meta property=\"article:publisher\" content=\"https:\/\/es-la.facebook.com\/ReconoceMX\/\" \/>\n<meta property=\"article:published_time\" content=\"2014-02-07T09:00:02+00:00\" \/>\n<meta property=\"article:modified_time\" content=\"2014-02-11T04:42:23+00:00\" \/>\n<meta property=\"og:image\" content=\"https:\/\/www.reconoce.mx\/wp-content\/uploads\/temporada-de-danza-flamenca.png\" \/>\n\t<meta property=\"og:image:width\" content=\"649\" \/>\n\t<meta property=\"og:image:height\" content=\"301\" \/>\n\t<meta property=\"og:image:type\" content=\"image\/png\" \/>\n<meta name=\"author\" content=\"Reconoce MX\" \/>\n<meta name=\"twitter:card\" content=\"summary_large_image\" \/>\n<meta name=\"twitter:creator\" content=\"@reconocemx\" \/>\n<meta name=\"twitter:site\" content=\"@reconocemx\" \/>\n<meta name=\"twitter:label1\" content=\"Escrito por\" \/>\n\t<meta name=\"twitter:data1\" content=\"Reconoce MX\" \/>\n\t<meta name=\"twitter:label2\" content=\"Tiempo de lectura\" \/>\n\t<meta name=\"twitter:data2\" content=\"3 minutos\" \/>\n<script type=\"application\/ld+json\" class=\"yoast-schema-graph\">{\"@context\":\"https:\/\/schema.org\",\"@graph\":[{\"@type\":\"Article\",\"@id\":\"https:\/\/www.reconoce.mx\/?p=26711#article\",\"isPartOf\":{\"@id\":\"https:\/\/www.reconoce.mx\/?p=26711\"},\"author\":{\"name\":\"Reconoce MX\",\"@id\":\"https:\/\/www.reconoce.mx\/#\/schema\/person\/2117e997d7051dc15d6880eaf9bca0b2\"},\"headline\":\"Danza flamenca en el Teatro de la Danza\",\"datePublished\":\"2014-02-07T09:00:02+00:00\",\"dateModified\":\"2014-02-11T04:42:23+00:00\",\"mainEntityOfPage\":{\"@id\":\"https:\/\/www.reconoce.mx\/?p=26711\"},\"wordCount\":589,\"commentCount\":0,\"publisher\":{\"@id\":\"https:\/\/www.reconoce.mx\/#organization\"},\"image\":{\"@id\":\"https:\/\/www.reconoce.mx\/?p=26711#primaryimage\"},\"thumbnailUrl\":\"http:\/\/www.reconoce.mx\/wp-content\/uploads\/temporada-de-danza-flamenca.png\",\"articleSection\":[\"Cultura\",\"Danza\"],\"inLanguage\":\"es\",\"potentialAction\":[{\"@type\":\"CommentAction\",\"name\":\"Comment\",\"target\":[\"https:\/\/www.reconoce.mx\/?p=26711#respond\"]}]},{\"@type\":\"WebPage\",\"@id\":\"https:\/\/www.reconoce.mx\/?p=26711\",\"url\":\"https:\/\/www.reconoce.mx\/?p=26711\",\"name\":\"Danza flamenca en el Teatro de la Danza &#171; Reconoce MX\",\"isPartOf\":{\"@id\":\"https:\/\/www.reconoce.mx\/#website\"},\"primaryImageOfPage\":{\"@id\":\"https:\/\/www.reconoce.mx\/?p=26711#primaryimage\"},\"image\":{\"@id\":\"https:\/\/www.reconoce.mx\/?p=26711#primaryimage\"},\"thumbnailUrl\":\"http:\/\/www.reconoce.mx\/wp-content\/uploads\/temporada-de-danza-flamenca.png\",\"datePublished\":\"2014-02-07T09:00:02+00:00\",\"dateModified\":\"2014-02-11T04:42:23+00:00\",\"breadcrumb\":{\"@id\":\"https:\/\/www.reconoce.mx\/?p=26711#breadcrumb\"},\"inLanguage\":\"es\",\"potentialAction\":[{\"@type\":\"ReadAction\",\"target\":[\"https:\/\/www.reconoce.mx\/?p=26711\"]}]},{\"@type\":\"ImageObject\",\"inLanguage\":\"es\",\"@id\":\"https:\/\/www.reconoce.mx\/?p=26711#primaryimage\",\"url\":\"http:\/\/www.reconoce.mx\/wp-content\/uploads\/temporada-de-danza-flamenca.png\",\"contentUrl\":\"http:\/\/www.reconoce.mx\/wp-content\/uploads\/temporada-de-danza-flamenca.png\",\"width\":649,\"height\":301,\"caption\":\"Danza flamenca en el Teatro de la Danza.\"},{\"@type\":\"BreadcrumbList\",\"@id\":\"https:\/\/www.reconoce.mx\/?p=26711#breadcrumb\",\"itemListElement\":[{\"@type\":\"ListItem\",\"position\":1,\"name\":\"Portada\",\"item\":\"https:\/\/www.reconoce.mx\/\"},{\"@type\":\"ListItem\",\"position\":2,\"name\":\"Danza flamenca en el Teatro de la Danza\"}]},{\"@type\":\"WebSite\",\"@id\":\"https:\/\/www.reconoce.mx\/#website\",\"url\":\"https:\/\/www.reconoce.mx\/\",\"name\":\"Reconoce MX\",\"description\":\"En Reconoce MX difundimos arte, cultura y conciencia social en M\u00e9xico. Tu ciudad en otra perspectiva.\",\"publisher\":{\"@id\":\"https:\/\/www.reconoce.mx\/#organization\"},\"potentialAction\":[{\"@type\":\"SearchAction\",\"target\":{\"@type\":\"EntryPoint\",\"urlTemplate\":\"https:\/\/www.reconoce.mx\/?s={search_term_string}\"},\"query-input\":{\"@type\":\"PropertyValueSpecification\",\"valueRequired\":true,\"valueName\":\"search_term_string\"}}],\"inLanguage\":\"es\"},{\"@type\":\"Organization\",\"@id\":\"https:\/\/www.reconoce.mx\/#organization\",\"name\":\"Reconoce MX\",\"url\":\"https:\/\/www.reconoce.mx\/\",\"logo\":{\"@type\":\"ImageObject\",\"inLanguage\":\"es\",\"@id\":\"https:\/\/www.reconoce.mx\/#\/schema\/logo\/image\/\",\"url\":\"https:\/\/www.reconoce.mx\/wp-content\/uploads\/2019\/03\/logorcmx-good-1.png\",\"contentUrl\":\"https:\/\/www.reconoce.mx\/wp-content\/uploads\/2019\/03\/logorcmx-good-1.png\",\"width\":280,\"height\":90,\"caption\":\"Reconoce MX\"},\"image\":{\"@id\":\"https:\/\/www.reconoce.mx\/#\/schema\/logo\/image\/\"},\"sameAs\":[\"https:\/\/es-la.facebook.com\/ReconoceMX\/\",\"https:\/\/x.com\/reconocemx\",\"http:\/\/@reconocemx\"]},{\"@type\":\"Person\",\"@id\":\"https:\/\/www.reconoce.mx\/#\/schema\/person\/2117e997d7051dc15d6880eaf9bca0b2\",\"name\":\"Reconoce MX\",\"image\":{\"@type\":\"ImageObject\",\"inLanguage\":\"es\",\"@id\":\"https:\/\/www.reconoce.mx\/#\/schema\/person\/image\/\",\"url\":\"https:\/\/secure.gravatar.com\/avatar\/6c8d4dc7569ca1c90c5fdcc349f839d5ddef6fe1e70b4337ead2ef1a4c43fc3a?s=96&d=identicon&r=g\",\"contentUrl\":\"https:\/\/secure.gravatar.com\/avatar\/6c8d4dc7569ca1c90c5fdcc349f839d5ddef6fe1e70b4337ead2ef1a4c43fc3a?s=96&d=identicon&r=g\",\"caption\":\"Reconoce MX\"},\"description\":\"Reconoce MX es un proyecto de difusi\u00f3n art\u00edstica, cultural y de conciencia social que est\u00e1 enfocado a difundir y fomentar el entretenimiento alternativo de calidad para todo el p\u00fablico que comparta el mismo entusiasmo.\",\"sameAs\":[\"http:\/\/www.reconoce.mx\"],\"url\":\"http:\/\/www.reconoce.mx\/?author=2\"}]}<\/script>\n<!-- \/ Yoast SEO plugin. -->","yoast_head_json":{"title":"Danza flamenca en el Teatro de la Danza &#171; Reconoce MX","robots":{"index":"index","follow":"follow","max-snippet":"max-snippet:-1","max-image-preview":"max-image-preview:large","max-video-preview":"max-video-preview:-1"},"canonical":"https:\/\/www.reconoce.mx\/?p=26711","og_locale":"es_ES","og_type":"article","og_title":"Danza flamenca en el Teatro de la Danza &#171; Reconoce MX","og_description":"Comienza este viernes 7 de febrero, en el Teatro de la Danza, la Temporada de Danza Flamenca 2014 bajo la custodia de CONACULTA y el Instituto Nacional de Bellas Artes.","og_url":"https:\/\/www.reconoce.mx\/?p=26711","og_site_name":"Reconoce MX","article_publisher":"https:\/\/es-la.facebook.com\/ReconoceMX\/","article_published_time":"2014-02-07T09:00:02+00:00","article_modified_time":"2014-02-11T04:42:23+00:00","og_image":[{"width":649,"height":301,"url":"https:\/\/www.reconoce.mx\/wp-content\/uploads\/temporada-de-danza-flamenca.png","type":"image\/png"}],"author":"Reconoce MX","twitter_card":"summary_large_image","twitter_creator":"@reconocemx","twitter_site":"@reconocemx","twitter_misc":{"Escrito por":"Reconoce MX","Tiempo de lectura":"3 minutos"},"schema":{"@context":"https:\/\/schema.org","@graph":[{"@type":"Article","@id":"https:\/\/www.reconoce.mx\/?p=26711#article","isPartOf":{"@id":"https:\/\/www.reconoce.mx\/?p=26711"},"author":{"name":"Reconoce MX","@id":"https:\/\/www.reconoce.mx\/#\/schema\/person\/2117e997d7051dc15d6880eaf9bca0b2"},"headline":"Danza flamenca en el Teatro de la Danza","datePublished":"2014-02-07T09:00:02+00:00","dateModified":"2014-02-11T04:42:23+00:00","mainEntityOfPage":{"@id":"https:\/\/www.reconoce.mx\/?p=26711"},"wordCount":589,"commentCount":0,"publisher":{"@id":"https:\/\/www.reconoce.mx\/#organization"},"image":{"@id":"https:\/\/www.reconoce.mx\/?p=26711#primaryimage"},"thumbnailUrl":"http:\/\/www.reconoce.mx\/wp-content\/uploads\/temporada-de-danza-flamenca.png","articleSection":["Cultura","Danza"],"inLanguage":"es","potentialAction":[{"@type":"CommentAction","name":"Comment","target":["https:\/\/www.reconoce.mx\/?p=26711#respond"]}]},{"@type":"WebPage","@id":"https:\/\/www.reconoce.mx\/?p=26711","url":"https:\/\/www.reconoce.mx\/?p=26711","name":"Danza flamenca en el Teatro de la Danza &#171; Reconoce MX","isPartOf":{"@id":"https:\/\/www.reconoce.mx\/#website"},"primaryImageOfPage":{"@id":"https:\/\/www.reconoce.mx\/?p=26711#primaryimage"},"image":{"@id":"https:\/\/www.reconoce.mx\/?p=26711#primaryimage"},"thumbnailUrl":"http:\/\/www.reconoce.mx\/wp-content\/uploads\/temporada-de-danza-flamenca.png","datePublished":"2014-02-07T09:00:02+00:00","dateModified":"2014-02-11T04:42:23+00:00","breadcrumb":{"@id":"https:\/\/www.reconoce.mx\/?p=26711#breadcrumb"},"inLanguage":"es","potentialAction":[{"@type":"ReadAction","target":["https:\/\/www.reconoce.mx\/?p=26711"]}]},{"@type":"ImageObject","inLanguage":"es","@id":"https:\/\/www.reconoce.mx\/?p=26711#primaryimage","url":"http:\/\/www.reconoce.mx\/wp-content\/uploads\/temporada-de-danza-flamenca.png","contentUrl":"http:\/\/www.reconoce.mx\/wp-content\/uploads\/temporada-de-danza-flamenca.png","width":649,"height":301,"caption":"Danza flamenca en el Teatro de la Danza."},{"@type":"BreadcrumbList","@id":"https:\/\/www.reconoce.mx\/?p=26711#breadcrumb","itemListElement":[{"@type":"ListItem","position":1,"name":"Portada","item":"https:\/\/www.reconoce.mx\/"},{"@type":"ListItem","position":2,"name":"Danza flamenca en el Teatro de la Danza"}]},{"@type":"WebSite","@id":"https:\/\/www.reconoce.mx\/#website","url":"https:\/\/www.reconoce.mx\/","name":"Reconoce MX","description":"En Reconoce MX difundimos arte, cultura y conciencia social en M\u00e9xico. Tu ciudad en otra perspectiva.","publisher":{"@id":"https:\/\/www.reconoce.mx\/#organization"},"potentialAction":[{"@type":"SearchAction","target":{"@type":"EntryPoint","urlTemplate":"https:\/\/www.reconoce.mx\/?s={search_term_string}"},"query-input":{"@type":"PropertyValueSpecification","valueRequired":true,"valueName":"search_term_string"}}],"inLanguage":"es"},{"@type":"Organization","@id":"https:\/\/www.reconoce.mx\/#organization","name":"Reconoce MX","url":"https:\/\/www.reconoce.mx\/","logo":{"@type":"ImageObject","inLanguage":"es","@id":"https:\/\/www.reconoce.mx\/#\/schema\/logo\/image\/","url":"https:\/\/www.reconoce.mx\/wp-content\/uploads\/2019\/03\/logorcmx-good-1.png","contentUrl":"https:\/\/www.reconoce.mx\/wp-content\/uploads\/2019\/03\/logorcmx-good-1.png","width":280,"height":90,"caption":"Reconoce MX"},"image":{"@id":"https:\/\/www.reconoce.mx\/#\/schema\/logo\/image\/"},"sameAs":["https:\/\/es-la.facebook.com\/ReconoceMX\/","https:\/\/x.com\/reconocemx","http:\/\/@reconocemx"]},{"@type":"Person","@id":"https:\/\/www.reconoce.mx\/#\/schema\/person\/2117e997d7051dc15d6880eaf9bca0b2","name":"Reconoce MX","image":{"@type":"ImageObject","inLanguage":"es","@id":"https:\/\/www.reconoce.mx\/#\/schema\/person\/image\/","url":"https:\/\/secure.gravatar.com\/avatar\/6c8d4dc7569ca1c90c5fdcc349f839d5ddef6fe1e70b4337ead2ef1a4c43fc3a?s=96&d=identicon&r=g","contentUrl":"https:\/\/secure.gravatar.com\/avatar\/6c8d4dc7569ca1c90c5fdcc349f839d5ddef6fe1e70b4337ead2ef1a4c43fc3a?s=96&d=identicon&r=g","caption":"Reconoce MX"},"description":"Reconoce MX es un proyecto de difusi\u00f3n art\u00edstica, cultural y de conciencia social que est\u00e1 enfocado a difundir y fomentar el entretenimiento alternativo de calidad para todo el p\u00fablico que comparta el mismo entusiasmo.","sameAs":["http:\/\/www.reconoce.mx"],"url":"http:\/\/www.reconoce.mx\/?author=2"}]}},"_links":{"self":[{"href":"http:\/\/www.reconoce.mx\/index.php?rest_route=\/wp\/v2\/posts\/26711","targetHints":{"allow":["GET"]}}],"collection":[{"href":"http:\/\/www.reconoce.mx\/index.php?rest_route=\/wp\/v2\/posts"}],"about":[{"href":"http:\/\/www.reconoce.mx\/index.php?rest_route=\/wp\/v2\/types\/post"}],"author":[{"embeddable":true,"href":"http:\/\/www.reconoce.mx\/index.php?rest_route=\/wp\/v2\/users\/2"}],"replies":[{"embeddable":true,"href":"http:\/\/www.reconoce.mx\/index.php?rest_route=%2Fwp%2Fv2%2Fcomments&post=26711"}],"version-history":[{"count":11,"href":"http:\/\/www.reconoce.mx\/index.php?rest_route=\/wp\/v2\/posts\/26711\/revisions"}],"predecessor-version":[{"id":26796,"href":"http:\/\/www.reconoce.mx\/index.php?rest_route=\/wp\/v2\/posts\/26711\/revisions\/26796"}],"wp:featuredmedia":[{"embeddable":true,"href":"http:\/\/www.reconoce.mx\/index.php?rest_route=\/wp\/v2\/media\/26722"}],"wp:attachment":[{"href":"http:\/\/www.reconoce.mx\/index.php?rest_route=%2Fwp%2Fv2%2Fmedia&parent=26711"}],"wp:term":[{"taxonomy":"category","embeddable":true,"href":"http:\/\/www.reconoce.mx\/index.php?rest_route=%2Fwp%2Fv2%2Fcategories&post=26711"},{"taxonomy":"post_tag","embeddable":true,"href":"http:\/\/www.reconoce.mx\/index.php?rest_route=%2Fwp%2Fv2%2Ftags&post=26711"}],"curies":[{"name":"wp","href":"https:\/\/api.w.org\/{rel}","templated":true}]}}