{"id":26737,"date":"2014-02-10T01:00:52","date_gmt":"2014-02-10T07:00:52","guid":{"rendered":"http:\/\/www.reconoce.mx\/?p=26737"},"modified":"2018-06-30T23:05:14","modified_gmt":"2018-07-01T04:05:14","slug":"adolfo-de-la-huerta-el-expresidente-mexicano-que-vivio-en-la-pobreza","status":"publish","type":"post","link":"http:\/\/www.reconoce.mx\/?p=26737","title":{"rendered":"Adolfo de la Huerta: el expresidente mexicano que vivi\u00f3 en la pobreza"},"content":{"rendered":"<p><strong>Por\u00a0<a title=\"@enriquefa86\" href=\"https:\/\/twitter.com\/enriquefa86\" target=\"_blank\" rel=\"noopener\">Enrique Figueroa Anaya<\/a>.<\/strong><\/p>\n<p>Desde hace ya algunos a\u00f1os, desde que tom\u00f3 la presidencia de Uruguay,<strong> ha estado presente en varios medios la cr\u00f3nica del \u00abpresidente m\u00e1s pobre del mundo\u00bb<\/strong>. Jos\u00e9 Mujica parece un personaje fuera de este mundo; un presidente que rompe con la imagen del presidente todo lleno de poder y de lujos. Parece una locura; en M\u00e9xico, algo irreal.<\/p>\n<p>Hurgando un poco en la historia reciente de M\u00e9xico, la presidencia de Mujica sigue pareciendo de ciencia ficci\u00f3n; sin embargo, y si bien no propiamente dentro de sus funciones, encontramos algunos casos de personajes en el poder que se encontraron posterior a su \u00abgloria\u00bb, en la pobreza. Uno de ellos, con un mandato mas bien ef\u00edmero, fue <strong>Felipe Adolfo de la Huerta Marcor<\/strong>.<\/p>\n<p>Nacido en Guaymas, Sonora, el 26 de mayo de 1881, inici\u00f3 sus estudios en su ciudad natal para posteriormente viajar a Hermosillo, lugar en el que conocer\u00eda a un joven profesor de nombre Plutarco El\u00edas Calles. Quienes le conocieron en sus inicios dan cuenta de su voz privilegiada y su enorme talento al piano y al viol\u00edn; no cabe duda de que <strong>su carrera como m\u00fasico hubiese sido muy exitosa, de no haber sido por el torbellino revolucionario<\/strong>.<\/p>\n<p>Lleg\u00f3 a la ciudad de M\u00e9xico para estudiar en la Escuela Nacional Preparatoria donde perfeccion\u00f3 sus estudios musicales, hasta el a\u00f1o de 1900, cuando su padre muri\u00f3 y por lo que tuvo que regresar a Guaymas. Trabajando en el Banco Nacional de M\u00e9xico, form\u00f3 parte del Partido Liberal Mexicano, y <strong>fue tambi\u00e9n partidario de Bernardo Reyes as\u00ed como del club antirreleccionista de su ciudad<\/strong>.<\/p>\n<p>Tras el triunfo de la revoluci\u00f3n de Madero, fue elegido diputado de Sonora, donde fue tambi\u00e9n partidario del gobernador de Sonora, Jos\u00e9 Mar\u00eda Maytorena. Amigo de Francisco I. Madero, viaj\u00f3 a la ciudad de M\u00e9xico para informarle de los problemas relacionados a la pacificaci\u00f3n de los yaquis, cuando de repente <strong>fue sorprendido por la <a title=\"as suertes de Madero, Pino Su\u00e1rez y \u00c1ngeles\" href=\"http:\/\/www.reconoce.mx\/las-suertes-de-madero-pino-suarez-y-angeles\/\" target=\"_blank\" rel=\"noopener\">decena tr\u00e1gica<\/a> y sus terribles efectos<\/strong>.<\/p>\n<p>Tras el golpe de Estado, se entrevist\u00f3 con Venustiano Carranza quien le convenci\u00f3 de conseguir apoyos revolucionarios en Sonora. Con Carranza ser\u00eda elegido oficial mayor de la Secretar\u00eda de Gobernaci\u00f3n, as\u00ed como encargado del Despacho; posterior a ello, en abril de 1916,<strong> fue nombrado gobernador provisional de Sonora<\/strong>, hasta 1917 cuando le llam\u00f3 Carranza a la Oficial\u00eda Mayor de Gobernaci\u00f3n.<\/p>\n<p>Fue electo senador sonorense de 1918 a 1922, sin lograr terminar su periodo ya que ocup\u00f3 el Consulado General de M\u00e9xico en Nueva York. En 1919 regres\u00f3 una vez m\u00e1s a Sonora con la intenci\u00f3n de ser elegido como gobernador, sin lograrlo una vez por el llamado de Carranza que le solicit\u00f3 hacerse cargo de la Secretar\u00eda de Gobernaci\u00f3n; en esta ocasi\u00f3n <strong>de la Huerta desisti\u00f3, lo que provoc\u00f3 la enemistad del presidente<\/strong>.<\/p>\n<p>Tras una disputa comenzada por el decreto federal del uso nacional de las aguas del r\u00edo Sonora, <strong>Adolfo de la Huerta rompi\u00f3 relaciones con el gobierno de Carranza en abril de 1920<\/strong>; del lado del gobernador rebelde se encontraba \u00c1lvaro Obreg\u00f3n, quien reconoci\u00f3 a de la Huerta. Carranza huir\u00eda de la ciudad de M\u00e9xico hasta su asesinato en Tlaxcalantongo el 21 de mayo de 1920.<\/p>\n<p>El 1 de junio<strong> fue nombrado presidente interino de la Rep\u00fablica Adolfo de la Huerta<\/strong>; la intenci\u00f3n era que convocara nuevas elecciones. Uno de los hechos que marcaron su breve presidencia fue la capacidad de pacificaci\u00f3n en el pa\u00eds. Tras dejar el poder a cargo de \u00c1lvaro Obreg\u00f3n el 1 de diciembre de 1920, de la Huerta quiso continuar su mandato como gobernador de Sonora; situaci\u00f3n que le fue impedida, ahora, por el mismo Obreg\u00f3n quien le nombr\u00f3 Secretario de Hacienda.<\/p>\n<p>Si bien como Secretario de Hacienda de la Huerta tuvo una buena gesti\u00f3n,<strong> una vez m\u00e1s fue v\u00edctima de conspiraci\u00f3n cuando se le impugnaron errores en su administraci\u00f3n<\/strong> que lo obligaron a quedar marginado de negociaciones de importancia entre Estados Unidos y M\u00e9xico. As\u00ed, como parte de la lucha electoral de 1924 por la presidencia de M\u00e9xico, de la Huerta rompi\u00f3 con Obreg\u00f3n.<\/p>\n<p>Adolfo de la Huerta acept\u00f3 contender por la presidencia con ayuda del Partido Cooperativista; en oposici\u00f3n a Plutarco El\u00edas Calles, y tras varios intentos de asesinato para marginarlo de la contienda, de la Huerta se traslad\u00f3 a Veracruz el 7 de diciembre de 1923 a Veracruz. Ah\u00ed <strong>se levant\u00f3 en armas y acus\u00f3 a Obreg\u00f3n de no respetar el voto e imponer a su \u00abcompadre\u00bb Calles<\/strong>.<\/p>\n<p>Sin embargo el movimiento revolucionario no prosper\u00f3, y una vez m\u00e1s derrotado, <strong>de la Huerta huy\u00f3 a Estados Unidos para regresar al oficio de sus inicios: la m\u00fasica<\/strong>. Sin recursos econ\u00f3micos vivi\u00f3 en Los \u00c1ngeles, California, donde abri\u00f3 una escuela de m\u00fasica. Algunos de sus alumnos fueron Antonio Aguilar y Enrique Caruso hijo.<\/p>\n<p>Tras un largo y solitario exhilio,<strong> Adolfo regres\u00f3 a M\u00e9xico en 1935<\/strong>; en ese entonces el presidente L\u00e1zaro C\u00e1rdenas le nombr\u00f3 visitador general de Consulados Mexicanos en Estados Unidos, y bajo la presidencia de Manuel \u00c1vila Camacho fue designado director general de Pensiones Civiles de Retiro. En 1952 ocup\u00f3, bajo la presidencia de Ruiz Cortines, una vez m\u00e1s la visitadur\u00eda de Consulados Mexicanos en Estados Unidos.<\/p>\n<p><strong>Sin gloria, y mas bien de manera modesta, el alguna vez presidente de M\u00e9xico muri\u00f3 el 9 de julio de 1955<\/strong>. Fue enterrado en el Pante\u00f3n Franc\u00e9s de San Joaqu\u00edn, donde todav\u00eda descansa.<\/p>\n<p style=\"text-align: right;\"><strong>Bibliograf\u00eda<\/strong>.-<\/p>\n<p style=\"text-align: right;\"><em>Memorias de don Adolfo de la Huerta seg\u00fan su propio dictado<\/em>, transcripci\u00f3n y comentarios del Lic. Roberto Guzm\u00e1n Esparza, M\u00e9xico, Ediciones Guzm\u00e1n, 1957.<\/p>\n<p>&nbsp;<\/p>\n<p>&nbsp;<\/p>\n","protected":false},"excerpt":{"rendered":"<p>Desde hace ya algunos a\u00f1os, desde que tom\u00f3 la presidencia de Uruguay, ha estado presente en varios medios la cr\u00f3nica del \u201cpresidente m\u00e1s pobre del mundo\u201d. <\/p>\n","protected":false},"author":2,"featured_media":26738,"comment_status":"open","ping_status":"open","sticky":false,"template":"","format":"standard","meta":{"footnotes":""},"categories":[1,157,161],"tags":[],"class_list":["post-26737","post","type-post","status-publish","format-standard","has-post-thumbnail","hentry","category-cultura","category-historia","category-personajes"],"yoast_head":"<!-- This site is optimized with the Yoast SEO plugin v24.7 - https:\/\/yoast.com\/wordpress\/plugins\/seo\/ -->\n<title>Adolfo de la Huerta: el expresidente mexicano que vivi\u00f3 en la pobreza &#171; Reconoce MX<\/title>\n<meta name=\"robots\" content=\"index, follow, max-snippet:-1, max-image-preview:large, max-video-preview:-1\" \/>\n<link rel=\"canonical\" href=\"https:\/\/www.reconoce.mx\/?p=26737\" \/>\n<meta property=\"og:locale\" content=\"es_ES\" \/>\n<meta property=\"og:type\" content=\"article\" \/>\n<meta property=\"og:title\" content=\"Adolfo de la Huerta: el expresidente mexicano que vivi\u00f3 en la pobreza &#171; Reconoce MX\" \/>\n<meta property=\"og:description\" content=\"Desde hace ya algunos a\u00f1os, desde que tom\u00f3 la presidencia de Uruguay, ha estado presente en varios medios la cr\u00f3nica del \u201cpresidente m\u00e1s pobre del mundo\u201d.\" \/>\n<meta property=\"og:url\" content=\"https:\/\/www.reconoce.mx\/?p=26737\" \/>\n<meta property=\"og:site_name\" content=\"Reconoce MX\" \/>\n<meta property=\"article:publisher\" content=\"https:\/\/es-la.facebook.com\/ReconoceMX\/\" \/>\n<meta property=\"article:published_time\" content=\"2014-02-10T07:00:52+00:00\" \/>\n<meta property=\"article:modified_time\" content=\"2018-07-01T04:05:14+00:00\" \/>\n<meta property=\"og:image\" content=\"https:\/\/www.reconoce.mx\/wp-content\/uploads\/adolfo-de-la-huerta.png\" \/>\n\t<meta property=\"og:image:width\" content=\"649\" \/>\n\t<meta property=\"og:image:height\" content=\"301\" \/>\n\t<meta property=\"og:image:type\" content=\"image\/png\" \/>\n<meta name=\"author\" content=\"Reconoce MX\" \/>\n<meta name=\"twitter:card\" content=\"summary_large_image\" \/>\n<meta name=\"twitter:creator\" content=\"@reconocemx\" \/>\n<meta name=\"twitter:site\" content=\"@reconocemx\" \/>\n<meta name=\"twitter:label1\" content=\"Escrito por\" \/>\n\t<meta name=\"twitter:data1\" content=\"Reconoce MX\" \/>\n\t<meta name=\"twitter:label2\" content=\"Tiempo de lectura\" \/>\n\t<meta name=\"twitter:data2\" content=\"5 minutos\" \/>\n<script type=\"application\/ld+json\" class=\"yoast-schema-graph\">{\"@context\":\"https:\/\/schema.org\",\"@graph\":[{\"@type\":\"Article\",\"@id\":\"https:\/\/www.reconoce.mx\/?p=26737#article\",\"isPartOf\":{\"@id\":\"https:\/\/www.reconoce.mx\/?p=26737\"},\"author\":{\"name\":\"Reconoce MX\",\"@id\":\"http:\/\/www.reconoce.mx\/#\/schema\/person\/2117e997d7051dc15d6880eaf9bca0b2\"},\"headline\":\"Adolfo de la Huerta: el expresidente mexicano que vivi\u00f3 en la pobreza\",\"datePublished\":\"2014-02-10T07:00:52+00:00\",\"dateModified\":\"2018-07-01T04:05:14+00:00\",\"mainEntityOfPage\":{\"@id\":\"https:\/\/www.reconoce.mx\/?p=26737\"},\"wordCount\":978,\"commentCount\":0,\"publisher\":{\"@id\":\"http:\/\/www.reconoce.mx\/#organization\"},\"image\":{\"@id\":\"https:\/\/www.reconoce.mx\/?p=26737#primaryimage\"},\"thumbnailUrl\":\"http:\/\/www.reconoce.mx\/wp-content\/uploads\/adolfo-de-la-huerta.png\",\"articleSection\":[\"Cultura\",\"Historia\",\"Personajes\"],\"inLanguage\":\"es\",\"potentialAction\":[{\"@type\":\"CommentAction\",\"name\":\"Comment\",\"target\":[\"https:\/\/www.reconoce.mx\/?p=26737#respond\"]}]},{\"@type\":\"WebPage\",\"@id\":\"https:\/\/www.reconoce.mx\/?p=26737\",\"url\":\"https:\/\/www.reconoce.mx\/?p=26737\",\"name\":\"Adolfo de la Huerta: el expresidente mexicano que vivi\u00f3 en la pobreza &#171; Reconoce MX\",\"isPartOf\":{\"@id\":\"http:\/\/www.reconoce.mx\/#website\"},\"primaryImageOfPage\":{\"@id\":\"https:\/\/www.reconoce.mx\/?p=26737#primaryimage\"},\"image\":{\"@id\":\"https:\/\/www.reconoce.mx\/?p=26737#primaryimage\"},\"thumbnailUrl\":\"http:\/\/www.reconoce.mx\/wp-content\/uploads\/adolfo-de-la-huerta.png\",\"datePublished\":\"2014-02-10T07:00:52+00:00\",\"dateModified\":\"2018-07-01T04:05:14+00:00\",\"breadcrumb\":{\"@id\":\"https:\/\/www.reconoce.mx\/?p=26737#breadcrumb\"},\"inLanguage\":\"es\",\"potentialAction\":[{\"@type\":\"ReadAction\",\"target\":[\"https:\/\/www.reconoce.mx\/?p=26737\"]}]},{\"@type\":\"ImageObject\",\"inLanguage\":\"es\",\"@id\":\"https:\/\/www.reconoce.mx\/?p=26737#primaryimage\",\"url\":\"http:\/\/www.reconoce.mx\/wp-content\/uploads\/adolfo-de-la-huerta.png\",\"contentUrl\":\"http:\/\/www.reconoce.mx\/wp-content\/uploads\/adolfo-de-la-huerta.png\",\"width\":649,\"height\":301,\"caption\":\"Adolfo de la Huerta: el expresidente mexicano que vivi\u00f3 en la pobreza.\"},{\"@type\":\"BreadcrumbList\",\"@id\":\"https:\/\/www.reconoce.mx\/?p=26737#breadcrumb\",\"itemListElement\":[{\"@type\":\"ListItem\",\"position\":1,\"name\":\"Portada\",\"item\":\"http:\/\/www.reconoce.mx\/\"},{\"@type\":\"ListItem\",\"position\":2,\"name\":\"Adolfo de la Huerta: el expresidente mexicano que vivi\u00f3 en la pobreza\"}]},{\"@type\":\"WebSite\",\"@id\":\"http:\/\/www.reconoce.mx\/#website\",\"url\":\"http:\/\/www.reconoce.mx\/\",\"name\":\"Reconoce MX\",\"description\":\"En Reconoce MX difundimos arte, cultura y conciencia social en M\u00e9xico. Tu ciudad en otra perspectiva.\",\"publisher\":{\"@id\":\"http:\/\/www.reconoce.mx\/#organization\"},\"potentialAction\":[{\"@type\":\"SearchAction\",\"target\":{\"@type\":\"EntryPoint\",\"urlTemplate\":\"http:\/\/www.reconoce.mx\/?s={search_term_string}\"},\"query-input\":{\"@type\":\"PropertyValueSpecification\",\"valueRequired\":true,\"valueName\":\"search_term_string\"}}],\"inLanguage\":\"es\"},{\"@type\":\"Organization\",\"@id\":\"http:\/\/www.reconoce.mx\/#organization\",\"name\":\"Reconoce MX\",\"url\":\"http:\/\/www.reconoce.mx\/\",\"logo\":{\"@type\":\"ImageObject\",\"inLanguage\":\"es\",\"@id\":\"http:\/\/www.reconoce.mx\/#\/schema\/logo\/image\/\",\"url\":\"https:\/\/www.reconoce.mx\/wp-content\/uploads\/2019\/03\/logorcmx-good-1.png\",\"contentUrl\":\"https:\/\/www.reconoce.mx\/wp-content\/uploads\/2019\/03\/logorcmx-good-1.png\",\"width\":280,\"height\":90,\"caption\":\"Reconoce MX\"},\"image\":{\"@id\":\"http:\/\/www.reconoce.mx\/#\/schema\/logo\/image\/\"},\"sameAs\":[\"https:\/\/es-la.facebook.com\/ReconoceMX\/\",\"https:\/\/x.com\/reconocemx\",\"http:\/\/@reconocemx\"]},{\"@type\":\"Person\",\"@id\":\"http:\/\/www.reconoce.mx\/#\/schema\/person\/2117e997d7051dc15d6880eaf9bca0b2\",\"name\":\"Reconoce MX\",\"image\":{\"@type\":\"ImageObject\",\"inLanguage\":\"es\",\"@id\":\"http:\/\/www.reconoce.mx\/#\/schema\/person\/image\/\",\"url\":\"https:\/\/secure.gravatar.com\/avatar\/6c8d4dc7569ca1c90c5fdcc349f839d5ddef6fe1e70b4337ead2ef1a4c43fc3a?s=96&d=identicon&r=g\",\"contentUrl\":\"https:\/\/secure.gravatar.com\/avatar\/6c8d4dc7569ca1c90c5fdcc349f839d5ddef6fe1e70b4337ead2ef1a4c43fc3a?s=96&d=identicon&r=g\",\"caption\":\"Reconoce MX\"},\"description\":\"Reconoce MX es un proyecto de difusi\u00f3n art\u00edstica, cultural y de conciencia social que est\u00e1 enfocado a difundir y fomentar el entretenimiento alternativo de calidad para todo el p\u00fablico que comparta el mismo entusiasmo.\",\"sameAs\":[\"http:\/\/www.reconoce.mx\"],\"url\":\"http:\/\/www.reconoce.mx\/?author=2\"}]}<\/script>\n<!-- \/ Yoast SEO plugin. -->","yoast_head_json":{"title":"Adolfo de la Huerta: el expresidente mexicano que vivi\u00f3 en la pobreza &#171; Reconoce MX","robots":{"index":"index","follow":"follow","max-snippet":"max-snippet:-1","max-image-preview":"max-image-preview:large","max-video-preview":"max-video-preview:-1"},"canonical":"https:\/\/www.reconoce.mx\/?p=26737","og_locale":"es_ES","og_type":"article","og_title":"Adolfo de la Huerta: el expresidente mexicano que vivi\u00f3 en la pobreza &#171; Reconoce MX","og_description":"Desde hace ya algunos a\u00f1os, desde que tom\u00f3 la presidencia de Uruguay, ha estado presente en varios medios la cr\u00f3nica del \u201cpresidente m\u00e1s pobre del mundo\u201d.","og_url":"https:\/\/www.reconoce.mx\/?p=26737","og_site_name":"Reconoce MX","article_publisher":"https:\/\/es-la.facebook.com\/ReconoceMX\/","article_published_time":"2014-02-10T07:00:52+00:00","article_modified_time":"2018-07-01T04:05:14+00:00","og_image":[{"width":649,"height":301,"url":"https:\/\/www.reconoce.mx\/wp-content\/uploads\/adolfo-de-la-huerta.png","type":"image\/png"}],"author":"Reconoce MX","twitter_card":"summary_large_image","twitter_creator":"@reconocemx","twitter_site":"@reconocemx","twitter_misc":{"Escrito por":"Reconoce MX","Tiempo de lectura":"5 minutos"},"schema":{"@context":"https:\/\/schema.org","@graph":[{"@type":"Article","@id":"https:\/\/www.reconoce.mx\/?p=26737#article","isPartOf":{"@id":"https:\/\/www.reconoce.mx\/?p=26737"},"author":{"name":"Reconoce MX","@id":"http:\/\/www.reconoce.mx\/#\/schema\/person\/2117e997d7051dc15d6880eaf9bca0b2"},"headline":"Adolfo de la Huerta: el expresidente mexicano que vivi\u00f3 en la pobreza","datePublished":"2014-02-10T07:00:52+00:00","dateModified":"2018-07-01T04:05:14+00:00","mainEntityOfPage":{"@id":"https:\/\/www.reconoce.mx\/?p=26737"},"wordCount":978,"commentCount":0,"publisher":{"@id":"http:\/\/www.reconoce.mx\/#organization"},"image":{"@id":"https:\/\/www.reconoce.mx\/?p=26737#primaryimage"},"thumbnailUrl":"http:\/\/www.reconoce.mx\/wp-content\/uploads\/adolfo-de-la-huerta.png","articleSection":["Cultura","Historia","Personajes"],"inLanguage":"es","potentialAction":[{"@type":"CommentAction","name":"Comment","target":["https:\/\/www.reconoce.mx\/?p=26737#respond"]}]},{"@type":"WebPage","@id":"https:\/\/www.reconoce.mx\/?p=26737","url":"https:\/\/www.reconoce.mx\/?p=26737","name":"Adolfo de la Huerta: el expresidente mexicano que vivi\u00f3 en la pobreza &#171; Reconoce MX","isPartOf":{"@id":"http:\/\/www.reconoce.mx\/#website"},"primaryImageOfPage":{"@id":"https:\/\/www.reconoce.mx\/?p=26737#primaryimage"},"image":{"@id":"https:\/\/www.reconoce.mx\/?p=26737#primaryimage"},"thumbnailUrl":"http:\/\/www.reconoce.mx\/wp-content\/uploads\/adolfo-de-la-huerta.png","datePublished":"2014-02-10T07:00:52+00:00","dateModified":"2018-07-01T04:05:14+00:00","breadcrumb":{"@id":"https:\/\/www.reconoce.mx\/?p=26737#breadcrumb"},"inLanguage":"es","potentialAction":[{"@type":"ReadAction","target":["https:\/\/www.reconoce.mx\/?p=26737"]}]},{"@type":"ImageObject","inLanguage":"es","@id":"https:\/\/www.reconoce.mx\/?p=26737#primaryimage","url":"http:\/\/www.reconoce.mx\/wp-content\/uploads\/adolfo-de-la-huerta.png","contentUrl":"http:\/\/www.reconoce.mx\/wp-content\/uploads\/adolfo-de-la-huerta.png","width":649,"height":301,"caption":"Adolfo de la Huerta: el expresidente mexicano que vivi\u00f3 en la pobreza."},{"@type":"BreadcrumbList","@id":"https:\/\/www.reconoce.mx\/?p=26737#breadcrumb","itemListElement":[{"@type":"ListItem","position":1,"name":"Portada","item":"http:\/\/www.reconoce.mx\/"},{"@type":"ListItem","position":2,"name":"Adolfo de la Huerta: el expresidente mexicano que vivi\u00f3 en la pobreza"}]},{"@type":"WebSite","@id":"http:\/\/www.reconoce.mx\/#website","url":"http:\/\/www.reconoce.mx\/","name":"Reconoce MX","description":"En Reconoce MX difundimos arte, cultura y conciencia social en M\u00e9xico. Tu ciudad en otra perspectiva.","publisher":{"@id":"http:\/\/www.reconoce.mx\/#organization"},"potentialAction":[{"@type":"SearchAction","target":{"@type":"EntryPoint","urlTemplate":"http:\/\/www.reconoce.mx\/?s={search_term_string}"},"query-input":{"@type":"PropertyValueSpecification","valueRequired":true,"valueName":"search_term_string"}}],"inLanguage":"es"},{"@type":"Organization","@id":"http:\/\/www.reconoce.mx\/#organization","name":"Reconoce MX","url":"http:\/\/www.reconoce.mx\/","logo":{"@type":"ImageObject","inLanguage":"es","@id":"http:\/\/www.reconoce.mx\/#\/schema\/logo\/image\/","url":"https:\/\/www.reconoce.mx\/wp-content\/uploads\/2019\/03\/logorcmx-good-1.png","contentUrl":"https:\/\/www.reconoce.mx\/wp-content\/uploads\/2019\/03\/logorcmx-good-1.png","width":280,"height":90,"caption":"Reconoce MX"},"image":{"@id":"http:\/\/www.reconoce.mx\/#\/schema\/logo\/image\/"},"sameAs":["https:\/\/es-la.facebook.com\/ReconoceMX\/","https:\/\/x.com\/reconocemx","http:\/\/@reconocemx"]},{"@type":"Person","@id":"http:\/\/www.reconoce.mx\/#\/schema\/person\/2117e997d7051dc15d6880eaf9bca0b2","name":"Reconoce MX","image":{"@type":"ImageObject","inLanguage":"es","@id":"http:\/\/www.reconoce.mx\/#\/schema\/person\/image\/","url":"https:\/\/secure.gravatar.com\/avatar\/6c8d4dc7569ca1c90c5fdcc349f839d5ddef6fe1e70b4337ead2ef1a4c43fc3a?s=96&d=identicon&r=g","contentUrl":"https:\/\/secure.gravatar.com\/avatar\/6c8d4dc7569ca1c90c5fdcc349f839d5ddef6fe1e70b4337ead2ef1a4c43fc3a?s=96&d=identicon&r=g","caption":"Reconoce MX"},"description":"Reconoce MX es un proyecto de difusi\u00f3n art\u00edstica, cultural y de conciencia social que est\u00e1 enfocado a difundir y fomentar el entretenimiento alternativo de calidad para todo el p\u00fablico que comparta el mismo entusiasmo.","sameAs":["http:\/\/www.reconoce.mx"],"url":"http:\/\/www.reconoce.mx\/?author=2"}]}},"_links":{"self":[{"href":"http:\/\/www.reconoce.mx\/index.php?rest_route=\/wp\/v2\/posts\/26737","targetHints":{"allow":["GET"]}}],"collection":[{"href":"http:\/\/www.reconoce.mx\/index.php?rest_route=\/wp\/v2\/posts"}],"about":[{"href":"http:\/\/www.reconoce.mx\/index.php?rest_route=\/wp\/v2\/types\/post"}],"author":[{"embeddable":true,"href":"http:\/\/www.reconoce.mx\/index.php?rest_route=\/wp\/v2\/users\/2"}],"replies":[{"embeddable":true,"href":"http:\/\/www.reconoce.mx\/index.php?rest_route=%2Fwp%2Fv2%2Fcomments&post=26737"}],"version-history":[{"count":10,"href":"http:\/\/www.reconoce.mx\/index.php?rest_route=\/wp\/v2\/posts\/26737\/revisions"}],"predecessor-version":[{"id":74508,"href":"http:\/\/www.reconoce.mx\/index.php?rest_route=\/wp\/v2\/posts\/26737\/revisions\/74508"}],"wp:featuredmedia":[{"embeddable":true,"href":"http:\/\/www.reconoce.mx\/index.php?rest_route=\/wp\/v2\/media\/26738"}],"wp:attachment":[{"href":"http:\/\/www.reconoce.mx\/index.php?rest_route=%2Fwp%2Fv2%2Fmedia&parent=26737"}],"wp:term":[{"taxonomy":"category","embeddable":true,"href":"http:\/\/www.reconoce.mx\/index.php?rest_route=%2Fwp%2Fv2%2Fcategories&post=26737"},{"taxonomy":"post_tag","embeddable":true,"href":"http:\/\/www.reconoce.mx\/index.php?rest_route=%2Fwp%2Fv2%2Ftags&post=26737"}],"curies":[{"name":"wp","href":"https:\/\/api.w.org\/{rel}","templated":true}]}}