{"id":26778,"date":"2014-02-09T03:00:25","date_gmt":"2014-02-09T09:00:25","guid":{"rendered":"http:\/\/www.reconoce.mx\/?p=26778"},"modified":"2018-02-15T01:18:17","modified_gmt":"2018-02-15T07:18:17","slug":"proxima-estacion-el-mural-de-auditorio-nacional","status":"publish","type":"post","link":"http:\/\/www.reconoce.mx\/?p=26778","title":{"rendered":"Pr\u00f3xima estaci\u00f3n: El mural de Auditorio Nacional"},"content":{"rendered":"<p><strong>Por\u00a0<a title=\"@enriquefa86\" href=\"https:\/\/twitter.com\/enriquefa86\" target=\"_blank\" rel=\"noopener\">Enrique Figueroa Anaya<\/a>.<\/strong><\/p>\n<p>En una de las estaciones m\u00e1s musicales del Sistema de Transporte Colectivo &#8211; Metro, se ubica <strong>uno de los murales m\u00e1s rockeros de la ciudad de M\u00e9xico (y si acaso, del pa\u00eds tambi\u00e9n)<\/strong>. La larga tradici\u00f3n muralista mexicana se refleja en una de tantas paredes del Metro Auditorio. Alice Cooper, Kiss y The Beatles, son algunos de los presentes.<\/p>\n<p>Apenas entrando al Metro Auditorio, del lado contrario al inmueble musical (es decir, del lado de los hoteles), es posible encontrarse a personajes de la talla de Madonna, Kurt Cobain, Elvis Presley y Mick Jagger. <strong>Ni\u00f1os curiosos que se\u00f1alan a los personajes mientras que sus padres les fotograf\u00edan con aquella nostalgia de los a\u00f1os \u00abde la mejor m\u00fasica rock\u00bb<\/strong>.<\/p>\n<p>\u00abQu\u00e9 chido ver a los Beatles en el Metro\u00bb, me dec\u00eda un se\u00f1or cercano a los sesenta a\u00f1os de edad con una enorme sonrisa. Se acerca la hora pico vespertina del lunes 10 de febrero deo 2014, y a pesar de las prisas, no son muchos los que se resisten a la tentaci\u00f3n de admirar por unos minutos un mural que es precisamente un viaje por el rock and roll. <strong>\u00abNo es la primera vez que lo veo\u00bb, confiesa, \u00abpero me cae que es bien chido ver un mural sin tanto h\u00e9roe falso\u00bb<\/strong>.<\/p>\n<p>Las fotos no se hacen esperar. Como los m\u00fasicos tan diversos que aparecen en el mural, las personas que transitan y le admiran podr\u00edan no tener algo en com\u00fan salvo lo que queda en completa evidencia; <strong>su amor por la m\u00fasica<\/strong>.<\/p>\n<p>El creador de esta maravilla es el<strong> artista mexicano Jorge Luis Flores Manjarrez<\/strong>, mejor conocido como Manjarrez. Dibujante desde chico, Manjarrez ha logrado plasmar en el Metro Auditorio una obra perdurable; sus trabajos m\u00e1s comunes, ef\u00edmeras caricaturas que han aparecido en revistas y peri\u00f3dicos, han servido como base para lo que es sencillamente \u00abun deleite musical para los ojos\u00bb.<\/p>\n<p>Cinco meses de largo trabajo le costaron a Manjarrez para plasmar, entre otros, a Courtney Love, Nick Cave, John Lennon y Paul McCartney. Es simplemente emocionante saber que tan s\u00f3lo tras el paso de los torniquetes se puede observar este mural. Entre fotograf\u00edas de celular y juegos de memoria para ubicar a cada uno de los personajes, <strong>resulta emocionante el ver a leyendas como Bob Dylan, James Brown y Ray Charles subidos en un pesero manejado por Neil Young<\/strong>.<\/p>\n<p>&nbsp;<\/p>\n<p>&nbsp;<\/p>\n","protected":false},"excerpt":{"rendered":"<p>En una de las estaciones m\u00e1s musicales del Sistema de Transporte Colectivo \u2013 Metro, se ubica uno de los murales m\u00e1s rockeros de la ciudad de M\u00e9xico (y si acaso, del pa\u00eds tambi\u00e9n). <\/p>\n","protected":false},"author":2,"featured_media":26779,"comment_status":"open","ping_status":"open","sticky":false,"template":"","format":"standard","meta":{"footnotes":""},"categories":[1,157,2515],"tags":[],"class_list":["post-26778","post","type-post","status-publish","format-standard","has-post-thumbnail","hentry","category-cultura","category-historia","category-proxima-estacion"],"yoast_head":"<!-- This site is optimized with the Yoast SEO plugin v24.7 - https:\/\/yoast.com\/wordpress\/plugins\/seo\/ -->\n<title>Pr\u00f3xima estaci\u00f3n: El mural de Auditorio Nacional &#171; Reconoce MX<\/title>\n<meta name=\"robots\" content=\"index, follow, max-snippet:-1, max-image-preview:large, max-video-preview:-1\" \/>\n<link rel=\"canonical\" href=\"https:\/\/www.reconoce.mx\/?p=26778\" \/>\n<meta property=\"og:locale\" content=\"es_ES\" \/>\n<meta property=\"og:type\" content=\"article\" \/>\n<meta property=\"og:title\" content=\"Pr\u00f3xima estaci\u00f3n: El mural de Auditorio Nacional &#171; Reconoce MX\" \/>\n<meta property=\"og:description\" content=\"En una de las estaciones m\u00e1s musicales del Sistema de Transporte Colectivo \u2013 Metro, se ubica uno de los murales m\u00e1s rockeros de la ciudad de M\u00e9xico (y si acaso, del pa\u00eds tambi\u00e9n).\" \/>\n<meta property=\"og:url\" content=\"https:\/\/www.reconoce.mx\/?p=26778\" \/>\n<meta property=\"og:site_name\" content=\"Reconoce MX\" \/>\n<meta property=\"article:publisher\" content=\"https:\/\/es-la.facebook.com\/ReconoceMX\/\" \/>\n<meta property=\"article:published_time\" content=\"2014-02-09T09:00:25+00:00\" \/>\n<meta property=\"article:modified_time\" content=\"2018-02-15T07:18:17+00:00\" \/>\n<meta property=\"og:image\" content=\"https:\/\/www.reconoce.mx\/wp-content\/uploads\/mauditorio-rock.png\" \/>\n\t<meta property=\"og:image:width\" content=\"649\" \/>\n\t<meta property=\"og:image:height\" content=\"301\" \/>\n\t<meta property=\"og:image:type\" content=\"image\/png\" \/>\n<meta name=\"author\" content=\"Reconoce MX\" \/>\n<meta name=\"twitter:card\" content=\"summary_large_image\" \/>\n<meta name=\"twitter:creator\" content=\"@reconocemx\" \/>\n<meta name=\"twitter:site\" content=\"@reconocemx\" \/>\n<meta name=\"twitter:label1\" content=\"Escrito por\" \/>\n\t<meta name=\"twitter:data1\" content=\"Reconoce MX\" \/>\n\t<meta name=\"twitter:label2\" content=\"Tiempo de lectura\" \/>\n\t<meta name=\"twitter:data2\" content=\"2 minutos\" \/>\n<script type=\"application\/ld+json\" class=\"yoast-schema-graph\">{\"@context\":\"https:\/\/schema.org\",\"@graph\":[{\"@type\":\"Article\",\"@id\":\"https:\/\/www.reconoce.mx\/?p=26778#article\",\"isPartOf\":{\"@id\":\"https:\/\/www.reconoce.mx\/?p=26778\"},\"author\":{\"name\":\"Reconoce MX\",\"@id\":\"http:\/\/www.reconoce.mx\/#\/schema\/person\/2117e997d7051dc15d6880eaf9bca0b2\"},\"headline\":\"Pr\u00f3xima estaci\u00f3n: El mural de Auditorio Nacional\",\"datePublished\":\"2014-02-09T09:00:25+00:00\",\"dateModified\":\"2018-02-15T07:18:17+00:00\",\"mainEntityOfPage\":{\"@id\":\"https:\/\/www.reconoce.mx\/?p=26778\"},\"wordCount\":428,\"commentCount\":0,\"publisher\":{\"@id\":\"http:\/\/www.reconoce.mx\/#organization\"},\"image\":{\"@id\":\"https:\/\/www.reconoce.mx\/?p=26778#primaryimage\"},\"thumbnailUrl\":\"http:\/\/www.reconoce.mx\/wp-content\/uploads\/mauditorio-rock.png\",\"articleSection\":[\"Cultura\",\"Historia\",\"Pr\u00f3xima estaci\u00f3n\"],\"inLanguage\":\"es\",\"potentialAction\":[{\"@type\":\"CommentAction\",\"name\":\"Comment\",\"target\":[\"https:\/\/www.reconoce.mx\/?p=26778#respond\"]}]},{\"@type\":\"WebPage\",\"@id\":\"https:\/\/www.reconoce.mx\/?p=26778\",\"url\":\"https:\/\/www.reconoce.mx\/?p=26778\",\"name\":\"Pr\u00f3xima estaci\u00f3n: El mural de Auditorio Nacional &#171; Reconoce MX\",\"isPartOf\":{\"@id\":\"http:\/\/www.reconoce.mx\/#website\"},\"primaryImageOfPage\":{\"@id\":\"https:\/\/www.reconoce.mx\/?p=26778#primaryimage\"},\"image\":{\"@id\":\"https:\/\/www.reconoce.mx\/?p=26778#primaryimage\"},\"thumbnailUrl\":\"http:\/\/www.reconoce.mx\/wp-content\/uploads\/mauditorio-rock.png\",\"datePublished\":\"2014-02-09T09:00:25+00:00\",\"dateModified\":\"2018-02-15T07:18:17+00:00\",\"breadcrumb\":{\"@id\":\"https:\/\/www.reconoce.mx\/?p=26778#breadcrumb\"},\"inLanguage\":\"es\",\"potentialAction\":[{\"@type\":\"ReadAction\",\"target\":[\"https:\/\/www.reconoce.mx\/?p=26778\"]}]},{\"@type\":\"ImageObject\",\"inLanguage\":\"es\",\"@id\":\"https:\/\/www.reconoce.mx\/?p=26778#primaryimage\",\"url\":\"http:\/\/www.reconoce.mx\/wp-content\/uploads\/mauditorio-rock.png\",\"contentUrl\":\"http:\/\/www.reconoce.mx\/wp-content\/uploads\/mauditorio-rock.png\",\"width\":649,\"height\":301,\"caption\":\"Pr\u00f3xima estaci\u00f3n: El mural de Auditorio Nacional.\"},{\"@type\":\"BreadcrumbList\",\"@id\":\"https:\/\/www.reconoce.mx\/?p=26778#breadcrumb\",\"itemListElement\":[{\"@type\":\"ListItem\",\"position\":1,\"name\":\"Portada\",\"item\":\"http:\/\/www.reconoce.mx\/\"},{\"@type\":\"ListItem\",\"position\":2,\"name\":\"Pr\u00f3xima estaci\u00f3n: El mural de Auditorio Nacional\"}]},{\"@type\":\"WebSite\",\"@id\":\"http:\/\/www.reconoce.mx\/#website\",\"url\":\"http:\/\/www.reconoce.mx\/\",\"name\":\"Reconoce MX\",\"description\":\"En Reconoce MX difundimos arte, cultura y conciencia social en M\u00e9xico. Tu ciudad en otra perspectiva.\",\"publisher\":{\"@id\":\"http:\/\/www.reconoce.mx\/#organization\"},\"potentialAction\":[{\"@type\":\"SearchAction\",\"target\":{\"@type\":\"EntryPoint\",\"urlTemplate\":\"http:\/\/www.reconoce.mx\/?s={search_term_string}\"},\"query-input\":{\"@type\":\"PropertyValueSpecification\",\"valueRequired\":true,\"valueName\":\"search_term_string\"}}],\"inLanguage\":\"es\"},{\"@type\":\"Organization\",\"@id\":\"http:\/\/www.reconoce.mx\/#organization\",\"name\":\"Reconoce MX\",\"url\":\"http:\/\/www.reconoce.mx\/\",\"logo\":{\"@type\":\"ImageObject\",\"inLanguage\":\"es\",\"@id\":\"http:\/\/www.reconoce.mx\/#\/schema\/logo\/image\/\",\"url\":\"https:\/\/www.reconoce.mx\/wp-content\/uploads\/2019\/03\/logorcmx-good-1.png\",\"contentUrl\":\"https:\/\/www.reconoce.mx\/wp-content\/uploads\/2019\/03\/logorcmx-good-1.png\",\"width\":280,\"height\":90,\"caption\":\"Reconoce MX\"},\"image\":{\"@id\":\"http:\/\/www.reconoce.mx\/#\/schema\/logo\/image\/\"},\"sameAs\":[\"https:\/\/es-la.facebook.com\/ReconoceMX\/\",\"https:\/\/x.com\/reconocemx\",\"http:\/\/@reconocemx\"]},{\"@type\":\"Person\",\"@id\":\"http:\/\/www.reconoce.mx\/#\/schema\/person\/2117e997d7051dc15d6880eaf9bca0b2\",\"name\":\"Reconoce MX\",\"image\":{\"@type\":\"ImageObject\",\"inLanguage\":\"es\",\"@id\":\"http:\/\/www.reconoce.mx\/#\/schema\/person\/image\/\",\"url\":\"https:\/\/secure.gravatar.com\/avatar\/6c8d4dc7569ca1c90c5fdcc349f839d5ddef6fe1e70b4337ead2ef1a4c43fc3a?s=96&d=identicon&r=g\",\"contentUrl\":\"https:\/\/secure.gravatar.com\/avatar\/6c8d4dc7569ca1c90c5fdcc349f839d5ddef6fe1e70b4337ead2ef1a4c43fc3a?s=96&d=identicon&r=g\",\"caption\":\"Reconoce MX\"},\"description\":\"Reconoce MX es un proyecto de difusi\u00f3n art\u00edstica, cultural y de conciencia social que est\u00e1 enfocado a difundir y fomentar el entretenimiento alternativo de calidad para todo el p\u00fablico que comparta el mismo entusiasmo.\",\"sameAs\":[\"http:\/\/www.reconoce.mx\"],\"url\":\"http:\/\/www.reconoce.mx\/?author=2\"}]}<\/script>\n<!-- \/ Yoast SEO plugin. -->","yoast_head_json":{"title":"Pr\u00f3xima estaci\u00f3n: El mural de Auditorio Nacional &#171; Reconoce MX","robots":{"index":"index","follow":"follow","max-snippet":"max-snippet:-1","max-image-preview":"max-image-preview:large","max-video-preview":"max-video-preview:-1"},"canonical":"https:\/\/www.reconoce.mx\/?p=26778","og_locale":"es_ES","og_type":"article","og_title":"Pr\u00f3xima estaci\u00f3n: El mural de Auditorio Nacional &#171; Reconoce MX","og_description":"En una de las estaciones m\u00e1s musicales del Sistema de Transporte Colectivo \u2013 Metro, se ubica uno de los murales m\u00e1s rockeros de la ciudad de M\u00e9xico (y si acaso, del pa\u00eds tambi\u00e9n).","og_url":"https:\/\/www.reconoce.mx\/?p=26778","og_site_name":"Reconoce MX","article_publisher":"https:\/\/es-la.facebook.com\/ReconoceMX\/","article_published_time":"2014-02-09T09:00:25+00:00","article_modified_time":"2018-02-15T07:18:17+00:00","og_image":[{"width":649,"height":301,"url":"https:\/\/www.reconoce.mx\/wp-content\/uploads\/mauditorio-rock.png","type":"image\/png"}],"author":"Reconoce MX","twitter_card":"summary_large_image","twitter_creator":"@reconocemx","twitter_site":"@reconocemx","twitter_misc":{"Escrito por":"Reconoce MX","Tiempo de lectura":"2 minutos"},"schema":{"@context":"https:\/\/schema.org","@graph":[{"@type":"Article","@id":"https:\/\/www.reconoce.mx\/?p=26778#article","isPartOf":{"@id":"https:\/\/www.reconoce.mx\/?p=26778"},"author":{"name":"Reconoce MX","@id":"http:\/\/www.reconoce.mx\/#\/schema\/person\/2117e997d7051dc15d6880eaf9bca0b2"},"headline":"Pr\u00f3xima estaci\u00f3n: El mural de Auditorio Nacional","datePublished":"2014-02-09T09:00:25+00:00","dateModified":"2018-02-15T07:18:17+00:00","mainEntityOfPage":{"@id":"https:\/\/www.reconoce.mx\/?p=26778"},"wordCount":428,"commentCount":0,"publisher":{"@id":"http:\/\/www.reconoce.mx\/#organization"},"image":{"@id":"https:\/\/www.reconoce.mx\/?p=26778#primaryimage"},"thumbnailUrl":"http:\/\/www.reconoce.mx\/wp-content\/uploads\/mauditorio-rock.png","articleSection":["Cultura","Historia","Pr\u00f3xima estaci\u00f3n"],"inLanguage":"es","potentialAction":[{"@type":"CommentAction","name":"Comment","target":["https:\/\/www.reconoce.mx\/?p=26778#respond"]}]},{"@type":"WebPage","@id":"https:\/\/www.reconoce.mx\/?p=26778","url":"https:\/\/www.reconoce.mx\/?p=26778","name":"Pr\u00f3xima estaci\u00f3n: El mural de Auditorio Nacional &#171; Reconoce MX","isPartOf":{"@id":"http:\/\/www.reconoce.mx\/#website"},"primaryImageOfPage":{"@id":"https:\/\/www.reconoce.mx\/?p=26778#primaryimage"},"image":{"@id":"https:\/\/www.reconoce.mx\/?p=26778#primaryimage"},"thumbnailUrl":"http:\/\/www.reconoce.mx\/wp-content\/uploads\/mauditorio-rock.png","datePublished":"2014-02-09T09:00:25+00:00","dateModified":"2018-02-15T07:18:17+00:00","breadcrumb":{"@id":"https:\/\/www.reconoce.mx\/?p=26778#breadcrumb"},"inLanguage":"es","potentialAction":[{"@type":"ReadAction","target":["https:\/\/www.reconoce.mx\/?p=26778"]}]},{"@type":"ImageObject","inLanguage":"es","@id":"https:\/\/www.reconoce.mx\/?p=26778#primaryimage","url":"http:\/\/www.reconoce.mx\/wp-content\/uploads\/mauditorio-rock.png","contentUrl":"http:\/\/www.reconoce.mx\/wp-content\/uploads\/mauditorio-rock.png","width":649,"height":301,"caption":"Pr\u00f3xima estaci\u00f3n: El mural de Auditorio Nacional."},{"@type":"BreadcrumbList","@id":"https:\/\/www.reconoce.mx\/?p=26778#breadcrumb","itemListElement":[{"@type":"ListItem","position":1,"name":"Portada","item":"http:\/\/www.reconoce.mx\/"},{"@type":"ListItem","position":2,"name":"Pr\u00f3xima estaci\u00f3n: El mural de Auditorio Nacional"}]},{"@type":"WebSite","@id":"http:\/\/www.reconoce.mx\/#website","url":"http:\/\/www.reconoce.mx\/","name":"Reconoce MX","description":"En Reconoce MX difundimos arte, cultura y conciencia social en M\u00e9xico. Tu ciudad en otra perspectiva.","publisher":{"@id":"http:\/\/www.reconoce.mx\/#organization"},"potentialAction":[{"@type":"SearchAction","target":{"@type":"EntryPoint","urlTemplate":"http:\/\/www.reconoce.mx\/?s={search_term_string}"},"query-input":{"@type":"PropertyValueSpecification","valueRequired":true,"valueName":"search_term_string"}}],"inLanguage":"es"},{"@type":"Organization","@id":"http:\/\/www.reconoce.mx\/#organization","name":"Reconoce MX","url":"http:\/\/www.reconoce.mx\/","logo":{"@type":"ImageObject","inLanguage":"es","@id":"http:\/\/www.reconoce.mx\/#\/schema\/logo\/image\/","url":"https:\/\/www.reconoce.mx\/wp-content\/uploads\/2019\/03\/logorcmx-good-1.png","contentUrl":"https:\/\/www.reconoce.mx\/wp-content\/uploads\/2019\/03\/logorcmx-good-1.png","width":280,"height":90,"caption":"Reconoce MX"},"image":{"@id":"http:\/\/www.reconoce.mx\/#\/schema\/logo\/image\/"},"sameAs":["https:\/\/es-la.facebook.com\/ReconoceMX\/","https:\/\/x.com\/reconocemx","http:\/\/@reconocemx"]},{"@type":"Person","@id":"http:\/\/www.reconoce.mx\/#\/schema\/person\/2117e997d7051dc15d6880eaf9bca0b2","name":"Reconoce MX","image":{"@type":"ImageObject","inLanguage":"es","@id":"http:\/\/www.reconoce.mx\/#\/schema\/person\/image\/","url":"https:\/\/secure.gravatar.com\/avatar\/6c8d4dc7569ca1c90c5fdcc349f839d5ddef6fe1e70b4337ead2ef1a4c43fc3a?s=96&d=identicon&r=g","contentUrl":"https:\/\/secure.gravatar.com\/avatar\/6c8d4dc7569ca1c90c5fdcc349f839d5ddef6fe1e70b4337ead2ef1a4c43fc3a?s=96&d=identicon&r=g","caption":"Reconoce MX"},"description":"Reconoce MX es un proyecto de difusi\u00f3n art\u00edstica, cultural y de conciencia social que est\u00e1 enfocado a difundir y fomentar el entretenimiento alternativo de calidad para todo el p\u00fablico que comparta el mismo entusiasmo.","sameAs":["http:\/\/www.reconoce.mx"],"url":"http:\/\/www.reconoce.mx\/?author=2"}]}},"_links":{"self":[{"href":"http:\/\/www.reconoce.mx\/index.php?rest_route=\/wp\/v2\/posts\/26778","targetHints":{"allow":["GET"]}}],"collection":[{"href":"http:\/\/www.reconoce.mx\/index.php?rest_route=\/wp\/v2\/posts"}],"about":[{"href":"http:\/\/www.reconoce.mx\/index.php?rest_route=\/wp\/v2\/types\/post"}],"author":[{"embeddable":true,"href":"http:\/\/www.reconoce.mx\/index.php?rest_route=\/wp\/v2\/users\/2"}],"replies":[{"embeddable":true,"href":"http:\/\/www.reconoce.mx\/index.php?rest_route=%2Fwp%2Fv2%2Fcomments&post=26778"}],"version-history":[{"count":12,"href":"http:\/\/www.reconoce.mx\/index.php?rest_route=\/wp\/v2\/posts\/26778\/revisions"}],"predecessor-version":[{"id":70504,"href":"http:\/\/www.reconoce.mx\/index.php?rest_route=\/wp\/v2\/posts\/26778\/revisions\/70504"}],"wp:featuredmedia":[{"embeddable":true,"href":"http:\/\/www.reconoce.mx\/index.php?rest_route=\/wp\/v2\/media\/26779"}],"wp:attachment":[{"href":"http:\/\/www.reconoce.mx\/index.php?rest_route=%2Fwp%2Fv2%2Fmedia&parent=26778"}],"wp:term":[{"taxonomy":"category","embeddable":true,"href":"http:\/\/www.reconoce.mx\/index.php?rest_route=%2Fwp%2Fv2%2Fcategories&post=26778"},{"taxonomy":"post_tag","embeddable":true,"href":"http:\/\/www.reconoce.mx\/index.php?rest_route=%2Fwp%2Fv2%2Ftags&post=26778"}],"curies":[{"name":"wp","href":"https:\/\/api.w.org\/{rel}","templated":true}]}}