{"id":3328,"date":"2011-12-05T07:00:45","date_gmt":"2011-12-05T07:00:45","guid":{"rendered":"http:\/\/www.reconoce.mx\/?p=3328"},"modified":"2012-02-28T03:18:00","modified_gmt":"2012-02-28T03:18:00","slug":"que-son-los-parques-eolicos","status":"publish","type":"post","link":"http:\/\/www.reconoce.mx\/?p=3328","title":{"rendered":"Qu\u00e9 son los parques e\u00f3licos"},"content":{"rendered":"<ul id=\"botones-home\">\n<li><script type=\"text\/javascript\" src=\"https:\/\/apis.google.com\/js\/plusone.js\"><\/script><g:plusone width=\"55\" height=\"20\" href=\"http:\/\/www.reconoce.mx\/que-son-los-parques-eolicos\/\"><\/g:plusone><\/li>\n<li><a href=\"http:\/\/twitter.com\/share\" class=\"twitter-share-button\" data-url=\"http:\/\/www.reconoce.mx\/que-son-los-parques-eolicos\/\" data-count=\"horizontal\" data-via=\"reconocemx\" data-lang=\"es\">Tweet<\/a><script type=\"text\/javascript\" src=\"http:\/\/platform.twitter.com\/widgets.js\"><\/script><\/li>\n<li><iframe src=\"http:\/\/www.facebook.com\/plugins\/like.php?locale=es_ES&amp;href=http%3A%2F%2Freconoce.mx\/que-son-los-parques-eolicos\/&amp;send=false&amp;layout=button_count &amp;width=110&amp;show_faces=false&amp;action=like&amp;colorscheme=light&amp;font=verdana&amp;height=21\" scrolling=\"no\" frameborder=\"0\" style=\"border:none; overflow:hidden; width:110px; height:21px;\" allowtransparency=\"true\"><\/iframe><\/li>\n<p><a href=\"http:\/\/www.ecoexploradores.com\/\" target=\"_blank\"><img loading=\"lazy\" decoding=\"async\" class=\"aligncenter size-full wp-image-4228\" title=\"EcoexploradoresBanner\" src=\"http:\/\/www.reconoce.mx\/wp-content\/uploads\/banner-ecoexploradores-550x70.jpg\" alt=\"\" width=\"550\" height=\"70\" \/><\/a><\/p>\n<p><strong>Por <a title=\"@ArenitaWahoho\" href=\"http:\/\/twitter.com\/#%21\/arenitawahoho\" target=\"_blank\">Gretel Flores Montes de Oca<\/a><\/strong>.<\/p>\n<p>La energ\u00eda e\u00f3lica es la energ\u00eda cin\u00e9tica generada por efecto de las corrientes de aire, y que es transformada en otras formas \u00fatiles para las actividades humanas, por ejemplo, ha sido aprovechada desde la antig\u00fcedad para mover los barcos impulsados por velas o hacer funcionar la maquinaria de molinos al mover sus aspas y en la actualidad, la energ\u00eda e\u00f3lica es utilizada principalmente para producir energ\u00eda el\u00e9ctrica mediante aerogeneradores.<\/p>\n<div id=\"attachment_3330\" style=\"width: 610px\" class=\"wp-caption aligncenter\"><a href=\"http:\/\/www.reconoce.mx\/wp-content\/uploads\/que-son-los-parques-eolicos.png\"><img loading=\"lazy\" decoding=\"async\" aria-describedby=\"caption-attachment-3330\" class=\"size-full wp-image-3330\" title=\"\u00bfQu\u00e9 son los parques e\u00f3licos?\" src=\"http:\/\/www.reconoce.mx\/wp-content\/uploads\/que-son-los-parques-eolicos.png\" alt=\"\u00bfQu\u00e9 son los parques e\u00f3licos?\" width=\"600\" height=\"400\" \/><\/a><p id=\"caption-attachment-3330\" class=\"wp-caption-text\">\u00bfQu\u00e9 son los parques e\u00f3licos?<\/p><\/div>\n<p><!--more-->Un parque e\u00f3lico es una agrupaci\u00f3n de aerogeneradores que transforman la energ\u00eda e\u00f3lica en energ\u00eda el\u00e9ctrica. El n\u00famero de aerogeneradores que componen un parque es muy variable, y depende fundamentalmente de la superficie disponible y de las caracter\u00edsticas del viento en el emplazamiento.<\/p>\n<p>Como regla general, un parque e\u00f3lico funciona con un m\u00ednimo de viento de 16 km\/h o 4.5 m\/s por lo que es ideal ubicarlos en lugares en los cuales el flujo de aire tenga la menor cantidad de turbulencias.<\/p>\n<p><strong>Hablando de la Energ\u00eda E\u00f3lica en M\u00e9xico.<\/strong><\/p>\n<p>El principal recurso e\u00f3lico en M\u00e9xico se localiza en el Istmo de Tehuantepec, en el estado de Oaxaca . Se trata del parque e\u00f3lico m\u00e1s grande de Latinoam\u00e9rica y est\u00e1 situado en una de las regiones con mayor viento del mundo, un lugar conocido como\u00a0<strong>\u201cLa Ventosa\u201d.\u00a0\u00a0 El Parque E\u00f3lico Eurus <\/strong>fue constru\u00eddo por la compa\u00f1\u00eda de cementos mexicanos Cemex y cont\u00f3 con el apoyo de la Comisi\u00f3n Federal de Electricidad CFE.<\/p>\n<p>En M\u00e9xico existen otras regiones con vientos t\u00e9cnicamente aprovechables para la generaci\u00f3n de electricidad por ejemplo, algunas partes de los estados de Baja California, Baja California Sur, Tamaulipas, Veracruz, Zacatecas, Hidalgo, Yucat\u00e1n, Chiapas y Quintana Roo, entre otros.<\/p>\n<p><strong>Pros y Contras de la Energ\u00eda E\u00f3lica.<\/strong><\/p>\n<p>Algunas desventajas que presentan los parques e\u00f3licos son:<\/p>\n<ol>\n<li>Debido a la falta de seguridad en la existencia de viento, la energ\u00eda e\u00f3lica no puede ser utilizada como \u00fanica fuente de energ\u00eda el\u00e9ctrica.<\/li>\n<li>Para evacuar la electricidad producida por cada parque e\u00f3lico se requiere de cables 4 veces m\u00e1s gruesos, y a menudo torres m\u00e1s altas, para acomodar correctamente los picos de viento.<\/li>\n<li>Es necesario suplir las bajadas de tensi\u00f3n e\u00f3licas \u00abinstant\u00e1neamente\u00bb (aumentando la producci\u00f3n de las centrales t\u00e9rmicas), para evitar apagones. Esto podr\u00eda solucionarse mediante dispositivos de almacenamiento de energ\u00eda el\u00e9ctrica. Pero la energ\u00eda el\u00e9ctrica producida no es almacenable: es instant\u00e1neamente consumida o perdida.<\/li>\n<li>si el viento sobrepasa las especificaciones del aerogenerador, es obligatorio desconectarlo o cambiar la inclinaci\u00f3n de las aspas para que dejen de girar, para evitar que la \u00a0estructura se da\u00f1e.<\/li>\n<li>Impacto visual: su instalaci\u00f3n genera una alta modificaci\u00f3n del paisaje.<\/li>\n<li>Impacto sobre la avifauna: principalmente por el choque de las aves contra las palas, efectos desconocidos sobre la modificaci\u00f3n de los comportamientos habituales de migraci\u00f3n y anidaci\u00f3n.<\/li>\n<li>Impacto sonoro: el roce de las palas con el aire produce un ruido constante, la casa m\u00e1s cercana deber\u00e1 estar al menos a 200 m.<\/li>\n<\/ol>\n<p>Y en el lado positivo, podemos listar algunas de sus ventajas:<\/p>\n<ol>\n<li>Su uso frena el agotamiento de los combustibles f\u00f3siles.<\/li>\n<li>Es una fuente de energ\u00eda segura y renovable.<\/li>\n<li>No produce emisiones a la atm\u00f3sfera ni genera residuos, salvo los de la fabricaci\u00f3n de los equipos y el aceite de los engranajes.<\/li>\n<li>Se trata de instalaciones m\u00f3viles, su desmantelaci\u00f3n permite recuperar totalmente la zona.<\/li>\n<li>R\u00e1pido tiempo de construcci\u00f3n (de 4 a 9 meses).<\/li>\n<li>No requieren una combusti\u00f3n que produzca di\u00f3xido de carbono (CO2), por lo que no contribuye al incremento del efecto invernadero.<\/li>\n<li>Pueden instalarse en espacios no aptos para otros fines, por ejemplo en zonas des\u00e9rticas, pr\u00f3ximas a la costa, en laderas \u00e1ridas y muy empinadas para ser cultivables.<\/li>\n<li>Pueden convivir con otros usos del suelo, por ejemplo prados para uso ganadero o cultivos bajos.<\/li>\n<\/ol>\n<p>Uno de los mayores retos de nuestros tiempos es reorientar el camino hacia la utilizaci\u00f3n de energ\u00edas renovables cuya producci\u00f3n sea barata y sobre todo limpia, contribuyendo as\u00ed a construir un sistema de generaci\u00f3n de energ\u00eda sostenible para el futuro.\u00a0 \u00bfLo lograremos?<\/p>\n<p style=\"text-align: right;\"><span style=\"text-decoration: underline;\">Fuente<\/span>:<\/p>\n<p style=\"text-align: right;\"><a href=\"http:\/\/www.parqueseolicosonline.com\/\">www.parqueseolicosonline.com<\/a><\/p>\n<p style=\"text-align: right;\"><a href=\"http:\/\/parqueseolicos.blogspot.com\/\">parqueseolicos.blogspot.com<\/a><\/p>\n<p style=\"text-align: right;\"><a href=\"http:\/\/www.energias-renovables.com\/\">www.energias-renovables.com<\/a><\/p>\n<p><a href=\"http:\/\/www.ecoexploradores.com\/\">www.ecoexploradores.com<\/a><\/p>\n","protected":false},"excerpt":{"rendered":"<p>La energ\u00eda e\u00f3lica es la energ\u00eda cin\u00e9tica generada por efecto de las corrientes de aire, y que es transformada en otras formas \u00fatiles para las actividades humanas.<\/p>\n","protected":false},"author":2,"featured_media":0,"comment_status":"open","ping_status":"open","sticky":false,"template":"","format":"standard","meta":{"footnotes":""},"categories":[16,130],"tags":[],"class_list":["post-3328","post","type-post","status-publish","format-standard","hentry","category-columnistas","category-ecoexploradores"],"yoast_head":"<!-- This site is optimized with the Yoast SEO plugin v24.7 - https:\/\/yoast.com\/wordpress\/plugins\/seo\/ -->\n<title>Qu\u00e9 son los parques e\u00f3licos &#171; Reconoce MX<\/title>\n<meta name=\"robots\" content=\"index, follow, max-snippet:-1, max-image-preview:large, max-video-preview:-1\" \/>\n<link rel=\"canonical\" href=\"http:\/\/www.reconoce.mx\/?p=3328\" \/>\n<meta property=\"og:locale\" content=\"es_ES\" \/>\n<meta property=\"og:type\" content=\"article\" \/>\n<meta property=\"og:title\" content=\"Qu\u00e9 son los parques e\u00f3licos &#171; Reconoce MX\" \/>\n<meta property=\"og:description\" content=\"La energ\u00eda e\u00f3lica es la energ\u00eda cin\u00e9tica generada por efecto de las corrientes de aire, y que es transformada en otras formas \u00fatiles para las actividades humanas.\" \/>\n<meta property=\"og:url\" content=\"http:\/\/www.reconoce.mx\/?p=3328\" \/>\n<meta property=\"og:site_name\" content=\"Reconoce MX\" \/>\n<meta property=\"article:publisher\" content=\"https:\/\/es-la.facebook.com\/ReconoceMX\/\" \/>\n<meta property=\"article:published_time\" content=\"2011-12-05T07:00:45+00:00\" \/>\n<meta property=\"article:modified_time\" content=\"2012-02-28T03:18:00+00:00\" \/>\n<meta property=\"og:image\" content=\"http:\/\/www.reconoce.mx\/wp-content\/uploads\/banner-ecoexploradores-550x70.jpg\" \/>\n<meta name=\"author\" content=\"Reconoce MX\" \/>\n<meta name=\"twitter:card\" content=\"summary_large_image\" \/>\n<meta name=\"twitter:creator\" content=\"@reconocemx\" \/>\n<meta name=\"twitter:site\" content=\"@reconocemx\" \/>\n<meta name=\"twitter:label1\" content=\"Escrito por\" \/>\n\t<meta name=\"twitter:data1\" content=\"Reconoce MX\" \/>\n\t<meta name=\"twitter:label2\" content=\"Tiempo de lectura\" \/>\n\t<meta name=\"twitter:data2\" content=\"4 minutos\" \/>\n<script type=\"application\/ld+json\" class=\"yoast-schema-graph\">{\"@context\":\"https:\/\/schema.org\",\"@graph\":[{\"@type\":\"Article\",\"@id\":\"http:\/\/www.reconoce.mx\/?p=3328#article\",\"isPartOf\":{\"@id\":\"http:\/\/www.reconoce.mx\/?p=3328\"},\"author\":{\"name\":\"Reconoce MX\",\"@id\":\"http:\/\/www.reconoce.mx\/#\/schema\/person\/2117e997d7051dc15d6880eaf9bca0b2\"},\"headline\":\"Qu\u00e9 son los parques e\u00f3licos\",\"datePublished\":\"2011-12-05T07:00:45+00:00\",\"dateModified\":\"2012-02-28T03:18:00+00:00\",\"mainEntityOfPage\":{\"@id\":\"http:\/\/www.reconoce.mx\/?p=3328\"},\"wordCount\":764,\"commentCount\":2,\"publisher\":{\"@id\":\"http:\/\/www.reconoce.mx\/#organization\"},\"image\":{\"@id\":\"http:\/\/www.reconoce.mx\/?p=3328#primaryimage\"},\"thumbnailUrl\":\"http:\/\/www.reconoce.mx\/wp-content\/uploads\/banner-ecoexploradores-550x70.jpg\",\"articleSection\":[\"Columnistas\",\"Ecoexploradores\"],\"inLanguage\":\"es\",\"potentialAction\":[{\"@type\":\"CommentAction\",\"name\":\"Comment\",\"target\":[\"http:\/\/www.reconoce.mx\/?p=3328#respond\"]}]},{\"@type\":\"WebPage\",\"@id\":\"http:\/\/www.reconoce.mx\/?p=3328\",\"url\":\"http:\/\/www.reconoce.mx\/?p=3328\",\"name\":\"Qu\u00e9 son los parques e\u00f3licos &#171; Reconoce MX\",\"isPartOf\":{\"@id\":\"http:\/\/www.reconoce.mx\/#website\"},\"primaryImageOfPage\":{\"@id\":\"http:\/\/www.reconoce.mx\/?p=3328#primaryimage\"},\"image\":{\"@id\":\"http:\/\/www.reconoce.mx\/?p=3328#primaryimage\"},\"thumbnailUrl\":\"http:\/\/www.reconoce.mx\/wp-content\/uploads\/banner-ecoexploradores-550x70.jpg\",\"datePublished\":\"2011-12-05T07:00:45+00:00\",\"dateModified\":\"2012-02-28T03:18:00+00:00\",\"breadcrumb\":{\"@id\":\"http:\/\/www.reconoce.mx\/?p=3328#breadcrumb\"},\"inLanguage\":\"es\",\"potentialAction\":[{\"@type\":\"ReadAction\",\"target\":[\"http:\/\/www.reconoce.mx\/?p=3328\"]}]},{\"@type\":\"ImageObject\",\"inLanguage\":\"es\",\"@id\":\"http:\/\/www.reconoce.mx\/?p=3328#primaryimage\",\"url\":\"\",\"contentUrl\":\"\"},{\"@type\":\"BreadcrumbList\",\"@id\":\"http:\/\/www.reconoce.mx\/?p=3328#breadcrumb\",\"itemListElement\":[{\"@type\":\"ListItem\",\"position\":1,\"name\":\"Portada\",\"item\":\"http:\/\/www.reconoce.mx\/\"},{\"@type\":\"ListItem\",\"position\":2,\"name\":\"Qu\u00e9 son los parques e\u00f3licos\"}]},{\"@type\":\"WebSite\",\"@id\":\"http:\/\/www.reconoce.mx\/#website\",\"url\":\"http:\/\/www.reconoce.mx\/\",\"name\":\"Reconoce MX\",\"description\":\"En Reconoce MX difundimos arte, cultura y conciencia social en M\u00e9xico. Tu ciudad en otra perspectiva.\",\"publisher\":{\"@id\":\"http:\/\/www.reconoce.mx\/#organization\"},\"potentialAction\":[{\"@type\":\"SearchAction\",\"target\":{\"@type\":\"EntryPoint\",\"urlTemplate\":\"http:\/\/www.reconoce.mx\/?s={search_term_string}\"},\"query-input\":{\"@type\":\"PropertyValueSpecification\",\"valueRequired\":true,\"valueName\":\"search_term_string\"}}],\"inLanguage\":\"es\"},{\"@type\":\"Organization\",\"@id\":\"http:\/\/www.reconoce.mx\/#organization\",\"name\":\"Reconoce MX\",\"url\":\"http:\/\/www.reconoce.mx\/\",\"logo\":{\"@type\":\"ImageObject\",\"inLanguage\":\"es\",\"@id\":\"http:\/\/www.reconoce.mx\/#\/schema\/logo\/image\/\",\"url\":\"https:\/\/www.reconoce.mx\/wp-content\/uploads\/2019\/03\/logorcmx-good-1.png\",\"contentUrl\":\"https:\/\/www.reconoce.mx\/wp-content\/uploads\/2019\/03\/logorcmx-good-1.png\",\"width\":280,\"height\":90,\"caption\":\"Reconoce MX\"},\"image\":{\"@id\":\"http:\/\/www.reconoce.mx\/#\/schema\/logo\/image\/\"},\"sameAs\":[\"https:\/\/es-la.facebook.com\/ReconoceMX\/\",\"https:\/\/x.com\/reconocemx\",\"http:\/\/@reconocemx\"]},{\"@type\":\"Person\",\"@id\":\"http:\/\/www.reconoce.mx\/#\/schema\/person\/2117e997d7051dc15d6880eaf9bca0b2\",\"name\":\"Reconoce MX\",\"image\":{\"@type\":\"ImageObject\",\"inLanguage\":\"es\",\"@id\":\"http:\/\/www.reconoce.mx\/#\/schema\/person\/image\/\",\"url\":\"https:\/\/secure.gravatar.com\/avatar\/6c8d4dc7569ca1c90c5fdcc349f839d5ddef6fe1e70b4337ead2ef1a4c43fc3a?s=96&d=identicon&r=g\",\"contentUrl\":\"https:\/\/secure.gravatar.com\/avatar\/6c8d4dc7569ca1c90c5fdcc349f839d5ddef6fe1e70b4337ead2ef1a4c43fc3a?s=96&d=identicon&r=g\",\"caption\":\"Reconoce MX\"},\"description\":\"Reconoce MX es un proyecto de difusi\u00f3n art\u00edstica, cultural y de conciencia social que est\u00e1 enfocado a difundir y fomentar el entretenimiento alternativo de calidad para todo el p\u00fablico que comparta el mismo entusiasmo.\",\"sameAs\":[\"http:\/\/www.reconoce.mx\"],\"url\":\"http:\/\/www.reconoce.mx\/?author=2\"}]}<\/script>\n<!-- \/ Yoast SEO plugin. -->","yoast_head_json":{"title":"Qu\u00e9 son los parques e\u00f3licos &#171; Reconoce MX","robots":{"index":"index","follow":"follow","max-snippet":"max-snippet:-1","max-image-preview":"max-image-preview:large","max-video-preview":"max-video-preview:-1"},"canonical":"http:\/\/www.reconoce.mx\/?p=3328","og_locale":"es_ES","og_type":"article","og_title":"Qu\u00e9 son los parques e\u00f3licos &#171; Reconoce MX","og_description":"La energ\u00eda e\u00f3lica es la energ\u00eda cin\u00e9tica generada por efecto de las corrientes de aire, y que es transformada en otras formas \u00fatiles para las actividades humanas.","og_url":"http:\/\/www.reconoce.mx\/?p=3328","og_site_name":"Reconoce MX","article_publisher":"https:\/\/es-la.facebook.com\/ReconoceMX\/","article_published_time":"2011-12-05T07:00:45+00:00","article_modified_time":"2012-02-28T03:18:00+00:00","og_image":[{"url":"http:\/\/www.reconoce.mx\/wp-content\/uploads\/banner-ecoexploradores-550x70.jpg","type":"","width":"","height":""}],"author":"Reconoce MX","twitter_card":"summary_large_image","twitter_creator":"@reconocemx","twitter_site":"@reconocemx","twitter_misc":{"Escrito por":"Reconoce MX","Tiempo de lectura":"4 minutos"},"schema":{"@context":"https:\/\/schema.org","@graph":[{"@type":"Article","@id":"http:\/\/www.reconoce.mx\/?p=3328#article","isPartOf":{"@id":"http:\/\/www.reconoce.mx\/?p=3328"},"author":{"name":"Reconoce MX","@id":"http:\/\/www.reconoce.mx\/#\/schema\/person\/2117e997d7051dc15d6880eaf9bca0b2"},"headline":"Qu\u00e9 son los parques e\u00f3licos","datePublished":"2011-12-05T07:00:45+00:00","dateModified":"2012-02-28T03:18:00+00:00","mainEntityOfPage":{"@id":"http:\/\/www.reconoce.mx\/?p=3328"},"wordCount":764,"commentCount":2,"publisher":{"@id":"http:\/\/www.reconoce.mx\/#organization"},"image":{"@id":"http:\/\/www.reconoce.mx\/?p=3328#primaryimage"},"thumbnailUrl":"http:\/\/www.reconoce.mx\/wp-content\/uploads\/banner-ecoexploradores-550x70.jpg","articleSection":["Columnistas","Ecoexploradores"],"inLanguage":"es","potentialAction":[{"@type":"CommentAction","name":"Comment","target":["http:\/\/www.reconoce.mx\/?p=3328#respond"]}]},{"@type":"WebPage","@id":"http:\/\/www.reconoce.mx\/?p=3328","url":"http:\/\/www.reconoce.mx\/?p=3328","name":"Qu\u00e9 son los parques e\u00f3licos &#171; Reconoce MX","isPartOf":{"@id":"http:\/\/www.reconoce.mx\/#website"},"primaryImageOfPage":{"@id":"http:\/\/www.reconoce.mx\/?p=3328#primaryimage"},"image":{"@id":"http:\/\/www.reconoce.mx\/?p=3328#primaryimage"},"thumbnailUrl":"http:\/\/www.reconoce.mx\/wp-content\/uploads\/banner-ecoexploradores-550x70.jpg","datePublished":"2011-12-05T07:00:45+00:00","dateModified":"2012-02-28T03:18:00+00:00","breadcrumb":{"@id":"http:\/\/www.reconoce.mx\/?p=3328#breadcrumb"},"inLanguage":"es","potentialAction":[{"@type":"ReadAction","target":["http:\/\/www.reconoce.mx\/?p=3328"]}]},{"@type":"ImageObject","inLanguage":"es","@id":"http:\/\/www.reconoce.mx\/?p=3328#primaryimage","url":"","contentUrl":""},{"@type":"BreadcrumbList","@id":"http:\/\/www.reconoce.mx\/?p=3328#breadcrumb","itemListElement":[{"@type":"ListItem","position":1,"name":"Portada","item":"http:\/\/www.reconoce.mx\/"},{"@type":"ListItem","position":2,"name":"Qu\u00e9 son los parques e\u00f3licos"}]},{"@type":"WebSite","@id":"http:\/\/www.reconoce.mx\/#website","url":"http:\/\/www.reconoce.mx\/","name":"Reconoce MX","description":"En Reconoce MX difundimos arte, cultura y conciencia social en M\u00e9xico. Tu ciudad en otra perspectiva.","publisher":{"@id":"http:\/\/www.reconoce.mx\/#organization"},"potentialAction":[{"@type":"SearchAction","target":{"@type":"EntryPoint","urlTemplate":"http:\/\/www.reconoce.mx\/?s={search_term_string}"},"query-input":{"@type":"PropertyValueSpecification","valueRequired":true,"valueName":"search_term_string"}}],"inLanguage":"es"},{"@type":"Organization","@id":"http:\/\/www.reconoce.mx\/#organization","name":"Reconoce MX","url":"http:\/\/www.reconoce.mx\/","logo":{"@type":"ImageObject","inLanguage":"es","@id":"http:\/\/www.reconoce.mx\/#\/schema\/logo\/image\/","url":"https:\/\/www.reconoce.mx\/wp-content\/uploads\/2019\/03\/logorcmx-good-1.png","contentUrl":"https:\/\/www.reconoce.mx\/wp-content\/uploads\/2019\/03\/logorcmx-good-1.png","width":280,"height":90,"caption":"Reconoce MX"},"image":{"@id":"http:\/\/www.reconoce.mx\/#\/schema\/logo\/image\/"},"sameAs":["https:\/\/es-la.facebook.com\/ReconoceMX\/","https:\/\/x.com\/reconocemx","http:\/\/@reconocemx"]},{"@type":"Person","@id":"http:\/\/www.reconoce.mx\/#\/schema\/person\/2117e997d7051dc15d6880eaf9bca0b2","name":"Reconoce MX","image":{"@type":"ImageObject","inLanguage":"es","@id":"http:\/\/www.reconoce.mx\/#\/schema\/person\/image\/","url":"https:\/\/secure.gravatar.com\/avatar\/6c8d4dc7569ca1c90c5fdcc349f839d5ddef6fe1e70b4337ead2ef1a4c43fc3a?s=96&d=identicon&r=g","contentUrl":"https:\/\/secure.gravatar.com\/avatar\/6c8d4dc7569ca1c90c5fdcc349f839d5ddef6fe1e70b4337ead2ef1a4c43fc3a?s=96&d=identicon&r=g","caption":"Reconoce MX"},"description":"Reconoce MX es un proyecto de difusi\u00f3n art\u00edstica, cultural y de conciencia social que est\u00e1 enfocado a difundir y fomentar el entretenimiento alternativo de calidad para todo el p\u00fablico que comparta el mismo entusiasmo.","sameAs":["http:\/\/www.reconoce.mx"],"url":"http:\/\/www.reconoce.mx\/?author=2"}]}},"_links":{"self":[{"href":"http:\/\/www.reconoce.mx\/index.php?rest_route=\/wp\/v2\/posts\/3328","targetHints":{"allow":["GET"]}}],"collection":[{"href":"http:\/\/www.reconoce.mx\/index.php?rest_route=\/wp\/v2\/posts"}],"about":[{"href":"http:\/\/www.reconoce.mx\/index.php?rest_route=\/wp\/v2\/types\/post"}],"author":[{"embeddable":true,"href":"http:\/\/www.reconoce.mx\/index.php?rest_route=\/wp\/v2\/users\/2"}],"replies":[{"embeddable":true,"href":"http:\/\/www.reconoce.mx\/index.php?rest_route=%2Fwp%2Fv2%2Fcomments&post=3328"}],"version-history":[{"count":9,"href":"http:\/\/www.reconoce.mx\/index.php?rest_route=\/wp\/v2\/posts\/3328\/revisions"}],"predecessor-version":[{"id":5696,"href":"http:\/\/www.reconoce.mx\/index.php?rest_route=\/wp\/v2\/posts\/3328\/revisions\/5696"}],"wp:attachment":[{"href":"http:\/\/www.reconoce.mx\/index.php?rest_route=%2Fwp%2Fv2%2Fmedia&parent=3328"}],"wp:term":[{"taxonomy":"category","embeddable":true,"href":"http:\/\/www.reconoce.mx\/index.php?rest_route=%2Fwp%2Fv2%2Fcategories&post=3328"},{"taxonomy":"post_tag","embeddable":true,"href":"http:\/\/www.reconoce.mx\/index.php?rest_route=%2Fwp%2Fv2%2Ftags&post=3328"}],"curies":[{"name":"wp","href":"https:\/\/api.w.org\/{rel}","templated":true}]}}