{"id":3637,"date":"2011-12-20T04:00:40","date_gmt":"2011-12-20T04:00:40","guid":{"rendered":"http:\/\/www.reconoce.mx\/?p=3637"},"modified":"2012-01-17T04:45:46","modified_gmt":"2012-01-17T04:45:46","slug":"la-imaginacion-y-la-realidad-no-son-tan-incompatibles","status":"publish","type":"post","link":"http:\/\/www.reconoce.mx\/?p=3637","title":{"rendered":"La imaginaci\u00f3n y la realidad no son tan incompatibles."},"content":{"rendered":"<ul id=\"botones-home\">\n<li><script type=\"text\/javascript\" src=\"https:\/\/apis.google.com\/js\/plusone.js\"><\/script><g:plusone width=\"55\" height=\"20\" href=\"http:\/\/www.reconoce.mx\/la-imaginacion-y-la-realidad-no-son-tan-incompatibles\/\"><\/g:plusone><\/li>\n<li><a href=\"http:\/\/twitter.com\/share\" class=\"twitter-share-button\" data-url=\"http:\/\/www.reconoce.mx\/la-imaginacion-y-la-realidad-no-son-tan-incompatibles\/\" data-count=\"horizontal\" data-via=\"reconocemx\" data-lang=\"es\">Tweet<\/a><script type=\"text\/javascript\" src=\"http:\/\/platform.twitter.com\/widgets.js\"><\/script><\/li>\n<li><iframe src=\"http:\/\/www.facebook.com\/plugins\/like.php?locale=es_ES&amp;href=http%3A%2F%2Freconoce.mx\/la-imaginacion-y-la-realidad-no-son-tan-incompatibles\/&amp;send=false&amp;layout=button_count &amp;width=110&amp;show_faces=false&amp;action=like&amp;colorscheme=light&amp;font=verdana&amp;height=21\" scrolling=\"no\" frameborder=\"0\" style=\"border:none; overflow:hidden; width:110px; height:21px;\" allowtransparency=\"true\"><\/iframe><\/li>\n<p><a href=\"http:\/\/www.artport-project.org\/\" target=\"_blank\"><img loading=\"lazy\" decoding=\"async\" src=\"http:\/\/www.reconoce.mx\/wp-content\/uploads\/ArtportReconoceMX.jpg\" alt=\"\" title=\"ArtportBanner\" width=\"600\" height=\"80\" class=\"aligncenter size-full wp-image-4228\" \/><\/a><\/p>\n<p><strong>Katja Loher, artista suiza, Nueva York, <a title=\"Katja Loher's Video World.\" href=\"http:\/\/www.katjaloher.com\/\" target=\"_blank\">www.katjaloher.com<\/a><\/strong>.<\/p>\n<p>En lo que respecta a nuestras oportunidades como artistas, estamos desarrollando la imaginaci\u00f3n, lo que podr\u00eda ser \u00fatil para crear nuevas ideas. Tal vez la imaginaci\u00f3n y la realidad no son tan incompatibles. El reino de la fantas\u00eda, lo que refleja la condici\u00f3n subjetiva y el mundo de los hechos objetivos, las condiciones externas, est\u00e1n interrelacionadas.<\/p>\n<div id=\"attachment_3639\" style=\"width: 610px\" class=\"wp-caption aligncenter\"><a href=\"http:\/\/www.reconoce.mx\/wp-content\/uploads\/katja-loher.png\"><img loading=\"lazy\" decoding=\"async\" aria-describedby=\"caption-attachment-3639\" class=\"size-full wp-image-3639\" title=\"Fotograf\u00eda cortes\u00eda de Katja Loher.\" src=\"http:\/\/www.reconoce.mx\/wp-content\/uploads\/katja-loher.png\" alt=\"Fotograf\u00eda cortes\u00eda de Katja Loher.\" width=\"600\" height=\"400\" \/><\/a><p id=\"caption-attachment-3639\" class=\"wp-caption-text\">Fotograf\u00eda cortes\u00eda de Katja Loher.<\/p><\/div>\n<p><!--more-->Creo que el arte pertenece a la gente y tiene que comunicarse a las distintas sociedades y culturas como sea posible.<\/p>\n<p>Artport est\u00e1 construyendo una plataforma que coloca a las obras de arte que contienen mensajes esenciales y las preguntas del calentamiento global y la pol\u00edtica del clima en distintos entornos, sociedades y culturas.<\/p>\n<p>Con el trabajo escult\u00f3rico de video que trata de abordar el campo de tensi\u00f3n entre la fantas\u00eda escapista y la realidad opresiva. Mis mundos surrealistas est\u00e1n poblados por figuras realistas. Los collages de video demuestran metaf\u00f3ricamente las consecuencias de las preguntas po\u00e9ticas como: \u00ab\u00bfPor qu\u00e9 las abejas abandonan?\u00bb. La multiplicaci\u00f3n sim\u00e9trica de cuerpos en movimiento en constante cambio de las constelaciones produce un colectivo r\u00edtmico pulsante. Bailarines andr\u00f3ginos, que realizan la polinizaci\u00f3n artificial de las plantas o incluso la fotos\u00edntesis, parecen intentar impedir un colapso ecol\u00f3gico.<\/p>\n<p>Los movimientos de los bailarines vistos desde la perspectiva de un p\u00e1jaro, desde patrones de forma, que proceder\u00e9 a multiplicar caleidoscopicamente en el curso de post-producci\u00f3n digital. De vez en cuando transformo preguntas en im\u00e1genes textuales coreografiando bailarines a cartas, que luego combino en palabras y preguntas. Por lo general, las palabras que se componen en el video-alfabeto est\u00e1n incrustadas en escenograf\u00edas abstractas. El movimiento sincronizado con frecuencia se disuelve en cuerpos colapsados, es en este momento en el que pierdo el control sobre el ritmo y el movimiento de la acci\u00f3n colectiva.<\/p>\n","protected":false},"excerpt":{"rendered":"<p>En lo que respecta a nuestras oportunidades como artistas, estamos desarrollando la imaginaci\u00f3n, lo que podr\u00eda ser \u00fatil para crear nuevas ideas. La imaginaci\u00f3n y la realidad no son incompatibles. <\/p>\n","protected":false},"author":2,"featured_media":0,"comment_status":"open","ping_status":"open","sticky":false,"template":"","format":"standard","meta":{"footnotes":""},"categories":[54,16],"tags":[],"class_list":["post-3637","post","type-post","status-publish","format-standard","hentry","category-artport_making-waves","category-columnistas"],"yoast_head":"<!-- This site is optimized with the Yoast SEO plugin v24.7 - https:\/\/yoast.com\/wordpress\/plugins\/seo\/ -->\n<title>La imaginaci\u00f3n y la realidad no son tan incompatibles. &#171; Reconoce MX<\/title>\n<meta name=\"robots\" content=\"index, follow, max-snippet:-1, max-image-preview:large, max-video-preview:-1\" \/>\n<link rel=\"canonical\" href=\"https:\/\/www.reconoce.mx\/?p=3637\" \/>\n<meta property=\"og:locale\" content=\"es_ES\" \/>\n<meta property=\"og:type\" content=\"article\" \/>\n<meta property=\"og:title\" content=\"La imaginaci\u00f3n y la realidad no son tan incompatibles. &#171; Reconoce MX\" \/>\n<meta property=\"og:description\" content=\"En lo que respecta a nuestras oportunidades como artistas, estamos desarrollando la imaginaci\u00f3n, lo que podr\u00eda ser \u00fatil para crear nuevas ideas. La imaginaci\u00f3n y la realidad no son incompatibles.\" \/>\n<meta property=\"og:url\" content=\"https:\/\/www.reconoce.mx\/?p=3637\" \/>\n<meta property=\"og:site_name\" content=\"Reconoce MX\" \/>\n<meta property=\"article:publisher\" content=\"https:\/\/es-la.facebook.com\/ReconoceMX\/\" \/>\n<meta property=\"article:published_time\" content=\"2011-12-20T04:00:40+00:00\" \/>\n<meta property=\"article:modified_time\" content=\"2012-01-17T04:45:46+00:00\" \/>\n<meta property=\"og:image\" content=\"http:\/\/www.reconoce.mx\/wp-content\/uploads\/ArtportReconoceMX.jpg\" \/>\n<meta name=\"author\" content=\"Reconoce MX\" \/>\n<meta name=\"twitter:card\" content=\"summary_large_image\" \/>\n<meta name=\"twitter:creator\" content=\"@reconocemx\" \/>\n<meta name=\"twitter:site\" content=\"@reconocemx\" \/>\n<meta name=\"twitter:label1\" content=\"Escrito por\" \/>\n\t<meta name=\"twitter:data1\" content=\"Reconoce MX\" \/>\n\t<meta name=\"twitter:label2\" content=\"Tiempo de lectura\" \/>\n\t<meta name=\"twitter:data2\" content=\"2 minutos\" \/>\n<script type=\"application\/ld+json\" class=\"yoast-schema-graph\">{\"@context\":\"https:\/\/schema.org\",\"@graph\":[{\"@type\":\"Article\",\"@id\":\"https:\/\/www.reconoce.mx\/?p=3637#article\",\"isPartOf\":{\"@id\":\"https:\/\/www.reconoce.mx\/?p=3637\"},\"author\":{\"name\":\"Reconoce MX\",\"@id\":\"http:\/\/www.reconoce.mx\/#\/schema\/person\/2117e997d7051dc15d6880eaf9bca0b2\"},\"headline\":\"La imaginaci\u00f3n y la realidad no son tan incompatibles.\",\"datePublished\":\"2011-12-20T04:00:40+00:00\",\"dateModified\":\"2012-01-17T04:45:46+00:00\",\"mainEntityOfPage\":{\"@id\":\"https:\/\/www.reconoce.mx\/?p=3637\"},\"wordCount\":350,\"commentCount\":0,\"publisher\":{\"@id\":\"http:\/\/www.reconoce.mx\/#organization\"},\"image\":{\"@id\":\"https:\/\/www.reconoce.mx\/?p=3637#primaryimage\"},\"thumbnailUrl\":\"http:\/\/www.reconoce.mx\/wp-content\/uploads\/ArtportReconoceMX.jpg\",\"articleSection\":[\"ARTPORT_making waves\",\"Columnistas\"],\"inLanguage\":\"es\",\"potentialAction\":[{\"@type\":\"CommentAction\",\"name\":\"Comment\",\"target\":[\"https:\/\/www.reconoce.mx\/?p=3637#respond\"]}]},{\"@type\":\"WebPage\",\"@id\":\"https:\/\/www.reconoce.mx\/?p=3637\",\"url\":\"https:\/\/www.reconoce.mx\/?p=3637\",\"name\":\"La imaginaci\u00f3n y la realidad no son tan incompatibles. &#171; Reconoce MX\",\"isPartOf\":{\"@id\":\"http:\/\/www.reconoce.mx\/#website\"},\"primaryImageOfPage\":{\"@id\":\"https:\/\/www.reconoce.mx\/?p=3637#primaryimage\"},\"image\":{\"@id\":\"https:\/\/www.reconoce.mx\/?p=3637#primaryimage\"},\"thumbnailUrl\":\"http:\/\/www.reconoce.mx\/wp-content\/uploads\/ArtportReconoceMX.jpg\",\"datePublished\":\"2011-12-20T04:00:40+00:00\",\"dateModified\":\"2012-01-17T04:45:46+00:00\",\"breadcrumb\":{\"@id\":\"https:\/\/www.reconoce.mx\/?p=3637#breadcrumb\"},\"inLanguage\":\"es\",\"potentialAction\":[{\"@type\":\"ReadAction\",\"target\":[\"https:\/\/www.reconoce.mx\/?p=3637\"]}]},{\"@type\":\"ImageObject\",\"inLanguage\":\"es\",\"@id\":\"https:\/\/www.reconoce.mx\/?p=3637#primaryimage\",\"url\":\"\",\"contentUrl\":\"\"},{\"@type\":\"BreadcrumbList\",\"@id\":\"https:\/\/www.reconoce.mx\/?p=3637#breadcrumb\",\"itemListElement\":[{\"@type\":\"ListItem\",\"position\":1,\"name\":\"Portada\",\"item\":\"http:\/\/www.reconoce.mx\/\"},{\"@type\":\"ListItem\",\"position\":2,\"name\":\"La imaginaci\u00f3n y la realidad no son tan incompatibles.\"}]},{\"@type\":\"WebSite\",\"@id\":\"http:\/\/www.reconoce.mx\/#website\",\"url\":\"http:\/\/www.reconoce.mx\/\",\"name\":\"Reconoce MX\",\"description\":\"En Reconoce MX difundimos arte, cultura y conciencia social en M\u00e9xico. Tu ciudad en otra perspectiva.\",\"publisher\":{\"@id\":\"http:\/\/www.reconoce.mx\/#organization\"},\"potentialAction\":[{\"@type\":\"SearchAction\",\"target\":{\"@type\":\"EntryPoint\",\"urlTemplate\":\"http:\/\/www.reconoce.mx\/?s={search_term_string}\"},\"query-input\":{\"@type\":\"PropertyValueSpecification\",\"valueRequired\":true,\"valueName\":\"search_term_string\"}}],\"inLanguage\":\"es\"},{\"@type\":\"Organization\",\"@id\":\"http:\/\/www.reconoce.mx\/#organization\",\"name\":\"Reconoce MX\",\"url\":\"http:\/\/www.reconoce.mx\/\",\"logo\":{\"@type\":\"ImageObject\",\"inLanguage\":\"es\",\"@id\":\"http:\/\/www.reconoce.mx\/#\/schema\/logo\/image\/\",\"url\":\"https:\/\/www.reconoce.mx\/wp-content\/uploads\/2019\/03\/logorcmx-good-1.png\",\"contentUrl\":\"https:\/\/www.reconoce.mx\/wp-content\/uploads\/2019\/03\/logorcmx-good-1.png\",\"width\":280,\"height\":90,\"caption\":\"Reconoce MX\"},\"image\":{\"@id\":\"http:\/\/www.reconoce.mx\/#\/schema\/logo\/image\/\"},\"sameAs\":[\"https:\/\/es-la.facebook.com\/ReconoceMX\/\",\"https:\/\/x.com\/reconocemx\",\"http:\/\/@reconocemx\"]},{\"@type\":\"Person\",\"@id\":\"http:\/\/www.reconoce.mx\/#\/schema\/person\/2117e997d7051dc15d6880eaf9bca0b2\",\"name\":\"Reconoce MX\",\"image\":{\"@type\":\"ImageObject\",\"inLanguage\":\"es\",\"@id\":\"http:\/\/www.reconoce.mx\/#\/schema\/person\/image\/\",\"url\":\"https:\/\/secure.gravatar.com\/avatar\/6c8d4dc7569ca1c90c5fdcc349f839d5ddef6fe1e70b4337ead2ef1a4c43fc3a?s=96&d=identicon&r=g\",\"contentUrl\":\"https:\/\/secure.gravatar.com\/avatar\/6c8d4dc7569ca1c90c5fdcc349f839d5ddef6fe1e70b4337ead2ef1a4c43fc3a?s=96&d=identicon&r=g\",\"caption\":\"Reconoce MX\"},\"description\":\"Reconoce MX es un proyecto de difusi\u00f3n art\u00edstica, cultural y de conciencia social que est\u00e1 enfocado a difundir y fomentar el entretenimiento alternativo de calidad para todo el p\u00fablico que comparta el mismo entusiasmo.\",\"sameAs\":[\"http:\/\/www.reconoce.mx\"],\"url\":\"http:\/\/www.reconoce.mx\/?author=2\"}]}<\/script>\n<!-- \/ Yoast SEO plugin. -->","yoast_head_json":{"title":"La imaginaci\u00f3n y la realidad no son tan incompatibles. &#171; Reconoce MX","robots":{"index":"index","follow":"follow","max-snippet":"max-snippet:-1","max-image-preview":"max-image-preview:large","max-video-preview":"max-video-preview:-1"},"canonical":"https:\/\/www.reconoce.mx\/?p=3637","og_locale":"es_ES","og_type":"article","og_title":"La imaginaci\u00f3n y la realidad no son tan incompatibles. &#171; Reconoce MX","og_description":"En lo que respecta a nuestras oportunidades como artistas, estamos desarrollando la imaginaci\u00f3n, lo que podr\u00eda ser \u00fatil para crear nuevas ideas. La imaginaci\u00f3n y la realidad no son incompatibles.","og_url":"https:\/\/www.reconoce.mx\/?p=3637","og_site_name":"Reconoce MX","article_publisher":"https:\/\/es-la.facebook.com\/ReconoceMX\/","article_published_time":"2011-12-20T04:00:40+00:00","article_modified_time":"2012-01-17T04:45:46+00:00","og_image":[{"url":"http:\/\/www.reconoce.mx\/wp-content\/uploads\/ArtportReconoceMX.jpg","type":"","width":"","height":""}],"author":"Reconoce MX","twitter_card":"summary_large_image","twitter_creator":"@reconocemx","twitter_site":"@reconocemx","twitter_misc":{"Escrito por":"Reconoce MX","Tiempo de lectura":"2 minutos"},"schema":{"@context":"https:\/\/schema.org","@graph":[{"@type":"Article","@id":"https:\/\/www.reconoce.mx\/?p=3637#article","isPartOf":{"@id":"https:\/\/www.reconoce.mx\/?p=3637"},"author":{"name":"Reconoce MX","@id":"http:\/\/www.reconoce.mx\/#\/schema\/person\/2117e997d7051dc15d6880eaf9bca0b2"},"headline":"La imaginaci\u00f3n y la realidad no son tan incompatibles.","datePublished":"2011-12-20T04:00:40+00:00","dateModified":"2012-01-17T04:45:46+00:00","mainEntityOfPage":{"@id":"https:\/\/www.reconoce.mx\/?p=3637"},"wordCount":350,"commentCount":0,"publisher":{"@id":"http:\/\/www.reconoce.mx\/#organization"},"image":{"@id":"https:\/\/www.reconoce.mx\/?p=3637#primaryimage"},"thumbnailUrl":"http:\/\/www.reconoce.mx\/wp-content\/uploads\/ArtportReconoceMX.jpg","articleSection":["ARTPORT_making waves","Columnistas"],"inLanguage":"es","potentialAction":[{"@type":"CommentAction","name":"Comment","target":["https:\/\/www.reconoce.mx\/?p=3637#respond"]}]},{"@type":"WebPage","@id":"https:\/\/www.reconoce.mx\/?p=3637","url":"https:\/\/www.reconoce.mx\/?p=3637","name":"La imaginaci\u00f3n y la realidad no son tan incompatibles. &#171; Reconoce MX","isPartOf":{"@id":"http:\/\/www.reconoce.mx\/#website"},"primaryImageOfPage":{"@id":"https:\/\/www.reconoce.mx\/?p=3637#primaryimage"},"image":{"@id":"https:\/\/www.reconoce.mx\/?p=3637#primaryimage"},"thumbnailUrl":"http:\/\/www.reconoce.mx\/wp-content\/uploads\/ArtportReconoceMX.jpg","datePublished":"2011-12-20T04:00:40+00:00","dateModified":"2012-01-17T04:45:46+00:00","breadcrumb":{"@id":"https:\/\/www.reconoce.mx\/?p=3637#breadcrumb"},"inLanguage":"es","potentialAction":[{"@type":"ReadAction","target":["https:\/\/www.reconoce.mx\/?p=3637"]}]},{"@type":"ImageObject","inLanguage":"es","@id":"https:\/\/www.reconoce.mx\/?p=3637#primaryimage","url":"","contentUrl":""},{"@type":"BreadcrumbList","@id":"https:\/\/www.reconoce.mx\/?p=3637#breadcrumb","itemListElement":[{"@type":"ListItem","position":1,"name":"Portada","item":"http:\/\/www.reconoce.mx\/"},{"@type":"ListItem","position":2,"name":"La imaginaci\u00f3n y la realidad no son tan incompatibles."}]},{"@type":"WebSite","@id":"http:\/\/www.reconoce.mx\/#website","url":"http:\/\/www.reconoce.mx\/","name":"Reconoce MX","description":"En Reconoce MX difundimos arte, cultura y conciencia social en M\u00e9xico. Tu ciudad en otra perspectiva.","publisher":{"@id":"http:\/\/www.reconoce.mx\/#organization"},"potentialAction":[{"@type":"SearchAction","target":{"@type":"EntryPoint","urlTemplate":"http:\/\/www.reconoce.mx\/?s={search_term_string}"},"query-input":{"@type":"PropertyValueSpecification","valueRequired":true,"valueName":"search_term_string"}}],"inLanguage":"es"},{"@type":"Organization","@id":"http:\/\/www.reconoce.mx\/#organization","name":"Reconoce MX","url":"http:\/\/www.reconoce.mx\/","logo":{"@type":"ImageObject","inLanguage":"es","@id":"http:\/\/www.reconoce.mx\/#\/schema\/logo\/image\/","url":"https:\/\/www.reconoce.mx\/wp-content\/uploads\/2019\/03\/logorcmx-good-1.png","contentUrl":"https:\/\/www.reconoce.mx\/wp-content\/uploads\/2019\/03\/logorcmx-good-1.png","width":280,"height":90,"caption":"Reconoce MX"},"image":{"@id":"http:\/\/www.reconoce.mx\/#\/schema\/logo\/image\/"},"sameAs":["https:\/\/es-la.facebook.com\/ReconoceMX\/","https:\/\/x.com\/reconocemx","http:\/\/@reconocemx"]},{"@type":"Person","@id":"http:\/\/www.reconoce.mx\/#\/schema\/person\/2117e997d7051dc15d6880eaf9bca0b2","name":"Reconoce MX","image":{"@type":"ImageObject","inLanguage":"es","@id":"http:\/\/www.reconoce.mx\/#\/schema\/person\/image\/","url":"https:\/\/secure.gravatar.com\/avatar\/6c8d4dc7569ca1c90c5fdcc349f839d5ddef6fe1e70b4337ead2ef1a4c43fc3a?s=96&d=identicon&r=g","contentUrl":"https:\/\/secure.gravatar.com\/avatar\/6c8d4dc7569ca1c90c5fdcc349f839d5ddef6fe1e70b4337ead2ef1a4c43fc3a?s=96&d=identicon&r=g","caption":"Reconoce MX"},"description":"Reconoce MX es un proyecto de difusi\u00f3n art\u00edstica, cultural y de conciencia social que est\u00e1 enfocado a difundir y fomentar el entretenimiento alternativo de calidad para todo el p\u00fablico que comparta el mismo entusiasmo.","sameAs":["http:\/\/www.reconoce.mx"],"url":"http:\/\/www.reconoce.mx\/?author=2"}]}},"_links":{"self":[{"href":"http:\/\/www.reconoce.mx\/index.php?rest_route=\/wp\/v2\/posts\/3637","targetHints":{"allow":["GET"]}}],"collection":[{"href":"http:\/\/www.reconoce.mx\/index.php?rest_route=\/wp\/v2\/posts"}],"about":[{"href":"http:\/\/www.reconoce.mx\/index.php?rest_route=\/wp\/v2\/types\/post"}],"author":[{"embeddable":true,"href":"http:\/\/www.reconoce.mx\/index.php?rest_route=\/wp\/v2\/users\/2"}],"replies":[{"embeddable":true,"href":"http:\/\/www.reconoce.mx\/index.php?rest_route=%2Fwp%2Fv2%2Fcomments&post=3637"}],"version-history":[{"count":34,"href":"http:\/\/www.reconoce.mx\/index.php?rest_route=\/wp\/v2\/posts\/3637\/revisions"}],"predecessor-version":[{"id":4269,"href":"http:\/\/www.reconoce.mx\/index.php?rest_route=\/wp\/v2\/posts\/3637\/revisions\/4269"}],"wp:attachment":[{"href":"http:\/\/www.reconoce.mx\/index.php?rest_route=%2Fwp%2Fv2%2Fmedia&parent=3637"}],"wp:term":[{"taxonomy":"category","embeddable":true,"href":"http:\/\/www.reconoce.mx\/index.php?rest_route=%2Fwp%2Fv2%2Fcategories&post=3637"},{"taxonomy":"post_tag","embeddable":true,"href":"http:\/\/www.reconoce.mx\/index.php?rest_route=%2Fwp%2Fv2%2Ftags&post=3637"}],"curies":[{"name":"wp","href":"https:\/\/api.w.org\/{rel}","templated":true}]}}