{"id":3694,"date":"2011-12-23T01:00:01","date_gmt":"2011-12-23T01:00:01","guid":{"rendered":"http:\/\/www.reconoce.mx\/?p=3694"},"modified":"2012-02-28T03:18:52","modified_gmt":"2012-02-28T03:18:52","slug":"organico-o-no-organico","status":"publish","type":"post","link":"http:\/\/www.reconoce.mx\/?p=3694","title":{"rendered":"Org\u00e1nico o no org\u00e1nico"},"content":{"rendered":"<ul id=\"botones-home\">\n<li><script type=\"text\/javascript\" src=\"https:\/\/apis.google.com\/js\/plusone.js\"><\/script><g:plusone width=\"55\" height=\"20\" href=\"http:\/\/www.reconoce.mx\/organico-o-no-organico\/\"><\/g:plusone><\/li>\n<li><a href=\"http:\/\/twitter.com\/share\" class=\"twitter-share-button\" data-url=\"http:\/\/www.reconoce.mx\/organico-o-no-organico\/\" data-count=\"horizontal\" data-via=\"reconocemx\" data-lang=\"es\">Tweet<\/a><script type=\"text\/javascript\" src=\"http:\/\/platform.twitter.com\/widgets.js\"><\/script><\/li>\n<li><iframe src=\"http:\/\/www.facebook.com\/plugins\/like.php?locale=es_ES&amp;href=http%3A%2F%2Freconoce.mx\/organico-o-no-organico\/&amp;send=false&amp;layout=button_count &amp;width=110&amp;show_faces=false&amp;action=like&amp;colorscheme=light&amp;font=verdana&amp;height=21\" scrolling=\"no\" frameborder=\"0\" style=\"border:none; overflow:hidden; width:110px; height:21px;\" allowtransparency=\"true\"><\/iframe><\/li>\n<p><a href=\"http:\/\/www.ecoexploradores.com\/\" target=\"_blank\"><img loading=\"lazy\" decoding=\"async\" class=\"aligncenter size-full wp-image-4228\" title=\"EcoexploradoresBanner\" src=\"http:\/\/www.reconoce.mx\/wp-content\/uploads\/banner-ecoexploradores-550x70.jpg\" alt=\"\" width=\"550\" height=\"70\" \/><\/a><\/p>\n<p><strong>Por <a title=\"@ArenitaWahoho\" href=\"http:\/\/twitter.com\/#%21\/arenitawahoho\" target=\"_blank\">Gretel Flores Montes de Oca<\/a><\/strong>.<\/p>\n<p>Todos hemos notado el reciente incremento en la oferta de los llamados productos org\u00e1nicos. Se nos ha dicho que son productos ecol\u00f3gicos y que adem\u00e1s son m\u00e1s saludables que los que consumimos normalmente. Pero, <strong>\u00bfsabemos cu\u00e1les son sus caracter\u00edsticas?<\/strong> Yo sab\u00eda que eran aquellos productos del campo que hab\u00edan sido cultivados sin usar pesticidas qu\u00edmicos, pero no m\u00e1s. As\u00ed que me puse a  hacer la tarea y encontr\u00e9 informaci\u00f3n super interesante que les comparto en esta nota.<\/p>\n<div id=\"attachment_3695\" style=\"width: 610px\" class=\"wp-caption aligncenter\"><a href=\"http:\/\/www.reconoce.mx\/wp-content\/uploads\/organico-o-no-organico.png\"><img loading=\"lazy\" decoding=\"async\" aria-describedby=\"caption-attachment-3695\" class=\"size-full wp-image-3695\" title=\"Org\u00e1nico o no org\u00e1nico.\" src=\"http:\/\/www.reconoce.mx\/wp-content\/uploads\/organico-o-no-organico.png\" alt=\"Org\u00e1nico o no org\u00e1nico.\" width=\"600\" height=\"299\" \/><\/a><p id=\"caption-attachment-3695\" class=\"wp-caption-text\">Org\u00e1nico o no org\u00e1nico.<\/p><\/div>\n<p><!--more-->Lo primero, su definici\u00f3n: <strong>Los productos org\u00e1nicos son todos los que se obtienen de sistemas productivos sustentables<\/strong>.  \u00bfY c\u00f3mo saber si un sistema productivo sustentable? Debemos poder identificar en \u00e9l estas caracter\u00edsticas:<\/p>\n<ol>\n<li>Hace un uso racional de los recursos naturales.<\/li>\n<li>No utiliza productos de s\u00edntesis qu\u00edmica.<\/li>\n<li>Incremento y\/o mantiene la fertilidad de los suelos.<\/li>\n<li>Incrementa y\/o mantenimiento de la biodiversidad de la zona.<\/li>\n<li>Cuenta con alg\u00fan tipo de registro o certificaci\u00f3n que avale estas pr\u00e1cticas.<\/li>\n<\/ol>\n<p><strong>El ejemplo m\u00e1s f\u00e1cil de entender es la agricultura<\/strong>. En la agricultura org\u00e1nica, el mantenimiento de los suelos, el control de plagas y el aporte de nutrientes deben ser obtenidos de manera natural por medio de la rotaci\u00f3n de cultivos, del uso de abonos minerales y verdes, reciclaje de desechos, control biol\u00f3gico de plagas, etc.<\/p>\n<p><strong>Qu\u00e9 se dice a favor<\/strong>:<\/p>\n<ol>\n<li>La producci\u00f3n org\u00e1nica busca encontrar un equilibrio entre el consumo y el cuidado del ambiente.<\/li>\n<li>A pesar de que algunos estudios muestran que la composici\u00f3n nutricional en prote\u00ednas, grasas, carbohidratos y algunas vitaminas es semejante en vegetales org\u00e1nicos y convencionales, otras evidencias se\u00f1alan lo contrario.  Por ejemplo, los alimentos org\u00e1nicos tardan m\u00e1s tiempo en desarrollarse, lo que aumenta su concentraci\u00f3n en micronutrientes como selenio, zinc, hierro y magnesio, esenciales en la salud.<\/li>\n<\/ol>\n<p><strong>Qu\u00e9 se dice en contra<\/strong>:<\/p>\n<ol>\n<li>Los productos org\u00e1nicos tienen un costo econ\u00f3mico considerablemente mayor a los productos convencionales.<\/li>\n<li>Los alimentos org\u00e1nicos suelen tener una mayor contaminaci\u00f3n por microorganismos que los convencionales. Por ejemplo, se ha demostrado que todo el pollo org\u00e1nico contiene la bacteria Campylobacter, mientras que el pollo convencional s\u00f3lo lo presenta en 3 de cada 10 ejemplares. Cifras similares se presentan con la Salmonella. Y el 72% de pollo org\u00e1nico tiene par\u00e1sitos.<\/li>\n<\/ol>\n<p>Como ver\u00e1n,<strong> la balanza se encuentra muy equilibrada<\/strong>, y en general se admite que,  mientras los productos org\u00e1nicos tienen una mayor cantidad de ciertos nutrientes, los no org\u00e1nicos son m\u00e1s ricos en otros.<\/p>\n<p><strong>Cada vez son m\u00e1s las personas que prefieren los alimentos org\u00e1nicos<\/strong>, ya que su producci\u00f3n es mejor desde el punto de vista ambiental, al reducir los da\u00f1os causados al medio ambiente. Este es un buen ejemplo de los esfuerzos actuales por alcanzar un equilibrio e invertir el deterioro del planeta.<\/p>\n<p>En el 2008, el peri\u00f3dico ingl\u00e9s The Independent public\u00f3 un art\u00edculo muy pol\u00e9mico titulado<em> The great organic myths: Why organic foods are an indulgence the world can\u00b4t afford<\/em>. Y tambi\u00e9n est\u00e1 la version traducida al espa\u00f1ol por la revista D\u00eda Siete con el t\u00edtulo <strong><em>7 Mitos de los Alimentos Org\u00e1nicos<\/em><\/strong>.  Controversiales, s\u00ed. Interesantes, mucho.<\/p>\n<p>Como toda iniciativa, <strong>la producci\u00f3n org\u00e1nica tiene defensores y detractores<\/strong>, aspectos favorables y otros que podr\u00edan ser mejorados. Y lo importante, como en todo, es seguir buscando y no detenernos.<\/p>\n<p style=\"text-align: right;\"><span style=\"text-decoration: underline;\">Fuente:<\/span><\/p>\n<p style=\"text-align: right;\"><a title=\"The great organic myths: Why organic foods are an indulgence the world can't afford.\" href=\"http:\/\/www.independent.co.uk\/environment\/green-living\/the-great-organic-myths-why-organic-foods-are-an-indulgence-the-world-cant-afford-818585.html\" target=\"_blank\">http:\/\/www.independent.co.uk\/environment\/green-living\/the-great-organic-myths-why-organic-foods-are-an-indulgence-the-world-cant-afford-818585.html<\/a><br \/>\n<a title=\"7 mitos de los alimentos org\u00e1nicos.\" href=\"http:\/\/www.diasiete.com\/xml\/pdf\/407\/16ORGANICOS.pdf\" target=\"_blank\">http:\/\/www.diasiete.com\/xml\/pdf\/407\/16ORGANICOS.pdf<\/a><br \/>\n<a title=\"Medicina Complementar: Alimentos org\u00e2nicos: pr\u00f3s e contras.\" href=\"http:\/\/www2.uol.com.br\/vyaestelar\/saude_produtos_organicos.htm\" target=\"_blank\">http:\/\/www2.uol.com.br\/vyaestelar\/saude_produtos_organicos.htm<\/a><br \/>\n<a title=\"Productos org\u00e1nicos.\" href=\"http:\/\/www.aacue.go.cr\/comercio\/sectoriales\/documentos\/Productos%20org%C3%A1nicos.pdf\" target=\"_blank\">http:\/\/www.aacue.go.cr\/comercio\/sectoriales\/documentos\/Productos%20org%C3%A1nicos.pdf<\/a><\/p>\n<p><a href=\"http:\/\/www.ecoexploradores.com\/\">www.ecoexploradores.com<\/a><\/p>\n","protected":false},"excerpt":{"rendered":"<p>Todos hemos notado el reciente incremento en la oferta de los llamados productos org\u00e1nicos. Se nos ha dicho que son productos ecol\u00f3gicos y que adem\u00e1s son m\u00e1s saludables.<\/p>\n","protected":false},"author":2,"featured_media":0,"comment_status":"open","ping_status":"open","sticky":false,"template":"","format":"standard","meta":{"footnotes":""},"categories":[16,130],"tags":[],"class_list":["post-3694","post","type-post","status-publish","format-standard","hentry","category-columnistas","category-ecoexploradores"],"yoast_head":"<!-- This site is optimized with the Yoast SEO plugin v24.7 - https:\/\/yoast.com\/wordpress\/plugins\/seo\/ -->\n<title>Org\u00e1nico o no org\u00e1nico &#171; Reconoce MX<\/title>\n<meta name=\"robots\" content=\"index, follow, max-snippet:-1, max-image-preview:large, max-video-preview:-1\" \/>\n<link rel=\"canonical\" href=\"https:\/\/www.reconoce.mx\/?p=3694\" \/>\n<meta property=\"og:locale\" content=\"es_ES\" \/>\n<meta property=\"og:type\" content=\"article\" \/>\n<meta property=\"og:title\" content=\"Org\u00e1nico o no org\u00e1nico &#171; Reconoce MX\" \/>\n<meta property=\"og:description\" content=\"Todos hemos notado el reciente incremento en la oferta de los llamados productos org\u00e1nicos. Se nos ha dicho que son productos ecol\u00f3gicos y que adem\u00e1s son m\u00e1s saludables.\" \/>\n<meta property=\"og:url\" content=\"https:\/\/www.reconoce.mx\/?p=3694\" \/>\n<meta property=\"og:site_name\" content=\"Reconoce MX\" \/>\n<meta property=\"article:publisher\" content=\"https:\/\/es-la.facebook.com\/ReconoceMX\/\" \/>\n<meta property=\"article:published_time\" content=\"2011-12-23T01:00:01+00:00\" \/>\n<meta property=\"article:modified_time\" content=\"2012-02-28T03:18:52+00:00\" \/>\n<meta property=\"og:image\" content=\"http:\/\/www.reconoce.mx\/wp-content\/uploads\/banner-ecoexploradores-550x70.jpg\" \/>\n<meta name=\"author\" content=\"Reconoce MX\" \/>\n<meta name=\"twitter:card\" content=\"summary_large_image\" \/>\n<meta name=\"twitter:creator\" content=\"@reconocemx\" \/>\n<meta name=\"twitter:site\" content=\"@reconocemx\" \/>\n<meta name=\"twitter:label1\" content=\"Escrito por\" \/>\n\t<meta name=\"twitter:data1\" content=\"Reconoce MX\" \/>\n\t<meta name=\"twitter:label2\" content=\"Tiempo de lectura\" \/>\n\t<meta name=\"twitter:data2\" content=\"3 minutos\" \/>\n<script type=\"application\/ld+json\" class=\"yoast-schema-graph\">{\"@context\":\"https:\/\/schema.org\",\"@graph\":[{\"@type\":\"Article\",\"@id\":\"https:\/\/www.reconoce.mx\/?p=3694#article\",\"isPartOf\":{\"@id\":\"https:\/\/www.reconoce.mx\/?p=3694\"},\"author\":{\"name\":\"Reconoce MX\",\"@id\":\"http:\/\/www.reconoce.mx\/#\/schema\/person\/2117e997d7051dc15d6880eaf9bca0b2\"},\"headline\":\"Org\u00e1nico o no org\u00e1nico\",\"datePublished\":\"2011-12-23T01:00:01+00:00\",\"dateModified\":\"2012-02-28T03:18:52+00:00\",\"mainEntityOfPage\":{\"@id\":\"https:\/\/www.reconoce.mx\/?p=3694\"},\"wordCount\":657,\"commentCount\":0,\"publisher\":{\"@id\":\"http:\/\/www.reconoce.mx\/#organization\"},\"image\":{\"@id\":\"https:\/\/www.reconoce.mx\/?p=3694#primaryimage\"},\"thumbnailUrl\":\"http:\/\/www.reconoce.mx\/wp-content\/uploads\/banner-ecoexploradores-550x70.jpg\",\"articleSection\":[\"Columnistas\",\"Ecoexploradores\"],\"inLanguage\":\"es\",\"potentialAction\":[{\"@type\":\"CommentAction\",\"name\":\"Comment\",\"target\":[\"https:\/\/www.reconoce.mx\/?p=3694#respond\"]}]},{\"@type\":\"WebPage\",\"@id\":\"https:\/\/www.reconoce.mx\/?p=3694\",\"url\":\"https:\/\/www.reconoce.mx\/?p=3694\",\"name\":\"Org\u00e1nico o no org\u00e1nico &#171; Reconoce MX\",\"isPartOf\":{\"@id\":\"http:\/\/www.reconoce.mx\/#website\"},\"primaryImageOfPage\":{\"@id\":\"https:\/\/www.reconoce.mx\/?p=3694#primaryimage\"},\"image\":{\"@id\":\"https:\/\/www.reconoce.mx\/?p=3694#primaryimage\"},\"thumbnailUrl\":\"http:\/\/www.reconoce.mx\/wp-content\/uploads\/banner-ecoexploradores-550x70.jpg\",\"datePublished\":\"2011-12-23T01:00:01+00:00\",\"dateModified\":\"2012-02-28T03:18:52+00:00\",\"breadcrumb\":{\"@id\":\"https:\/\/www.reconoce.mx\/?p=3694#breadcrumb\"},\"inLanguage\":\"es\",\"potentialAction\":[{\"@type\":\"ReadAction\",\"target\":[\"https:\/\/www.reconoce.mx\/?p=3694\"]}]},{\"@type\":\"ImageObject\",\"inLanguage\":\"es\",\"@id\":\"https:\/\/www.reconoce.mx\/?p=3694#primaryimage\",\"url\":\"\",\"contentUrl\":\"\"},{\"@type\":\"BreadcrumbList\",\"@id\":\"https:\/\/www.reconoce.mx\/?p=3694#breadcrumb\",\"itemListElement\":[{\"@type\":\"ListItem\",\"position\":1,\"name\":\"Portada\",\"item\":\"http:\/\/www.reconoce.mx\/\"},{\"@type\":\"ListItem\",\"position\":2,\"name\":\"Org\u00e1nico o no org\u00e1nico\"}]},{\"@type\":\"WebSite\",\"@id\":\"http:\/\/www.reconoce.mx\/#website\",\"url\":\"http:\/\/www.reconoce.mx\/\",\"name\":\"Reconoce MX\",\"description\":\"En Reconoce MX difundimos arte, cultura y conciencia social en M\u00e9xico. Tu ciudad en otra perspectiva.\",\"publisher\":{\"@id\":\"http:\/\/www.reconoce.mx\/#organization\"},\"potentialAction\":[{\"@type\":\"SearchAction\",\"target\":{\"@type\":\"EntryPoint\",\"urlTemplate\":\"http:\/\/www.reconoce.mx\/?s={search_term_string}\"},\"query-input\":{\"@type\":\"PropertyValueSpecification\",\"valueRequired\":true,\"valueName\":\"search_term_string\"}}],\"inLanguage\":\"es\"},{\"@type\":\"Organization\",\"@id\":\"http:\/\/www.reconoce.mx\/#organization\",\"name\":\"Reconoce MX\",\"url\":\"http:\/\/www.reconoce.mx\/\",\"logo\":{\"@type\":\"ImageObject\",\"inLanguage\":\"es\",\"@id\":\"http:\/\/www.reconoce.mx\/#\/schema\/logo\/image\/\",\"url\":\"https:\/\/www.reconoce.mx\/wp-content\/uploads\/2019\/03\/logorcmx-good-1.png\",\"contentUrl\":\"https:\/\/www.reconoce.mx\/wp-content\/uploads\/2019\/03\/logorcmx-good-1.png\",\"width\":280,\"height\":90,\"caption\":\"Reconoce MX\"},\"image\":{\"@id\":\"http:\/\/www.reconoce.mx\/#\/schema\/logo\/image\/\"},\"sameAs\":[\"https:\/\/es-la.facebook.com\/ReconoceMX\/\",\"https:\/\/x.com\/reconocemx\",\"http:\/\/@reconocemx\"]},{\"@type\":\"Person\",\"@id\":\"http:\/\/www.reconoce.mx\/#\/schema\/person\/2117e997d7051dc15d6880eaf9bca0b2\",\"name\":\"Reconoce MX\",\"image\":{\"@type\":\"ImageObject\",\"inLanguage\":\"es\",\"@id\":\"http:\/\/www.reconoce.mx\/#\/schema\/person\/image\/\",\"url\":\"https:\/\/secure.gravatar.com\/avatar\/6c8d4dc7569ca1c90c5fdcc349f839d5ddef6fe1e70b4337ead2ef1a4c43fc3a?s=96&d=identicon&r=g\",\"contentUrl\":\"https:\/\/secure.gravatar.com\/avatar\/6c8d4dc7569ca1c90c5fdcc349f839d5ddef6fe1e70b4337ead2ef1a4c43fc3a?s=96&d=identicon&r=g\",\"caption\":\"Reconoce MX\"},\"description\":\"Reconoce MX es un proyecto de difusi\u00f3n art\u00edstica, cultural y de conciencia social que est\u00e1 enfocado a difundir y fomentar el entretenimiento alternativo de calidad para todo el p\u00fablico que comparta el mismo entusiasmo.\",\"sameAs\":[\"http:\/\/www.reconoce.mx\"],\"url\":\"http:\/\/www.reconoce.mx\/?author=2\"}]}<\/script>\n<!-- \/ Yoast SEO plugin. -->","yoast_head_json":{"title":"Org\u00e1nico o no org\u00e1nico &#171; Reconoce MX","robots":{"index":"index","follow":"follow","max-snippet":"max-snippet:-1","max-image-preview":"max-image-preview:large","max-video-preview":"max-video-preview:-1"},"canonical":"https:\/\/www.reconoce.mx\/?p=3694","og_locale":"es_ES","og_type":"article","og_title":"Org\u00e1nico o no org\u00e1nico &#171; Reconoce MX","og_description":"Todos hemos notado el reciente incremento en la oferta de los llamados productos org\u00e1nicos. Se nos ha dicho que son productos ecol\u00f3gicos y que adem\u00e1s son m\u00e1s saludables.","og_url":"https:\/\/www.reconoce.mx\/?p=3694","og_site_name":"Reconoce MX","article_publisher":"https:\/\/es-la.facebook.com\/ReconoceMX\/","article_published_time":"2011-12-23T01:00:01+00:00","article_modified_time":"2012-02-28T03:18:52+00:00","og_image":[{"url":"http:\/\/www.reconoce.mx\/wp-content\/uploads\/banner-ecoexploradores-550x70.jpg","type":"","width":"","height":""}],"author":"Reconoce MX","twitter_card":"summary_large_image","twitter_creator":"@reconocemx","twitter_site":"@reconocemx","twitter_misc":{"Escrito por":"Reconoce MX","Tiempo de lectura":"3 minutos"},"schema":{"@context":"https:\/\/schema.org","@graph":[{"@type":"Article","@id":"https:\/\/www.reconoce.mx\/?p=3694#article","isPartOf":{"@id":"https:\/\/www.reconoce.mx\/?p=3694"},"author":{"name":"Reconoce MX","@id":"http:\/\/www.reconoce.mx\/#\/schema\/person\/2117e997d7051dc15d6880eaf9bca0b2"},"headline":"Org\u00e1nico o no org\u00e1nico","datePublished":"2011-12-23T01:00:01+00:00","dateModified":"2012-02-28T03:18:52+00:00","mainEntityOfPage":{"@id":"https:\/\/www.reconoce.mx\/?p=3694"},"wordCount":657,"commentCount":0,"publisher":{"@id":"http:\/\/www.reconoce.mx\/#organization"},"image":{"@id":"https:\/\/www.reconoce.mx\/?p=3694#primaryimage"},"thumbnailUrl":"http:\/\/www.reconoce.mx\/wp-content\/uploads\/banner-ecoexploradores-550x70.jpg","articleSection":["Columnistas","Ecoexploradores"],"inLanguage":"es","potentialAction":[{"@type":"CommentAction","name":"Comment","target":["https:\/\/www.reconoce.mx\/?p=3694#respond"]}]},{"@type":"WebPage","@id":"https:\/\/www.reconoce.mx\/?p=3694","url":"https:\/\/www.reconoce.mx\/?p=3694","name":"Org\u00e1nico o no org\u00e1nico &#171; Reconoce MX","isPartOf":{"@id":"http:\/\/www.reconoce.mx\/#website"},"primaryImageOfPage":{"@id":"https:\/\/www.reconoce.mx\/?p=3694#primaryimage"},"image":{"@id":"https:\/\/www.reconoce.mx\/?p=3694#primaryimage"},"thumbnailUrl":"http:\/\/www.reconoce.mx\/wp-content\/uploads\/banner-ecoexploradores-550x70.jpg","datePublished":"2011-12-23T01:00:01+00:00","dateModified":"2012-02-28T03:18:52+00:00","breadcrumb":{"@id":"https:\/\/www.reconoce.mx\/?p=3694#breadcrumb"},"inLanguage":"es","potentialAction":[{"@type":"ReadAction","target":["https:\/\/www.reconoce.mx\/?p=3694"]}]},{"@type":"ImageObject","inLanguage":"es","@id":"https:\/\/www.reconoce.mx\/?p=3694#primaryimage","url":"","contentUrl":""},{"@type":"BreadcrumbList","@id":"https:\/\/www.reconoce.mx\/?p=3694#breadcrumb","itemListElement":[{"@type":"ListItem","position":1,"name":"Portada","item":"http:\/\/www.reconoce.mx\/"},{"@type":"ListItem","position":2,"name":"Org\u00e1nico o no org\u00e1nico"}]},{"@type":"WebSite","@id":"http:\/\/www.reconoce.mx\/#website","url":"http:\/\/www.reconoce.mx\/","name":"Reconoce MX","description":"En Reconoce MX difundimos arte, cultura y conciencia social en M\u00e9xico. Tu ciudad en otra perspectiva.","publisher":{"@id":"http:\/\/www.reconoce.mx\/#organization"},"potentialAction":[{"@type":"SearchAction","target":{"@type":"EntryPoint","urlTemplate":"http:\/\/www.reconoce.mx\/?s={search_term_string}"},"query-input":{"@type":"PropertyValueSpecification","valueRequired":true,"valueName":"search_term_string"}}],"inLanguage":"es"},{"@type":"Organization","@id":"http:\/\/www.reconoce.mx\/#organization","name":"Reconoce MX","url":"http:\/\/www.reconoce.mx\/","logo":{"@type":"ImageObject","inLanguage":"es","@id":"http:\/\/www.reconoce.mx\/#\/schema\/logo\/image\/","url":"https:\/\/www.reconoce.mx\/wp-content\/uploads\/2019\/03\/logorcmx-good-1.png","contentUrl":"https:\/\/www.reconoce.mx\/wp-content\/uploads\/2019\/03\/logorcmx-good-1.png","width":280,"height":90,"caption":"Reconoce MX"},"image":{"@id":"http:\/\/www.reconoce.mx\/#\/schema\/logo\/image\/"},"sameAs":["https:\/\/es-la.facebook.com\/ReconoceMX\/","https:\/\/x.com\/reconocemx","http:\/\/@reconocemx"]},{"@type":"Person","@id":"http:\/\/www.reconoce.mx\/#\/schema\/person\/2117e997d7051dc15d6880eaf9bca0b2","name":"Reconoce MX","image":{"@type":"ImageObject","inLanguage":"es","@id":"http:\/\/www.reconoce.mx\/#\/schema\/person\/image\/","url":"https:\/\/secure.gravatar.com\/avatar\/6c8d4dc7569ca1c90c5fdcc349f839d5ddef6fe1e70b4337ead2ef1a4c43fc3a?s=96&d=identicon&r=g","contentUrl":"https:\/\/secure.gravatar.com\/avatar\/6c8d4dc7569ca1c90c5fdcc349f839d5ddef6fe1e70b4337ead2ef1a4c43fc3a?s=96&d=identicon&r=g","caption":"Reconoce MX"},"description":"Reconoce MX es un proyecto de difusi\u00f3n art\u00edstica, cultural y de conciencia social que est\u00e1 enfocado a difundir y fomentar el entretenimiento alternativo de calidad para todo el p\u00fablico que comparta el mismo entusiasmo.","sameAs":["http:\/\/www.reconoce.mx"],"url":"http:\/\/www.reconoce.mx\/?author=2"}]}},"_links":{"self":[{"href":"http:\/\/www.reconoce.mx\/index.php?rest_route=\/wp\/v2\/posts\/3694","targetHints":{"allow":["GET"]}}],"collection":[{"href":"http:\/\/www.reconoce.mx\/index.php?rest_route=\/wp\/v2\/posts"}],"about":[{"href":"http:\/\/www.reconoce.mx\/index.php?rest_route=\/wp\/v2\/types\/post"}],"author":[{"embeddable":true,"href":"http:\/\/www.reconoce.mx\/index.php?rest_route=\/wp\/v2\/users\/2"}],"replies":[{"embeddable":true,"href":"http:\/\/www.reconoce.mx\/index.php?rest_route=%2Fwp%2Fv2%2Fcomments&post=3694"}],"version-history":[{"count":14,"href":"http:\/\/www.reconoce.mx\/index.php?rest_route=\/wp\/v2\/posts\/3694\/revisions"}],"predecessor-version":[{"id":5698,"href":"http:\/\/www.reconoce.mx\/index.php?rest_route=\/wp\/v2\/posts\/3694\/revisions\/5698"}],"wp:attachment":[{"href":"http:\/\/www.reconoce.mx\/index.php?rest_route=%2Fwp%2Fv2%2Fmedia&parent=3694"}],"wp:term":[{"taxonomy":"category","embeddable":true,"href":"http:\/\/www.reconoce.mx\/index.php?rest_route=%2Fwp%2Fv2%2Fcategories&post=3694"},{"taxonomy":"post_tag","embeddable":true,"href":"http:\/\/www.reconoce.mx\/index.php?rest_route=%2Fwp%2Fv2%2Ftags&post=3694"}],"curies":[{"name":"wp","href":"https:\/\/api.w.org\/{rel}","templated":true}]}}