{"id":40762,"date":"2015-09-22T17:39:55","date_gmt":"2015-09-22T22:39:55","guid":{"rendered":"http:\/\/www.reconoce.mx\/?p=40762"},"modified":"2015-09-22T17:39:55","modified_gmt":"2015-09-22T22:39:55","slug":"sol-arena-y-festivaltropico","status":"publish","type":"post","link":"http:\/\/www.reconoce.mx\/?p=40762","title":{"rendered":"Sol, arena y #FestivalTr\u00f3pico"},"content":{"rendered":"<p><strong> Por <a href=\"https:\/\/twitter.com\/alice_freckles\" target=\"_blank\">Alicia \u00c1vila<\/a><\/strong>.<\/p>\n<p>Si lo que quieres es un largo fin de semana lleno de diversi\u00f3n, playa, traje de ba\u00f1o, diferente, buen ambiente, m\u00fasica, baile, cocteles, moda artesanal y un proyecto diferente\u2026 \u00a1<a href=\"https:\/\/twitter.com\/search?q=%23FestivalTr%C3%B3pico&amp;src=typd&amp;lang=es\" target=\"_blank\"><strong>#FestivalTr\u00f3pico<\/strong><\/a> es para ti!<\/p>\n<p><img loading=\"lazy\" decoding=\"async\" class=\"aligncenter size-full wp-image-40763\" src=\"http:\/\/www.reconoce.mx\/wp-content\/uploads\/2015\/09\/12028890_10153667562602840_7336625774353366615_o.jpg\" alt=\"12028890_10153667562602840_7336625774353366615_o\" width=\"850\" height=\"1276\" srcset=\"http:\/\/www.reconoce.mx\/wp-content\/uploads\/2015\/09\/12028890_10153667562602840_7336625774353366615_o.jpg 850w, http:\/\/www.reconoce.mx\/wp-content\/uploads\/2015\/09\/12028890_10153667562602840_7336625774353366615_o-200x300.jpg 200w, http:\/\/www.reconoce.mx\/wp-content\/uploads\/2015\/09\/12028890_10153667562602840_7336625774353366615_o-682x1024.jpg 682w, http:\/\/www.reconoce.mx\/wp-content\/uploads\/2015\/09\/12028890_10153667562602840_7336625774353366615_o-150x225.jpg 150w, http:\/\/www.reconoce.mx\/wp-content\/uploads\/2015\/09\/12028890_10153667562602840_7336625774353366615_o-700x1051.jpg 700w, http:\/\/www.reconoce.mx\/wp-content\/uploads\/2015\/09\/12028890_10153667562602840_7336625774353366615_o-658x988.jpg 658w, http:\/\/www.reconoce.mx\/wp-content\/uploads\/2015\/09\/12028890_10153667562602840_7336625774353366615_o-300x450.jpg 300w\" sizes=\"auto, (max-width: 850px) 100vw, 850px\" \/><\/p>\n<p>Con la presentaci\u00f3n en vivo de bandas como <strong>Rey Pila<\/strong>, <strong>2Many DJs<\/strong>, <strong>Baio<\/strong>, <strong>Noze<\/strong>, <strong>Rebel Cats<\/strong>, <strong>Connan Mockasin<\/strong>, <strong>Chicano Batman<\/strong>, <strong>Clubz<\/strong>, <strong>Alex Pan<\/strong>, <strong>Superstudio<\/strong>, <strong>Nicola Cruz<\/strong>, <strong>Max Jones<\/strong>, <strong>Rayko<\/strong>, <strong>Rootz Underground<\/strong> y <strong>Ro Casarin<\/strong>, entre otros, <a href=\"https:\/\/twitter.com\/search?q=%23FestivalTr%C3%B3pico&amp;src=typd&amp;lang=es\" target=\"_blank\"><strong>#FestivalTr\u00f3pico<\/strong><\/a> ser\u00e1 la opci\u00f3n perfecta para viajar con tus amigos y conocer much\u00edsima gente como tu.<\/p>\n<p>La venta de los boletos ya est\u00e1 disponible para el p\u00fablico en su versi\u00f3n preventa $780.00 (general) y $1,550.00 (all access), y en su versi\u00f3n venta $880.00 (general) y $1,750 (all access); y directamente en taquilla $980 (general) y $1,950 (all access).<\/p>\n<p><iframe loading=\"lazy\" width=\"590\" height=\"332\" src=\"https:\/\/www.youtube.com\/embed\/r3Df5Hf-Voc\" frameborder=\"0\" allowfullscreen><\/iframe><\/p>\n<p>El pr\u00f3ximo 3, 4 y 5 de diciembre, s\u00e9 testigo de uno de los festivales m\u00e1s esperados con sede en la costa, en el <strong>Hotel Tr\u00f3pico<\/strong> (Fairmont Pierre Marques).<\/p>\n<p>Este Festival es posible gracias a <strong>Archipi\u00e9lago<\/strong>, <strong>8106<\/strong> y <strong>Pegaso<\/strong>.<\/p>\n<p>&nbsp;<\/p>\n<p>&nbsp;<\/p>\n","protected":false},"excerpt":{"rendered":"<p>Si lo que quieres es un largo fin de semana lleno de diversi\u00f3n, playa, traje de ba\u00f1o, diferente, buen ambiente, m\u00fasica, baile, cocteles, moda artesanal y un proyecto diferente\u2026 \u00a1#FestivalTr\u00f3pico es para ti!<\/p>\n","protected":false},"author":2,"featured_media":40764,"comment_status":"open","ping_status":"open","sticky":false,"template":"","format":"standard","meta":{"footnotes":""},"categories":[1,18,17],"tags":[],"class_list":["post-40762","post","type-post","status-publish","format-standard","has-post-thumbnail","hentry","category-cultura","category-musica","category-principal"],"yoast_head":"<!-- This site is optimized with the Yoast SEO plugin v24.7 - https:\/\/yoast.com\/wordpress\/plugins\/seo\/ -->\n<title>Sol, arena y #FestivalTr\u00f3pico &#171; Reconoce MX<\/title>\n<meta name=\"robots\" content=\"index, follow, max-snippet:-1, max-image-preview:large, max-video-preview:-1\" \/>\n<link rel=\"canonical\" href=\"http:\/\/www.reconoce.mx\/?p=40762\" \/>\n<meta property=\"og:locale\" content=\"es_ES\" \/>\n<meta property=\"og:type\" content=\"article\" \/>\n<meta property=\"og:title\" content=\"Sol, arena y #FestivalTr\u00f3pico &#171; Reconoce MX\" \/>\n<meta property=\"og:description\" content=\"Si lo que quieres es un largo fin de semana lleno de diversi\u00f3n, playa, traje de ba\u00f1o, diferente, buen ambiente, m\u00fasica, baile, cocteles, moda artesanal y un proyecto diferente\u2026 \u00a1#FestivalTr\u00f3pico es para ti!\" \/>\n<meta property=\"og:url\" content=\"http:\/\/www.reconoce.mx\/?p=40762\" \/>\n<meta property=\"og:site_name\" content=\"Reconoce MX\" \/>\n<meta property=\"article:publisher\" content=\"https:\/\/es-la.facebook.com\/ReconoceMX\/\" \/>\n<meta property=\"article:published_time\" content=\"2015-09-22T22:39:55+00:00\" \/>\n<meta property=\"og:image\" content=\"http:\/\/www.reconoce.mx\/wp-content\/uploads\/2015\/09\/festivaltropico-cover.png\" \/>\n\t<meta property=\"og:image:width\" content=\"570\" \/>\n\t<meta property=\"og:image:height\" content=\"360\" \/>\n\t<meta property=\"og:image:type\" content=\"image\/png\" \/>\n<meta name=\"author\" content=\"Reconoce MX\" \/>\n<meta name=\"twitter:card\" content=\"summary_large_image\" \/>\n<meta name=\"twitter:creator\" content=\"@reconocemx\" \/>\n<meta name=\"twitter:site\" content=\"@reconocemx\" \/>\n<meta name=\"twitter:label1\" content=\"Escrito por\" \/>\n\t<meta name=\"twitter:data1\" content=\"Reconoce MX\" \/>\n\t<meta name=\"twitter:label2\" content=\"Tiempo de lectura\" \/>\n\t<meta name=\"twitter:data2\" content=\"1 minuto\" \/>\n<script type=\"application\/ld+json\" class=\"yoast-schema-graph\">{\"@context\":\"https:\/\/schema.org\",\"@graph\":[{\"@type\":\"Article\",\"@id\":\"http:\/\/www.reconoce.mx\/?p=40762#article\",\"isPartOf\":{\"@id\":\"http:\/\/www.reconoce.mx\/?p=40762\"},\"author\":{\"name\":\"Reconoce MX\",\"@id\":\"http:\/\/www.reconoce.mx\/#\/schema\/person\/2117e997d7051dc15d6880eaf9bca0b2\"},\"headline\":\"Sol, arena y #FestivalTr\u00f3pico\",\"datePublished\":\"2015-09-22T22:39:55+00:00\",\"mainEntityOfPage\":{\"@id\":\"http:\/\/www.reconoce.mx\/?p=40762\"},\"wordCount\":181,\"commentCount\":0,\"publisher\":{\"@id\":\"http:\/\/www.reconoce.mx\/#organization\"},\"image\":{\"@id\":\"http:\/\/www.reconoce.mx\/?p=40762#primaryimage\"},\"thumbnailUrl\":\"http:\/\/www.reconoce.mx\/wp-content\/uploads\/2015\/09\/festivaltropico-cover.png\",\"articleSection\":[\"Cultura\",\"M\u00fasica\",\"Principal\"],\"inLanguage\":\"es\",\"potentialAction\":[{\"@type\":\"CommentAction\",\"name\":\"Comment\",\"target\":[\"http:\/\/www.reconoce.mx\/?p=40762#respond\"]}]},{\"@type\":\"WebPage\",\"@id\":\"http:\/\/www.reconoce.mx\/?p=40762\",\"url\":\"http:\/\/www.reconoce.mx\/?p=40762\",\"name\":\"Sol, arena y #FestivalTr\u00f3pico &#171; Reconoce MX\",\"isPartOf\":{\"@id\":\"http:\/\/www.reconoce.mx\/#website\"},\"primaryImageOfPage\":{\"@id\":\"http:\/\/www.reconoce.mx\/?p=40762#primaryimage\"},\"image\":{\"@id\":\"http:\/\/www.reconoce.mx\/?p=40762#primaryimage\"},\"thumbnailUrl\":\"http:\/\/www.reconoce.mx\/wp-content\/uploads\/2015\/09\/festivaltropico-cover.png\",\"datePublished\":\"2015-09-22T22:39:55+00:00\",\"breadcrumb\":{\"@id\":\"http:\/\/www.reconoce.mx\/?p=40762#breadcrumb\"},\"inLanguage\":\"es\",\"potentialAction\":[{\"@type\":\"ReadAction\",\"target\":[\"http:\/\/www.reconoce.mx\/?p=40762\"]}]},{\"@type\":\"ImageObject\",\"inLanguage\":\"es\",\"@id\":\"http:\/\/www.reconoce.mx\/?p=40762#primaryimage\",\"url\":\"http:\/\/www.reconoce.mx\/wp-content\/uploads\/2015\/09\/festivaltropico-cover.png\",\"contentUrl\":\"http:\/\/www.reconoce.mx\/wp-content\/uploads\/2015\/09\/festivaltropico-cover.png\",\"width\":570,\"height\":360},{\"@type\":\"BreadcrumbList\",\"@id\":\"http:\/\/www.reconoce.mx\/?p=40762#breadcrumb\",\"itemListElement\":[{\"@type\":\"ListItem\",\"position\":1,\"name\":\"Portada\",\"item\":\"http:\/\/www.reconoce.mx\/\"},{\"@type\":\"ListItem\",\"position\":2,\"name\":\"Sol, arena y #FestivalTr\u00f3pico\"}]},{\"@type\":\"WebSite\",\"@id\":\"http:\/\/www.reconoce.mx\/#website\",\"url\":\"http:\/\/www.reconoce.mx\/\",\"name\":\"Reconoce MX\",\"description\":\"En Reconoce MX difundimos arte, cultura y conciencia social en M\u00e9xico. Tu ciudad en otra perspectiva.\",\"publisher\":{\"@id\":\"http:\/\/www.reconoce.mx\/#organization\"},\"potentialAction\":[{\"@type\":\"SearchAction\",\"target\":{\"@type\":\"EntryPoint\",\"urlTemplate\":\"http:\/\/www.reconoce.mx\/?s={search_term_string}\"},\"query-input\":{\"@type\":\"PropertyValueSpecification\",\"valueRequired\":true,\"valueName\":\"search_term_string\"}}],\"inLanguage\":\"es\"},{\"@type\":\"Organization\",\"@id\":\"http:\/\/www.reconoce.mx\/#organization\",\"name\":\"Reconoce MX\",\"url\":\"http:\/\/www.reconoce.mx\/\",\"logo\":{\"@type\":\"ImageObject\",\"inLanguage\":\"es\",\"@id\":\"http:\/\/www.reconoce.mx\/#\/schema\/logo\/image\/\",\"url\":\"https:\/\/www.reconoce.mx\/wp-content\/uploads\/2019\/03\/logorcmx-good-1.png\",\"contentUrl\":\"https:\/\/www.reconoce.mx\/wp-content\/uploads\/2019\/03\/logorcmx-good-1.png\",\"width\":280,\"height\":90,\"caption\":\"Reconoce MX\"},\"image\":{\"@id\":\"http:\/\/www.reconoce.mx\/#\/schema\/logo\/image\/\"},\"sameAs\":[\"https:\/\/es-la.facebook.com\/ReconoceMX\/\",\"https:\/\/x.com\/reconocemx\",\"http:\/\/@reconocemx\"]},{\"@type\":\"Person\",\"@id\":\"http:\/\/www.reconoce.mx\/#\/schema\/person\/2117e997d7051dc15d6880eaf9bca0b2\",\"name\":\"Reconoce MX\",\"image\":{\"@type\":\"ImageObject\",\"inLanguage\":\"es\",\"@id\":\"http:\/\/www.reconoce.mx\/#\/schema\/person\/image\/\",\"url\":\"https:\/\/secure.gravatar.com\/avatar\/6c8d4dc7569ca1c90c5fdcc349f839d5ddef6fe1e70b4337ead2ef1a4c43fc3a?s=96&d=identicon&r=g\",\"contentUrl\":\"https:\/\/secure.gravatar.com\/avatar\/6c8d4dc7569ca1c90c5fdcc349f839d5ddef6fe1e70b4337ead2ef1a4c43fc3a?s=96&d=identicon&r=g\",\"caption\":\"Reconoce MX\"},\"description\":\"Reconoce MX es un proyecto de difusi\u00f3n art\u00edstica, cultural y de conciencia social que est\u00e1 enfocado a difundir y fomentar el entretenimiento alternativo de calidad para todo el p\u00fablico que comparta el mismo entusiasmo.\",\"sameAs\":[\"http:\/\/www.reconoce.mx\"],\"url\":\"http:\/\/www.reconoce.mx\/?author=2\"}]}<\/script>\n<!-- \/ Yoast SEO plugin. -->","yoast_head_json":{"title":"Sol, arena y #FestivalTr\u00f3pico &#171; Reconoce MX","robots":{"index":"index","follow":"follow","max-snippet":"max-snippet:-1","max-image-preview":"max-image-preview:large","max-video-preview":"max-video-preview:-1"},"canonical":"http:\/\/www.reconoce.mx\/?p=40762","og_locale":"es_ES","og_type":"article","og_title":"Sol, arena y #FestivalTr\u00f3pico &#171; Reconoce MX","og_description":"Si lo que quieres es un largo fin de semana lleno de diversi\u00f3n, playa, traje de ba\u00f1o, diferente, buen ambiente, m\u00fasica, baile, cocteles, moda artesanal y un proyecto diferente\u2026 \u00a1#FestivalTr\u00f3pico es para ti!","og_url":"http:\/\/www.reconoce.mx\/?p=40762","og_site_name":"Reconoce MX","article_publisher":"https:\/\/es-la.facebook.com\/ReconoceMX\/","article_published_time":"2015-09-22T22:39:55+00:00","og_image":[{"width":570,"height":360,"url":"http:\/\/www.reconoce.mx\/wp-content\/uploads\/2015\/09\/festivaltropico-cover.png","type":"image\/png"}],"author":"Reconoce MX","twitter_card":"summary_large_image","twitter_creator":"@reconocemx","twitter_site":"@reconocemx","twitter_misc":{"Escrito por":"Reconoce MX","Tiempo de lectura":"1 minuto"},"schema":{"@context":"https:\/\/schema.org","@graph":[{"@type":"Article","@id":"http:\/\/www.reconoce.mx\/?p=40762#article","isPartOf":{"@id":"http:\/\/www.reconoce.mx\/?p=40762"},"author":{"name":"Reconoce MX","@id":"http:\/\/www.reconoce.mx\/#\/schema\/person\/2117e997d7051dc15d6880eaf9bca0b2"},"headline":"Sol, arena y #FestivalTr\u00f3pico","datePublished":"2015-09-22T22:39:55+00:00","mainEntityOfPage":{"@id":"http:\/\/www.reconoce.mx\/?p=40762"},"wordCount":181,"commentCount":0,"publisher":{"@id":"http:\/\/www.reconoce.mx\/#organization"},"image":{"@id":"http:\/\/www.reconoce.mx\/?p=40762#primaryimage"},"thumbnailUrl":"http:\/\/www.reconoce.mx\/wp-content\/uploads\/2015\/09\/festivaltropico-cover.png","articleSection":["Cultura","M\u00fasica","Principal"],"inLanguage":"es","potentialAction":[{"@type":"CommentAction","name":"Comment","target":["http:\/\/www.reconoce.mx\/?p=40762#respond"]}]},{"@type":"WebPage","@id":"http:\/\/www.reconoce.mx\/?p=40762","url":"http:\/\/www.reconoce.mx\/?p=40762","name":"Sol, arena y #FestivalTr\u00f3pico &#171; Reconoce MX","isPartOf":{"@id":"http:\/\/www.reconoce.mx\/#website"},"primaryImageOfPage":{"@id":"http:\/\/www.reconoce.mx\/?p=40762#primaryimage"},"image":{"@id":"http:\/\/www.reconoce.mx\/?p=40762#primaryimage"},"thumbnailUrl":"http:\/\/www.reconoce.mx\/wp-content\/uploads\/2015\/09\/festivaltropico-cover.png","datePublished":"2015-09-22T22:39:55+00:00","breadcrumb":{"@id":"http:\/\/www.reconoce.mx\/?p=40762#breadcrumb"},"inLanguage":"es","potentialAction":[{"@type":"ReadAction","target":["http:\/\/www.reconoce.mx\/?p=40762"]}]},{"@type":"ImageObject","inLanguage":"es","@id":"http:\/\/www.reconoce.mx\/?p=40762#primaryimage","url":"http:\/\/www.reconoce.mx\/wp-content\/uploads\/2015\/09\/festivaltropico-cover.png","contentUrl":"http:\/\/www.reconoce.mx\/wp-content\/uploads\/2015\/09\/festivaltropico-cover.png","width":570,"height":360},{"@type":"BreadcrumbList","@id":"http:\/\/www.reconoce.mx\/?p=40762#breadcrumb","itemListElement":[{"@type":"ListItem","position":1,"name":"Portada","item":"http:\/\/www.reconoce.mx\/"},{"@type":"ListItem","position":2,"name":"Sol, arena y #FestivalTr\u00f3pico"}]},{"@type":"WebSite","@id":"http:\/\/www.reconoce.mx\/#website","url":"http:\/\/www.reconoce.mx\/","name":"Reconoce MX","description":"En Reconoce MX difundimos arte, cultura y conciencia social en M\u00e9xico. Tu ciudad en otra perspectiva.","publisher":{"@id":"http:\/\/www.reconoce.mx\/#organization"},"potentialAction":[{"@type":"SearchAction","target":{"@type":"EntryPoint","urlTemplate":"http:\/\/www.reconoce.mx\/?s={search_term_string}"},"query-input":{"@type":"PropertyValueSpecification","valueRequired":true,"valueName":"search_term_string"}}],"inLanguage":"es"},{"@type":"Organization","@id":"http:\/\/www.reconoce.mx\/#organization","name":"Reconoce MX","url":"http:\/\/www.reconoce.mx\/","logo":{"@type":"ImageObject","inLanguage":"es","@id":"http:\/\/www.reconoce.mx\/#\/schema\/logo\/image\/","url":"https:\/\/www.reconoce.mx\/wp-content\/uploads\/2019\/03\/logorcmx-good-1.png","contentUrl":"https:\/\/www.reconoce.mx\/wp-content\/uploads\/2019\/03\/logorcmx-good-1.png","width":280,"height":90,"caption":"Reconoce MX"},"image":{"@id":"http:\/\/www.reconoce.mx\/#\/schema\/logo\/image\/"},"sameAs":["https:\/\/es-la.facebook.com\/ReconoceMX\/","https:\/\/x.com\/reconocemx","http:\/\/@reconocemx"]},{"@type":"Person","@id":"http:\/\/www.reconoce.mx\/#\/schema\/person\/2117e997d7051dc15d6880eaf9bca0b2","name":"Reconoce MX","image":{"@type":"ImageObject","inLanguage":"es","@id":"http:\/\/www.reconoce.mx\/#\/schema\/person\/image\/","url":"https:\/\/secure.gravatar.com\/avatar\/6c8d4dc7569ca1c90c5fdcc349f839d5ddef6fe1e70b4337ead2ef1a4c43fc3a?s=96&d=identicon&r=g","contentUrl":"https:\/\/secure.gravatar.com\/avatar\/6c8d4dc7569ca1c90c5fdcc349f839d5ddef6fe1e70b4337ead2ef1a4c43fc3a?s=96&d=identicon&r=g","caption":"Reconoce MX"},"description":"Reconoce MX es un proyecto de difusi\u00f3n art\u00edstica, cultural y de conciencia social que est\u00e1 enfocado a difundir y fomentar el entretenimiento alternativo de calidad para todo el p\u00fablico que comparta el mismo entusiasmo.","sameAs":["http:\/\/www.reconoce.mx"],"url":"http:\/\/www.reconoce.mx\/?author=2"}]}},"_links":{"self":[{"href":"http:\/\/www.reconoce.mx\/index.php?rest_route=\/wp\/v2\/posts\/40762","targetHints":{"allow":["GET"]}}],"collection":[{"href":"http:\/\/www.reconoce.mx\/index.php?rest_route=\/wp\/v2\/posts"}],"about":[{"href":"http:\/\/www.reconoce.mx\/index.php?rest_route=\/wp\/v2\/types\/post"}],"author":[{"embeddable":true,"href":"http:\/\/www.reconoce.mx\/index.php?rest_route=\/wp\/v2\/users\/2"}],"replies":[{"embeddable":true,"href":"http:\/\/www.reconoce.mx\/index.php?rest_route=%2Fwp%2Fv2%2Fcomments&post=40762"}],"version-history":[{"count":3,"href":"http:\/\/www.reconoce.mx\/index.php?rest_route=\/wp\/v2\/posts\/40762\/revisions"}],"predecessor-version":[{"id":40767,"href":"http:\/\/www.reconoce.mx\/index.php?rest_route=\/wp\/v2\/posts\/40762\/revisions\/40767"}],"wp:featuredmedia":[{"embeddable":true,"href":"http:\/\/www.reconoce.mx\/index.php?rest_route=\/wp\/v2\/media\/40764"}],"wp:attachment":[{"href":"http:\/\/www.reconoce.mx\/index.php?rest_route=%2Fwp%2Fv2%2Fmedia&parent=40762"}],"wp:term":[{"taxonomy":"category","embeddable":true,"href":"http:\/\/www.reconoce.mx\/index.php?rest_route=%2Fwp%2Fv2%2Fcategories&post=40762"},{"taxonomy":"post_tag","embeddable":true,"href":"http:\/\/www.reconoce.mx\/index.php?rest_route=%2Fwp%2Fv2%2Ftags&post=40762"}],"curies":[{"name":"wp","href":"https:\/\/api.w.org\/{rel}","templated":true}]}}