{"id":41403,"date":"2015-10-22T00:03:12","date_gmt":"2015-10-22T05:03:12","guid":{"rendered":"http:\/\/www.reconoce.mx\/?p=41403"},"modified":"2015-10-17T21:58:03","modified_gmt":"2015-10-18T02:58:03","slug":"rincon-yucateco-de-porter","status":"publish","type":"post","link":"http:\/\/www.reconoce.mx\/?p=41403","title":{"rendered":"&#8216;Rinc\u00f3n yucateco&#8217;, de Porter"},"content":{"rendered":"<p><a href=\"http:\/\/www.reconoce.mx\/category\/cultura\/musica\/video-de-la-semana\/\"><img loading=\"lazy\" decoding=\"async\" class=\"aligncenter size-full wp-image-38360\" src=\"http:\/\/www.reconoce.mx\/wp-content\/uploads\/2015\/06\/videodelasemana.png\" alt=\"Martes\" width=\"550\" height=\"70\" \/><\/a><strong><br \/>\nPor <a title=\"@AsfaltosTweets\" href=\"http:\/\/twitter.com\/AsfaltosTweets\" target=\"_blank\">Asfaltos<\/a><\/strong>.<\/p>\n<p>Uno de los discos favoritos del a\u00f1o pasado sigue haciendo ruido. <strong>Porter<\/strong> y su \u00abMoctezuma\u00bb han sido indudablemente de las mejores sorpresas recientes en cuanto a m\u00fasica se refiere. Su regreso, tras la ya mencionada salida de su primer cantante, ha sido todo menos decepcionante. Lo confieso, quiz\u00e1 seguir escuchando los \u00e9xitos anteriores en la voz del nuevo cantante <strong>David Velasco<\/strong> sigue siendo \u00abun poco inc\u00f3modo\u00bb -meramente por cuestiones sentimentales-, pero fuera de ello David es una pieza magn\u00edfica.<\/p>\n<p><iframe loading=\"lazy\" src=\"https:\/\/www.youtube.com\/embed\/sc2BxJPbz1E\" width=\"590\" height=\"332\" frameborder=\"0\" allowfullscreen=\"allowfullscreen\"><\/iframe><\/p>\n<p>Pues bien, continuando con la promoci\u00f3n del \u00abMoctezuma\u00bb -que repito vale cada segundo y minuto que le compone- nos encontramos con el nuevo sencillo y videoclip \u00abRinc\u00f3n yucateco\u00bb. Las referencias a aquellas tierras, donde por vez primera pisaron los espa\u00f1oles (en efecto, no fue en Veracruz), son tantas que no podr\u00eda haberse hecho un mejor \u00e1lbum y video musical.<\/p>\n<p>Bajo la producci\u00f3n de <strong>Unlimited Films<\/strong>, y dirigido por <strong>Jorge G. Camarena<\/strong>, el audiovisual de \u00abRinc\u00f3n yucateco\u00bb va muy en l\u00ednea con el que vimos hace ya unos meses de \u00ab<a href=\"http:\/\/www.reconoce.mx\/video-de-la-semana-huitzil-de-porter\/\">Huitzil<\/a>\u00ab. En aquel video, que presentamos aqu\u00ed en <span style=\"color: #ff0000;\"><strong>Reconoce MX<\/strong><\/span> tambi\u00e9n, nos encontramos con unos nativos que escapaban de los extranjeros que de pronto ven\u00edan a apoderarse de lo que no les pertenec\u00eda. Con un grito de esperanza aquel \u00abHuitzil\u00bb nos dej\u00f3 con cierta dicha; sin embargo, \u00abRinc\u00f3n yucateco\u00bb nos propone algo m\u00e1s catastr\u00f3fico y triste.<\/p>\n<p>Los que escapaban ahora son prisioneros, y no solo prisioneros en cuerpo sino tambi\u00e9n en alma. Escoltados por las mismas figuras que les acechaban, los prisioneros son llevados a cumplir con la conquista espiritual que los extranjeros est\u00e1n decididos a cometer. M\u00e1s violenta, la conquista espiritual acaba con los antiguos Dioses nativos del que vemos en el video por lo menos caer a uno. Sin ojos, sin boca, los prisioneros caen v\u00edctimas de esta conquista que les cambiar\u00e1 para siempre.<\/p>\n<p>Si bien el final parece tremendo y definitivo, espero con ansias ver el siguiente video (esperando que s\u00ed haya) en el que por lo menos yo espero un mensaje bastante esperanzador, pues la conocida conquista no s\u00f3lo signific\u00f3 la ca\u00edda de una civilizaci\u00f3n sino tambi\u00e9n el nacimiento de otra: la nuestra, la mexicana.<\/p>\n<p>Por lo pronto aplausos grandes a <strong>Porter<\/strong> por seguir con la encomienda de calidad en el material que involucra a uno de los mejores discos que han salido en la escena nacional. Obviamente por todo lo anterior, \u00abRinc\u00f3n yucateco\u00bb es el <a href=\"http:\/\/www.reconoce.mx\/category\/cultura\/musica\/video-de-la-semana\/\">Video de la semana<\/a> en <span style=\"color: #ff0000;\"><strong>Reconoce MX<\/strong><\/span>.<\/p>\n<p>&nbsp;<\/p>\n<p>&nbsp;<\/p>\n","protected":false},"excerpt":{"rendered":"<p>Uno de los discos favoritos del a\u00f1o pasado sigue haciendo ruido. Porter y su \u201cMoctezuma\u201d han sido indudablemente de las mejores sorpresas recientes en cuanto a m\u00fasica se refiere. <\/p>\n","protected":false},"author":2,"featured_media":41406,"comment_status":"open","ping_status":"open","sticky":false,"template":"","format":"standard","meta":{"footnotes":""},"categories":[1,18,17,2575],"tags":[],"class_list":["post-41403","post","type-post","status-publish","format-standard","has-post-thumbnail","hentry","category-cultura","category-musica","category-principal","category-video-de-la-semana"],"yoast_head":"<!-- This site is optimized with the Yoast SEO plugin v24.7 - https:\/\/yoast.com\/wordpress\/plugins\/seo\/ -->\n<title>&#039;Rinc\u00f3n yucateco&#039;, de Porter &#171; Reconoce MX<\/title>\n<meta name=\"robots\" content=\"index, follow, max-snippet:-1, max-image-preview:large, max-video-preview:-1\" \/>\n<link rel=\"canonical\" href=\"https:\/\/www.reconoce.mx\/?p=41403\" \/>\n<meta property=\"og:locale\" content=\"es_ES\" \/>\n<meta property=\"og:type\" content=\"article\" \/>\n<meta property=\"og:title\" content=\"&#039;Rinc\u00f3n yucateco&#039;, de Porter &#171; Reconoce MX\" \/>\n<meta property=\"og:description\" content=\"Uno de los discos favoritos del a\u00f1o pasado sigue haciendo ruido. Porter y su \u201cMoctezuma\u201d han sido indudablemente de las mejores sorpresas recientes en cuanto a m\u00fasica se refiere.\" \/>\n<meta property=\"og:url\" content=\"https:\/\/www.reconoce.mx\/?p=41403\" \/>\n<meta property=\"og:site_name\" content=\"Reconoce MX\" \/>\n<meta property=\"article:publisher\" content=\"https:\/\/es-la.facebook.com\/ReconoceMX\/\" \/>\n<meta property=\"article:published_time\" content=\"2015-10-22T05:03:12+00:00\" \/>\n<meta property=\"og:image\" content=\"https:\/\/www.reconoce.mx\/wp-content\/uploads\/2015\/10\/porterrinconyucateco-cover.png\" \/>\n\t<meta property=\"og:image:width\" content=\"570\" \/>\n\t<meta property=\"og:image:height\" content=\"360\" \/>\n\t<meta property=\"og:image:type\" content=\"image\/png\" \/>\n<meta name=\"author\" content=\"Reconoce MX\" \/>\n<meta name=\"twitter:card\" content=\"summary_large_image\" \/>\n<meta name=\"twitter:creator\" content=\"@reconocemx\" \/>\n<meta name=\"twitter:site\" content=\"@reconocemx\" \/>\n<meta name=\"twitter:label1\" content=\"Escrito por\" \/>\n\t<meta name=\"twitter:data1\" content=\"Reconoce MX\" \/>\n\t<meta name=\"twitter:label2\" content=\"Tiempo de lectura\" \/>\n\t<meta name=\"twitter:data2\" content=\"2 minutos\" \/>\n<script type=\"application\/ld+json\" class=\"yoast-schema-graph\">{\"@context\":\"https:\/\/schema.org\",\"@graph\":[{\"@type\":\"Article\",\"@id\":\"https:\/\/www.reconoce.mx\/?p=41403#article\",\"isPartOf\":{\"@id\":\"https:\/\/www.reconoce.mx\/?p=41403\"},\"author\":{\"name\":\"Reconoce MX\",\"@id\":\"http:\/\/www.reconoce.mx\/#\/schema\/person\/2117e997d7051dc15d6880eaf9bca0b2\"},\"headline\":\"&#8216;Rinc\u00f3n yucateco&#8217;, de Porter\",\"datePublished\":\"2015-10-22T05:03:12+00:00\",\"mainEntityOfPage\":{\"@id\":\"https:\/\/www.reconoce.mx\/?p=41403\"},\"wordCount\":440,\"commentCount\":0,\"publisher\":{\"@id\":\"http:\/\/www.reconoce.mx\/#organization\"},\"image\":{\"@id\":\"https:\/\/www.reconoce.mx\/?p=41403#primaryimage\"},\"thumbnailUrl\":\"http:\/\/www.reconoce.mx\/wp-content\/uploads\/2015\/10\/porterrinconyucateco-cover.png\",\"articleSection\":[\"Cultura\",\"M\u00fasica\",\"Principal\",\"Video de la semana\"],\"inLanguage\":\"es\",\"potentialAction\":[{\"@type\":\"CommentAction\",\"name\":\"Comment\",\"target\":[\"https:\/\/www.reconoce.mx\/?p=41403#respond\"]}]},{\"@type\":\"WebPage\",\"@id\":\"https:\/\/www.reconoce.mx\/?p=41403\",\"url\":\"https:\/\/www.reconoce.mx\/?p=41403\",\"name\":\"'Rinc\u00f3n yucateco', de Porter &#171; Reconoce MX\",\"isPartOf\":{\"@id\":\"http:\/\/www.reconoce.mx\/#website\"},\"primaryImageOfPage\":{\"@id\":\"https:\/\/www.reconoce.mx\/?p=41403#primaryimage\"},\"image\":{\"@id\":\"https:\/\/www.reconoce.mx\/?p=41403#primaryimage\"},\"thumbnailUrl\":\"http:\/\/www.reconoce.mx\/wp-content\/uploads\/2015\/10\/porterrinconyucateco-cover.png\",\"datePublished\":\"2015-10-22T05:03:12+00:00\",\"breadcrumb\":{\"@id\":\"https:\/\/www.reconoce.mx\/?p=41403#breadcrumb\"},\"inLanguage\":\"es\",\"potentialAction\":[{\"@type\":\"ReadAction\",\"target\":[\"https:\/\/www.reconoce.mx\/?p=41403\"]}]},{\"@type\":\"ImageObject\",\"inLanguage\":\"es\",\"@id\":\"https:\/\/www.reconoce.mx\/?p=41403#primaryimage\",\"url\":\"http:\/\/www.reconoce.mx\/wp-content\/uploads\/2015\/10\/porterrinconyucateco-cover.png\",\"contentUrl\":\"http:\/\/www.reconoce.mx\/wp-content\/uploads\/2015\/10\/porterrinconyucateco-cover.png\",\"width\":570,\"height\":360},{\"@type\":\"BreadcrumbList\",\"@id\":\"https:\/\/www.reconoce.mx\/?p=41403#breadcrumb\",\"itemListElement\":[{\"@type\":\"ListItem\",\"position\":1,\"name\":\"Portada\",\"item\":\"http:\/\/www.reconoce.mx\/\"},{\"@type\":\"ListItem\",\"position\":2,\"name\":\"&#8216;Rinc\u00f3n yucateco&#8217;, de Porter\"}]},{\"@type\":\"WebSite\",\"@id\":\"http:\/\/www.reconoce.mx\/#website\",\"url\":\"http:\/\/www.reconoce.mx\/\",\"name\":\"Reconoce MX\",\"description\":\"En Reconoce MX difundimos arte, cultura y conciencia social en M\u00e9xico. Tu ciudad en otra perspectiva.\",\"publisher\":{\"@id\":\"http:\/\/www.reconoce.mx\/#organization\"},\"potentialAction\":[{\"@type\":\"SearchAction\",\"target\":{\"@type\":\"EntryPoint\",\"urlTemplate\":\"http:\/\/www.reconoce.mx\/?s={search_term_string}\"},\"query-input\":{\"@type\":\"PropertyValueSpecification\",\"valueRequired\":true,\"valueName\":\"search_term_string\"}}],\"inLanguage\":\"es\"},{\"@type\":\"Organization\",\"@id\":\"http:\/\/www.reconoce.mx\/#organization\",\"name\":\"Reconoce MX\",\"url\":\"http:\/\/www.reconoce.mx\/\",\"logo\":{\"@type\":\"ImageObject\",\"inLanguage\":\"es\",\"@id\":\"http:\/\/www.reconoce.mx\/#\/schema\/logo\/image\/\",\"url\":\"https:\/\/www.reconoce.mx\/wp-content\/uploads\/2019\/03\/logorcmx-good-1.png\",\"contentUrl\":\"https:\/\/www.reconoce.mx\/wp-content\/uploads\/2019\/03\/logorcmx-good-1.png\",\"width\":280,\"height\":90,\"caption\":\"Reconoce MX\"},\"image\":{\"@id\":\"http:\/\/www.reconoce.mx\/#\/schema\/logo\/image\/\"},\"sameAs\":[\"https:\/\/es-la.facebook.com\/ReconoceMX\/\",\"https:\/\/x.com\/reconocemx\",\"http:\/\/@reconocemx\"]},{\"@type\":\"Person\",\"@id\":\"http:\/\/www.reconoce.mx\/#\/schema\/person\/2117e997d7051dc15d6880eaf9bca0b2\",\"name\":\"Reconoce MX\",\"image\":{\"@type\":\"ImageObject\",\"inLanguage\":\"es\",\"@id\":\"http:\/\/www.reconoce.mx\/#\/schema\/person\/image\/\",\"url\":\"https:\/\/secure.gravatar.com\/avatar\/6c8d4dc7569ca1c90c5fdcc349f839d5ddef6fe1e70b4337ead2ef1a4c43fc3a?s=96&d=identicon&r=g\",\"contentUrl\":\"https:\/\/secure.gravatar.com\/avatar\/6c8d4dc7569ca1c90c5fdcc349f839d5ddef6fe1e70b4337ead2ef1a4c43fc3a?s=96&d=identicon&r=g\",\"caption\":\"Reconoce MX\"},\"description\":\"Reconoce MX es un proyecto de difusi\u00f3n art\u00edstica, cultural y de conciencia social que est\u00e1 enfocado a difundir y fomentar el entretenimiento alternativo de calidad para todo el p\u00fablico que comparta el mismo entusiasmo.\",\"sameAs\":[\"http:\/\/www.reconoce.mx\"],\"url\":\"http:\/\/www.reconoce.mx\/?author=2\"}]}<\/script>\n<!-- \/ Yoast SEO plugin. -->","yoast_head_json":{"title":"'Rinc\u00f3n yucateco', de Porter &#171; Reconoce MX","robots":{"index":"index","follow":"follow","max-snippet":"max-snippet:-1","max-image-preview":"max-image-preview:large","max-video-preview":"max-video-preview:-1"},"canonical":"https:\/\/www.reconoce.mx\/?p=41403","og_locale":"es_ES","og_type":"article","og_title":"'Rinc\u00f3n yucateco', de Porter &#171; Reconoce MX","og_description":"Uno de los discos favoritos del a\u00f1o pasado sigue haciendo ruido. Porter y su \u201cMoctezuma\u201d han sido indudablemente de las mejores sorpresas recientes en cuanto a m\u00fasica se refiere.","og_url":"https:\/\/www.reconoce.mx\/?p=41403","og_site_name":"Reconoce MX","article_publisher":"https:\/\/es-la.facebook.com\/ReconoceMX\/","article_published_time":"2015-10-22T05:03:12+00:00","og_image":[{"width":570,"height":360,"url":"https:\/\/www.reconoce.mx\/wp-content\/uploads\/2015\/10\/porterrinconyucateco-cover.png","type":"image\/png"}],"author":"Reconoce MX","twitter_card":"summary_large_image","twitter_creator":"@reconocemx","twitter_site":"@reconocemx","twitter_misc":{"Escrito por":"Reconoce MX","Tiempo de lectura":"2 minutos"},"schema":{"@context":"https:\/\/schema.org","@graph":[{"@type":"Article","@id":"https:\/\/www.reconoce.mx\/?p=41403#article","isPartOf":{"@id":"https:\/\/www.reconoce.mx\/?p=41403"},"author":{"name":"Reconoce MX","@id":"http:\/\/www.reconoce.mx\/#\/schema\/person\/2117e997d7051dc15d6880eaf9bca0b2"},"headline":"&#8216;Rinc\u00f3n yucateco&#8217;, de Porter","datePublished":"2015-10-22T05:03:12+00:00","mainEntityOfPage":{"@id":"https:\/\/www.reconoce.mx\/?p=41403"},"wordCount":440,"commentCount":0,"publisher":{"@id":"http:\/\/www.reconoce.mx\/#organization"},"image":{"@id":"https:\/\/www.reconoce.mx\/?p=41403#primaryimage"},"thumbnailUrl":"http:\/\/www.reconoce.mx\/wp-content\/uploads\/2015\/10\/porterrinconyucateco-cover.png","articleSection":["Cultura","M\u00fasica","Principal","Video de la semana"],"inLanguage":"es","potentialAction":[{"@type":"CommentAction","name":"Comment","target":["https:\/\/www.reconoce.mx\/?p=41403#respond"]}]},{"@type":"WebPage","@id":"https:\/\/www.reconoce.mx\/?p=41403","url":"https:\/\/www.reconoce.mx\/?p=41403","name":"'Rinc\u00f3n yucateco', de Porter &#171; Reconoce MX","isPartOf":{"@id":"http:\/\/www.reconoce.mx\/#website"},"primaryImageOfPage":{"@id":"https:\/\/www.reconoce.mx\/?p=41403#primaryimage"},"image":{"@id":"https:\/\/www.reconoce.mx\/?p=41403#primaryimage"},"thumbnailUrl":"http:\/\/www.reconoce.mx\/wp-content\/uploads\/2015\/10\/porterrinconyucateco-cover.png","datePublished":"2015-10-22T05:03:12+00:00","breadcrumb":{"@id":"https:\/\/www.reconoce.mx\/?p=41403#breadcrumb"},"inLanguage":"es","potentialAction":[{"@type":"ReadAction","target":["https:\/\/www.reconoce.mx\/?p=41403"]}]},{"@type":"ImageObject","inLanguage":"es","@id":"https:\/\/www.reconoce.mx\/?p=41403#primaryimage","url":"http:\/\/www.reconoce.mx\/wp-content\/uploads\/2015\/10\/porterrinconyucateco-cover.png","contentUrl":"http:\/\/www.reconoce.mx\/wp-content\/uploads\/2015\/10\/porterrinconyucateco-cover.png","width":570,"height":360},{"@type":"BreadcrumbList","@id":"https:\/\/www.reconoce.mx\/?p=41403#breadcrumb","itemListElement":[{"@type":"ListItem","position":1,"name":"Portada","item":"http:\/\/www.reconoce.mx\/"},{"@type":"ListItem","position":2,"name":"&#8216;Rinc\u00f3n yucateco&#8217;, de Porter"}]},{"@type":"WebSite","@id":"http:\/\/www.reconoce.mx\/#website","url":"http:\/\/www.reconoce.mx\/","name":"Reconoce MX","description":"En Reconoce MX difundimos arte, cultura y conciencia social en M\u00e9xico. Tu ciudad en otra perspectiva.","publisher":{"@id":"http:\/\/www.reconoce.mx\/#organization"},"potentialAction":[{"@type":"SearchAction","target":{"@type":"EntryPoint","urlTemplate":"http:\/\/www.reconoce.mx\/?s={search_term_string}"},"query-input":{"@type":"PropertyValueSpecification","valueRequired":true,"valueName":"search_term_string"}}],"inLanguage":"es"},{"@type":"Organization","@id":"http:\/\/www.reconoce.mx\/#organization","name":"Reconoce MX","url":"http:\/\/www.reconoce.mx\/","logo":{"@type":"ImageObject","inLanguage":"es","@id":"http:\/\/www.reconoce.mx\/#\/schema\/logo\/image\/","url":"https:\/\/www.reconoce.mx\/wp-content\/uploads\/2019\/03\/logorcmx-good-1.png","contentUrl":"https:\/\/www.reconoce.mx\/wp-content\/uploads\/2019\/03\/logorcmx-good-1.png","width":280,"height":90,"caption":"Reconoce MX"},"image":{"@id":"http:\/\/www.reconoce.mx\/#\/schema\/logo\/image\/"},"sameAs":["https:\/\/es-la.facebook.com\/ReconoceMX\/","https:\/\/x.com\/reconocemx","http:\/\/@reconocemx"]},{"@type":"Person","@id":"http:\/\/www.reconoce.mx\/#\/schema\/person\/2117e997d7051dc15d6880eaf9bca0b2","name":"Reconoce MX","image":{"@type":"ImageObject","inLanguage":"es","@id":"http:\/\/www.reconoce.mx\/#\/schema\/person\/image\/","url":"https:\/\/secure.gravatar.com\/avatar\/6c8d4dc7569ca1c90c5fdcc349f839d5ddef6fe1e70b4337ead2ef1a4c43fc3a?s=96&d=identicon&r=g","contentUrl":"https:\/\/secure.gravatar.com\/avatar\/6c8d4dc7569ca1c90c5fdcc349f839d5ddef6fe1e70b4337ead2ef1a4c43fc3a?s=96&d=identicon&r=g","caption":"Reconoce MX"},"description":"Reconoce MX es un proyecto de difusi\u00f3n art\u00edstica, cultural y de conciencia social que est\u00e1 enfocado a difundir y fomentar el entretenimiento alternativo de calidad para todo el p\u00fablico que comparta el mismo entusiasmo.","sameAs":["http:\/\/www.reconoce.mx"],"url":"http:\/\/www.reconoce.mx\/?author=2"}]}},"_links":{"self":[{"href":"http:\/\/www.reconoce.mx\/index.php?rest_route=\/wp\/v2\/posts\/41403","targetHints":{"allow":["GET"]}}],"collection":[{"href":"http:\/\/www.reconoce.mx\/index.php?rest_route=\/wp\/v2\/posts"}],"about":[{"href":"http:\/\/www.reconoce.mx\/index.php?rest_route=\/wp\/v2\/types\/post"}],"author":[{"embeddable":true,"href":"http:\/\/www.reconoce.mx\/index.php?rest_route=\/wp\/v2\/users\/2"}],"replies":[{"embeddable":true,"href":"http:\/\/www.reconoce.mx\/index.php?rest_route=%2Fwp%2Fv2%2Fcomments&post=41403"}],"version-history":[{"count":5,"href":"http:\/\/www.reconoce.mx\/index.php?rest_route=\/wp\/v2\/posts\/41403\/revisions"}],"predecessor-version":[{"id":41409,"href":"http:\/\/www.reconoce.mx\/index.php?rest_route=\/wp\/v2\/posts\/41403\/revisions\/41409"}],"wp:featuredmedia":[{"embeddable":true,"href":"http:\/\/www.reconoce.mx\/index.php?rest_route=\/wp\/v2\/media\/41406"}],"wp:attachment":[{"href":"http:\/\/www.reconoce.mx\/index.php?rest_route=%2Fwp%2Fv2%2Fmedia&parent=41403"}],"wp:term":[{"taxonomy":"category","embeddable":true,"href":"http:\/\/www.reconoce.mx\/index.php?rest_route=%2Fwp%2Fv2%2Fcategories&post=41403"},{"taxonomy":"post_tag","embeddable":true,"href":"http:\/\/www.reconoce.mx\/index.php?rest_route=%2Fwp%2Fv2%2Ftags&post=41403"}],"curies":[{"name":"wp","href":"https:\/\/api.w.org\/{rel}","templated":true}]}}