{"id":4144,"date":"2012-01-17T01:00:37","date_gmt":"2012-01-17T01:00:37","guid":{"rendered":"http:\/\/www.reconoce.mx\/?p=4144"},"modified":"2016-09-28T21:34:15","modified_gmt":"2016-09-29T02:34:15","slug":"defiende-tu-idioma","status":"publish","type":"post","link":"http:\/\/www.reconoce.mx\/?p=4144","title":{"rendered":"Defiende tu idioma"},"content":{"rendered":"<p><a href=\"http:\/\/www.reconoce.mx\/category\/columnistas\/defiende-tu-idioma\/\" target=\"_blank\"><img loading=\"lazy\" decoding=\"async\" class=\"aligncenter size-full wp-image-4228\" title=\"IdiomaBanner\" src=\"http:\/\/www.reconoce.mx\/wp-content\/uploads\/DefiendeIdioma.jpg\" alt=\"\" width=\"550\" height=\"70\" \/><\/a><\/p>\n<p><strong>Por <a title=\"@lalamagica\" href=\"https:\/\/twitter.com\/#!\/lalamagica\" target=\"_blank\">Laura Ram\u00edrez<\/a><\/strong>.<br \/>\n<strong>Ilustraci\u00f3n <a title=\"@NinaPapalote\" href=\"https:\/\/twitter.com\/#!\/ninapapalote\" target=\"_blank\">Ni\u00f1a Papalote<\/a><\/strong>.<\/p>\n<p>Cuando hablas haces algunas pausas para tomar algo de aire, \u00bfverdad? <strong>\u00bfHas intentado hablar continuamente por dos o tres minutos sin darte tiempo para respirar?<\/strong><\/p>\n<p><strong>A menos que seas Rub\u00e9n Albarr\u00e1n intentando cantar \u201cLa ingrata\u201d<\/strong> en esos 16 segundos de \u201cquenovesqueestoysufriendoporfavorhoynomedigasquesinmiteest\u00e1smuriendoquetusl\u00e1grimassonfalsast\u00fa<br \/>\ndespreciasmispalabrasymisbesospuessiquierohacerteda\u00f1os\u00f3lofaltaqueyoquieralastimarteyhumillarte\u201d, no creo que lo logres.<\/p>\n<p>Entonces, expl\u00edcame algo. <strong>\u00bfPor qu\u00e9 no usas signos de puntuaci\u00f3n al escribir?<\/strong><\/p>\n<p>Nuestro hermoso idioma, <strong>el espa\u00f1ol, cuenta con varios s\u00edmbolos que se utilizan en la escritura para indicar pausas parecidas a las que hacemos al hablar<\/strong> para mantener ox\u00edgeno en nuestra sangre. \u00bfLos conoces?<\/p>\n<p>Vamos a dar <strong>una vuelta por nuestras clases de primaria<\/strong>:<\/p>\n<p>Coma<\/p>\n<p>Punto y coma<\/p>\n<p>Dos puntos<\/p>\n<p>Punto final<\/p>\n<p>Puntos suspensivos<\/p>\n<p>Signos de interrogaci\u00f3n (se abren y se cierran)<\/p>\n<p>Signos de admiraci\u00f3n (tambi\u00e9n se abren y se cierran, aunque no lo creas)<\/p>\n<p>Par\u00e9ntesis<\/p>\n<p>Comillas<\/p>\n<p>Gui\u00f3n<\/p>\n<p>Tambi\u00e9n existen otros que no son tan frecuentes y que se conocen como \u201cauxiliares\u201d, aqu\u00ed te los presento:<\/p>\n<p>Raya<\/p>\n<p>Dos rayas (s\u00ed, tambi\u00e9n existen dos rayas)<\/p>\n<p>Ap\u00f3strofo<\/p>\n<p>P\u00e1rrafo<\/p>\n<p>Calder\u00f3n<\/p>\n<p>Asterisco<\/p>\n<p>Llave<\/p>\n<p>Corchete<\/p>\n<p><strong>Cada uno de estos signos cuenta con una funci\u00f3n espec\u00edfica<\/strong>. Algunos se usan para separar, otros para hacer listas, unos m\u00e1s para expresar alg\u00fan sentimiento o emoci\u00f3n.<\/p>\n<p><strong>\u00bfSabes para qu\u00e9 sirve cada uno de ellos?<\/strong><\/p>\n<p>Seguramente contestar\u00e1s con toda seguridad y valor que s\u00ed. Entonces, expl\u00edcame una cosa. <strong>\u00bfPor qu\u00e9 no los usas?<\/strong><\/p>\n<p>Entiendo, comunicarte a trav\u00e9s de redes sociales, mensajes de texto o mensajeros instant\u00e1neos te ha acostumbrado a ello. Lo siento, no es una justificaci\u00f3n. <strong>\u00a1Hasta el TVNotas y el TVyNovelas cuentan con puntuaci\u00f3n adecuada!<\/strong> \u00bfPara qu\u00e9 crees que la Real Academia de la Lengua Espa\u00f1ola ha gastado a lo largo de tantos a\u00f1os, un presupuesto tremendo en administrar y ordenar cada una de las reglas para usar estos signos?<\/p>\n<p>Pareciera que los hemos dejado en el olvido. A lo largo de esta columna, iremos explorando para qu\u00e9 demonios sirven todas estas cosas y por qu\u00e9 es importante recordarlas. Y no, no es romanticismo venido a menos, es simplemente que <strong>como usuarios del espa\u00f1ol tenemos una obligaci\u00f3n: defender nuestro idioma<\/strong>.<\/p>\n<p>&nbsp;<\/p>\n<p>&nbsp;<\/p>\n","protected":false},"excerpt":{"rendered":"<p>Cuando hablas haces algunas pausas para tomar algo de aire, \u00bfverdad? \u00bfHas intentado hablar continuamente por dos o tres minutos sin darte tiempo para respirar?<\/p>\n","protected":false},"author":2,"featured_media":0,"comment_status":"open","ping_status":"open","sticky":false,"template":"","format":"standard","meta":{"footnotes":""},"categories":[16,227],"tags":[237,236,238,239],"class_list":["post-4144","post","type-post","status-publish","format-standard","hentry","category-columnistas","category-defiende-tu-idioma","tag-espanol","tag-idioma","tag-ortografia","tag-redaccion"],"yoast_head":"<!-- This site is optimized with the Yoast SEO plugin v24.7 - https:\/\/yoast.com\/wordpress\/plugins\/seo\/ -->\n<title>Defiende tu idioma &#171; Reconoce MX<\/title>\n<meta name=\"robots\" content=\"index, follow, max-snippet:-1, max-image-preview:large, max-video-preview:-1\" \/>\n<link rel=\"canonical\" href=\"https:\/\/www.reconoce.mx\/?p=4144\" \/>\n<meta property=\"og:locale\" content=\"es_ES\" \/>\n<meta property=\"og:type\" content=\"article\" \/>\n<meta property=\"og:title\" content=\"Defiende tu idioma &#171; Reconoce MX\" \/>\n<meta property=\"og:description\" content=\"Cuando hablas haces algunas pausas para tomar algo de aire, \u00bfverdad? \u00bfHas intentado hablar continuamente por dos o tres minutos sin darte tiempo para respirar?\" \/>\n<meta property=\"og:url\" content=\"https:\/\/www.reconoce.mx\/?p=4144\" \/>\n<meta property=\"og:site_name\" content=\"Reconoce MX\" \/>\n<meta property=\"article:publisher\" content=\"https:\/\/es-la.facebook.com\/ReconoceMX\/\" \/>\n<meta property=\"article:published_time\" content=\"2012-01-17T01:00:37+00:00\" \/>\n<meta property=\"article:modified_time\" content=\"2016-09-29T02:34:15+00:00\" \/>\n<meta property=\"og:image\" content=\"http:\/\/www.reconoce.mx\/wp-content\/uploads\/DefiendeIdioma.jpg\" \/>\n<meta name=\"author\" content=\"Reconoce MX\" \/>\n<meta name=\"twitter:card\" content=\"summary_large_image\" \/>\n<meta name=\"twitter:creator\" content=\"@reconocemx\" \/>\n<meta name=\"twitter:site\" content=\"@reconocemx\" \/>\n<meta name=\"twitter:label1\" content=\"Escrito por\" \/>\n\t<meta name=\"twitter:data1\" content=\"Reconoce MX\" \/>\n\t<meta name=\"twitter:label2\" content=\"Tiempo de lectura\" \/>\n\t<meta name=\"twitter:data2\" content=\"2 minutos\" \/>\n<script type=\"application\/ld+json\" class=\"yoast-schema-graph\">{\"@context\":\"https:\/\/schema.org\",\"@graph\":[{\"@type\":\"Article\",\"@id\":\"https:\/\/www.reconoce.mx\/?p=4144#article\",\"isPartOf\":{\"@id\":\"https:\/\/www.reconoce.mx\/?p=4144\"},\"author\":{\"name\":\"Reconoce MX\",\"@id\":\"http:\/\/www.reconoce.mx\/#\/schema\/person\/2117e997d7051dc15d6880eaf9bca0b2\"},\"headline\":\"Defiende tu idioma\",\"datePublished\":\"2012-01-17T01:00:37+00:00\",\"dateModified\":\"2016-09-29T02:34:15+00:00\",\"mainEntityOfPage\":{\"@id\":\"https:\/\/www.reconoce.mx\/?p=4144\"},\"wordCount\":389,\"commentCount\":2,\"publisher\":{\"@id\":\"http:\/\/www.reconoce.mx\/#organization\"},\"image\":{\"@id\":\"https:\/\/www.reconoce.mx\/?p=4144#primaryimage\"},\"thumbnailUrl\":\"http:\/\/www.reconoce.mx\/wp-content\/uploads\/DefiendeIdioma.jpg\",\"keywords\":[\"Espa\u00f1ol\",\"Idioma\",\"Ortograf\u00eda\",\"Redacci\u00f3n\"],\"articleSection\":[\"Columnistas\",\"Defiende tu idioma\"],\"inLanguage\":\"es\",\"potentialAction\":[{\"@type\":\"CommentAction\",\"name\":\"Comment\",\"target\":[\"https:\/\/www.reconoce.mx\/?p=4144#respond\"]}]},{\"@type\":\"WebPage\",\"@id\":\"https:\/\/www.reconoce.mx\/?p=4144\",\"url\":\"https:\/\/www.reconoce.mx\/?p=4144\",\"name\":\"Defiende tu idioma &#171; Reconoce MX\",\"isPartOf\":{\"@id\":\"http:\/\/www.reconoce.mx\/#website\"},\"primaryImageOfPage\":{\"@id\":\"https:\/\/www.reconoce.mx\/?p=4144#primaryimage\"},\"image\":{\"@id\":\"https:\/\/www.reconoce.mx\/?p=4144#primaryimage\"},\"thumbnailUrl\":\"http:\/\/www.reconoce.mx\/wp-content\/uploads\/DefiendeIdioma.jpg\",\"datePublished\":\"2012-01-17T01:00:37+00:00\",\"dateModified\":\"2016-09-29T02:34:15+00:00\",\"breadcrumb\":{\"@id\":\"https:\/\/www.reconoce.mx\/?p=4144#breadcrumb\"},\"inLanguage\":\"es\",\"potentialAction\":[{\"@type\":\"ReadAction\",\"target\":[\"https:\/\/www.reconoce.mx\/?p=4144\"]}]},{\"@type\":\"ImageObject\",\"inLanguage\":\"es\",\"@id\":\"https:\/\/www.reconoce.mx\/?p=4144#primaryimage\",\"url\":\"\",\"contentUrl\":\"\"},{\"@type\":\"BreadcrumbList\",\"@id\":\"https:\/\/www.reconoce.mx\/?p=4144#breadcrumb\",\"itemListElement\":[{\"@type\":\"ListItem\",\"position\":1,\"name\":\"Portada\",\"item\":\"http:\/\/www.reconoce.mx\/\"},{\"@type\":\"ListItem\",\"position\":2,\"name\":\"Defiende tu idioma\"}]},{\"@type\":\"WebSite\",\"@id\":\"http:\/\/www.reconoce.mx\/#website\",\"url\":\"http:\/\/www.reconoce.mx\/\",\"name\":\"Reconoce MX\",\"description\":\"En Reconoce MX difundimos arte, cultura y conciencia social en M\u00e9xico. Tu ciudad en otra perspectiva.\",\"publisher\":{\"@id\":\"http:\/\/www.reconoce.mx\/#organization\"},\"potentialAction\":[{\"@type\":\"SearchAction\",\"target\":{\"@type\":\"EntryPoint\",\"urlTemplate\":\"http:\/\/www.reconoce.mx\/?s={search_term_string}\"},\"query-input\":{\"@type\":\"PropertyValueSpecification\",\"valueRequired\":true,\"valueName\":\"search_term_string\"}}],\"inLanguage\":\"es\"},{\"@type\":\"Organization\",\"@id\":\"http:\/\/www.reconoce.mx\/#organization\",\"name\":\"Reconoce MX\",\"url\":\"http:\/\/www.reconoce.mx\/\",\"logo\":{\"@type\":\"ImageObject\",\"inLanguage\":\"es\",\"@id\":\"http:\/\/www.reconoce.mx\/#\/schema\/logo\/image\/\",\"url\":\"https:\/\/www.reconoce.mx\/wp-content\/uploads\/2019\/03\/logorcmx-good-1.png\",\"contentUrl\":\"https:\/\/www.reconoce.mx\/wp-content\/uploads\/2019\/03\/logorcmx-good-1.png\",\"width\":280,\"height\":90,\"caption\":\"Reconoce MX\"},\"image\":{\"@id\":\"http:\/\/www.reconoce.mx\/#\/schema\/logo\/image\/\"},\"sameAs\":[\"https:\/\/es-la.facebook.com\/ReconoceMX\/\",\"https:\/\/x.com\/reconocemx\",\"http:\/\/@reconocemx\"]},{\"@type\":\"Person\",\"@id\":\"http:\/\/www.reconoce.mx\/#\/schema\/person\/2117e997d7051dc15d6880eaf9bca0b2\",\"name\":\"Reconoce MX\",\"image\":{\"@type\":\"ImageObject\",\"inLanguage\":\"es\",\"@id\":\"http:\/\/www.reconoce.mx\/#\/schema\/person\/image\/\",\"url\":\"https:\/\/secure.gravatar.com\/avatar\/6c8d4dc7569ca1c90c5fdcc349f839d5ddef6fe1e70b4337ead2ef1a4c43fc3a?s=96&d=identicon&r=g\",\"contentUrl\":\"https:\/\/secure.gravatar.com\/avatar\/6c8d4dc7569ca1c90c5fdcc349f839d5ddef6fe1e70b4337ead2ef1a4c43fc3a?s=96&d=identicon&r=g\",\"caption\":\"Reconoce MX\"},\"description\":\"Reconoce MX es un proyecto de difusi\u00f3n art\u00edstica, cultural y de conciencia social que est\u00e1 enfocado a difundir y fomentar el entretenimiento alternativo de calidad para todo el p\u00fablico que comparta el mismo entusiasmo.\",\"sameAs\":[\"http:\/\/www.reconoce.mx\"],\"url\":\"http:\/\/www.reconoce.mx\/?author=2\"}]}<\/script>\n<!-- \/ Yoast SEO plugin. -->","yoast_head_json":{"title":"Defiende tu idioma &#171; Reconoce MX","robots":{"index":"index","follow":"follow","max-snippet":"max-snippet:-1","max-image-preview":"max-image-preview:large","max-video-preview":"max-video-preview:-1"},"canonical":"https:\/\/www.reconoce.mx\/?p=4144","og_locale":"es_ES","og_type":"article","og_title":"Defiende tu idioma &#171; Reconoce MX","og_description":"Cuando hablas haces algunas pausas para tomar algo de aire, \u00bfverdad? \u00bfHas intentado hablar continuamente por dos o tres minutos sin darte tiempo para respirar?","og_url":"https:\/\/www.reconoce.mx\/?p=4144","og_site_name":"Reconoce MX","article_publisher":"https:\/\/es-la.facebook.com\/ReconoceMX\/","article_published_time":"2012-01-17T01:00:37+00:00","article_modified_time":"2016-09-29T02:34:15+00:00","og_image":[{"url":"http:\/\/www.reconoce.mx\/wp-content\/uploads\/DefiendeIdioma.jpg","type":"","width":"","height":""}],"author":"Reconoce MX","twitter_card":"summary_large_image","twitter_creator":"@reconocemx","twitter_site":"@reconocemx","twitter_misc":{"Escrito por":"Reconoce MX","Tiempo de lectura":"2 minutos"},"schema":{"@context":"https:\/\/schema.org","@graph":[{"@type":"Article","@id":"https:\/\/www.reconoce.mx\/?p=4144#article","isPartOf":{"@id":"https:\/\/www.reconoce.mx\/?p=4144"},"author":{"name":"Reconoce MX","@id":"http:\/\/www.reconoce.mx\/#\/schema\/person\/2117e997d7051dc15d6880eaf9bca0b2"},"headline":"Defiende tu idioma","datePublished":"2012-01-17T01:00:37+00:00","dateModified":"2016-09-29T02:34:15+00:00","mainEntityOfPage":{"@id":"https:\/\/www.reconoce.mx\/?p=4144"},"wordCount":389,"commentCount":2,"publisher":{"@id":"http:\/\/www.reconoce.mx\/#organization"},"image":{"@id":"https:\/\/www.reconoce.mx\/?p=4144#primaryimage"},"thumbnailUrl":"http:\/\/www.reconoce.mx\/wp-content\/uploads\/DefiendeIdioma.jpg","keywords":["Espa\u00f1ol","Idioma","Ortograf\u00eda","Redacci\u00f3n"],"articleSection":["Columnistas","Defiende tu idioma"],"inLanguage":"es","potentialAction":[{"@type":"CommentAction","name":"Comment","target":["https:\/\/www.reconoce.mx\/?p=4144#respond"]}]},{"@type":"WebPage","@id":"https:\/\/www.reconoce.mx\/?p=4144","url":"https:\/\/www.reconoce.mx\/?p=4144","name":"Defiende tu idioma &#171; Reconoce MX","isPartOf":{"@id":"http:\/\/www.reconoce.mx\/#website"},"primaryImageOfPage":{"@id":"https:\/\/www.reconoce.mx\/?p=4144#primaryimage"},"image":{"@id":"https:\/\/www.reconoce.mx\/?p=4144#primaryimage"},"thumbnailUrl":"http:\/\/www.reconoce.mx\/wp-content\/uploads\/DefiendeIdioma.jpg","datePublished":"2012-01-17T01:00:37+00:00","dateModified":"2016-09-29T02:34:15+00:00","breadcrumb":{"@id":"https:\/\/www.reconoce.mx\/?p=4144#breadcrumb"},"inLanguage":"es","potentialAction":[{"@type":"ReadAction","target":["https:\/\/www.reconoce.mx\/?p=4144"]}]},{"@type":"ImageObject","inLanguage":"es","@id":"https:\/\/www.reconoce.mx\/?p=4144#primaryimage","url":"","contentUrl":""},{"@type":"BreadcrumbList","@id":"https:\/\/www.reconoce.mx\/?p=4144#breadcrumb","itemListElement":[{"@type":"ListItem","position":1,"name":"Portada","item":"http:\/\/www.reconoce.mx\/"},{"@type":"ListItem","position":2,"name":"Defiende tu idioma"}]},{"@type":"WebSite","@id":"http:\/\/www.reconoce.mx\/#website","url":"http:\/\/www.reconoce.mx\/","name":"Reconoce MX","description":"En Reconoce MX difundimos arte, cultura y conciencia social en M\u00e9xico. Tu ciudad en otra perspectiva.","publisher":{"@id":"http:\/\/www.reconoce.mx\/#organization"},"potentialAction":[{"@type":"SearchAction","target":{"@type":"EntryPoint","urlTemplate":"http:\/\/www.reconoce.mx\/?s={search_term_string}"},"query-input":{"@type":"PropertyValueSpecification","valueRequired":true,"valueName":"search_term_string"}}],"inLanguage":"es"},{"@type":"Organization","@id":"http:\/\/www.reconoce.mx\/#organization","name":"Reconoce MX","url":"http:\/\/www.reconoce.mx\/","logo":{"@type":"ImageObject","inLanguage":"es","@id":"http:\/\/www.reconoce.mx\/#\/schema\/logo\/image\/","url":"https:\/\/www.reconoce.mx\/wp-content\/uploads\/2019\/03\/logorcmx-good-1.png","contentUrl":"https:\/\/www.reconoce.mx\/wp-content\/uploads\/2019\/03\/logorcmx-good-1.png","width":280,"height":90,"caption":"Reconoce MX"},"image":{"@id":"http:\/\/www.reconoce.mx\/#\/schema\/logo\/image\/"},"sameAs":["https:\/\/es-la.facebook.com\/ReconoceMX\/","https:\/\/x.com\/reconocemx","http:\/\/@reconocemx"]},{"@type":"Person","@id":"http:\/\/www.reconoce.mx\/#\/schema\/person\/2117e997d7051dc15d6880eaf9bca0b2","name":"Reconoce MX","image":{"@type":"ImageObject","inLanguage":"es","@id":"http:\/\/www.reconoce.mx\/#\/schema\/person\/image\/","url":"https:\/\/secure.gravatar.com\/avatar\/6c8d4dc7569ca1c90c5fdcc349f839d5ddef6fe1e70b4337ead2ef1a4c43fc3a?s=96&d=identicon&r=g","contentUrl":"https:\/\/secure.gravatar.com\/avatar\/6c8d4dc7569ca1c90c5fdcc349f839d5ddef6fe1e70b4337ead2ef1a4c43fc3a?s=96&d=identicon&r=g","caption":"Reconoce MX"},"description":"Reconoce MX es un proyecto de difusi\u00f3n art\u00edstica, cultural y de conciencia social que est\u00e1 enfocado a difundir y fomentar el entretenimiento alternativo de calidad para todo el p\u00fablico que comparta el mismo entusiasmo.","sameAs":["http:\/\/www.reconoce.mx"],"url":"http:\/\/www.reconoce.mx\/?author=2"}]}},"_links":{"self":[{"href":"http:\/\/www.reconoce.mx\/index.php?rest_route=\/wp\/v2\/posts\/4144","targetHints":{"allow":["GET"]}}],"collection":[{"href":"http:\/\/www.reconoce.mx\/index.php?rest_route=\/wp\/v2\/posts"}],"about":[{"href":"http:\/\/www.reconoce.mx\/index.php?rest_route=\/wp\/v2\/types\/post"}],"author":[{"embeddable":true,"href":"http:\/\/www.reconoce.mx\/index.php?rest_route=\/wp\/v2\/users\/2"}],"replies":[{"embeddable":true,"href":"http:\/\/www.reconoce.mx\/index.php?rest_route=%2Fwp%2Fv2%2Fcomments&post=4144"}],"version-history":[{"count":19,"href":"http:\/\/www.reconoce.mx\/index.php?rest_route=\/wp\/v2\/posts\/4144\/revisions"}],"predecessor-version":[{"id":52888,"href":"http:\/\/www.reconoce.mx\/index.php?rest_route=\/wp\/v2\/posts\/4144\/revisions\/52888"}],"wp:attachment":[{"href":"http:\/\/www.reconoce.mx\/index.php?rest_route=%2Fwp%2Fv2%2Fmedia&parent=4144"}],"wp:term":[{"taxonomy":"category","embeddable":true,"href":"http:\/\/www.reconoce.mx\/index.php?rest_route=%2Fwp%2Fv2%2Fcategories&post=4144"},{"taxonomy":"post_tag","embeddable":true,"href":"http:\/\/www.reconoce.mx\/index.php?rest_route=%2Fwp%2Fv2%2Ftags&post=4144"}],"curies":[{"name":"wp","href":"https:\/\/api.w.org\/{rel}","templated":true}]}}