{"id":41599,"date":"2015-10-22T20:48:03","date_gmt":"2015-10-23T01:48:03","guid":{"rendered":"http:\/\/www.reconoce.mx\/?p=41599"},"modified":"2015-10-22T20:54:43","modified_gmt":"2015-10-23T01:54:43","slug":"presidente-y-la-banderville-tremendos-en-el-imperial","status":"publish","type":"post","link":"http:\/\/www.reconoce.mx\/?p=41599","title":{"rendered":"Presidente y La Banderville tremendos en El Imperial"},"content":{"rendered":"<p><strong>Texto y fotos por <a href=\"https:\/\/twitter.com\/ivelanil\" target=\"_blank\">Lina Acebo<\/a><\/strong>.<\/p>\n<p>Casi en punto de las 23:00 horas de ayer mi\u00e9rcoles 21 de octubre, comenz\u00f3 la noche en <strong>El Imperial<\/strong> con los chicos del grupo <strong>La Banderville<\/strong>; V\u00edctor Hugo de Anda \u201cCachi\u201d en la bater\u00eda, Daniel Mendoza en la guitarra, Ana Fonseca en el teclado, Sof\u00eda Mora en el bajo y el vocalista Daniel Gonz\u00e1lez con su recurrente gorra roja de \u00abSuper Mario 64\u00bb. Juntos iniciaron cantando entre amigos y fans sus canciones. Finalmente, despu\u00e9s de un par de rolas felicitaron a uno de los integrantes por su cumplea\u00f1os, y se despidieron agradeciendo la oportunidad a <strong>Presidente <\/strong>de poder compartir escenario.<\/p>\n<p><img loading=\"lazy\" decoding=\"async\" class=\"aligncenter size-full wp-image-41602\" src=\"http:\/\/www.reconoce.mx\/wp-content\/uploads\/2015\/10\/350.jpg\" alt=\"350\" width=\"5184\" height=\"3456\" srcset=\"http:\/\/www.reconoce.mx\/wp-content\/uploads\/2015\/10\/350.jpg 5184w, http:\/\/www.reconoce.mx\/wp-content\/uploads\/2015\/10\/350-300x200.jpg 300w, http:\/\/www.reconoce.mx\/wp-content\/uploads\/2015\/10\/350-1024x683.jpg 1024w, http:\/\/www.reconoce.mx\/wp-content\/uploads\/2015\/10\/350-150x100.jpg 150w, http:\/\/www.reconoce.mx\/wp-content\/uploads\/2015\/10\/350-700x467.jpg 700w, http:\/\/www.reconoce.mx\/wp-content\/uploads\/2015\/10\/350-658x439.jpg 658w\" sizes=\"auto, (max-width: 5184px) 100vw, 5184px\" \/><\/p>\n<p><img loading=\"lazy\" decoding=\"async\" class=\"aligncenter size-full wp-image-41603\" src=\"http:\/\/www.reconoce.mx\/wp-content\/uploads\/2015\/10\/492.jpg\" alt=\"492\" width=\"5184\" height=\"3456\" srcset=\"http:\/\/www.reconoce.mx\/wp-content\/uploads\/2015\/10\/492.jpg 5184w, http:\/\/www.reconoce.mx\/wp-content\/uploads\/2015\/10\/492-300x200.jpg 300w, http:\/\/www.reconoce.mx\/wp-content\/uploads\/2015\/10\/492-1024x683.jpg 1024w, http:\/\/www.reconoce.mx\/wp-content\/uploads\/2015\/10\/492-150x100.jpg 150w, http:\/\/www.reconoce.mx\/wp-content\/uploads\/2015\/10\/492-700x467.jpg 700w, http:\/\/www.reconoce.mx\/wp-content\/uploads\/2015\/10\/492-658x439.jpg 658w\" sizes=\"auto, (max-width: 5184px) 100vw, 5184px\" \/><\/p>\n<p><img loading=\"lazy\" decoding=\"async\" class=\"aligncenter size-full wp-image-41607\" src=\"http:\/\/www.reconoce.mx\/wp-content\/uploads\/2015\/10\/3341.jpg\" alt=\"334\" width=\"5184\" height=\"3456\" srcset=\"http:\/\/www.reconoce.mx\/wp-content\/uploads\/2015\/10\/3341.jpg 5184w, http:\/\/www.reconoce.mx\/wp-content\/uploads\/2015\/10\/3341-300x200.jpg 300w, http:\/\/www.reconoce.mx\/wp-content\/uploads\/2015\/10\/3341-1024x683.jpg 1024w, http:\/\/www.reconoce.mx\/wp-content\/uploads\/2015\/10\/3341-150x100.jpg 150w, http:\/\/www.reconoce.mx\/wp-content\/uploads\/2015\/10\/3341-700x467.jpg 700w, http:\/\/www.reconoce.mx\/wp-content\/uploads\/2015\/10\/3341-658x439.jpg 658w\" sizes=\"auto, (max-width: 5184px) 100vw, 5184px\" \/><\/p>\n<p><em><strong>&gt;&gt;<a href=\"https:\/\/www.flickr.com\/photos\/reconocemx\/albums\/72157657882748903\" target=\"_blank\">Disfruta de nuestra galer\u00eda completa de La Banderville en El Imperial<\/a>&lt;&lt;<\/strong><\/em><\/p>\n<p>Alrededor de las 00:00 horas <strong>Presidente<\/strong>, conformado por Priscila Gonz\u00e1lez (<strong>Quiero Club<\/strong>) y Enrique \u201cQuique\u201d Rangel Arroyo (como ya varios conocen, bajista de <strong>Caf\u00e9 Tacvba<\/strong>). Elevando el ambiente con el p\u00fablico agradecieron la atenci\u00f3n con muchos de sus fans que los han seguido a sus diversas presentaciones, la m\u00e1s reciente en el <strong>Festival Coordenada<\/strong> en Guadalajara. Al final se despidieron y agradecieron la visita al evento a todo su p\u00fablico, cerrando con una breve l\u00ednea por parte de Priscila: \u201cSomos <strong>Presidente<\/strong>, el que s\u00ed cumple\u201d.<\/p>\n<p><img loading=\"lazy\" decoding=\"async\" class=\"aligncenter size-full wp-image-41606\" src=\"http:\/\/www.reconoce.mx\/wp-content\/uploads\/2015\/10\/5201.jpg\" alt=\"520\" width=\"5184\" height=\"3456\" srcset=\"http:\/\/www.reconoce.mx\/wp-content\/uploads\/2015\/10\/5201.jpg 5184w, http:\/\/www.reconoce.mx\/wp-content\/uploads\/2015\/10\/5201-300x200.jpg 300w, http:\/\/www.reconoce.mx\/wp-content\/uploads\/2015\/10\/5201-1024x683.jpg 1024w, http:\/\/www.reconoce.mx\/wp-content\/uploads\/2015\/10\/5201-150x100.jpg 150w, http:\/\/www.reconoce.mx\/wp-content\/uploads\/2015\/10\/5201-700x467.jpg 700w, http:\/\/www.reconoce.mx\/wp-content\/uploads\/2015\/10\/5201-658x439.jpg 658w\" sizes=\"auto, (max-width: 5184px) 100vw, 5184px\" \/><\/p>\n<p><img loading=\"lazy\" decoding=\"async\" class=\"aligncenter size-full wp-image-41601\" src=\"http:\/\/www.reconoce.mx\/wp-content\/uploads\/2015\/10\/503.jpg\" alt=\"503\" width=\"5184\" height=\"3456\" srcset=\"http:\/\/www.reconoce.mx\/wp-content\/uploads\/2015\/10\/503.jpg 5184w, http:\/\/www.reconoce.mx\/wp-content\/uploads\/2015\/10\/503-300x200.jpg 300w, http:\/\/www.reconoce.mx\/wp-content\/uploads\/2015\/10\/503-1024x683.jpg 1024w, http:\/\/www.reconoce.mx\/wp-content\/uploads\/2015\/10\/503-150x100.jpg 150w, http:\/\/www.reconoce.mx\/wp-content\/uploads\/2015\/10\/503-700x467.jpg 700w, http:\/\/www.reconoce.mx\/wp-content\/uploads\/2015\/10\/503-658x439.jpg 658w\" sizes=\"auto, (max-width: 5184px) 100vw, 5184px\" \/><\/p>\n<p><img loading=\"lazy\" decoding=\"async\" class=\"aligncenter size-full wp-image-41609\" src=\"http:\/\/www.reconoce.mx\/wp-content\/uploads\/2015\/10\/6341.jpg\" alt=\"634\" width=\"5184\" height=\"3456\" srcset=\"http:\/\/www.reconoce.mx\/wp-content\/uploads\/2015\/10\/6341.jpg 5184w, http:\/\/www.reconoce.mx\/wp-content\/uploads\/2015\/10\/6341-300x200.jpg 300w, http:\/\/www.reconoce.mx\/wp-content\/uploads\/2015\/10\/6341-1024x683.jpg 1024w, http:\/\/www.reconoce.mx\/wp-content\/uploads\/2015\/10\/6341-150x100.jpg 150w, http:\/\/www.reconoce.mx\/wp-content\/uploads\/2015\/10\/6341-700x467.jpg 700w, http:\/\/www.reconoce.mx\/wp-content\/uploads\/2015\/10\/6341-658x439.jpg 658w\" sizes=\"auto, (max-width: 5184px) 100vw, 5184px\" \/><\/p>\n<p><em><strong>&gt;&gt;<a href=\"https:\/\/www.flickr.com\/photos\/reconocemx\/albums\/72157659793836160\" target=\"_blank\">Disfruta de nuestra galer\u00eda completa de Presidente en El Imperial<\/a>&lt;&lt;<\/strong><\/em><\/p>\n<p>Est\u00e9n atentos al pr\u00f3ximo video clip de <strong>Presidente<\/strong> con su segundo sencillo \u201cHabitaci\u00f3n 140\u201d, y sigan el material de <strong>La Banderville<\/strong> con su nuevo EP \u201cLa conservaci\u00f3n de la materia\u201d.<\/p>\n<p>\u00a1Nos leemos pronto con m\u00e1s m\u00fasica en acci\u00f3n!<\/p>\n<p>&nbsp;<\/p>\n<p>&nbsp;<\/p>\n","protected":false},"excerpt":{"rendered":"<p>Casi en punto de las 23:00 horas de ayer mi\u00e9rcoles 21 de octubre, comenz\u00f3 la noche en El Imperial.<\/p>\n","protected":false},"author":2,"featured_media":41600,"comment_status":"open","ping_status":"open","sticky":false,"template":"","format":"standard","meta":{"footnotes":""},"categories":[1,18,17],"tags":[],"class_list":["post-41599","post","type-post","status-publish","format-standard","has-post-thumbnail","hentry","category-cultura","category-musica","category-principal"],"yoast_head":"<!-- This site is optimized with the Yoast SEO plugin v24.7 - https:\/\/yoast.com\/wordpress\/plugins\/seo\/ -->\n<title>Presidente y La Banderville tremendos en El Imperial &#171; Reconoce MX<\/title>\n<meta name=\"robots\" content=\"index, follow, max-snippet:-1, max-image-preview:large, max-video-preview:-1\" \/>\n<link rel=\"canonical\" href=\"https:\/\/www.reconoce.mx\/?p=41599\" \/>\n<meta property=\"og:locale\" content=\"es_ES\" \/>\n<meta property=\"og:type\" content=\"article\" \/>\n<meta property=\"og:title\" content=\"Presidente y La Banderville tremendos en El Imperial &#171; Reconoce MX\" \/>\n<meta property=\"og:description\" content=\"Casi en punto de las 23:00 horas de ayer mi\u00e9rcoles 21 de octubre, comenz\u00f3 la noche en El Imperial.\" \/>\n<meta property=\"og:url\" content=\"https:\/\/www.reconoce.mx\/?p=41599\" \/>\n<meta property=\"og:site_name\" content=\"Reconoce MX\" \/>\n<meta property=\"article:publisher\" content=\"https:\/\/es-la.facebook.com\/ReconoceMX\/\" \/>\n<meta property=\"article:published_time\" content=\"2015-10-23T01:48:03+00:00\" \/>\n<meta property=\"article:modified_time\" content=\"2015-10-23T01:54:43+00:00\" \/>\n<meta property=\"og:image\" content=\"https:\/\/www.reconoce.mx\/wp-content\/uploads\/2015\/10\/presidentecover.png\" \/>\n\t<meta property=\"og:image:width\" content=\"570\" \/>\n\t<meta property=\"og:image:height\" content=\"360\" \/>\n\t<meta property=\"og:image:type\" content=\"image\/png\" \/>\n<meta name=\"author\" content=\"Reconoce MX\" \/>\n<meta name=\"twitter:card\" content=\"summary_large_image\" \/>\n<meta name=\"twitter:creator\" content=\"@reconocemx\" \/>\n<meta name=\"twitter:site\" content=\"@reconocemx\" \/>\n<meta name=\"twitter:label1\" content=\"Escrito por\" \/>\n\t<meta name=\"twitter:data1\" content=\"Reconoce MX\" \/>\n\t<meta name=\"twitter:label2\" content=\"Tiempo de lectura\" \/>\n\t<meta name=\"twitter:data2\" content=\"1 minuto\" \/>\n<script type=\"application\/ld+json\" class=\"yoast-schema-graph\">{\"@context\":\"https:\/\/schema.org\",\"@graph\":[{\"@type\":\"Article\",\"@id\":\"https:\/\/www.reconoce.mx\/?p=41599#article\",\"isPartOf\":{\"@id\":\"https:\/\/www.reconoce.mx\/?p=41599\"},\"author\":{\"name\":\"Reconoce MX\",\"@id\":\"http:\/\/www.reconoce.mx\/#\/schema\/person\/2117e997d7051dc15d6880eaf9bca0b2\"},\"headline\":\"Presidente y La Banderville tremendos en El Imperial\",\"datePublished\":\"2015-10-23T01:48:03+00:00\",\"dateModified\":\"2015-10-23T01:54:43+00:00\",\"mainEntityOfPage\":{\"@id\":\"https:\/\/www.reconoce.mx\/?p=41599\"},\"wordCount\":285,\"commentCount\":0,\"publisher\":{\"@id\":\"http:\/\/www.reconoce.mx\/#organization\"},\"image\":{\"@id\":\"https:\/\/www.reconoce.mx\/?p=41599#primaryimage\"},\"thumbnailUrl\":\"http:\/\/www.reconoce.mx\/wp-content\/uploads\/2015\/10\/presidentecover.png\",\"articleSection\":[\"Cultura\",\"M\u00fasica\",\"Principal\"],\"inLanguage\":\"es\",\"potentialAction\":[{\"@type\":\"CommentAction\",\"name\":\"Comment\",\"target\":[\"https:\/\/www.reconoce.mx\/?p=41599#respond\"]}]},{\"@type\":\"WebPage\",\"@id\":\"https:\/\/www.reconoce.mx\/?p=41599\",\"url\":\"https:\/\/www.reconoce.mx\/?p=41599\",\"name\":\"Presidente y La Banderville tremendos en El Imperial &#171; Reconoce MX\",\"isPartOf\":{\"@id\":\"http:\/\/www.reconoce.mx\/#website\"},\"primaryImageOfPage\":{\"@id\":\"https:\/\/www.reconoce.mx\/?p=41599#primaryimage\"},\"image\":{\"@id\":\"https:\/\/www.reconoce.mx\/?p=41599#primaryimage\"},\"thumbnailUrl\":\"http:\/\/www.reconoce.mx\/wp-content\/uploads\/2015\/10\/presidentecover.png\",\"datePublished\":\"2015-10-23T01:48:03+00:00\",\"dateModified\":\"2015-10-23T01:54:43+00:00\",\"breadcrumb\":{\"@id\":\"https:\/\/www.reconoce.mx\/?p=41599#breadcrumb\"},\"inLanguage\":\"es\",\"potentialAction\":[{\"@type\":\"ReadAction\",\"target\":[\"https:\/\/www.reconoce.mx\/?p=41599\"]}]},{\"@type\":\"ImageObject\",\"inLanguage\":\"es\",\"@id\":\"https:\/\/www.reconoce.mx\/?p=41599#primaryimage\",\"url\":\"http:\/\/www.reconoce.mx\/wp-content\/uploads\/2015\/10\/presidentecover.png\",\"contentUrl\":\"http:\/\/www.reconoce.mx\/wp-content\/uploads\/2015\/10\/presidentecover.png\",\"width\":570,\"height\":360},{\"@type\":\"BreadcrumbList\",\"@id\":\"https:\/\/www.reconoce.mx\/?p=41599#breadcrumb\",\"itemListElement\":[{\"@type\":\"ListItem\",\"position\":1,\"name\":\"Portada\",\"item\":\"http:\/\/www.reconoce.mx\/\"},{\"@type\":\"ListItem\",\"position\":2,\"name\":\"Presidente y La Banderville tremendos en El Imperial\"}]},{\"@type\":\"WebSite\",\"@id\":\"http:\/\/www.reconoce.mx\/#website\",\"url\":\"http:\/\/www.reconoce.mx\/\",\"name\":\"Reconoce MX\",\"description\":\"En Reconoce MX difundimos arte, cultura y conciencia social en M\u00e9xico. Tu ciudad en otra perspectiva.\",\"publisher\":{\"@id\":\"http:\/\/www.reconoce.mx\/#organization\"},\"potentialAction\":[{\"@type\":\"SearchAction\",\"target\":{\"@type\":\"EntryPoint\",\"urlTemplate\":\"http:\/\/www.reconoce.mx\/?s={search_term_string}\"},\"query-input\":{\"@type\":\"PropertyValueSpecification\",\"valueRequired\":true,\"valueName\":\"search_term_string\"}}],\"inLanguage\":\"es\"},{\"@type\":\"Organization\",\"@id\":\"http:\/\/www.reconoce.mx\/#organization\",\"name\":\"Reconoce MX\",\"url\":\"http:\/\/www.reconoce.mx\/\",\"logo\":{\"@type\":\"ImageObject\",\"inLanguage\":\"es\",\"@id\":\"http:\/\/www.reconoce.mx\/#\/schema\/logo\/image\/\",\"url\":\"https:\/\/www.reconoce.mx\/wp-content\/uploads\/2019\/03\/logorcmx-good-1.png\",\"contentUrl\":\"https:\/\/www.reconoce.mx\/wp-content\/uploads\/2019\/03\/logorcmx-good-1.png\",\"width\":280,\"height\":90,\"caption\":\"Reconoce MX\"},\"image\":{\"@id\":\"http:\/\/www.reconoce.mx\/#\/schema\/logo\/image\/\"},\"sameAs\":[\"https:\/\/es-la.facebook.com\/ReconoceMX\/\",\"https:\/\/x.com\/reconocemx\",\"http:\/\/@reconocemx\"]},{\"@type\":\"Person\",\"@id\":\"http:\/\/www.reconoce.mx\/#\/schema\/person\/2117e997d7051dc15d6880eaf9bca0b2\",\"name\":\"Reconoce MX\",\"image\":{\"@type\":\"ImageObject\",\"inLanguage\":\"es\",\"@id\":\"http:\/\/www.reconoce.mx\/#\/schema\/person\/image\/\",\"url\":\"https:\/\/secure.gravatar.com\/avatar\/6c8d4dc7569ca1c90c5fdcc349f839d5ddef6fe1e70b4337ead2ef1a4c43fc3a?s=96&d=identicon&r=g\",\"contentUrl\":\"https:\/\/secure.gravatar.com\/avatar\/6c8d4dc7569ca1c90c5fdcc349f839d5ddef6fe1e70b4337ead2ef1a4c43fc3a?s=96&d=identicon&r=g\",\"caption\":\"Reconoce MX\"},\"description\":\"Reconoce MX es un proyecto de difusi\u00f3n art\u00edstica, cultural y de conciencia social que est\u00e1 enfocado a difundir y fomentar el entretenimiento alternativo de calidad para todo el p\u00fablico que comparta el mismo entusiasmo.\",\"sameAs\":[\"http:\/\/www.reconoce.mx\"],\"url\":\"http:\/\/www.reconoce.mx\/?author=2\"}]}<\/script>\n<!-- \/ Yoast SEO plugin. -->","yoast_head_json":{"title":"Presidente y La Banderville tremendos en El Imperial &#171; Reconoce MX","robots":{"index":"index","follow":"follow","max-snippet":"max-snippet:-1","max-image-preview":"max-image-preview:large","max-video-preview":"max-video-preview:-1"},"canonical":"https:\/\/www.reconoce.mx\/?p=41599","og_locale":"es_ES","og_type":"article","og_title":"Presidente y La Banderville tremendos en El Imperial &#171; Reconoce MX","og_description":"Casi en punto de las 23:00 horas de ayer mi\u00e9rcoles 21 de octubre, comenz\u00f3 la noche en El Imperial.","og_url":"https:\/\/www.reconoce.mx\/?p=41599","og_site_name":"Reconoce MX","article_publisher":"https:\/\/es-la.facebook.com\/ReconoceMX\/","article_published_time":"2015-10-23T01:48:03+00:00","article_modified_time":"2015-10-23T01:54:43+00:00","og_image":[{"width":570,"height":360,"url":"https:\/\/www.reconoce.mx\/wp-content\/uploads\/2015\/10\/presidentecover.png","type":"image\/png"}],"author":"Reconoce MX","twitter_card":"summary_large_image","twitter_creator":"@reconocemx","twitter_site":"@reconocemx","twitter_misc":{"Escrito por":"Reconoce MX","Tiempo de lectura":"1 minuto"},"schema":{"@context":"https:\/\/schema.org","@graph":[{"@type":"Article","@id":"https:\/\/www.reconoce.mx\/?p=41599#article","isPartOf":{"@id":"https:\/\/www.reconoce.mx\/?p=41599"},"author":{"name":"Reconoce MX","@id":"http:\/\/www.reconoce.mx\/#\/schema\/person\/2117e997d7051dc15d6880eaf9bca0b2"},"headline":"Presidente y La Banderville tremendos en El Imperial","datePublished":"2015-10-23T01:48:03+00:00","dateModified":"2015-10-23T01:54:43+00:00","mainEntityOfPage":{"@id":"https:\/\/www.reconoce.mx\/?p=41599"},"wordCount":285,"commentCount":0,"publisher":{"@id":"http:\/\/www.reconoce.mx\/#organization"},"image":{"@id":"https:\/\/www.reconoce.mx\/?p=41599#primaryimage"},"thumbnailUrl":"http:\/\/www.reconoce.mx\/wp-content\/uploads\/2015\/10\/presidentecover.png","articleSection":["Cultura","M\u00fasica","Principal"],"inLanguage":"es","potentialAction":[{"@type":"CommentAction","name":"Comment","target":["https:\/\/www.reconoce.mx\/?p=41599#respond"]}]},{"@type":"WebPage","@id":"https:\/\/www.reconoce.mx\/?p=41599","url":"https:\/\/www.reconoce.mx\/?p=41599","name":"Presidente y La Banderville tremendos en El Imperial &#171; Reconoce MX","isPartOf":{"@id":"http:\/\/www.reconoce.mx\/#website"},"primaryImageOfPage":{"@id":"https:\/\/www.reconoce.mx\/?p=41599#primaryimage"},"image":{"@id":"https:\/\/www.reconoce.mx\/?p=41599#primaryimage"},"thumbnailUrl":"http:\/\/www.reconoce.mx\/wp-content\/uploads\/2015\/10\/presidentecover.png","datePublished":"2015-10-23T01:48:03+00:00","dateModified":"2015-10-23T01:54:43+00:00","breadcrumb":{"@id":"https:\/\/www.reconoce.mx\/?p=41599#breadcrumb"},"inLanguage":"es","potentialAction":[{"@type":"ReadAction","target":["https:\/\/www.reconoce.mx\/?p=41599"]}]},{"@type":"ImageObject","inLanguage":"es","@id":"https:\/\/www.reconoce.mx\/?p=41599#primaryimage","url":"http:\/\/www.reconoce.mx\/wp-content\/uploads\/2015\/10\/presidentecover.png","contentUrl":"http:\/\/www.reconoce.mx\/wp-content\/uploads\/2015\/10\/presidentecover.png","width":570,"height":360},{"@type":"BreadcrumbList","@id":"https:\/\/www.reconoce.mx\/?p=41599#breadcrumb","itemListElement":[{"@type":"ListItem","position":1,"name":"Portada","item":"http:\/\/www.reconoce.mx\/"},{"@type":"ListItem","position":2,"name":"Presidente y La Banderville tremendos en El Imperial"}]},{"@type":"WebSite","@id":"http:\/\/www.reconoce.mx\/#website","url":"http:\/\/www.reconoce.mx\/","name":"Reconoce MX","description":"En Reconoce MX difundimos arte, cultura y conciencia social en M\u00e9xico. Tu ciudad en otra perspectiva.","publisher":{"@id":"http:\/\/www.reconoce.mx\/#organization"},"potentialAction":[{"@type":"SearchAction","target":{"@type":"EntryPoint","urlTemplate":"http:\/\/www.reconoce.mx\/?s={search_term_string}"},"query-input":{"@type":"PropertyValueSpecification","valueRequired":true,"valueName":"search_term_string"}}],"inLanguage":"es"},{"@type":"Organization","@id":"http:\/\/www.reconoce.mx\/#organization","name":"Reconoce MX","url":"http:\/\/www.reconoce.mx\/","logo":{"@type":"ImageObject","inLanguage":"es","@id":"http:\/\/www.reconoce.mx\/#\/schema\/logo\/image\/","url":"https:\/\/www.reconoce.mx\/wp-content\/uploads\/2019\/03\/logorcmx-good-1.png","contentUrl":"https:\/\/www.reconoce.mx\/wp-content\/uploads\/2019\/03\/logorcmx-good-1.png","width":280,"height":90,"caption":"Reconoce MX"},"image":{"@id":"http:\/\/www.reconoce.mx\/#\/schema\/logo\/image\/"},"sameAs":["https:\/\/es-la.facebook.com\/ReconoceMX\/","https:\/\/x.com\/reconocemx","http:\/\/@reconocemx"]},{"@type":"Person","@id":"http:\/\/www.reconoce.mx\/#\/schema\/person\/2117e997d7051dc15d6880eaf9bca0b2","name":"Reconoce MX","image":{"@type":"ImageObject","inLanguage":"es","@id":"http:\/\/www.reconoce.mx\/#\/schema\/person\/image\/","url":"https:\/\/secure.gravatar.com\/avatar\/6c8d4dc7569ca1c90c5fdcc349f839d5ddef6fe1e70b4337ead2ef1a4c43fc3a?s=96&d=identicon&r=g","contentUrl":"https:\/\/secure.gravatar.com\/avatar\/6c8d4dc7569ca1c90c5fdcc349f839d5ddef6fe1e70b4337ead2ef1a4c43fc3a?s=96&d=identicon&r=g","caption":"Reconoce MX"},"description":"Reconoce MX es un proyecto de difusi\u00f3n art\u00edstica, cultural y de conciencia social que est\u00e1 enfocado a difundir y fomentar el entretenimiento alternativo de calidad para todo el p\u00fablico que comparta el mismo entusiasmo.","sameAs":["http:\/\/www.reconoce.mx"],"url":"http:\/\/www.reconoce.mx\/?author=2"}]}},"_links":{"self":[{"href":"http:\/\/www.reconoce.mx\/index.php?rest_route=\/wp\/v2\/posts\/41599","targetHints":{"allow":["GET"]}}],"collection":[{"href":"http:\/\/www.reconoce.mx\/index.php?rest_route=\/wp\/v2\/posts"}],"about":[{"href":"http:\/\/www.reconoce.mx\/index.php?rest_route=\/wp\/v2\/types\/post"}],"author":[{"embeddable":true,"href":"http:\/\/www.reconoce.mx\/index.php?rest_route=\/wp\/v2\/users\/2"}],"replies":[{"embeddable":true,"href":"http:\/\/www.reconoce.mx\/index.php?rest_route=%2Fwp%2Fv2%2Fcomments&post=41599"}],"version-history":[{"count":4,"href":"http:\/\/www.reconoce.mx\/index.php?rest_route=\/wp\/v2\/posts\/41599\/revisions"}],"predecessor-version":[{"id":41613,"href":"http:\/\/www.reconoce.mx\/index.php?rest_route=\/wp\/v2\/posts\/41599\/revisions\/41613"}],"wp:featuredmedia":[{"embeddable":true,"href":"http:\/\/www.reconoce.mx\/index.php?rest_route=\/wp\/v2\/media\/41600"}],"wp:attachment":[{"href":"http:\/\/www.reconoce.mx\/index.php?rest_route=%2Fwp%2Fv2%2Fmedia&parent=41599"}],"wp:term":[{"taxonomy":"category","embeddable":true,"href":"http:\/\/www.reconoce.mx\/index.php?rest_route=%2Fwp%2Fv2%2Fcategories&post=41599"},{"taxonomy":"post_tag","embeddable":true,"href":"http:\/\/www.reconoce.mx\/index.php?rest_route=%2Fwp%2Fv2%2Ftags&post=41599"}],"curies":[{"name":"wp","href":"https:\/\/api.w.org\/{rel}","templated":true}]}}