{"id":44401,"date":"2016-02-26T00:03:51","date_gmt":"2016-02-26T06:03:51","guid":{"rendered":"http:\/\/www.reconoce.mx\/?p=44401"},"modified":"2016-02-26T19:12:58","modified_gmt":"2016-02-27T01:12:58","slug":"oitnb-habra-piper-para-rato-en-netflix","status":"publish","type":"post","link":"http:\/\/www.reconoce.mx\/?p=44401","title":{"rendered":"OITNB: Habr\u00e1 Piper para rato en Netflix"},"content":{"rendered":"<p><strong>Por <a title=\"@nono_comic\" href=\"https:\/\/twitter.com\/nono_comic\" target=\"_blank\">Ligiaele<\/a>. <\/strong><\/p>\n<p><strong>Netflix<\/strong> confirm\u00f3 que habr\u00e1 3 temporadas m\u00e1s de \u00abOrange is the New Black\u00bb; estren\u00e1ndose la cuarta temporada este 17 de junio. <strong>Jenji Kohan<\/strong> seguir\u00e1 siendo la productora ejecutiva de la serie tambi\u00e9n en las temporadas cinco, seis y siete.<\/p>\n<p>La primera temporada se \u201ctransmiti\u00f3\u201d (por llamar de alguna forma la disposici\u00f3n de la serie), el 11 de julio de 2013. Desde entonces la empresa productora ha sido <strong>Lionsgate Television<\/strong> y como distribuidora <strong>Netflix<\/strong>, siendo uno de los primeros materiales exclusivos de <strong>Netflix<\/strong>.<\/p>\n<p><img loading=\"lazy\" decoding=\"async\" class=\"aligncenter size-full wp-image-44404\" src=\"http:\/\/www.reconoce.mx\/wp-content\/uploads\/2016\/02\/orange_is_the_new_black_tv_series-wide.jpg\" alt=\"orange_is_the_new_black_tv_series-wide\" width=\"2880\" height=\"1800\" srcset=\"http:\/\/www.reconoce.mx\/wp-content\/uploads\/2016\/02\/orange_is_the_new_black_tv_series-wide.jpg 2880w, http:\/\/www.reconoce.mx\/wp-content\/uploads\/2016\/02\/orange_is_the_new_black_tv_series-wide-300x188.jpg 300w, http:\/\/www.reconoce.mx\/wp-content\/uploads\/2016\/02\/orange_is_the_new_black_tv_series-wide-1024x640.jpg 1024w, http:\/\/www.reconoce.mx\/wp-content\/uploads\/2016\/02\/orange_is_the_new_black_tv_series-wide-320x200.jpg 320w, http:\/\/www.reconoce.mx\/wp-content\/uploads\/2016\/02\/orange_is_the_new_black_tv_series-wide-150x94.jpg 150w, http:\/\/www.reconoce.mx\/wp-content\/uploads\/2016\/02\/orange_is_the_new_black_tv_series-wide-700x438.jpg 700w, http:\/\/www.reconoce.mx\/wp-content\/uploads\/2016\/02\/orange_is_the_new_black_tv_series-wide-658x411.jpg 658w\" sizes=\"auto, (max-width: 2880px) 100vw, 2880px\" \/><\/p>\n<p>Esta serie est\u00e1 basada en el libro autobiogr\u00e1fico de <strong>Piper Kerman<\/strong> \u00abOrange is the New Black: Cr\u00f3nica de mi a\u00f1o en una prisi\u00f3n federal de mujeres\u00bb, quien en colaboraci\u00f3n de <strong>Jenji Kohan<\/strong> cuenta las historias no s\u00f3lamente del personaje principal Piper Kerman intepreado por la actriz Taylor Schilling, sino tambi\u00e9n de sus compa\u00f1eras. Por nombrar algunas reocrdemos a Alex Vause, quien en alg\u00fan momento fuera su pareja sentimental interpretada por la guap\u00edsima <strong>Laura Prepon<\/strong>; y Sophia Burset, una transexual falsificadora de tarjetas de cr\u00e9ditos interpretada por la actriz <strong>Laverne Cox<\/strong> defensora de la comunidad LGTB.<\/p>\n<p>Esta serie muestra las situaciones personales y de la penitenciar\u00eda, as\u00ed como el presente de los personajes y las circunstancias por las que fueron detenidas. El trabajo nos ense\u00f1a tambi\u00e9n los manejos en el presente por los directivos y personal del lugar.<\/p>\n<p>\u00abOrange is the New Black\u00bb est\u00e1 clasificada como serie dram\u00e1tica, pero tiene muchos tintes de humor aunque sean muchos de esos momentos de humor negro. \u00abOrange is the New Black\u00bb es una gran serie que hasta el momento a una servidora no le permite levantarse de su asiento hasta que no ha terminado la temporada.<\/p>\n<p>Nota: Este tema fue escrito escuchando \u00abYou\u2019ve Got Time\u00bb interpretado por <strong>Regina Spektor<\/strong>.<\/p>\n<p style=\"text-align: right;\">Con informaci\u00f3n proporcionada por <strong>Netflix<\/strong>.<\/p>\n<p>&nbsp;<\/p>\n<p>&nbsp;<\/p>\n","protected":false},"excerpt":{"rendered":"<p>Por Ligiaele. Netflix confirm\u00f3 que habr\u00e1 3 temporadas m\u00e1s de \u00abOrange is the New Black\u00bb; estren\u00e1ndose la cuarta temporada este 17 de junio. Jenji Kohan seguir\u00e1 siendo la productora ejecutiva de la serie tambi\u00e9n en las temporadas cinco, seis y siete. La primera temporada se \u201ctransmiti\u00f3\u201d (por llamar de alguna forma la disposici\u00f3n de la [&hellip;]<\/p>\n","protected":false},"author":2,"featured_media":44402,"comment_status":"open","ping_status":"open","sticky":false,"template":"","format":"standard","meta":{"footnotes":""},"categories":[1,17,2640],"tags":[],"class_list":["post-44401","post","type-post","status-publish","format-standard","has-post-thumbnail","hentry","category-cultura","category-principal","category-series"],"yoast_head":"<!-- This site is optimized with the Yoast SEO plugin v24.7 - https:\/\/yoast.com\/wordpress\/plugins\/seo\/ -->\n<title>OITNB: Habr\u00e1 Piper para rato en Netflix &#171; Reconoce MX<\/title>\n<meta name=\"robots\" content=\"index, follow, max-snippet:-1, max-image-preview:large, max-video-preview:-1\" \/>\n<link rel=\"canonical\" href=\"http:\/\/www.reconoce.mx\/?p=44401\" \/>\n<meta property=\"og:locale\" content=\"es_ES\" \/>\n<meta property=\"og:type\" content=\"article\" \/>\n<meta property=\"og:title\" content=\"OITNB: Habr\u00e1 Piper para rato en Netflix &#171; Reconoce MX\" \/>\n<meta property=\"og:description\" content=\"Por Ligiaele. Netflix confirm\u00f3 que habr\u00e1 3 temporadas m\u00e1s de \u00abOrange is the New Black\u00bb; estren\u00e1ndose la cuarta temporada este 17 de junio. Jenji Kohan seguir\u00e1 siendo la productora ejecutiva de la serie tambi\u00e9n en las temporadas cinco, seis y siete. La primera temporada se \u201ctransmiti\u00f3\u201d (por llamar de alguna forma la disposici\u00f3n de la [&hellip;]\" \/>\n<meta property=\"og:url\" content=\"http:\/\/www.reconoce.mx\/?p=44401\" \/>\n<meta property=\"og:site_name\" content=\"Reconoce MX\" \/>\n<meta property=\"article:publisher\" content=\"https:\/\/es-la.facebook.com\/ReconoceMX\/\" \/>\n<meta property=\"article:published_time\" content=\"2016-02-26T06:03:51+00:00\" \/>\n<meta property=\"article:modified_time\" content=\"2016-02-27T01:12:58+00:00\" \/>\n<meta property=\"og:image\" content=\"http:\/\/www.reconoce.mx\/wp-content\/uploads\/2016\/02\/OITNB-cover.png\" \/>\n\t<meta property=\"og:image:width\" content=\"590\" \/>\n\t<meta property=\"og:image:height\" content=\"380\" \/>\n\t<meta property=\"og:image:type\" content=\"image\/png\" \/>\n<meta name=\"author\" content=\"Reconoce MX\" \/>\n<meta name=\"twitter:card\" content=\"summary_large_image\" \/>\n<meta name=\"twitter:creator\" content=\"@reconocemx\" \/>\n<meta name=\"twitter:site\" content=\"@reconocemx\" \/>\n<meta name=\"twitter:label1\" content=\"Escrito por\" \/>\n\t<meta name=\"twitter:data1\" content=\"Reconoce MX\" \/>\n\t<meta name=\"twitter:label2\" content=\"Tiempo de lectura\" \/>\n\t<meta name=\"twitter:data2\" content=\"2 minutos\" \/>\n<script type=\"application\/ld+json\" class=\"yoast-schema-graph\">{\"@context\":\"https:\/\/schema.org\",\"@graph\":[{\"@type\":\"Article\",\"@id\":\"http:\/\/www.reconoce.mx\/?p=44401#article\",\"isPartOf\":{\"@id\":\"http:\/\/www.reconoce.mx\/?p=44401\"},\"author\":{\"name\":\"Reconoce MX\",\"@id\":\"http:\/\/www.reconoce.mx\/#\/schema\/person\/2117e997d7051dc15d6880eaf9bca0b2\"},\"headline\":\"OITNB: Habr\u00e1 Piper para rato en Netflix\",\"datePublished\":\"2016-02-26T06:03:51+00:00\",\"dateModified\":\"2016-02-27T01:12:58+00:00\",\"mainEntityOfPage\":{\"@id\":\"http:\/\/www.reconoce.mx\/?p=44401\"},\"wordCount\":320,\"commentCount\":0,\"publisher\":{\"@id\":\"http:\/\/www.reconoce.mx\/#organization\"},\"image\":{\"@id\":\"http:\/\/www.reconoce.mx\/?p=44401#primaryimage\"},\"thumbnailUrl\":\"http:\/\/www.reconoce.mx\/wp-content\/uploads\/2016\/02\/OITNB-cover.png\",\"articleSection\":[\"Cultura\",\"Principal\",\"Series\"],\"inLanguage\":\"es\",\"potentialAction\":[{\"@type\":\"CommentAction\",\"name\":\"Comment\",\"target\":[\"http:\/\/www.reconoce.mx\/?p=44401#respond\"]}]},{\"@type\":\"WebPage\",\"@id\":\"http:\/\/www.reconoce.mx\/?p=44401\",\"url\":\"http:\/\/www.reconoce.mx\/?p=44401\",\"name\":\"OITNB: Habr\u00e1 Piper para rato en Netflix &#171; Reconoce MX\",\"isPartOf\":{\"@id\":\"http:\/\/www.reconoce.mx\/#website\"},\"primaryImageOfPage\":{\"@id\":\"http:\/\/www.reconoce.mx\/?p=44401#primaryimage\"},\"image\":{\"@id\":\"http:\/\/www.reconoce.mx\/?p=44401#primaryimage\"},\"thumbnailUrl\":\"http:\/\/www.reconoce.mx\/wp-content\/uploads\/2016\/02\/OITNB-cover.png\",\"datePublished\":\"2016-02-26T06:03:51+00:00\",\"dateModified\":\"2016-02-27T01:12:58+00:00\",\"breadcrumb\":{\"@id\":\"http:\/\/www.reconoce.mx\/?p=44401#breadcrumb\"},\"inLanguage\":\"es\",\"potentialAction\":[{\"@type\":\"ReadAction\",\"target\":[\"http:\/\/www.reconoce.mx\/?p=44401\"]}]},{\"@type\":\"ImageObject\",\"inLanguage\":\"es\",\"@id\":\"http:\/\/www.reconoce.mx\/?p=44401#primaryimage\",\"url\":\"http:\/\/www.reconoce.mx\/wp-content\/uploads\/2016\/02\/OITNB-cover.png\",\"contentUrl\":\"http:\/\/www.reconoce.mx\/wp-content\/uploads\/2016\/02\/OITNB-cover.png\",\"width\":590,\"height\":380},{\"@type\":\"BreadcrumbList\",\"@id\":\"http:\/\/www.reconoce.mx\/?p=44401#breadcrumb\",\"itemListElement\":[{\"@type\":\"ListItem\",\"position\":1,\"name\":\"Portada\",\"item\":\"http:\/\/www.reconoce.mx\/\"},{\"@type\":\"ListItem\",\"position\":2,\"name\":\"OITNB: Habr\u00e1 Piper para rato en Netflix\"}]},{\"@type\":\"WebSite\",\"@id\":\"http:\/\/www.reconoce.mx\/#website\",\"url\":\"http:\/\/www.reconoce.mx\/\",\"name\":\"Reconoce MX\",\"description\":\"En Reconoce MX difundimos arte, cultura y conciencia social en M\u00e9xico. Tu ciudad en otra perspectiva.\",\"publisher\":{\"@id\":\"http:\/\/www.reconoce.mx\/#organization\"},\"potentialAction\":[{\"@type\":\"SearchAction\",\"target\":{\"@type\":\"EntryPoint\",\"urlTemplate\":\"http:\/\/www.reconoce.mx\/?s={search_term_string}\"},\"query-input\":{\"@type\":\"PropertyValueSpecification\",\"valueRequired\":true,\"valueName\":\"search_term_string\"}}],\"inLanguage\":\"es\"},{\"@type\":\"Organization\",\"@id\":\"http:\/\/www.reconoce.mx\/#organization\",\"name\":\"Reconoce MX\",\"url\":\"http:\/\/www.reconoce.mx\/\",\"logo\":{\"@type\":\"ImageObject\",\"inLanguage\":\"es\",\"@id\":\"http:\/\/www.reconoce.mx\/#\/schema\/logo\/image\/\",\"url\":\"https:\/\/www.reconoce.mx\/wp-content\/uploads\/2019\/03\/logorcmx-good-1.png\",\"contentUrl\":\"https:\/\/www.reconoce.mx\/wp-content\/uploads\/2019\/03\/logorcmx-good-1.png\",\"width\":280,\"height\":90,\"caption\":\"Reconoce MX\"},\"image\":{\"@id\":\"http:\/\/www.reconoce.mx\/#\/schema\/logo\/image\/\"},\"sameAs\":[\"https:\/\/es-la.facebook.com\/ReconoceMX\/\",\"https:\/\/x.com\/reconocemx\",\"http:\/\/@reconocemx\"]},{\"@type\":\"Person\",\"@id\":\"http:\/\/www.reconoce.mx\/#\/schema\/person\/2117e997d7051dc15d6880eaf9bca0b2\",\"name\":\"Reconoce MX\",\"image\":{\"@type\":\"ImageObject\",\"inLanguage\":\"es\",\"@id\":\"http:\/\/www.reconoce.mx\/#\/schema\/person\/image\/\",\"url\":\"https:\/\/secure.gravatar.com\/avatar\/6c8d4dc7569ca1c90c5fdcc349f839d5ddef6fe1e70b4337ead2ef1a4c43fc3a?s=96&d=identicon&r=g\",\"contentUrl\":\"https:\/\/secure.gravatar.com\/avatar\/6c8d4dc7569ca1c90c5fdcc349f839d5ddef6fe1e70b4337ead2ef1a4c43fc3a?s=96&d=identicon&r=g\",\"caption\":\"Reconoce MX\"},\"description\":\"Reconoce MX es un proyecto de difusi\u00f3n art\u00edstica, cultural y de conciencia social que est\u00e1 enfocado a difundir y fomentar el entretenimiento alternativo de calidad para todo el p\u00fablico que comparta el mismo entusiasmo.\",\"sameAs\":[\"http:\/\/www.reconoce.mx\"],\"url\":\"http:\/\/www.reconoce.mx\/?author=2\"}]}<\/script>\n<!-- \/ Yoast SEO plugin. -->","yoast_head_json":{"title":"OITNB: Habr\u00e1 Piper para rato en Netflix &#171; Reconoce MX","robots":{"index":"index","follow":"follow","max-snippet":"max-snippet:-1","max-image-preview":"max-image-preview:large","max-video-preview":"max-video-preview:-1"},"canonical":"http:\/\/www.reconoce.mx\/?p=44401","og_locale":"es_ES","og_type":"article","og_title":"OITNB: Habr\u00e1 Piper para rato en Netflix &#171; Reconoce MX","og_description":"Por Ligiaele. Netflix confirm\u00f3 que habr\u00e1 3 temporadas m\u00e1s de \u00abOrange is the New Black\u00bb; estren\u00e1ndose la cuarta temporada este 17 de junio. Jenji Kohan seguir\u00e1 siendo la productora ejecutiva de la serie tambi\u00e9n en las temporadas cinco, seis y siete. La primera temporada se \u201ctransmiti\u00f3\u201d (por llamar de alguna forma la disposici\u00f3n de la [&hellip;]","og_url":"http:\/\/www.reconoce.mx\/?p=44401","og_site_name":"Reconoce MX","article_publisher":"https:\/\/es-la.facebook.com\/ReconoceMX\/","article_published_time":"2016-02-26T06:03:51+00:00","article_modified_time":"2016-02-27T01:12:58+00:00","og_image":[{"width":590,"height":380,"url":"http:\/\/www.reconoce.mx\/wp-content\/uploads\/2016\/02\/OITNB-cover.png","type":"image\/png"}],"author":"Reconoce MX","twitter_card":"summary_large_image","twitter_creator":"@reconocemx","twitter_site":"@reconocemx","twitter_misc":{"Escrito por":"Reconoce MX","Tiempo de lectura":"2 minutos"},"schema":{"@context":"https:\/\/schema.org","@graph":[{"@type":"Article","@id":"http:\/\/www.reconoce.mx\/?p=44401#article","isPartOf":{"@id":"http:\/\/www.reconoce.mx\/?p=44401"},"author":{"name":"Reconoce MX","@id":"http:\/\/www.reconoce.mx\/#\/schema\/person\/2117e997d7051dc15d6880eaf9bca0b2"},"headline":"OITNB: Habr\u00e1 Piper para rato en Netflix","datePublished":"2016-02-26T06:03:51+00:00","dateModified":"2016-02-27T01:12:58+00:00","mainEntityOfPage":{"@id":"http:\/\/www.reconoce.mx\/?p=44401"},"wordCount":320,"commentCount":0,"publisher":{"@id":"http:\/\/www.reconoce.mx\/#organization"},"image":{"@id":"http:\/\/www.reconoce.mx\/?p=44401#primaryimage"},"thumbnailUrl":"http:\/\/www.reconoce.mx\/wp-content\/uploads\/2016\/02\/OITNB-cover.png","articleSection":["Cultura","Principal","Series"],"inLanguage":"es","potentialAction":[{"@type":"CommentAction","name":"Comment","target":["http:\/\/www.reconoce.mx\/?p=44401#respond"]}]},{"@type":"WebPage","@id":"http:\/\/www.reconoce.mx\/?p=44401","url":"http:\/\/www.reconoce.mx\/?p=44401","name":"OITNB: Habr\u00e1 Piper para rato en Netflix &#171; Reconoce MX","isPartOf":{"@id":"http:\/\/www.reconoce.mx\/#website"},"primaryImageOfPage":{"@id":"http:\/\/www.reconoce.mx\/?p=44401#primaryimage"},"image":{"@id":"http:\/\/www.reconoce.mx\/?p=44401#primaryimage"},"thumbnailUrl":"http:\/\/www.reconoce.mx\/wp-content\/uploads\/2016\/02\/OITNB-cover.png","datePublished":"2016-02-26T06:03:51+00:00","dateModified":"2016-02-27T01:12:58+00:00","breadcrumb":{"@id":"http:\/\/www.reconoce.mx\/?p=44401#breadcrumb"},"inLanguage":"es","potentialAction":[{"@type":"ReadAction","target":["http:\/\/www.reconoce.mx\/?p=44401"]}]},{"@type":"ImageObject","inLanguage":"es","@id":"http:\/\/www.reconoce.mx\/?p=44401#primaryimage","url":"http:\/\/www.reconoce.mx\/wp-content\/uploads\/2016\/02\/OITNB-cover.png","contentUrl":"http:\/\/www.reconoce.mx\/wp-content\/uploads\/2016\/02\/OITNB-cover.png","width":590,"height":380},{"@type":"BreadcrumbList","@id":"http:\/\/www.reconoce.mx\/?p=44401#breadcrumb","itemListElement":[{"@type":"ListItem","position":1,"name":"Portada","item":"http:\/\/www.reconoce.mx\/"},{"@type":"ListItem","position":2,"name":"OITNB: Habr\u00e1 Piper para rato en Netflix"}]},{"@type":"WebSite","@id":"http:\/\/www.reconoce.mx\/#website","url":"http:\/\/www.reconoce.mx\/","name":"Reconoce MX","description":"En Reconoce MX difundimos arte, cultura y conciencia social en M\u00e9xico. Tu ciudad en otra perspectiva.","publisher":{"@id":"http:\/\/www.reconoce.mx\/#organization"},"potentialAction":[{"@type":"SearchAction","target":{"@type":"EntryPoint","urlTemplate":"http:\/\/www.reconoce.mx\/?s={search_term_string}"},"query-input":{"@type":"PropertyValueSpecification","valueRequired":true,"valueName":"search_term_string"}}],"inLanguage":"es"},{"@type":"Organization","@id":"http:\/\/www.reconoce.mx\/#organization","name":"Reconoce MX","url":"http:\/\/www.reconoce.mx\/","logo":{"@type":"ImageObject","inLanguage":"es","@id":"http:\/\/www.reconoce.mx\/#\/schema\/logo\/image\/","url":"https:\/\/www.reconoce.mx\/wp-content\/uploads\/2019\/03\/logorcmx-good-1.png","contentUrl":"https:\/\/www.reconoce.mx\/wp-content\/uploads\/2019\/03\/logorcmx-good-1.png","width":280,"height":90,"caption":"Reconoce MX"},"image":{"@id":"http:\/\/www.reconoce.mx\/#\/schema\/logo\/image\/"},"sameAs":["https:\/\/es-la.facebook.com\/ReconoceMX\/","https:\/\/x.com\/reconocemx","http:\/\/@reconocemx"]},{"@type":"Person","@id":"http:\/\/www.reconoce.mx\/#\/schema\/person\/2117e997d7051dc15d6880eaf9bca0b2","name":"Reconoce MX","image":{"@type":"ImageObject","inLanguage":"es","@id":"http:\/\/www.reconoce.mx\/#\/schema\/person\/image\/","url":"https:\/\/secure.gravatar.com\/avatar\/6c8d4dc7569ca1c90c5fdcc349f839d5ddef6fe1e70b4337ead2ef1a4c43fc3a?s=96&d=identicon&r=g","contentUrl":"https:\/\/secure.gravatar.com\/avatar\/6c8d4dc7569ca1c90c5fdcc349f839d5ddef6fe1e70b4337ead2ef1a4c43fc3a?s=96&d=identicon&r=g","caption":"Reconoce MX"},"description":"Reconoce MX es un proyecto de difusi\u00f3n art\u00edstica, cultural y de conciencia social que est\u00e1 enfocado a difundir y fomentar el entretenimiento alternativo de calidad para todo el p\u00fablico que comparta el mismo entusiasmo.","sameAs":["http:\/\/www.reconoce.mx"],"url":"http:\/\/www.reconoce.mx\/?author=2"}]}},"_links":{"self":[{"href":"http:\/\/www.reconoce.mx\/index.php?rest_route=\/wp\/v2\/posts\/44401","targetHints":{"allow":["GET"]}}],"collection":[{"href":"http:\/\/www.reconoce.mx\/index.php?rest_route=\/wp\/v2\/posts"}],"about":[{"href":"http:\/\/www.reconoce.mx\/index.php?rest_route=\/wp\/v2\/types\/post"}],"author":[{"embeddable":true,"href":"http:\/\/www.reconoce.mx\/index.php?rest_route=\/wp\/v2\/users\/2"}],"replies":[{"embeddable":true,"href":"http:\/\/www.reconoce.mx\/index.php?rest_route=%2Fwp%2Fv2%2Fcomments&post=44401"}],"version-history":[{"count":2,"href":"http:\/\/www.reconoce.mx\/index.php?rest_route=\/wp\/v2\/posts\/44401\/revisions"}],"predecessor-version":[{"id":44405,"href":"http:\/\/www.reconoce.mx\/index.php?rest_route=\/wp\/v2\/posts\/44401\/revisions\/44405"}],"wp:featuredmedia":[{"embeddable":true,"href":"http:\/\/www.reconoce.mx\/index.php?rest_route=\/wp\/v2\/media\/44402"}],"wp:attachment":[{"href":"http:\/\/www.reconoce.mx\/index.php?rest_route=%2Fwp%2Fv2%2Fmedia&parent=44401"}],"wp:term":[{"taxonomy":"category","embeddable":true,"href":"http:\/\/www.reconoce.mx\/index.php?rest_route=%2Fwp%2Fv2%2Fcategories&post=44401"},{"taxonomy":"post_tag","embeddable":true,"href":"http:\/\/www.reconoce.mx\/index.php?rest_route=%2Fwp%2Fv2%2Ftags&post=44401"}],"curies":[{"name":"wp","href":"https:\/\/api.w.org\/{rel}","templated":true}]}}