{"id":44494,"date":"2016-02-23T00:03:58","date_gmt":"2016-02-23T06:03:58","guid":{"rendered":"http:\/\/www.reconoce.mx\/?p=44494"},"modified":"2016-04-03T15:44:03","modified_gmt":"2016-04-03T20:44:03","slug":"la-vida-inmoral-de-la-pareja-ideal-lo-nuevo-de-manolo-caro","status":"publish","type":"post","link":"http:\/\/www.reconoce.mx\/?p=44494","title":{"rendered":"\u00abLa vida inmoral de la pareja ideal\u00bb, lo nuevo de Manolo Caro"},"content":{"rendered":"<p><strong>Por <a title=\"@AsfaltosTweets\" href=\"http:\/\/twitter.com\/AsfaltosTweets\" target=\"_blank\">Asfaltos<\/a><\/strong>.<\/p>\n<p>\u00abLa vida inmoral de la pareja ideal\u00bb, nueva cinta de <strong>Manolo Caro<\/strong>, dio a conocer los detalles de su rodaje. <strong>Manolo Caro<\/strong>, director de las exitosas \u00abNo s\u00e9 si cortarme las venas o dej\u00e1rmelas largas\u00bb, \u00abAmor de mis amores\u00bb y \u00abElvira, te dar\u00eda mi vida pero la estoy usando\u00bb, realiz\u00f3 parte del rodaje en San Miguel de Allende, Guanajuato. \u00abLa vida inmoral de la pareja ideal\u00bb ser\u00e1 distribuida por <strong>Cin\u00e9polis Distribuci\u00f3n<\/strong>.<\/p>\n<p><img loading=\"lazy\" decoding=\"async\" class=\"aligncenter size-full wp-image-44496\" src=\"http:\/\/www.reconoce.mx\/wp-content\/uploads\/2016\/02\/La-Vida-Inmoral-04-Manolo-Caro.jpg\" alt=\"La Vida Inmoral 04 (Manolo Caro)\" width=\"1200\" height=\"1600\" srcset=\"http:\/\/www.reconoce.mx\/wp-content\/uploads\/2016\/02\/La-Vida-Inmoral-04-Manolo-Caro.jpg 1200w, http:\/\/www.reconoce.mx\/wp-content\/uploads\/2016\/02\/La-Vida-Inmoral-04-Manolo-Caro-225x300.jpg 225w, http:\/\/www.reconoce.mx\/wp-content\/uploads\/2016\/02\/La-Vida-Inmoral-04-Manolo-Caro-768x1024.jpg 768w, http:\/\/www.reconoce.mx\/wp-content\/uploads\/2016\/02\/La-Vida-Inmoral-04-Manolo-Caro-150x200.jpg 150w, http:\/\/www.reconoce.mx\/wp-content\/uploads\/2016\/02\/La-Vida-Inmoral-04-Manolo-Caro-700x933.jpg 700w, http:\/\/www.reconoce.mx\/wp-content\/uploads\/2016\/02\/La-Vida-Inmoral-04-Manolo-Caro-658x877.jpg 658w, http:\/\/www.reconoce.mx\/wp-content\/uploads\/2016\/02\/La-Vida-Inmoral-04-Manolo-Caro-300x400.jpg 300w\" sizes=\"auto, (max-width: 1200px) 100vw, 1200px\" \/><\/p>\n<p>En conferencia de prensa en San Miguel de Allende, el director <strong>Manolo Caro<\/strong>, en compa\u00f1\u00eda de Guillermo Gonz\u00e1lez (representante del Consejo Tur\u00edstico de San Miguel de Allende), el productor <strong>Rafael Ley<\/strong> y el elenco art\u00edstico, present\u00f3 los detalles del trabajo que se ver\u00e1 en cines en noviembre de este a\u00f1o<\/p>\n<p>Lucio y Martina, dos j\u00f3venes que se conocen en los primeros a\u00f1os de preparatoria con una qu\u00edmica indescriptible, deciden comerse al mundo sin imaginar que el destino y la sociedad les tendr\u00e1n preparada una sorpresa que los separar\u00e1 para siempre. 25 a\u00f1os despu\u00e9s se reencuentran por accidente, y ante la sorpresa ambos deciden inventar una vida ideal para que el otro no se entere que todos estos a\u00f1os han deseado que llegara este momento, el de estar juntos de nuevo.<\/p>\n<p><img loading=\"lazy\" decoding=\"async\" class=\"aligncenter size-full wp-image-44497\" src=\"http:\/\/www.reconoce.mx\/wp-content\/uploads\/2016\/02\/La-Vida-Inmoral-07-Andre_s-Almeida.jpg\" alt=\"La Vida Inmoral 07 (Andre_s Almeida)\" width=\"1200\" height=\"1600\" srcset=\"http:\/\/www.reconoce.mx\/wp-content\/uploads\/2016\/02\/La-Vida-Inmoral-07-Andre_s-Almeida.jpg 1200w, http:\/\/www.reconoce.mx\/wp-content\/uploads\/2016\/02\/La-Vida-Inmoral-07-Andre_s-Almeida-225x300.jpg 225w, http:\/\/www.reconoce.mx\/wp-content\/uploads\/2016\/02\/La-Vida-Inmoral-07-Andre_s-Almeida-768x1024.jpg 768w, http:\/\/www.reconoce.mx\/wp-content\/uploads\/2016\/02\/La-Vida-Inmoral-07-Andre_s-Almeida-150x200.jpg 150w, http:\/\/www.reconoce.mx\/wp-content\/uploads\/2016\/02\/La-Vida-Inmoral-07-Andre_s-Almeida-700x933.jpg 700w, http:\/\/www.reconoce.mx\/wp-content\/uploads\/2016\/02\/La-Vida-Inmoral-07-Andre_s-Almeida-658x877.jpg 658w, http:\/\/www.reconoce.mx\/wp-content\/uploads\/2016\/02\/La-Vida-Inmoral-07-Andre_s-Almeida-300x400.jpg 300w\" sizes=\"auto, (max-width: 1200px) 100vw, 1200px\" \/><\/p>\n<p>La cinta la estelarizan <strong>Cecilia Su\u00e1rez<\/strong>, <strong>Paz Vega<\/strong>, <strong>Manuel Garc\u00eda Rulfo<\/strong>, <strong>Andr\u00e9s Almeida<\/strong>, y<strong> Juan Pablo Medina<\/strong>, quienes estuvieron en la conferencia de prensa. Complementan el elenco <strong>Natasha Dupeyr\u00f3n<\/strong>, <strong>Javier Jattin<\/strong>, <strong>Mariana Trevi\u00f1o<\/strong>, <strong>Er\u00e9ndira Ibarra<\/strong>, <strong>Sebasti\u00e1n Aguirre B\u00f6eda<\/strong>, <strong>Ximena Romo<\/strong> y <strong>Nina Rub\u00edn Legarreta<\/strong>.<\/p>\n<p>Escrita y dirigida por<strong> Manolo Caro<\/strong>, \u00abLa vida inmoral de la pareja ideal\u00bb se rod\u00f3 durante 6 semanas en locaciones de la Ciudad de M\u00e9xico y San Miguel de Allende. El filme es producido por <strong>Rafael Ley<\/strong>, <strong>Stacy Perskie<\/strong> y <strong>Mar\u00eda Jos\u00e9 C\u00f3rdova<\/strong>, y ser\u00e1 distribuido por<strong> Cin\u00e9polis Distribuci\u00f3n<\/strong>.<\/p>\n<p style=\"text-align: right;\">Con informaci\u00f3n e im\u00e1genes cortes\u00eda de <strong>Cin\u00e9polis Distribuci\u00f3n<\/strong>.<\/p>\n<p>&nbsp;<\/p>\n<p>&nbsp;<\/p>\n","protected":false},"excerpt":{"rendered":"<p>\u00abLa vida inmoral de la pareja ideal\u00bb, nueva cinta de Manolo Caro, dio a conocer los detalles de su rodaje.<\/p>\n","protected":false},"author":2,"featured_media":44495,"comment_status":"open","ping_status":"open","sticky":false,"template":"","format":"standard","meta":{"footnotes":""},"categories":[24,2643,1,17],"tags":[],"class_list":["post-44494","post","type-post","status-publish","format-standard","has-post-thumbnail","hentry","category-cine","category-cine-comercial","category-cultura","category-principal"],"yoast_head":"<!-- This site is optimized with the Yoast SEO plugin v24.7 - https:\/\/yoast.com\/wordpress\/plugins\/seo\/ -->\n<title>&quot;La vida inmoral de la pareja ideal&quot;, lo nuevo de Manolo Caro &#171; Reconoce MX<\/title>\n<meta name=\"robots\" content=\"index, follow, max-snippet:-1, max-image-preview:large, max-video-preview:-1\" \/>\n<link rel=\"canonical\" href=\"http:\/\/www.reconoce.mx\/?p=44494\" \/>\n<meta property=\"og:locale\" content=\"es_ES\" \/>\n<meta property=\"og:type\" content=\"article\" \/>\n<meta property=\"og:title\" content=\"&quot;La vida inmoral de la pareja ideal&quot;, lo nuevo de Manolo Caro &#171; Reconoce MX\" \/>\n<meta property=\"og:description\" content=\"&quot;La vida inmoral de la pareja ideal&quot;, nueva cinta de Manolo Caro, dio a conocer los detalles de su rodaje.\" \/>\n<meta property=\"og:url\" content=\"http:\/\/www.reconoce.mx\/?p=44494\" \/>\n<meta property=\"og:site_name\" content=\"Reconoce MX\" \/>\n<meta property=\"article:publisher\" content=\"https:\/\/es-la.facebook.com\/ReconoceMX\/\" \/>\n<meta property=\"article:published_time\" content=\"2016-02-23T06:03:58+00:00\" \/>\n<meta property=\"article:modified_time\" content=\"2016-04-03T20:44:03+00:00\" \/>\n<meta property=\"og:image\" content=\"http:\/\/www.reconoce.mx\/wp-content\/uploads\/2016\/02\/lavidainmoral-cover.png\" \/>\n\t<meta property=\"og:image:width\" content=\"590\" \/>\n\t<meta property=\"og:image:height\" content=\"380\" \/>\n\t<meta property=\"og:image:type\" content=\"image\/png\" \/>\n<meta name=\"author\" content=\"Reconoce MX\" \/>\n<meta name=\"twitter:card\" content=\"summary_large_image\" \/>\n<meta name=\"twitter:creator\" content=\"@reconocemx\" \/>\n<meta name=\"twitter:site\" content=\"@reconocemx\" \/>\n<meta name=\"twitter:label1\" content=\"Escrito por\" \/>\n\t<meta name=\"twitter:data1\" content=\"Reconoce MX\" \/>\n\t<meta name=\"twitter:label2\" content=\"Tiempo de lectura\" \/>\n\t<meta name=\"twitter:data2\" content=\"2 minutos\" \/>\n<script type=\"application\/ld+json\" class=\"yoast-schema-graph\">{\"@context\":\"https:\/\/schema.org\",\"@graph\":[{\"@type\":\"Article\",\"@id\":\"http:\/\/www.reconoce.mx\/?p=44494#article\",\"isPartOf\":{\"@id\":\"http:\/\/www.reconoce.mx\/?p=44494\"},\"author\":{\"name\":\"Reconoce MX\",\"@id\":\"http:\/\/www.reconoce.mx\/#\/schema\/person\/2117e997d7051dc15d6880eaf9bca0b2\"},\"headline\":\"\u00abLa vida inmoral de la pareja ideal\u00bb, lo nuevo de Manolo Caro\",\"datePublished\":\"2016-02-23T06:03:58+00:00\",\"dateModified\":\"2016-04-03T20:44:03+00:00\",\"mainEntityOfPage\":{\"@id\":\"http:\/\/www.reconoce.mx\/?p=44494\"},\"wordCount\":351,\"commentCount\":0,\"publisher\":{\"@id\":\"http:\/\/www.reconoce.mx\/#organization\"},\"image\":{\"@id\":\"http:\/\/www.reconoce.mx\/?p=44494#primaryimage\"},\"thumbnailUrl\":\"http:\/\/www.reconoce.mx\/wp-content\/uploads\/2016\/02\/lavidainmoral-cover.png\",\"articleSection\":[\"Cine\",\"Cine comercial\",\"Cultura\",\"Principal\"],\"inLanguage\":\"es\",\"potentialAction\":[{\"@type\":\"CommentAction\",\"name\":\"Comment\",\"target\":[\"http:\/\/www.reconoce.mx\/?p=44494#respond\"]}]},{\"@type\":\"WebPage\",\"@id\":\"http:\/\/www.reconoce.mx\/?p=44494\",\"url\":\"http:\/\/www.reconoce.mx\/?p=44494\",\"name\":\"\\\"La vida inmoral de la pareja ideal\\\", lo nuevo de Manolo Caro &#171; Reconoce MX\",\"isPartOf\":{\"@id\":\"http:\/\/www.reconoce.mx\/#website\"},\"primaryImageOfPage\":{\"@id\":\"http:\/\/www.reconoce.mx\/?p=44494#primaryimage\"},\"image\":{\"@id\":\"http:\/\/www.reconoce.mx\/?p=44494#primaryimage\"},\"thumbnailUrl\":\"http:\/\/www.reconoce.mx\/wp-content\/uploads\/2016\/02\/lavidainmoral-cover.png\",\"datePublished\":\"2016-02-23T06:03:58+00:00\",\"dateModified\":\"2016-04-03T20:44:03+00:00\",\"breadcrumb\":{\"@id\":\"http:\/\/www.reconoce.mx\/?p=44494#breadcrumb\"},\"inLanguage\":\"es\",\"potentialAction\":[{\"@type\":\"ReadAction\",\"target\":[\"http:\/\/www.reconoce.mx\/?p=44494\"]}]},{\"@type\":\"ImageObject\",\"inLanguage\":\"es\",\"@id\":\"http:\/\/www.reconoce.mx\/?p=44494#primaryimage\",\"url\":\"http:\/\/www.reconoce.mx\/wp-content\/uploads\/2016\/02\/lavidainmoral-cover.png\",\"contentUrl\":\"http:\/\/www.reconoce.mx\/wp-content\/uploads\/2016\/02\/lavidainmoral-cover.png\",\"width\":590,\"height\":380},{\"@type\":\"BreadcrumbList\",\"@id\":\"http:\/\/www.reconoce.mx\/?p=44494#breadcrumb\",\"itemListElement\":[{\"@type\":\"ListItem\",\"position\":1,\"name\":\"Portada\",\"item\":\"http:\/\/www.reconoce.mx\/\"},{\"@type\":\"ListItem\",\"position\":2,\"name\":\"\u00abLa vida inmoral de la pareja ideal\u00bb, lo nuevo de Manolo Caro\"}]},{\"@type\":\"WebSite\",\"@id\":\"http:\/\/www.reconoce.mx\/#website\",\"url\":\"http:\/\/www.reconoce.mx\/\",\"name\":\"Reconoce MX\",\"description\":\"En Reconoce MX difundimos arte, cultura y conciencia social en M\u00e9xico. Tu ciudad en otra perspectiva.\",\"publisher\":{\"@id\":\"http:\/\/www.reconoce.mx\/#organization\"},\"potentialAction\":[{\"@type\":\"SearchAction\",\"target\":{\"@type\":\"EntryPoint\",\"urlTemplate\":\"http:\/\/www.reconoce.mx\/?s={search_term_string}\"},\"query-input\":{\"@type\":\"PropertyValueSpecification\",\"valueRequired\":true,\"valueName\":\"search_term_string\"}}],\"inLanguage\":\"es\"},{\"@type\":\"Organization\",\"@id\":\"http:\/\/www.reconoce.mx\/#organization\",\"name\":\"Reconoce MX\",\"url\":\"http:\/\/www.reconoce.mx\/\",\"logo\":{\"@type\":\"ImageObject\",\"inLanguage\":\"es\",\"@id\":\"http:\/\/www.reconoce.mx\/#\/schema\/logo\/image\/\",\"url\":\"https:\/\/www.reconoce.mx\/wp-content\/uploads\/2019\/03\/logorcmx-good-1.png\",\"contentUrl\":\"https:\/\/www.reconoce.mx\/wp-content\/uploads\/2019\/03\/logorcmx-good-1.png\",\"width\":280,\"height\":90,\"caption\":\"Reconoce MX\"},\"image\":{\"@id\":\"http:\/\/www.reconoce.mx\/#\/schema\/logo\/image\/\"},\"sameAs\":[\"https:\/\/es-la.facebook.com\/ReconoceMX\/\",\"https:\/\/x.com\/reconocemx\",\"http:\/\/@reconocemx\"]},{\"@type\":\"Person\",\"@id\":\"http:\/\/www.reconoce.mx\/#\/schema\/person\/2117e997d7051dc15d6880eaf9bca0b2\",\"name\":\"Reconoce MX\",\"image\":{\"@type\":\"ImageObject\",\"inLanguage\":\"es\",\"@id\":\"http:\/\/www.reconoce.mx\/#\/schema\/person\/image\/\",\"url\":\"https:\/\/secure.gravatar.com\/avatar\/6c8d4dc7569ca1c90c5fdcc349f839d5ddef6fe1e70b4337ead2ef1a4c43fc3a?s=96&d=identicon&r=g\",\"contentUrl\":\"https:\/\/secure.gravatar.com\/avatar\/6c8d4dc7569ca1c90c5fdcc349f839d5ddef6fe1e70b4337ead2ef1a4c43fc3a?s=96&d=identicon&r=g\",\"caption\":\"Reconoce MX\"},\"description\":\"Reconoce MX es un proyecto de difusi\u00f3n art\u00edstica, cultural y de conciencia social que est\u00e1 enfocado a difundir y fomentar el entretenimiento alternativo de calidad para todo el p\u00fablico que comparta el mismo entusiasmo.\",\"sameAs\":[\"http:\/\/www.reconoce.mx\"],\"url\":\"http:\/\/www.reconoce.mx\/?author=2\"}]}<\/script>\n<!-- \/ Yoast SEO plugin. -->","yoast_head_json":{"title":"\"La vida inmoral de la pareja ideal\", lo nuevo de Manolo Caro &#171; Reconoce MX","robots":{"index":"index","follow":"follow","max-snippet":"max-snippet:-1","max-image-preview":"max-image-preview:large","max-video-preview":"max-video-preview:-1"},"canonical":"http:\/\/www.reconoce.mx\/?p=44494","og_locale":"es_ES","og_type":"article","og_title":"\"La vida inmoral de la pareja ideal\", lo nuevo de Manolo Caro &#171; Reconoce MX","og_description":"\"La vida inmoral de la pareja ideal\", nueva cinta de Manolo Caro, dio a conocer los detalles de su rodaje.","og_url":"http:\/\/www.reconoce.mx\/?p=44494","og_site_name":"Reconoce MX","article_publisher":"https:\/\/es-la.facebook.com\/ReconoceMX\/","article_published_time":"2016-02-23T06:03:58+00:00","article_modified_time":"2016-04-03T20:44:03+00:00","og_image":[{"width":590,"height":380,"url":"http:\/\/www.reconoce.mx\/wp-content\/uploads\/2016\/02\/lavidainmoral-cover.png","type":"image\/png"}],"author":"Reconoce MX","twitter_card":"summary_large_image","twitter_creator":"@reconocemx","twitter_site":"@reconocemx","twitter_misc":{"Escrito por":"Reconoce MX","Tiempo de lectura":"2 minutos"},"schema":{"@context":"https:\/\/schema.org","@graph":[{"@type":"Article","@id":"http:\/\/www.reconoce.mx\/?p=44494#article","isPartOf":{"@id":"http:\/\/www.reconoce.mx\/?p=44494"},"author":{"name":"Reconoce MX","@id":"http:\/\/www.reconoce.mx\/#\/schema\/person\/2117e997d7051dc15d6880eaf9bca0b2"},"headline":"\u00abLa vida inmoral de la pareja ideal\u00bb, lo nuevo de Manolo Caro","datePublished":"2016-02-23T06:03:58+00:00","dateModified":"2016-04-03T20:44:03+00:00","mainEntityOfPage":{"@id":"http:\/\/www.reconoce.mx\/?p=44494"},"wordCount":351,"commentCount":0,"publisher":{"@id":"http:\/\/www.reconoce.mx\/#organization"},"image":{"@id":"http:\/\/www.reconoce.mx\/?p=44494#primaryimage"},"thumbnailUrl":"http:\/\/www.reconoce.mx\/wp-content\/uploads\/2016\/02\/lavidainmoral-cover.png","articleSection":["Cine","Cine comercial","Cultura","Principal"],"inLanguage":"es","potentialAction":[{"@type":"CommentAction","name":"Comment","target":["http:\/\/www.reconoce.mx\/?p=44494#respond"]}]},{"@type":"WebPage","@id":"http:\/\/www.reconoce.mx\/?p=44494","url":"http:\/\/www.reconoce.mx\/?p=44494","name":"\"La vida inmoral de la pareja ideal\", lo nuevo de Manolo Caro &#171; Reconoce MX","isPartOf":{"@id":"http:\/\/www.reconoce.mx\/#website"},"primaryImageOfPage":{"@id":"http:\/\/www.reconoce.mx\/?p=44494#primaryimage"},"image":{"@id":"http:\/\/www.reconoce.mx\/?p=44494#primaryimage"},"thumbnailUrl":"http:\/\/www.reconoce.mx\/wp-content\/uploads\/2016\/02\/lavidainmoral-cover.png","datePublished":"2016-02-23T06:03:58+00:00","dateModified":"2016-04-03T20:44:03+00:00","breadcrumb":{"@id":"http:\/\/www.reconoce.mx\/?p=44494#breadcrumb"},"inLanguage":"es","potentialAction":[{"@type":"ReadAction","target":["http:\/\/www.reconoce.mx\/?p=44494"]}]},{"@type":"ImageObject","inLanguage":"es","@id":"http:\/\/www.reconoce.mx\/?p=44494#primaryimage","url":"http:\/\/www.reconoce.mx\/wp-content\/uploads\/2016\/02\/lavidainmoral-cover.png","contentUrl":"http:\/\/www.reconoce.mx\/wp-content\/uploads\/2016\/02\/lavidainmoral-cover.png","width":590,"height":380},{"@type":"BreadcrumbList","@id":"http:\/\/www.reconoce.mx\/?p=44494#breadcrumb","itemListElement":[{"@type":"ListItem","position":1,"name":"Portada","item":"http:\/\/www.reconoce.mx\/"},{"@type":"ListItem","position":2,"name":"\u00abLa vida inmoral de la pareja ideal\u00bb, lo nuevo de Manolo Caro"}]},{"@type":"WebSite","@id":"http:\/\/www.reconoce.mx\/#website","url":"http:\/\/www.reconoce.mx\/","name":"Reconoce MX","description":"En Reconoce MX difundimos arte, cultura y conciencia social en M\u00e9xico. Tu ciudad en otra perspectiva.","publisher":{"@id":"http:\/\/www.reconoce.mx\/#organization"},"potentialAction":[{"@type":"SearchAction","target":{"@type":"EntryPoint","urlTemplate":"http:\/\/www.reconoce.mx\/?s={search_term_string}"},"query-input":{"@type":"PropertyValueSpecification","valueRequired":true,"valueName":"search_term_string"}}],"inLanguage":"es"},{"@type":"Organization","@id":"http:\/\/www.reconoce.mx\/#organization","name":"Reconoce MX","url":"http:\/\/www.reconoce.mx\/","logo":{"@type":"ImageObject","inLanguage":"es","@id":"http:\/\/www.reconoce.mx\/#\/schema\/logo\/image\/","url":"https:\/\/www.reconoce.mx\/wp-content\/uploads\/2019\/03\/logorcmx-good-1.png","contentUrl":"https:\/\/www.reconoce.mx\/wp-content\/uploads\/2019\/03\/logorcmx-good-1.png","width":280,"height":90,"caption":"Reconoce MX"},"image":{"@id":"http:\/\/www.reconoce.mx\/#\/schema\/logo\/image\/"},"sameAs":["https:\/\/es-la.facebook.com\/ReconoceMX\/","https:\/\/x.com\/reconocemx","http:\/\/@reconocemx"]},{"@type":"Person","@id":"http:\/\/www.reconoce.mx\/#\/schema\/person\/2117e997d7051dc15d6880eaf9bca0b2","name":"Reconoce MX","image":{"@type":"ImageObject","inLanguage":"es","@id":"http:\/\/www.reconoce.mx\/#\/schema\/person\/image\/","url":"https:\/\/secure.gravatar.com\/avatar\/6c8d4dc7569ca1c90c5fdcc349f839d5ddef6fe1e70b4337ead2ef1a4c43fc3a?s=96&d=identicon&r=g","contentUrl":"https:\/\/secure.gravatar.com\/avatar\/6c8d4dc7569ca1c90c5fdcc349f839d5ddef6fe1e70b4337ead2ef1a4c43fc3a?s=96&d=identicon&r=g","caption":"Reconoce MX"},"description":"Reconoce MX es un proyecto de difusi\u00f3n art\u00edstica, cultural y de conciencia social que est\u00e1 enfocado a difundir y fomentar el entretenimiento alternativo de calidad para todo el p\u00fablico que comparta el mismo entusiasmo.","sameAs":["http:\/\/www.reconoce.mx"],"url":"http:\/\/www.reconoce.mx\/?author=2"}]}},"_links":{"self":[{"href":"http:\/\/www.reconoce.mx\/index.php?rest_route=\/wp\/v2\/posts\/44494","targetHints":{"allow":["GET"]}}],"collection":[{"href":"http:\/\/www.reconoce.mx\/index.php?rest_route=\/wp\/v2\/posts"}],"about":[{"href":"http:\/\/www.reconoce.mx\/index.php?rest_route=\/wp\/v2\/types\/post"}],"author":[{"embeddable":true,"href":"http:\/\/www.reconoce.mx\/index.php?rest_route=\/wp\/v2\/users\/2"}],"replies":[{"embeddable":true,"href":"http:\/\/www.reconoce.mx\/index.php?rest_route=%2Fwp%2Fv2%2Fcomments&post=44494"}],"version-history":[{"count":2,"href":"http:\/\/www.reconoce.mx\/index.php?rest_route=\/wp\/v2\/posts\/44494\/revisions"}],"predecessor-version":[{"id":44499,"href":"http:\/\/www.reconoce.mx\/index.php?rest_route=\/wp\/v2\/posts\/44494\/revisions\/44499"}],"wp:featuredmedia":[{"embeddable":true,"href":"http:\/\/www.reconoce.mx\/index.php?rest_route=\/wp\/v2\/media\/44495"}],"wp:attachment":[{"href":"http:\/\/www.reconoce.mx\/index.php?rest_route=%2Fwp%2Fv2%2Fmedia&parent=44494"}],"wp:term":[{"taxonomy":"category","embeddable":true,"href":"http:\/\/www.reconoce.mx\/index.php?rest_route=%2Fwp%2Fv2%2Fcategories&post=44494"},{"taxonomy":"post_tag","embeddable":true,"href":"http:\/\/www.reconoce.mx\/index.php?rest_route=%2Fwp%2Fv2%2Ftags&post=44494"}],"curies":[{"name":"wp","href":"https:\/\/api.w.org\/{rel}","templated":true}]}}