{"id":44512,"date":"2016-02-25T00:05:39","date_gmt":"2016-02-25T06:05:39","guid":{"rendered":"http:\/\/www.reconoce.mx\/?p=44512"},"modified":"2016-02-24T23:10:40","modified_gmt":"2016-02-25T05:10:40","slug":"recordando-los-5-festivalmarvin-pasados","status":"publish","type":"post","link":"http:\/\/www.reconoce.mx\/?p=44512","title":{"rendered":"Recordando los 5 #FestivalMarvin pasados"},"content":{"rendered":"<p><strong>Por <a title=\"@AsfaltosTweets\" href=\"http:\/\/twitter.com\/AsfaltosTweets\" target=\"_blank\">Asfaltos<\/a><\/strong>.<\/p>\n<p>Nos encontramos todav\u00eda a dos meses de distancia del <a href=\"https:\/\/twitter.com\/search?q=%23FestivalMarvin&amp;src=typd\" target=\"_blank\">#FestivalMarvin<\/a>, pero nosotros ya estamos calentando motores para la que es una de nuestras citas musicales favoritas en la capital mexicana. Por ello nos dedicamos a recordar lo mejor de las primeras 5 ediciones, de las cuales hemos cubierto ya 3 para ustedes; con cr\u00f3nica y fotos.<\/p>\n<p><img loading=\"lazy\" decoding=\"async\" class=\"aligncenter size-full wp-image-44529\" src=\"http:\/\/www.reconoce.mx\/wp-content\/uploads\/2016\/02\/losbunkers-cover.png\" alt=\"losbunkers-cover\" width=\"590\" height=\"380\" srcset=\"http:\/\/www.reconoce.mx\/wp-content\/uploads\/2016\/02\/losbunkers-cover.png 590w, http:\/\/www.reconoce.mx\/wp-content\/uploads\/2016\/02\/losbunkers-cover-300x193.png 300w, http:\/\/www.reconoce.mx\/wp-content\/uploads\/2016\/02\/losbunkers-cover-150x97.png 150w\" sizes=\"auto, (max-width: 590px) 100vw, 590px\" \/><\/p>\n<p>La <strong>Revista Marvin<\/strong> que cumplir\u00e1 15 a\u00f1os este 2016, inici\u00f3 en 2010 su aventura de saltar del papel y de la web a los escenarios. La experiencia de m\u00fasica en vivo, proyecciones de cine al aire libre, instalaciones y exposiciones de arte, conferencias y shows de stand-up comedy, han hecho del <a href=\"https:\/\/twitter.com\/search?q=%23FestivalMarvin&amp;src=typd\" target=\"_blank\">#FestivalMarvin<\/a> una fiesta anual completa de difusi\u00f3n y desarrollo cultural.<\/p>\n<p>La sexta edici\u00f3n del <a href=\"https:\/\/twitter.com\/search?q=%23FestivalMarvin&amp;src=typd\" target=\"_blank\">#FestivalMarvin<\/a>, que se realizar\u00e1 nuevamente en el circuito Condesa-Roma el 21 de mayo, con actividades previas los d\u00edas 19 y 20, anunciar\u00e1 muy pronto el cartel de esta actual edici\u00f3n.<\/p>\n<p>En el recuerdo quedan la edici\u00f3n de 2011, en la que proyectos como <strong>Fujiya &amp; Miyagi<\/strong>, <strong>Holy Fuck<\/strong>, <strong>Surfer Blood<\/strong> y <strong>Lopazz<\/strong> alternaron con los entonces j\u00f3venes en ascenso <strong>Juan Cirerol<\/strong>, <strong>Suave as Hell<\/strong>, <strong>Beat Buffet<\/strong>, <strong>Lorelle Meets the Obsolete<\/strong> y <strong>Apolo<\/strong>, entre otros. En 2012 proyectos como <strong>Atlas Sound<\/strong>, <strong>The Boxer Rebellion<\/strong>, <strong>Crocodiles<\/strong>, y unos <strong>Austin TV<\/strong> y<strong> Carla Morrison<\/strong> en el mejor punto de sus carreras, se encargaron del men\u00fa musical.<\/p>\n<p><img loading=\"lazy\" decoding=\"async\" class=\"aligncenter size-full wp-image-44521\" src=\"http:\/\/www.reconoce.mx\/wp-content\/uploads\/2016\/02\/2013.gif\" alt=\"2013\" width=\"500\" height=\"500\" \/><\/p>\n<p>Para 2013, en nuestra primer <a href=\"https:\/\/twitter.com\/search?q=%23CoberturaRCMX&amp;src=typd\" target=\"_blank\">#CoberturaRCMX<\/a> del <a href=\"https:\/\/twitter.com\/search?q=%23FestivalMarvin&amp;src=typd\" target=\"_blank\">#FestivalMarvin<\/a>, vibramos con <strong>Divisi\u00f3n Min\u00fascula<\/strong> en Covadonga Sal\u00f3n, <strong>Los Bunkers<\/strong> en Cinespacio 24, <strong>De Saloon<\/strong> en Foro Insurgentes, <strong>Yellow Yesterday<\/strong> en Covadonga Sal\u00f3n, <strong>Mar\u00eda y Jos\u00e9<\/strong>, <strong>Pamela Rodr\u00edguez<\/strong> y <strong>Las Amigas de Nadie<\/strong> en Pata Negra, y <strong>Mar\u00eda Daniela y su Sonido Lasser<\/strong> en Covadonga Sal\u00f3n. Guardamos con cari\u00f1o la presencia de <strong>Rodrigo Robles<\/strong> en Caradura, y la incre\u00edble primer presentaci\u00f3n de <strong>Caloncho<\/strong> en un Sal\u00f3n Pata Negra a medio llenar (algo impensable hoy d\u00eda).<\/p>\n<blockquote><p>Revive: <a href=\"http:\/\/www.reconoce.mx\/marvin13\/\" target=\"_blank\">Marvin13: Un gran festival para todos<\/a>.<\/p><\/blockquote>\n<p>&nbsp;<\/p>\n<p><img loading=\"lazy\" decoding=\"async\" class=\"aligncenter size-full wp-image-44522\" src=\"http:\/\/www.reconoce.mx\/wp-content\/uploads\/2016\/02\/2014.gif\" alt=\"2014\" width=\"500\" height=\"500\" \/><\/p>\n<p>En 2014, en nuestro segundo a\u00f1o cubriendo <a href=\"https:\/\/twitter.com\/search?q=%23FestivalMarvin&amp;src=typd\" target=\"_blank\">#FestivalMarvin<\/a>, las emociones aumentaron. Empezamos con <strong>AJ D\u00e1vila<\/strong>, <strong>Odisseo<\/strong>, <strong>La Banderville<\/strong> y <strong>Reyno<\/strong> en Covadonga Sal\u00f3n, para continuar con la primera vez de un escenario en vivo en el Parque Espa\u00f1a<strong> Los Esquizitos<\/strong> y su slam, y cerrar la noche en Caradura con <strong>Yoga Fire<\/strong>, <strong>Minor Shadows<\/strong> y los argentinos <strong>Los Rusos Hijos de Puta<\/strong>. Menci\u00f3n aparte para <strong>Los Tres<\/strong> en Caradura, quiz\u00e1 uno de los m\u00e1s grandes momentos del <a href=\"https:\/\/twitter.com\/search?q=%23FestivalMarvin&amp;src=typd\" target=\"_blank\">#FestivalMarvin<\/a> en sus cinco ediciones realizadas.<\/p>\n<blockquote><p>Revive: <a href=\"http:\/\/www.reconoce.mx\/festivalmarvin-una-cuarta-edicion-muy-emocionante\/\" target=\"_blank\">#FestivalMarvin: Una cuarta edici\u00f3n muy emocionante<\/a>.<\/p><\/blockquote>\n<p>&nbsp;<\/p>\n<p><img loading=\"lazy\" decoding=\"async\" class=\"aligncenter size-full wp-image-44523\" src=\"http:\/\/www.reconoce.mx\/wp-content\/uploads\/2016\/02\/2015.gif\" alt=\"2015\" width=\"500\" height=\"500\" \/><\/p>\n<p>El a\u00f1o pasado, en otra de nuestras ediciones favoritas vibramos enormemente con <strong>Little Jesus<\/strong>, <strong>Pumcay\u00f3<\/strong> y <strong>Rodrigo Robles<\/strong> en Parque Espa\u00f1a, as\u00ed como con <strong>Vanessa Zamora<\/strong>, <strong>Jack and the Ripper<\/strong>,<strong> El Hombre Misterioso<\/strong> y <strong>Elviaje<\/strong> en Caradura. \u00bfA poco no se emocionan reviviendo las fotos de nuestra genial Blanca Cruz?<\/p>\n<blockquote><p>Revive: <a href=\"http:\/\/www.reconoce.mx\/festivalmarvin-2015-una-quinta-edicion-para-todos\/\" target=\"_blank\">#FestivalMarvin 2015, una quinta edici\u00f3n para todos<\/a>.<\/p><\/blockquote>\n<p>&nbsp;<\/p>\n<p><a href=\"https:\/\/twitter.com\/search?q=%23FestivalMarvin&amp;src=typd\" target=\"_blank\">#FestivalMarvin<\/a> <a href=\"http:\/\/www.reconoce.mx\/habemus-fecha-del-6-festivalmarvin-21-de-mayo-de-2016\/\">2016<\/a> se realizar\u00e1 el s\u00e1bado 21 de mayo en las colonias Roma y Condesa. Los boletos, en fase \u201cEarly Bird\u201d, est\u00e1n ya a la venta en <a href=\"https:\/\/www.facebook.com\/CommonPeopleMex\" target=\"_blank\"><strong>Common People<\/strong><\/a>, <a href=\"https:\/\/www.facebook.com\/LaRomaRecords\/?fref=ts\" target=\"_blank\"><strong>La Roma Records<\/strong><\/a> y <strong><a href=\"https:\/\/www.facebook.com\/discosmono\/?fref=ts\" target=\"_blank\">Discos Mono<\/a><\/strong>; as\u00ed como tambi\u00e9n en l\u00ednea v\u00eda <a href=\"https:\/\/www.kichink.com\/stores\/revistamarvin#.VrrHzFKbj70\" target=\"_blank\"><strong>Kichink<\/strong><\/a>.<\/p>\n<p style=\"text-align: right;\">Con informaci\u00f3n e im\u00e1genes animadas cortes\u00eda de <strong>Eurekandco SA de CV<\/strong>.<br \/>\nFotos<span style=\"color: #ff0000;\"><strong> Reconoce MX<\/strong><\/span> (<strong>Ulises Sol\u00eds<\/strong>, <strong>Blanca Cruz<\/strong>).<\/p>\n<p>&nbsp;<\/p>\n<p>&nbsp;<\/p>\n","protected":false},"excerpt":{"rendered":"<p>Nos encontramos todav\u00eda a dos meses de distancia del #FestivalMarvin, pero nosotros ya estamos calentando motores para la que es una de nuestras citas musicales favoritas en la capital mexicana. <\/p>\n","protected":false},"author":2,"featured_media":44530,"comment_status":"open","ping_status":"open","sticky":false,"template":"","format":"standard","meta":{"footnotes":""},"categories":[1,18,17],"tags":[],"class_list":["post-44512","post","type-post","status-publish","format-standard","has-post-thumbnail","hentry","category-cultura","category-musica","category-principal"],"yoast_head":"<!-- This site is optimized with the Yoast SEO plugin v24.7 - https:\/\/yoast.com\/wordpress\/plugins\/seo\/ -->\n<title>Recordando los 5 #FestivalMarvin pasados &#171; Reconoce MX<\/title>\n<meta name=\"robots\" content=\"index, follow, max-snippet:-1, max-image-preview:large, max-video-preview:-1\" \/>\n<link rel=\"canonical\" href=\"http:\/\/www.reconoce.mx\/?p=44512\" \/>\n<meta property=\"og:locale\" content=\"es_ES\" \/>\n<meta property=\"og:type\" content=\"article\" \/>\n<meta property=\"og:title\" content=\"Recordando los 5 #FestivalMarvin pasados &#171; Reconoce MX\" \/>\n<meta property=\"og:description\" content=\"Nos encontramos todav\u00eda a dos meses de distancia del #FestivalMarvin, pero nosotros ya estamos calentando motores para la que es una de nuestras citas musicales favoritas en la capital mexicana.\" \/>\n<meta property=\"og:url\" content=\"http:\/\/www.reconoce.mx\/?p=44512\" \/>\n<meta property=\"og:site_name\" content=\"Reconoce MX\" \/>\n<meta property=\"article:publisher\" content=\"https:\/\/es-la.facebook.com\/ReconoceMX\/\" \/>\n<meta property=\"article:published_time\" content=\"2016-02-25T06:05:39+00:00\" \/>\n<meta property=\"og:image\" content=\"http:\/\/www.reconoce.mx\/wp-content\/uploads\/2016\/02\/sotomayor-cover.png\" \/>\n\t<meta property=\"og:image:width\" content=\"590\" \/>\n\t<meta property=\"og:image:height\" content=\"380\" \/>\n\t<meta property=\"og:image:type\" content=\"image\/png\" \/>\n<meta name=\"author\" content=\"Reconoce MX\" \/>\n<meta name=\"twitter:card\" content=\"summary_large_image\" \/>\n<meta name=\"twitter:creator\" content=\"@reconocemx\" \/>\n<meta name=\"twitter:site\" content=\"@reconocemx\" \/>\n<meta name=\"twitter:label1\" content=\"Escrito por\" \/>\n\t<meta name=\"twitter:data1\" content=\"Reconoce MX\" \/>\n\t<meta name=\"twitter:label2\" content=\"Tiempo de lectura\" \/>\n\t<meta name=\"twitter:data2\" content=\"3 minutos\" \/>\n<script type=\"application\/ld+json\" class=\"yoast-schema-graph\">{\"@context\":\"https:\/\/schema.org\",\"@graph\":[{\"@type\":\"Article\",\"@id\":\"http:\/\/www.reconoce.mx\/?p=44512#article\",\"isPartOf\":{\"@id\":\"http:\/\/www.reconoce.mx\/?p=44512\"},\"author\":{\"name\":\"Reconoce MX\",\"@id\":\"http:\/\/www.reconoce.mx\/#\/schema\/person\/2117e997d7051dc15d6880eaf9bca0b2\"},\"headline\":\"Recordando los 5 #FestivalMarvin pasados\",\"datePublished\":\"2016-02-25T06:05:39+00:00\",\"mainEntityOfPage\":{\"@id\":\"http:\/\/www.reconoce.mx\/?p=44512\"},\"wordCount\":558,\"commentCount\":0,\"publisher\":{\"@id\":\"http:\/\/www.reconoce.mx\/#organization\"},\"image\":{\"@id\":\"http:\/\/www.reconoce.mx\/?p=44512#primaryimage\"},\"thumbnailUrl\":\"http:\/\/www.reconoce.mx\/wp-content\/uploads\/2016\/02\/sotomayor-cover.png\",\"articleSection\":[\"Cultura\",\"M\u00fasica\",\"Principal\"],\"inLanguage\":\"es\",\"potentialAction\":[{\"@type\":\"CommentAction\",\"name\":\"Comment\",\"target\":[\"http:\/\/www.reconoce.mx\/?p=44512#respond\"]}]},{\"@type\":\"WebPage\",\"@id\":\"http:\/\/www.reconoce.mx\/?p=44512\",\"url\":\"http:\/\/www.reconoce.mx\/?p=44512\",\"name\":\"Recordando los 5 #FestivalMarvin pasados &#171; Reconoce MX\",\"isPartOf\":{\"@id\":\"http:\/\/www.reconoce.mx\/#website\"},\"primaryImageOfPage\":{\"@id\":\"http:\/\/www.reconoce.mx\/?p=44512#primaryimage\"},\"image\":{\"@id\":\"http:\/\/www.reconoce.mx\/?p=44512#primaryimage\"},\"thumbnailUrl\":\"http:\/\/www.reconoce.mx\/wp-content\/uploads\/2016\/02\/sotomayor-cover.png\",\"datePublished\":\"2016-02-25T06:05:39+00:00\",\"breadcrumb\":{\"@id\":\"http:\/\/www.reconoce.mx\/?p=44512#breadcrumb\"},\"inLanguage\":\"es\",\"potentialAction\":[{\"@type\":\"ReadAction\",\"target\":[\"http:\/\/www.reconoce.mx\/?p=44512\"]}]},{\"@type\":\"ImageObject\",\"inLanguage\":\"es\",\"@id\":\"http:\/\/www.reconoce.mx\/?p=44512#primaryimage\",\"url\":\"http:\/\/www.reconoce.mx\/wp-content\/uploads\/2016\/02\/sotomayor-cover.png\",\"contentUrl\":\"http:\/\/www.reconoce.mx\/wp-content\/uploads\/2016\/02\/sotomayor-cover.png\",\"width\":590,\"height\":380},{\"@type\":\"BreadcrumbList\",\"@id\":\"http:\/\/www.reconoce.mx\/?p=44512#breadcrumb\",\"itemListElement\":[{\"@type\":\"ListItem\",\"position\":1,\"name\":\"Portada\",\"item\":\"http:\/\/www.reconoce.mx\/\"},{\"@type\":\"ListItem\",\"position\":2,\"name\":\"Recordando los 5 #FestivalMarvin pasados\"}]},{\"@type\":\"WebSite\",\"@id\":\"http:\/\/www.reconoce.mx\/#website\",\"url\":\"http:\/\/www.reconoce.mx\/\",\"name\":\"Reconoce MX\",\"description\":\"En Reconoce MX difundimos arte, cultura y conciencia social en M\u00e9xico. Tu ciudad en otra perspectiva.\",\"publisher\":{\"@id\":\"http:\/\/www.reconoce.mx\/#organization\"},\"potentialAction\":[{\"@type\":\"SearchAction\",\"target\":{\"@type\":\"EntryPoint\",\"urlTemplate\":\"http:\/\/www.reconoce.mx\/?s={search_term_string}\"},\"query-input\":{\"@type\":\"PropertyValueSpecification\",\"valueRequired\":true,\"valueName\":\"search_term_string\"}}],\"inLanguage\":\"es\"},{\"@type\":\"Organization\",\"@id\":\"http:\/\/www.reconoce.mx\/#organization\",\"name\":\"Reconoce MX\",\"url\":\"http:\/\/www.reconoce.mx\/\",\"logo\":{\"@type\":\"ImageObject\",\"inLanguage\":\"es\",\"@id\":\"http:\/\/www.reconoce.mx\/#\/schema\/logo\/image\/\",\"url\":\"https:\/\/www.reconoce.mx\/wp-content\/uploads\/2019\/03\/logorcmx-good-1.png\",\"contentUrl\":\"https:\/\/www.reconoce.mx\/wp-content\/uploads\/2019\/03\/logorcmx-good-1.png\",\"width\":280,\"height\":90,\"caption\":\"Reconoce MX\"},\"image\":{\"@id\":\"http:\/\/www.reconoce.mx\/#\/schema\/logo\/image\/\"},\"sameAs\":[\"https:\/\/es-la.facebook.com\/ReconoceMX\/\",\"https:\/\/x.com\/reconocemx\",\"http:\/\/@reconocemx\"]},{\"@type\":\"Person\",\"@id\":\"http:\/\/www.reconoce.mx\/#\/schema\/person\/2117e997d7051dc15d6880eaf9bca0b2\",\"name\":\"Reconoce MX\",\"image\":{\"@type\":\"ImageObject\",\"inLanguage\":\"es\",\"@id\":\"http:\/\/www.reconoce.mx\/#\/schema\/person\/image\/\",\"url\":\"https:\/\/secure.gravatar.com\/avatar\/6c8d4dc7569ca1c90c5fdcc349f839d5ddef6fe1e70b4337ead2ef1a4c43fc3a?s=96&d=identicon&r=g\",\"contentUrl\":\"https:\/\/secure.gravatar.com\/avatar\/6c8d4dc7569ca1c90c5fdcc349f839d5ddef6fe1e70b4337ead2ef1a4c43fc3a?s=96&d=identicon&r=g\",\"caption\":\"Reconoce MX\"},\"description\":\"Reconoce MX es un proyecto de difusi\u00f3n art\u00edstica, cultural y de conciencia social que est\u00e1 enfocado a difundir y fomentar el entretenimiento alternativo de calidad para todo el p\u00fablico que comparta el mismo entusiasmo.\",\"sameAs\":[\"http:\/\/www.reconoce.mx\"],\"url\":\"http:\/\/www.reconoce.mx\/?author=2\"}]}<\/script>\n<!-- \/ Yoast SEO plugin. -->","yoast_head_json":{"title":"Recordando los 5 #FestivalMarvin pasados &#171; Reconoce MX","robots":{"index":"index","follow":"follow","max-snippet":"max-snippet:-1","max-image-preview":"max-image-preview:large","max-video-preview":"max-video-preview:-1"},"canonical":"http:\/\/www.reconoce.mx\/?p=44512","og_locale":"es_ES","og_type":"article","og_title":"Recordando los 5 #FestivalMarvin pasados &#171; Reconoce MX","og_description":"Nos encontramos todav\u00eda a dos meses de distancia del #FestivalMarvin, pero nosotros ya estamos calentando motores para la que es una de nuestras citas musicales favoritas en la capital mexicana.","og_url":"http:\/\/www.reconoce.mx\/?p=44512","og_site_name":"Reconoce MX","article_publisher":"https:\/\/es-la.facebook.com\/ReconoceMX\/","article_published_time":"2016-02-25T06:05:39+00:00","og_image":[{"width":590,"height":380,"url":"http:\/\/www.reconoce.mx\/wp-content\/uploads\/2016\/02\/sotomayor-cover.png","type":"image\/png"}],"author":"Reconoce MX","twitter_card":"summary_large_image","twitter_creator":"@reconocemx","twitter_site":"@reconocemx","twitter_misc":{"Escrito por":"Reconoce MX","Tiempo de lectura":"3 minutos"},"schema":{"@context":"https:\/\/schema.org","@graph":[{"@type":"Article","@id":"http:\/\/www.reconoce.mx\/?p=44512#article","isPartOf":{"@id":"http:\/\/www.reconoce.mx\/?p=44512"},"author":{"name":"Reconoce MX","@id":"http:\/\/www.reconoce.mx\/#\/schema\/person\/2117e997d7051dc15d6880eaf9bca0b2"},"headline":"Recordando los 5 #FestivalMarvin pasados","datePublished":"2016-02-25T06:05:39+00:00","mainEntityOfPage":{"@id":"http:\/\/www.reconoce.mx\/?p=44512"},"wordCount":558,"commentCount":0,"publisher":{"@id":"http:\/\/www.reconoce.mx\/#organization"},"image":{"@id":"http:\/\/www.reconoce.mx\/?p=44512#primaryimage"},"thumbnailUrl":"http:\/\/www.reconoce.mx\/wp-content\/uploads\/2016\/02\/sotomayor-cover.png","articleSection":["Cultura","M\u00fasica","Principal"],"inLanguage":"es","potentialAction":[{"@type":"CommentAction","name":"Comment","target":["http:\/\/www.reconoce.mx\/?p=44512#respond"]}]},{"@type":"WebPage","@id":"http:\/\/www.reconoce.mx\/?p=44512","url":"http:\/\/www.reconoce.mx\/?p=44512","name":"Recordando los 5 #FestivalMarvin pasados &#171; Reconoce MX","isPartOf":{"@id":"http:\/\/www.reconoce.mx\/#website"},"primaryImageOfPage":{"@id":"http:\/\/www.reconoce.mx\/?p=44512#primaryimage"},"image":{"@id":"http:\/\/www.reconoce.mx\/?p=44512#primaryimage"},"thumbnailUrl":"http:\/\/www.reconoce.mx\/wp-content\/uploads\/2016\/02\/sotomayor-cover.png","datePublished":"2016-02-25T06:05:39+00:00","breadcrumb":{"@id":"http:\/\/www.reconoce.mx\/?p=44512#breadcrumb"},"inLanguage":"es","potentialAction":[{"@type":"ReadAction","target":["http:\/\/www.reconoce.mx\/?p=44512"]}]},{"@type":"ImageObject","inLanguage":"es","@id":"http:\/\/www.reconoce.mx\/?p=44512#primaryimage","url":"http:\/\/www.reconoce.mx\/wp-content\/uploads\/2016\/02\/sotomayor-cover.png","contentUrl":"http:\/\/www.reconoce.mx\/wp-content\/uploads\/2016\/02\/sotomayor-cover.png","width":590,"height":380},{"@type":"BreadcrumbList","@id":"http:\/\/www.reconoce.mx\/?p=44512#breadcrumb","itemListElement":[{"@type":"ListItem","position":1,"name":"Portada","item":"http:\/\/www.reconoce.mx\/"},{"@type":"ListItem","position":2,"name":"Recordando los 5 #FestivalMarvin pasados"}]},{"@type":"WebSite","@id":"http:\/\/www.reconoce.mx\/#website","url":"http:\/\/www.reconoce.mx\/","name":"Reconoce MX","description":"En Reconoce MX difundimos arte, cultura y conciencia social en M\u00e9xico. Tu ciudad en otra perspectiva.","publisher":{"@id":"http:\/\/www.reconoce.mx\/#organization"},"potentialAction":[{"@type":"SearchAction","target":{"@type":"EntryPoint","urlTemplate":"http:\/\/www.reconoce.mx\/?s={search_term_string}"},"query-input":{"@type":"PropertyValueSpecification","valueRequired":true,"valueName":"search_term_string"}}],"inLanguage":"es"},{"@type":"Organization","@id":"http:\/\/www.reconoce.mx\/#organization","name":"Reconoce MX","url":"http:\/\/www.reconoce.mx\/","logo":{"@type":"ImageObject","inLanguage":"es","@id":"http:\/\/www.reconoce.mx\/#\/schema\/logo\/image\/","url":"https:\/\/www.reconoce.mx\/wp-content\/uploads\/2019\/03\/logorcmx-good-1.png","contentUrl":"https:\/\/www.reconoce.mx\/wp-content\/uploads\/2019\/03\/logorcmx-good-1.png","width":280,"height":90,"caption":"Reconoce MX"},"image":{"@id":"http:\/\/www.reconoce.mx\/#\/schema\/logo\/image\/"},"sameAs":["https:\/\/es-la.facebook.com\/ReconoceMX\/","https:\/\/x.com\/reconocemx","http:\/\/@reconocemx"]},{"@type":"Person","@id":"http:\/\/www.reconoce.mx\/#\/schema\/person\/2117e997d7051dc15d6880eaf9bca0b2","name":"Reconoce MX","image":{"@type":"ImageObject","inLanguage":"es","@id":"http:\/\/www.reconoce.mx\/#\/schema\/person\/image\/","url":"https:\/\/secure.gravatar.com\/avatar\/6c8d4dc7569ca1c90c5fdcc349f839d5ddef6fe1e70b4337ead2ef1a4c43fc3a?s=96&d=identicon&r=g","contentUrl":"https:\/\/secure.gravatar.com\/avatar\/6c8d4dc7569ca1c90c5fdcc349f839d5ddef6fe1e70b4337ead2ef1a4c43fc3a?s=96&d=identicon&r=g","caption":"Reconoce MX"},"description":"Reconoce MX es un proyecto de difusi\u00f3n art\u00edstica, cultural y de conciencia social que est\u00e1 enfocado a difundir y fomentar el entretenimiento alternativo de calidad para todo el p\u00fablico que comparta el mismo entusiasmo.","sameAs":["http:\/\/www.reconoce.mx"],"url":"http:\/\/www.reconoce.mx\/?author=2"}]}},"_links":{"self":[{"href":"http:\/\/www.reconoce.mx\/index.php?rest_route=\/wp\/v2\/posts\/44512","targetHints":{"allow":["GET"]}}],"collection":[{"href":"http:\/\/www.reconoce.mx\/index.php?rest_route=\/wp\/v2\/posts"}],"about":[{"href":"http:\/\/www.reconoce.mx\/index.php?rest_route=\/wp\/v2\/types\/post"}],"author":[{"embeddable":true,"href":"http:\/\/www.reconoce.mx\/index.php?rest_route=\/wp\/v2\/users\/2"}],"replies":[{"embeddable":true,"href":"http:\/\/www.reconoce.mx\/index.php?rest_route=%2Fwp%2Fv2%2Fcomments&post=44512"}],"version-history":[{"count":10,"href":"http:\/\/www.reconoce.mx\/index.php?rest_route=\/wp\/v2\/posts\/44512\/revisions"}],"predecessor-version":[{"id":44536,"href":"http:\/\/www.reconoce.mx\/index.php?rest_route=\/wp\/v2\/posts\/44512\/revisions\/44536"}],"wp:featuredmedia":[{"embeddable":true,"href":"http:\/\/www.reconoce.mx\/index.php?rest_route=\/wp\/v2\/media\/44530"}],"wp:attachment":[{"href":"http:\/\/www.reconoce.mx\/index.php?rest_route=%2Fwp%2Fv2%2Fmedia&parent=44512"}],"wp:term":[{"taxonomy":"category","embeddable":true,"href":"http:\/\/www.reconoce.mx\/index.php?rest_route=%2Fwp%2Fv2%2Fcategories&post=44512"},{"taxonomy":"post_tag","embeddable":true,"href":"http:\/\/www.reconoce.mx\/index.php?rest_route=%2Fwp%2Fv2%2Ftags&post=44512"}],"curies":[{"name":"wp","href":"https:\/\/api.w.org\/{rel}","templated":true}]}}