{"id":44579,"date":"2016-02-25T00:03:46","date_gmt":"2016-02-25T06:03:46","guid":{"rendered":"http:\/\/www.reconoce.mx\/?p=44579"},"modified":"2016-02-24T23:09:48","modified_gmt":"2016-02-25T05:09:48","slug":"el-papa-defendio-a-la-iglesia-francisco-a-la-sociedad","status":"publish","type":"post","link":"http:\/\/www.reconoce.mx\/?p=44579","title":{"rendered":"El Papa defendi\u00f3 a la iglesia, Francisco a la sociedad"},"content":{"rendered":"<p><strong>Por <a title=\"@danielhiga_al\" href=\"https:\/\/twitter.com\/danielhiga_al\" target=\"_blank\">Daniel Higa Alquicira<\/a>.<br \/>\n<\/strong><\/p>\n<p>Se acab\u00f3 la visita oficial del <strong>Papa Francisco<\/strong> a M\u00e9xico. Para muchos, su postura y sus discursos fueron intensos e interesantes, pero defraud\u00f3 al no ser m\u00e1s contundente en ciertos temas de los que se esperaba hablar\u00e1, como el caso de los 43 estudiantes de Iguala, la pederastia en la iglesia mexicana y los abusos de ciertos eclesi\u00e1sticos, por ejemplo.<\/p>\n<p>Para otros, fue la clara representaci\u00f3n de que la iglesia cat\u00f3lica, por m\u00e1s que intenta \u2013y vaya que <strong>Francisco<\/strong> se empe\u00f1e en ello\u2013 ser m\u00e1s moderna y adecuarse a las exigencias actuales, sigue siendo muy cerrada en ciertos temas.<\/p>\n<p>Por eso el <strong>Papa<\/strong> sigue siendo la figura m\u00e1s preponderante del poder, encargada y obligada de resguardar los principios que le dan sentido a la iglesia cat\u00f3lica, por m\u00e1s anticuados que parezcan en la actualidad.<\/p>\n<p>No puede ni debe institucionalmente siquiera insinuar temas que la han colocado como retrasada e intolerante.<\/p>\n<p>El tema de la sexualidad o el celibato de los padres; la posibilidad de que haya mujeres ejerciendo el evangelio o las relaciones homosexuales y familias homoparentales, siguen siendo temas prohibidos y as\u00ed lo dej\u00f3 muy en claro el <strong>Papa<\/strong> en M\u00e9xico, al omitirlos de sus discursos.<\/p>\n<p>Su papel es sagrado y por lo tanto, su postura ante estos temas es la misma desde que esta iglesia se instaur\u00f3 como una de las religiones m\u00e1s importantes e influyentes del mundo. Por m\u00e1s que se diga que el <strong>Papa Francisco<\/strong> es \u201cmoderno\u201d y \u201crevolucionario\u201d, en estos temas no habr\u00e1 cambio alguno.<\/p>\n<p>Sin embargo, esta visita dej\u00f3 muy en claro que la figura del actual <strong>Papa<\/strong> es una combinaci\u00f3n interesante entre la obligaci\u00f3n de defender los principios morales y \u00e9ticos de su iglesia, con una sensibilidad pol\u00edtica y social de un hombre que busca ser parte de un cambio.<\/p>\n<p><strong>Francisco<\/strong> (o<strong> Jorge Bergoglio<\/strong>), est\u00e1 inmerso en las exigencias sociales, le interesa \u2013hasta donde su investidura lo permite\u2013 ser un actor importante en los temas que afectan al mundo y buscar alg\u00fan tipo de soluci\u00f3n o al menos, levantar la voz para que se escuche parte de los males que viven millones de personas.<\/p>\n<p>En M\u00e9xico habl\u00f3 de corrupci\u00f3n, de migraci\u00f3n, de narcotr\u00e1fico, del abuso hacia los ind\u00edgenas, de la corrupci\u00f3n e incluso, de manera muy metaf\u00f3rica, de las Muertas de Ju\u00e1rez. \u201c\u00a1Y qu\u00e9 decir de tantas mujeres, a quienes se les ha arrebatado injustamente la vida!\u201d, se\u00f1al\u00f3.<\/p>\n<p>\u201c\u00a1No m\u00e1s muerte ni explotaci\u00f3n! Siempre hay tiempo de cambiar, siempre hay una salida y una oportunidad, siempre hay tiempo de implorar la misericordia del padre\u201d, apunt\u00f3.<\/p>\n<p>Otras de sus frases m\u00e1s famosas fue cuando conden\u00f3 la corrupci\u00f3n y se\u00f1al\u00f3: \u201cla experiencia nos demuestra que cada vez que buscamos el camino del privilegio o beneficio de unos pocos en detrimento del bien de todos, tarde o temprano, la vida en sociedad se vuelve un terreno f\u00e9rtil para la corrupci\u00f3n, el narcotr\u00e1fico, la exclusi\u00f3n de las culturas diferentes, la violencia&#8230;\u201d<\/p>\n<p>Sobre los pueblos ind\u00edgenas se\u00f1al\u00f3: \u201cMuchas veces, de modo sistem\u00e1tico y estructural, vuestros pueblos han sido incomprendidos y excluidos de la sociedad. Qu\u00e9 bien nos har\u00eda a todos hacer un examen de conciencia y aprender a decir: \u00a1Perd\u00f3n, perd\u00f3n hermanos!\u201d<\/p>\n<p>Y esto tuvo una relevancia mayor, ya que lo dijo en Chiapas, el estado que m\u00e1s cat\u00f3licos ha perdido en las \u00faltimas d\u00e9cadas, un estado principalmente ind\u00edgena y uno de los m\u00e1s pobres del pa\u00eds.<\/p>\n<p>Por estos motivos y por el calor de sus discursos, en un estudio de <strong>Gabinete de Comunicaci\u00f3n Estrat\u00e9gica<\/strong> (GCE) titulado \u201c<a href=\"http:\/\/www.gabinete.mx\/index.php?option=com_k2&amp;view=item&amp;id=514:la-visita-del-papa-vista-por-los-ciudadanos\" target=\"_blank\">La Visita del Papa Vista por los Ciudadano<\/a>\u201d, el 61% de los encuestados encontraron que esta visita fue \u201corientada al apoyo de la fe\u201d y solo un 29.7% la vio como un \u201cacto pol\u00edtico\u201d. Aunque el 33% de los encuestados se\u00f1al\u00f3 que era primordial que se hubiera reunido \u201ccon los padres de los 43 normalistas de Ayotzinapa desaparecidos\u201d, cosa que no hizo.<\/p>\n<p>Pero adem\u00e1s, el beneficio que deja esta visita no est\u00e1 para nada relacionada con los gobernantes actuales, ya que seg\u00fan el 28% de los encuestados dice que beneficia \u201ca toda la comunidad religiosa\u201d, mientras que un 5.5% dice que a \u201cEnrique Pe\u00f1a Nieto\u201d y un 5.4% \u201cal gobierno federal\u201d.<\/p>\n<p>Lo que si es seguro, es que las televisoras han de haber hecho un gran negocio con esta visita, ya que seg\u00fan la empresa<strong> Nielsen Ibope<\/strong>, \u201cla cobertura en televisi\u00f3n en canales nacionales durante los seis d\u00edas de la vista del <strong>Papa Francisco<\/strong> a M\u00e9xico alcanz\u00f3 las 53.5 millones de personas\u201d.<\/p>\n<blockquote><p><a href=\"http:\/\/www.reconoce.mx\/papa-francisco-con-carino-se-vive-con-mayor-alegria\/\">Papa Francisco: con \u201ccari\u00f1o\u201d se vive con mayor alegr\u00eda<\/a>.<\/p><\/blockquote>\n<p>&nbsp;<\/p>\n<p>Con esta visita queda demostrado que aunque los fieles cat\u00f3licos ven a la figura del <strong>Papa<\/strong> como la encarnaci\u00f3n m\u00e1s cercana de Dios, no es m\u00e1s que un l\u00edder pol\u00edtico que se tiene que enfrentar a todas las encrucijadas, mara\u00f1as y suciedades que implica el poder y que est\u00e1n por encima de todos los buenos deseos, a\u00fan si eres una Santidad y el Sumo Pont\u00edfice.<\/p>\n<p style=\"text-align: right;\">Foto:<strong> Presidencia de la Rep\u00fablica Mexicana<\/strong>.<\/p>\n<p>&nbsp;<\/p>\n<p>&nbsp;<\/p>\n","protected":false},"excerpt":{"rendered":"<p>Se acab\u00f3 la visita oficial del Papa Francisco a M\u00e9xico. Para muchos, su postura y sus discursos fueron intensos e interesantes, pero defraud\u00f3 al no ser m\u00e1s contundente en ciertos temas de los que se esperaba hablar\u00e1.<\/p>\n","protected":false},"author":2,"featured_media":44580,"comment_status":"open","ping_status":"open","sticky":false,"template":"","format":"standard","meta":{"footnotes":""},"categories":[43,275,17],"tags":[],"class_list":["post-44579","post","type-post","status-publish","format-standard","has-post-thumbnail","hentry","category-conciencia","category-derechos-humanos","category-principal"],"yoast_head":"<!-- This site is optimized with the Yoast SEO plugin v24.7 - https:\/\/yoast.com\/wordpress\/plugins\/seo\/ -->\n<title>El Papa defendi\u00f3 a la iglesia, Francisco a la sociedad &#171; Reconoce MX<\/title>\n<meta name=\"robots\" content=\"index, follow, max-snippet:-1, max-image-preview:large, max-video-preview:-1\" \/>\n<link rel=\"canonical\" href=\"http:\/\/www.reconoce.mx\/?p=44579\" \/>\n<meta property=\"og:locale\" content=\"es_ES\" \/>\n<meta property=\"og:type\" content=\"article\" \/>\n<meta property=\"og:title\" content=\"El Papa defendi\u00f3 a la iglesia, Francisco a la sociedad &#171; Reconoce MX\" \/>\n<meta property=\"og:description\" content=\"Se acab\u00f3 la visita oficial del Papa Francisco a M\u00e9xico. Para muchos, su postura y sus discursos fueron intensos e interesantes, pero defraud\u00f3 al no ser m\u00e1s contundente en ciertos temas de los que se esperaba hablar\u00e1.\" \/>\n<meta property=\"og:url\" content=\"http:\/\/www.reconoce.mx\/?p=44579\" \/>\n<meta property=\"og:site_name\" content=\"Reconoce MX\" \/>\n<meta property=\"article:publisher\" content=\"https:\/\/es-la.facebook.com\/ReconoceMX\/\" \/>\n<meta property=\"article:published_time\" content=\"2016-02-25T06:03:46+00:00\" \/>\n<meta property=\"og:image\" content=\"http:\/\/www.reconoce.mx\/wp-content\/uploads\/2016\/02\/despedidapapa.png\" \/>\n\t<meta property=\"og:image:width\" content=\"590\" \/>\n\t<meta property=\"og:image:height\" content=\"380\" \/>\n\t<meta property=\"og:image:type\" content=\"image\/png\" \/>\n<meta name=\"author\" content=\"Reconoce MX\" \/>\n<meta name=\"twitter:card\" content=\"summary_large_image\" \/>\n<meta name=\"twitter:creator\" content=\"@reconocemx\" \/>\n<meta name=\"twitter:site\" content=\"@reconocemx\" \/>\n<meta name=\"twitter:label1\" content=\"Escrito por\" \/>\n\t<meta name=\"twitter:data1\" content=\"Reconoce MX\" \/>\n\t<meta name=\"twitter:label2\" content=\"Tiempo de lectura\" \/>\n\t<meta name=\"twitter:data2\" content=\"4 minutos\" \/>\n<script type=\"application\/ld+json\" class=\"yoast-schema-graph\">{\"@context\":\"https:\/\/schema.org\",\"@graph\":[{\"@type\":\"Article\",\"@id\":\"http:\/\/www.reconoce.mx\/?p=44579#article\",\"isPartOf\":{\"@id\":\"http:\/\/www.reconoce.mx\/?p=44579\"},\"author\":{\"name\":\"Reconoce MX\",\"@id\":\"http:\/\/www.reconoce.mx\/#\/schema\/person\/2117e997d7051dc15d6880eaf9bca0b2\"},\"headline\":\"El Papa defendi\u00f3 a la iglesia, Francisco a la sociedad\",\"datePublished\":\"2016-02-25T06:03:46+00:00\",\"mainEntityOfPage\":{\"@id\":\"http:\/\/www.reconoce.mx\/?p=44579\"},\"wordCount\":902,\"commentCount\":0,\"publisher\":{\"@id\":\"http:\/\/www.reconoce.mx\/#organization\"},\"image\":{\"@id\":\"http:\/\/www.reconoce.mx\/?p=44579#primaryimage\"},\"thumbnailUrl\":\"http:\/\/www.reconoce.mx\/wp-content\/uploads\/2016\/02\/despedidapapa.png\",\"articleSection\":[\"Conciencia\",\"Derechos Humanos\",\"Principal\"],\"inLanguage\":\"es\",\"potentialAction\":[{\"@type\":\"CommentAction\",\"name\":\"Comment\",\"target\":[\"http:\/\/www.reconoce.mx\/?p=44579#respond\"]}]},{\"@type\":\"WebPage\",\"@id\":\"http:\/\/www.reconoce.mx\/?p=44579\",\"url\":\"http:\/\/www.reconoce.mx\/?p=44579\",\"name\":\"El Papa defendi\u00f3 a la iglesia, Francisco a la sociedad &#171; Reconoce MX\",\"isPartOf\":{\"@id\":\"http:\/\/www.reconoce.mx\/#website\"},\"primaryImageOfPage\":{\"@id\":\"http:\/\/www.reconoce.mx\/?p=44579#primaryimage\"},\"image\":{\"@id\":\"http:\/\/www.reconoce.mx\/?p=44579#primaryimage\"},\"thumbnailUrl\":\"http:\/\/www.reconoce.mx\/wp-content\/uploads\/2016\/02\/despedidapapa.png\",\"datePublished\":\"2016-02-25T06:03:46+00:00\",\"breadcrumb\":{\"@id\":\"http:\/\/www.reconoce.mx\/?p=44579#breadcrumb\"},\"inLanguage\":\"es\",\"potentialAction\":[{\"@type\":\"ReadAction\",\"target\":[\"http:\/\/www.reconoce.mx\/?p=44579\"]}]},{\"@type\":\"ImageObject\",\"inLanguage\":\"es\",\"@id\":\"http:\/\/www.reconoce.mx\/?p=44579#primaryimage\",\"url\":\"http:\/\/www.reconoce.mx\/wp-content\/uploads\/2016\/02\/despedidapapa.png\",\"contentUrl\":\"http:\/\/www.reconoce.mx\/wp-content\/uploads\/2016\/02\/despedidapapa.png\",\"width\":590,\"height\":380},{\"@type\":\"BreadcrumbList\",\"@id\":\"http:\/\/www.reconoce.mx\/?p=44579#breadcrumb\",\"itemListElement\":[{\"@type\":\"ListItem\",\"position\":1,\"name\":\"Portada\",\"item\":\"http:\/\/www.reconoce.mx\/\"},{\"@type\":\"ListItem\",\"position\":2,\"name\":\"El Papa defendi\u00f3 a la iglesia, Francisco a la sociedad\"}]},{\"@type\":\"WebSite\",\"@id\":\"http:\/\/www.reconoce.mx\/#website\",\"url\":\"http:\/\/www.reconoce.mx\/\",\"name\":\"Reconoce MX\",\"description\":\"En Reconoce MX difundimos arte, cultura y conciencia social en M\u00e9xico. Tu ciudad en otra perspectiva.\",\"publisher\":{\"@id\":\"http:\/\/www.reconoce.mx\/#organization\"},\"potentialAction\":[{\"@type\":\"SearchAction\",\"target\":{\"@type\":\"EntryPoint\",\"urlTemplate\":\"http:\/\/www.reconoce.mx\/?s={search_term_string}\"},\"query-input\":{\"@type\":\"PropertyValueSpecification\",\"valueRequired\":true,\"valueName\":\"search_term_string\"}}],\"inLanguage\":\"es\"},{\"@type\":\"Organization\",\"@id\":\"http:\/\/www.reconoce.mx\/#organization\",\"name\":\"Reconoce MX\",\"url\":\"http:\/\/www.reconoce.mx\/\",\"logo\":{\"@type\":\"ImageObject\",\"inLanguage\":\"es\",\"@id\":\"http:\/\/www.reconoce.mx\/#\/schema\/logo\/image\/\",\"url\":\"https:\/\/www.reconoce.mx\/wp-content\/uploads\/2019\/03\/logorcmx-good-1.png\",\"contentUrl\":\"https:\/\/www.reconoce.mx\/wp-content\/uploads\/2019\/03\/logorcmx-good-1.png\",\"width\":280,\"height\":90,\"caption\":\"Reconoce MX\"},\"image\":{\"@id\":\"http:\/\/www.reconoce.mx\/#\/schema\/logo\/image\/\"},\"sameAs\":[\"https:\/\/es-la.facebook.com\/ReconoceMX\/\",\"https:\/\/x.com\/reconocemx\",\"http:\/\/@reconocemx\"]},{\"@type\":\"Person\",\"@id\":\"http:\/\/www.reconoce.mx\/#\/schema\/person\/2117e997d7051dc15d6880eaf9bca0b2\",\"name\":\"Reconoce MX\",\"image\":{\"@type\":\"ImageObject\",\"inLanguage\":\"es\",\"@id\":\"http:\/\/www.reconoce.mx\/#\/schema\/person\/image\/\",\"url\":\"https:\/\/secure.gravatar.com\/avatar\/6c8d4dc7569ca1c90c5fdcc349f839d5ddef6fe1e70b4337ead2ef1a4c43fc3a?s=96&d=identicon&r=g\",\"contentUrl\":\"https:\/\/secure.gravatar.com\/avatar\/6c8d4dc7569ca1c90c5fdcc349f839d5ddef6fe1e70b4337ead2ef1a4c43fc3a?s=96&d=identicon&r=g\",\"caption\":\"Reconoce MX\"},\"description\":\"Reconoce MX es un proyecto de difusi\u00f3n art\u00edstica, cultural y de conciencia social que est\u00e1 enfocado a difundir y fomentar el entretenimiento alternativo de calidad para todo el p\u00fablico que comparta el mismo entusiasmo.\",\"sameAs\":[\"http:\/\/www.reconoce.mx\"],\"url\":\"http:\/\/www.reconoce.mx\/?author=2\"}]}<\/script>\n<!-- \/ Yoast SEO plugin. -->","yoast_head_json":{"title":"El Papa defendi\u00f3 a la iglesia, Francisco a la sociedad &#171; Reconoce MX","robots":{"index":"index","follow":"follow","max-snippet":"max-snippet:-1","max-image-preview":"max-image-preview:large","max-video-preview":"max-video-preview:-1"},"canonical":"http:\/\/www.reconoce.mx\/?p=44579","og_locale":"es_ES","og_type":"article","og_title":"El Papa defendi\u00f3 a la iglesia, Francisco a la sociedad &#171; Reconoce MX","og_description":"Se acab\u00f3 la visita oficial del Papa Francisco a M\u00e9xico. Para muchos, su postura y sus discursos fueron intensos e interesantes, pero defraud\u00f3 al no ser m\u00e1s contundente en ciertos temas de los que se esperaba hablar\u00e1.","og_url":"http:\/\/www.reconoce.mx\/?p=44579","og_site_name":"Reconoce MX","article_publisher":"https:\/\/es-la.facebook.com\/ReconoceMX\/","article_published_time":"2016-02-25T06:03:46+00:00","og_image":[{"width":590,"height":380,"url":"http:\/\/www.reconoce.mx\/wp-content\/uploads\/2016\/02\/despedidapapa.png","type":"image\/png"}],"author":"Reconoce MX","twitter_card":"summary_large_image","twitter_creator":"@reconocemx","twitter_site":"@reconocemx","twitter_misc":{"Escrito por":"Reconoce MX","Tiempo de lectura":"4 minutos"},"schema":{"@context":"https:\/\/schema.org","@graph":[{"@type":"Article","@id":"http:\/\/www.reconoce.mx\/?p=44579#article","isPartOf":{"@id":"http:\/\/www.reconoce.mx\/?p=44579"},"author":{"name":"Reconoce MX","@id":"http:\/\/www.reconoce.mx\/#\/schema\/person\/2117e997d7051dc15d6880eaf9bca0b2"},"headline":"El Papa defendi\u00f3 a la iglesia, Francisco a la sociedad","datePublished":"2016-02-25T06:03:46+00:00","mainEntityOfPage":{"@id":"http:\/\/www.reconoce.mx\/?p=44579"},"wordCount":902,"commentCount":0,"publisher":{"@id":"http:\/\/www.reconoce.mx\/#organization"},"image":{"@id":"http:\/\/www.reconoce.mx\/?p=44579#primaryimage"},"thumbnailUrl":"http:\/\/www.reconoce.mx\/wp-content\/uploads\/2016\/02\/despedidapapa.png","articleSection":["Conciencia","Derechos Humanos","Principal"],"inLanguage":"es","potentialAction":[{"@type":"CommentAction","name":"Comment","target":["http:\/\/www.reconoce.mx\/?p=44579#respond"]}]},{"@type":"WebPage","@id":"http:\/\/www.reconoce.mx\/?p=44579","url":"http:\/\/www.reconoce.mx\/?p=44579","name":"El Papa defendi\u00f3 a la iglesia, Francisco a la sociedad &#171; Reconoce MX","isPartOf":{"@id":"http:\/\/www.reconoce.mx\/#website"},"primaryImageOfPage":{"@id":"http:\/\/www.reconoce.mx\/?p=44579#primaryimage"},"image":{"@id":"http:\/\/www.reconoce.mx\/?p=44579#primaryimage"},"thumbnailUrl":"http:\/\/www.reconoce.mx\/wp-content\/uploads\/2016\/02\/despedidapapa.png","datePublished":"2016-02-25T06:03:46+00:00","breadcrumb":{"@id":"http:\/\/www.reconoce.mx\/?p=44579#breadcrumb"},"inLanguage":"es","potentialAction":[{"@type":"ReadAction","target":["http:\/\/www.reconoce.mx\/?p=44579"]}]},{"@type":"ImageObject","inLanguage":"es","@id":"http:\/\/www.reconoce.mx\/?p=44579#primaryimage","url":"http:\/\/www.reconoce.mx\/wp-content\/uploads\/2016\/02\/despedidapapa.png","contentUrl":"http:\/\/www.reconoce.mx\/wp-content\/uploads\/2016\/02\/despedidapapa.png","width":590,"height":380},{"@type":"BreadcrumbList","@id":"http:\/\/www.reconoce.mx\/?p=44579#breadcrumb","itemListElement":[{"@type":"ListItem","position":1,"name":"Portada","item":"http:\/\/www.reconoce.mx\/"},{"@type":"ListItem","position":2,"name":"El Papa defendi\u00f3 a la iglesia, Francisco a la sociedad"}]},{"@type":"WebSite","@id":"http:\/\/www.reconoce.mx\/#website","url":"http:\/\/www.reconoce.mx\/","name":"Reconoce MX","description":"En Reconoce MX difundimos arte, cultura y conciencia social en M\u00e9xico. Tu ciudad en otra perspectiva.","publisher":{"@id":"http:\/\/www.reconoce.mx\/#organization"},"potentialAction":[{"@type":"SearchAction","target":{"@type":"EntryPoint","urlTemplate":"http:\/\/www.reconoce.mx\/?s={search_term_string}"},"query-input":{"@type":"PropertyValueSpecification","valueRequired":true,"valueName":"search_term_string"}}],"inLanguage":"es"},{"@type":"Organization","@id":"http:\/\/www.reconoce.mx\/#organization","name":"Reconoce MX","url":"http:\/\/www.reconoce.mx\/","logo":{"@type":"ImageObject","inLanguage":"es","@id":"http:\/\/www.reconoce.mx\/#\/schema\/logo\/image\/","url":"https:\/\/www.reconoce.mx\/wp-content\/uploads\/2019\/03\/logorcmx-good-1.png","contentUrl":"https:\/\/www.reconoce.mx\/wp-content\/uploads\/2019\/03\/logorcmx-good-1.png","width":280,"height":90,"caption":"Reconoce MX"},"image":{"@id":"http:\/\/www.reconoce.mx\/#\/schema\/logo\/image\/"},"sameAs":["https:\/\/es-la.facebook.com\/ReconoceMX\/","https:\/\/x.com\/reconocemx","http:\/\/@reconocemx"]},{"@type":"Person","@id":"http:\/\/www.reconoce.mx\/#\/schema\/person\/2117e997d7051dc15d6880eaf9bca0b2","name":"Reconoce MX","image":{"@type":"ImageObject","inLanguage":"es","@id":"http:\/\/www.reconoce.mx\/#\/schema\/person\/image\/","url":"https:\/\/secure.gravatar.com\/avatar\/6c8d4dc7569ca1c90c5fdcc349f839d5ddef6fe1e70b4337ead2ef1a4c43fc3a?s=96&d=identicon&r=g","contentUrl":"https:\/\/secure.gravatar.com\/avatar\/6c8d4dc7569ca1c90c5fdcc349f839d5ddef6fe1e70b4337ead2ef1a4c43fc3a?s=96&d=identicon&r=g","caption":"Reconoce MX"},"description":"Reconoce MX es un proyecto de difusi\u00f3n art\u00edstica, cultural y de conciencia social que est\u00e1 enfocado a difundir y fomentar el entretenimiento alternativo de calidad para todo el p\u00fablico que comparta el mismo entusiasmo.","sameAs":["http:\/\/www.reconoce.mx"],"url":"http:\/\/www.reconoce.mx\/?author=2"}]}},"_links":{"self":[{"href":"http:\/\/www.reconoce.mx\/index.php?rest_route=\/wp\/v2\/posts\/44579","targetHints":{"allow":["GET"]}}],"collection":[{"href":"http:\/\/www.reconoce.mx\/index.php?rest_route=\/wp\/v2\/posts"}],"about":[{"href":"http:\/\/www.reconoce.mx\/index.php?rest_route=\/wp\/v2\/types\/post"}],"author":[{"embeddable":true,"href":"http:\/\/www.reconoce.mx\/index.php?rest_route=\/wp\/v2\/users\/2"}],"replies":[{"embeddable":true,"href":"http:\/\/www.reconoce.mx\/index.php?rest_route=%2Fwp%2Fv2%2Fcomments&post=44579"}],"version-history":[{"count":3,"href":"http:\/\/www.reconoce.mx\/index.php?rest_route=\/wp\/v2\/posts\/44579\/revisions"}],"predecessor-version":[{"id":44583,"href":"http:\/\/www.reconoce.mx\/index.php?rest_route=\/wp\/v2\/posts\/44579\/revisions\/44583"}],"wp:featuredmedia":[{"embeddable":true,"href":"http:\/\/www.reconoce.mx\/index.php?rest_route=\/wp\/v2\/media\/44580"}],"wp:attachment":[{"href":"http:\/\/www.reconoce.mx\/index.php?rest_route=%2Fwp%2Fv2%2Fmedia&parent=44579"}],"wp:term":[{"taxonomy":"category","embeddable":true,"href":"http:\/\/www.reconoce.mx\/index.php?rest_route=%2Fwp%2Fv2%2Fcategories&post=44579"},{"taxonomy":"post_tag","embeddable":true,"href":"http:\/\/www.reconoce.mx\/index.php?rest_route=%2Fwp%2Fv2%2Ftags&post=44579"}],"curies":[{"name":"wp","href":"https:\/\/api.w.org\/{rel}","templated":true}]}}