{"id":44584,"date":"2016-02-26T00:04:37","date_gmt":"2016-02-26T06:04:37","guid":{"rendered":"http:\/\/www.reconoce.mx\/?p=44584"},"modified":"2016-02-26T19:12:51","modified_gmt":"2016-02-27T01:12:51","slug":"daredevil-regresa-a-netflix-en-marzo-18","status":"publish","type":"post","link":"http:\/\/www.reconoce.mx\/?p=44584","title":{"rendered":"&#8216;Daredevil&#8217; regresa a Netflix en marzo 18"},"content":{"rendered":"<p><strong>Por <a title=\"@nono_comic\" href=\"https:\/\/twitter.com\/nono_comic\" target=\"_blank\">Ligiaele<\/a>. <\/strong><\/p>\n<p>\u00abNinguna buena obra queda sin castigo\u00bb, con esa premisa nos present\u00f3 <strong>Netflix<\/strong> el tr\u00e1iler de la segunda temporada de \u00abDaredevil\u00bb, en donde podemos apreciar la incursi\u00f3n de dos nuevos personajes: Frank Castle y Elektra, \u00e9ste \u00faltimo personaje clave en la historia del personaje en los c\u00f3mics.<\/p>\n<p><iframe loading=\"lazy\" width=\"590\" height=\"332\" src=\"https:\/\/www.youtube.com\/embed\/Hflx3JBVqic\" frameborder=\"0\" allowfullscreen><\/iframe><\/p>\n<p>La fecha de estreno de la segunda temporada de \u00abDaredevil\u00bb ser\u00e1 el 18 de marzo, y constar\u00e1 de trece episodios, cada uno con duraci\u00f3n de una hora.<\/p>\n<p>Matt Murdock (<strong>Charlie Cox<\/strong>), tras aceptar convertirse en <strong>Daredevil<\/strong> el superh\u00e9roe que necesita Hell\u2019s Kitchen, deber\u00e1 enfrentarse a Frank Castle (<strong>Punisher<\/strong> para los cuates), interpretado por el actor <strong>Jon Bernthal<\/strong>, personaje creado por Conway y Romita, quien seguramente sumar\u00e1 espectadores fan\u00e1ticos de este antih\u00e9roe.<\/p>\n<p>Como tambi\u00e9n coment\u00e9 al inicio, una vieja amiga de Murdock hace aparici\u00f3n, Elektra Natchios, interpretada por <strong>Elodie Yung<\/strong>, personaje creado por <strong>Frank Miller<\/strong> que apareci\u00f3 por primera vez en \u00abDaredevil No. 168\u00bb, cumpliendo 35 a\u00f1os de existencia. Tambi\u00e9n para el deleite de los seguidores de <strong>Daredevil<\/strong>, se imaginar\u00e1n la diversi\u00f3n que Elektra traer\u00e1 a esta nueva temporada.<\/p>\n<p>Los actores <strong>Deborah Ann Woll<\/strong> (Karen Page), <strong>Steven Rider<\/strong> (Blake Tower), <strong>Elden Henson<\/strong> (Franklin Nelson) y <strong>Rosario Dawson<\/strong> (Claire Temple) seguir\u00e1n conformando el elenco para esta segunda temporada producida por <strong>Steven S. DeKnight<\/strong> con el gui\u00f3n de <strong>Doug Petrie<\/strong> y <strong>Marco Ramirez<\/strong>, adem\u00e1s de la musicalizaci\u00f3n de <strong>John Paesano<\/strong> (\u00abMaze Runner\u00bb).<\/p>\n<p>Todo indica que la segunda ser\u00e1 tambi\u00e9n una incre\u00edble temporada.<\/p>\n<p>Sigue a \u201cDaredevil\u201d v\u00eda <a href=\"https:\/\/twitter.com\/Daredevil\" target=\"_blank\">Twitter<\/a>, <a href=\"https:\/\/www.facebook.com\/Daredevil\/\" target=\"_blank\">Facebook<\/a> e <a href=\"https:\/\/www.instagram.com\/Daredevil\" target=\"_blank\">Instagram<\/a>.<\/p>\n<p>&nbsp;<\/p>\n<p>&nbsp;<\/p>\n","protected":false},"excerpt":{"rendered":"<p>\u00abNinguna buena obra queda sin castigo\u00bb, con esa premisa nos present\u00f3 Netflix el tr\u00e1iler de la segunda temporada de \u00abDaredevil\u00bb.<\/p>\n","protected":false},"author":2,"featured_media":44586,"comment_status":"open","ping_status":"open","sticky":false,"template":"","format":"standard","meta":{"footnotes":""},"categories":[1,17,2640],"tags":[],"class_list":["post-44584","post","type-post","status-publish","format-standard","has-post-thumbnail","hentry","category-cultura","category-principal","category-series"],"yoast_head":"<!-- This site is optimized with the Yoast SEO plugin v24.7 - https:\/\/yoast.com\/wordpress\/plugins\/seo\/ -->\n<title>&#039;Daredevil&#039; regresa a Netflix en marzo 18 &#171; Reconoce MX<\/title>\n<meta name=\"robots\" content=\"index, follow, max-snippet:-1, max-image-preview:large, max-video-preview:-1\" \/>\n<link rel=\"canonical\" href=\"http:\/\/www.reconoce.mx\/?p=44584\" \/>\n<meta property=\"og:locale\" content=\"es_ES\" \/>\n<meta property=\"og:type\" content=\"article\" \/>\n<meta property=\"og:title\" content=\"&#039;Daredevil&#039; regresa a Netflix en marzo 18 &#171; Reconoce MX\" \/>\n<meta property=\"og:description\" content=\"&quot;Ninguna buena obra queda sin castigo&quot;, con esa premisa nos present\u00f3 Netflix el tr\u00e1iler de la segunda temporada de &quot;Daredevil&quot;.\" \/>\n<meta property=\"og:url\" content=\"http:\/\/www.reconoce.mx\/?p=44584\" \/>\n<meta property=\"og:site_name\" content=\"Reconoce MX\" \/>\n<meta property=\"article:publisher\" content=\"https:\/\/es-la.facebook.com\/ReconoceMX\/\" \/>\n<meta property=\"article:published_time\" content=\"2016-02-26T06:04:37+00:00\" \/>\n<meta property=\"article:modified_time\" content=\"2016-02-27T01:12:51+00:00\" \/>\n<meta property=\"og:image\" content=\"http:\/\/www.reconoce.mx\/wp-content\/uploads\/2016\/02\/daredevil-cover.png\" \/>\n\t<meta property=\"og:image:width\" content=\"590\" \/>\n\t<meta property=\"og:image:height\" content=\"380\" \/>\n\t<meta property=\"og:image:type\" content=\"image\/png\" \/>\n<meta name=\"author\" content=\"Reconoce MX\" \/>\n<meta name=\"twitter:card\" content=\"summary_large_image\" \/>\n<meta name=\"twitter:creator\" content=\"@reconocemx\" \/>\n<meta name=\"twitter:site\" content=\"@reconocemx\" \/>\n<meta name=\"twitter:label1\" content=\"Escrito por\" \/>\n\t<meta name=\"twitter:data1\" content=\"Reconoce MX\" \/>\n\t<meta name=\"twitter:label2\" content=\"Tiempo de lectura\" \/>\n\t<meta name=\"twitter:data2\" content=\"1 minuto\" \/>\n<script type=\"application\/ld+json\" class=\"yoast-schema-graph\">{\"@context\":\"https:\/\/schema.org\",\"@graph\":[{\"@type\":\"Article\",\"@id\":\"http:\/\/www.reconoce.mx\/?p=44584#article\",\"isPartOf\":{\"@id\":\"http:\/\/www.reconoce.mx\/?p=44584\"},\"author\":{\"name\":\"Reconoce MX\",\"@id\":\"http:\/\/www.reconoce.mx\/#\/schema\/person\/2117e997d7051dc15d6880eaf9bca0b2\"},\"headline\":\"&#8216;Daredevil&#8217; regresa a Netflix en marzo 18\",\"datePublished\":\"2016-02-26T06:04:37+00:00\",\"dateModified\":\"2016-02-27T01:12:51+00:00\",\"mainEntityOfPage\":{\"@id\":\"http:\/\/www.reconoce.mx\/?p=44584\"},\"wordCount\":271,\"commentCount\":0,\"publisher\":{\"@id\":\"http:\/\/www.reconoce.mx\/#organization\"},\"image\":{\"@id\":\"http:\/\/www.reconoce.mx\/?p=44584#primaryimage\"},\"thumbnailUrl\":\"http:\/\/www.reconoce.mx\/wp-content\/uploads\/2016\/02\/daredevil-cover.png\",\"articleSection\":[\"Cultura\",\"Principal\",\"Series\"],\"inLanguage\":\"es\",\"potentialAction\":[{\"@type\":\"CommentAction\",\"name\":\"Comment\",\"target\":[\"http:\/\/www.reconoce.mx\/?p=44584#respond\"]}]},{\"@type\":\"WebPage\",\"@id\":\"http:\/\/www.reconoce.mx\/?p=44584\",\"url\":\"http:\/\/www.reconoce.mx\/?p=44584\",\"name\":\"'Daredevil' regresa a Netflix en marzo 18 &#171; Reconoce MX\",\"isPartOf\":{\"@id\":\"http:\/\/www.reconoce.mx\/#website\"},\"primaryImageOfPage\":{\"@id\":\"http:\/\/www.reconoce.mx\/?p=44584#primaryimage\"},\"image\":{\"@id\":\"http:\/\/www.reconoce.mx\/?p=44584#primaryimage\"},\"thumbnailUrl\":\"http:\/\/www.reconoce.mx\/wp-content\/uploads\/2016\/02\/daredevil-cover.png\",\"datePublished\":\"2016-02-26T06:04:37+00:00\",\"dateModified\":\"2016-02-27T01:12:51+00:00\",\"breadcrumb\":{\"@id\":\"http:\/\/www.reconoce.mx\/?p=44584#breadcrumb\"},\"inLanguage\":\"es\",\"potentialAction\":[{\"@type\":\"ReadAction\",\"target\":[\"http:\/\/www.reconoce.mx\/?p=44584\"]}]},{\"@type\":\"ImageObject\",\"inLanguage\":\"es\",\"@id\":\"http:\/\/www.reconoce.mx\/?p=44584#primaryimage\",\"url\":\"http:\/\/www.reconoce.mx\/wp-content\/uploads\/2016\/02\/daredevil-cover.png\",\"contentUrl\":\"http:\/\/www.reconoce.mx\/wp-content\/uploads\/2016\/02\/daredevil-cover.png\",\"width\":590,\"height\":380},{\"@type\":\"BreadcrumbList\",\"@id\":\"http:\/\/www.reconoce.mx\/?p=44584#breadcrumb\",\"itemListElement\":[{\"@type\":\"ListItem\",\"position\":1,\"name\":\"Portada\",\"item\":\"http:\/\/www.reconoce.mx\/\"},{\"@type\":\"ListItem\",\"position\":2,\"name\":\"&#8216;Daredevil&#8217; regresa a Netflix en marzo 18\"}]},{\"@type\":\"WebSite\",\"@id\":\"http:\/\/www.reconoce.mx\/#website\",\"url\":\"http:\/\/www.reconoce.mx\/\",\"name\":\"Reconoce MX\",\"description\":\"En Reconoce MX difundimos arte, cultura y conciencia social en M\u00e9xico. Tu ciudad en otra perspectiva.\",\"publisher\":{\"@id\":\"http:\/\/www.reconoce.mx\/#organization\"},\"potentialAction\":[{\"@type\":\"SearchAction\",\"target\":{\"@type\":\"EntryPoint\",\"urlTemplate\":\"http:\/\/www.reconoce.mx\/?s={search_term_string}\"},\"query-input\":{\"@type\":\"PropertyValueSpecification\",\"valueRequired\":true,\"valueName\":\"search_term_string\"}}],\"inLanguage\":\"es\"},{\"@type\":\"Organization\",\"@id\":\"http:\/\/www.reconoce.mx\/#organization\",\"name\":\"Reconoce MX\",\"url\":\"http:\/\/www.reconoce.mx\/\",\"logo\":{\"@type\":\"ImageObject\",\"inLanguage\":\"es\",\"@id\":\"http:\/\/www.reconoce.mx\/#\/schema\/logo\/image\/\",\"url\":\"https:\/\/www.reconoce.mx\/wp-content\/uploads\/2019\/03\/logorcmx-good-1.png\",\"contentUrl\":\"https:\/\/www.reconoce.mx\/wp-content\/uploads\/2019\/03\/logorcmx-good-1.png\",\"width\":280,\"height\":90,\"caption\":\"Reconoce MX\"},\"image\":{\"@id\":\"http:\/\/www.reconoce.mx\/#\/schema\/logo\/image\/\"},\"sameAs\":[\"https:\/\/es-la.facebook.com\/ReconoceMX\/\",\"https:\/\/x.com\/reconocemx\",\"http:\/\/@reconocemx\"]},{\"@type\":\"Person\",\"@id\":\"http:\/\/www.reconoce.mx\/#\/schema\/person\/2117e997d7051dc15d6880eaf9bca0b2\",\"name\":\"Reconoce MX\",\"image\":{\"@type\":\"ImageObject\",\"inLanguage\":\"es\",\"@id\":\"http:\/\/www.reconoce.mx\/#\/schema\/person\/image\/\",\"url\":\"https:\/\/secure.gravatar.com\/avatar\/6c8d4dc7569ca1c90c5fdcc349f839d5ddef6fe1e70b4337ead2ef1a4c43fc3a?s=96&d=identicon&r=g\",\"contentUrl\":\"https:\/\/secure.gravatar.com\/avatar\/6c8d4dc7569ca1c90c5fdcc349f839d5ddef6fe1e70b4337ead2ef1a4c43fc3a?s=96&d=identicon&r=g\",\"caption\":\"Reconoce MX\"},\"description\":\"Reconoce MX es un proyecto de difusi\u00f3n art\u00edstica, cultural y de conciencia social que est\u00e1 enfocado a difundir y fomentar el entretenimiento alternativo de calidad para todo el p\u00fablico que comparta el mismo entusiasmo.\",\"sameAs\":[\"http:\/\/www.reconoce.mx\"],\"url\":\"http:\/\/www.reconoce.mx\/?author=2\"}]}<\/script>\n<!-- \/ Yoast SEO plugin. -->","yoast_head_json":{"title":"'Daredevil' regresa a Netflix en marzo 18 &#171; Reconoce MX","robots":{"index":"index","follow":"follow","max-snippet":"max-snippet:-1","max-image-preview":"max-image-preview:large","max-video-preview":"max-video-preview:-1"},"canonical":"http:\/\/www.reconoce.mx\/?p=44584","og_locale":"es_ES","og_type":"article","og_title":"'Daredevil' regresa a Netflix en marzo 18 &#171; Reconoce MX","og_description":"\"Ninguna buena obra queda sin castigo\", con esa premisa nos present\u00f3 Netflix el tr\u00e1iler de la segunda temporada de \"Daredevil\".","og_url":"http:\/\/www.reconoce.mx\/?p=44584","og_site_name":"Reconoce MX","article_publisher":"https:\/\/es-la.facebook.com\/ReconoceMX\/","article_published_time":"2016-02-26T06:04:37+00:00","article_modified_time":"2016-02-27T01:12:51+00:00","og_image":[{"width":590,"height":380,"url":"http:\/\/www.reconoce.mx\/wp-content\/uploads\/2016\/02\/daredevil-cover.png","type":"image\/png"}],"author":"Reconoce MX","twitter_card":"summary_large_image","twitter_creator":"@reconocemx","twitter_site":"@reconocemx","twitter_misc":{"Escrito por":"Reconoce MX","Tiempo de lectura":"1 minuto"},"schema":{"@context":"https:\/\/schema.org","@graph":[{"@type":"Article","@id":"http:\/\/www.reconoce.mx\/?p=44584#article","isPartOf":{"@id":"http:\/\/www.reconoce.mx\/?p=44584"},"author":{"name":"Reconoce MX","@id":"http:\/\/www.reconoce.mx\/#\/schema\/person\/2117e997d7051dc15d6880eaf9bca0b2"},"headline":"&#8216;Daredevil&#8217; regresa a Netflix en marzo 18","datePublished":"2016-02-26T06:04:37+00:00","dateModified":"2016-02-27T01:12:51+00:00","mainEntityOfPage":{"@id":"http:\/\/www.reconoce.mx\/?p=44584"},"wordCount":271,"commentCount":0,"publisher":{"@id":"http:\/\/www.reconoce.mx\/#organization"},"image":{"@id":"http:\/\/www.reconoce.mx\/?p=44584#primaryimage"},"thumbnailUrl":"http:\/\/www.reconoce.mx\/wp-content\/uploads\/2016\/02\/daredevil-cover.png","articleSection":["Cultura","Principal","Series"],"inLanguage":"es","potentialAction":[{"@type":"CommentAction","name":"Comment","target":["http:\/\/www.reconoce.mx\/?p=44584#respond"]}]},{"@type":"WebPage","@id":"http:\/\/www.reconoce.mx\/?p=44584","url":"http:\/\/www.reconoce.mx\/?p=44584","name":"'Daredevil' regresa a Netflix en marzo 18 &#171; Reconoce MX","isPartOf":{"@id":"http:\/\/www.reconoce.mx\/#website"},"primaryImageOfPage":{"@id":"http:\/\/www.reconoce.mx\/?p=44584#primaryimage"},"image":{"@id":"http:\/\/www.reconoce.mx\/?p=44584#primaryimage"},"thumbnailUrl":"http:\/\/www.reconoce.mx\/wp-content\/uploads\/2016\/02\/daredevil-cover.png","datePublished":"2016-02-26T06:04:37+00:00","dateModified":"2016-02-27T01:12:51+00:00","breadcrumb":{"@id":"http:\/\/www.reconoce.mx\/?p=44584#breadcrumb"},"inLanguage":"es","potentialAction":[{"@type":"ReadAction","target":["http:\/\/www.reconoce.mx\/?p=44584"]}]},{"@type":"ImageObject","inLanguage":"es","@id":"http:\/\/www.reconoce.mx\/?p=44584#primaryimage","url":"http:\/\/www.reconoce.mx\/wp-content\/uploads\/2016\/02\/daredevil-cover.png","contentUrl":"http:\/\/www.reconoce.mx\/wp-content\/uploads\/2016\/02\/daredevil-cover.png","width":590,"height":380},{"@type":"BreadcrumbList","@id":"http:\/\/www.reconoce.mx\/?p=44584#breadcrumb","itemListElement":[{"@type":"ListItem","position":1,"name":"Portada","item":"http:\/\/www.reconoce.mx\/"},{"@type":"ListItem","position":2,"name":"&#8216;Daredevil&#8217; regresa a Netflix en marzo 18"}]},{"@type":"WebSite","@id":"http:\/\/www.reconoce.mx\/#website","url":"http:\/\/www.reconoce.mx\/","name":"Reconoce MX","description":"En Reconoce MX difundimos arte, cultura y conciencia social en M\u00e9xico. Tu ciudad en otra perspectiva.","publisher":{"@id":"http:\/\/www.reconoce.mx\/#organization"},"potentialAction":[{"@type":"SearchAction","target":{"@type":"EntryPoint","urlTemplate":"http:\/\/www.reconoce.mx\/?s={search_term_string}"},"query-input":{"@type":"PropertyValueSpecification","valueRequired":true,"valueName":"search_term_string"}}],"inLanguage":"es"},{"@type":"Organization","@id":"http:\/\/www.reconoce.mx\/#organization","name":"Reconoce MX","url":"http:\/\/www.reconoce.mx\/","logo":{"@type":"ImageObject","inLanguage":"es","@id":"http:\/\/www.reconoce.mx\/#\/schema\/logo\/image\/","url":"https:\/\/www.reconoce.mx\/wp-content\/uploads\/2019\/03\/logorcmx-good-1.png","contentUrl":"https:\/\/www.reconoce.mx\/wp-content\/uploads\/2019\/03\/logorcmx-good-1.png","width":280,"height":90,"caption":"Reconoce MX"},"image":{"@id":"http:\/\/www.reconoce.mx\/#\/schema\/logo\/image\/"},"sameAs":["https:\/\/es-la.facebook.com\/ReconoceMX\/","https:\/\/x.com\/reconocemx","http:\/\/@reconocemx"]},{"@type":"Person","@id":"http:\/\/www.reconoce.mx\/#\/schema\/person\/2117e997d7051dc15d6880eaf9bca0b2","name":"Reconoce MX","image":{"@type":"ImageObject","inLanguage":"es","@id":"http:\/\/www.reconoce.mx\/#\/schema\/person\/image\/","url":"https:\/\/secure.gravatar.com\/avatar\/6c8d4dc7569ca1c90c5fdcc349f839d5ddef6fe1e70b4337ead2ef1a4c43fc3a?s=96&d=identicon&r=g","contentUrl":"https:\/\/secure.gravatar.com\/avatar\/6c8d4dc7569ca1c90c5fdcc349f839d5ddef6fe1e70b4337ead2ef1a4c43fc3a?s=96&d=identicon&r=g","caption":"Reconoce MX"},"description":"Reconoce MX es un proyecto de difusi\u00f3n art\u00edstica, cultural y de conciencia social que est\u00e1 enfocado a difundir y fomentar el entretenimiento alternativo de calidad para todo el p\u00fablico que comparta el mismo entusiasmo.","sameAs":["http:\/\/www.reconoce.mx"],"url":"http:\/\/www.reconoce.mx\/?author=2"}]}},"_links":{"self":[{"href":"http:\/\/www.reconoce.mx\/index.php?rest_route=\/wp\/v2\/posts\/44584","targetHints":{"allow":["GET"]}}],"collection":[{"href":"http:\/\/www.reconoce.mx\/index.php?rest_route=\/wp\/v2\/posts"}],"about":[{"href":"http:\/\/www.reconoce.mx\/index.php?rest_route=\/wp\/v2\/types\/post"}],"author":[{"embeddable":true,"href":"http:\/\/www.reconoce.mx\/index.php?rest_route=\/wp\/v2\/users\/2"}],"replies":[{"embeddable":true,"href":"http:\/\/www.reconoce.mx\/index.php?rest_route=%2Fwp%2Fv2%2Fcomments&post=44584"}],"version-history":[{"count":4,"href":"http:\/\/www.reconoce.mx\/index.php?rest_route=\/wp\/v2\/posts\/44584\/revisions"}],"predecessor-version":[{"id":44684,"href":"http:\/\/www.reconoce.mx\/index.php?rest_route=\/wp\/v2\/posts\/44584\/revisions\/44684"}],"wp:featuredmedia":[{"embeddable":true,"href":"http:\/\/www.reconoce.mx\/index.php?rest_route=\/wp\/v2\/media\/44586"}],"wp:attachment":[{"href":"http:\/\/www.reconoce.mx\/index.php?rest_route=%2Fwp%2Fv2%2Fmedia&parent=44584"}],"wp:term":[{"taxonomy":"category","embeddable":true,"href":"http:\/\/www.reconoce.mx\/index.php?rest_route=%2Fwp%2Fv2%2Fcategories&post=44584"},{"taxonomy":"post_tag","embeddable":true,"href":"http:\/\/www.reconoce.mx\/index.php?rest_route=%2Fwp%2Fv2%2Ftags&post=44584"}],"curies":[{"name":"wp","href":"https:\/\/api.w.org\/{rel}","templated":true}]}}