{"id":44589,"date":"2016-02-25T00:02:50","date_gmt":"2016-02-25T06:02:50","guid":{"rendered":"http:\/\/www.reconoce.mx\/?p=44589"},"modified":"2016-02-24T23:10:01","modified_gmt":"2016-02-25T05:10:01","slug":"cocinacentral-nrmal-un-festin-tambien-para-el-paladar","status":"publish","type":"post","link":"http:\/\/www.reconoce.mx\/?p=44589","title":{"rendered":"#CocinaCentral: &#8216;Nrmal&#8217;, un fest\u00edn tambi\u00e9n para el paladar"},"content":{"rendered":"<p><strong>Por <a title=\"@AsfaltosTweets\" href=\"http:\/\/twitter.com\/AsfaltosTweets\" target=\"_blank\">Asfaltos<\/a><\/strong>.<\/p>\n<p>Un festival no es otra cosa que una fiestota, \u00bfy qu\u00e9 es una fiestota sin comida&#8230;? Bajo esa idea, y con la intenci\u00f3n de romper la cl\u00e1sica comida festivalera, el <strong><a href=\"http:\/\/www.reconoce.mx\/?s=NRMAL\">Festival Nrmal<\/a><\/strong> se ha propuesto incluir en su line up musical una jugosa selecci\u00f3n gastron\u00f3mica de modo tal que adem\u00e1s de la m\u00fasica, la comida se vuelva una experiencia inolvidable.<\/p>\n<p><img loading=\"lazy\" decoding=\"async\" class=\"aligncenter size-full wp-image-44595\" src=\"http:\/\/www.reconoce.mx\/wp-content\/uploads\/2016\/02\/unnamed.png\" alt=\"unnamed\" width=\"1464\" height=\"574\" srcset=\"http:\/\/www.reconoce.mx\/wp-content\/uploads\/2016\/02\/unnamed.png 1464w, http:\/\/www.reconoce.mx\/wp-content\/uploads\/2016\/02\/unnamed-300x118.png 300w, http:\/\/www.reconoce.mx\/wp-content\/uploads\/2016\/02\/unnamed-1024x401.png 1024w, http:\/\/www.reconoce.mx\/wp-content\/uploads\/2016\/02\/unnamed-150x59.png 150w, http:\/\/www.reconoce.mx\/wp-content\/uploads\/2016\/02\/unnamed-700x274.png 700w, http:\/\/www.reconoce.mx\/wp-content\/uploads\/2016\/02\/unnamed-658x258.png 658w\" sizes=\"auto, (max-width: 1464px) 100vw, 1464px\" \/><\/p>\n<p>Ali\u00e1ndose con <strong>Comilona<\/strong>, plataforma af\u00edn en constante di\u00e1logo con la escena gastron\u00f3mica de la capital mexicana, se integr\u00f3 <a href=\"https:\/\/twitter.com\/hashtag\/cocinacentral?src=hash\" target=\"_blank\">#CocinaCentral<\/a> al <strong>Nrmal<\/strong> con la idea de dar muestra de la enorme oferta culinaria en nuestra ciudad, y sobre todo de compartir la comida que ofrece riesgo y originalidad a los men\u00fas que diariamente nos llevamos -literalmente- a la boca.<\/p>\n<p>Para esta edici\u00f3n, por el puro amor de consentir al paladar, <a href=\"https:\/\/twitter.com\/hashtag\/cocinacentral?src=hash\" target=\"_blank\">#CocinaCentral<\/a> presentar\u00e1 dos proyectos gastron\u00f3micos y dos chefs que presentar\u00e1n un men\u00fa especialmente creado para <strong>Festival Nrmal<\/strong>. <strong>Pich\u00f3n<\/strong>, <strong>Campobaja<\/strong>, <strong>Ra\u00fal G\u00f3ngora<\/strong> y <strong>Jorge Garc\u00eda<\/strong> (detr\u00e1s de las cocinas de <strong>San Pascual Bailongo<\/strong> y <strong>Cine Tonal\u00e1<\/strong>, respectivamente), son el line up gastron\u00f3mico oficial de la tercera edici\u00f3n de <strong>Nrmal<\/strong> en Ciudad de M\u00e9xico; y forman parte, como debe de ser, de las esperadas \u00abSesiones Gastron\u00f3micas de Autor\u00bb.<\/p>\n<p>Los men\u00fas de las \u00abSesiones Gastron\u00f3micas de Autor\u00bb (que se promete se anunciar\u00e1n pronto, as\u00ed como los horarios y venta de boletos para \u00e9stas), incluyen maridaje con etiquetas de <strong>Cervecer\u00eda Insurgentes<\/strong>, <strong>Cerveza Buscapleitos<\/strong> y <strong>Vino Fluxus<\/strong>. La propuesta de <a href=\"https:\/\/twitter.com\/hashtag\/cocinacentral?src=hash\" target=\"_blank\">#CocinaCentral<\/a> se redondea con caf\u00e9 <strong>Cardinal<\/strong>.<\/p>\n<p style=\"text-align: right;\">Con informaci\u00f3n e im\u00e1genes cortes\u00eda de <strong>MalfiCo<\/strong>.<\/p>\n<p>&nbsp;<\/p>\n<p>&nbsp;<\/p>\n","protected":false},"excerpt":{"rendered":"<p>Un festival no es otra cosa que una fiestota, \u00bfy qu\u00e9 es una fiestota sin comida\u2026?<\/p>\n","protected":false},"author":2,"featured_media":44590,"comment_status":"open","ping_status":"open","sticky":false,"template":"","format":"standard","meta":{"footnotes":""},"categories":[3,49,17],"tags":[],"class_list":["post-44589","post","type-post","status-publish","format-standard","has-post-thumbnail","hentry","category-ciudad","category-gastronomia","category-principal"],"yoast_head":"<!-- This site is optimized with the Yoast SEO plugin v24.7 - https:\/\/yoast.com\/wordpress\/plugins\/seo\/ -->\n<title>#CocinaCentral: &#039;Nrmal&#039;, un fest\u00edn tambi\u00e9n para el paladar &#171; Reconoce MX<\/title>\n<meta name=\"robots\" content=\"index, follow, max-snippet:-1, max-image-preview:large, max-video-preview:-1\" \/>\n<link rel=\"canonical\" href=\"http:\/\/www.reconoce.mx\/?p=44589\" \/>\n<meta property=\"og:locale\" content=\"es_ES\" \/>\n<meta property=\"og:type\" content=\"article\" \/>\n<meta property=\"og:title\" content=\"#CocinaCentral: &#039;Nrmal&#039;, un fest\u00edn tambi\u00e9n para el paladar &#171; Reconoce MX\" \/>\n<meta property=\"og:description\" content=\"Un festival no es otra cosa que una fiestota, \u00bfy qu\u00e9 es una fiestota sin comida\u2026?\" \/>\n<meta property=\"og:url\" content=\"http:\/\/www.reconoce.mx\/?p=44589\" \/>\n<meta property=\"og:site_name\" content=\"Reconoce MX\" \/>\n<meta property=\"article:publisher\" content=\"https:\/\/es-la.facebook.com\/ReconoceMX\/\" \/>\n<meta property=\"article:published_time\" content=\"2016-02-25T06:02:50+00:00\" \/>\n<meta property=\"og:image\" content=\"http:\/\/www.reconoce.mx\/wp-content\/uploads\/2016\/02\/cocinacentral.png\" \/>\n\t<meta property=\"og:image:width\" content=\"590\" \/>\n\t<meta property=\"og:image:height\" content=\"380\" \/>\n\t<meta property=\"og:image:type\" content=\"image\/png\" \/>\n<meta name=\"author\" content=\"Reconoce MX\" \/>\n<meta name=\"twitter:card\" content=\"summary_large_image\" \/>\n<meta name=\"twitter:creator\" content=\"@reconocemx\" \/>\n<meta name=\"twitter:site\" content=\"@reconocemx\" \/>\n<meta name=\"twitter:label1\" content=\"Escrito por\" \/>\n\t<meta name=\"twitter:data1\" content=\"Reconoce MX\" \/>\n\t<meta name=\"twitter:label2\" content=\"Tiempo de lectura\" \/>\n\t<meta name=\"twitter:data2\" content=\"1 minuto\" \/>\n<script type=\"application\/ld+json\" class=\"yoast-schema-graph\">{\"@context\":\"https:\/\/schema.org\",\"@graph\":[{\"@type\":\"Article\",\"@id\":\"http:\/\/www.reconoce.mx\/?p=44589#article\",\"isPartOf\":{\"@id\":\"http:\/\/www.reconoce.mx\/?p=44589\"},\"author\":{\"name\":\"Reconoce MX\",\"@id\":\"http:\/\/www.reconoce.mx\/#\/schema\/person\/2117e997d7051dc15d6880eaf9bca0b2\"},\"headline\":\"#CocinaCentral: &#8216;Nrmal&#8217;, un fest\u00edn tambi\u00e9n para el paladar\",\"datePublished\":\"2016-02-25T06:02:50+00:00\",\"mainEntityOfPage\":{\"@id\":\"http:\/\/www.reconoce.mx\/?p=44589\"},\"wordCount\":291,\"commentCount\":0,\"publisher\":{\"@id\":\"http:\/\/www.reconoce.mx\/#organization\"},\"image\":{\"@id\":\"http:\/\/www.reconoce.mx\/?p=44589#primaryimage\"},\"thumbnailUrl\":\"http:\/\/www.reconoce.mx\/wp-content\/uploads\/2016\/02\/cocinacentral.png\",\"articleSection\":[\"Ciudad\",\"Gastronom\u00eda\",\"Principal\"],\"inLanguage\":\"es\",\"potentialAction\":[{\"@type\":\"CommentAction\",\"name\":\"Comment\",\"target\":[\"http:\/\/www.reconoce.mx\/?p=44589#respond\"]}]},{\"@type\":\"WebPage\",\"@id\":\"http:\/\/www.reconoce.mx\/?p=44589\",\"url\":\"http:\/\/www.reconoce.mx\/?p=44589\",\"name\":\"#CocinaCentral: 'Nrmal', un fest\u00edn tambi\u00e9n para el paladar &#171; Reconoce MX\",\"isPartOf\":{\"@id\":\"http:\/\/www.reconoce.mx\/#website\"},\"primaryImageOfPage\":{\"@id\":\"http:\/\/www.reconoce.mx\/?p=44589#primaryimage\"},\"image\":{\"@id\":\"http:\/\/www.reconoce.mx\/?p=44589#primaryimage\"},\"thumbnailUrl\":\"http:\/\/www.reconoce.mx\/wp-content\/uploads\/2016\/02\/cocinacentral.png\",\"datePublished\":\"2016-02-25T06:02:50+00:00\",\"breadcrumb\":{\"@id\":\"http:\/\/www.reconoce.mx\/?p=44589#breadcrumb\"},\"inLanguage\":\"es\",\"potentialAction\":[{\"@type\":\"ReadAction\",\"target\":[\"http:\/\/www.reconoce.mx\/?p=44589\"]}]},{\"@type\":\"ImageObject\",\"inLanguage\":\"es\",\"@id\":\"http:\/\/www.reconoce.mx\/?p=44589#primaryimage\",\"url\":\"http:\/\/www.reconoce.mx\/wp-content\/uploads\/2016\/02\/cocinacentral.png\",\"contentUrl\":\"http:\/\/www.reconoce.mx\/wp-content\/uploads\/2016\/02\/cocinacentral.png\",\"width\":590,\"height\":380},{\"@type\":\"BreadcrumbList\",\"@id\":\"http:\/\/www.reconoce.mx\/?p=44589#breadcrumb\",\"itemListElement\":[{\"@type\":\"ListItem\",\"position\":1,\"name\":\"Portada\",\"item\":\"http:\/\/www.reconoce.mx\/\"},{\"@type\":\"ListItem\",\"position\":2,\"name\":\"#CocinaCentral: &#8216;Nrmal&#8217;, un fest\u00edn tambi\u00e9n para el paladar\"}]},{\"@type\":\"WebSite\",\"@id\":\"http:\/\/www.reconoce.mx\/#website\",\"url\":\"http:\/\/www.reconoce.mx\/\",\"name\":\"Reconoce MX\",\"description\":\"En Reconoce MX difundimos arte, cultura y conciencia social en M\u00e9xico. Tu ciudad en otra perspectiva.\",\"publisher\":{\"@id\":\"http:\/\/www.reconoce.mx\/#organization\"},\"potentialAction\":[{\"@type\":\"SearchAction\",\"target\":{\"@type\":\"EntryPoint\",\"urlTemplate\":\"http:\/\/www.reconoce.mx\/?s={search_term_string}\"},\"query-input\":{\"@type\":\"PropertyValueSpecification\",\"valueRequired\":true,\"valueName\":\"search_term_string\"}}],\"inLanguage\":\"es\"},{\"@type\":\"Organization\",\"@id\":\"http:\/\/www.reconoce.mx\/#organization\",\"name\":\"Reconoce MX\",\"url\":\"http:\/\/www.reconoce.mx\/\",\"logo\":{\"@type\":\"ImageObject\",\"inLanguage\":\"es\",\"@id\":\"http:\/\/www.reconoce.mx\/#\/schema\/logo\/image\/\",\"url\":\"https:\/\/www.reconoce.mx\/wp-content\/uploads\/2019\/03\/logorcmx-good-1.png\",\"contentUrl\":\"https:\/\/www.reconoce.mx\/wp-content\/uploads\/2019\/03\/logorcmx-good-1.png\",\"width\":280,\"height\":90,\"caption\":\"Reconoce MX\"},\"image\":{\"@id\":\"http:\/\/www.reconoce.mx\/#\/schema\/logo\/image\/\"},\"sameAs\":[\"https:\/\/es-la.facebook.com\/ReconoceMX\/\",\"https:\/\/x.com\/reconocemx\",\"http:\/\/@reconocemx\"]},{\"@type\":\"Person\",\"@id\":\"http:\/\/www.reconoce.mx\/#\/schema\/person\/2117e997d7051dc15d6880eaf9bca0b2\",\"name\":\"Reconoce MX\",\"image\":{\"@type\":\"ImageObject\",\"inLanguage\":\"es\",\"@id\":\"http:\/\/www.reconoce.mx\/#\/schema\/person\/image\/\",\"url\":\"https:\/\/secure.gravatar.com\/avatar\/6c8d4dc7569ca1c90c5fdcc349f839d5ddef6fe1e70b4337ead2ef1a4c43fc3a?s=96&d=identicon&r=g\",\"contentUrl\":\"https:\/\/secure.gravatar.com\/avatar\/6c8d4dc7569ca1c90c5fdcc349f839d5ddef6fe1e70b4337ead2ef1a4c43fc3a?s=96&d=identicon&r=g\",\"caption\":\"Reconoce MX\"},\"description\":\"Reconoce MX es un proyecto de difusi\u00f3n art\u00edstica, cultural y de conciencia social que est\u00e1 enfocado a difundir y fomentar el entretenimiento alternativo de calidad para todo el p\u00fablico que comparta el mismo entusiasmo.\",\"sameAs\":[\"http:\/\/www.reconoce.mx\"],\"url\":\"http:\/\/www.reconoce.mx\/?author=2\"}]}<\/script>\n<!-- \/ Yoast SEO plugin. -->","yoast_head_json":{"title":"#CocinaCentral: 'Nrmal', un fest\u00edn tambi\u00e9n para el paladar &#171; Reconoce MX","robots":{"index":"index","follow":"follow","max-snippet":"max-snippet:-1","max-image-preview":"max-image-preview:large","max-video-preview":"max-video-preview:-1"},"canonical":"http:\/\/www.reconoce.mx\/?p=44589","og_locale":"es_ES","og_type":"article","og_title":"#CocinaCentral: 'Nrmal', un fest\u00edn tambi\u00e9n para el paladar &#171; Reconoce MX","og_description":"Un festival no es otra cosa que una fiestota, \u00bfy qu\u00e9 es una fiestota sin comida\u2026?","og_url":"http:\/\/www.reconoce.mx\/?p=44589","og_site_name":"Reconoce MX","article_publisher":"https:\/\/es-la.facebook.com\/ReconoceMX\/","article_published_time":"2016-02-25T06:02:50+00:00","og_image":[{"width":590,"height":380,"url":"http:\/\/www.reconoce.mx\/wp-content\/uploads\/2016\/02\/cocinacentral.png","type":"image\/png"}],"author":"Reconoce MX","twitter_card":"summary_large_image","twitter_creator":"@reconocemx","twitter_site":"@reconocemx","twitter_misc":{"Escrito por":"Reconoce MX","Tiempo de lectura":"1 minuto"},"schema":{"@context":"https:\/\/schema.org","@graph":[{"@type":"Article","@id":"http:\/\/www.reconoce.mx\/?p=44589#article","isPartOf":{"@id":"http:\/\/www.reconoce.mx\/?p=44589"},"author":{"name":"Reconoce MX","@id":"http:\/\/www.reconoce.mx\/#\/schema\/person\/2117e997d7051dc15d6880eaf9bca0b2"},"headline":"#CocinaCentral: &#8216;Nrmal&#8217;, un fest\u00edn tambi\u00e9n para el paladar","datePublished":"2016-02-25T06:02:50+00:00","mainEntityOfPage":{"@id":"http:\/\/www.reconoce.mx\/?p=44589"},"wordCount":291,"commentCount":0,"publisher":{"@id":"http:\/\/www.reconoce.mx\/#organization"},"image":{"@id":"http:\/\/www.reconoce.mx\/?p=44589#primaryimage"},"thumbnailUrl":"http:\/\/www.reconoce.mx\/wp-content\/uploads\/2016\/02\/cocinacentral.png","articleSection":["Ciudad","Gastronom\u00eda","Principal"],"inLanguage":"es","potentialAction":[{"@type":"CommentAction","name":"Comment","target":["http:\/\/www.reconoce.mx\/?p=44589#respond"]}]},{"@type":"WebPage","@id":"http:\/\/www.reconoce.mx\/?p=44589","url":"http:\/\/www.reconoce.mx\/?p=44589","name":"#CocinaCentral: 'Nrmal', un fest\u00edn tambi\u00e9n para el paladar &#171; Reconoce MX","isPartOf":{"@id":"http:\/\/www.reconoce.mx\/#website"},"primaryImageOfPage":{"@id":"http:\/\/www.reconoce.mx\/?p=44589#primaryimage"},"image":{"@id":"http:\/\/www.reconoce.mx\/?p=44589#primaryimage"},"thumbnailUrl":"http:\/\/www.reconoce.mx\/wp-content\/uploads\/2016\/02\/cocinacentral.png","datePublished":"2016-02-25T06:02:50+00:00","breadcrumb":{"@id":"http:\/\/www.reconoce.mx\/?p=44589#breadcrumb"},"inLanguage":"es","potentialAction":[{"@type":"ReadAction","target":["http:\/\/www.reconoce.mx\/?p=44589"]}]},{"@type":"ImageObject","inLanguage":"es","@id":"http:\/\/www.reconoce.mx\/?p=44589#primaryimage","url":"http:\/\/www.reconoce.mx\/wp-content\/uploads\/2016\/02\/cocinacentral.png","contentUrl":"http:\/\/www.reconoce.mx\/wp-content\/uploads\/2016\/02\/cocinacentral.png","width":590,"height":380},{"@type":"BreadcrumbList","@id":"http:\/\/www.reconoce.mx\/?p=44589#breadcrumb","itemListElement":[{"@type":"ListItem","position":1,"name":"Portada","item":"http:\/\/www.reconoce.mx\/"},{"@type":"ListItem","position":2,"name":"#CocinaCentral: &#8216;Nrmal&#8217;, un fest\u00edn tambi\u00e9n para el paladar"}]},{"@type":"WebSite","@id":"http:\/\/www.reconoce.mx\/#website","url":"http:\/\/www.reconoce.mx\/","name":"Reconoce MX","description":"En Reconoce MX difundimos arte, cultura y conciencia social en M\u00e9xico. Tu ciudad en otra perspectiva.","publisher":{"@id":"http:\/\/www.reconoce.mx\/#organization"},"potentialAction":[{"@type":"SearchAction","target":{"@type":"EntryPoint","urlTemplate":"http:\/\/www.reconoce.mx\/?s={search_term_string}"},"query-input":{"@type":"PropertyValueSpecification","valueRequired":true,"valueName":"search_term_string"}}],"inLanguage":"es"},{"@type":"Organization","@id":"http:\/\/www.reconoce.mx\/#organization","name":"Reconoce MX","url":"http:\/\/www.reconoce.mx\/","logo":{"@type":"ImageObject","inLanguage":"es","@id":"http:\/\/www.reconoce.mx\/#\/schema\/logo\/image\/","url":"https:\/\/www.reconoce.mx\/wp-content\/uploads\/2019\/03\/logorcmx-good-1.png","contentUrl":"https:\/\/www.reconoce.mx\/wp-content\/uploads\/2019\/03\/logorcmx-good-1.png","width":280,"height":90,"caption":"Reconoce MX"},"image":{"@id":"http:\/\/www.reconoce.mx\/#\/schema\/logo\/image\/"},"sameAs":["https:\/\/es-la.facebook.com\/ReconoceMX\/","https:\/\/x.com\/reconocemx","http:\/\/@reconocemx"]},{"@type":"Person","@id":"http:\/\/www.reconoce.mx\/#\/schema\/person\/2117e997d7051dc15d6880eaf9bca0b2","name":"Reconoce MX","image":{"@type":"ImageObject","inLanguage":"es","@id":"http:\/\/www.reconoce.mx\/#\/schema\/person\/image\/","url":"https:\/\/secure.gravatar.com\/avatar\/6c8d4dc7569ca1c90c5fdcc349f839d5ddef6fe1e70b4337ead2ef1a4c43fc3a?s=96&d=identicon&r=g","contentUrl":"https:\/\/secure.gravatar.com\/avatar\/6c8d4dc7569ca1c90c5fdcc349f839d5ddef6fe1e70b4337ead2ef1a4c43fc3a?s=96&d=identicon&r=g","caption":"Reconoce MX"},"description":"Reconoce MX es un proyecto de difusi\u00f3n art\u00edstica, cultural y de conciencia social que est\u00e1 enfocado a difundir y fomentar el entretenimiento alternativo de calidad para todo el p\u00fablico que comparta el mismo entusiasmo.","sameAs":["http:\/\/www.reconoce.mx"],"url":"http:\/\/www.reconoce.mx\/?author=2"}]}},"_links":{"self":[{"href":"http:\/\/www.reconoce.mx\/index.php?rest_route=\/wp\/v2\/posts\/44589","targetHints":{"allow":["GET"]}}],"collection":[{"href":"http:\/\/www.reconoce.mx\/index.php?rest_route=\/wp\/v2\/posts"}],"about":[{"href":"http:\/\/www.reconoce.mx\/index.php?rest_route=\/wp\/v2\/types\/post"}],"author":[{"embeddable":true,"href":"http:\/\/www.reconoce.mx\/index.php?rest_route=\/wp\/v2\/users\/2"}],"replies":[{"embeddable":true,"href":"http:\/\/www.reconoce.mx\/index.php?rest_route=%2Fwp%2Fv2%2Fcomments&post=44589"}],"version-history":[{"count":3,"href":"http:\/\/www.reconoce.mx\/index.php?rest_route=\/wp\/v2\/posts\/44589\/revisions"}],"predecessor-version":[{"id":44599,"href":"http:\/\/www.reconoce.mx\/index.php?rest_route=\/wp\/v2\/posts\/44589\/revisions\/44599"}],"wp:featuredmedia":[{"embeddable":true,"href":"http:\/\/www.reconoce.mx\/index.php?rest_route=\/wp\/v2\/media\/44590"}],"wp:attachment":[{"href":"http:\/\/www.reconoce.mx\/index.php?rest_route=%2Fwp%2Fv2%2Fmedia&parent=44589"}],"wp:term":[{"taxonomy":"category","embeddable":true,"href":"http:\/\/www.reconoce.mx\/index.php?rest_route=%2Fwp%2Fv2%2Fcategories&post=44589"},{"taxonomy":"post_tag","embeddable":true,"href":"http:\/\/www.reconoce.mx\/index.php?rest_route=%2Fwp%2Fv2%2Ftags&post=44589"}],"curies":[{"name":"wp","href":"https:\/\/api.w.org\/{rel}","templated":true}]}}