{"id":44618,"date":"2016-02-24T00:04:53","date_gmt":"2016-02-24T06:04:53","guid":{"rendered":"http:\/\/www.reconoce.mx\/?p=44618"},"modified":"2016-02-24T00:12:13","modified_gmt":"2016-02-24T06:12:13","slug":"festival-internacional-de-cine-unam-un-festival-diferente","status":"publish","type":"post","link":"http:\/\/www.reconoce.mx\/?p=44618","title":{"rendered":"Festival Internacional de Cine UNAM, un festival diferente"},"content":{"rendered":"<p><strong>Por <a title=\"@AsfaltosTweets\" href=\"http:\/\/twitter.com\/AsfaltosTweets\" target=\"_blank\">Asfaltos<\/a><\/strong>.<\/p>\n<p>Regresa una de las citas cin\u00e9filas m\u00e1s esperadas del a\u00f1o; el <strong>Festival Internacional de Cine UNAM<\/strong>, ahora en su sexta edici\u00f3n, se realizar\u00e1 del 24 de febrero al 1 de marzo de 2016. La selecci\u00f3n incluye 99 pel\u00edculas de 30 pa\u00edses. Para quienes viven fuera de Ciudad de M\u00e9xico, es posible ver una selecci\u00f3n de la programaci\u00f3n v\u00eda web.<\/p>\n<p><img loading=\"lazy\" decoding=\"async\" class=\"aligncenter size-full wp-image-44620\" src=\"http:\/\/www.reconoce.mx\/wp-content\/uploads\/2016\/02\/Sin-t\u00edtulo.png\" alt=\"Sin t\u00edtulo\" width=\"755\" height=\"1095\" srcset=\"http:\/\/www.reconoce.mx\/wp-content\/uploads\/2016\/02\/Sin-t\u00edtulo.png 755w, http:\/\/www.reconoce.mx\/wp-content\/uploads\/2016\/02\/Sin-t\u00edtulo-207x300.png 207w, http:\/\/www.reconoce.mx\/wp-content\/uploads\/2016\/02\/Sin-t\u00edtulo-706x1024.png 706w, http:\/\/www.reconoce.mx\/wp-content\/uploads\/2016\/02\/Sin-t\u00edtulo-150x218.png 150w, http:\/\/www.reconoce.mx\/wp-content\/uploads\/2016\/02\/Sin-t\u00edtulo-700x1015.png 700w, http:\/\/www.reconoce.mx\/wp-content\/uploads\/2016\/02\/Sin-t\u00edtulo-658x954.png 658w, http:\/\/www.reconoce.mx\/wp-content\/uploads\/2016\/02\/Sin-t\u00edtulo-300x435.png 300w\" sizes=\"auto, (max-width: 755px) 100vw, 755px\" \/><\/p>\n<p>Incluyendo documentales, ficci\u00f3n e h\u00edbridos, la programaci\u00f3n de <strong>FICUNAM<\/strong> se presenta en siete secciones diversas, y un apartado de cintas que competir\u00e1n por uno de los tres premios que reparte el festival.<\/p>\n<p>Los trabajos proyectados, tanto de directores reconocidos como de emergentes, reafirman el compromiso del <strong>FICUNAM<\/strong> por apostar por un p\u00fablico deseoso de encontrarse con proyectos de dif\u00edcil acceso en nuestro pa\u00eds.<\/p>\n<p>Para disfrutar de <strong>FICUNAM<\/strong> hay que acudir a Ciudad Universitaria \u2014Sala Miguel Covarrubias, Sala Julio Bracho, Sala Jos\u00e9 Revueltas, Sala Carlos Monsiv\u00e1is, Sala Manuel Gonz\u00e1lez Casanova, CUEC, MUAC\u2014, as\u00ed como entrar a los sitios web de <a href=\"https:\/\/cinemauno.com\/\" target=\"_blank\">Cinema UNO<\/a>, <a href=\"https:\/\/www.filminlatino.mx\/\" target=\"_blank\">FilmLatino<\/a> y <a href=\"https:\/\/www.festivalscope.com\/all\/\" target=\"_blank\">Festival Scope<\/a>.<\/p>\n<p>A continuaci\u00f3n la programaci\u00f3n, tanto en competencia como fuera de, dividida por secciones:<\/p>\n<p><iframe loading=\"lazy\" src=\"https:\/\/player.vimeo.com\/video\/154879001?title=0&amp;byline=0&amp;portrait=0\" width=\"590\" height=\"332\" frameborder=\"0\" allowfullscreen=\"allowfullscreen\"><\/iframe><\/p>\n<h2><strong>Selecci\u00f3n oficial en competencia.<\/strong><\/h2>\n<p><strong>Competencia internacional<\/strong>: Doce pel\u00edculas en la competencia internacional provenientes de pa\u00edses como Argentina, China, Rumania, Francia, Irak, Italia, Portugal, Grecia y M\u00e9xico dar\u00e1n cuenta de lo mejor de este perfil.<\/p>\n<ul>\n<li>\u00abBattles (Batallas)\u00bb, Isabelle Tollenaere, B\u00e9lgica &#8211; Pa\u00edses Bajos 2015 (88 min). Premier mexicana.<\/li>\n<li>\u00abBella e perduta (Bella y perdida)\u00bb, Pietro Marcello, Italia 2015 (87 min). Premier mexicana<\/li>\n<li>\u00abChevalier\u00bb, Athina Rachel Tsangari, Grecia 2015 (99 min). Premier latinoamericana<\/li>\n<li>\u00abCuerpo de letra (Embodied Letters)\u00bb, Juli\u00e1n d\u2019Angiolillo, Argentina 2015 (77 min). Premier mexicana.<\/li>\n<li>\u00abEpitafio (Epitaph)\u00bb, Yulene Olaizola &#8211; Rub\u00e9n Imaz, M\u00e9xico 2015 (82 min). Premier latinoamericana.<\/li>\n<li>\u00abHomeland (Iraq Year Zero) (Patria [Irak a\u00f1o cero]) Part I \u2013 Before the Fall \/ Parte 1 &#8211; Antes de la ca\u00edda) \/ Part II \u2013 After the Battle (Parte 2 &#8211; Despu\u00e9s de la batalla)\u00bb, Abbas Fahdel, Irak &#8211; Francia 2015 (334 min). Premier mexicana.<\/li>\n<li>\u00abJohn From\u00bb, Jo\u00e3o Nicolau, Portugal &#8211; Francia 2015 (98 min). Premier mexicana.<\/li>\n<li>\u00abLu bian ye can (El blues de Kaili)\u00bb, Bi Gan, China 2015 (110 min). Premier mexicana.<\/li>\n<li>\u00abMaest\u00e0, la Passion du Christ (Maest\u00e0, la Pasi\u00f3n de Cristo)\u00bb, Andy Gu\u00e9rif, Francia 2015. (61 min). Premier latinoamericana.<\/li>\n<li>\u00abThe Other Side (El otro lado)\u00bb, Roberto Minervini, Francia &#8211; Italia 2015 (92 min). Premier mexicana.<\/li>\n<li>\u00abTales of Two Who Dreamt (Historias de dos que so\u00f1aron)\u00bb, Andrea Bussmann &#8211; Nicol\u00e1s Pereda, M\u00e9xico &#8211; Canad\u00e1 2016 (85 min). Premier latinoamericana.<\/li>\n<li>\u00abUn etaj mai jos (Un piso m\u00e1s abajo)\u00bb, Radu Muntean, Rumania 2015 (93 min). Premier mexicana.<\/li>\n<\/ul>\n<p><strong>Ahora M\u00e9xico<\/strong>: El panorama mexicano se ampl\u00eda con la presentaci\u00f3n de diez pel\u00edculas destinadas a dar a<br \/>\nconocer la obra de j\u00f3venes realizadores.<\/p>\n<ul>\n<li>\u00abCasi para\u00edso\u00bb, Pablo Narezo, M\u00e9xico &#8211; Alemania 2016 (56 min). Premier mundial.<\/li>\n<li>\u00abLos herederos (The Heirs)\u00bb, Jorge Hern\u00e1ndez Aldana, M\u00e9xico 2015 (75 min). Premier CDMX.<\/li>\n<li>\u00ab\u00cdcaros\u00bb, Pedro Gonz\u00e1lez-Rubio, Costa Rica &#8211; Francia &#8211; M\u00e9xico 2015 (53 min). Premier CDMX.<\/li>\n<li>\u00abLas letras (The Letters)\u00bb, Pablo Chavarr\u00eda Guti\u00e9rrez, M\u00e9xico 2015 (77 min). Premier latinoamericana.<\/li>\n<li>\u00abMinotauro (Minotaur)\u00bb, Nicol\u00e1s Pereda, M\u00e9xico &#8211; Canad\u00e1 2015 (53 min). Premier mexicana.<\/li>\n<li>\u00abMotherboard (Placa madre)\u00bb, Bruno Varela, M\u00e9xico &#8211; Bolivia 2016 (54 min). Premier mundial.<\/li>\n<li>\u00abParque Lenin (Lenin Park)\u00bb, Itziar Leemans, Carlos Mignon, M\u00e9xico &#8211; Francia 2015 (75 min). Premier CDMX.<\/li>\n<li>\u00abPozoamargo\u00bb, Enrique Rivero, M\u00e9xico &#8211; Espa\u00f1a 2015 (99 min). Premier internacional.<\/li>\n<li>\u00abSomos lengua (Speaking Tongues)\u00bb, Kyzza Terrazas, M\u00e9xico &#8211; Rep\u00fablica Dominicana 2016 (80 min). Premier mundial.<\/li>\n<li>\u00abWhile Looking for the Devil (Mientras se busca al diablo)\u00bb, Danniel Danniel, Diego Guti\u00e9rrez, M\u00e9xico &#8211; Pa\u00edses Bajos 2016 (84 min). Premier mundial.<\/li>\n<\/ul>\n<p><strong>Aciertos. Encuentro Internacional de Escuelas de Cine<\/strong>:\u00a0 En esta secci\u00f3n dedicada a estudiantes de cine de Iberoam\u00e9rica, diez cortometrajes ofrecer\u00e1n una perspectiva de lo que se est\u00e1 produciendo en las escuelas de cine iberoamericanas.<\/p>\n<ul>\n<li>\u00abEl buzo (The Diver)\u00bb, Esteban Arrangoiz, Centro Universitario de Estudios Cinematogr\u00e1ficos, M\u00e9xico 2015 (16 min).<\/li>\n<li>\u00abDona I Ocell (Mujer y p\u00e1jaro)\u00bb, Nicol\u00e1s Guti\u00e9rrez, Bande \u00e1 Part-Escuela de Cine, Espa\u00f1a<br \/>\n2015 (23 min). Premier CDMX.<\/li>\n<li>\u00abEnsaio sobre minha m\u00e3e (Ensayo sobre mi madre)\u00bb, Jocimar Dias Jr., Universidade Federal Fluminense, Brasil 2014 (20 min). Premier internacional.<\/li>\n<li>\u00abEsta es mi selva (This is My Jungle)\u00bb, Santiago Reale, Universidad Nacional de La Plata, Argentina 2015 (20 min). Premier mexicana.<\/li>\n<li>\u00abFrancesca\u00bb, Sebasti\u00e1n Palominos, Instituto Profesional Arcos, Chile 2014 (22 min). Premier mexicana.<\/li>\n<li>\u00abNada ni nadie (Nothing and No One)\u00bb, Roya Eshraghi Safaifard, Escuela Internacional de Cine y Televisi\u00f3n, Cuba &#8211; Ir\u00e1n &#8211; Costa Rica 2015 (27 min). Premier mundial.<\/li>\n<li>\u00abNi\u00f1a (Girl)\u00bb, Nacho A. Villar, Escuela de Cinematograf\u00eda y del Audiovisual de la Comunidad de Madrid, Espa\u00f1a 2015 (12 min). Premier mexicana.<\/li>\n<li>\u00abNueva vida (New Life)\u00bb, Kiro Russo, Universidad del Cine, Argentina &#8211; Bolivia 2015 (16 min). Premier mexicana.<\/li>\n<li>\u00abPo\u00e7o das almas (Pozo de las almas)\u00bb, Filipa Pinto, Escola Superior de Teatro e Cinema, Portugal 2014 (22 min). Premier latinoamericana.<\/li>\n<li>\u00abLas razones del mundo (The Reasons in the World)\u00bb, Ernesto Mart\u00ednez Bucio, Centro de Capacitaci\u00f3n Cinematogr\u00e1fica, M\u00e9xico 2015 (37 min). Premier CDMX.<\/li>\n<\/ul>\n<h2><strong>Selecci\u00f3n oficial fuera de competencia.<\/strong><\/h2>\n<p dir=\"ltr\"><strong>Manifiesto Contempor\u00e1neo:<\/strong> Secci\u00f3n dedicada al trabajo de los grandes maestros en activo de la cinematograf\u00eda mundial.<\/p>\n<ul>\n<li dir=\"ltr\">\n<p dir=\"ltr\">\u00abLa academia de las musas\u00bb, Jos\u00e9 Luis Guer\u00edn, Espa\u00f1a 2015 (92 min).<\/p>\n<\/li>\n<li dir=\"ltr\">\n<p dir=\"ltr\">\u00abL\u2019Aquarium et la Nation (El acuario y la naci\u00f3n)\u00bb, Jean Marie Straub, Suiza-Francia 2015 (31 min).<\/p>\n<\/li>\n<li dir=\"ltr\">\n<p dir=\"ltr\">\u00abAusma (Alba)\u00bb, Laila Pakalnina, Letonia-Polonia-Estonia 2015 (90 min).<\/p>\n<\/li>\n<li dir=\"ltr\">\n<p dir=\"ltr\">\u00abBoris Sans B\u00e9atrice (Boris sin B\u00e9atrice)\u00bb, Denis Cote, Canad\u00e1 2016 (93 min).<\/p>\n<\/li>\n<li dir=\"ltr\">\n<p dir=\"ltr\">\u00abComoara (El tesoro)\u00bb, Corneliu Porumboiu, Rumania Francia 2015 (89 min).<\/p>\n<\/li>\n<li dir=\"ltr\">\n<p dir=\"ltr\">\u00abThe Exquisite Corpus (Cad\u00e1ver exquisito)\u00bb, Peter Tscherkassky, 2015 (18 min).<\/p>\n<\/li>\n<li dir=\"ltr\">\n<p dir=\"ltr\">\u00abJigeumeun Matgo Geuttaeneun Teullida (Justo ahora, mal entonces)\u00bb, Hong Sangsoo, Corea del Sur 2015 (121 min).<\/p>\n<\/li>\n<li dir=\"ltr\">\n<p dir=\"ltr\">\u00abLa l\u00e9gende dor\u00e9e (La leyenda dorada)\u00bb, Olivier Smolders, B\u00e9lgica 2015 (24 min).<\/p>\n<\/li>\n<li dir=\"ltr\">\n<p dir=\"ltr\">\u00abMeurtri\u00e8re (Mort\u00edfera)\u00bb, Philippe Grandrieux, Francia 2015 (60 min).<\/p>\n<\/li>\n<li dir=\"ltr\">\n<p dir=\"ltr\">\u00abSangue del mio sangue (Sangre de mi sangre)\u00bb, Marco Bellocchio, Italia-Francia-Suiza 2015 (106 min).<\/p>\n<\/li>\n<li dir=\"ltr\">\n<p dir=\"ltr\">\u00abSobytie (El evento)\u00bb, Sergei Lozntisa, B\u00e9lgica-Pa\u00edses Bajos 2015 (74 min).<\/p>\n<\/li>\n<\/ul>\n<p dir=\"ltr\"><strong>El Porvenir:<\/strong> Secci\u00f3n dedicada a los autores en formaci\u00f3n que con su trabajo construyen el cine del futuro.<\/p>\n<ul>\n<li dir=\"ltr\">\n<p dir=\"ltr\">\u00abAnino Sa Likod ng Buwan (La sombra tras la luna)\u00bb, Jun Robles Lana, Filipinas 2015 (120 min).<\/p>\n<\/li>\n<li dir=\"ltr\">\n<p dir=\"ltr\">\u00abEntrelazado\u00bb, Riccardo Giacconi, Colombia 2015 (37 min).<\/p>\n<\/li>\n<li dir=\"ltr\">\n<p dir=\"ltr\">\u00abA festa e os c\u00e3es (La fiesta y los perros)\u00bb, Leonardo Mouramateus, Brasil 2015 (25 min).<\/p>\n<\/li>\n<li dir=\"ltr\">\n<p dir=\"ltr\">\u00abLa impresi\u00f3n de una guerra (Impression of a War)\u00bb, Camilo Restrepo, Colombia-Francia 2015 (26 min).<\/p>\n<\/li>\n<li dir=\"ltr\">\n<p dir=\"ltr\">\u00abMotu Maeva\u00bb, Maureen Fazendeiro, Francia 2014 (42 min).<\/p>\n<\/li>\n<li dir=\"ltr\">\n<p dir=\"ltr\">\u00abNoite sem dist\u00e2ncia (Noche sin distancia)\u00bb, Lois Pati\u00f1o, Portugal-Espa\u00f1a 2015 (23 min).<\/p>\n<\/li>\n<li dir=\"ltr\">\n<p dir=\"ltr\">\u00abO futebol, (On football)\u00bb, Sergio Oksman, Espa\u00f1a-Brasil 2015 (70 min).<\/p>\n<\/li>\n<li dir=\"ltr\">\n<p dir=\"ltr\">\u00abRastreador de estatuas (The Monument Hunter)\u00bb, Jer\u00f3nimo Rodr\u00edguez, Chile 2015 (71 min).<\/p>\n<\/li>\n<li dir=\"ltr\">\n<p dir=\"ltr\">\u00abRiot (Disturbio)\u00bb, Nathan Silver, EU 2015 (4 min).<\/p>\n<\/li>\n<li dir=\"ltr\">\n<p dir=\"ltr\">\u00abIl Solengo\u00bb, Alessio Rigo de Righi, Matteo Zoppis, Italia 2015 (70 min).<\/p>\n<\/li>\n<li dir=\"ltr\">\n<p dir=\"ltr\">\u00abStinking Heaven (Cielo apestoso)\u00bb, Nathan Silver, EUA 2015 (71 min).<\/p>\n<\/li>\n<\/ul>\n<p dir=\"ltr\"><strong>Retrospectivas:<\/strong> Homenajes a Miguel Gomes y Marlen Khutsiev.<\/p>\n<h2 dir=\"ltr\"><strong>Miguel Gomes.<\/strong><\/h2>\n<p>Oriundo de Lisboa, Miguel Gomes (1972) primero escribi\u00f3 sobre pel\u00edculas para luego devenir cineasta. Su carrera como cr\u00edtico en peri\u00f3dicos y revistas termin\u00f3 al final de los noventa. A partir de entonces, se ha dedicado a contar con im\u00e1genes la sintaxis de sus experiencias.<\/p>\n<ul>\n<li dir=\"ltr\">\n<p dir=\"ltr\">\u00abAs mil e uma noites-Volume 1, o inquieto (Las mil y una noches: Volumen 1, el inquieto)\u00bb, Alemania-Francia-Portugal-<wbr \/>Suiza 2015 (125 min).<\/p>\n<\/li>\n<li dir=\"ltr\">\n<p dir=\"ltr\">\u00abAs mil e uma noites: Volume 2, o desolado (Las mil y una noches: Volumen 2, el desolado)\u00bb, Alemania-Francia-Portugal-<wbr \/>Suiza 2015 (131 min).<\/p>\n<\/li>\n<li dir=\"ltr\">\n<p dir=\"ltr\">\u00abAs mil e uma noites: Volume 3, O encantado (Las mil y una noches: Volumen 3, el encantado)\u00bb, Alemania-Francia-Portugal-<wbr \/>Suiza 2015 (125 min).<\/p>\n<\/li>\n<li dir=\"ltr\">\n<p dir=\"ltr\">\u00abRedemption (Redenci\u00f3n)\u00bb, Portugal-Alemania-Francia-<wbr \/>Italia 2013 (26 min).<\/p>\n<\/li>\n<li dir=\"ltr\">\n<p dir=\"ltr\">\u00abTabu (Tab\u00fa)\u00bb, Portugal-Brasil-Alemania-<wbr \/>Francia 2012 (110 min).<\/p>\n<\/li>\n<li dir=\"ltr\">\n<p dir=\"ltr\">\u00abAquele querido m\u00eas de agosto (Aquel querido mes de agosto)\u00bb, Portugal-Francia 2008 (150 min).<\/p>\n<\/li>\n<li dir=\"ltr\">\n<p dir=\"ltr\">\u00abC\u00e2ntico das criaturas (C\u00e1ntico de las criaturas)\u00bb, Portugal 2006 (24 min).<\/p>\n<\/li>\n<li dir=\"ltr\">\n<p dir=\"ltr\">\u00abPre-Evolution Soccer\u2019s One Minute Dance After a Golden Goal In The Master League (Pre-evoluci\u00f3n de la danza del futbol, con duraci\u00f3n de un minuto, tras el gol de oro en la Master League)\u00bb, Portugal 2004 (1 min).<\/p>\n<\/li>\n<li dir=\"ltr\">\n<p dir=\"ltr\">\u00abA cara que mereces (La cara que mereces)\u00bb, Portugal 2004 (108 min)<\/p>\n<\/li>\n<li dir=\"ltr\">\n<p dir=\"ltr\">\u00abKalkitos\u00bb, Portugal 2002 (19 min).<\/p>\n<\/li>\n<li dir=\"ltr\">\n<p dir=\"ltr\">\u00ab31\u00bb, Portugal 2001 (27 min).<\/p>\n<\/li>\n<li dir=\"ltr\">\n<p dir=\"ltr\">\u00abInvent\u00e1rio de Natal (Inventario de Navidad)\u00bb, Portugal 2000 (23 min).<\/p>\n<\/li>\n<li dir=\"ltr\">\n<p dir=\"ltr\">\u00abEntretanto\u00bb, Portugal 1999 (25 min).<\/p>\n<\/li>\n<\/ul>\n<h2 dir=\"ltr\"><strong>Marlen Khutsiev.<\/strong><\/h2>\n<p>Marlen Khutsiev naci\u00f3 en Tiflis, hoy Rep\u00fablica de Georgia, el 4 de octubre de 1925 cuando la regi\u00f3n todav\u00eda formaba parte de la URSS. Su padre, Martyn Levanovich Khutsishvili, lo nombr\u00f3 como Marlen por la uni\u00f3n de Marx y Lenin. Su madre, Nina Mikhailovna Utenelishvili, fue actriz.<\/p>\n<p>Abogado de las causas po\u00e9ticas y un tanto realistas proporcion\u00f3 las coordenadas para considerar a Mosc\u00fa una ciudad-cine. La Uni\u00f3n Sovi\u00e9tica fue el tel\u00f3n y el alma rusa el ep\u00edlogo de su importancia como artista. Actualmente tiene 90 a\u00f1os y contin\u00faa haciendo cine.<\/p>\n<ul>\n<li dir=\"ltr\">\n<p dir=\"ltr\">\u00abKhutsiev. Motor idjot! (Khutsiev: La acci\u00f3n comienza)\u00bb, Rusia 2015 (84 min).<\/p>\n<\/li>\n<li dir=\"ltr\">\n<p dir=\"ltr\">\u00abBeskone \u010d nost\u2019 (Infinitas)\u00bb, URSS 1992 (206 min).<\/p>\n<\/li>\n<li dir=\"ltr\">\n<p dir=\"ltr\">\u00abPosleslovie (Ep\u00edlogo)\u00bb, URSS 1983 (97 min).<\/p>\n<\/li>\n<li dir=\"ltr\">\n<p dir=\"ltr\">\u00abI vsyo \u00a0taki ya veryu\u2026 (Y todav\u00eda creo)\u00bb, URSS 1974 (120 min).<\/p>\n<\/li>\n<li dir=\"ltr\">\n<p dir=\"ltr\">\u00abByl mesjaz maj (Era el mes de mayo)\u00bb, URSS 1970 (113 min).<\/p>\n<\/li>\n<li dir=\"ltr\">\n<p dir=\"ltr\">\u00abIjul\u2019 skij do\u017ed\u2019 (Lluvia de julio)\u00bb, URSS 1966 (115 min).<\/p>\n<\/li>\n<li dir=\"ltr\">\n<p dir=\"ltr\">\u00abZastava Il\u2019i\u010da (El basti\u00f3n de Ilich)\u00bb, URSS 1965 (197 min).<\/p>\n<\/li>\n<li dir=\"ltr\">\n<p dir=\"ltr\">\u00abDva Fjodora (Dos Fi\u00f3dors)\u00bb, URSS 1958 (88 min).<\/p>\n<\/li>\n<li dir=\"ltr\">\n<p dir=\"ltr\">\u00abVesna na Zarechnoj ulitse (Primavera en la calle Zarechnaya )\u00bb, URSS 1956 (96 min).<\/p>\n<\/li>\n<\/ul>\n<p><strong>Territorios:<\/strong> Isaac Julien. El Museo Universitario de Arte Contempor\u00e1neo &#8211; MUAC, la C\u00e1tedra Ingmar Bergman en Cine y Teatro, y FICUNAM, presentan el trabajo del ingl\u00e9s Isaac Julien. Mientras que el MUAC alberga su exposici\u00f3n, la C\u00e1tedra facilita una conversaci\u00f3n con el artista y el festival proyecta parte de su trabajo cinematogr\u00e1fico.<\/p>\n<ul>\n<li dir=\"ltr\">\n<p dir=\"ltr\">\u00abThe Attendant (El prefecto)\u00bb, Reino Unido 1993, (10 min).<\/p>\n<\/li>\n<li dir=\"ltr\">\n<p dir=\"ltr\">\u00abLooking for Langston (Buscando a Langston), Reino Unido 1989 (44 min).<\/p>\n<\/li>\n<li dir=\"ltr\">\n<p dir=\"ltr\">\u00abTerritories (Territorios)\u00bb, Reino Unido 1984, (25 min).<\/p>\n<\/li>\n<li dir=\"ltr\">\n<p dir=\"ltr\">\u00abWho \u00a0Killed \u00a0Colin \u00a0Roach? (\u00bfQui\u00e9n mat\u00f3 a Colin \u00a0Roach?)\u00bb, Reino Unido 1983, (34 min).<\/p>\n<\/li>\n<\/ul>\n<p dir=\"ltr\"><strong>Archivo Filmoteca de la UNAM:<\/strong> Gracias al invaluable apoyo de la Filmoteca UNAM, FICUNAM ha preparado un programa dedicado a <strong>Leobardo L\u00f3pez Aretche<\/strong> (1942 &#8211; 1970) con copias reci\u00e9n impresas en pel\u00edcula, gracias a Kodak. El programa comprende nueve pel\u00edculas que contaron con la participaci\u00f3n de Aretche.<\/p>\n<ul>\n<li dir=\"ltr\">\n<p dir=\"ltr\">\u00abCrates\u00bb, Alfredo Joskowicz, M\u00e9xico 1970 (85 min).<\/p>\n<\/li>\n<li dir=\"ltr\">\n<p dir=\"ltr\">\u00abLeobardo Barrab\u00e1s, parto sin temor\u00bb, Leobardo L\u00f3pez Aretche, M\u00e9xico 1969 (11 min).<\/p>\n<\/li>\n<li dir=\"ltr\">\n<p dir=\"ltr\">\u00abEl grito\u00bb, Leobardo L\u00f3pez Aretche, M\u00e9xico 1968 (102 min).<\/p>\n<\/li>\n<li dir=\"ltr\">\n<p dir=\"ltr\">\u00abEl hijo\u00bb, Leobardo L\u00f3pez Aretche, M\u00e9xico 1968 (10 min).<\/p>\n<\/li>\n<li dir=\"ltr\">\n<p dir=\"ltr\">\u00abCatarsis\u00bb, Leobardo L\u00f3pez Aretche, M\u00e9xico 1967\/8 (4 min).<\/p>\n<\/li>\n<li dir=\"ltr\">\n<p dir=\"ltr\">\u00abS.O.S.\u00bb, Leobardo L\u00f3pez Aretche, M\u00e9xico 1967 (1 min).<\/p>\n<\/li>\n<li dir=\"ltr\">\n<p dir=\"ltr\">\u00abEl jinete del cubo\u00bb, Leobardo L\u00f3pez Aretche, M\u00e9xico 1966 (88 min).<\/p>\n<\/li>\n<li dir=\"ltr\">\n<p dir=\"ltr\">\u00abPante\u00f3n\/No. 45, Leobardo L\u00f3pez Aretche\u00bb, M\u00e9xico 1966 (5 min).<\/p>\n<\/li>\n<li dir=\"ltr\">\n<p dir=\"ltr\">\u00abLapso\u00bb, Leobardo L\u00f3pez Aretche, M\u00e9xico 1965 (10 min).<\/p>\n<\/li>\n<\/ul>\n<p dir=\"ltr\"><strong>Cl\u00e1sicos del siglo XX restaurados:<\/strong><\/p>\n<ul>\n<li dir=\"ltr\">\n<p dir=\"ltr\">\u00abMudar de vida\u00bb, Paulo Rocha, Portugal 1966 (94 min).<\/p>\n<\/li>\n<li dir=\"ltr\">\n<p dir=\"ltr\">\u00abOs verdes anos (Los a\u00f1os verdes)\u00bb, Paulo Rocha, Portugal 1963 (88 min).<\/p>\n<\/li>\n<\/ul>\n<p dir=\"ltr\"><strong>Presentaciones especiales:<\/strong> Esta secci\u00f3n redescubre nuestro patrimonio cinematogr\u00e1fico al rescatar joyas de archivos internacionales. Gracias a la colaboraci\u00f3n de la Filmoteca de la UNAM y la Cinemateca Portuguesa, presentamos un programa del cineasta portugu\u00e9s Paulo Rocha supervisado por Pedro Costa.<\/p>\n<ul>\n<li dir=\"ltr\">Mudar de vida (Mudar de vida), Paulo Rocha, Portugal 1966 (94 min). Sala Miguel Covarrubias el s\u00e1bado 27 de febrero a las 13:15 horas.<\/li>\n<li dir=\"ltr\">Os verdes anos (Los a\u00f1os verdes), Paulo Rocha, Portugal 1963 (88 min). Sala Carlos Monsiv\u00e1is el martes 1 de marzo a las 16:15 horas.<\/li>\n<\/ul>\n<p dir=\"ltr\"><strong>Proyecciones especiales<\/strong>.<\/p>\n<ul>\n<li dir=\"ltr\">\n<p dir=\"ltr\">\u00abThe Thoughts That Once We Had (Los pensamientos que una vez tuvimos)\u00bb, Thom Andersen, EU 2015 (108 min). Lugar: Sala Miguel Covarrubias. Fecha: Jueves 25 de febrero, 17:30 horas.<\/p>\n<\/li>\n<li dir=\"ltr\">\n<p dir=\"ltr\">\u00abSomos lengua (Speaking Tongues)\u00bb, Kyzza Terrazas, M\u00e9xico-Rep\u00fablica Dominicana 2016 (80 min). Lugar: Islas de Ciudad Universitaria. Fecha: Jueves 25 de febrero, 19:30 horas.<\/p>\n<\/li>\n<li dir=\"ltr\">\n<p dir=\"ltr\">\u00abReal Oni Gokko (TAG)\u00bb, Sion Sono, Jap\u00f3n 2015 (85 min). Lugar: Autocinema. Fecha: Viernes 26 de febrero, 20:30 horas.<\/p>\n<\/li>\n<li dir=\"ltr\">Matin\u00e9 infantil IMCINE (Marat\u00f3n de cortometrajes). Lugar: Sala Miguel Covarrubias. Fecha: S\u00e1bado 27 de febrero, 10:00 horas.<\/li>\n<\/ul>\n<p style=\"text-align: right;\">Con informaci\u00f3n e im\u00e1genes cortes\u00eda de <strong>FICUNAM<\/strong>.<\/p>\n<p>&nbsp;<\/p>\n<p>&nbsp;<\/p>\n","protected":false},"excerpt":{"rendered":"<p>Regresa una de las citas cin\u00e9filas m\u00e1s esperadas del a\u00f1o; el Festival Internacional de Cine UNAM, ahora en su sexta edici\u00f3n, se realizar\u00e1 del 24 de febrero al 1 de marzo de 2016.<\/p>\n","protected":false},"author":2,"featured_media":44619,"comment_status":"open","ping_status":"open","sticky":false,"template":"","format":"standard","meta":{"footnotes":""},"categories":[24,1,17],"tags":[],"class_list":["post-44618","post","type-post","status-publish","format-standard","has-post-thumbnail","hentry","category-cine","category-cultura","category-principal"],"yoast_head":"<!-- This site is optimized with the Yoast SEO plugin v24.7 - https:\/\/yoast.com\/wordpress\/plugins\/seo\/ -->\n<title>Festival Internacional de Cine UNAM, un festival diferente &#171; Reconoce MX<\/title>\n<meta name=\"robots\" content=\"index, follow, max-snippet:-1, max-image-preview:large, max-video-preview:-1\" \/>\n<link rel=\"canonical\" href=\"https:\/\/www.reconoce.mx\/?p=44618\" \/>\n<meta property=\"og:locale\" content=\"es_ES\" \/>\n<meta property=\"og:type\" content=\"article\" \/>\n<meta property=\"og:title\" content=\"Festival Internacional de Cine UNAM, un festival diferente &#171; Reconoce MX\" \/>\n<meta property=\"og:description\" content=\"Regresa una de las citas cin\u00e9filas m\u00e1s esperadas del a\u00f1o; el Festival Internacional de Cine UNAM, ahora en su sexta edici\u00f3n, se realizar\u00e1 del 24 de febrero al 1 de marzo de 2016.\" \/>\n<meta property=\"og:url\" content=\"https:\/\/www.reconoce.mx\/?p=44618\" \/>\n<meta property=\"og:site_name\" content=\"Reconoce MX\" \/>\n<meta property=\"article:publisher\" content=\"https:\/\/es-la.facebook.com\/ReconoceMX\/\" \/>\n<meta property=\"article:published_time\" content=\"2016-02-24T06:04:53+00:00\" \/>\n<meta property=\"article:modified_time\" content=\"2016-02-24T06:12:13+00:00\" \/>\n<meta property=\"og:image\" content=\"https:\/\/www.reconoce.mx\/wp-content\/uploads\/2016\/02\/ficunam-cover.png\" \/>\n\t<meta property=\"og:image:width\" content=\"590\" \/>\n\t<meta property=\"og:image:height\" content=\"380\" \/>\n\t<meta property=\"og:image:type\" content=\"image\/png\" \/>\n<meta name=\"author\" content=\"Reconoce MX\" \/>\n<meta name=\"twitter:card\" content=\"summary_large_image\" \/>\n<meta name=\"twitter:creator\" content=\"@reconocemx\" \/>\n<meta name=\"twitter:site\" content=\"@reconocemx\" \/>\n<meta name=\"twitter:label1\" content=\"Escrito por\" \/>\n\t<meta name=\"twitter:data1\" content=\"Reconoce MX\" \/>\n\t<meta name=\"twitter:label2\" content=\"Tiempo de lectura\" \/>\n\t<meta name=\"twitter:data2\" content=\"10 minutos\" \/>\n<script type=\"application\/ld+json\" class=\"yoast-schema-graph\">{\"@context\":\"https:\/\/schema.org\",\"@graph\":[{\"@type\":\"Article\",\"@id\":\"https:\/\/www.reconoce.mx\/?p=44618#article\",\"isPartOf\":{\"@id\":\"https:\/\/www.reconoce.mx\/?p=44618\"},\"author\":{\"name\":\"Reconoce MX\",\"@id\":\"http:\/\/www.reconoce.mx\/#\/schema\/person\/2117e997d7051dc15d6880eaf9bca0b2\"},\"headline\":\"Festival Internacional de Cine UNAM, un festival diferente\",\"datePublished\":\"2016-02-24T06:04:53+00:00\",\"dateModified\":\"2016-02-24T06:12:13+00:00\",\"mainEntityOfPage\":{\"@id\":\"https:\/\/www.reconoce.mx\/?p=44618\"},\"wordCount\":1935,\"commentCount\":0,\"publisher\":{\"@id\":\"http:\/\/www.reconoce.mx\/#organization\"},\"image\":{\"@id\":\"https:\/\/www.reconoce.mx\/?p=44618#primaryimage\"},\"thumbnailUrl\":\"http:\/\/www.reconoce.mx\/wp-content\/uploads\/2016\/02\/ficunam-cover.png\",\"articleSection\":[\"Cine\",\"Cultura\",\"Principal\"],\"inLanguage\":\"es\",\"potentialAction\":[{\"@type\":\"CommentAction\",\"name\":\"Comment\",\"target\":[\"https:\/\/www.reconoce.mx\/?p=44618#respond\"]}]},{\"@type\":\"WebPage\",\"@id\":\"https:\/\/www.reconoce.mx\/?p=44618\",\"url\":\"https:\/\/www.reconoce.mx\/?p=44618\",\"name\":\"Festival Internacional de Cine UNAM, un festival diferente &#171; Reconoce MX\",\"isPartOf\":{\"@id\":\"http:\/\/www.reconoce.mx\/#website\"},\"primaryImageOfPage\":{\"@id\":\"https:\/\/www.reconoce.mx\/?p=44618#primaryimage\"},\"image\":{\"@id\":\"https:\/\/www.reconoce.mx\/?p=44618#primaryimage\"},\"thumbnailUrl\":\"http:\/\/www.reconoce.mx\/wp-content\/uploads\/2016\/02\/ficunam-cover.png\",\"datePublished\":\"2016-02-24T06:04:53+00:00\",\"dateModified\":\"2016-02-24T06:12:13+00:00\",\"breadcrumb\":{\"@id\":\"https:\/\/www.reconoce.mx\/?p=44618#breadcrumb\"},\"inLanguage\":\"es\",\"potentialAction\":[{\"@type\":\"ReadAction\",\"target\":[\"https:\/\/www.reconoce.mx\/?p=44618\"]}]},{\"@type\":\"ImageObject\",\"inLanguage\":\"es\",\"@id\":\"https:\/\/www.reconoce.mx\/?p=44618#primaryimage\",\"url\":\"http:\/\/www.reconoce.mx\/wp-content\/uploads\/2016\/02\/ficunam-cover.png\",\"contentUrl\":\"http:\/\/www.reconoce.mx\/wp-content\/uploads\/2016\/02\/ficunam-cover.png\",\"width\":590,\"height\":380},{\"@type\":\"BreadcrumbList\",\"@id\":\"https:\/\/www.reconoce.mx\/?p=44618#breadcrumb\",\"itemListElement\":[{\"@type\":\"ListItem\",\"position\":1,\"name\":\"Portada\",\"item\":\"http:\/\/www.reconoce.mx\/\"},{\"@type\":\"ListItem\",\"position\":2,\"name\":\"Festival Internacional de Cine UNAM, un festival diferente\"}]},{\"@type\":\"WebSite\",\"@id\":\"http:\/\/www.reconoce.mx\/#website\",\"url\":\"http:\/\/www.reconoce.mx\/\",\"name\":\"Reconoce MX\",\"description\":\"En Reconoce MX difundimos arte, cultura y conciencia social en M\u00e9xico. Tu ciudad en otra perspectiva.\",\"publisher\":{\"@id\":\"http:\/\/www.reconoce.mx\/#organization\"},\"potentialAction\":[{\"@type\":\"SearchAction\",\"target\":{\"@type\":\"EntryPoint\",\"urlTemplate\":\"http:\/\/www.reconoce.mx\/?s={search_term_string}\"},\"query-input\":{\"@type\":\"PropertyValueSpecification\",\"valueRequired\":true,\"valueName\":\"search_term_string\"}}],\"inLanguage\":\"es\"},{\"@type\":\"Organization\",\"@id\":\"http:\/\/www.reconoce.mx\/#organization\",\"name\":\"Reconoce MX\",\"url\":\"http:\/\/www.reconoce.mx\/\",\"logo\":{\"@type\":\"ImageObject\",\"inLanguage\":\"es\",\"@id\":\"http:\/\/www.reconoce.mx\/#\/schema\/logo\/image\/\",\"url\":\"https:\/\/www.reconoce.mx\/wp-content\/uploads\/2019\/03\/logorcmx-good-1.png\",\"contentUrl\":\"https:\/\/www.reconoce.mx\/wp-content\/uploads\/2019\/03\/logorcmx-good-1.png\",\"width\":280,\"height\":90,\"caption\":\"Reconoce MX\"},\"image\":{\"@id\":\"http:\/\/www.reconoce.mx\/#\/schema\/logo\/image\/\"},\"sameAs\":[\"https:\/\/es-la.facebook.com\/ReconoceMX\/\",\"https:\/\/x.com\/reconocemx\",\"http:\/\/@reconocemx\"]},{\"@type\":\"Person\",\"@id\":\"http:\/\/www.reconoce.mx\/#\/schema\/person\/2117e997d7051dc15d6880eaf9bca0b2\",\"name\":\"Reconoce MX\",\"image\":{\"@type\":\"ImageObject\",\"inLanguage\":\"es\",\"@id\":\"http:\/\/www.reconoce.mx\/#\/schema\/person\/image\/\",\"url\":\"https:\/\/secure.gravatar.com\/avatar\/6c8d4dc7569ca1c90c5fdcc349f839d5ddef6fe1e70b4337ead2ef1a4c43fc3a?s=96&d=identicon&r=g\",\"contentUrl\":\"https:\/\/secure.gravatar.com\/avatar\/6c8d4dc7569ca1c90c5fdcc349f839d5ddef6fe1e70b4337ead2ef1a4c43fc3a?s=96&d=identicon&r=g\",\"caption\":\"Reconoce MX\"},\"description\":\"Reconoce MX es un proyecto de difusi\u00f3n art\u00edstica, cultural y de conciencia social que est\u00e1 enfocado a difundir y fomentar el entretenimiento alternativo de calidad para todo el p\u00fablico que comparta el mismo entusiasmo.\",\"sameAs\":[\"http:\/\/www.reconoce.mx\"],\"url\":\"http:\/\/www.reconoce.mx\/?author=2\"}]}<\/script>\n<!-- \/ Yoast SEO plugin. -->","yoast_head_json":{"title":"Festival Internacional de Cine UNAM, un festival diferente &#171; Reconoce MX","robots":{"index":"index","follow":"follow","max-snippet":"max-snippet:-1","max-image-preview":"max-image-preview:large","max-video-preview":"max-video-preview:-1"},"canonical":"https:\/\/www.reconoce.mx\/?p=44618","og_locale":"es_ES","og_type":"article","og_title":"Festival Internacional de Cine UNAM, un festival diferente &#171; Reconoce MX","og_description":"Regresa una de las citas cin\u00e9filas m\u00e1s esperadas del a\u00f1o; el Festival Internacional de Cine UNAM, ahora en su sexta edici\u00f3n, se realizar\u00e1 del 24 de febrero al 1 de marzo de 2016.","og_url":"https:\/\/www.reconoce.mx\/?p=44618","og_site_name":"Reconoce MX","article_publisher":"https:\/\/es-la.facebook.com\/ReconoceMX\/","article_published_time":"2016-02-24T06:04:53+00:00","article_modified_time":"2016-02-24T06:12:13+00:00","og_image":[{"width":590,"height":380,"url":"https:\/\/www.reconoce.mx\/wp-content\/uploads\/2016\/02\/ficunam-cover.png","type":"image\/png"}],"author":"Reconoce MX","twitter_card":"summary_large_image","twitter_creator":"@reconocemx","twitter_site":"@reconocemx","twitter_misc":{"Escrito por":"Reconoce MX","Tiempo de lectura":"10 minutos"},"schema":{"@context":"https:\/\/schema.org","@graph":[{"@type":"Article","@id":"https:\/\/www.reconoce.mx\/?p=44618#article","isPartOf":{"@id":"https:\/\/www.reconoce.mx\/?p=44618"},"author":{"name":"Reconoce MX","@id":"http:\/\/www.reconoce.mx\/#\/schema\/person\/2117e997d7051dc15d6880eaf9bca0b2"},"headline":"Festival Internacional de Cine UNAM, un festival diferente","datePublished":"2016-02-24T06:04:53+00:00","dateModified":"2016-02-24T06:12:13+00:00","mainEntityOfPage":{"@id":"https:\/\/www.reconoce.mx\/?p=44618"},"wordCount":1935,"commentCount":0,"publisher":{"@id":"http:\/\/www.reconoce.mx\/#organization"},"image":{"@id":"https:\/\/www.reconoce.mx\/?p=44618#primaryimage"},"thumbnailUrl":"http:\/\/www.reconoce.mx\/wp-content\/uploads\/2016\/02\/ficunam-cover.png","articleSection":["Cine","Cultura","Principal"],"inLanguage":"es","potentialAction":[{"@type":"CommentAction","name":"Comment","target":["https:\/\/www.reconoce.mx\/?p=44618#respond"]}]},{"@type":"WebPage","@id":"https:\/\/www.reconoce.mx\/?p=44618","url":"https:\/\/www.reconoce.mx\/?p=44618","name":"Festival Internacional de Cine UNAM, un festival diferente &#171; Reconoce MX","isPartOf":{"@id":"http:\/\/www.reconoce.mx\/#website"},"primaryImageOfPage":{"@id":"https:\/\/www.reconoce.mx\/?p=44618#primaryimage"},"image":{"@id":"https:\/\/www.reconoce.mx\/?p=44618#primaryimage"},"thumbnailUrl":"http:\/\/www.reconoce.mx\/wp-content\/uploads\/2016\/02\/ficunam-cover.png","datePublished":"2016-02-24T06:04:53+00:00","dateModified":"2016-02-24T06:12:13+00:00","breadcrumb":{"@id":"https:\/\/www.reconoce.mx\/?p=44618#breadcrumb"},"inLanguage":"es","potentialAction":[{"@type":"ReadAction","target":["https:\/\/www.reconoce.mx\/?p=44618"]}]},{"@type":"ImageObject","inLanguage":"es","@id":"https:\/\/www.reconoce.mx\/?p=44618#primaryimage","url":"http:\/\/www.reconoce.mx\/wp-content\/uploads\/2016\/02\/ficunam-cover.png","contentUrl":"http:\/\/www.reconoce.mx\/wp-content\/uploads\/2016\/02\/ficunam-cover.png","width":590,"height":380},{"@type":"BreadcrumbList","@id":"https:\/\/www.reconoce.mx\/?p=44618#breadcrumb","itemListElement":[{"@type":"ListItem","position":1,"name":"Portada","item":"http:\/\/www.reconoce.mx\/"},{"@type":"ListItem","position":2,"name":"Festival Internacional de Cine UNAM, un festival diferente"}]},{"@type":"WebSite","@id":"http:\/\/www.reconoce.mx\/#website","url":"http:\/\/www.reconoce.mx\/","name":"Reconoce MX","description":"En Reconoce MX difundimos arte, cultura y conciencia social en M\u00e9xico. Tu ciudad en otra perspectiva.","publisher":{"@id":"http:\/\/www.reconoce.mx\/#organization"},"potentialAction":[{"@type":"SearchAction","target":{"@type":"EntryPoint","urlTemplate":"http:\/\/www.reconoce.mx\/?s={search_term_string}"},"query-input":{"@type":"PropertyValueSpecification","valueRequired":true,"valueName":"search_term_string"}}],"inLanguage":"es"},{"@type":"Organization","@id":"http:\/\/www.reconoce.mx\/#organization","name":"Reconoce MX","url":"http:\/\/www.reconoce.mx\/","logo":{"@type":"ImageObject","inLanguage":"es","@id":"http:\/\/www.reconoce.mx\/#\/schema\/logo\/image\/","url":"https:\/\/www.reconoce.mx\/wp-content\/uploads\/2019\/03\/logorcmx-good-1.png","contentUrl":"https:\/\/www.reconoce.mx\/wp-content\/uploads\/2019\/03\/logorcmx-good-1.png","width":280,"height":90,"caption":"Reconoce MX"},"image":{"@id":"http:\/\/www.reconoce.mx\/#\/schema\/logo\/image\/"},"sameAs":["https:\/\/es-la.facebook.com\/ReconoceMX\/","https:\/\/x.com\/reconocemx","http:\/\/@reconocemx"]},{"@type":"Person","@id":"http:\/\/www.reconoce.mx\/#\/schema\/person\/2117e997d7051dc15d6880eaf9bca0b2","name":"Reconoce MX","image":{"@type":"ImageObject","inLanguage":"es","@id":"http:\/\/www.reconoce.mx\/#\/schema\/person\/image\/","url":"https:\/\/secure.gravatar.com\/avatar\/6c8d4dc7569ca1c90c5fdcc349f839d5ddef6fe1e70b4337ead2ef1a4c43fc3a?s=96&d=identicon&r=g","contentUrl":"https:\/\/secure.gravatar.com\/avatar\/6c8d4dc7569ca1c90c5fdcc349f839d5ddef6fe1e70b4337ead2ef1a4c43fc3a?s=96&d=identicon&r=g","caption":"Reconoce MX"},"description":"Reconoce MX es un proyecto de difusi\u00f3n art\u00edstica, cultural y de conciencia social que est\u00e1 enfocado a difundir y fomentar el entretenimiento alternativo de calidad para todo el p\u00fablico que comparta el mismo entusiasmo.","sameAs":["http:\/\/www.reconoce.mx"],"url":"http:\/\/www.reconoce.mx\/?author=2"}]}},"_links":{"self":[{"href":"http:\/\/www.reconoce.mx\/index.php?rest_route=\/wp\/v2\/posts\/44618","targetHints":{"allow":["GET"]}}],"collection":[{"href":"http:\/\/www.reconoce.mx\/index.php?rest_route=\/wp\/v2\/posts"}],"about":[{"href":"http:\/\/www.reconoce.mx\/index.php?rest_route=\/wp\/v2\/types\/post"}],"author":[{"embeddable":true,"href":"http:\/\/www.reconoce.mx\/index.php?rest_route=\/wp\/v2\/users\/2"}],"replies":[{"embeddable":true,"href":"http:\/\/www.reconoce.mx\/index.php?rest_route=%2Fwp%2Fv2%2Fcomments&post=44618"}],"version-history":[{"count":7,"href":"http:\/\/www.reconoce.mx\/index.php?rest_route=\/wp\/v2\/posts\/44618\/revisions"}],"predecessor-version":[{"id":44639,"href":"http:\/\/www.reconoce.mx\/index.php?rest_route=\/wp\/v2\/posts\/44618\/revisions\/44639"}],"wp:featuredmedia":[{"embeddable":true,"href":"http:\/\/www.reconoce.mx\/index.php?rest_route=\/wp\/v2\/media\/44619"}],"wp:attachment":[{"href":"http:\/\/www.reconoce.mx\/index.php?rest_route=%2Fwp%2Fv2%2Fmedia&parent=44618"}],"wp:term":[{"taxonomy":"category","embeddable":true,"href":"http:\/\/www.reconoce.mx\/index.php?rest_route=%2Fwp%2Fv2%2Fcategories&post=44618"},{"taxonomy":"post_tag","embeddable":true,"href":"http:\/\/www.reconoce.mx\/index.php?rest_route=%2Fwp%2Fv2%2Ftags&post=44618"}],"curies":[{"name":"wp","href":"https:\/\/api.w.org\/{rel}","templated":true}]}}