{"id":44641,"date":"2016-02-23T00:05:11","date_gmt":"2016-02-23T06:05:11","guid":{"rendered":"http:\/\/www.reconoce.mx\/?p=44641"},"modified":"2016-02-23T00:29:14","modified_gmt":"2016-02-23T06:29:14","slug":"pasion-por-las-ondas-cortas","status":"publish","type":"post","link":"http:\/\/www.reconoce.mx\/?p=44641","title":{"rendered":"Pasi\u00f3n por las ondas\u2026 cortas"},"content":{"rendered":"<p><a href=\"http:\/\/www.reconoce.mx\/category\/columnistas\/\"><img loading=\"lazy\" decoding=\"async\" class=\"aligncenter size-full wp-image-40651\" src=\"http:\/\/www.reconoce.mx\/wp-content\/uploads\/2015\/09\/ColumnistaRCMX.png\" alt=\"Columnistainvitado\" width=\"570\" height=\"70\" \/><\/a><\/p>\n<blockquote><p>\u00abStompin\u2019at the Savoy\u00bb, programa de radio que conduce <strong>Paty Caratozzolo<\/strong>, llega esta semana a su emisi\u00f3n #100. Acompa\u00f1a a Paty, <span style=\"text-decoration: underline;\">este mi\u00e9rcoles 24 de febrero de 16:00 a 17:00 horas en <a href=\"http:\/\/www.iradiatec.com\/al-aire\" target=\"_blank\">www.iradiatec.com<\/a><\/span>, por el emocionante mundo de las artes para encontrarte con la \u00abhistoria de la radio\u00bb.<\/p><\/blockquote>\n<p>&nbsp;<br \/>\n<strong>Por <a href=\"https:\/\/twitter.com\/stompin_savoy\" target=\"_blank\">Paty Caratozzolo<\/a><\/strong>.<\/p>\n<p>La noche del 24 de diciembre de 1906 desde Brand Rock, Massachusetts, <strong>Reginald Fessenden<\/strong> transmiti\u00f3 el primer \u00abprograma de radio\u00bb que consisti\u00f3 en: un saludo de navidad, la interpretaci\u00f3n en vivo de \u00abOh Holy Night\u00bb en viol\u00edn y la lectura de un pasaje de la Biblia.<\/p>\n<p>No hay registros de esta transmisi\u00f3n pero se sabe que los improvisados radioescuchas fueron media docena de telegrafistas de barcos que faenaban mar adentro, que recib\u00edan mensajes en morse a diario pero que nunca imaginaron lo que escuchar\u00edan en lugar del conocido \u00abta-ta-tatata-ta-tata\u00bb\u2026<\/p>\n<p>Fessenden ten\u00eda 40 a\u00f1os, era director del <strong>Departamento de Ingenier\u00eda El\u00e9ctrica <\/strong>de la<strong> Universidad de Pittsburg<\/strong> y hab\u00eda inventado, a partir de un modelo de <strong>Guglielmo Marconi<\/strong>, una especie de transmisor rudimentario para el <strong>Servicio Meteorol\u00f3gico<\/strong> de Estados Unidos.<\/p>\n<p>Terminada la <strong>Primera Guerra Mundial<\/strong> la compa\u00f1\u00eda de Marconi no sab\u00eda qu\u00e9 hacer con el invento que hab\u00eda sido fundamental para ganar la guerra.<\/p>\n<p style=\"text-align: right;\"><img loading=\"lazy\" decoding=\"async\" class=\"aligncenter size-full wp-image-44642\" src=\"http:\/\/www.reconoce.mx\/wp-content\/uploads\/2016\/02\/marconi.jpg\" alt=\"marconi\" width=\"1600\" height=\"1129\" srcset=\"http:\/\/www.reconoce.mx\/wp-content\/uploads\/2016\/02\/marconi.jpg 1600w, http:\/\/www.reconoce.mx\/wp-content\/uploads\/2016\/02\/marconi-300x212.jpg 300w, http:\/\/www.reconoce.mx\/wp-content\/uploads\/2016\/02\/marconi-1024x723.jpg 1024w, http:\/\/www.reconoce.mx\/wp-content\/uploads\/2016\/02\/marconi-150x106.jpg 150w, http:\/\/www.reconoce.mx\/wp-content\/uploads\/2016\/02\/marconi-700x494.jpg 700w, http:\/\/www.reconoce.mx\/wp-content\/uploads\/2016\/02\/marconi-658x464.jpg 658w\" sizes=\"auto, (max-width: 1600px) 100vw, 1600px\" \/><br \/>\n<strong>Guglielmo Marconi<\/strong> con su revolucionario invento.<\/p>\n<p>Marconi pens\u00f3 probar el equipo para transmisiones civiles y construy\u00f3 una estaci\u00f3n experimental en Chelmsford, cerca de Londres. Desde el 23 de febrero hasta el 6 de marzo de 1920 transmitieron dos programas diarios de media hora con noticias y grabaciones gramof\u00f3nicas. Los afortunados destinatarios eran algunas oficinas de peri\u00f3dicos de Londres que hab\u00edan recibido en pr\u00e9stamo los voluminosos receptores. La mayor\u00eda lo tom\u00f3 como una excentricidad, pero la excepci\u00f3n fue el director del <strong>Daily Mail<\/strong> que tuvo un revelador presentimiento: \u00bfpodr\u00eda ser que esa reci\u00e9n nacida forma de transmisi\u00f3n de noticias y entretenimiento se convirtiera en un competidor de los peri\u00f3dicos en papel con m\u00e1s de 300 a\u00f1os de historia?<\/p>\n<p><iframe loading=\"lazy\" src=\"https:\/\/www.youtube.com\/embed\/MEhr_3E3XEA\" width=\"590\" height=\"443\" frameborder=\"0\" allowfullscreen=\"allowfullscreen\"><\/iframe><\/p>\n<p style=\"text-align: right;\">Grabaci\u00f3n hist\u00f3rica de <strong>Nellie Melba<\/strong>.<\/p>\n<p>El <strong>Daily Mail<\/strong> y Marconi unieron sus fuerzas y organizaron la primera transmisi\u00f3n de la historia de un concierto en vivo. El 15 de junio de 1920, <strong>Nellie Melba<\/strong>, la cantante de \u00f3pera m\u00e1s famosa del momento, ofreci\u00f3 un recital de canto que incluy\u00f3 varias arias y termin\u00f3 con el famoso \u00abDios salve al Rey\u00bb. Dicen que la se\u00f1al fue tan buena en el receptor de la <strong>Torre Eiffel<\/strong> que les permiti\u00f3 grabarla en un rollo de fon\u00f3grafo y que en Copenhague reenviaron la se\u00f1al por tel\u00e9fono a la oficina del peri\u00f3dico local.<\/p>\n<p>La vida de la transmisi\u00f3n radiof\u00f3nica para fines civiles, de informaci\u00f3n y entretenimiento acababa de empezar con la gloriosa voz de Melba como abanderada. Durante a\u00f1os la radio desatar\u00eda todo tipo de pasiones, har\u00eda compa\u00f1\u00eda a las solitarias amas de casa en la ma\u00f1ana, alegrar\u00eda las tardes de los ni\u00f1os al volver de la escuela y reunir\u00eda a toda la familia despu\u00e9s de la cena para contarle historias, como miles de a\u00f1os antes lo hab\u00edan hecho los venerables ancianos alrededor de las fogatas.<\/p>\n<p><iframe loading=\"lazy\" src=\"https:\/\/www.youtube.com\/embed\/ol3NRuMOEGk\" width=\"590\" height=\"443\" frameborder=\"0\" allowfullscreen=\"allowfullscreen\"><\/iframe><\/p>\n<p>En su programa semanal del domingo 30 de octubre de 1938,<strong> Orson Welles<\/strong> transmiti\u00f3 la m\u00e1s famosa lectura dramatizada de la historia: \u00abLa guerra de los mundos\u00bb, basada en la novela de 1898 de <strong>H. G. Wells<\/strong>. En ese momento los radioescuchas creyeron que la Tierra entraba en guerra con los extraterrestres, un a\u00f1o despu\u00e9s la peor pesadilla se har\u00eda realidad y de nuevo la radio volver\u00eda a la guerra, de las de verdad.<\/p>\n<blockquote><p><a href=\"http:\/\/www.reconoce.mx\/wp-content\/uploads\/2015\/08\/IMG_5743.jpg\"><img loading=\"lazy\" decoding=\"async\" class=\"alignleft size-thumbnail wp-image-39872\" src=\"http:\/\/www.reconoce.mx\/wp-content\/uploads\/2015\/08\/IMG_5743-150x150.jpg\" alt=\"IMG_5743\" width=\"150\" height=\"150\" srcset=\"http:\/\/www.reconoce.mx\/wp-content\/uploads\/2015\/08\/IMG_5743-150x150.jpg 150w, http:\/\/www.reconoce.mx\/wp-content\/uploads\/2015\/08\/IMG_5743-300x300.jpg 300w, http:\/\/www.reconoce.mx\/wp-content\/uploads\/2015\/08\/IMG_5743-65x65.jpg 65w, http:\/\/www.reconoce.mx\/wp-content\/uploads\/2015\/08\/IMG_5743.jpg 460w\" sizes=\"auto, (max-width: 150px) 100vw, 150px\" \/><\/a><strong>Paty Caratozzolo<\/strong>. Quisiera cantar \u00abFeeling good\u00bb como la Simone o de perdida \u00abLet\u2019s do it\u00bb como la Fitzgerald. Algunas veces se lamenta quedito como la Dido de Purcell y otras llora a moco tendido como la Alcina de Haendel. El resto del tiempo anda con la mirada hundida en los paisajes brumosos de Turner y los dedos imaginando la tersura de cualquier escultura de Bernini. Prefiere el plano holand\u00e9s al caf\u00e9 americano, y la compa\u00f1\u00eda de un bar\u00edtono italiano al mejor <em>widget <\/em>de su celular japon\u00e9s. Y definitivamente, si naufragara cerca de una isla desierta y pudiera llevarse un solo libro\u2026 \u00a1preferir\u00eda hundirse<em> full fathom five<\/em>!<\/p><\/blockquote>\n<p>&nbsp;<\/p>\n<p>&nbsp;<\/p>\n","protected":false},"excerpt":{"rendered":"<p>La noche del 24 de diciembre de 1906 desde Brand Rock, Massachusetts, Reginald Fessenden transmiti\u00f3 el primer \u00abprograma de radio\u00bb.<\/p>\n","protected":false},"author":2,"featured_media":44643,"comment_status":"open","ping_status":"open","sticky":false,"template":"","format":"standard","meta":{"footnotes":""},"categories":[16,2608,17],"tags":[],"class_list":["post-44641","post","type-post","status-publish","format-standard","has-post-thumbnail","hentry","category-columnistas","category-paty-caratozzolo","category-principal"],"yoast_head":"<!-- This site is optimized with the Yoast SEO plugin v24.7 - https:\/\/yoast.com\/wordpress\/plugins\/seo\/ -->\n<title>Pasi\u00f3n por las ondas\u2026 cortas &#171; Reconoce MX<\/title>\n<meta name=\"robots\" content=\"index, follow, max-snippet:-1, max-image-preview:large, max-video-preview:-1\" \/>\n<link rel=\"canonical\" href=\"https:\/\/www.reconoce.mx\/?p=44641\" \/>\n<meta property=\"og:locale\" content=\"es_ES\" \/>\n<meta property=\"og:type\" content=\"article\" \/>\n<meta property=\"og:title\" content=\"Pasi\u00f3n por las ondas\u2026 cortas &#171; Reconoce MX\" \/>\n<meta property=\"og:description\" content=\"La noche del 24 de diciembre de 1906 desde Brand Rock, Massachusetts, Reginald Fessenden transmiti\u00f3 el primer &quot;programa de radio&quot;.\" \/>\n<meta property=\"og:url\" content=\"https:\/\/www.reconoce.mx\/?p=44641\" \/>\n<meta property=\"og:site_name\" content=\"Reconoce MX\" \/>\n<meta property=\"article:publisher\" content=\"https:\/\/es-la.facebook.com\/ReconoceMX\/\" \/>\n<meta property=\"article:published_time\" content=\"2016-02-23T06:05:11+00:00\" \/>\n<meta property=\"article:modified_time\" content=\"2016-02-23T06:29:14+00:00\" \/>\n<meta property=\"og:image\" content=\"https:\/\/www.reconoce.mx\/wp-content\/uploads\/2016\/02\/orsonwelles-cover.png\" \/>\n\t<meta property=\"og:image:width\" content=\"590\" \/>\n\t<meta property=\"og:image:height\" content=\"380\" \/>\n\t<meta property=\"og:image:type\" content=\"image\/png\" \/>\n<meta name=\"author\" content=\"Reconoce MX\" \/>\n<meta name=\"twitter:card\" content=\"summary_large_image\" \/>\n<meta name=\"twitter:creator\" content=\"@reconocemx\" \/>\n<meta name=\"twitter:site\" content=\"@reconocemx\" \/>\n<meta name=\"twitter:label1\" content=\"Escrito por\" \/>\n\t<meta name=\"twitter:data1\" content=\"Reconoce MX\" \/>\n\t<meta name=\"twitter:label2\" content=\"Tiempo de lectura\" \/>\n\t<meta name=\"twitter:data2\" content=\"4 minutos\" \/>\n<script type=\"application\/ld+json\" class=\"yoast-schema-graph\">{\"@context\":\"https:\/\/schema.org\",\"@graph\":[{\"@type\":\"Article\",\"@id\":\"https:\/\/www.reconoce.mx\/?p=44641#article\",\"isPartOf\":{\"@id\":\"https:\/\/www.reconoce.mx\/?p=44641\"},\"author\":{\"name\":\"Reconoce MX\",\"@id\":\"http:\/\/www.reconoce.mx\/#\/schema\/person\/2117e997d7051dc15d6880eaf9bca0b2\"},\"headline\":\"Pasi\u00f3n por las ondas\u2026 cortas\",\"datePublished\":\"2016-02-23T06:05:11+00:00\",\"dateModified\":\"2016-02-23T06:29:14+00:00\",\"mainEntityOfPage\":{\"@id\":\"https:\/\/www.reconoce.mx\/?p=44641\"},\"wordCount\":740,\"commentCount\":0,\"publisher\":{\"@id\":\"http:\/\/www.reconoce.mx\/#organization\"},\"image\":{\"@id\":\"https:\/\/www.reconoce.mx\/?p=44641#primaryimage\"},\"thumbnailUrl\":\"http:\/\/www.reconoce.mx\/wp-content\/uploads\/2016\/02\/orsonwelles-cover.png\",\"articleSection\":[\"Columnistas\",\"Paty Caratozzolo\",\"Principal\"],\"inLanguage\":\"es\",\"potentialAction\":[{\"@type\":\"CommentAction\",\"name\":\"Comment\",\"target\":[\"https:\/\/www.reconoce.mx\/?p=44641#respond\"]}]},{\"@type\":\"WebPage\",\"@id\":\"https:\/\/www.reconoce.mx\/?p=44641\",\"url\":\"https:\/\/www.reconoce.mx\/?p=44641\",\"name\":\"Pasi\u00f3n por las ondas\u2026 cortas &#171; Reconoce MX\",\"isPartOf\":{\"@id\":\"http:\/\/www.reconoce.mx\/#website\"},\"primaryImageOfPage\":{\"@id\":\"https:\/\/www.reconoce.mx\/?p=44641#primaryimage\"},\"image\":{\"@id\":\"https:\/\/www.reconoce.mx\/?p=44641#primaryimage\"},\"thumbnailUrl\":\"http:\/\/www.reconoce.mx\/wp-content\/uploads\/2016\/02\/orsonwelles-cover.png\",\"datePublished\":\"2016-02-23T06:05:11+00:00\",\"dateModified\":\"2016-02-23T06:29:14+00:00\",\"breadcrumb\":{\"@id\":\"https:\/\/www.reconoce.mx\/?p=44641#breadcrumb\"},\"inLanguage\":\"es\",\"potentialAction\":[{\"@type\":\"ReadAction\",\"target\":[\"https:\/\/www.reconoce.mx\/?p=44641\"]}]},{\"@type\":\"ImageObject\",\"inLanguage\":\"es\",\"@id\":\"https:\/\/www.reconoce.mx\/?p=44641#primaryimage\",\"url\":\"http:\/\/www.reconoce.mx\/wp-content\/uploads\/2016\/02\/orsonwelles-cover.png\",\"contentUrl\":\"http:\/\/www.reconoce.mx\/wp-content\/uploads\/2016\/02\/orsonwelles-cover.png\",\"width\":590,\"height\":380},{\"@type\":\"BreadcrumbList\",\"@id\":\"https:\/\/www.reconoce.mx\/?p=44641#breadcrumb\",\"itemListElement\":[{\"@type\":\"ListItem\",\"position\":1,\"name\":\"Portada\",\"item\":\"http:\/\/www.reconoce.mx\/\"},{\"@type\":\"ListItem\",\"position\":2,\"name\":\"Pasi\u00f3n por las ondas\u2026 cortas\"}]},{\"@type\":\"WebSite\",\"@id\":\"http:\/\/www.reconoce.mx\/#website\",\"url\":\"http:\/\/www.reconoce.mx\/\",\"name\":\"Reconoce MX\",\"description\":\"En Reconoce MX difundimos arte, cultura y conciencia social en M\u00e9xico. Tu ciudad en otra perspectiva.\",\"publisher\":{\"@id\":\"http:\/\/www.reconoce.mx\/#organization\"},\"potentialAction\":[{\"@type\":\"SearchAction\",\"target\":{\"@type\":\"EntryPoint\",\"urlTemplate\":\"http:\/\/www.reconoce.mx\/?s={search_term_string}\"},\"query-input\":{\"@type\":\"PropertyValueSpecification\",\"valueRequired\":true,\"valueName\":\"search_term_string\"}}],\"inLanguage\":\"es\"},{\"@type\":\"Organization\",\"@id\":\"http:\/\/www.reconoce.mx\/#organization\",\"name\":\"Reconoce MX\",\"url\":\"http:\/\/www.reconoce.mx\/\",\"logo\":{\"@type\":\"ImageObject\",\"inLanguage\":\"es\",\"@id\":\"http:\/\/www.reconoce.mx\/#\/schema\/logo\/image\/\",\"url\":\"https:\/\/www.reconoce.mx\/wp-content\/uploads\/2019\/03\/logorcmx-good-1.png\",\"contentUrl\":\"https:\/\/www.reconoce.mx\/wp-content\/uploads\/2019\/03\/logorcmx-good-1.png\",\"width\":280,\"height\":90,\"caption\":\"Reconoce MX\"},\"image\":{\"@id\":\"http:\/\/www.reconoce.mx\/#\/schema\/logo\/image\/\"},\"sameAs\":[\"https:\/\/es-la.facebook.com\/ReconoceMX\/\",\"https:\/\/x.com\/reconocemx\",\"http:\/\/@reconocemx\"]},{\"@type\":\"Person\",\"@id\":\"http:\/\/www.reconoce.mx\/#\/schema\/person\/2117e997d7051dc15d6880eaf9bca0b2\",\"name\":\"Reconoce MX\",\"image\":{\"@type\":\"ImageObject\",\"inLanguage\":\"es\",\"@id\":\"http:\/\/www.reconoce.mx\/#\/schema\/person\/image\/\",\"url\":\"https:\/\/secure.gravatar.com\/avatar\/6c8d4dc7569ca1c90c5fdcc349f839d5ddef6fe1e70b4337ead2ef1a4c43fc3a?s=96&d=identicon&r=g\",\"contentUrl\":\"https:\/\/secure.gravatar.com\/avatar\/6c8d4dc7569ca1c90c5fdcc349f839d5ddef6fe1e70b4337ead2ef1a4c43fc3a?s=96&d=identicon&r=g\",\"caption\":\"Reconoce MX\"},\"description\":\"Reconoce MX es un proyecto de difusi\u00f3n art\u00edstica, cultural y de conciencia social que est\u00e1 enfocado a difundir y fomentar el entretenimiento alternativo de calidad para todo el p\u00fablico que comparta el mismo entusiasmo.\",\"sameAs\":[\"http:\/\/www.reconoce.mx\"],\"url\":\"http:\/\/www.reconoce.mx\/?author=2\"}]}<\/script>\n<!-- \/ Yoast SEO plugin. -->","yoast_head_json":{"title":"Pasi\u00f3n por las ondas\u2026 cortas &#171; Reconoce MX","robots":{"index":"index","follow":"follow","max-snippet":"max-snippet:-1","max-image-preview":"max-image-preview:large","max-video-preview":"max-video-preview:-1"},"canonical":"https:\/\/www.reconoce.mx\/?p=44641","og_locale":"es_ES","og_type":"article","og_title":"Pasi\u00f3n por las ondas\u2026 cortas &#171; Reconoce MX","og_description":"La noche del 24 de diciembre de 1906 desde Brand Rock, Massachusetts, Reginald Fessenden transmiti\u00f3 el primer \"programa de radio\".","og_url":"https:\/\/www.reconoce.mx\/?p=44641","og_site_name":"Reconoce MX","article_publisher":"https:\/\/es-la.facebook.com\/ReconoceMX\/","article_published_time":"2016-02-23T06:05:11+00:00","article_modified_time":"2016-02-23T06:29:14+00:00","og_image":[{"width":590,"height":380,"url":"https:\/\/www.reconoce.mx\/wp-content\/uploads\/2016\/02\/orsonwelles-cover.png","type":"image\/png"}],"author":"Reconoce MX","twitter_card":"summary_large_image","twitter_creator":"@reconocemx","twitter_site":"@reconocemx","twitter_misc":{"Escrito por":"Reconoce MX","Tiempo de lectura":"4 minutos"},"schema":{"@context":"https:\/\/schema.org","@graph":[{"@type":"Article","@id":"https:\/\/www.reconoce.mx\/?p=44641#article","isPartOf":{"@id":"https:\/\/www.reconoce.mx\/?p=44641"},"author":{"name":"Reconoce MX","@id":"http:\/\/www.reconoce.mx\/#\/schema\/person\/2117e997d7051dc15d6880eaf9bca0b2"},"headline":"Pasi\u00f3n por las ondas\u2026 cortas","datePublished":"2016-02-23T06:05:11+00:00","dateModified":"2016-02-23T06:29:14+00:00","mainEntityOfPage":{"@id":"https:\/\/www.reconoce.mx\/?p=44641"},"wordCount":740,"commentCount":0,"publisher":{"@id":"http:\/\/www.reconoce.mx\/#organization"},"image":{"@id":"https:\/\/www.reconoce.mx\/?p=44641#primaryimage"},"thumbnailUrl":"http:\/\/www.reconoce.mx\/wp-content\/uploads\/2016\/02\/orsonwelles-cover.png","articleSection":["Columnistas","Paty Caratozzolo","Principal"],"inLanguage":"es","potentialAction":[{"@type":"CommentAction","name":"Comment","target":["https:\/\/www.reconoce.mx\/?p=44641#respond"]}]},{"@type":"WebPage","@id":"https:\/\/www.reconoce.mx\/?p=44641","url":"https:\/\/www.reconoce.mx\/?p=44641","name":"Pasi\u00f3n por las ondas\u2026 cortas &#171; Reconoce MX","isPartOf":{"@id":"http:\/\/www.reconoce.mx\/#website"},"primaryImageOfPage":{"@id":"https:\/\/www.reconoce.mx\/?p=44641#primaryimage"},"image":{"@id":"https:\/\/www.reconoce.mx\/?p=44641#primaryimage"},"thumbnailUrl":"http:\/\/www.reconoce.mx\/wp-content\/uploads\/2016\/02\/orsonwelles-cover.png","datePublished":"2016-02-23T06:05:11+00:00","dateModified":"2016-02-23T06:29:14+00:00","breadcrumb":{"@id":"https:\/\/www.reconoce.mx\/?p=44641#breadcrumb"},"inLanguage":"es","potentialAction":[{"@type":"ReadAction","target":["https:\/\/www.reconoce.mx\/?p=44641"]}]},{"@type":"ImageObject","inLanguage":"es","@id":"https:\/\/www.reconoce.mx\/?p=44641#primaryimage","url":"http:\/\/www.reconoce.mx\/wp-content\/uploads\/2016\/02\/orsonwelles-cover.png","contentUrl":"http:\/\/www.reconoce.mx\/wp-content\/uploads\/2016\/02\/orsonwelles-cover.png","width":590,"height":380},{"@type":"BreadcrumbList","@id":"https:\/\/www.reconoce.mx\/?p=44641#breadcrumb","itemListElement":[{"@type":"ListItem","position":1,"name":"Portada","item":"http:\/\/www.reconoce.mx\/"},{"@type":"ListItem","position":2,"name":"Pasi\u00f3n por las ondas\u2026 cortas"}]},{"@type":"WebSite","@id":"http:\/\/www.reconoce.mx\/#website","url":"http:\/\/www.reconoce.mx\/","name":"Reconoce MX","description":"En Reconoce MX difundimos arte, cultura y conciencia social en M\u00e9xico. Tu ciudad en otra perspectiva.","publisher":{"@id":"http:\/\/www.reconoce.mx\/#organization"},"potentialAction":[{"@type":"SearchAction","target":{"@type":"EntryPoint","urlTemplate":"http:\/\/www.reconoce.mx\/?s={search_term_string}"},"query-input":{"@type":"PropertyValueSpecification","valueRequired":true,"valueName":"search_term_string"}}],"inLanguage":"es"},{"@type":"Organization","@id":"http:\/\/www.reconoce.mx\/#organization","name":"Reconoce MX","url":"http:\/\/www.reconoce.mx\/","logo":{"@type":"ImageObject","inLanguage":"es","@id":"http:\/\/www.reconoce.mx\/#\/schema\/logo\/image\/","url":"https:\/\/www.reconoce.mx\/wp-content\/uploads\/2019\/03\/logorcmx-good-1.png","contentUrl":"https:\/\/www.reconoce.mx\/wp-content\/uploads\/2019\/03\/logorcmx-good-1.png","width":280,"height":90,"caption":"Reconoce MX"},"image":{"@id":"http:\/\/www.reconoce.mx\/#\/schema\/logo\/image\/"},"sameAs":["https:\/\/es-la.facebook.com\/ReconoceMX\/","https:\/\/x.com\/reconocemx","http:\/\/@reconocemx"]},{"@type":"Person","@id":"http:\/\/www.reconoce.mx\/#\/schema\/person\/2117e997d7051dc15d6880eaf9bca0b2","name":"Reconoce MX","image":{"@type":"ImageObject","inLanguage":"es","@id":"http:\/\/www.reconoce.mx\/#\/schema\/person\/image\/","url":"https:\/\/secure.gravatar.com\/avatar\/6c8d4dc7569ca1c90c5fdcc349f839d5ddef6fe1e70b4337ead2ef1a4c43fc3a?s=96&d=identicon&r=g","contentUrl":"https:\/\/secure.gravatar.com\/avatar\/6c8d4dc7569ca1c90c5fdcc349f839d5ddef6fe1e70b4337ead2ef1a4c43fc3a?s=96&d=identicon&r=g","caption":"Reconoce MX"},"description":"Reconoce MX es un proyecto de difusi\u00f3n art\u00edstica, cultural y de conciencia social que est\u00e1 enfocado a difundir y fomentar el entretenimiento alternativo de calidad para todo el p\u00fablico que comparta el mismo entusiasmo.","sameAs":["http:\/\/www.reconoce.mx"],"url":"http:\/\/www.reconoce.mx\/?author=2"}]}},"_links":{"self":[{"href":"http:\/\/www.reconoce.mx\/index.php?rest_route=\/wp\/v2\/posts\/44641","targetHints":{"allow":["GET"]}}],"collection":[{"href":"http:\/\/www.reconoce.mx\/index.php?rest_route=\/wp\/v2\/posts"}],"about":[{"href":"http:\/\/www.reconoce.mx\/index.php?rest_route=\/wp\/v2\/types\/post"}],"author":[{"embeddable":true,"href":"http:\/\/www.reconoce.mx\/index.php?rest_route=\/wp\/v2\/users\/2"}],"replies":[{"embeddable":true,"href":"http:\/\/www.reconoce.mx\/index.php?rest_route=%2Fwp%2Fv2%2Fcomments&post=44641"}],"version-history":[{"count":14,"href":"http:\/\/www.reconoce.mx\/index.php?rest_route=\/wp\/v2\/posts\/44641\/revisions"}],"predecessor-version":[{"id":44861,"href":"http:\/\/www.reconoce.mx\/index.php?rest_route=\/wp\/v2\/posts\/44641\/revisions\/44861"}],"wp:featuredmedia":[{"embeddable":true,"href":"http:\/\/www.reconoce.mx\/index.php?rest_route=\/wp\/v2\/media\/44643"}],"wp:attachment":[{"href":"http:\/\/www.reconoce.mx\/index.php?rest_route=%2Fwp%2Fv2%2Fmedia&parent=44641"}],"wp:term":[{"taxonomy":"category","embeddable":true,"href":"http:\/\/www.reconoce.mx\/index.php?rest_route=%2Fwp%2Fv2%2Fcategories&post=44641"},{"taxonomy":"post_tag","embeddable":true,"href":"http:\/\/www.reconoce.mx\/index.php?rest_route=%2Fwp%2Fv2%2Ftags&post=44641"}],"curies":[{"name":"wp","href":"https:\/\/api.w.org\/{rel}","templated":true}]}}