{"id":44680,"date":"2016-02-26T00:01:45","date_gmt":"2016-02-26T06:01:45","guid":{"rendered":"http:\/\/www.reconoce.mx\/?p=44680"},"modified":"2016-02-26T11:30:03","modified_gmt":"2016-02-26T17:30:03","slug":"le-cinema-ifal-cartelera-del-26-de-febrero-al-3-de-marzo","status":"publish","type":"post","link":"http:\/\/www.reconoce.mx\/?p=44680","title":{"rendered":"Le Cin\u00e9ma IFAL: Cartelera del 26 de febrero al 3 de marzo"},"content":{"rendered":"<p><strong>Por <a title=\"@AsfaltosTweets\" href=\"http:\/\/twitter.com\/AsfaltosTweets\" target=\"_blank\">Asfaltos<\/a><\/strong>.<\/p>\n<p>Cine independiente, de culto y de autor, en un espacio ubicado en el Instituto Franc\u00e9s de Am\u00e9rica Latina llamado <strong>Le Cin\u00e9ma IFAL<\/strong>. <strong>Le Cin\u00e9ma IFAL<\/strong> cuenta con una sala de cine absolutamente acondicionada para que la experiencia sea agradable. Por si fuera poco adem\u00e1s cuenta con costos muy accesibles, por lo que la cita a <strong>Le Cin\u00e9ma IFAL<\/strong> es obligada.<\/p>\n<p>Dos mujeres que se aman en secreto, un apasionante thriller coreano, un ni\u00f1o que busca a su padre, una isla que est\u00e1 m\u00e1s cerca de nosotros de lo que parece, unas j\u00f3venes bellezas a las que intentan cortar las alas, un matrimonio que tambalea bajo la sombra del pasado, un viaje on\u00edrico por el Amazonas, un hombre deprimido que solo busca encontrar una voz distinta y tres pel\u00edculas del gran festival <a href=\"http:\/\/www.reconoce.mx\/festival-internacional-de-cine-unam-un-festival-diferente\/\"><strong>FICUNAM<\/strong><\/a> nos esperan esta semana en <strong>Le Cin\u00e9ma IFAL<\/strong>.<\/p>\n<p>Todo el fin de semana podremos descubrir o volver a ver las favoritas a los premios Oscar y Cesar. Se estrenan \u00abAnomalisa\u00bb de <strong>Charlie Kaufman<\/strong>, \u00abCarol\u00bb de <strong>Todd Haynes<\/strong> y la animaci\u00f3n brasile\u00f1a \u00abEl ni\u00f1o y el mundo\u00bb de <strong>Ale Abreu<\/strong>.<\/p>\n<p>Adem\u00e1s se siguen proyectando \u00ab<a href=\"http:\/\/www.reconoce.mx\/la-indomable-fuerza-de-mustang-belleza-salvaje\/\">Mustang: Belleza Salvaje<\/a>\u00ab, \u00abEl abrazo de la serpiente\u00bb, \u00ab<a href=\"http:\/\/www.reconoce.mx\/pisando-callos-entre-cuba-y-mexico\/\">Entre Cuba y M\u00e9xico, todo es bonito y sabroso<\/a>\u00ab, \u00abVigilancia extrema\u00bb y la \u00faltima funci\u00f3n de \u00ab<a href=\"http:\/\/www.reconoce.mx\/45-anos-el-entranable-paso-del-tiempo\/\">45 a\u00f1os<\/a>\u00ab.<\/p>\n<p>Tambi\u00e9n, <strong>Le Cin\u00e9ma IFAL<\/strong> es sede de la 6ta edici\u00f3n del Festival internacional de Cine UNAM; del que nos recomiendan asistir a las proyecciones excepcionales de \u00abTab\u00fa\u00bb, \u00abIl solengo\u00bb e \u00abIrak: a\u00f1o cero\u00bb.<\/p>\n<p>Recuerden que ahora pueden comprar sus boletos en taquilla o por internet, a trav\u00e9s de la app <a href=\"http:\/\/cinemasapp.co\/\" target=\"_blank\">Cine+<\/a> disponible para IOS y Android .<\/p>\n<p>Para visitar <strong>Le Cin\u00e9ma IFAL<\/strong> deben llevar identificaci\u00f3n con foto. Indispensable.<\/p>\n<p><img loading=\"lazy\" decoding=\"async\" src=\"http:\/\/www.reconoce.mx\/wp-content\/uploads\/2016\/02\/cartelera_16-02-26.jpg\" alt=\"cartelera_16-02-26\" width=\"2640\" height=\"4080\" class=\"aligncenter size-full wp-image-44681\" srcset=\"http:\/\/www.reconoce.mx\/wp-content\/uploads\/2016\/02\/cartelera_16-02-26.jpg 2640w, http:\/\/www.reconoce.mx\/wp-content\/uploads\/2016\/02\/cartelera_16-02-26-194x300.jpg 194w, http:\/\/www.reconoce.mx\/wp-content\/uploads\/2016\/02\/cartelera_16-02-26-768x1187.jpg 768w, http:\/\/www.reconoce.mx\/wp-content\/uploads\/2016\/02\/cartelera_16-02-26-663x1024.jpg 663w, http:\/\/www.reconoce.mx\/wp-content\/uploads\/2016\/02\/cartelera_16-02-26-150x232.jpg 150w, http:\/\/www.reconoce.mx\/wp-content\/uploads\/2016\/02\/cartelera_16-02-26-700x1082.jpg 700w, http:\/\/www.reconoce.mx\/wp-content\/uploads\/2016\/02\/cartelera_16-02-26-658x1017.jpg 658w, http:\/\/www.reconoce.mx\/wp-content\/uploads\/2016\/02\/cartelera_16-02-26-300x464.jpg 300w\" sizes=\"auto, (max-width: 2640px) 100vw, 2640px\" \/><br \/>\n<strong>Le Cin\u00e9ma IFAL<\/strong> se encuentra en R\u00edo Nazas 43, Col. Cuauht\u00e9moc, M\u00e9xico, Distrito Federal.<\/p>\n<p>&nbsp;<\/p>\n<p>&nbsp;<\/p>\n","protected":false},"excerpt":{"rendered":"<p>Cine independiente, de culto y de autor, en un espacio ubicado en el Instituto Franc\u00e9s de Am\u00e9rica Latina llamado Le Cin\u00e9ma IFAL.<\/p>\n","protected":false},"author":2,"featured_media":43732,"comment_status":"open","ping_status":"open","sticky":false,"template":"","format":"standard","meta":{"footnotes":""},"categories":[24,1,17],"tags":[],"class_list":["post-44680","post","type-post","status-publish","format-standard","has-post-thumbnail","hentry","category-cine","category-cultura","category-principal"],"yoast_head":"<!-- This site is optimized with the Yoast SEO plugin v24.7 - https:\/\/yoast.com\/wordpress\/plugins\/seo\/ -->\n<title>Le Cin\u00e9ma IFAL: Cartelera del 26 de febrero al 3 de marzo &#171; Reconoce MX<\/title>\n<meta name=\"robots\" content=\"index, follow, max-snippet:-1, max-image-preview:large, max-video-preview:-1\" \/>\n<link rel=\"canonical\" href=\"http:\/\/www.reconoce.mx\/?p=44680\" \/>\n<meta property=\"og:locale\" content=\"es_ES\" \/>\n<meta property=\"og:type\" content=\"article\" \/>\n<meta property=\"og:title\" content=\"Le Cin\u00e9ma IFAL: Cartelera del 26 de febrero al 3 de marzo &#171; Reconoce MX\" \/>\n<meta property=\"og:description\" content=\"Cine independiente, de culto y de autor, en un espacio ubicado en el Instituto Franc\u00e9s de Am\u00e9rica Latina llamado Le Cin\u00e9ma IFAL.\" \/>\n<meta property=\"og:url\" content=\"http:\/\/www.reconoce.mx\/?p=44680\" \/>\n<meta property=\"og:site_name\" content=\"Reconoce MX\" \/>\n<meta property=\"article:publisher\" content=\"https:\/\/es-la.facebook.com\/ReconoceMX\/\" \/>\n<meta property=\"article:published_time\" content=\"2016-02-26T06:01:45+00:00\" \/>\n<meta property=\"article:modified_time\" content=\"2016-02-26T17:30:03+00:00\" \/>\n<meta property=\"og:image\" content=\"http:\/\/www.reconoce.mx\/wp-content\/uploads\/2016\/01\/lecinemaifal-2015-2.png\" \/>\n\t<meta property=\"og:image:width\" content=\"570\" \/>\n\t<meta property=\"og:image:height\" content=\"360\" \/>\n\t<meta property=\"og:image:type\" content=\"image\/png\" \/>\n<meta name=\"author\" content=\"Reconoce MX\" \/>\n<meta name=\"twitter:card\" content=\"summary_large_image\" \/>\n<meta name=\"twitter:creator\" content=\"@reconocemx\" \/>\n<meta name=\"twitter:site\" content=\"@reconocemx\" \/>\n<meta name=\"twitter:label1\" content=\"Escrito por\" \/>\n\t<meta name=\"twitter:data1\" content=\"Reconoce MX\" \/>\n\t<meta name=\"twitter:label2\" content=\"Tiempo de lectura\" \/>\n\t<meta name=\"twitter:data2\" content=\"2 minutos\" \/>\n<script type=\"application\/ld+json\" class=\"yoast-schema-graph\">{\"@context\":\"https:\/\/schema.org\",\"@graph\":[{\"@type\":\"Article\",\"@id\":\"http:\/\/www.reconoce.mx\/?p=44680#article\",\"isPartOf\":{\"@id\":\"http:\/\/www.reconoce.mx\/?p=44680\"},\"author\":{\"name\":\"Reconoce MX\",\"@id\":\"http:\/\/www.reconoce.mx\/#\/schema\/person\/2117e997d7051dc15d6880eaf9bca0b2\"},\"headline\":\"Le Cin\u00e9ma IFAL: Cartelera del 26 de febrero al 3 de marzo\",\"datePublished\":\"2016-02-26T06:01:45+00:00\",\"dateModified\":\"2016-02-26T17:30:03+00:00\",\"mainEntityOfPage\":{\"@id\":\"http:\/\/www.reconoce.mx\/?p=44680\"},\"wordCount\":335,\"commentCount\":0,\"publisher\":{\"@id\":\"http:\/\/www.reconoce.mx\/#organization\"},\"image\":{\"@id\":\"http:\/\/www.reconoce.mx\/?p=44680#primaryimage\"},\"thumbnailUrl\":\"http:\/\/www.reconoce.mx\/wp-content\/uploads\/2016\/01\/lecinemaifal-2015-2.png\",\"articleSection\":[\"Cine\",\"Cultura\",\"Principal\"],\"inLanguage\":\"es\",\"potentialAction\":[{\"@type\":\"CommentAction\",\"name\":\"Comment\",\"target\":[\"http:\/\/www.reconoce.mx\/?p=44680#respond\"]}]},{\"@type\":\"WebPage\",\"@id\":\"http:\/\/www.reconoce.mx\/?p=44680\",\"url\":\"http:\/\/www.reconoce.mx\/?p=44680\",\"name\":\"Le Cin\u00e9ma IFAL: Cartelera del 26 de febrero al 3 de marzo &#171; Reconoce MX\",\"isPartOf\":{\"@id\":\"http:\/\/www.reconoce.mx\/#website\"},\"primaryImageOfPage\":{\"@id\":\"http:\/\/www.reconoce.mx\/?p=44680#primaryimage\"},\"image\":{\"@id\":\"http:\/\/www.reconoce.mx\/?p=44680#primaryimage\"},\"thumbnailUrl\":\"http:\/\/www.reconoce.mx\/wp-content\/uploads\/2016\/01\/lecinemaifal-2015-2.png\",\"datePublished\":\"2016-02-26T06:01:45+00:00\",\"dateModified\":\"2016-02-26T17:30:03+00:00\",\"breadcrumb\":{\"@id\":\"http:\/\/www.reconoce.mx\/?p=44680#breadcrumb\"},\"inLanguage\":\"es\",\"potentialAction\":[{\"@type\":\"ReadAction\",\"target\":[\"http:\/\/www.reconoce.mx\/?p=44680\"]}]},{\"@type\":\"ImageObject\",\"inLanguage\":\"es\",\"@id\":\"http:\/\/www.reconoce.mx\/?p=44680#primaryimage\",\"url\":\"http:\/\/www.reconoce.mx\/wp-content\/uploads\/2016\/01\/lecinemaifal-2015-2.png\",\"contentUrl\":\"http:\/\/www.reconoce.mx\/wp-content\/uploads\/2016\/01\/lecinemaifal-2015-2.png\",\"width\":570,\"height\":360},{\"@type\":\"BreadcrumbList\",\"@id\":\"http:\/\/www.reconoce.mx\/?p=44680#breadcrumb\",\"itemListElement\":[{\"@type\":\"ListItem\",\"position\":1,\"name\":\"Portada\",\"item\":\"http:\/\/www.reconoce.mx\/\"},{\"@type\":\"ListItem\",\"position\":2,\"name\":\"Le Cin\u00e9ma IFAL: Cartelera del 26 de febrero al 3 de marzo\"}]},{\"@type\":\"WebSite\",\"@id\":\"http:\/\/www.reconoce.mx\/#website\",\"url\":\"http:\/\/www.reconoce.mx\/\",\"name\":\"Reconoce MX\",\"description\":\"En Reconoce MX difundimos arte, cultura y conciencia social en M\u00e9xico. Tu ciudad en otra perspectiva.\",\"publisher\":{\"@id\":\"http:\/\/www.reconoce.mx\/#organization\"},\"potentialAction\":[{\"@type\":\"SearchAction\",\"target\":{\"@type\":\"EntryPoint\",\"urlTemplate\":\"http:\/\/www.reconoce.mx\/?s={search_term_string}\"},\"query-input\":{\"@type\":\"PropertyValueSpecification\",\"valueRequired\":true,\"valueName\":\"search_term_string\"}}],\"inLanguage\":\"es\"},{\"@type\":\"Organization\",\"@id\":\"http:\/\/www.reconoce.mx\/#organization\",\"name\":\"Reconoce MX\",\"url\":\"http:\/\/www.reconoce.mx\/\",\"logo\":{\"@type\":\"ImageObject\",\"inLanguage\":\"es\",\"@id\":\"http:\/\/www.reconoce.mx\/#\/schema\/logo\/image\/\",\"url\":\"https:\/\/www.reconoce.mx\/wp-content\/uploads\/2019\/03\/logorcmx-good-1.png\",\"contentUrl\":\"https:\/\/www.reconoce.mx\/wp-content\/uploads\/2019\/03\/logorcmx-good-1.png\",\"width\":280,\"height\":90,\"caption\":\"Reconoce MX\"},\"image\":{\"@id\":\"http:\/\/www.reconoce.mx\/#\/schema\/logo\/image\/\"},\"sameAs\":[\"https:\/\/es-la.facebook.com\/ReconoceMX\/\",\"https:\/\/x.com\/reconocemx\",\"http:\/\/@reconocemx\"]},{\"@type\":\"Person\",\"@id\":\"http:\/\/www.reconoce.mx\/#\/schema\/person\/2117e997d7051dc15d6880eaf9bca0b2\",\"name\":\"Reconoce MX\",\"image\":{\"@type\":\"ImageObject\",\"inLanguage\":\"es\",\"@id\":\"http:\/\/www.reconoce.mx\/#\/schema\/person\/image\/\",\"url\":\"https:\/\/secure.gravatar.com\/avatar\/6c8d4dc7569ca1c90c5fdcc349f839d5ddef6fe1e70b4337ead2ef1a4c43fc3a?s=96&d=identicon&r=g\",\"contentUrl\":\"https:\/\/secure.gravatar.com\/avatar\/6c8d4dc7569ca1c90c5fdcc349f839d5ddef6fe1e70b4337ead2ef1a4c43fc3a?s=96&d=identicon&r=g\",\"caption\":\"Reconoce MX\"},\"description\":\"Reconoce MX es un proyecto de difusi\u00f3n art\u00edstica, cultural y de conciencia social que est\u00e1 enfocado a difundir y fomentar el entretenimiento alternativo de calidad para todo el p\u00fablico que comparta el mismo entusiasmo.\",\"sameAs\":[\"http:\/\/www.reconoce.mx\"],\"url\":\"http:\/\/www.reconoce.mx\/?author=2\"}]}<\/script>\n<!-- \/ Yoast SEO plugin. -->","yoast_head_json":{"title":"Le Cin\u00e9ma IFAL: Cartelera del 26 de febrero al 3 de marzo &#171; Reconoce MX","robots":{"index":"index","follow":"follow","max-snippet":"max-snippet:-1","max-image-preview":"max-image-preview:large","max-video-preview":"max-video-preview:-1"},"canonical":"http:\/\/www.reconoce.mx\/?p=44680","og_locale":"es_ES","og_type":"article","og_title":"Le Cin\u00e9ma IFAL: Cartelera del 26 de febrero al 3 de marzo &#171; Reconoce MX","og_description":"Cine independiente, de culto y de autor, en un espacio ubicado en el Instituto Franc\u00e9s de Am\u00e9rica Latina llamado Le Cin\u00e9ma IFAL.","og_url":"http:\/\/www.reconoce.mx\/?p=44680","og_site_name":"Reconoce MX","article_publisher":"https:\/\/es-la.facebook.com\/ReconoceMX\/","article_published_time":"2016-02-26T06:01:45+00:00","article_modified_time":"2016-02-26T17:30:03+00:00","og_image":[{"width":570,"height":360,"url":"http:\/\/www.reconoce.mx\/wp-content\/uploads\/2016\/01\/lecinemaifal-2015-2.png","type":"image\/png"}],"author":"Reconoce MX","twitter_card":"summary_large_image","twitter_creator":"@reconocemx","twitter_site":"@reconocemx","twitter_misc":{"Escrito por":"Reconoce MX","Tiempo de lectura":"2 minutos"},"schema":{"@context":"https:\/\/schema.org","@graph":[{"@type":"Article","@id":"http:\/\/www.reconoce.mx\/?p=44680#article","isPartOf":{"@id":"http:\/\/www.reconoce.mx\/?p=44680"},"author":{"name":"Reconoce MX","@id":"http:\/\/www.reconoce.mx\/#\/schema\/person\/2117e997d7051dc15d6880eaf9bca0b2"},"headline":"Le Cin\u00e9ma IFAL: Cartelera del 26 de febrero al 3 de marzo","datePublished":"2016-02-26T06:01:45+00:00","dateModified":"2016-02-26T17:30:03+00:00","mainEntityOfPage":{"@id":"http:\/\/www.reconoce.mx\/?p=44680"},"wordCount":335,"commentCount":0,"publisher":{"@id":"http:\/\/www.reconoce.mx\/#organization"},"image":{"@id":"http:\/\/www.reconoce.mx\/?p=44680#primaryimage"},"thumbnailUrl":"http:\/\/www.reconoce.mx\/wp-content\/uploads\/2016\/01\/lecinemaifal-2015-2.png","articleSection":["Cine","Cultura","Principal"],"inLanguage":"es","potentialAction":[{"@type":"CommentAction","name":"Comment","target":["http:\/\/www.reconoce.mx\/?p=44680#respond"]}]},{"@type":"WebPage","@id":"http:\/\/www.reconoce.mx\/?p=44680","url":"http:\/\/www.reconoce.mx\/?p=44680","name":"Le Cin\u00e9ma IFAL: Cartelera del 26 de febrero al 3 de marzo &#171; Reconoce MX","isPartOf":{"@id":"http:\/\/www.reconoce.mx\/#website"},"primaryImageOfPage":{"@id":"http:\/\/www.reconoce.mx\/?p=44680#primaryimage"},"image":{"@id":"http:\/\/www.reconoce.mx\/?p=44680#primaryimage"},"thumbnailUrl":"http:\/\/www.reconoce.mx\/wp-content\/uploads\/2016\/01\/lecinemaifal-2015-2.png","datePublished":"2016-02-26T06:01:45+00:00","dateModified":"2016-02-26T17:30:03+00:00","breadcrumb":{"@id":"http:\/\/www.reconoce.mx\/?p=44680#breadcrumb"},"inLanguage":"es","potentialAction":[{"@type":"ReadAction","target":["http:\/\/www.reconoce.mx\/?p=44680"]}]},{"@type":"ImageObject","inLanguage":"es","@id":"http:\/\/www.reconoce.mx\/?p=44680#primaryimage","url":"http:\/\/www.reconoce.mx\/wp-content\/uploads\/2016\/01\/lecinemaifal-2015-2.png","contentUrl":"http:\/\/www.reconoce.mx\/wp-content\/uploads\/2016\/01\/lecinemaifal-2015-2.png","width":570,"height":360},{"@type":"BreadcrumbList","@id":"http:\/\/www.reconoce.mx\/?p=44680#breadcrumb","itemListElement":[{"@type":"ListItem","position":1,"name":"Portada","item":"http:\/\/www.reconoce.mx\/"},{"@type":"ListItem","position":2,"name":"Le Cin\u00e9ma IFAL: Cartelera del 26 de febrero al 3 de marzo"}]},{"@type":"WebSite","@id":"http:\/\/www.reconoce.mx\/#website","url":"http:\/\/www.reconoce.mx\/","name":"Reconoce MX","description":"En Reconoce MX difundimos arte, cultura y conciencia social en M\u00e9xico. Tu ciudad en otra perspectiva.","publisher":{"@id":"http:\/\/www.reconoce.mx\/#organization"},"potentialAction":[{"@type":"SearchAction","target":{"@type":"EntryPoint","urlTemplate":"http:\/\/www.reconoce.mx\/?s={search_term_string}"},"query-input":{"@type":"PropertyValueSpecification","valueRequired":true,"valueName":"search_term_string"}}],"inLanguage":"es"},{"@type":"Organization","@id":"http:\/\/www.reconoce.mx\/#organization","name":"Reconoce MX","url":"http:\/\/www.reconoce.mx\/","logo":{"@type":"ImageObject","inLanguage":"es","@id":"http:\/\/www.reconoce.mx\/#\/schema\/logo\/image\/","url":"https:\/\/www.reconoce.mx\/wp-content\/uploads\/2019\/03\/logorcmx-good-1.png","contentUrl":"https:\/\/www.reconoce.mx\/wp-content\/uploads\/2019\/03\/logorcmx-good-1.png","width":280,"height":90,"caption":"Reconoce MX"},"image":{"@id":"http:\/\/www.reconoce.mx\/#\/schema\/logo\/image\/"},"sameAs":["https:\/\/es-la.facebook.com\/ReconoceMX\/","https:\/\/x.com\/reconocemx","http:\/\/@reconocemx"]},{"@type":"Person","@id":"http:\/\/www.reconoce.mx\/#\/schema\/person\/2117e997d7051dc15d6880eaf9bca0b2","name":"Reconoce MX","image":{"@type":"ImageObject","inLanguage":"es","@id":"http:\/\/www.reconoce.mx\/#\/schema\/person\/image\/","url":"https:\/\/secure.gravatar.com\/avatar\/6c8d4dc7569ca1c90c5fdcc349f839d5ddef6fe1e70b4337ead2ef1a4c43fc3a?s=96&d=identicon&r=g","contentUrl":"https:\/\/secure.gravatar.com\/avatar\/6c8d4dc7569ca1c90c5fdcc349f839d5ddef6fe1e70b4337ead2ef1a4c43fc3a?s=96&d=identicon&r=g","caption":"Reconoce MX"},"description":"Reconoce MX es un proyecto de difusi\u00f3n art\u00edstica, cultural y de conciencia social que est\u00e1 enfocado a difundir y fomentar el entretenimiento alternativo de calidad para todo el p\u00fablico que comparta el mismo entusiasmo.","sameAs":["http:\/\/www.reconoce.mx"],"url":"http:\/\/www.reconoce.mx\/?author=2"}]}},"_links":{"self":[{"href":"http:\/\/www.reconoce.mx\/index.php?rest_route=\/wp\/v2\/posts\/44680","targetHints":{"allow":["GET"]}}],"collection":[{"href":"http:\/\/www.reconoce.mx\/index.php?rest_route=\/wp\/v2\/posts"}],"about":[{"href":"http:\/\/www.reconoce.mx\/index.php?rest_route=\/wp\/v2\/types\/post"}],"author":[{"embeddable":true,"href":"http:\/\/www.reconoce.mx\/index.php?rest_route=\/wp\/v2\/users\/2"}],"replies":[{"embeddable":true,"href":"http:\/\/www.reconoce.mx\/index.php?rest_route=%2Fwp%2Fv2%2Fcomments&post=44680"}],"version-history":[{"count":2,"href":"http:\/\/www.reconoce.mx\/index.php?rest_route=\/wp\/v2\/posts\/44680\/revisions"}],"predecessor-version":[{"id":44683,"href":"http:\/\/www.reconoce.mx\/index.php?rest_route=\/wp\/v2\/posts\/44680\/revisions\/44683"}],"wp:featuredmedia":[{"embeddable":true,"href":"http:\/\/www.reconoce.mx\/index.php?rest_route=\/wp\/v2\/media\/43732"}],"wp:attachment":[{"href":"http:\/\/www.reconoce.mx\/index.php?rest_route=%2Fwp%2Fv2%2Fmedia&parent=44680"}],"wp:term":[{"taxonomy":"category","embeddable":true,"href":"http:\/\/www.reconoce.mx\/index.php?rest_route=%2Fwp%2Fv2%2Fcategories&post=44680"},{"taxonomy":"post_tag","embeddable":true,"href":"http:\/\/www.reconoce.mx\/index.php?rest_route=%2Fwp%2Fv2%2Ftags&post=44680"}],"curies":[{"name":"wp","href":"https:\/\/api.w.org\/{rel}","templated":true}]}}