{"id":44685,"date":"2016-02-26T00:05:21","date_gmt":"2016-02-26T06:05:21","guid":{"rendered":"http:\/\/www.reconoce.mx\/?p=44685"},"modified":"2016-02-26T11:27:36","modified_gmt":"2016-02-26T17:27:36","slug":"ella-es-ramona-abre-con-exito-primer-cineclub-santa-fe","status":"publish","type":"post","link":"http:\/\/www.reconoce.mx\/?p=44685","title":{"rendered":"\u00abElla es Ramona\u00bb abre con \u00e9xito primer Cineclub Santa Fe"},"content":{"rendered":"<p><strong>Texto por <a title=\"@AsfaltosTweets\" href=\"http:\/\/twitter.com\/AsfaltosTweets\" target=\"_blank\">Asfaltos<\/a><\/strong>.<br \/>\n<strong>Fotos por\u00a0<a href=\"https:\/\/twitter.com\/Jimeamezcua\" target=\"_blank\">Jimena Amezcua<\/a><\/strong>.<\/p>\n<p>La selecci\u00f3n de apertura, para uno de tantos proyectos anhelados, no pudo ser mejor. \u00abElla es Ramona\u00bb, pel\u00edcula dirigida por <strong>Hugo Rodr\u00edguez<\/strong> con gui\u00f3n de <strong>Beto Cohen<\/strong>, fue la cinta inaugural del primer <strong>Cineclub Santa Fe<\/strong> que entre <strong>Difusi\u00f3n Cultural<\/strong>, <strong>Biblioteca<\/strong> y la <strong>Sociedad de Alumnos de Comunicaci\u00f3n y Medios Digitales<\/strong> del <strong>Teconol\u00f3gico de Monterrey Campus Santa Fe<\/strong> y <span style=\"color: #ff0000;\"><strong>Reconoce MX<\/strong><\/span> organizamos.<\/p>\n<p><img loading=\"lazy\" decoding=\"async\" class=\"aligncenter size-full wp-image-44687\" src=\"http:\/\/www.reconoce.mx\/wp-content\/uploads\/2016\/02\/IMG_6923.jpg\" alt=\"IMG_6923\" width=\"4272\" height=\"2848\" srcset=\"http:\/\/www.reconoce.mx\/wp-content\/uploads\/2016\/02\/IMG_6923.jpg 4272w, http:\/\/www.reconoce.mx\/wp-content\/uploads\/2016\/02\/IMG_6923-300x200.jpg 300w, http:\/\/www.reconoce.mx\/wp-content\/uploads\/2016\/02\/IMG_6923-768x512.jpg 768w, http:\/\/www.reconoce.mx\/wp-content\/uploads\/2016\/02\/IMG_6923-1024x683.jpg 1024w, http:\/\/www.reconoce.mx\/wp-content\/uploads\/2016\/02\/IMG_6923-150x100.jpg 150w, http:\/\/www.reconoce.mx\/wp-content\/uploads\/2016\/02\/IMG_6923-700x467.jpg 700w, http:\/\/www.reconoce.mx\/wp-content\/uploads\/2016\/02\/IMG_6923-658x439.jpg 658w\" sizes=\"auto, (max-width: 4272px) 100vw, 4272px\" \/><\/p>\n<p><em><strong>&gt;&gt;<a href=\"https:\/\/www.flickr.com\/photos\/reconocemx\/albums\/72157664944798071\" target=\"_blank\">Disfruta de nuestra galer\u00eda completa de \u00abElla es Ramona\u00bb en Tec Santa Fe<\/a>&lt;&lt;<\/strong><\/em><\/p>\n<p>Con una primera y muy buena asistencia de alumnos de diversas carreras, el primer <strong>Cineclub Santa Fe<\/strong> fue presentado por la profesora del Taller de Apreciaci\u00f3n Cinematogr\u00e1fica de <strong>Difusi\u00f3n Cultural<\/strong>,<strong> Gina Szclar<\/strong>; y la conductora del programa de radio de <span style=\"color: #ff0000;\"><strong>Reconoce MX<\/strong><\/span>, <strong>Sof\u00eda Serrano<\/strong>.<\/p>\n<p>Con palomitas, dulces y bebidas cortes\u00eda de <strong>Biblioteca<\/strong>, la proyecci\u00f3n dio inicio en una sede inmejorable. La <strong>Galer\u00eda Tec<\/strong>, espacio dedicado al disfrute del arte, enmarc\u00f3 la funci\u00f3n de cine con la incre\u00edble presencia de la exposici\u00f3n de la artista visual <strong>F\u00e1tima Vargas <\/strong>(inaugurada, por cierto, la semana pasada).<\/p>\n<p><img loading=\"lazy\" decoding=\"async\" class=\"aligncenter size-full wp-image-44688\" src=\"http:\/\/www.reconoce.mx\/wp-content\/uploads\/2016\/02\/IMG_6925.jpg\" alt=\"IMG_6925\" width=\"4272\" height=\"2848\" srcset=\"http:\/\/www.reconoce.mx\/wp-content\/uploads\/2016\/02\/IMG_6925.jpg 4272w, http:\/\/www.reconoce.mx\/wp-content\/uploads\/2016\/02\/IMG_6925-300x200.jpg 300w, http:\/\/www.reconoce.mx\/wp-content\/uploads\/2016\/02\/IMG_6925-768x512.jpg 768w, http:\/\/www.reconoce.mx\/wp-content\/uploads\/2016\/02\/IMG_6925-1024x683.jpg 1024w, http:\/\/www.reconoce.mx\/wp-content\/uploads\/2016\/02\/IMG_6925-150x100.jpg 150w, http:\/\/www.reconoce.mx\/wp-content\/uploads\/2016\/02\/IMG_6925-700x467.jpg 700w, http:\/\/www.reconoce.mx\/wp-content\/uploads\/2016\/02\/IMG_6925-658x439.jpg 658w\" sizes=\"auto, (max-width: 4272px) 100vw, 4272px\" \/><\/p>\n<p><em><strong>&gt;&gt;<a href=\"https:\/\/www.flickr.com\/photos\/reconocemx\/albums\/72157664944798071\" target=\"_blank\">Disfruta de nuestra galer\u00eda completa de \u00abElla es Ramona\u00bb en Tec Santa Fe<\/a>&lt;&lt;<\/strong><\/em><\/p>\n<p>Entre risa y risa por la serie de obst\u00e1culos que tuvo que sortear Ramona a lo largo de su historia, termin\u00f3 la funci\u00f3n no sin antes una sorpresa que se volver\u00e1 parte integral del proyecto y de la experiencia; <strong>Andrea Ortega-Lee<\/strong> (Ramona),<strong> Julio Bekh\u00f3r<\/strong> (Julio), <strong>Beto Cohen<\/strong> (guionista) y <strong>Claudia del Castillo<\/strong> (productora) fueron presentados para platicar con los estudiantes.<\/p>\n<p>Entusiasmados, por poco m\u00e1s de una hora, los alumnos, profesores, administrativos y hasta algunos padres de familia, aprovecharon la oportunidad para platicar de una cinta donde la lecci\u00f3n es aceptarse como lo que es uno: un ser humano con defectos y virtudes.<\/p>\n<p><img loading=\"lazy\" decoding=\"async\" class=\"aligncenter size-full wp-image-44689\" src=\"http:\/\/www.reconoce.mx\/wp-content\/uploads\/2016\/02\/IMG_6927.jpg\" alt=\"IMG_6927\" width=\"4181\" height=\"1901\" srcset=\"http:\/\/www.reconoce.mx\/wp-content\/uploads\/2016\/02\/IMG_6927.jpg 4181w, http:\/\/www.reconoce.mx\/wp-content\/uploads\/2016\/02\/IMG_6927-300x136.jpg 300w, http:\/\/www.reconoce.mx\/wp-content\/uploads\/2016\/02\/IMG_6927-768x349.jpg 768w, http:\/\/www.reconoce.mx\/wp-content\/uploads\/2016\/02\/IMG_6927-1024x466.jpg 1024w, http:\/\/www.reconoce.mx\/wp-content\/uploads\/2016\/02\/IMG_6927-150x68.jpg 150w, http:\/\/www.reconoce.mx\/wp-content\/uploads\/2016\/02\/IMG_6927-700x318.jpg 700w, http:\/\/www.reconoce.mx\/wp-content\/uploads\/2016\/02\/IMG_6927-658x299.jpg 658w\" sizes=\"auto, (max-width: 4181px) 100vw, 4181px\" \/><\/p>\n<p><em><strong>&gt;&gt;<a href=\"https:\/\/www.flickr.com\/photos\/reconocemx\/albums\/72157664944798071\" target=\"_blank\">Disfruta de nuestra galer\u00eda completa de \u00abElla es Ramona\u00bb en Tec Santa Fe<\/a>&lt;&lt;<\/strong><\/em><\/p>\n<p>Curiosidades del gui\u00f3n, de la producci\u00f3n y de la actuaci\u00f3n fueron algunos de los temas comentados; siendo probablemente el asunto del casting uno de los m\u00e1s relevantes. \u00bfPor qu\u00e9 cerrar papeles donde una actriz delgada no sea indispensable, a otras cuya complexi\u00f3n sea mas bien robusta? Adem\u00e1s, la necesidad de buscar otro tipo de historias, adem\u00e1s de las de denuncia, fueron algunos de los otros temas compartidos.<\/p>\n<p>\u00abElla es Ramona\u00bb, que se estrenara en septiembre de 2015, viajar\u00e1 por otros festivales antes de llevar a su versi\u00f3n casera; y el mismo equipo de producci\u00f3n trabaja ya en un nuevo proyecto para llevarse a la pantalla grande.<\/p>\n<p><img loading=\"lazy\" decoding=\"async\" class=\"aligncenter size-full wp-image-44690\" src=\"http:\/\/www.reconoce.mx\/wp-content\/uploads\/2016\/02\/IMG_6932.jpg\" alt=\"IMG_6932\" width=\"4035\" height=\"1992\" srcset=\"http:\/\/www.reconoce.mx\/wp-content\/uploads\/2016\/02\/IMG_6932.jpg 4035w, http:\/\/www.reconoce.mx\/wp-content\/uploads\/2016\/02\/IMG_6932-300x148.jpg 300w, http:\/\/www.reconoce.mx\/wp-content\/uploads\/2016\/02\/IMG_6932-768x379.jpg 768w, http:\/\/www.reconoce.mx\/wp-content\/uploads\/2016\/02\/IMG_6932-1024x506.jpg 1024w, http:\/\/www.reconoce.mx\/wp-content\/uploads\/2016\/02\/IMG_6932-150x74.jpg 150w, http:\/\/www.reconoce.mx\/wp-content\/uploads\/2016\/02\/IMG_6932-700x346.jpg 700w, http:\/\/www.reconoce.mx\/wp-content\/uploads\/2016\/02\/IMG_6932-658x325.jpg 658w\" sizes=\"auto, (max-width: 4035px) 100vw, 4035px\" \/><\/p>\n<p><em><strong>&gt;&gt;<a href=\"https:\/\/www.flickr.com\/photos\/reconocemx\/albums\/72157664944798071\" target=\"_blank\">Disfruta de nuestra galer\u00eda completa de \u00abElla es Ramona\u00bb en Tec Santa Fe<\/a>&lt;&lt;<\/strong><\/em><\/p>\n<p>\u00a1Gran \u00e9xito del <strong>Cineclub Santa Fe<\/strong> en su primera edici\u00f3n! Fotos, selfies e intercambio de tel\u00e9fonos con los invitados cerraron una tarde donde acercarse y compartir era la m\u00e1xima.<\/p>\n<p>Nosotros, por lo pronto y de la mano una vez m\u00e1s con nuestros incre\u00edbles aliados, estamos ya listos para la segunda versi\u00f3n del <strong>Cineclub Santa Fe<\/strong> que presentar\u00e1 el jueves 17 de marzo, igualmente a las 14:30 horas en la <strong>Galer\u00eda Tec<\/strong>, la cinta \u00abUna \u00faltima y nos vamos\u00bb de <strong>No\u00e9 Santill\u00e1n L\u00f3pez<\/strong>. \u00a1Nos vemos en menos de un mes!<\/p>\n<p>&nbsp;<\/p>\n<p>&nbsp;<\/p>\n","protected":false},"excerpt":{"rendered":"<p>La selecci\u00f3n de apertura, para uno de tantos proyectos anhelados, no pudo ser mejor.<\/p>\n","protected":false},"author":2,"featured_media":44686,"comment_status":"open","ping_status":"open","sticky":false,"template":"","format":"standard","meta":{"footnotes":""},"categories":[3,17,125],"tags":[],"class_list":["post-44685","post","type-post","status-publish","format-standard","has-post-thumbnail","hentry","category-ciudad","category-principal","category-universitarios"],"yoast_head":"<!-- This site is optimized with the Yoast SEO plugin v24.7 - https:\/\/yoast.com\/wordpress\/plugins\/seo\/ -->\n<title>&quot;Ella es Ramona&quot; abre con \u00e9xito primer Cineclub Santa Fe &#171; Reconoce MX<\/title>\n<meta name=\"robots\" content=\"index, follow, max-snippet:-1, max-image-preview:large, max-video-preview:-1\" \/>\n<link rel=\"canonical\" href=\"http:\/\/www.reconoce.mx\/?p=44685\" \/>\n<meta property=\"og:locale\" content=\"es_ES\" \/>\n<meta property=\"og:type\" content=\"article\" \/>\n<meta property=\"og:title\" content=\"&quot;Ella es Ramona&quot; abre con \u00e9xito primer Cineclub Santa Fe &#171; Reconoce MX\" \/>\n<meta property=\"og:description\" content=\"La selecci\u00f3n de apertura, para uno de tantos proyectos anhelados, no pudo ser mejor.\" \/>\n<meta property=\"og:url\" content=\"http:\/\/www.reconoce.mx\/?p=44685\" \/>\n<meta property=\"og:site_name\" content=\"Reconoce MX\" \/>\n<meta property=\"article:publisher\" content=\"https:\/\/es-la.facebook.com\/ReconoceMX\/\" \/>\n<meta property=\"article:published_time\" content=\"2016-02-26T06:05:21+00:00\" \/>\n<meta property=\"article:modified_time\" content=\"2016-02-26T17:27:36+00:00\" \/>\n<meta property=\"og:image\" content=\"http:\/\/www.reconoce.mx\/wp-content\/uploads\/2016\/02\/ellaesramona-cover.png\" \/>\n\t<meta property=\"og:image:width\" content=\"590\" \/>\n\t<meta property=\"og:image:height\" content=\"380\" \/>\n\t<meta property=\"og:image:type\" content=\"image\/png\" \/>\n<meta name=\"author\" content=\"Reconoce MX\" \/>\n<meta name=\"twitter:card\" content=\"summary_large_image\" \/>\n<meta name=\"twitter:creator\" content=\"@reconocemx\" \/>\n<meta name=\"twitter:site\" content=\"@reconocemx\" \/>\n<meta name=\"twitter:label1\" content=\"Escrito por\" \/>\n\t<meta name=\"twitter:data1\" content=\"Reconoce MX\" \/>\n\t<meta name=\"twitter:label2\" content=\"Tiempo de lectura\" \/>\n\t<meta name=\"twitter:data2\" content=\"3 minutos\" \/>\n<script type=\"application\/ld+json\" class=\"yoast-schema-graph\">{\"@context\":\"https:\/\/schema.org\",\"@graph\":[{\"@type\":\"Article\",\"@id\":\"http:\/\/www.reconoce.mx\/?p=44685#article\",\"isPartOf\":{\"@id\":\"http:\/\/www.reconoce.mx\/?p=44685\"},\"author\":{\"name\":\"Reconoce MX\",\"@id\":\"http:\/\/www.reconoce.mx\/#\/schema\/person\/2117e997d7051dc15d6880eaf9bca0b2\"},\"headline\":\"\u00abElla es Ramona\u00bb abre con \u00e9xito primer Cineclub Santa Fe\",\"datePublished\":\"2016-02-26T06:05:21+00:00\",\"dateModified\":\"2016-02-26T17:27:36+00:00\",\"mainEntityOfPage\":{\"@id\":\"http:\/\/www.reconoce.mx\/?p=44685\"},\"wordCount\":581,\"commentCount\":0,\"publisher\":{\"@id\":\"http:\/\/www.reconoce.mx\/#organization\"},\"image\":{\"@id\":\"http:\/\/www.reconoce.mx\/?p=44685#primaryimage\"},\"thumbnailUrl\":\"http:\/\/www.reconoce.mx\/wp-content\/uploads\/2016\/02\/ellaesramona-cover.png\",\"articleSection\":[\"Ciudad\",\"Principal\",\"Universitarios\"],\"inLanguage\":\"es\",\"potentialAction\":[{\"@type\":\"CommentAction\",\"name\":\"Comment\",\"target\":[\"http:\/\/www.reconoce.mx\/?p=44685#respond\"]}]},{\"@type\":\"WebPage\",\"@id\":\"http:\/\/www.reconoce.mx\/?p=44685\",\"url\":\"http:\/\/www.reconoce.mx\/?p=44685\",\"name\":\"\\\"Ella es Ramona\\\" abre con \u00e9xito primer Cineclub Santa Fe &#171; Reconoce MX\",\"isPartOf\":{\"@id\":\"http:\/\/www.reconoce.mx\/#website\"},\"primaryImageOfPage\":{\"@id\":\"http:\/\/www.reconoce.mx\/?p=44685#primaryimage\"},\"image\":{\"@id\":\"http:\/\/www.reconoce.mx\/?p=44685#primaryimage\"},\"thumbnailUrl\":\"http:\/\/www.reconoce.mx\/wp-content\/uploads\/2016\/02\/ellaesramona-cover.png\",\"datePublished\":\"2016-02-26T06:05:21+00:00\",\"dateModified\":\"2016-02-26T17:27:36+00:00\",\"breadcrumb\":{\"@id\":\"http:\/\/www.reconoce.mx\/?p=44685#breadcrumb\"},\"inLanguage\":\"es\",\"potentialAction\":[{\"@type\":\"ReadAction\",\"target\":[\"http:\/\/www.reconoce.mx\/?p=44685\"]}]},{\"@type\":\"ImageObject\",\"inLanguage\":\"es\",\"@id\":\"http:\/\/www.reconoce.mx\/?p=44685#primaryimage\",\"url\":\"http:\/\/www.reconoce.mx\/wp-content\/uploads\/2016\/02\/ellaesramona-cover.png\",\"contentUrl\":\"http:\/\/www.reconoce.mx\/wp-content\/uploads\/2016\/02\/ellaesramona-cover.png\",\"width\":590,\"height\":380},{\"@type\":\"BreadcrumbList\",\"@id\":\"http:\/\/www.reconoce.mx\/?p=44685#breadcrumb\",\"itemListElement\":[{\"@type\":\"ListItem\",\"position\":1,\"name\":\"Portada\",\"item\":\"http:\/\/www.reconoce.mx\/\"},{\"@type\":\"ListItem\",\"position\":2,\"name\":\"\u00abElla es Ramona\u00bb abre con \u00e9xito primer Cineclub Santa Fe\"}]},{\"@type\":\"WebSite\",\"@id\":\"http:\/\/www.reconoce.mx\/#website\",\"url\":\"http:\/\/www.reconoce.mx\/\",\"name\":\"Reconoce MX\",\"description\":\"En Reconoce MX difundimos arte, cultura y conciencia social en M\u00e9xico. Tu ciudad en otra perspectiva.\",\"publisher\":{\"@id\":\"http:\/\/www.reconoce.mx\/#organization\"},\"potentialAction\":[{\"@type\":\"SearchAction\",\"target\":{\"@type\":\"EntryPoint\",\"urlTemplate\":\"http:\/\/www.reconoce.mx\/?s={search_term_string}\"},\"query-input\":{\"@type\":\"PropertyValueSpecification\",\"valueRequired\":true,\"valueName\":\"search_term_string\"}}],\"inLanguage\":\"es\"},{\"@type\":\"Organization\",\"@id\":\"http:\/\/www.reconoce.mx\/#organization\",\"name\":\"Reconoce MX\",\"url\":\"http:\/\/www.reconoce.mx\/\",\"logo\":{\"@type\":\"ImageObject\",\"inLanguage\":\"es\",\"@id\":\"http:\/\/www.reconoce.mx\/#\/schema\/logo\/image\/\",\"url\":\"https:\/\/www.reconoce.mx\/wp-content\/uploads\/2019\/03\/logorcmx-good-1.png\",\"contentUrl\":\"https:\/\/www.reconoce.mx\/wp-content\/uploads\/2019\/03\/logorcmx-good-1.png\",\"width\":280,\"height\":90,\"caption\":\"Reconoce MX\"},\"image\":{\"@id\":\"http:\/\/www.reconoce.mx\/#\/schema\/logo\/image\/\"},\"sameAs\":[\"https:\/\/es-la.facebook.com\/ReconoceMX\/\",\"https:\/\/x.com\/reconocemx\",\"http:\/\/@reconocemx\"]},{\"@type\":\"Person\",\"@id\":\"http:\/\/www.reconoce.mx\/#\/schema\/person\/2117e997d7051dc15d6880eaf9bca0b2\",\"name\":\"Reconoce MX\",\"image\":{\"@type\":\"ImageObject\",\"inLanguage\":\"es\",\"@id\":\"http:\/\/www.reconoce.mx\/#\/schema\/person\/image\/\",\"url\":\"https:\/\/secure.gravatar.com\/avatar\/6c8d4dc7569ca1c90c5fdcc349f839d5ddef6fe1e70b4337ead2ef1a4c43fc3a?s=96&d=identicon&r=g\",\"contentUrl\":\"https:\/\/secure.gravatar.com\/avatar\/6c8d4dc7569ca1c90c5fdcc349f839d5ddef6fe1e70b4337ead2ef1a4c43fc3a?s=96&d=identicon&r=g\",\"caption\":\"Reconoce MX\"},\"description\":\"Reconoce MX es un proyecto de difusi\u00f3n art\u00edstica, cultural y de conciencia social que est\u00e1 enfocado a difundir y fomentar el entretenimiento alternativo de calidad para todo el p\u00fablico que comparta el mismo entusiasmo.\",\"sameAs\":[\"http:\/\/www.reconoce.mx\"],\"url\":\"http:\/\/www.reconoce.mx\/?author=2\"}]}<\/script>\n<!-- \/ Yoast SEO plugin. -->","yoast_head_json":{"title":"\"Ella es Ramona\" abre con \u00e9xito primer Cineclub Santa Fe &#171; Reconoce MX","robots":{"index":"index","follow":"follow","max-snippet":"max-snippet:-1","max-image-preview":"max-image-preview:large","max-video-preview":"max-video-preview:-1"},"canonical":"http:\/\/www.reconoce.mx\/?p=44685","og_locale":"es_ES","og_type":"article","og_title":"\"Ella es Ramona\" abre con \u00e9xito primer Cineclub Santa Fe &#171; Reconoce MX","og_description":"La selecci\u00f3n de apertura, para uno de tantos proyectos anhelados, no pudo ser mejor.","og_url":"http:\/\/www.reconoce.mx\/?p=44685","og_site_name":"Reconoce MX","article_publisher":"https:\/\/es-la.facebook.com\/ReconoceMX\/","article_published_time":"2016-02-26T06:05:21+00:00","article_modified_time":"2016-02-26T17:27:36+00:00","og_image":[{"width":590,"height":380,"url":"http:\/\/www.reconoce.mx\/wp-content\/uploads\/2016\/02\/ellaesramona-cover.png","type":"image\/png"}],"author":"Reconoce MX","twitter_card":"summary_large_image","twitter_creator":"@reconocemx","twitter_site":"@reconocemx","twitter_misc":{"Escrito por":"Reconoce MX","Tiempo de lectura":"3 minutos"},"schema":{"@context":"https:\/\/schema.org","@graph":[{"@type":"Article","@id":"http:\/\/www.reconoce.mx\/?p=44685#article","isPartOf":{"@id":"http:\/\/www.reconoce.mx\/?p=44685"},"author":{"name":"Reconoce MX","@id":"http:\/\/www.reconoce.mx\/#\/schema\/person\/2117e997d7051dc15d6880eaf9bca0b2"},"headline":"\u00abElla es Ramona\u00bb abre con \u00e9xito primer Cineclub Santa Fe","datePublished":"2016-02-26T06:05:21+00:00","dateModified":"2016-02-26T17:27:36+00:00","mainEntityOfPage":{"@id":"http:\/\/www.reconoce.mx\/?p=44685"},"wordCount":581,"commentCount":0,"publisher":{"@id":"http:\/\/www.reconoce.mx\/#organization"},"image":{"@id":"http:\/\/www.reconoce.mx\/?p=44685#primaryimage"},"thumbnailUrl":"http:\/\/www.reconoce.mx\/wp-content\/uploads\/2016\/02\/ellaesramona-cover.png","articleSection":["Ciudad","Principal","Universitarios"],"inLanguage":"es","potentialAction":[{"@type":"CommentAction","name":"Comment","target":["http:\/\/www.reconoce.mx\/?p=44685#respond"]}]},{"@type":"WebPage","@id":"http:\/\/www.reconoce.mx\/?p=44685","url":"http:\/\/www.reconoce.mx\/?p=44685","name":"\"Ella es Ramona\" abre con \u00e9xito primer Cineclub Santa Fe &#171; Reconoce MX","isPartOf":{"@id":"http:\/\/www.reconoce.mx\/#website"},"primaryImageOfPage":{"@id":"http:\/\/www.reconoce.mx\/?p=44685#primaryimage"},"image":{"@id":"http:\/\/www.reconoce.mx\/?p=44685#primaryimage"},"thumbnailUrl":"http:\/\/www.reconoce.mx\/wp-content\/uploads\/2016\/02\/ellaesramona-cover.png","datePublished":"2016-02-26T06:05:21+00:00","dateModified":"2016-02-26T17:27:36+00:00","breadcrumb":{"@id":"http:\/\/www.reconoce.mx\/?p=44685#breadcrumb"},"inLanguage":"es","potentialAction":[{"@type":"ReadAction","target":["http:\/\/www.reconoce.mx\/?p=44685"]}]},{"@type":"ImageObject","inLanguage":"es","@id":"http:\/\/www.reconoce.mx\/?p=44685#primaryimage","url":"http:\/\/www.reconoce.mx\/wp-content\/uploads\/2016\/02\/ellaesramona-cover.png","contentUrl":"http:\/\/www.reconoce.mx\/wp-content\/uploads\/2016\/02\/ellaesramona-cover.png","width":590,"height":380},{"@type":"BreadcrumbList","@id":"http:\/\/www.reconoce.mx\/?p=44685#breadcrumb","itemListElement":[{"@type":"ListItem","position":1,"name":"Portada","item":"http:\/\/www.reconoce.mx\/"},{"@type":"ListItem","position":2,"name":"\u00abElla es Ramona\u00bb abre con \u00e9xito primer Cineclub Santa Fe"}]},{"@type":"WebSite","@id":"http:\/\/www.reconoce.mx\/#website","url":"http:\/\/www.reconoce.mx\/","name":"Reconoce MX","description":"En Reconoce MX difundimos arte, cultura y conciencia social en M\u00e9xico. Tu ciudad en otra perspectiva.","publisher":{"@id":"http:\/\/www.reconoce.mx\/#organization"},"potentialAction":[{"@type":"SearchAction","target":{"@type":"EntryPoint","urlTemplate":"http:\/\/www.reconoce.mx\/?s={search_term_string}"},"query-input":{"@type":"PropertyValueSpecification","valueRequired":true,"valueName":"search_term_string"}}],"inLanguage":"es"},{"@type":"Organization","@id":"http:\/\/www.reconoce.mx\/#organization","name":"Reconoce MX","url":"http:\/\/www.reconoce.mx\/","logo":{"@type":"ImageObject","inLanguage":"es","@id":"http:\/\/www.reconoce.mx\/#\/schema\/logo\/image\/","url":"https:\/\/www.reconoce.mx\/wp-content\/uploads\/2019\/03\/logorcmx-good-1.png","contentUrl":"https:\/\/www.reconoce.mx\/wp-content\/uploads\/2019\/03\/logorcmx-good-1.png","width":280,"height":90,"caption":"Reconoce MX"},"image":{"@id":"http:\/\/www.reconoce.mx\/#\/schema\/logo\/image\/"},"sameAs":["https:\/\/es-la.facebook.com\/ReconoceMX\/","https:\/\/x.com\/reconocemx","http:\/\/@reconocemx"]},{"@type":"Person","@id":"http:\/\/www.reconoce.mx\/#\/schema\/person\/2117e997d7051dc15d6880eaf9bca0b2","name":"Reconoce MX","image":{"@type":"ImageObject","inLanguage":"es","@id":"http:\/\/www.reconoce.mx\/#\/schema\/person\/image\/","url":"https:\/\/secure.gravatar.com\/avatar\/6c8d4dc7569ca1c90c5fdcc349f839d5ddef6fe1e70b4337ead2ef1a4c43fc3a?s=96&d=identicon&r=g","contentUrl":"https:\/\/secure.gravatar.com\/avatar\/6c8d4dc7569ca1c90c5fdcc349f839d5ddef6fe1e70b4337ead2ef1a4c43fc3a?s=96&d=identicon&r=g","caption":"Reconoce MX"},"description":"Reconoce MX es un proyecto de difusi\u00f3n art\u00edstica, cultural y de conciencia social que est\u00e1 enfocado a difundir y fomentar el entretenimiento alternativo de calidad para todo el p\u00fablico que comparta el mismo entusiasmo.","sameAs":["http:\/\/www.reconoce.mx"],"url":"http:\/\/www.reconoce.mx\/?author=2"}]}},"_links":{"self":[{"href":"http:\/\/www.reconoce.mx\/index.php?rest_route=\/wp\/v2\/posts\/44685","targetHints":{"allow":["GET"]}}],"collection":[{"href":"http:\/\/www.reconoce.mx\/index.php?rest_route=\/wp\/v2\/posts"}],"about":[{"href":"http:\/\/www.reconoce.mx\/index.php?rest_route=\/wp\/v2\/types\/post"}],"author":[{"embeddable":true,"href":"http:\/\/www.reconoce.mx\/index.php?rest_route=\/wp\/v2\/users\/2"}],"replies":[{"embeddable":true,"href":"http:\/\/www.reconoce.mx\/index.php?rest_route=%2Fwp%2Fv2%2Fcomments&post=44685"}],"version-history":[{"count":4,"href":"http:\/\/www.reconoce.mx\/index.php?rest_route=\/wp\/v2\/posts\/44685\/revisions"}],"predecessor-version":[{"id":44694,"href":"http:\/\/www.reconoce.mx\/index.php?rest_route=\/wp\/v2\/posts\/44685\/revisions\/44694"}],"wp:featuredmedia":[{"embeddable":true,"href":"http:\/\/www.reconoce.mx\/index.php?rest_route=\/wp\/v2\/media\/44686"}],"wp:attachment":[{"href":"http:\/\/www.reconoce.mx\/index.php?rest_route=%2Fwp%2Fv2%2Fmedia&parent=44685"}],"wp:term":[{"taxonomy":"category","embeddable":true,"href":"http:\/\/www.reconoce.mx\/index.php?rest_route=%2Fwp%2Fv2%2Fcategories&post=44685"},{"taxonomy":"post_tag","embeddable":true,"href":"http:\/\/www.reconoce.mx\/index.php?rest_route=%2Fwp%2Fv2%2Ftags&post=44685"}],"curies":[{"name":"wp","href":"https:\/\/api.w.org\/{rel}","templated":true}]}}