{"id":44725,"date":"2016-03-01T00:06:25","date_gmt":"2016-03-01T06:06:25","guid":{"rendered":"http:\/\/www.reconoce.mx\/?p=44725"},"modified":"2016-03-01T08:16:37","modified_gmt":"2016-03-01T14:16:37","slug":"la-tacita-realidad-la-nueva-seccion-de-ambulante-2016","status":"publish","type":"post","link":"http:\/\/www.reconoce.mx\/?p=44725","title":{"rendered":"\u00abLa t\u00e1cita realidad\u00bb, la nueva secci\u00f3n de Ambulante 2016"},"content":{"rendered":"<p><strong>Por <a title=\"@AsfaltosTweets\" href=\"http:\/\/twitter.com\/AsfaltosTweets\" target=\"_blank\">Asfaltos<\/a><\/strong>.<\/p>\n<p>Distintos contextos geogr\u00e1ficos e hist\u00f3ricos que convergen en la exploraci\u00f3n del personaje femenino y las realidades desapercibidas, de eso se trata la nueva secci\u00f3n de <strong>Ambulante<\/strong>, \u00abLa t\u00e1cita realidad\u00bb. El programa, presentado en colaboraci\u00f3n con <strong>Cineteca Nacional<\/strong>, incluye cl\u00e1sicos del cine feminista y de vanguardia, y t\u00edtulos nunca antes vistos en nuestro pa\u00eds.<\/p>\n<p><img loading=\"lazy\" decoding=\"async\" class=\"aligncenter size-full wp-image-44728\" src=\"http:\/\/www.reconoce.mx\/wp-content\/uploads\/2016\/02\/manzana-cover.png\" alt=\"manzana-cover\" width=\"590\" height=\"380\" srcset=\"http:\/\/www.reconoce.mx\/wp-content\/uploads\/2016\/02\/manzana-cover.png 590w, http:\/\/www.reconoce.mx\/wp-content\/uploads\/2016\/02\/manzana-cover-300x193.png 300w, http:\/\/www.reconoce.mx\/wp-content\/uploads\/2016\/02\/manzana-cover-150x97.png 150w\" sizes=\"auto, (max-width: 590px) 100vw, 590px\" \/><\/p>\n<p>Ocho t\u00edtulos que representan un estudio cuidadoso de personajes femeninos, procedentes todos de diferentes latitudes y momentos hist\u00f3ricos, ser\u00e1n los que compondr\u00e1n la secci\u00f3n \u00abLa t\u00e1cita realidad\u00bb. Rompiendo la frontera entre la ficci\u00f3n y la no ficci\u00f3n, los trabajos presentados abordan las din\u00e1micas sociales a partir de paisajes cotidianos que rompen con cualquier clich\u00e9 de la \u00absubjetividad\u00bb femenina. Varias de las cintas se proyectar\u00e1n en formatos originales (35 mm. y 16 mm.) y en versiones restauradas.<\/p>\n<p>\u00abEn este ciclo las mujeres son figuras que ocupan espacios omisos, personajes herm\u00e9ticos que revelan poco de su psicolog\u00eda, y en el desfase con el mundo que las rodea, exponen el peso de la sociedad. La secci\u00f3n est\u00e1 dedicada a ese cine que presiente, que repara no a partir de un registro puramente visual o narrativo, sino atmosf\u00e9rico: nos coloca en el tensar del espacio, en la escena de un suceso a veces indeterminado, en una densidad inquietante que evoca ambientes pol\u00edticos y climas sociales. Nos adentra en la dimensi\u00f3n t\u00e1cita de la realidad: justo ah\u00ed, donde aparentemente no sucede nada y todo acontece. El programa abarca producciones de distintos contextos geogr\u00e1ficos (Indonesia, Ir\u00e1n, Estados Unidos, Austria, B\u00e9lgica, Senegal, Bielorrusia), hist\u00f3ricos (1966-2014) y estil\u00edsticos. Representa una oportunidad para apreciar la obra de consagrados maestros del cine (Ousmane Semb\u00e8ne, Chantal Akerman, Valie Export, Pirjo Honkasalo) y descubrir joyas desconocidas de la cinematograf\u00eda internacional. Algunas son documentales, otras ficciones, aunque en cierto modo la diferencia es irrelevante porque ambas modalidades conducen a una verdad cinematogr\u00e1fica\u00bb, detalla <strong>Mara Fortes<\/strong>, programadora de <strong>Ambulante<\/strong>.<\/p>\n<p><img loading=\"lazy\" decoding=\"async\" class=\"aligncenter size-full wp-image-44726\" src=\"http:\/\/www.reconoce.mx\/wp-content\/uploads\/2016\/02\/wanda1.png\" alt=\"wanda1\" width=\"590\" height=\"380\" srcset=\"http:\/\/www.reconoce.mx\/wp-content\/uploads\/2016\/02\/wanda1.png 590w, http:\/\/www.reconoce.mx\/wp-content\/uploads\/2016\/02\/wanda1-300x193.png 300w, http:\/\/www.reconoce.mx\/wp-content\/uploads\/2016\/02\/wanda1-150x97.png 150w\" sizes=\"auto, (max-width: 590px) 100vw, 590px\" \/><\/p>\n<p>Los t\u00edtulos programados, en colaboraci\u00f3n con <strong>Cineteca Nacional<\/strong>, son los siguientes:<\/p>\n<p>\u00abJeanne Dielman, 23 quai du Commerce, 1080 Bruxelles\u00bb<br \/>\nDir. <strong>Chantal Akerman<\/strong> | B\u00e9lgica-Francia | 1975 | Franc\u00e9s | Color | Ficci\u00f3n | 201\u2019<br \/>\nTres d\u00edas en la minuciosa rutina de una ama de casa, que incluye diversos quehaceres como tender las camas, preparar la comida y prostituirse. Un hecho insignificante cambia por completo su rutina casi inmutable.<\/p>\n<p>\u00abLa noire de\u2026 | La negra de\u2026\u00bb<br \/>\nDir. <strong>Ousmane Semb\u00e8ne<\/strong> | Francia-Senegal | 1966 | Franc\u00e9s | Blanco y negro | Ficci\u00f3n | 65\u2019<br \/>\nUna joven de Senegal es empleada por una pareja francesa como nana. Pronto, sus sue\u00f1os de aventura se estampan contra la realidad: una rutina esclavizante que le hace cuestionar el valor de su vida.<\/p>\n<p>\u00abSib | La manzana\u00bb<br \/>\nDir. <strong>Samira Makhmalbaf<\/strong> | Ir\u00e1n-Francia | 1998 | Persa | Color | Docudrama | 86\u2019<br \/>\nBajo el argumento de que son como flores que pueden marchitarse con el sol, una pareja ha mantenido encerradas a sus hijas desde su nacimiento. Despu\u00e9s de ser liberadas, deben enfrentarse a un mundo desconocido.<\/p>\n<p>\u00abSiti\u00bb<br \/>\nDir. <strong>Eddie Cahyono<\/strong> | Indonesia | 2014 | Indonesio | Blanco y negro | Ficci\u00f3n | 88\u2019<br \/>\nUn d\u00eda en la vida de Siti, una mujer de 24 a\u00f1os que es el sustento de su familia, sin importar que su trabajo provoque el rechazo de la sociedad y de su esposo Bagus.<\/p>\n<p>\u00abTanjuska ja 7 perkelett\u00e4 | Tanjuska y los 7 demonios\u00bb<br \/>\nDir. <strong>Pirjo Honkasalo<\/strong> | Finlandia-Suecia | 1993 | Bielorruso | Color | Documental | 80\u2019<br \/>\nTanjuska, una ni\u00f1a muda y con atrofia de crecimiento desde hace dos a\u00f1os, es llevada por su padre a un exorcista estonio que asegura que sus males son causados por siete demonios.<\/p>\n<p>\u00abTiny Furniture | Los peque\u00f1os muebles\u00bb<br \/>\nDir. <strong>Lena Dunham<\/strong> | Estados Unidos | 2010 | Ingl\u00e9s | Color | Ficci\u00f3n | 98\u2019<br \/>\nSin una perspectiva clara sobre su futuro, la reci\u00e9n graduada de cine y deprimida Aura debe lidiar con el \u00e9xito de su madre y su hermana, y con los chicos malos que se le atraviesan en el camino.<\/p>\n<p>\u00abUnischtbare Gegner | Adversarios invisibles\u00bb<br \/>\nDirs. <strong>Valie Export<\/strong>, <strong>Peter Weibel<\/strong> | Austria | 1976 | Alem\u00e1n | Color, blanco y negro | Ficci\u00f3n | 104\u2019<br \/>\nAnna es una joven fot\u00f3grafa vienesa convencida de que una fuerza hostil de seres invisibles est\u00e1 invadiendo los cuerpos de los humanos. Una met\u00e1fora po\u00e9tica del sentir apocal\u00edptico de los tiempos modernos.<\/p>\n<p>\u00abWanda\u00bb<br \/>\nDir. <strong>Barbara Loden<\/strong> | Estados Unidos | 1970 | Ingl\u00e9s | Color | Ficci\u00f3n | 10<br \/>\nDespu\u00e9s de abandonar a su familia, Wanda se va a la deriva y se enreda con un criminal abusivo. Una inusual roadmovie que retrata la situaci\u00f3n claustrof\u00f3bica de una mujer en la regi\u00f3n minera de Pensilvania.<\/p>\n<p>&nbsp;<\/p>\n<p>&nbsp;<\/p>\n","protected":false},"excerpt":{"rendered":"<p>Distintos contextos geogr\u00e1ficos e hist\u00f3ricos que convergen en la exploraci\u00f3n del personaje femenino y las realidades desapercibidas, de eso se trata la nueva secci\u00f3n de Ambulante, \u201cLa t\u00e1cita realidad\u201d.<\/p>\n","protected":false},"author":2,"featured_media":44727,"comment_status":"open","ping_status":"open","sticky":false,"template":"","format":"standard","meta":{"footnotes":""},"categories":[24,1,17],"tags":[],"class_list":["post-44725","post","type-post","status-publish","format-standard","has-post-thumbnail","hentry","category-cine","category-cultura","category-principal"],"yoast_head":"<!-- This site is optimized with the Yoast SEO plugin v24.7 - https:\/\/yoast.com\/wordpress\/plugins\/seo\/ -->\n<title>&quot;La t\u00e1cita realidad&quot;, la nueva secci\u00f3n de Ambulante 2016 &#171; Reconoce MX<\/title>\n<meta name=\"robots\" content=\"index, follow, max-snippet:-1, max-image-preview:large, max-video-preview:-1\" \/>\n<link rel=\"canonical\" href=\"https:\/\/www.reconoce.mx\/?p=44725\" \/>\n<meta property=\"og:locale\" content=\"es_ES\" \/>\n<meta property=\"og:type\" content=\"article\" \/>\n<meta property=\"og:title\" content=\"&quot;La t\u00e1cita realidad&quot;, la nueva secci\u00f3n de Ambulante 2016 &#171; Reconoce MX\" \/>\n<meta property=\"og:description\" content=\"Distintos contextos geogr\u00e1ficos e hist\u00f3ricos que convergen en la exploraci\u00f3n del personaje femenino y las realidades desapercibidas, de eso se trata la nueva secci\u00f3n de Ambulante, \u201cLa t\u00e1cita realidad\u201d.\" \/>\n<meta property=\"og:url\" content=\"https:\/\/www.reconoce.mx\/?p=44725\" \/>\n<meta property=\"og:site_name\" content=\"Reconoce MX\" \/>\n<meta property=\"article:publisher\" content=\"https:\/\/es-la.facebook.com\/ReconoceMX\/\" \/>\n<meta property=\"article:published_time\" content=\"2016-03-01T06:06:25+00:00\" \/>\n<meta property=\"article:modified_time\" content=\"2016-03-01T14:16:37+00:00\" \/>\n<meta property=\"og:image\" content=\"https:\/\/www.reconoce.mx\/wp-content\/uploads\/2016\/02\/ambulanteii.png\" \/>\n\t<meta property=\"og:image:width\" content=\"590\" \/>\n\t<meta property=\"og:image:height\" content=\"380\" \/>\n\t<meta property=\"og:image:type\" content=\"image\/png\" \/>\n<meta name=\"author\" content=\"Reconoce MX\" \/>\n<meta name=\"twitter:card\" content=\"summary_large_image\" \/>\n<meta name=\"twitter:creator\" content=\"@reconocemx\" \/>\n<meta name=\"twitter:site\" content=\"@reconocemx\" \/>\n<meta name=\"twitter:label1\" content=\"Escrito por\" \/>\n\t<meta name=\"twitter:data1\" content=\"Reconoce MX\" \/>\n\t<meta name=\"twitter:label2\" content=\"Tiempo de lectura\" \/>\n\t<meta name=\"twitter:data2\" content=\"4 minutos\" \/>\n<script type=\"application\/ld+json\" class=\"yoast-schema-graph\">{\"@context\":\"https:\/\/schema.org\",\"@graph\":[{\"@type\":\"Article\",\"@id\":\"https:\/\/www.reconoce.mx\/?p=44725#article\",\"isPartOf\":{\"@id\":\"https:\/\/www.reconoce.mx\/?p=44725\"},\"author\":{\"name\":\"Reconoce MX\",\"@id\":\"http:\/\/www.reconoce.mx\/#\/schema\/person\/2117e997d7051dc15d6880eaf9bca0b2\"},\"headline\":\"\u00abLa t\u00e1cita realidad\u00bb, la nueva secci\u00f3n de Ambulante 2016\",\"datePublished\":\"2016-03-01T06:06:25+00:00\",\"dateModified\":\"2016-03-01T14:16:37+00:00\",\"mainEntityOfPage\":{\"@id\":\"https:\/\/www.reconoce.mx\/?p=44725\"},\"wordCount\":773,\"commentCount\":0,\"publisher\":{\"@id\":\"http:\/\/www.reconoce.mx\/#organization\"},\"image\":{\"@id\":\"https:\/\/www.reconoce.mx\/?p=44725#primaryimage\"},\"thumbnailUrl\":\"http:\/\/www.reconoce.mx\/wp-content\/uploads\/2016\/02\/ambulanteii.png\",\"articleSection\":[\"Cine\",\"Cultura\",\"Principal\"],\"inLanguage\":\"es\",\"potentialAction\":[{\"@type\":\"CommentAction\",\"name\":\"Comment\",\"target\":[\"https:\/\/www.reconoce.mx\/?p=44725#respond\"]}]},{\"@type\":\"WebPage\",\"@id\":\"https:\/\/www.reconoce.mx\/?p=44725\",\"url\":\"https:\/\/www.reconoce.mx\/?p=44725\",\"name\":\"\\\"La t\u00e1cita realidad\\\", la nueva secci\u00f3n de Ambulante 2016 &#171; Reconoce MX\",\"isPartOf\":{\"@id\":\"http:\/\/www.reconoce.mx\/#website\"},\"primaryImageOfPage\":{\"@id\":\"https:\/\/www.reconoce.mx\/?p=44725#primaryimage\"},\"image\":{\"@id\":\"https:\/\/www.reconoce.mx\/?p=44725#primaryimage\"},\"thumbnailUrl\":\"http:\/\/www.reconoce.mx\/wp-content\/uploads\/2016\/02\/ambulanteii.png\",\"datePublished\":\"2016-03-01T06:06:25+00:00\",\"dateModified\":\"2016-03-01T14:16:37+00:00\",\"breadcrumb\":{\"@id\":\"https:\/\/www.reconoce.mx\/?p=44725#breadcrumb\"},\"inLanguage\":\"es\",\"potentialAction\":[{\"@type\":\"ReadAction\",\"target\":[\"https:\/\/www.reconoce.mx\/?p=44725\"]}]},{\"@type\":\"ImageObject\",\"inLanguage\":\"es\",\"@id\":\"https:\/\/www.reconoce.mx\/?p=44725#primaryimage\",\"url\":\"http:\/\/www.reconoce.mx\/wp-content\/uploads\/2016\/02\/ambulanteii.png\",\"contentUrl\":\"http:\/\/www.reconoce.mx\/wp-content\/uploads\/2016\/02\/ambulanteii.png\",\"width\":590,\"height\":380},{\"@type\":\"BreadcrumbList\",\"@id\":\"https:\/\/www.reconoce.mx\/?p=44725#breadcrumb\",\"itemListElement\":[{\"@type\":\"ListItem\",\"position\":1,\"name\":\"Portada\",\"item\":\"http:\/\/www.reconoce.mx\/\"},{\"@type\":\"ListItem\",\"position\":2,\"name\":\"\u00abLa t\u00e1cita realidad\u00bb, la nueva secci\u00f3n de Ambulante 2016\"}]},{\"@type\":\"WebSite\",\"@id\":\"http:\/\/www.reconoce.mx\/#website\",\"url\":\"http:\/\/www.reconoce.mx\/\",\"name\":\"Reconoce MX\",\"description\":\"En Reconoce MX difundimos arte, cultura y conciencia social en M\u00e9xico. Tu ciudad en otra perspectiva.\",\"publisher\":{\"@id\":\"http:\/\/www.reconoce.mx\/#organization\"},\"potentialAction\":[{\"@type\":\"SearchAction\",\"target\":{\"@type\":\"EntryPoint\",\"urlTemplate\":\"http:\/\/www.reconoce.mx\/?s={search_term_string}\"},\"query-input\":{\"@type\":\"PropertyValueSpecification\",\"valueRequired\":true,\"valueName\":\"search_term_string\"}}],\"inLanguage\":\"es\"},{\"@type\":\"Organization\",\"@id\":\"http:\/\/www.reconoce.mx\/#organization\",\"name\":\"Reconoce MX\",\"url\":\"http:\/\/www.reconoce.mx\/\",\"logo\":{\"@type\":\"ImageObject\",\"inLanguage\":\"es\",\"@id\":\"http:\/\/www.reconoce.mx\/#\/schema\/logo\/image\/\",\"url\":\"https:\/\/www.reconoce.mx\/wp-content\/uploads\/2019\/03\/logorcmx-good-1.png\",\"contentUrl\":\"https:\/\/www.reconoce.mx\/wp-content\/uploads\/2019\/03\/logorcmx-good-1.png\",\"width\":280,\"height\":90,\"caption\":\"Reconoce MX\"},\"image\":{\"@id\":\"http:\/\/www.reconoce.mx\/#\/schema\/logo\/image\/\"},\"sameAs\":[\"https:\/\/es-la.facebook.com\/ReconoceMX\/\",\"https:\/\/x.com\/reconocemx\",\"http:\/\/@reconocemx\"]},{\"@type\":\"Person\",\"@id\":\"http:\/\/www.reconoce.mx\/#\/schema\/person\/2117e997d7051dc15d6880eaf9bca0b2\",\"name\":\"Reconoce MX\",\"image\":{\"@type\":\"ImageObject\",\"inLanguage\":\"es\",\"@id\":\"http:\/\/www.reconoce.mx\/#\/schema\/person\/image\/\",\"url\":\"https:\/\/secure.gravatar.com\/avatar\/6c8d4dc7569ca1c90c5fdcc349f839d5ddef6fe1e70b4337ead2ef1a4c43fc3a?s=96&d=identicon&r=g\",\"contentUrl\":\"https:\/\/secure.gravatar.com\/avatar\/6c8d4dc7569ca1c90c5fdcc349f839d5ddef6fe1e70b4337ead2ef1a4c43fc3a?s=96&d=identicon&r=g\",\"caption\":\"Reconoce MX\"},\"description\":\"Reconoce MX es un proyecto de difusi\u00f3n art\u00edstica, cultural y de conciencia social que est\u00e1 enfocado a difundir y fomentar el entretenimiento alternativo de calidad para todo el p\u00fablico que comparta el mismo entusiasmo.\",\"sameAs\":[\"http:\/\/www.reconoce.mx\"],\"url\":\"http:\/\/www.reconoce.mx\/?author=2\"}]}<\/script>\n<!-- \/ Yoast SEO plugin. -->","yoast_head_json":{"title":"\"La t\u00e1cita realidad\", la nueva secci\u00f3n de Ambulante 2016 &#171; Reconoce MX","robots":{"index":"index","follow":"follow","max-snippet":"max-snippet:-1","max-image-preview":"max-image-preview:large","max-video-preview":"max-video-preview:-1"},"canonical":"https:\/\/www.reconoce.mx\/?p=44725","og_locale":"es_ES","og_type":"article","og_title":"\"La t\u00e1cita realidad\", la nueva secci\u00f3n de Ambulante 2016 &#171; Reconoce MX","og_description":"Distintos contextos geogr\u00e1ficos e hist\u00f3ricos que convergen en la exploraci\u00f3n del personaje femenino y las realidades desapercibidas, de eso se trata la nueva secci\u00f3n de Ambulante, \u201cLa t\u00e1cita realidad\u201d.","og_url":"https:\/\/www.reconoce.mx\/?p=44725","og_site_name":"Reconoce MX","article_publisher":"https:\/\/es-la.facebook.com\/ReconoceMX\/","article_published_time":"2016-03-01T06:06:25+00:00","article_modified_time":"2016-03-01T14:16:37+00:00","og_image":[{"width":590,"height":380,"url":"https:\/\/www.reconoce.mx\/wp-content\/uploads\/2016\/02\/ambulanteii.png","type":"image\/png"}],"author":"Reconoce MX","twitter_card":"summary_large_image","twitter_creator":"@reconocemx","twitter_site":"@reconocemx","twitter_misc":{"Escrito por":"Reconoce MX","Tiempo de lectura":"4 minutos"},"schema":{"@context":"https:\/\/schema.org","@graph":[{"@type":"Article","@id":"https:\/\/www.reconoce.mx\/?p=44725#article","isPartOf":{"@id":"https:\/\/www.reconoce.mx\/?p=44725"},"author":{"name":"Reconoce MX","@id":"http:\/\/www.reconoce.mx\/#\/schema\/person\/2117e997d7051dc15d6880eaf9bca0b2"},"headline":"\u00abLa t\u00e1cita realidad\u00bb, la nueva secci\u00f3n de Ambulante 2016","datePublished":"2016-03-01T06:06:25+00:00","dateModified":"2016-03-01T14:16:37+00:00","mainEntityOfPage":{"@id":"https:\/\/www.reconoce.mx\/?p=44725"},"wordCount":773,"commentCount":0,"publisher":{"@id":"http:\/\/www.reconoce.mx\/#organization"},"image":{"@id":"https:\/\/www.reconoce.mx\/?p=44725#primaryimage"},"thumbnailUrl":"http:\/\/www.reconoce.mx\/wp-content\/uploads\/2016\/02\/ambulanteii.png","articleSection":["Cine","Cultura","Principal"],"inLanguage":"es","potentialAction":[{"@type":"CommentAction","name":"Comment","target":["https:\/\/www.reconoce.mx\/?p=44725#respond"]}]},{"@type":"WebPage","@id":"https:\/\/www.reconoce.mx\/?p=44725","url":"https:\/\/www.reconoce.mx\/?p=44725","name":"\"La t\u00e1cita realidad\", la nueva secci\u00f3n de Ambulante 2016 &#171; Reconoce MX","isPartOf":{"@id":"http:\/\/www.reconoce.mx\/#website"},"primaryImageOfPage":{"@id":"https:\/\/www.reconoce.mx\/?p=44725#primaryimage"},"image":{"@id":"https:\/\/www.reconoce.mx\/?p=44725#primaryimage"},"thumbnailUrl":"http:\/\/www.reconoce.mx\/wp-content\/uploads\/2016\/02\/ambulanteii.png","datePublished":"2016-03-01T06:06:25+00:00","dateModified":"2016-03-01T14:16:37+00:00","breadcrumb":{"@id":"https:\/\/www.reconoce.mx\/?p=44725#breadcrumb"},"inLanguage":"es","potentialAction":[{"@type":"ReadAction","target":["https:\/\/www.reconoce.mx\/?p=44725"]}]},{"@type":"ImageObject","inLanguage":"es","@id":"https:\/\/www.reconoce.mx\/?p=44725#primaryimage","url":"http:\/\/www.reconoce.mx\/wp-content\/uploads\/2016\/02\/ambulanteii.png","contentUrl":"http:\/\/www.reconoce.mx\/wp-content\/uploads\/2016\/02\/ambulanteii.png","width":590,"height":380},{"@type":"BreadcrumbList","@id":"https:\/\/www.reconoce.mx\/?p=44725#breadcrumb","itemListElement":[{"@type":"ListItem","position":1,"name":"Portada","item":"http:\/\/www.reconoce.mx\/"},{"@type":"ListItem","position":2,"name":"\u00abLa t\u00e1cita realidad\u00bb, la nueva secci\u00f3n de Ambulante 2016"}]},{"@type":"WebSite","@id":"http:\/\/www.reconoce.mx\/#website","url":"http:\/\/www.reconoce.mx\/","name":"Reconoce MX","description":"En Reconoce MX difundimos arte, cultura y conciencia social en M\u00e9xico. Tu ciudad en otra perspectiva.","publisher":{"@id":"http:\/\/www.reconoce.mx\/#organization"},"potentialAction":[{"@type":"SearchAction","target":{"@type":"EntryPoint","urlTemplate":"http:\/\/www.reconoce.mx\/?s={search_term_string}"},"query-input":{"@type":"PropertyValueSpecification","valueRequired":true,"valueName":"search_term_string"}}],"inLanguage":"es"},{"@type":"Organization","@id":"http:\/\/www.reconoce.mx\/#organization","name":"Reconoce MX","url":"http:\/\/www.reconoce.mx\/","logo":{"@type":"ImageObject","inLanguage":"es","@id":"http:\/\/www.reconoce.mx\/#\/schema\/logo\/image\/","url":"https:\/\/www.reconoce.mx\/wp-content\/uploads\/2019\/03\/logorcmx-good-1.png","contentUrl":"https:\/\/www.reconoce.mx\/wp-content\/uploads\/2019\/03\/logorcmx-good-1.png","width":280,"height":90,"caption":"Reconoce MX"},"image":{"@id":"http:\/\/www.reconoce.mx\/#\/schema\/logo\/image\/"},"sameAs":["https:\/\/es-la.facebook.com\/ReconoceMX\/","https:\/\/x.com\/reconocemx","http:\/\/@reconocemx"]},{"@type":"Person","@id":"http:\/\/www.reconoce.mx\/#\/schema\/person\/2117e997d7051dc15d6880eaf9bca0b2","name":"Reconoce MX","image":{"@type":"ImageObject","inLanguage":"es","@id":"http:\/\/www.reconoce.mx\/#\/schema\/person\/image\/","url":"https:\/\/secure.gravatar.com\/avatar\/6c8d4dc7569ca1c90c5fdcc349f839d5ddef6fe1e70b4337ead2ef1a4c43fc3a?s=96&d=identicon&r=g","contentUrl":"https:\/\/secure.gravatar.com\/avatar\/6c8d4dc7569ca1c90c5fdcc349f839d5ddef6fe1e70b4337ead2ef1a4c43fc3a?s=96&d=identicon&r=g","caption":"Reconoce MX"},"description":"Reconoce MX es un proyecto de difusi\u00f3n art\u00edstica, cultural y de conciencia social que est\u00e1 enfocado a difundir y fomentar el entretenimiento alternativo de calidad para todo el p\u00fablico que comparta el mismo entusiasmo.","sameAs":["http:\/\/www.reconoce.mx"],"url":"http:\/\/www.reconoce.mx\/?author=2"}]}},"_links":{"self":[{"href":"http:\/\/www.reconoce.mx\/index.php?rest_route=\/wp\/v2\/posts\/44725","targetHints":{"allow":["GET"]}}],"collection":[{"href":"http:\/\/www.reconoce.mx\/index.php?rest_route=\/wp\/v2\/posts"}],"about":[{"href":"http:\/\/www.reconoce.mx\/index.php?rest_route=\/wp\/v2\/types\/post"}],"author":[{"embeddable":true,"href":"http:\/\/www.reconoce.mx\/index.php?rest_route=\/wp\/v2\/users\/2"}],"replies":[{"embeddable":true,"href":"http:\/\/www.reconoce.mx\/index.php?rest_route=%2Fwp%2Fv2%2Fcomments&post=44725"}],"version-history":[{"count":4,"href":"http:\/\/www.reconoce.mx\/index.php?rest_route=\/wp\/v2\/posts\/44725\/revisions"}],"predecessor-version":[{"id":44931,"href":"http:\/\/www.reconoce.mx\/index.php?rest_route=\/wp\/v2\/posts\/44725\/revisions\/44931"}],"wp:featuredmedia":[{"embeddable":true,"href":"http:\/\/www.reconoce.mx\/index.php?rest_route=\/wp\/v2\/media\/44727"}],"wp:attachment":[{"href":"http:\/\/www.reconoce.mx\/index.php?rest_route=%2Fwp%2Fv2%2Fmedia&parent=44725"}],"wp:term":[{"taxonomy":"category","embeddable":true,"href":"http:\/\/www.reconoce.mx\/index.php?rest_route=%2Fwp%2Fv2%2Fcategories&post=44725"},{"taxonomy":"post_tag","embeddable":true,"href":"http:\/\/www.reconoce.mx\/index.php?rest_route=%2Fwp%2Fv2%2Ftags&post=44725"}],"curies":[{"name":"wp","href":"https:\/\/api.w.org\/{rel}","templated":true}]}}