{"id":44819,"date":"2016-03-01T00:05:10","date_gmt":"2016-03-01T06:05:10","guid":{"rendered":"http:\/\/www.reconoce.mx\/?p=44819"},"modified":"2016-03-01T22:26:26","modified_gmt":"2016-03-02T04:26:26","slug":"se-me-olvido-otra-vez-de-juan-gabriel-2","status":"publish","type":"post","link":"http:\/\/www.reconoce.mx\/?p=44819","title":{"rendered":"&#8216;Se me olvid\u00f3 otra vez&#8217;, de Juan Gabriel"},"content":{"rendered":"<p><a href=\"http:\/\/www.reconoce.mx\/category\/cultura\/musica\/martes-asfaltoso\/\"><img loading=\"lazy\" decoding=\"async\" class=\"aligncenter size-full wp-image-38360\" src=\"http:\/\/www.reconoce.mx\/wp-content\/uploads\/2015\/06\/Martes.png\" alt=\"Martes\" width=\"550\" height=\"70\" \/><\/a><strong><br \/>\nPor <a title=\"@AsfaltosTweets\" href=\"http:\/\/twitter.com\/AsfaltosTweets\" target=\"_blank\">Asfaltos<\/a><\/strong>.<\/p>\n<p>Hace a\u00f1os, en un momento de vulnerabilidad, regres\u00e9 a aquel sitio donde le hice da\u00f1o. Sentados en el pasto hace ya diez a\u00f1os, le tuve que pedir que termin\u00e1ramos; aquella vez no ser\u00eda la primera que nos separar\u00edamos, pero s\u00ed la \u00fanica que tuve el valor de ped\u00edrselo yo. A diez a\u00f1os de aquella historia, en los que por cuatro vivimos momentos altas y bajas, confieso que hay marcas que nunca se borran&#8230; y quiz\u00e1 nunca deber\u00edan.<\/p>\n<p><iframe loading=\"lazy\" src=\"https:\/\/www.youtube.com\/embed\/g5rsnxJWNkM\" width=\"590\" height=\"443\" frameborder=\"0\" allowfullscreen=\"allowfullscreen\"><\/iframe><\/p>\n<p>Paseaba por aquellas escaleras donde la recib\u00ed. Ella, sonriente, corri\u00f3 a abrazarme mientras yo intentaba tomar valor para decirle que lo mejor era separarnos, decirnos adios. Era yo apenas un morro de apenas 20 a\u00f1os, y ella, una ni\u00f1a de 19. Ambos pasamos por historias que nos llevaron a ese momento, y que en ning\u00fan momento nos anticipaban lo que vendr\u00eda. Sentados, en el pasto de aquella peque\u00f1a loma, le tuve que decir hasta luego&#8230; Contuvo las l\u00e1grimas largo rato, nunca la vi flaquear, aunque la sent\u00ed entristecida.<\/p>\n<p>Llor\u00e9 tantas veces por ella que la marca qued\u00f3 tan profunda que a\u00fan no s\u00e9 c\u00f3mo vivir con ella. Apenas hace unos meses me hice saber que el cap\u00edtulo se hab\u00eda cerrado, pero ahora falta seguir caminando. Recurro a su recuerdo, a los sitios de esta Ciudad de M\u00e9xico que recorrimos juntos, cuando me siento d\u00e9bil o fr\u00e1gil. Nuestro recuerdo juntos me da fortaleza; nuestras risas me llenan de calor el alma y confortan mi coraz\u00f3n.<\/p>\n<p>Reci\u00e9n, en un ejercicio de memoria, volv\u00ed a aquella tremenda \u00abSe me olvid\u00f3 otra vez\u00bb de<strong> Juan Gabriel<\/strong>; cuya interpretaci\u00f3n, en un plet\u00f3rico Palacio de Bellas Artes acompa\u00f1ado de mariachi, estremece. Me dej\u00e9 llevar por las sensaciones, y una vez m\u00e1s, llor\u00e9&#8230; La nostalgia y la melancol\u00eda se mezclaron con los espacios a los que recurro de vez en vez para imaginarme, que aunque sea en mis recuerdos, ella asiste a donde estoy&#8230; sin embargo, es ah\u00ed cuando recuerdo, que lo nuestro se acab\u00f3.<\/p>\n<p>\u00abSe me olvid\u00f3 otra vez\u00bb fue lanzada originalmente en 1974, y fue una de las colaboraciones entre<strong> Juan Gabriel<\/strong> y el <strong>Mariachi Vargas de Tecalitl\u00e1n<\/strong>. La canci\u00f3n ha sido versionada en diversos momentos, siendo la \u00faltima la que hizo el propio <strong>Juan Gabriel<\/strong> junto a <strong>Marco Antonio Sol\u00eds<\/strong> en 2015.<\/p>\n<p>La imagen del recuerdo que evoco es del Anexo de Ingenier\u00eda de la UNAM, \u00bfme comparten ustedes algunos sitios en la capital que les causen el mismo efecto?<\/p>\n<p>&nbsp;<\/p>\n<p>&nbsp;<\/p>\n","protected":false},"excerpt":{"rendered":"<p>Hace a\u00f1os, en un momento de vulnerabilidad, regres\u00e9 a aquel sitio donde le hice da\u00f1o. <\/p>\n","protected":false},"author":2,"featured_media":44821,"comment_status":"open","ping_status":"open","sticky":false,"template":"","format":"standard","meta":{"footnotes":""},"categories":[1,2592,18,17],"tags":[],"class_list":["post-44819","post","type-post","status-publish","format-standard","has-post-thumbnail","hentry","category-cultura","category-martes-asfaltoso","category-musica","category-principal"],"yoast_head":"<!-- This site is optimized with the Yoast SEO plugin v24.7 - https:\/\/yoast.com\/wordpress\/plugins\/seo\/ -->\n<title>&#039;Se me olvid\u00f3 otra vez&#039;, de Juan Gabriel &#171; Reconoce MX<\/title>\n<meta name=\"robots\" content=\"index, follow, max-snippet:-1, max-image-preview:large, max-video-preview:-1\" \/>\n<link rel=\"canonical\" href=\"https:\/\/www.reconoce.mx\/?p=44819\" \/>\n<meta property=\"og:locale\" content=\"es_ES\" \/>\n<meta property=\"og:type\" content=\"article\" \/>\n<meta property=\"og:title\" content=\"&#039;Se me olvid\u00f3 otra vez&#039;, de Juan Gabriel &#171; Reconoce MX\" \/>\n<meta property=\"og:description\" content=\"Hace a\u00f1os, en un momento de vulnerabilidad, regres\u00e9 a aquel sitio donde le hice da\u00f1o.\" \/>\n<meta property=\"og:url\" content=\"https:\/\/www.reconoce.mx\/?p=44819\" \/>\n<meta property=\"og:site_name\" content=\"Reconoce MX\" \/>\n<meta property=\"article:publisher\" content=\"https:\/\/es-la.facebook.com\/ReconoceMX\/\" \/>\n<meta property=\"article:published_time\" content=\"2016-03-01T06:05:10+00:00\" \/>\n<meta property=\"article:modified_time\" content=\"2016-03-02T04:26:26+00:00\" \/>\n<meta property=\"og:image\" content=\"https:\/\/www.reconoce.mx\/wp-content\/uploads\/2016\/02\/anexoingenierunam-cover.png\" \/>\n\t<meta property=\"og:image:width\" content=\"590\" \/>\n\t<meta property=\"og:image:height\" content=\"380\" \/>\n\t<meta property=\"og:image:type\" content=\"image\/png\" \/>\n<meta name=\"author\" content=\"Reconoce MX\" \/>\n<meta name=\"twitter:card\" content=\"summary_large_image\" \/>\n<meta name=\"twitter:creator\" content=\"@reconocemx\" \/>\n<meta name=\"twitter:site\" content=\"@reconocemx\" \/>\n<meta name=\"twitter:label1\" content=\"Escrito por\" \/>\n\t<meta name=\"twitter:data1\" content=\"Reconoce MX\" \/>\n\t<meta name=\"twitter:label2\" content=\"Tiempo de lectura\" \/>\n\t<meta name=\"twitter:data2\" content=\"2 minutos\" \/>\n<script type=\"application\/ld+json\" class=\"yoast-schema-graph\">{\"@context\":\"https:\/\/schema.org\",\"@graph\":[{\"@type\":\"Article\",\"@id\":\"https:\/\/www.reconoce.mx\/?p=44819#article\",\"isPartOf\":{\"@id\":\"https:\/\/www.reconoce.mx\/?p=44819\"},\"author\":{\"name\":\"Reconoce MX\",\"@id\":\"http:\/\/www.reconoce.mx\/#\/schema\/person\/2117e997d7051dc15d6880eaf9bca0b2\"},\"headline\":\"&#8216;Se me olvid\u00f3 otra vez&#8217;, de Juan Gabriel\",\"datePublished\":\"2016-03-01T06:05:10+00:00\",\"dateModified\":\"2016-03-02T04:26:26+00:00\",\"mainEntityOfPage\":{\"@id\":\"https:\/\/www.reconoce.mx\/?p=44819\"},\"wordCount\":444,\"commentCount\":0,\"publisher\":{\"@id\":\"http:\/\/www.reconoce.mx\/#organization\"},\"image\":{\"@id\":\"https:\/\/www.reconoce.mx\/?p=44819#primaryimage\"},\"thumbnailUrl\":\"http:\/\/www.reconoce.mx\/wp-content\/uploads\/2016\/02\/anexoingenierunam-cover.png\",\"articleSection\":[\"Cultura\",\"Martes asfaltoso\",\"M\u00fasica\",\"Principal\"],\"inLanguage\":\"es\",\"potentialAction\":[{\"@type\":\"CommentAction\",\"name\":\"Comment\",\"target\":[\"https:\/\/www.reconoce.mx\/?p=44819#respond\"]}]},{\"@type\":\"WebPage\",\"@id\":\"https:\/\/www.reconoce.mx\/?p=44819\",\"url\":\"https:\/\/www.reconoce.mx\/?p=44819\",\"name\":\"'Se me olvid\u00f3 otra vez', de Juan Gabriel &#171; Reconoce MX\",\"isPartOf\":{\"@id\":\"http:\/\/www.reconoce.mx\/#website\"},\"primaryImageOfPage\":{\"@id\":\"https:\/\/www.reconoce.mx\/?p=44819#primaryimage\"},\"image\":{\"@id\":\"https:\/\/www.reconoce.mx\/?p=44819#primaryimage\"},\"thumbnailUrl\":\"http:\/\/www.reconoce.mx\/wp-content\/uploads\/2016\/02\/anexoingenierunam-cover.png\",\"datePublished\":\"2016-03-01T06:05:10+00:00\",\"dateModified\":\"2016-03-02T04:26:26+00:00\",\"breadcrumb\":{\"@id\":\"https:\/\/www.reconoce.mx\/?p=44819#breadcrumb\"},\"inLanguage\":\"es\",\"potentialAction\":[{\"@type\":\"ReadAction\",\"target\":[\"https:\/\/www.reconoce.mx\/?p=44819\"]}]},{\"@type\":\"ImageObject\",\"inLanguage\":\"es\",\"@id\":\"https:\/\/www.reconoce.mx\/?p=44819#primaryimage\",\"url\":\"http:\/\/www.reconoce.mx\/wp-content\/uploads\/2016\/02\/anexoingenierunam-cover.png\",\"contentUrl\":\"http:\/\/www.reconoce.mx\/wp-content\/uploads\/2016\/02\/anexoingenierunam-cover.png\",\"width\":590,\"height\":380},{\"@type\":\"BreadcrumbList\",\"@id\":\"https:\/\/www.reconoce.mx\/?p=44819#breadcrumb\",\"itemListElement\":[{\"@type\":\"ListItem\",\"position\":1,\"name\":\"Portada\",\"item\":\"http:\/\/www.reconoce.mx\/\"},{\"@type\":\"ListItem\",\"position\":2,\"name\":\"&#8216;Se me olvid\u00f3 otra vez&#8217;, de Juan Gabriel\"}]},{\"@type\":\"WebSite\",\"@id\":\"http:\/\/www.reconoce.mx\/#website\",\"url\":\"http:\/\/www.reconoce.mx\/\",\"name\":\"Reconoce MX\",\"description\":\"En Reconoce MX difundimos arte, cultura y conciencia social en M\u00e9xico. Tu ciudad en otra perspectiva.\",\"publisher\":{\"@id\":\"http:\/\/www.reconoce.mx\/#organization\"},\"potentialAction\":[{\"@type\":\"SearchAction\",\"target\":{\"@type\":\"EntryPoint\",\"urlTemplate\":\"http:\/\/www.reconoce.mx\/?s={search_term_string}\"},\"query-input\":{\"@type\":\"PropertyValueSpecification\",\"valueRequired\":true,\"valueName\":\"search_term_string\"}}],\"inLanguage\":\"es\"},{\"@type\":\"Organization\",\"@id\":\"http:\/\/www.reconoce.mx\/#organization\",\"name\":\"Reconoce MX\",\"url\":\"http:\/\/www.reconoce.mx\/\",\"logo\":{\"@type\":\"ImageObject\",\"inLanguage\":\"es\",\"@id\":\"http:\/\/www.reconoce.mx\/#\/schema\/logo\/image\/\",\"url\":\"https:\/\/www.reconoce.mx\/wp-content\/uploads\/2019\/03\/logorcmx-good-1.png\",\"contentUrl\":\"https:\/\/www.reconoce.mx\/wp-content\/uploads\/2019\/03\/logorcmx-good-1.png\",\"width\":280,\"height\":90,\"caption\":\"Reconoce MX\"},\"image\":{\"@id\":\"http:\/\/www.reconoce.mx\/#\/schema\/logo\/image\/\"},\"sameAs\":[\"https:\/\/es-la.facebook.com\/ReconoceMX\/\",\"https:\/\/x.com\/reconocemx\",\"http:\/\/@reconocemx\"]},{\"@type\":\"Person\",\"@id\":\"http:\/\/www.reconoce.mx\/#\/schema\/person\/2117e997d7051dc15d6880eaf9bca0b2\",\"name\":\"Reconoce MX\",\"image\":{\"@type\":\"ImageObject\",\"inLanguage\":\"es\",\"@id\":\"http:\/\/www.reconoce.mx\/#\/schema\/person\/image\/\",\"url\":\"https:\/\/secure.gravatar.com\/avatar\/6c8d4dc7569ca1c90c5fdcc349f839d5ddef6fe1e70b4337ead2ef1a4c43fc3a?s=96&d=identicon&r=g\",\"contentUrl\":\"https:\/\/secure.gravatar.com\/avatar\/6c8d4dc7569ca1c90c5fdcc349f839d5ddef6fe1e70b4337ead2ef1a4c43fc3a?s=96&d=identicon&r=g\",\"caption\":\"Reconoce MX\"},\"description\":\"Reconoce MX es un proyecto de difusi\u00f3n art\u00edstica, cultural y de conciencia social que est\u00e1 enfocado a difundir y fomentar el entretenimiento alternativo de calidad para todo el p\u00fablico que comparta el mismo entusiasmo.\",\"sameAs\":[\"http:\/\/www.reconoce.mx\"],\"url\":\"http:\/\/www.reconoce.mx\/?author=2\"}]}<\/script>\n<!-- \/ Yoast SEO plugin. -->","yoast_head_json":{"title":"'Se me olvid\u00f3 otra vez', de Juan Gabriel &#171; Reconoce MX","robots":{"index":"index","follow":"follow","max-snippet":"max-snippet:-1","max-image-preview":"max-image-preview:large","max-video-preview":"max-video-preview:-1"},"canonical":"https:\/\/www.reconoce.mx\/?p=44819","og_locale":"es_ES","og_type":"article","og_title":"'Se me olvid\u00f3 otra vez', de Juan Gabriel &#171; Reconoce MX","og_description":"Hace a\u00f1os, en un momento de vulnerabilidad, regres\u00e9 a aquel sitio donde le hice da\u00f1o.","og_url":"https:\/\/www.reconoce.mx\/?p=44819","og_site_name":"Reconoce MX","article_publisher":"https:\/\/es-la.facebook.com\/ReconoceMX\/","article_published_time":"2016-03-01T06:05:10+00:00","article_modified_time":"2016-03-02T04:26:26+00:00","og_image":[{"width":590,"height":380,"url":"https:\/\/www.reconoce.mx\/wp-content\/uploads\/2016\/02\/anexoingenierunam-cover.png","type":"image\/png"}],"author":"Reconoce MX","twitter_card":"summary_large_image","twitter_creator":"@reconocemx","twitter_site":"@reconocemx","twitter_misc":{"Escrito por":"Reconoce MX","Tiempo de lectura":"2 minutos"},"schema":{"@context":"https:\/\/schema.org","@graph":[{"@type":"Article","@id":"https:\/\/www.reconoce.mx\/?p=44819#article","isPartOf":{"@id":"https:\/\/www.reconoce.mx\/?p=44819"},"author":{"name":"Reconoce MX","@id":"http:\/\/www.reconoce.mx\/#\/schema\/person\/2117e997d7051dc15d6880eaf9bca0b2"},"headline":"&#8216;Se me olvid\u00f3 otra vez&#8217;, de Juan Gabriel","datePublished":"2016-03-01T06:05:10+00:00","dateModified":"2016-03-02T04:26:26+00:00","mainEntityOfPage":{"@id":"https:\/\/www.reconoce.mx\/?p=44819"},"wordCount":444,"commentCount":0,"publisher":{"@id":"http:\/\/www.reconoce.mx\/#organization"},"image":{"@id":"https:\/\/www.reconoce.mx\/?p=44819#primaryimage"},"thumbnailUrl":"http:\/\/www.reconoce.mx\/wp-content\/uploads\/2016\/02\/anexoingenierunam-cover.png","articleSection":["Cultura","Martes asfaltoso","M\u00fasica","Principal"],"inLanguage":"es","potentialAction":[{"@type":"CommentAction","name":"Comment","target":["https:\/\/www.reconoce.mx\/?p=44819#respond"]}]},{"@type":"WebPage","@id":"https:\/\/www.reconoce.mx\/?p=44819","url":"https:\/\/www.reconoce.mx\/?p=44819","name":"'Se me olvid\u00f3 otra vez', de Juan Gabriel &#171; Reconoce MX","isPartOf":{"@id":"http:\/\/www.reconoce.mx\/#website"},"primaryImageOfPage":{"@id":"https:\/\/www.reconoce.mx\/?p=44819#primaryimage"},"image":{"@id":"https:\/\/www.reconoce.mx\/?p=44819#primaryimage"},"thumbnailUrl":"http:\/\/www.reconoce.mx\/wp-content\/uploads\/2016\/02\/anexoingenierunam-cover.png","datePublished":"2016-03-01T06:05:10+00:00","dateModified":"2016-03-02T04:26:26+00:00","breadcrumb":{"@id":"https:\/\/www.reconoce.mx\/?p=44819#breadcrumb"},"inLanguage":"es","potentialAction":[{"@type":"ReadAction","target":["https:\/\/www.reconoce.mx\/?p=44819"]}]},{"@type":"ImageObject","inLanguage":"es","@id":"https:\/\/www.reconoce.mx\/?p=44819#primaryimage","url":"http:\/\/www.reconoce.mx\/wp-content\/uploads\/2016\/02\/anexoingenierunam-cover.png","contentUrl":"http:\/\/www.reconoce.mx\/wp-content\/uploads\/2016\/02\/anexoingenierunam-cover.png","width":590,"height":380},{"@type":"BreadcrumbList","@id":"https:\/\/www.reconoce.mx\/?p=44819#breadcrumb","itemListElement":[{"@type":"ListItem","position":1,"name":"Portada","item":"http:\/\/www.reconoce.mx\/"},{"@type":"ListItem","position":2,"name":"&#8216;Se me olvid\u00f3 otra vez&#8217;, de Juan Gabriel"}]},{"@type":"WebSite","@id":"http:\/\/www.reconoce.mx\/#website","url":"http:\/\/www.reconoce.mx\/","name":"Reconoce MX","description":"En Reconoce MX difundimos arte, cultura y conciencia social en M\u00e9xico. Tu ciudad en otra perspectiva.","publisher":{"@id":"http:\/\/www.reconoce.mx\/#organization"},"potentialAction":[{"@type":"SearchAction","target":{"@type":"EntryPoint","urlTemplate":"http:\/\/www.reconoce.mx\/?s={search_term_string}"},"query-input":{"@type":"PropertyValueSpecification","valueRequired":true,"valueName":"search_term_string"}}],"inLanguage":"es"},{"@type":"Organization","@id":"http:\/\/www.reconoce.mx\/#organization","name":"Reconoce MX","url":"http:\/\/www.reconoce.mx\/","logo":{"@type":"ImageObject","inLanguage":"es","@id":"http:\/\/www.reconoce.mx\/#\/schema\/logo\/image\/","url":"https:\/\/www.reconoce.mx\/wp-content\/uploads\/2019\/03\/logorcmx-good-1.png","contentUrl":"https:\/\/www.reconoce.mx\/wp-content\/uploads\/2019\/03\/logorcmx-good-1.png","width":280,"height":90,"caption":"Reconoce MX"},"image":{"@id":"http:\/\/www.reconoce.mx\/#\/schema\/logo\/image\/"},"sameAs":["https:\/\/es-la.facebook.com\/ReconoceMX\/","https:\/\/x.com\/reconocemx","http:\/\/@reconocemx"]},{"@type":"Person","@id":"http:\/\/www.reconoce.mx\/#\/schema\/person\/2117e997d7051dc15d6880eaf9bca0b2","name":"Reconoce MX","image":{"@type":"ImageObject","inLanguage":"es","@id":"http:\/\/www.reconoce.mx\/#\/schema\/person\/image\/","url":"https:\/\/secure.gravatar.com\/avatar\/6c8d4dc7569ca1c90c5fdcc349f839d5ddef6fe1e70b4337ead2ef1a4c43fc3a?s=96&d=identicon&r=g","contentUrl":"https:\/\/secure.gravatar.com\/avatar\/6c8d4dc7569ca1c90c5fdcc349f839d5ddef6fe1e70b4337ead2ef1a4c43fc3a?s=96&d=identicon&r=g","caption":"Reconoce MX"},"description":"Reconoce MX es un proyecto de difusi\u00f3n art\u00edstica, cultural y de conciencia social que est\u00e1 enfocado a difundir y fomentar el entretenimiento alternativo de calidad para todo el p\u00fablico que comparta el mismo entusiasmo.","sameAs":["http:\/\/www.reconoce.mx"],"url":"http:\/\/www.reconoce.mx\/?author=2"}]}},"_links":{"self":[{"href":"http:\/\/www.reconoce.mx\/index.php?rest_route=\/wp\/v2\/posts\/44819","targetHints":{"allow":["GET"]}}],"collection":[{"href":"http:\/\/www.reconoce.mx\/index.php?rest_route=\/wp\/v2\/posts"}],"about":[{"href":"http:\/\/www.reconoce.mx\/index.php?rest_route=\/wp\/v2\/types\/post"}],"author":[{"embeddable":true,"href":"http:\/\/www.reconoce.mx\/index.php?rest_route=\/wp\/v2\/users\/2"}],"replies":[{"embeddable":true,"href":"http:\/\/www.reconoce.mx\/index.php?rest_route=%2Fwp%2Fv2%2Fcomments&post=44819"}],"version-history":[{"count":5,"href":"http:\/\/www.reconoce.mx\/index.php?rest_route=\/wp\/v2\/posts\/44819\/revisions"}],"predecessor-version":[{"id":51739,"href":"http:\/\/www.reconoce.mx\/index.php?rest_route=\/wp\/v2\/posts\/44819\/revisions\/51739"}],"wp:featuredmedia":[{"embeddable":true,"href":"http:\/\/www.reconoce.mx\/index.php?rest_route=\/wp\/v2\/media\/44821"}],"wp:attachment":[{"href":"http:\/\/www.reconoce.mx\/index.php?rest_route=%2Fwp%2Fv2%2Fmedia&parent=44819"}],"wp:term":[{"taxonomy":"category","embeddable":true,"href":"http:\/\/www.reconoce.mx\/index.php?rest_route=%2Fwp%2Fv2%2Fcategories&post=44819"},{"taxonomy":"post_tag","embeddable":true,"href":"http:\/\/www.reconoce.mx\/index.php?rest_route=%2Fwp%2Fv2%2Ftags&post=44819"}],"curies":[{"name":"wp","href":"https:\/\/api.w.org\/{rel}","templated":true}]}}