{"id":44857,"date":"2016-02-29T00:06:45","date_gmt":"2016-02-29T06:06:45","guid":{"rendered":"http:\/\/www.reconoce.mx\/?p=44857"},"modified":"2016-04-03T15:43:02","modified_gmt":"2016-04-03T20:43:02","slug":"lubezki-e-inarritu-repiten-oscar-historico-lo-de-el-chivo","status":"publish","type":"post","link":"http:\/\/www.reconoce.mx\/?p=44857","title":{"rendered":"Lubezki e I\u00f1\u00e1rritu repiten Oscar. Hist\u00f3rico lo de &#8216;El Chivo&#8217;"},"content":{"rendered":"<p><strong>Por <a title=\"@AsfaltosTweets\" href=\"http:\/\/twitter.com\/AsfaltosTweets\" target=\"_blank\">Asfaltos<\/a><\/strong>.<\/p>\n<p>En una noche donde brillaron los ganadores, con una ceremonia con alguno que otro momento emotivo, pero en general aburrida; brillaron por tercera y segunda vez respectivamente, el cinemat\u00f3grafo <strong>Emmanuel \u00abEl Chivo\u00bb Lubezki<\/strong> y <strong>Alejandro \u00abEl Negro\u00bb Gonz\u00e1lez I\u00f1\u00e1rritu<\/strong>. Lo de \u00abEl Chivo\u00bb no s\u00f3lo es hist\u00f3rico en nuestro pa\u00eds, sino en el mundo.<\/p>\n<p><img loading=\"lazy\" decoding=\"async\" src=\"http:\/\/www.reconoce.mx\/wp-content\/uploads\/2016\/02\/6a5b61b78e08f877d67ee3eb93dbdb7371e3fa7d3a246d337c8580521aa59a51.jpg\" alt=\"6a5b61b78e08f877d67ee3eb93dbdb7371e3fa7d3a246d337c8580521aa59a51\" width=\"3456\" height=\"5184\" class=\"aligncenter size-full wp-image-44912\" srcset=\"http:\/\/www.reconoce.mx\/wp-content\/uploads\/2016\/02\/6a5b61b78e08f877d67ee3eb93dbdb7371e3fa7d3a246d337c8580521aa59a51.jpg 3456w, http:\/\/www.reconoce.mx\/wp-content\/uploads\/2016\/02\/6a5b61b78e08f877d67ee3eb93dbdb7371e3fa7d3a246d337c8580521aa59a51-200x300.jpg 200w, http:\/\/www.reconoce.mx\/wp-content\/uploads\/2016\/02\/6a5b61b78e08f877d67ee3eb93dbdb7371e3fa7d3a246d337c8580521aa59a51-768x1152.jpg 768w, http:\/\/www.reconoce.mx\/wp-content\/uploads\/2016\/02\/6a5b61b78e08f877d67ee3eb93dbdb7371e3fa7d3a246d337c8580521aa59a51-683x1024.jpg 683w, http:\/\/www.reconoce.mx\/wp-content\/uploads\/2016\/02\/6a5b61b78e08f877d67ee3eb93dbdb7371e3fa7d3a246d337c8580521aa59a51-150x225.jpg 150w, http:\/\/www.reconoce.mx\/wp-content\/uploads\/2016\/02\/6a5b61b78e08f877d67ee3eb93dbdb7371e3fa7d3a246d337c8580521aa59a51-700x1050.jpg 700w, http:\/\/www.reconoce.mx\/wp-content\/uploads\/2016\/02\/6a5b61b78e08f877d67ee3eb93dbdb7371e3fa7d3a246d337c8580521aa59a51-658x987.jpg 658w, http:\/\/www.reconoce.mx\/wp-content\/uploads\/2016\/02\/6a5b61b78e08f877d67ee3eb93dbdb7371e3fa7d3a246d337c8580521aa59a51-300x450.jpg 300w\" sizes=\"auto, (max-width: 3456px) 100vw, 3456px\" \/><\/p>\n<p>Contendiendo por 12 premios <strong>Oscar<\/strong>, \u00abEl renacido\u00bb del director mexicano<strong> Alejandro Gonz\u00e1lez I\u00f1\u00e1rritu<\/strong> se presentaba como una de las grandes favoritas de la noche, hasta que de manera sorpresiva \u00abMad Max: Furia en el camino\u00bb fue arrebat\u00e1ndole de manera muy justa los primeros galardones.<\/p>\n<p>La fiesta para la megaproducci\u00f3n que cuenta la historia de Hugh Glass (<strong>Leonardo DiCaprio<\/strong>, quien se alz\u00f3 con el galard\u00f3n a Mejor actor), sobreviviente de un ataque de oso grizzly, traicionado y dejado a su suerte, comenz\u00f3 precisamente con el <strong>Oscar<\/strong> que m\u00e1s ten\u00eda seguro. <strong>Emmanuel Lubezki<\/strong>, por tercer a\u00f1o consecutivo, y en algo que es hist\u00f3rico en la historia de la premiaic\u00f3n, result\u00f3 ganador en la categor\u00eda a Mejor fotograf\u00eda en los <strong>Premios de la Academia<\/strong>.<\/p>\n<p>La labor de Lubezki, lo m\u00e1s destacado de la cinta de I\u00f1\u00e1rritu, domina gran parte de la cinta siendo a\u00fan m\u00e1s destacable a partir de la segunda hora del proyecto cinematogr\u00e1fico. El primer <strong>Oscar<\/strong> de Lubezki, despu\u00e9s de varias nominaciones sin reconocimiento, fue a ra\u00edz de la cinta \u00abGravedad\u00bb de su tambi\u00e9n amigo el mexicano<strong> Alfonso Cuar\u00f3n<\/strong>; seguido de su segundo <strong>Oscar<\/strong> consecutivo ahora gracias a \u00abBirdman o la inesperada virtud de la ignorancia\u00bb de <strong>Alejandro Gonz\u00e1lez I\u00f1\u00e1rritu<\/strong>.<\/p>\n<p>El segundo <strong>Oscar<\/strong> de \u00abEl renacido\u00bb fue para su director <strong>Alejandro Gonz\u00e1lez I\u00f1\u00e1rritu<\/strong>, quien suma su cuarto <strong>premio<\/strong> Oscar tras los tres del a\u00f1o pasado gracias a \u00abBirdman o la inesperada virtud de la ignorancia\u00bb.<\/p>\n<p>Durante su discurso de agradecimiento, uno de los m\u00e1s largos en la ceremonia, el mexicano alz\u00f3 la voz: \u00abhay una l\u00ednea en la pel\u00edcula en la que Glass dice a su hijo &#8216;no te escuchan porque ven el color de tu piel&#8217;, qu\u00e9 mejor oportunidad para nuestra generaci\u00f3n de liberarnos del prejuicio y de esta mentalidad tribal y de asegurarnos que por siempre el color de la piel sea algo tan irrelevante como el largo de nuestro cabello\u00bb.<\/p>\n<p>Noche redonda para los mexicanos en la premiaci\u00f3n m\u00e1s relevante de la temporada de premios cinematogr\u00e1ficos. Quiz\u00e1, y por segundo a\u00f1o consecutivo, falt\u00f3 el reconocimiento para el tambi\u00e9n mexicano <strong>Mart\u00edn Hern\u00e1ndez<\/strong> por \u00abEl renacido\u00bb tambi\u00e9n; premio que no logr\u00f3 precisamente por la labor en Mejor edici\u00f3n de sonido de \u00abMad Max: Furia en el camino\u00bb. As\u00ed como a Lubezki, seguramente le llegar\u00e1 en alg\u00fan momento la oportunidad; la nominaci\u00f3n, por segundo a\u00f1o seguido, no es de ninguna manera poca cosa.<\/p>\n<p style=\"text-align: right;\">Im\u00e1genes tomadas del sitio oficial de los <strong>Oscar<\/strong>.<\/p>\n<p>&nbsp;<\/p>\n<p>&nbsp;<\/p>\n","protected":false},"excerpt":{"rendered":"<p>Fue una noche donde brillaron los ganadores, con una ceremonia con alguno que otro momento emotivo, pero en general aburrida.<\/p>\n","protected":false},"author":2,"featured_media":44858,"comment_status":"open","ping_status":"open","sticky":false,"template":"","format":"standard","meta":{"footnotes":""},"categories":[24,2643,1,17],"tags":[],"class_list":["post-44857","post","type-post","status-publish","format-standard","has-post-thumbnail","hentry","category-cine","category-cine-comercial","category-cultura","category-principal"],"yoast_head":"<!-- This site is optimized with the Yoast SEO plugin v24.7 - https:\/\/yoast.com\/wordpress\/plugins\/seo\/ -->\n<title>Lubezki e I\u00f1\u00e1rritu repiten Oscar. Hist\u00f3rico lo de &#039;El Chivo&#039; &#171; Reconoce MX<\/title>\n<meta name=\"robots\" content=\"index, follow, max-snippet:-1, max-image-preview:large, max-video-preview:-1\" \/>\n<link rel=\"canonical\" href=\"https:\/\/www.reconoce.mx\/?p=44857\" \/>\n<meta property=\"og:locale\" content=\"es_ES\" \/>\n<meta property=\"og:type\" content=\"article\" \/>\n<meta property=\"og:title\" content=\"Lubezki e I\u00f1\u00e1rritu repiten Oscar. Hist\u00f3rico lo de &#039;El Chivo&#039; &#171; Reconoce MX\" \/>\n<meta property=\"og:description\" content=\"Fue una noche donde brillaron los ganadores, con una ceremonia con alguno que otro momento emotivo, pero en general aburrida.\" \/>\n<meta property=\"og:url\" content=\"https:\/\/www.reconoce.mx\/?p=44857\" \/>\n<meta property=\"og:site_name\" content=\"Reconoce MX\" \/>\n<meta property=\"article:publisher\" content=\"https:\/\/es-la.facebook.com\/ReconoceMX\/\" \/>\n<meta property=\"article:published_time\" content=\"2016-02-29T06:06:45+00:00\" \/>\n<meta property=\"article:modified_time\" content=\"2016-04-03T20:43:02+00:00\" \/>\n<meta property=\"og:image\" content=\"https:\/\/www.reconoce.mx\/wp-content\/uploads\/2016\/02\/emmanuelw-lubezki.png\" \/>\n\t<meta property=\"og:image:width\" content=\"590\" \/>\n\t<meta property=\"og:image:height\" content=\"380\" \/>\n\t<meta property=\"og:image:type\" content=\"image\/png\" \/>\n<meta name=\"author\" content=\"Reconoce MX\" \/>\n<meta name=\"twitter:card\" content=\"summary_large_image\" \/>\n<meta name=\"twitter:creator\" content=\"@reconocemx\" \/>\n<meta name=\"twitter:site\" content=\"@reconocemx\" \/>\n<meta name=\"twitter:label1\" content=\"Escrito por\" \/>\n\t<meta name=\"twitter:data1\" content=\"Reconoce MX\" \/>\n\t<meta name=\"twitter:label2\" content=\"Tiempo de lectura\" \/>\n\t<meta name=\"twitter:data2\" content=\"3 minutos\" \/>\n<script type=\"application\/ld+json\" class=\"yoast-schema-graph\">{\"@context\":\"https:\/\/schema.org\",\"@graph\":[{\"@type\":\"Article\",\"@id\":\"https:\/\/www.reconoce.mx\/?p=44857#article\",\"isPartOf\":{\"@id\":\"https:\/\/www.reconoce.mx\/?p=44857\"},\"author\":{\"name\":\"Reconoce MX\",\"@id\":\"http:\/\/www.reconoce.mx\/#\/schema\/person\/2117e997d7051dc15d6880eaf9bca0b2\"},\"headline\":\"Lubezki e I\u00f1\u00e1rritu repiten Oscar. Hist\u00f3rico lo de &#8216;El Chivo&#8217;\",\"datePublished\":\"2016-02-29T06:06:45+00:00\",\"dateModified\":\"2016-04-03T20:43:02+00:00\",\"mainEntityOfPage\":{\"@id\":\"https:\/\/www.reconoce.mx\/?p=44857\"},\"wordCount\":518,\"commentCount\":0,\"publisher\":{\"@id\":\"http:\/\/www.reconoce.mx\/#organization\"},\"image\":{\"@id\":\"https:\/\/www.reconoce.mx\/?p=44857#primaryimage\"},\"thumbnailUrl\":\"http:\/\/www.reconoce.mx\/wp-content\/uploads\/2016\/02\/emmanuelw-lubezki.png\",\"articleSection\":[\"Cine\",\"Cine comercial\",\"Cultura\",\"Principal\"],\"inLanguage\":\"es\",\"potentialAction\":[{\"@type\":\"CommentAction\",\"name\":\"Comment\",\"target\":[\"https:\/\/www.reconoce.mx\/?p=44857#respond\"]}]},{\"@type\":\"WebPage\",\"@id\":\"https:\/\/www.reconoce.mx\/?p=44857\",\"url\":\"https:\/\/www.reconoce.mx\/?p=44857\",\"name\":\"Lubezki e I\u00f1\u00e1rritu repiten Oscar. Hist\u00f3rico lo de 'El Chivo' &#171; Reconoce MX\",\"isPartOf\":{\"@id\":\"http:\/\/www.reconoce.mx\/#website\"},\"primaryImageOfPage\":{\"@id\":\"https:\/\/www.reconoce.mx\/?p=44857#primaryimage\"},\"image\":{\"@id\":\"https:\/\/www.reconoce.mx\/?p=44857#primaryimage\"},\"thumbnailUrl\":\"http:\/\/www.reconoce.mx\/wp-content\/uploads\/2016\/02\/emmanuelw-lubezki.png\",\"datePublished\":\"2016-02-29T06:06:45+00:00\",\"dateModified\":\"2016-04-03T20:43:02+00:00\",\"breadcrumb\":{\"@id\":\"https:\/\/www.reconoce.mx\/?p=44857#breadcrumb\"},\"inLanguage\":\"es\",\"potentialAction\":[{\"@type\":\"ReadAction\",\"target\":[\"https:\/\/www.reconoce.mx\/?p=44857\"]}]},{\"@type\":\"ImageObject\",\"inLanguage\":\"es\",\"@id\":\"https:\/\/www.reconoce.mx\/?p=44857#primaryimage\",\"url\":\"http:\/\/www.reconoce.mx\/wp-content\/uploads\/2016\/02\/emmanuelw-lubezki.png\",\"contentUrl\":\"http:\/\/www.reconoce.mx\/wp-content\/uploads\/2016\/02\/emmanuelw-lubezki.png\",\"width\":590,\"height\":380},{\"@type\":\"BreadcrumbList\",\"@id\":\"https:\/\/www.reconoce.mx\/?p=44857#breadcrumb\",\"itemListElement\":[{\"@type\":\"ListItem\",\"position\":1,\"name\":\"Portada\",\"item\":\"http:\/\/www.reconoce.mx\/\"},{\"@type\":\"ListItem\",\"position\":2,\"name\":\"Lubezki e I\u00f1\u00e1rritu repiten Oscar. Hist\u00f3rico lo de &#8216;El Chivo&#8217;\"}]},{\"@type\":\"WebSite\",\"@id\":\"http:\/\/www.reconoce.mx\/#website\",\"url\":\"http:\/\/www.reconoce.mx\/\",\"name\":\"Reconoce MX\",\"description\":\"En Reconoce MX difundimos arte, cultura y conciencia social en M\u00e9xico. Tu ciudad en otra perspectiva.\",\"publisher\":{\"@id\":\"http:\/\/www.reconoce.mx\/#organization\"},\"potentialAction\":[{\"@type\":\"SearchAction\",\"target\":{\"@type\":\"EntryPoint\",\"urlTemplate\":\"http:\/\/www.reconoce.mx\/?s={search_term_string}\"},\"query-input\":{\"@type\":\"PropertyValueSpecification\",\"valueRequired\":true,\"valueName\":\"search_term_string\"}}],\"inLanguage\":\"es\"},{\"@type\":\"Organization\",\"@id\":\"http:\/\/www.reconoce.mx\/#organization\",\"name\":\"Reconoce MX\",\"url\":\"http:\/\/www.reconoce.mx\/\",\"logo\":{\"@type\":\"ImageObject\",\"inLanguage\":\"es\",\"@id\":\"http:\/\/www.reconoce.mx\/#\/schema\/logo\/image\/\",\"url\":\"https:\/\/www.reconoce.mx\/wp-content\/uploads\/2019\/03\/logorcmx-good-1.png\",\"contentUrl\":\"https:\/\/www.reconoce.mx\/wp-content\/uploads\/2019\/03\/logorcmx-good-1.png\",\"width\":280,\"height\":90,\"caption\":\"Reconoce MX\"},\"image\":{\"@id\":\"http:\/\/www.reconoce.mx\/#\/schema\/logo\/image\/\"},\"sameAs\":[\"https:\/\/es-la.facebook.com\/ReconoceMX\/\",\"https:\/\/x.com\/reconocemx\",\"http:\/\/@reconocemx\"]},{\"@type\":\"Person\",\"@id\":\"http:\/\/www.reconoce.mx\/#\/schema\/person\/2117e997d7051dc15d6880eaf9bca0b2\",\"name\":\"Reconoce MX\",\"image\":{\"@type\":\"ImageObject\",\"inLanguage\":\"es\",\"@id\":\"http:\/\/www.reconoce.mx\/#\/schema\/person\/image\/\",\"url\":\"https:\/\/secure.gravatar.com\/avatar\/6c8d4dc7569ca1c90c5fdcc349f839d5ddef6fe1e70b4337ead2ef1a4c43fc3a?s=96&d=identicon&r=g\",\"contentUrl\":\"https:\/\/secure.gravatar.com\/avatar\/6c8d4dc7569ca1c90c5fdcc349f839d5ddef6fe1e70b4337ead2ef1a4c43fc3a?s=96&d=identicon&r=g\",\"caption\":\"Reconoce MX\"},\"description\":\"Reconoce MX es un proyecto de difusi\u00f3n art\u00edstica, cultural y de conciencia social que est\u00e1 enfocado a difundir y fomentar el entretenimiento alternativo de calidad para todo el p\u00fablico que comparta el mismo entusiasmo.\",\"sameAs\":[\"http:\/\/www.reconoce.mx\"],\"url\":\"http:\/\/www.reconoce.mx\/?author=2\"}]}<\/script>\n<!-- \/ Yoast SEO plugin. -->","yoast_head_json":{"title":"Lubezki e I\u00f1\u00e1rritu repiten Oscar. Hist\u00f3rico lo de 'El Chivo' &#171; Reconoce MX","robots":{"index":"index","follow":"follow","max-snippet":"max-snippet:-1","max-image-preview":"max-image-preview:large","max-video-preview":"max-video-preview:-1"},"canonical":"https:\/\/www.reconoce.mx\/?p=44857","og_locale":"es_ES","og_type":"article","og_title":"Lubezki e I\u00f1\u00e1rritu repiten Oscar. Hist\u00f3rico lo de 'El Chivo' &#171; Reconoce MX","og_description":"Fue una noche donde brillaron los ganadores, con una ceremonia con alguno que otro momento emotivo, pero en general aburrida.","og_url":"https:\/\/www.reconoce.mx\/?p=44857","og_site_name":"Reconoce MX","article_publisher":"https:\/\/es-la.facebook.com\/ReconoceMX\/","article_published_time":"2016-02-29T06:06:45+00:00","article_modified_time":"2016-04-03T20:43:02+00:00","og_image":[{"width":590,"height":380,"url":"https:\/\/www.reconoce.mx\/wp-content\/uploads\/2016\/02\/emmanuelw-lubezki.png","type":"image\/png"}],"author":"Reconoce MX","twitter_card":"summary_large_image","twitter_creator":"@reconocemx","twitter_site":"@reconocemx","twitter_misc":{"Escrito por":"Reconoce MX","Tiempo de lectura":"3 minutos"},"schema":{"@context":"https:\/\/schema.org","@graph":[{"@type":"Article","@id":"https:\/\/www.reconoce.mx\/?p=44857#article","isPartOf":{"@id":"https:\/\/www.reconoce.mx\/?p=44857"},"author":{"name":"Reconoce MX","@id":"http:\/\/www.reconoce.mx\/#\/schema\/person\/2117e997d7051dc15d6880eaf9bca0b2"},"headline":"Lubezki e I\u00f1\u00e1rritu repiten Oscar. Hist\u00f3rico lo de &#8216;El Chivo&#8217;","datePublished":"2016-02-29T06:06:45+00:00","dateModified":"2016-04-03T20:43:02+00:00","mainEntityOfPage":{"@id":"https:\/\/www.reconoce.mx\/?p=44857"},"wordCount":518,"commentCount":0,"publisher":{"@id":"http:\/\/www.reconoce.mx\/#organization"},"image":{"@id":"https:\/\/www.reconoce.mx\/?p=44857#primaryimage"},"thumbnailUrl":"http:\/\/www.reconoce.mx\/wp-content\/uploads\/2016\/02\/emmanuelw-lubezki.png","articleSection":["Cine","Cine comercial","Cultura","Principal"],"inLanguage":"es","potentialAction":[{"@type":"CommentAction","name":"Comment","target":["https:\/\/www.reconoce.mx\/?p=44857#respond"]}]},{"@type":"WebPage","@id":"https:\/\/www.reconoce.mx\/?p=44857","url":"https:\/\/www.reconoce.mx\/?p=44857","name":"Lubezki e I\u00f1\u00e1rritu repiten Oscar. Hist\u00f3rico lo de 'El Chivo' &#171; Reconoce MX","isPartOf":{"@id":"http:\/\/www.reconoce.mx\/#website"},"primaryImageOfPage":{"@id":"https:\/\/www.reconoce.mx\/?p=44857#primaryimage"},"image":{"@id":"https:\/\/www.reconoce.mx\/?p=44857#primaryimage"},"thumbnailUrl":"http:\/\/www.reconoce.mx\/wp-content\/uploads\/2016\/02\/emmanuelw-lubezki.png","datePublished":"2016-02-29T06:06:45+00:00","dateModified":"2016-04-03T20:43:02+00:00","breadcrumb":{"@id":"https:\/\/www.reconoce.mx\/?p=44857#breadcrumb"},"inLanguage":"es","potentialAction":[{"@type":"ReadAction","target":["https:\/\/www.reconoce.mx\/?p=44857"]}]},{"@type":"ImageObject","inLanguage":"es","@id":"https:\/\/www.reconoce.mx\/?p=44857#primaryimage","url":"http:\/\/www.reconoce.mx\/wp-content\/uploads\/2016\/02\/emmanuelw-lubezki.png","contentUrl":"http:\/\/www.reconoce.mx\/wp-content\/uploads\/2016\/02\/emmanuelw-lubezki.png","width":590,"height":380},{"@type":"BreadcrumbList","@id":"https:\/\/www.reconoce.mx\/?p=44857#breadcrumb","itemListElement":[{"@type":"ListItem","position":1,"name":"Portada","item":"http:\/\/www.reconoce.mx\/"},{"@type":"ListItem","position":2,"name":"Lubezki e I\u00f1\u00e1rritu repiten Oscar. Hist\u00f3rico lo de &#8216;El Chivo&#8217;"}]},{"@type":"WebSite","@id":"http:\/\/www.reconoce.mx\/#website","url":"http:\/\/www.reconoce.mx\/","name":"Reconoce MX","description":"En Reconoce MX difundimos arte, cultura y conciencia social en M\u00e9xico. Tu ciudad en otra perspectiva.","publisher":{"@id":"http:\/\/www.reconoce.mx\/#organization"},"potentialAction":[{"@type":"SearchAction","target":{"@type":"EntryPoint","urlTemplate":"http:\/\/www.reconoce.mx\/?s={search_term_string}"},"query-input":{"@type":"PropertyValueSpecification","valueRequired":true,"valueName":"search_term_string"}}],"inLanguage":"es"},{"@type":"Organization","@id":"http:\/\/www.reconoce.mx\/#organization","name":"Reconoce MX","url":"http:\/\/www.reconoce.mx\/","logo":{"@type":"ImageObject","inLanguage":"es","@id":"http:\/\/www.reconoce.mx\/#\/schema\/logo\/image\/","url":"https:\/\/www.reconoce.mx\/wp-content\/uploads\/2019\/03\/logorcmx-good-1.png","contentUrl":"https:\/\/www.reconoce.mx\/wp-content\/uploads\/2019\/03\/logorcmx-good-1.png","width":280,"height":90,"caption":"Reconoce MX"},"image":{"@id":"http:\/\/www.reconoce.mx\/#\/schema\/logo\/image\/"},"sameAs":["https:\/\/es-la.facebook.com\/ReconoceMX\/","https:\/\/x.com\/reconocemx","http:\/\/@reconocemx"]},{"@type":"Person","@id":"http:\/\/www.reconoce.mx\/#\/schema\/person\/2117e997d7051dc15d6880eaf9bca0b2","name":"Reconoce MX","image":{"@type":"ImageObject","inLanguage":"es","@id":"http:\/\/www.reconoce.mx\/#\/schema\/person\/image\/","url":"https:\/\/secure.gravatar.com\/avatar\/6c8d4dc7569ca1c90c5fdcc349f839d5ddef6fe1e70b4337ead2ef1a4c43fc3a?s=96&d=identicon&r=g","contentUrl":"https:\/\/secure.gravatar.com\/avatar\/6c8d4dc7569ca1c90c5fdcc349f839d5ddef6fe1e70b4337ead2ef1a4c43fc3a?s=96&d=identicon&r=g","caption":"Reconoce MX"},"description":"Reconoce MX es un proyecto de difusi\u00f3n art\u00edstica, cultural y de conciencia social que est\u00e1 enfocado a difundir y fomentar el entretenimiento alternativo de calidad para todo el p\u00fablico que comparta el mismo entusiasmo.","sameAs":["http:\/\/www.reconoce.mx"],"url":"http:\/\/www.reconoce.mx\/?author=2"}]}},"_links":{"self":[{"href":"http:\/\/www.reconoce.mx\/index.php?rest_route=\/wp\/v2\/posts\/44857","targetHints":{"allow":["GET"]}}],"collection":[{"href":"http:\/\/www.reconoce.mx\/index.php?rest_route=\/wp\/v2\/posts"}],"about":[{"href":"http:\/\/www.reconoce.mx\/index.php?rest_route=\/wp\/v2\/types\/post"}],"author":[{"embeddable":true,"href":"http:\/\/www.reconoce.mx\/index.php?rest_route=\/wp\/v2\/users\/2"}],"replies":[{"embeddable":true,"href":"http:\/\/www.reconoce.mx\/index.php?rest_route=%2Fwp%2Fv2%2Fcomments&post=44857"}],"version-history":[{"count":6,"href":"http:\/\/www.reconoce.mx\/index.php?rest_route=\/wp\/v2\/posts\/44857\/revisions"}],"predecessor-version":[{"id":44913,"href":"http:\/\/www.reconoce.mx\/index.php?rest_route=\/wp\/v2\/posts\/44857\/revisions\/44913"}],"wp:featuredmedia":[{"embeddable":true,"href":"http:\/\/www.reconoce.mx\/index.php?rest_route=\/wp\/v2\/media\/44858"}],"wp:attachment":[{"href":"http:\/\/www.reconoce.mx\/index.php?rest_route=%2Fwp%2Fv2%2Fmedia&parent=44857"}],"wp:term":[{"taxonomy":"category","embeddable":true,"href":"http:\/\/www.reconoce.mx\/index.php?rest_route=%2Fwp%2Fv2%2Fcategories&post=44857"},{"taxonomy":"post_tag","embeddable":true,"href":"http:\/\/www.reconoce.mx\/index.php?rest_route=%2Fwp%2Fv2%2Ftags&post=44857"}],"curies":[{"name":"wp","href":"https:\/\/api.w.org\/{rel}","templated":true}]}}