{"id":44868,"date":"2016-02-29T00:08:08","date_gmt":"2016-02-29T06:08:08","guid":{"rendered":"http:\/\/www.reconoce.mx\/?p=44868"},"modified":"2016-02-29T10:51:56","modified_gmt":"2016-02-29T16:51:56","slug":"vibrante-noche-de-panteon-rococo-en-carpa-astros","status":"publish","type":"post","link":"http:\/\/www.reconoce.mx\/?p=44868","title":{"rendered":"Vibrante noche de Pante\u00f3n Rococ\u00f3 en Carpa Astros"},"content":{"rendered":"<p><strong>Texto por <a href=\"https:\/\/twitter.com\/Diana_Go08\" target=\"_blank\">Diana Vel\u00e1zquez Gonz\u00e1lez<\/a><\/strong>.<strong><br \/>\nFotos por <a title=\"@AaronPalaciosC\" href=\"https:\/\/twitter.com\/AaronPalaciosC\" target=\"_blank\">Aar\u00f3n Palacios C\u00e1rdenas<\/a><\/strong>.<\/p>\n<p>Lo que parec\u00eda ser una noche normal se convirti\u00f3 en una gran fiesta el pasado viernes 26 de febrero en la <strong>Carpa Astros<\/strong> donde se dieron cita miles de personas para ver a <strong>Pante\u00f3n Rococ\u00f3<\/strong>; el lugar estaba a reventar incluso antes de que el concierto empezara.<\/p>\n<p><img loading=\"lazy\" decoding=\"async\" class=\"aligncenter size-full wp-image-44873\" src=\"http:\/\/www.reconoce.mx\/wp-content\/uploads\/2016\/02\/panteon-rococo-1.png\" alt=\"panteon-rococo-1\" width=\"590\" height=\"380\" srcset=\"http:\/\/www.reconoce.mx\/wp-content\/uploads\/2016\/02\/panteon-rococo-1.png 590w, http:\/\/www.reconoce.mx\/wp-content\/uploads\/2016\/02\/panteon-rococo-1-300x193.png 300w, http:\/\/www.reconoce.mx\/wp-content\/uploads\/2016\/02\/panteon-rococo-1-150x97.png 150w\" sizes=\"auto, (max-width: 590px) 100vw, 590px\" \/><\/p>\n<p><em><strong>&gt;&gt;<a href=\"https:\/\/www.flickr.com\/photos\/reconocemx\/albums\/72157664654846040\" target=\"_blank\">Disfruta de nuestra galer\u00eda completa de Pante\u00f3n Rococ\u00f3 en Carpa Astros<\/a>&lt;&lt;<\/strong><\/em><\/p>\n<p>Hab\u00edan largas filas para comprar algo de comer o tomar, y las mesas estaban ocupadas, pero lo m\u00e1s importante es que todos estaban felices y ansiosos por ver a esta gran agrupaci\u00f3n.<\/p>\n<p>A las 21:00 horas en las pantallas se pod\u00edan ver n\u00fameros empezando en 1 y as\u00ed hasta llegar al 20; estas im\u00e1genes estaban siendo coreadas por la gente y al llegar al n\u00famero 20 sali\u00f3 la agrupaci\u00f3n compuesta por <strong>Dr. Shenka<\/strong>, <strong>Missael<\/strong>, <strong>Tanis<\/strong>, <strong>Felipe<\/strong>, <strong>Hiram<\/strong>, <strong>Monel<\/strong>, <strong>Gorri<\/strong>, <strong>Paco<\/strong> y <strong>Dar\u00edo<\/strong>, tocando \u00abViernes de webeo\u00bb entre vasos volando y cerveza por el aire mientras todos los presentes coreaban la canci\u00f3n.<\/p>\n<p><img loading=\"lazy\" decoding=\"async\" class=\"aligncenter size-full wp-image-44872\" src=\"http:\/\/www.reconoce.mx\/wp-content\/uploads\/2016\/02\/panteon-rococo-2.png\" alt=\"panteon-rococo-2\" width=\"590\" height=\"380\" srcset=\"http:\/\/www.reconoce.mx\/wp-content\/uploads\/2016\/02\/panteon-rococo-2.png 590w, http:\/\/www.reconoce.mx\/wp-content\/uploads\/2016\/02\/panteon-rococo-2-300x193.png 300w, http:\/\/www.reconoce.mx\/wp-content\/uploads\/2016\/02\/panteon-rococo-2-150x97.png 150w\" sizes=\"auto, (max-width: 590px) 100vw, 590px\" \/><\/p>\n<p><em><strong>&gt;&gt;<a href=\"https:\/\/www.flickr.com\/photos\/reconocemx\/albums\/72157664654846040\" target=\"_blank\">Disfruta de nuestra galer\u00eda completa de Pante\u00f3n Rococ\u00f3 en Carpa Astros<\/a>&lt;&lt;<\/strong><\/em><\/p>\n<p>La noche iba pasando y <strong>Dr. Shenka<\/strong> comenz\u00f3 a hablar sobre los inicios de la banda, en la Preparatoria 9 cuando se reun\u00edan de bajo de un puente a tocar una canci\u00f3n llamada \u00abMar\u00eda\u00bb de <a href=\"http:\/\/www.reconoce.mx\/martes-asfaltoso-neza-de-liran-roll\/\">Liran Roll<\/a>; as\u00ed los acordes se empezaron a escuchar en lo que fue un emotivo que estall\u00f3 cuando tocaron \u00abTe vas a acordar de m\u00ed\u00bb para rendirle tributo al desaparecido <a href=\"http:\/\/www.reconoce.mx\/pobre-rocanrolero-de-tex-tex\/\"><strong>Lalo Tex<\/strong><\/a>. Posteriormente cantaron \u00abTriste canci\u00f3n de amor\u00bb, y al terminar empezaron los acordes de \u00abLa rubia y el demonio\u00bb.<\/p>\n<p>Despu\u00e9s de algunas canciones m\u00e1s <strong>Dr. Shenka<\/strong> hizo un homenaje al ska, para esto invit\u00f3 a <strong>Big Javy<\/strong>, vocalista de <strong>Inspector<\/strong>, y juntos tocar \u00abAmargo adi\u00f3s\u00bb.<\/p>\n<p><img loading=\"lazy\" decoding=\"async\" class=\"aligncenter size-full wp-image-44869\" src=\"http:\/\/www.reconoce.mx\/wp-content\/uploads\/2016\/02\/panteon-rococo-5.png\" alt=\"panteon-rococo-5\" width=\"590\" height=\"380\" srcset=\"http:\/\/www.reconoce.mx\/wp-content\/uploads\/2016\/02\/panteon-rococo-5.png 590w, http:\/\/www.reconoce.mx\/wp-content\/uploads\/2016\/02\/panteon-rococo-5-300x193.png 300w, http:\/\/www.reconoce.mx\/wp-content\/uploads\/2016\/02\/panteon-rococo-5-150x97.png 150w\" sizes=\"auto, (max-width: 590px) 100vw, 590px\" \/><\/p>\n<p><em><strong>&gt;&gt;<a href=\"https:\/\/www.flickr.com\/photos\/reconocemx\/albums\/72157664654846040\" target=\"_blank\">Disfruta de nuestra galer\u00eda completa de Pante\u00f3n Rococ\u00f3 en Carpa Astros<\/a>&lt;&lt;<\/strong><\/em><\/p>\n<p>Tambi\u00e9n se dio a conocer su pr\u00f3ximo material el cual saldr\u00e1 a la venta el 20 de marzo. El material ser\u00e1 un CD y DVD de su vig\u00e9simo aniversario, mismo que se grab\u00f3 en la <strong>Arena Ciudad de M\u00e9xico<\/strong> el pasado 4 de junio y parte del espect\u00e1culo en <strong>Carpa Astros<\/strong>.<\/p>\n<p>Luis Rom\u00e1n Ibarra, nombre de <strong>Dr. Shenka<\/strong>, dijo: \u00abes un placer aterrizar en un lugar precioso, divertido, interesante, donde los animales eran el espect\u00e1culo primordial, vamos a seguir celebrando hasta que el cuerpo aguante. Es el primer \u2018sold out&#8217; de este recinto, gracias a todos ustedes\u00bb. Y claro que fue un lleno total, dentro de la carpa la gente aplaud\u00eda, brincaba, bailaba y coreaba cada canci\u00f3n.<\/p>\n<p><img loading=\"lazy\" decoding=\"async\" class=\"aligncenter size-full wp-image-44870\" src=\"http:\/\/www.reconoce.mx\/wp-content\/uploads\/2016\/02\/panteon-rococo-4.png\" alt=\"panteon-rococo-4\" width=\"590\" height=\"380\" srcset=\"http:\/\/www.reconoce.mx\/wp-content\/uploads\/2016\/02\/panteon-rococo-4.png 590w, http:\/\/www.reconoce.mx\/wp-content\/uploads\/2016\/02\/panteon-rococo-4-300x193.png 300w, http:\/\/www.reconoce.mx\/wp-content\/uploads\/2016\/02\/panteon-rococo-4-150x97.png 150w\" sizes=\"auto, (max-width: 590px) 100vw, 590px\" \/><\/p>\n<p><em><strong>&gt;&gt;<a href=\"https:\/\/www.flickr.com\/photos\/reconocemx\/albums\/72157664654846040\" target=\"_blank\">Disfruta de nuestra galer\u00eda completa de Pante\u00f3n Rococ\u00f3 en Carpa Astros<\/a>&lt;&lt;<\/strong><\/em><\/p>\n<p>La noche transcurr\u00eda y se escucharon \u00e9xitos como \u00abToloache pa\u2019 mi negra\u00bb, \u00abEsta noche\u00bb, \u00abAbajo y a la izquierda\u00bb; pero sin duda las m\u00e1s coreadas fueron \u00abLa dosis perfecta\u00bb y \u00abLa carencia\u00bb. As\u00ed fue como se dio cierre a esta fabulosa fiesta liderada por <strong>Pante\u00f3n Rococ\u00f3<\/strong>.<\/p>\n<p>&nbsp;<\/p>\n<p>&nbsp;<\/p>\n","protected":false},"excerpt":{"rendered":"<p>Texto por Diana Vel\u00e1zquez Gonz\u00e1lez. Fotos por Aar\u00f3n Palacios C\u00e1rdenas. Lo que parec\u00eda ser una noche normal se convirti\u00f3 en una gran fiesta el pasado viernes 26 de febrero en la Carpa Astros donde se dieron cita miles de personas para ver a Pante\u00f3n Rococ\u00f3; el lugar estaba a reventar incluso antes de que el [&hellip;]<\/p>\n","protected":false},"author":2,"featured_media":44871,"comment_status":"open","ping_status":"open","sticky":false,"template":"","format":"standard","meta":{"footnotes":""},"categories":[1,18,17],"tags":[],"class_list":["post-44868","post","type-post","status-publish","format-standard","has-post-thumbnail","hentry","category-cultura","category-musica","category-principal"],"yoast_head":"<!-- This site is optimized with the Yoast SEO plugin v24.7 - https:\/\/yoast.com\/wordpress\/plugins\/seo\/ -->\n<title>Vibrante noche de Pante\u00f3n Rococ\u00f3 en Carpa Astros &#171; Reconoce MX<\/title>\n<meta name=\"robots\" content=\"index, follow, max-snippet:-1, max-image-preview:large, max-video-preview:-1\" \/>\n<link rel=\"canonical\" href=\"https:\/\/www.reconoce.mx\/?p=44868\" \/>\n<meta property=\"og:locale\" content=\"es_ES\" \/>\n<meta property=\"og:type\" content=\"article\" \/>\n<meta property=\"og:title\" content=\"Vibrante noche de Pante\u00f3n Rococ\u00f3 en Carpa Astros &#171; Reconoce MX\" \/>\n<meta property=\"og:description\" content=\"Texto por Diana Vel\u00e1zquez Gonz\u00e1lez. Fotos por Aar\u00f3n Palacios C\u00e1rdenas. Lo que parec\u00eda ser una noche normal se convirti\u00f3 en una gran fiesta el pasado viernes 26 de febrero en la Carpa Astros donde se dieron cita miles de personas para ver a Pante\u00f3n Rococ\u00f3; el lugar estaba a reventar incluso antes de que el [&hellip;]\" \/>\n<meta property=\"og:url\" content=\"https:\/\/www.reconoce.mx\/?p=44868\" \/>\n<meta property=\"og:site_name\" content=\"Reconoce MX\" \/>\n<meta property=\"article:publisher\" content=\"https:\/\/es-la.facebook.com\/ReconoceMX\/\" \/>\n<meta property=\"article:published_time\" content=\"2016-02-29T06:08:08+00:00\" \/>\n<meta property=\"article:modified_time\" content=\"2016-02-29T16:51:56+00:00\" \/>\n<meta property=\"og:image\" content=\"https:\/\/www.reconoce.mx\/wp-content\/uploads\/2016\/02\/panteon-rococo-3.png\" \/>\n\t<meta property=\"og:image:width\" content=\"590\" \/>\n\t<meta property=\"og:image:height\" content=\"380\" \/>\n\t<meta property=\"og:image:type\" content=\"image\/png\" \/>\n<meta name=\"author\" content=\"Reconoce MX\" \/>\n<meta name=\"twitter:card\" content=\"summary_large_image\" \/>\n<meta name=\"twitter:creator\" content=\"@reconocemx\" \/>\n<meta name=\"twitter:site\" content=\"@reconocemx\" \/>\n<meta name=\"twitter:label1\" content=\"Escrito por\" \/>\n\t<meta name=\"twitter:data1\" content=\"Reconoce MX\" \/>\n\t<meta name=\"twitter:label2\" content=\"Tiempo de lectura\" \/>\n\t<meta name=\"twitter:data2\" content=\"3 minutos\" \/>\n<script type=\"application\/ld+json\" class=\"yoast-schema-graph\">{\"@context\":\"https:\/\/schema.org\",\"@graph\":[{\"@type\":\"Article\",\"@id\":\"https:\/\/www.reconoce.mx\/?p=44868#article\",\"isPartOf\":{\"@id\":\"https:\/\/www.reconoce.mx\/?p=44868\"},\"author\":{\"name\":\"Reconoce MX\",\"@id\":\"http:\/\/www.reconoce.mx\/#\/schema\/person\/2117e997d7051dc15d6880eaf9bca0b2\"},\"headline\":\"Vibrante noche de Pante\u00f3n Rococ\u00f3 en Carpa Astros\",\"datePublished\":\"2016-02-29T06:08:08+00:00\",\"dateModified\":\"2016-02-29T16:51:56+00:00\",\"mainEntityOfPage\":{\"@id\":\"https:\/\/www.reconoce.mx\/?p=44868\"},\"wordCount\":538,\"commentCount\":0,\"publisher\":{\"@id\":\"http:\/\/www.reconoce.mx\/#organization\"},\"image\":{\"@id\":\"https:\/\/www.reconoce.mx\/?p=44868#primaryimage\"},\"thumbnailUrl\":\"http:\/\/www.reconoce.mx\/wp-content\/uploads\/2016\/02\/panteon-rococo-3.png\",\"articleSection\":[\"Cultura\",\"M\u00fasica\",\"Principal\"],\"inLanguage\":\"es\",\"potentialAction\":[{\"@type\":\"CommentAction\",\"name\":\"Comment\",\"target\":[\"https:\/\/www.reconoce.mx\/?p=44868#respond\"]}]},{\"@type\":\"WebPage\",\"@id\":\"https:\/\/www.reconoce.mx\/?p=44868\",\"url\":\"https:\/\/www.reconoce.mx\/?p=44868\",\"name\":\"Vibrante noche de Pante\u00f3n Rococ\u00f3 en Carpa Astros &#171; Reconoce MX\",\"isPartOf\":{\"@id\":\"http:\/\/www.reconoce.mx\/#website\"},\"primaryImageOfPage\":{\"@id\":\"https:\/\/www.reconoce.mx\/?p=44868#primaryimage\"},\"image\":{\"@id\":\"https:\/\/www.reconoce.mx\/?p=44868#primaryimage\"},\"thumbnailUrl\":\"http:\/\/www.reconoce.mx\/wp-content\/uploads\/2016\/02\/panteon-rococo-3.png\",\"datePublished\":\"2016-02-29T06:08:08+00:00\",\"dateModified\":\"2016-02-29T16:51:56+00:00\",\"breadcrumb\":{\"@id\":\"https:\/\/www.reconoce.mx\/?p=44868#breadcrumb\"},\"inLanguage\":\"es\",\"potentialAction\":[{\"@type\":\"ReadAction\",\"target\":[\"https:\/\/www.reconoce.mx\/?p=44868\"]}]},{\"@type\":\"ImageObject\",\"inLanguage\":\"es\",\"@id\":\"https:\/\/www.reconoce.mx\/?p=44868#primaryimage\",\"url\":\"http:\/\/www.reconoce.mx\/wp-content\/uploads\/2016\/02\/panteon-rococo-3.png\",\"contentUrl\":\"http:\/\/www.reconoce.mx\/wp-content\/uploads\/2016\/02\/panteon-rococo-3.png\",\"width\":590,\"height\":380},{\"@type\":\"BreadcrumbList\",\"@id\":\"https:\/\/www.reconoce.mx\/?p=44868#breadcrumb\",\"itemListElement\":[{\"@type\":\"ListItem\",\"position\":1,\"name\":\"Portada\",\"item\":\"http:\/\/www.reconoce.mx\/\"},{\"@type\":\"ListItem\",\"position\":2,\"name\":\"Vibrante noche de Pante\u00f3n Rococ\u00f3 en Carpa Astros\"}]},{\"@type\":\"WebSite\",\"@id\":\"http:\/\/www.reconoce.mx\/#website\",\"url\":\"http:\/\/www.reconoce.mx\/\",\"name\":\"Reconoce MX\",\"description\":\"En Reconoce MX difundimos arte, cultura y conciencia social en M\u00e9xico. Tu ciudad en otra perspectiva.\",\"publisher\":{\"@id\":\"http:\/\/www.reconoce.mx\/#organization\"},\"potentialAction\":[{\"@type\":\"SearchAction\",\"target\":{\"@type\":\"EntryPoint\",\"urlTemplate\":\"http:\/\/www.reconoce.mx\/?s={search_term_string}\"},\"query-input\":{\"@type\":\"PropertyValueSpecification\",\"valueRequired\":true,\"valueName\":\"search_term_string\"}}],\"inLanguage\":\"es\"},{\"@type\":\"Organization\",\"@id\":\"http:\/\/www.reconoce.mx\/#organization\",\"name\":\"Reconoce MX\",\"url\":\"http:\/\/www.reconoce.mx\/\",\"logo\":{\"@type\":\"ImageObject\",\"inLanguage\":\"es\",\"@id\":\"http:\/\/www.reconoce.mx\/#\/schema\/logo\/image\/\",\"url\":\"https:\/\/www.reconoce.mx\/wp-content\/uploads\/2019\/03\/logorcmx-good-1.png\",\"contentUrl\":\"https:\/\/www.reconoce.mx\/wp-content\/uploads\/2019\/03\/logorcmx-good-1.png\",\"width\":280,\"height\":90,\"caption\":\"Reconoce MX\"},\"image\":{\"@id\":\"http:\/\/www.reconoce.mx\/#\/schema\/logo\/image\/\"},\"sameAs\":[\"https:\/\/es-la.facebook.com\/ReconoceMX\/\",\"https:\/\/x.com\/reconocemx\",\"http:\/\/@reconocemx\"]},{\"@type\":\"Person\",\"@id\":\"http:\/\/www.reconoce.mx\/#\/schema\/person\/2117e997d7051dc15d6880eaf9bca0b2\",\"name\":\"Reconoce MX\",\"image\":{\"@type\":\"ImageObject\",\"inLanguage\":\"es\",\"@id\":\"http:\/\/www.reconoce.mx\/#\/schema\/person\/image\/\",\"url\":\"https:\/\/secure.gravatar.com\/avatar\/6c8d4dc7569ca1c90c5fdcc349f839d5ddef6fe1e70b4337ead2ef1a4c43fc3a?s=96&d=identicon&r=g\",\"contentUrl\":\"https:\/\/secure.gravatar.com\/avatar\/6c8d4dc7569ca1c90c5fdcc349f839d5ddef6fe1e70b4337ead2ef1a4c43fc3a?s=96&d=identicon&r=g\",\"caption\":\"Reconoce MX\"},\"description\":\"Reconoce MX es un proyecto de difusi\u00f3n art\u00edstica, cultural y de conciencia social que est\u00e1 enfocado a difundir y fomentar el entretenimiento alternativo de calidad para todo el p\u00fablico que comparta el mismo entusiasmo.\",\"sameAs\":[\"http:\/\/www.reconoce.mx\"],\"url\":\"http:\/\/www.reconoce.mx\/?author=2\"}]}<\/script>\n<!-- \/ Yoast SEO plugin. -->","yoast_head_json":{"title":"Vibrante noche de Pante\u00f3n Rococ\u00f3 en Carpa Astros &#171; Reconoce MX","robots":{"index":"index","follow":"follow","max-snippet":"max-snippet:-1","max-image-preview":"max-image-preview:large","max-video-preview":"max-video-preview:-1"},"canonical":"https:\/\/www.reconoce.mx\/?p=44868","og_locale":"es_ES","og_type":"article","og_title":"Vibrante noche de Pante\u00f3n Rococ\u00f3 en Carpa Astros &#171; Reconoce MX","og_description":"Texto por Diana Vel\u00e1zquez Gonz\u00e1lez. Fotos por Aar\u00f3n Palacios C\u00e1rdenas. Lo que parec\u00eda ser una noche normal se convirti\u00f3 en una gran fiesta el pasado viernes 26 de febrero en la Carpa Astros donde se dieron cita miles de personas para ver a Pante\u00f3n Rococ\u00f3; el lugar estaba a reventar incluso antes de que el [&hellip;]","og_url":"https:\/\/www.reconoce.mx\/?p=44868","og_site_name":"Reconoce MX","article_publisher":"https:\/\/es-la.facebook.com\/ReconoceMX\/","article_published_time":"2016-02-29T06:08:08+00:00","article_modified_time":"2016-02-29T16:51:56+00:00","og_image":[{"width":590,"height":380,"url":"https:\/\/www.reconoce.mx\/wp-content\/uploads\/2016\/02\/panteon-rococo-3.png","type":"image\/png"}],"author":"Reconoce MX","twitter_card":"summary_large_image","twitter_creator":"@reconocemx","twitter_site":"@reconocemx","twitter_misc":{"Escrito por":"Reconoce MX","Tiempo de lectura":"3 minutos"},"schema":{"@context":"https:\/\/schema.org","@graph":[{"@type":"Article","@id":"https:\/\/www.reconoce.mx\/?p=44868#article","isPartOf":{"@id":"https:\/\/www.reconoce.mx\/?p=44868"},"author":{"name":"Reconoce MX","@id":"http:\/\/www.reconoce.mx\/#\/schema\/person\/2117e997d7051dc15d6880eaf9bca0b2"},"headline":"Vibrante noche de Pante\u00f3n Rococ\u00f3 en Carpa Astros","datePublished":"2016-02-29T06:08:08+00:00","dateModified":"2016-02-29T16:51:56+00:00","mainEntityOfPage":{"@id":"https:\/\/www.reconoce.mx\/?p=44868"},"wordCount":538,"commentCount":0,"publisher":{"@id":"http:\/\/www.reconoce.mx\/#organization"},"image":{"@id":"https:\/\/www.reconoce.mx\/?p=44868#primaryimage"},"thumbnailUrl":"http:\/\/www.reconoce.mx\/wp-content\/uploads\/2016\/02\/panteon-rococo-3.png","articleSection":["Cultura","M\u00fasica","Principal"],"inLanguage":"es","potentialAction":[{"@type":"CommentAction","name":"Comment","target":["https:\/\/www.reconoce.mx\/?p=44868#respond"]}]},{"@type":"WebPage","@id":"https:\/\/www.reconoce.mx\/?p=44868","url":"https:\/\/www.reconoce.mx\/?p=44868","name":"Vibrante noche de Pante\u00f3n Rococ\u00f3 en Carpa Astros &#171; Reconoce MX","isPartOf":{"@id":"http:\/\/www.reconoce.mx\/#website"},"primaryImageOfPage":{"@id":"https:\/\/www.reconoce.mx\/?p=44868#primaryimage"},"image":{"@id":"https:\/\/www.reconoce.mx\/?p=44868#primaryimage"},"thumbnailUrl":"http:\/\/www.reconoce.mx\/wp-content\/uploads\/2016\/02\/panteon-rococo-3.png","datePublished":"2016-02-29T06:08:08+00:00","dateModified":"2016-02-29T16:51:56+00:00","breadcrumb":{"@id":"https:\/\/www.reconoce.mx\/?p=44868#breadcrumb"},"inLanguage":"es","potentialAction":[{"@type":"ReadAction","target":["https:\/\/www.reconoce.mx\/?p=44868"]}]},{"@type":"ImageObject","inLanguage":"es","@id":"https:\/\/www.reconoce.mx\/?p=44868#primaryimage","url":"http:\/\/www.reconoce.mx\/wp-content\/uploads\/2016\/02\/panteon-rococo-3.png","contentUrl":"http:\/\/www.reconoce.mx\/wp-content\/uploads\/2016\/02\/panteon-rococo-3.png","width":590,"height":380},{"@type":"BreadcrumbList","@id":"https:\/\/www.reconoce.mx\/?p=44868#breadcrumb","itemListElement":[{"@type":"ListItem","position":1,"name":"Portada","item":"http:\/\/www.reconoce.mx\/"},{"@type":"ListItem","position":2,"name":"Vibrante noche de Pante\u00f3n Rococ\u00f3 en Carpa Astros"}]},{"@type":"WebSite","@id":"http:\/\/www.reconoce.mx\/#website","url":"http:\/\/www.reconoce.mx\/","name":"Reconoce MX","description":"En Reconoce MX difundimos arte, cultura y conciencia social en M\u00e9xico. Tu ciudad en otra perspectiva.","publisher":{"@id":"http:\/\/www.reconoce.mx\/#organization"},"potentialAction":[{"@type":"SearchAction","target":{"@type":"EntryPoint","urlTemplate":"http:\/\/www.reconoce.mx\/?s={search_term_string}"},"query-input":{"@type":"PropertyValueSpecification","valueRequired":true,"valueName":"search_term_string"}}],"inLanguage":"es"},{"@type":"Organization","@id":"http:\/\/www.reconoce.mx\/#organization","name":"Reconoce MX","url":"http:\/\/www.reconoce.mx\/","logo":{"@type":"ImageObject","inLanguage":"es","@id":"http:\/\/www.reconoce.mx\/#\/schema\/logo\/image\/","url":"https:\/\/www.reconoce.mx\/wp-content\/uploads\/2019\/03\/logorcmx-good-1.png","contentUrl":"https:\/\/www.reconoce.mx\/wp-content\/uploads\/2019\/03\/logorcmx-good-1.png","width":280,"height":90,"caption":"Reconoce MX"},"image":{"@id":"http:\/\/www.reconoce.mx\/#\/schema\/logo\/image\/"},"sameAs":["https:\/\/es-la.facebook.com\/ReconoceMX\/","https:\/\/x.com\/reconocemx","http:\/\/@reconocemx"]},{"@type":"Person","@id":"http:\/\/www.reconoce.mx\/#\/schema\/person\/2117e997d7051dc15d6880eaf9bca0b2","name":"Reconoce MX","image":{"@type":"ImageObject","inLanguage":"es","@id":"http:\/\/www.reconoce.mx\/#\/schema\/person\/image\/","url":"https:\/\/secure.gravatar.com\/avatar\/6c8d4dc7569ca1c90c5fdcc349f839d5ddef6fe1e70b4337ead2ef1a4c43fc3a?s=96&d=identicon&r=g","contentUrl":"https:\/\/secure.gravatar.com\/avatar\/6c8d4dc7569ca1c90c5fdcc349f839d5ddef6fe1e70b4337ead2ef1a4c43fc3a?s=96&d=identicon&r=g","caption":"Reconoce MX"},"description":"Reconoce MX es un proyecto de difusi\u00f3n art\u00edstica, cultural y de conciencia social que est\u00e1 enfocado a difundir y fomentar el entretenimiento alternativo de calidad para todo el p\u00fablico que comparta el mismo entusiasmo.","sameAs":["http:\/\/www.reconoce.mx"],"url":"http:\/\/www.reconoce.mx\/?author=2"}]}},"_links":{"self":[{"href":"http:\/\/www.reconoce.mx\/index.php?rest_route=\/wp\/v2\/posts\/44868","targetHints":{"allow":["GET"]}}],"collection":[{"href":"http:\/\/www.reconoce.mx\/index.php?rest_route=\/wp\/v2\/posts"}],"about":[{"href":"http:\/\/www.reconoce.mx\/index.php?rest_route=\/wp\/v2\/types\/post"}],"author":[{"embeddable":true,"href":"http:\/\/www.reconoce.mx\/index.php?rest_route=\/wp\/v2\/users\/2"}],"replies":[{"embeddable":true,"href":"http:\/\/www.reconoce.mx\/index.php?rest_route=%2Fwp%2Fv2%2Fcomments&post=44868"}],"version-history":[{"count":5,"href":"http:\/\/www.reconoce.mx\/index.php?rest_route=\/wp\/v2\/posts\/44868\/revisions"}],"predecessor-version":[{"id":44878,"href":"http:\/\/www.reconoce.mx\/index.php?rest_route=\/wp\/v2\/posts\/44868\/revisions\/44878"}],"wp:featuredmedia":[{"embeddable":true,"href":"http:\/\/www.reconoce.mx\/index.php?rest_route=\/wp\/v2\/media\/44871"}],"wp:attachment":[{"href":"http:\/\/www.reconoce.mx\/index.php?rest_route=%2Fwp%2Fv2%2Fmedia&parent=44868"}],"wp:term":[{"taxonomy":"category","embeddable":true,"href":"http:\/\/www.reconoce.mx\/index.php?rest_route=%2Fwp%2Fv2%2Fcategories&post=44868"},{"taxonomy":"post_tag","embeddable":true,"href":"http:\/\/www.reconoce.mx\/index.php?rest_route=%2Fwp%2Fv2%2Ftags&post=44868"}],"curies":[{"name":"wp","href":"https:\/\/api.w.org\/{rel}","templated":true}]}}