{"id":44879,"date":"2016-03-01T00:08:29","date_gmt":"2016-03-01T06:08:29","guid":{"rendered":"http:\/\/www.reconoce.mx\/?p=44879"},"modified":"2016-02-29T21:27:01","modified_gmt":"2016-03-01T03:27:01","slug":"de-ayotzinapa-a-tierra-blanca","status":"publish","type":"post","link":"http:\/\/www.reconoce.mx\/?p=44879","title":{"rendered":"De Ayotzinapa a Tierra Blanca"},"content":{"rendered":"<p><strong>Por <a title=\"@danielhiga_al\" href=\"https:\/\/twitter.com\/danielhiga_al\" target=\"_blank\">Daniel Higa Alquicira<\/a>.<\/strong><\/p>\n<p>Justo estos dos municipios quedan en los extremos del pa\u00eds. Uno est\u00e1 en Guerrero, el otro en Veracruz. Uno se acerca al Oc\u00e9ano Pac\u00edfico y el otro al Golfo de M\u00e9xico. Pero en ambos sitios, los j\u00f3venes son el blanco perfecto para los grupos criminales que operan en esas regiones.<\/p>\n<p>El pasado 11 de enero desaparecieron cinco j\u00f3venes luego de un viaje al puerto de Veracruz, pero al pasar por Tierra Blanca, un grupo de polic\u00edas municipales los detuvo, los secuestr\u00f3 y \u2013seg\u00fan relatan en las declaraciones oficiales\u2013 los entregaron a un grupo del crimen organizado que los desapareci\u00f3.<\/p>\n<p>Han pasado m\u00e1s de 55 d\u00edas de estos hechos y con esto, surge nuevamente el tema de los derechos humanos y los impresionantes niveles de corrupci\u00f3n con que operan las polic\u00edas y los gobiernos locales, pero sobre todo, de la impunidad que hay en M\u00e9xico.<\/p>\n<p>El tema de los 43 estudiantes desaparecidos en Iguala puso en la agenda nacional e internacional la crisis de seguridad y violaci\u00f3n a los derechos humanos que existe en M\u00e9xico. Fue un hecho que literalmente conmocion\u00f3 al mundo, a tal grado que fue el motivo por el cual cay\u00f3 ni m\u00e1s ni menos que <strong>Jes\u00fas Murillo Karam<\/strong> de la <strong>PGR<\/strong>.<\/p>\n<p>Ahora, el problema real es que seg\u00fan los documentos oficiales de la <strong>PGR<\/strong> y los grupos que participan en las investigaciones de Ayotzinapa, se asegura que se han pr\u00e1cticamente desmantelado las c\u00e9lulas que organizaron y aplicaron el operativo contra los estudiantes y a pesar de esto, a\u00fan no los encuentran y peor a\u00fan, las versiones de grupos internacionales que han participado en las pesquisas no concuerdan con lo dicho por el gobierno federal.<\/p>\n<p>En Tierra Blanca, <strong>Roberto Campa Cifri\u00e1n<\/strong>, subsecretario de Derechos Humanos de la <strong>SEGOB<\/strong>, ha declarado que el caso de los cinco j\u00f3venes desaparecidos tiene pr\u00e1cticamente el mismo modus operandi que el caso de Iguala, en donde los grupos criminales operan a trav\u00e9s de las organizaciones de seguridad locales.<\/p>\n<p>Y aqu\u00ed radica el problema de fondo, dado que parece que las c\u00e9lulas criminales se han apoderado de los gobiernos locales. No importa si el que gobierna es el <strong>PRI<\/strong>, el <strong>PRD<\/strong> o el <strong>PAN<\/strong>; o si est\u00e1n en Guerrero o Veracruz; no influye en nada el origen pol\u00edtico e ideol\u00f3gico de los gobernantes ni de su gabinete. Lo cierto es que nadie est\u00e1 blindado ante el poder del narco y sus sicarios.<\/p>\n<p>\u201cDe valientes e inocentes est\u00e1 lleno el pante\u00f3n\u201d, dice una frase popular que tristemente ahora mejor que nunca se puede aplicar a la situaci\u00f3n que vive actualmente M\u00e9xico. Seg\u00fan <strong>Amnist\u00eda Internacional<\/strong>, hay m\u00e1s de 27 mil desaparecidos en el pa\u00eds, una cifra que aumenta y aumenta todos los d\u00edas sin darnos cuenta.<\/p>\n<p>\u201cEn Latinoam\u00e9rica hay dos pa\u00edses que nos preocupan y que resaltamos, uno es M\u00e9xico y el otro es Venezuela. Tambi\u00e9n, a nivel mundial M\u00e9xico es uno de ellos. Estar\u00eda en la lista de los 20 donde m\u00e1s atenci\u00f3n se necesita\u201d, dijo recientemente el director de <strong>Amnist\u00eda Internacional<\/strong> (AI) M\u00e9xico, <strong>Perseo Quiroz Rend\u00f3n<\/strong>.<\/p>\n<p>En su informe anual de 2015, <strong>AI<\/strong> se\u00f1al\u00f3 que \u201cen algunas partes de la rep\u00fablica, las fronteras entre lo que son las fuerzas y el crimen organizado son muy borrosas. Una pol\u00edtica como esta, de mano dura, lo que te genera son consecuencias de altos \u00edndices de tortura\u201d.<\/p>\n<p>Y que mejor muestra de esto que Tierra Blanca. La desaparici\u00f3n de estos cinco j\u00f3venes es la muestra de que en Veracruz en general, las cosas no funcionan con legalidad y el operativo realizado en Guerrero para desmantelar a los \u201cculpables\u201d del caso Ayotzinapa no caus\u00f3 el menor temor ni la m\u00ednima preocupaci\u00f3n a los grupos criminales de Veracruz.<\/p>\n<p>Ellos siguen operando bajo el resguardo y el respaldo de las instituciones locales de seguridad, ellos ponen a los mandos, los enfocan en los objetivos que beneficien a sus intereses y dejan expuestas y pr\u00e1cticamente en la intemperie a la sociedad que sufre los abusos de unos polic\u00edas criminales, o lo que es lo mismo, unos criminales disfrazados de polic\u00edas.<\/p>\n<p>\u00bfY la seguridad y el estado de derecho? Est\u00e1 se puede medir de manera clara con los hallazgos realizados en el racho \u00abEl Lim\u00f3n\u00bb, tambi\u00e9n en Veracruz, en donde se han encontrado evidencias irrefutables de que ah\u00ed asesinaron y desaparecieron a un sin n\u00famero de personas.<\/p>\n<p>Es decir, a mayor n\u00famero de este tipo de hallazgos, menor la credibilidad y confianza en la justicia mexicana y el estado de derecho. Es una relaci\u00f3n directamente proporcional: suben los muertos y baja la seguridad de la sociedad.<\/p>\n<p style=\"text-align: right;\">Foto: <strong>Voces del Periodista<\/strong>.<\/p>\n<p>&nbsp;<\/p>\n<p>&nbsp;<\/p>\n","protected":false},"excerpt":{"rendered":"<p>Justo estos dos municipios quedan en los extremos del pa\u00eds. Uno est\u00e1 en Guerrero, el otro en Veracruz.<\/p>\n","protected":false},"author":2,"featured_media":44880,"comment_status":"open","ping_status":"open","sticky":false,"template":"","format":"standard","meta":{"footnotes":""},"categories":[43,275,17],"tags":[],"class_list":["post-44879","post","type-post","status-publish","format-standard","has-post-thumbnail","hentry","category-conciencia","category-derechos-humanos","category-principal"],"yoast_head":"<!-- This site is optimized with the Yoast SEO plugin v24.7 - https:\/\/yoast.com\/wordpress\/plugins\/seo\/ -->\n<title>De Ayotzinapa a Tierra Blanca &#171; Reconoce MX<\/title>\n<meta name=\"robots\" content=\"index, follow, max-snippet:-1, max-image-preview:large, max-video-preview:-1\" \/>\n<link rel=\"canonical\" href=\"https:\/\/www.reconoce.mx\/?p=44879\" \/>\n<meta property=\"og:locale\" content=\"es_ES\" \/>\n<meta property=\"og:type\" content=\"article\" \/>\n<meta property=\"og:title\" content=\"De Ayotzinapa a Tierra Blanca &#171; Reconoce MX\" \/>\n<meta property=\"og:description\" content=\"Justo estos dos municipios quedan en los extremos del pa\u00eds. Uno est\u00e1 en Guerrero, el otro en Veracruz.\" \/>\n<meta property=\"og:url\" content=\"https:\/\/www.reconoce.mx\/?p=44879\" \/>\n<meta property=\"og:site_name\" content=\"Reconoce MX\" \/>\n<meta property=\"article:publisher\" content=\"https:\/\/es-la.facebook.com\/ReconoceMX\/\" \/>\n<meta property=\"article:published_time\" content=\"2016-03-01T06:08:29+00:00\" \/>\n<meta property=\"og:image\" content=\"https:\/\/www.reconoce.mx\/wp-content\/uploads\/2016\/02\/protesta-tierra-blanca.png\" \/>\n\t<meta property=\"og:image:width\" content=\"590\" \/>\n\t<meta property=\"og:image:height\" content=\"380\" \/>\n\t<meta property=\"og:image:type\" content=\"image\/png\" \/>\n<meta name=\"author\" content=\"Reconoce MX\" \/>\n<meta name=\"twitter:card\" content=\"summary_large_image\" \/>\n<meta name=\"twitter:creator\" content=\"@reconocemx\" \/>\n<meta name=\"twitter:site\" content=\"@reconocemx\" \/>\n<meta name=\"twitter:label1\" content=\"Escrito por\" \/>\n\t<meta name=\"twitter:data1\" content=\"Reconoce MX\" \/>\n\t<meta name=\"twitter:label2\" content=\"Tiempo de lectura\" \/>\n\t<meta name=\"twitter:data2\" content=\"4 minutos\" \/>\n<script type=\"application\/ld+json\" class=\"yoast-schema-graph\">{\"@context\":\"https:\/\/schema.org\",\"@graph\":[{\"@type\":\"Article\",\"@id\":\"https:\/\/www.reconoce.mx\/?p=44879#article\",\"isPartOf\":{\"@id\":\"https:\/\/www.reconoce.mx\/?p=44879\"},\"author\":{\"name\":\"Reconoce MX\",\"@id\":\"http:\/\/www.reconoce.mx\/#\/schema\/person\/2117e997d7051dc15d6880eaf9bca0b2\"},\"headline\":\"De Ayotzinapa a Tierra Blanca\",\"datePublished\":\"2016-03-01T06:08:29+00:00\",\"mainEntityOfPage\":{\"@id\":\"https:\/\/www.reconoce.mx\/?p=44879\"},\"wordCount\":827,\"commentCount\":0,\"publisher\":{\"@id\":\"http:\/\/www.reconoce.mx\/#organization\"},\"image\":{\"@id\":\"https:\/\/www.reconoce.mx\/?p=44879#primaryimage\"},\"thumbnailUrl\":\"http:\/\/www.reconoce.mx\/wp-content\/uploads\/2016\/02\/protesta-tierra-blanca.png\",\"articleSection\":[\"Conciencia\",\"Derechos Humanos\",\"Principal\"],\"inLanguage\":\"es\",\"potentialAction\":[{\"@type\":\"CommentAction\",\"name\":\"Comment\",\"target\":[\"https:\/\/www.reconoce.mx\/?p=44879#respond\"]}]},{\"@type\":\"WebPage\",\"@id\":\"https:\/\/www.reconoce.mx\/?p=44879\",\"url\":\"https:\/\/www.reconoce.mx\/?p=44879\",\"name\":\"De Ayotzinapa a Tierra Blanca &#171; Reconoce MX\",\"isPartOf\":{\"@id\":\"http:\/\/www.reconoce.mx\/#website\"},\"primaryImageOfPage\":{\"@id\":\"https:\/\/www.reconoce.mx\/?p=44879#primaryimage\"},\"image\":{\"@id\":\"https:\/\/www.reconoce.mx\/?p=44879#primaryimage\"},\"thumbnailUrl\":\"http:\/\/www.reconoce.mx\/wp-content\/uploads\/2016\/02\/protesta-tierra-blanca.png\",\"datePublished\":\"2016-03-01T06:08:29+00:00\",\"breadcrumb\":{\"@id\":\"https:\/\/www.reconoce.mx\/?p=44879#breadcrumb\"},\"inLanguage\":\"es\",\"potentialAction\":[{\"@type\":\"ReadAction\",\"target\":[\"https:\/\/www.reconoce.mx\/?p=44879\"]}]},{\"@type\":\"ImageObject\",\"inLanguage\":\"es\",\"@id\":\"https:\/\/www.reconoce.mx\/?p=44879#primaryimage\",\"url\":\"http:\/\/www.reconoce.mx\/wp-content\/uploads\/2016\/02\/protesta-tierra-blanca.png\",\"contentUrl\":\"http:\/\/www.reconoce.mx\/wp-content\/uploads\/2016\/02\/protesta-tierra-blanca.png\",\"width\":590,\"height\":380},{\"@type\":\"BreadcrumbList\",\"@id\":\"https:\/\/www.reconoce.mx\/?p=44879#breadcrumb\",\"itemListElement\":[{\"@type\":\"ListItem\",\"position\":1,\"name\":\"Portada\",\"item\":\"http:\/\/www.reconoce.mx\/\"},{\"@type\":\"ListItem\",\"position\":2,\"name\":\"De Ayotzinapa a Tierra Blanca\"}]},{\"@type\":\"WebSite\",\"@id\":\"http:\/\/www.reconoce.mx\/#website\",\"url\":\"http:\/\/www.reconoce.mx\/\",\"name\":\"Reconoce MX\",\"description\":\"En Reconoce MX difundimos arte, cultura y conciencia social en M\u00e9xico. Tu ciudad en otra perspectiva.\",\"publisher\":{\"@id\":\"http:\/\/www.reconoce.mx\/#organization\"},\"potentialAction\":[{\"@type\":\"SearchAction\",\"target\":{\"@type\":\"EntryPoint\",\"urlTemplate\":\"http:\/\/www.reconoce.mx\/?s={search_term_string}\"},\"query-input\":{\"@type\":\"PropertyValueSpecification\",\"valueRequired\":true,\"valueName\":\"search_term_string\"}}],\"inLanguage\":\"es\"},{\"@type\":\"Organization\",\"@id\":\"http:\/\/www.reconoce.mx\/#organization\",\"name\":\"Reconoce MX\",\"url\":\"http:\/\/www.reconoce.mx\/\",\"logo\":{\"@type\":\"ImageObject\",\"inLanguage\":\"es\",\"@id\":\"http:\/\/www.reconoce.mx\/#\/schema\/logo\/image\/\",\"url\":\"https:\/\/www.reconoce.mx\/wp-content\/uploads\/2019\/03\/logorcmx-good-1.png\",\"contentUrl\":\"https:\/\/www.reconoce.mx\/wp-content\/uploads\/2019\/03\/logorcmx-good-1.png\",\"width\":280,\"height\":90,\"caption\":\"Reconoce MX\"},\"image\":{\"@id\":\"http:\/\/www.reconoce.mx\/#\/schema\/logo\/image\/\"},\"sameAs\":[\"https:\/\/es-la.facebook.com\/ReconoceMX\/\",\"https:\/\/x.com\/reconocemx\",\"http:\/\/@reconocemx\"]},{\"@type\":\"Person\",\"@id\":\"http:\/\/www.reconoce.mx\/#\/schema\/person\/2117e997d7051dc15d6880eaf9bca0b2\",\"name\":\"Reconoce MX\",\"image\":{\"@type\":\"ImageObject\",\"inLanguage\":\"es\",\"@id\":\"http:\/\/www.reconoce.mx\/#\/schema\/person\/image\/\",\"url\":\"https:\/\/secure.gravatar.com\/avatar\/6c8d4dc7569ca1c90c5fdcc349f839d5ddef6fe1e70b4337ead2ef1a4c43fc3a?s=96&d=identicon&r=g\",\"contentUrl\":\"https:\/\/secure.gravatar.com\/avatar\/6c8d4dc7569ca1c90c5fdcc349f839d5ddef6fe1e70b4337ead2ef1a4c43fc3a?s=96&d=identicon&r=g\",\"caption\":\"Reconoce MX\"},\"description\":\"Reconoce MX es un proyecto de difusi\u00f3n art\u00edstica, cultural y de conciencia social que est\u00e1 enfocado a difundir y fomentar el entretenimiento alternativo de calidad para todo el p\u00fablico que comparta el mismo entusiasmo.\",\"sameAs\":[\"http:\/\/www.reconoce.mx\"],\"url\":\"http:\/\/www.reconoce.mx\/?author=2\"}]}<\/script>\n<!-- \/ Yoast SEO plugin. -->","yoast_head_json":{"title":"De Ayotzinapa a Tierra Blanca &#171; Reconoce MX","robots":{"index":"index","follow":"follow","max-snippet":"max-snippet:-1","max-image-preview":"max-image-preview:large","max-video-preview":"max-video-preview:-1"},"canonical":"https:\/\/www.reconoce.mx\/?p=44879","og_locale":"es_ES","og_type":"article","og_title":"De Ayotzinapa a Tierra Blanca &#171; Reconoce MX","og_description":"Justo estos dos municipios quedan en los extremos del pa\u00eds. Uno est\u00e1 en Guerrero, el otro en Veracruz.","og_url":"https:\/\/www.reconoce.mx\/?p=44879","og_site_name":"Reconoce MX","article_publisher":"https:\/\/es-la.facebook.com\/ReconoceMX\/","article_published_time":"2016-03-01T06:08:29+00:00","og_image":[{"width":590,"height":380,"url":"https:\/\/www.reconoce.mx\/wp-content\/uploads\/2016\/02\/protesta-tierra-blanca.png","type":"image\/png"}],"author":"Reconoce MX","twitter_card":"summary_large_image","twitter_creator":"@reconocemx","twitter_site":"@reconocemx","twitter_misc":{"Escrito por":"Reconoce MX","Tiempo de lectura":"4 minutos"},"schema":{"@context":"https:\/\/schema.org","@graph":[{"@type":"Article","@id":"https:\/\/www.reconoce.mx\/?p=44879#article","isPartOf":{"@id":"https:\/\/www.reconoce.mx\/?p=44879"},"author":{"name":"Reconoce MX","@id":"http:\/\/www.reconoce.mx\/#\/schema\/person\/2117e997d7051dc15d6880eaf9bca0b2"},"headline":"De Ayotzinapa a Tierra Blanca","datePublished":"2016-03-01T06:08:29+00:00","mainEntityOfPage":{"@id":"https:\/\/www.reconoce.mx\/?p=44879"},"wordCount":827,"commentCount":0,"publisher":{"@id":"http:\/\/www.reconoce.mx\/#organization"},"image":{"@id":"https:\/\/www.reconoce.mx\/?p=44879#primaryimage"},"thumbnailUrl":"http:\/\/www.reconoce.mx\/wp-content\/uploads\/2016\/02\/protesta-tierra-blanca.png","articleSection":["Conciencia","Derechos Humanos","Principal"],"inLanguage":"es","potentialAction":[{"@type":"CommentAction","name":"Comment","target":["https:\/\/www.reconoce.mx\/?p=44879#respond"]}]},{"@type":"WebPage","@id":"https:\/\/www.reconoce.mx\/?p=44879","url":"https:\/\/www.reconoce.mx\/?p=44879","name":"De Ayotzinapa a Tierra Blanca &#171; Reconoce MX","isPartOf":{"@id":"http:\/\/www.reconoce.mx\/#website"},"primaryImageOfPage":{"@id":"https:\/\/www.reconoce.mx\/?p=44879#primaryimage"},"image":{"@id":"https:\/\/www.reconoce.mx\/?p=44879#primaryimage"},"thumbnailUrl":"http:\/\/www.reconoce.mx\/wp-content\/uploads\/2016\/02\/protesta-tierra-blanca.png","datePublished":"2016-03-01T06:08:29+00:00","breadcrumb":{"@id":"https:\/\/www.reconoce.mx\/?p=44879#breadcrumb"},"inLanguage":"es","potentialAction":[{"@type":"ReadAction","target":["https:\/\/www.reconoce.mx\/?p=44879"]}]},{"@type":"ImageObject","inLanguage":"es","@id":"https:\/\/www.reconoce.mx\/?p=44879#primaryimage","url":"http:\/\/www.reconoce.mx\/wp-content\/uploads\/2016\/02\/protesta-tierra-blanca.png","contentUrl":"http:\/\/www.reconoce.mx\/wp-content\/uploads\/2016\/02\/protesta-tierra-blanca.png","width":590,"height":380},{"@type":"BreadcrumbList","@id":"https:\/\/www.reconoce.mx\/?p=44879#breadcrumb","itemListElement":[{"@type":"ListItem","position":1,"name":"Portada","item":"http:\/\/www.reconoce.mx\/"},{"@type":"ListItem","position":2,"name":"De Ayotzinapa a Tierra Blanca"}]},{"@type":"WebSite","@id":"http:\/\/www.reconoce.mx\/#website","url":"http:\/\/www.reconoce.mx\/","name":"Reconoce MX","description":"En Reconoce MX difundimos arte, cultura y conciencia social en M\u00e9xico. Tu ciudad en otra perspectiva.","publisher":{"@id":"http:\/\/www.reconoce.mx\/#organization"},"potentialAction":[{"@type":"SearchAction","target":{"@type":"EntryPoint","urlTemplate":"http:\/\/www.reconoce.mx\/?s={search_term_string}"},"query-input":{"@type":"PropertyValueSpecification","valueRequired":true,"valueName":"search_term_string"}}],"inLanguage":"es"},{"@type":"Organization","@id":"http:\/\/www.reconoce.mx\/#organization","name":"Reconoce MX","url":"http:\/\/www.reconoce.mx\/","logo":{"@type":"ImageObject","inLanguage":"es","@id":"http:\/\/www.reconoce.mx\/#\/schema\/logo\/image\/","url":"https:\/\/www.reconoce.mx\/wp-content\/uploads\/2019\/03\/logorcmx-good-1.png","contentUrl":"https:\/\/www.reconoce.mx\/wp-content\/uploads\/2019\/03\/logorcmx-good-1.png","width":280,"height":90,"caption":"Reconoce MX"},"image":{"@id":"http:\/\/www.reconoce.mx\/#\/schema\/logo\/image\/"},"sameAs":["https:\/\/es-la.facebook.com\/ReconoceMX\/","https:\/\/x.com\/reconocemx","http:\/\/@reconocemx"]},{"@type":"Person","@id":"http:\/\/www.reconoce.mx\/#\/schema\/person\/2117e997d7051dc15d6880eaf9bca0b2","name":"Reconoce MX","image":{"@type":"ImageObject","inLanguage":"es","@id":"http:\/\/www.reconoce.mx\/#\/schema\/person\/image\/","url":"https:\/\/secure.gravatar.com\/avatar\/6c8d4dc7569ca1c90c5fdcc349f839d5ddef6fe1e70b4337ead2ef1a4c43fc3a?s=96&d=identicon&r=g","contentUrl":"https:\/\/secure.gravatar.com\/avatar\/6c8d4dc7569ca1c90c5fdcc349f839d5ddef6fe1e70b4337ead2ef1a4c43fc3a?s=96&d=identicon&r=g","caption":"Reconoce MX"},"description":"Reconoce MX es un proyecto de difusi\u00f3n art\u00edstica, cultural y de conciencia social que est\u00e1 enfocado a difundir y fomentar el entretenimiento alternativo de calidad para todo el p\u00fablico que comparta el mismo entusiasmo.","sameAs":["http:\/\/www.reconoce.mx"],"url":"http:\/\/www.reconoce.mx\/?author=2"}]}},"_links":{"self":[{"href":"http:\/\/www.reconoce.mx\/index.php?rest_route=\/wp\/v2\/posts\/44879","targetHints":{"allow":["GET"]}}],"collection":[{"href":"http:\/\/www.reconoce.mx\/index.php?rest_route=\/wp\/v2\/posts"}],"about":[{"href":"http:\/\/www.reconoce.mx\/index.php?rest_route=\/wp\/v2\/types\/post"}],"author":[{"embeddable":true,"href":"http:\/\/www.reconoce.mx\/index.php?rest_route=\/wp\/v2\/users\/2"}],"replies":[{"embeddable":true,"href":"http:\/\/www.reconoce.mx\/index.php?rest_route=%2Fwp%2Fv2%2Fcomments&post=44879"}],"version-history":[{"count":3,"href":"http:\/\/www.reconoce.mx\/index.php?rest_route=\/wp\/v2\/posts\/44879\/revisions"}],"predecessor-version":[{"id":44883,"href":"http:\/\/www.reconoce.mx\/index.php?rest_route=\/wp\/v2\/posts\/44879\/revisions\/44883"}],"wp:featuredmedia":[{"embeddable":true,"href":"http:\/\/www.reconoce.mx\/index.php?rest_route=\/wp\/v2\/media\/44880"}],"wp:attachment":[{"href":"http:\/\/www.reconoce.mx\/index.php?rest_route=%2Fwp%2Fv2%2Fmedia&parent=44879"}],"wp:term":[{"taxonomy":"category","embeddable":true,"href":"http:\/\/www.reconoce.mx\/index.php?rest_route=%2Fwp%2Fv2%2Fcategories&post=44879"},{"taxonomy":"post_tag","embeddable":true,"href":"http:\/\/www.reconoce.mx\/index.php?rest_route=%2Fwp%2Fv2%2Ftags&post=44879"}],"curies":[{"name":"wp","href":"https:\/\/api.w.org\/{rel}","templated":true}]}}