{"id":44960,"date":"2016-02-26T00:10:45","date_gmt":"2016-02-26T06:10:45","guid":{"rendered":"http:\/\/www.reconoce.mx\/?p=44960"},"modified":"2016-03-01T21:02:49","modified_gmt":"2016-03-02T03:02:49","slug":"lamolecomiccon-2016-1-tom-defalco-el-escritor","status":"publish","type":"post","link":"http:\/\/www.reconoce.mx\/?p=44960","title":{"rendered":"#LaMoleComicCon 2016-1: Tom DeFalco, el escritor"},"content":{"rendered":"<p><strong>Por<\/strong> <a href=\"https:\/\/twitter.com\/elcomicologo03\" target=\"_blank\"><strong>Fernando Garc\u00eda (El Comic\u00f3logo)<\/strong><\/a>.<\/p>\n<p>A prop\u00f3sito de la pr\u00f3xima visita de <strong>Tom DeFalco<\/strong> a M\u00e9xico en el <a href=\"http:\/\/www.reconoce.mx\/la-mole-comic-con-cumple-20-anos\/\">a\u00f1o n\u00famero 20<\/a> de <strong>La Mole Comic Con Internacional<\/strong>, <a href=\"http:\/\/www.reconoce.mx\/lamolecomiccon-2016-1-que-hace-un-editor-de-comics\/\">en un art\u00edculo anterior<\/a> comentamos la importancia de la actividad de un editor de c\u00f3mics. En esta ocasi\u00f3n comentaremos una parte importante en la carrera de Tom DeFalco; su contribuci\u00f3n como escritor.<\/p>\n<p>El personaje con el que m\u00e1s se le relaciona a este autor es el <strong>Hombre Ara\u00f1a<\/strong>. En este art\u00edculo te mencionamos los cinco c\u00f3mics que consideramos que son los m\u00e1s representativos en la carrera de <strong>Tom DeFalco<\/strong>.<\/p>\n<ul>\n<li>\n<h2>\u00abAmazing Spiderman #252-258\u00bb (1984)<\/h2>\n<\/li>\n<\/ul>\n<p>Junto con <strong>Ron Frenz<\/strong>, <strong>DeFalco<\/strong> escribi\u00f3 la historia que realiz\u00f3 cambios muy importantes en los mitos del <strong>Hombre Ara\u00f1a<\/strong>. En primer lugar, aprovechando la historia de \u201cLas Guerras Secretas\u201d, se le cambia el cl\u00e1sico traje blanco y rojo por un traje negro con blanco. Adem\u00e1s, en esta historia se da a conocer que este nuevo traje es un par\u00e1sito extraterrestre, lo cual traer\u00e1 m\u00e1s adelante a otro personaje importante en los mitos del <strong>Hombre Ara\u00f1a<\/strong>: <strong>Venom<\/strong>. Todo esto comienza en estos n\u00fameros.<\/p>\n<ul>\n<li>\n<h2>\u00abAmazing Spiderman #271\u00bb (1985)<\/h2>\n<\/li>\n<\/ul>\n<p>Una historia muy humana y una de nuestras favoritas. <strong>Crusher Hogan<\/strong>, el luchador profesional al que el <strong>Hombre Ara\u00f1a<\/strong> derrotara en una de sus primeras apariciones en p\u00fablico, se encuentra trabajando en un gimnasio. Claro que la versi\u00f3n de Hogan difiere un poco de las del <strong>Hombre Ara\u00f1a<\/strong>. Lo que sucede cuando el ar\u00e1cnido se encuentra frente a frente con Hogan \u00a1vale el precio del c\u00f3mic!<\/p>\n<ul>\n<li>\n<h2>\u00abWhat If #105\u00bb (1998)<\/h2>\n<\/li>\n<\/ul>\n<p>Una de las creaciones m\u00e1s importantes que se han quedado en <strong>Marvel <\/strong>es <strong>Spider-Girl<\/strong>, la hija de <strong>Mary Jane<\/strong> y <strong>Peter Parker<\/strong> de un futuro posible. El personaje de <strong>Spider-Girl<\/strong> comienza en la revista \u00abWhat If (Qu\u00e9 pasar\u00eda si\u2026)\u00bb, pero su popularidad fue tal que tuvo su propio t\u00edtulo. Antes de<strong> Spider-Gwen<\/strong> y <strong><span class=\"st\">Gwenpool<\/span><\/strong>, <strong>Spider-Girl<\/strong> fue un personaje que nos permite ver el inter\u00e9s en personajes femeninos.<\/p>\n<ul>\n<li>\n<h2>\u00abThor: The Black Galaxy Saga\u00bb (1990)<\/h2>\n<\/li>\n<\/ul>\n<p>Haciendo un poco de trampa, \u00e9sta no es una historia de un solo n\u00famero; \u00abThor: The Black Galaxy Saga\u00bb es un compilado de una de las mejores historias de <strong>Thor<\/strong>. Creada por la dupla de <strong>Ron Frenz<\/strong> y <strong>Tom DeFalco<\/strong>, esta historia lo tiene todo: acci\u00f3n, drama, nacimiento de nuevos personajes, H\u00e9rcules y claramente eventos de consecuencias catastr\u00f3ficas.<\/p>\n<ul>\n<li>\n<h2>\u00abThe New Warriors\u00bb (1990)<\/h2>\n<\/li>\n<\/ul>\n<p>De las p\u00e1ginas de <strong>Thor<\/strong> surge la creaci\u00f3n de un s\u00faper grupo de j\u00f3venes superh\u00e9roes, <strong>Los Nuevos Guerreros<\/strong>, es la colecci\u00f3n de diferentes personajes ya existentes que se unen bajo la gu\u00eda de <strong>Night Trasher<\/strong> (el personaje de creaci\u00f3n original) para formar parte de los personajes j\u00f3venes que parec\u00edan dominar los 90. De hecho, una de sus tantas versiones fue la que dio pie a la <strong>Guerra Civil<\/strong> en los c\u00f3mics.<\/p>\n<p>\u00c9stas son solamente algunas muestas del gran talento de<strong> Tom DeFalco<\/strong>, a quien lo pueden conocer en persona en la pr\u00f3xima edici\u00f3n de <strong>La Mole Comic Con Internacional<\/strong>.<\/p>\n<p><strong>La Mole Comic Con Internacional<\/strong> se realiza los d\u00edas viernes 18, s\u00e1bado 19 y domingo 20 de marzo de 2016 en World Trade Center, Ciudad de M\u00e9xico. Para m\u00e1s informaci\u00f3n visita el <a href=\"http:\/\/www.lamole.com.mx\/\" target=\"_blank\">sitio oficial<\/a>.<\/p>\n<p>&nbsp;<\/p>\n<p>&nbsp;<\/p>\n","protected":false},"excerpt":{"rendered":"<p>A prop\u00f3sito de la pr\u00f3xima visita de Tom DeFalco a M\u00e9xico en el a\u00f1o n\u00famero 20 de La Mole Comic Con Internacional, en un art\u00edculo anterior comentamos la importancia de la actividad de un editor de c\u00f3mics.<\/p>\n","protected":false},"author":2,"featured_media":44939,"comment_status":"open","ping_status":"open","sticky":false,"template":"","format":"standard","meta":{"footnotes":""},"categories":[1139,1,17],"tags":[],"class_list":["post-44960","post","type-post","status-publish","format-standard","has-post-thumbnail","hentry","category-comics-cultura","category-cultura","category-principal"],"yoast_head":"<!-- This site is optimized with the Yoast SEO plugin v24.7 - https:\/\/yoast.com\/wordpress\/plugins\/seo\/ -->\n<title>#LaMoleComicCon 2016-1: Tom DeFalco, el escritor &#171; Reconoce MX<\/title>\n<meta name=\"robots\" content=\"index, follow, max-snippet:-1, max-image-preview:large, max-video-preview:-1\" \/>\n<link rel=\"canonical\" href=\"http:\/\/www.reconoce.mx\/?p=44960\" \/>\n<meta property=\"og:locale\" content=\"es_ES\" \/>\n<meta property=\"og:type\" content=\"article\" \/>\n<meta property=\"og:title\" content=\"#LaMoleComicCon 2016-1: Tom DeFalco, el escritor &#171; Reconoce MX\" \/>\n<meta property=\"og:description\" content=\"A prop\u00f3sito de la pr\u00f3xima visita de Tom DeFalco a M\u00e9xico en el a\u00f1o n\u00famero 20 de La Mole Comic Con Internacional, en un art\u00edculo anterior comentamos la importancia de la actividad de un editor de c\u00f3mics.\" \/>\n<meta property=\"og:url\" content=\"http:\/\/www.reconoce.mx\/?p=44960\" \/>\n<meta property=\"og:site_name\" content=\"Reconoce MX\" \/>\n<meta property=\"article:publisher\" content=\"https:\/\/es-la.facebook.com\/ReconoceMX\/\" \/>\n<meta property=\"article:published_time\" content=\"2016-02-26T06:10:45+00:00\" \/>\n<meta property=\"article:modified_time\" content=\"2016-03-02T03:02:49+00:00\" \/>\n<meta property=\"og:image\" content=\"http:\/\/www.reconoce.mx\/wp-content\/uploads\/2016\/03\/tomdefalco-cover.png\" \/>\n\t<meta property=\"og:image:width\" content=\"590\" \/>\n\t<meta property=\"og:image:height\" content=\"380\" \/>\n\t<meta property=\"og:image:type\" content=\"image\/png\" \/>\n<meta name=\"author\" content=\"Reconoce MX\" \/>\n<meta name=\"twitter:card\" content=\"summary_large_image\" \/>\n<meta name=\"twitter:creator\" content=\"@reconocemx\" \/>\n<meta name=\"twitter:site\" content=\"@reconocemx\" \/>\n<meta name=\"twitter:label1\" content=\"Escrito por\" \/>\n\t<meta name=\"twitter:data1\" content=\"Reconoce MX\" \/>\n\t<meta name=\"twitter:label2\" content=\"Tiempo de lectura\" \/>\n\t<meta name=\"twitter:data2\" content=\"3 minutos\" \/>\n<script type=\"application\/ld+json\" class=\"yoast-schema-graph\">{\"@context\":\"https:\/\/schema.org\",\"@graph\":[{\"@type\":\"Article\",\"@id\":\"http:\/\/www.reconoce.mx\/?p=44960#article\",\"isPartOf\":{\"@id\":\"http:\/\/www.reconoce.mx\/?p=44960\"},\"author\":{\"name\":\"Reconoce MX\",\"@id\":\"http:\/\/www.reconoce.mx\/#\/schema\/person\/2117e997d7051dc15d6880eaf9bca0b2\"},\"headline\":\"#LaMoleComicCon 2016-1: Tom DeFalco, el escritor\",\"datePublished\":\"2016-02-26T06:10:45+00:00\",\"dateModified\":\"2016-03-02T03:02:49+00:00\",\"mainEntityOfPage\":{\"@id\":\"http:\/\/www.reconoce.mx\/?p=44960\"},\"wordCount\":574,\"commentCount\":0,\"publisher\":{\"@id\":\"http:\/\/www.reconoce.mx\/#organization\"},\"image\":{\"@id\":\"http:\/\/www.reconoce.mx\/?p=44960#primaryimage\"},\"thumbnailUrl\":\"http:\/\/www.reconoce.mx\/wp-content\/uploads\/2016\/03\/tomdefalco-cover.png\",\"articleSection\":[\"C\u00f3mics\",\"Cultura\",\"Principal\"],\"inLanguage\":\"es\",\"potentialAction\":[{\"@type\":\"CommentAction\",\"name\":\"Comment\",\"target\":[\"http:\/\/www.reconoce.mx\/?p=44960#respond\"]}]},{\"@type\":\"WebPage\",\"@id\":\"http:\/\/www.reconoce.mx\/?p=44960\",\"url\":\"http:\/\/www.reconoce.mx\/?p=44960\",\"name\":\"#LaMoleComicCon 2016-1: Tom DeFalco, el escritor &#171; Reconoce MX\",\"isPartOf\":{\"@id\":\"http:\/\/www.reconoce.mx\/#website\"},\"primaryImageOfPage\":{\"@id\":\"http:\/\/www.reconoce.mx\/?p=44960#primaryimage\"},\"image\":{\"@id\":\"http:\/\/www.reconoce.mx\/?p=44960#primaryimage\"},\"thumbnailUrl\":\"http:\/\/www.reconoce.mx\/wp-content\/uploads\/2016\/03\/tomdefalco-cover.png\",\"datePublished\":\"2016-02-26T06:10:45+00:00\",\"dateModified\":\"2016-03-02T03:02:49+00:00\",\"breadcrumb\":{\"@id\":\"http:\/\/www.reconoce.mx\/?p=44960#breadcrumb\"},\"inLanguage\":\"es\",\"potentialAction\":[{\"@type\":\"ReadAction\",\"target\":[\"http:\/\/www.reconoce.mx\/?p=44960\"]}]},{\"@type\":\"ImageObject\",\"inLanguage\":\"es\",\"@id\":\"http:\/\/www.reconoce.mx\/?p=44960#primaryimage\",\"url\":\"http:\/\/www.reconoce.mx\/wp-content\/uploads\/2016\/03\/tomdefalco-cover.png\",\"contentUrl\":\"http:\/\/www.reconoce.mx\/wp-content\/uploads\/2016\/03\/tomdefalco-cover.png\",\"width\":590,\"height\":380},{\"@type\":\"BreadcrumbList\",\"@id\":\"http:\/\/www.reconoce.mx\/?p=44960#breadcrumb\",\"itemListElement\":[{\"@type\":\"ListItem\",\"position\":1,\"name\":\"Portada\",\"item\":\"http:\/\/www.reconoce.mx\/\"},{\"@type\":\"ListItem\",\"position\":2,\"name\":\"#LaMoleComicCon 2016-1: Tom DeFalco, el escritor\"}]},{\"@type\":\"WebSite\",\"@id\":\"http:\/\/www.reconoce.mx\/#website\",\"url\":\"http:\/\/www.reconoce.mx\/\",\"name\":\"Reconoce MX\",\"description\":\"En Reconoce MX difundimos arte, cultura y conciencia social en M\u00e9xico. Tu ciudad en otra perspectiva.\",\"publisher\":{\"@id\":\"http:\/\/www.reconoce.mx\/#organization\"},\"potentialAction\":[{\"@type\":\"SearchAction\",\"target\":{\"@type\":\"EntryPoint\",\"urlTemplate\":\"http:\/\/www.reconoce.mx\/?s={search_term_string}\"},\"query-input\":{\"@type\":\"PropertyValueSpecification\",\"valueRequired\":true,\"valueName\":\"search_term_string\"}}],\"inLanguage\":\"es\"},{\"@type\":\"Organization\",\"@id\":\"http:\/\/www.reconoce.mx\/#organization\",\"name\":\"Reconoce MX\",\"url\":\"http:\/\/www.reconoce.mx\/\",\"logo\":{\"@type\":\"ImageObject\",\"inLanguage\":\"es\",\"@id\":\"http:\/\/www.reconoce.mx\/#\/schema\/logo\/image\/\",\"url\":\"https:\/\/www.reconoce.mx\/wp-content\/uploads\/2019\/03\/logorcmx-good-1.png\",\"contentUrl\":\"https:\/\/www.reconoce.mx\/wp-content\/uploads\/2019\/03\/logorcmx-good-1.png\",\"width\":280,\"height\":90,\"caption\":\"Reconoce MX\"},\"image\":{\"@id\":\"http:\/\/www.reconoce.mx\/#\/schema\/logo\/image\/\"},\"sameAs\":[\"https:\/\/es-la.facebook.com\/ReconoceMX\/\",\"https:\/\/x.com\/reconocemx\",\"http:\/\/@reconocemx\"]},{\"@type\":\"Person\",\"@id\":\"http:\/\/www.reconoce.mx\/#\/schema\/person\/2117e997d7051dc15d6880eaf9bca0b2\",\"name\":\"Reconoce MX\",\"image\":{\"@type\":\"ImageObject\",\"inLanguage\":\"es\",\"@id\":\"http:\/\/www.reconoce.mx\/#\/schema\/person\/image\/\",\"url\":\"https:\/\/secure.gravatar.com\/avatar\/6c8d4dc7569ca1c90c5fdcc349f839d5ddef6fe1e70b4337ead2ef1a4c43fc3a?s=96&d=identicon&r=g\",\"contentUrl\":\"https:\/\/secure.gravatar.com\/avatar\/6c8d4dc7569ca1c90c5fdcc349f839d5ddef6fe1e70b4337ead2ef1a4c43fc3a?s=96&d=identicon&r=g\",\"caption\":\"Reconoce MX\"},\"description\":\"Reconoce MX es un proyecto de difusi\u00f3n art\u00edstica, cultural y de conciencia social que est\u00e1 enfocado a difundir y fomentar el entretenimiento alternativo de calidad para todo el p\u00fablico que comparta el mismo entusiasmo.\",\"sameAs\":[\"http:\/\/www.reconoce.mx\"],\"url\":\"http:\/\/www.reconoce.mx\/?author=2\"}]}<\/script>\n<!-- \/ Yoast SEO plugin. -->","yoast_head_json":{"title":"#LaMoleComicCon 2016-1: Tom DeFalco, el escritor &#171; Reconoce MX","robots":{"index":"index","follow":"follow","max-snippet":"max-snippet:-1","max-image-preview":"max-image-preview:large","max-video-preview":"max-video-preview:-1"},"canonical":"http:\/\/www.reconoce.mx\/?p=44960","og_locale":"es_ES","og_type":"article","og_title":"#LaMoleComicCon 2016-1: Tom DeFalco, el escritor &#171; Reconoce MX","og_description":"A prop\u00f3sito de la pr\u00f3xima visita de Tom DeFalco a M\u00e9xico en el a\u00f1o n\u00famero 20 de La Mole Comic Con Internacional, en un art\u00edculo anterior comentamos la importancia de la actividad de un editor de c\u00f3mics.","og_url":"http:\/\/www.reconoce.mx\/?p=44960","og_site_name":"Reconoce MX","article_publisher":"https:\/\/es-la.facebook.com\/ReconoceMX\/","article_published_time":"2016-02-26T06:10:45+00:00","article_modified_time":"2016-03-02T03:02:49+00:00","og_image":[{"width":590,"height":380,"url":"http:\/\/www.reconoce.mx\/wp-content\/uploads\/2016\/03\/tomdefalco-cover.png","type":"image\/png"}],"author":"Reconoce MX","twitter_card":"summary_large_image","twitter_creator":"@reconocemx","twitter_site":"@reconocemx","twitter_misc":{"Escrito por":"Reconoce MX","Tiempo de lectura":"3 minutos"},"schema":{"@context":"https:\/\/schema.org","@graph":[{"@type":"Article","@id":"http:\/\/www.reconoce.mx\/?p=44960#article","isPartOf":{"@id":"http:\/\/www.reconoce.mx\/?p=44960"},"author":{"name":"Reconoce MX","@id":"http:\/\/www.reconoce.mx\/#\/schema\/person\/2117e997d7051dc15d6880eaf9bca0b2"},"headline":"#LaMoleComicCon 2016-1: Tom DeFalco, el escritor","datePublished":"2016-02-26T06:10:45+00:00","dateModified":"2016-03-02T03:02:49+00:00","mainEntityOfPage":{"@id":"http:\/\/www.reconoce.mx\/?p=44960"},"wordCount":574,"commentCount":0,"publisher":{"@id":"http:\/\/www.reconoce.mx\/#organization"},"image":{"@id":"http:\/\/www.reconoce.mx\/?p=44960#primaryimage"},"thumbnailUrl":"http:\/\/www.reconoce.mx\/wp-content\/uploads\/2016\/03\/tomdefalco-cover.png","articleSection":["C\u00f3mics","Cultura","Principal"],"inLanguage":"es","potentialAction":[{"@type":"CommentAction","name":"Comment","target":["http:\/\/www.reconoce.mx\/?p=44960#respond"]}]},{"@type":"WebPage","@id":"http:\/\/www.reconoce.mx\/?p=44960","url":"http:\/\/www.reconoce.mx\/?p=44960","name":"#LaMoleComicCon 2016-1: Tom DeFalco, el escritor &#171; Reconoce MX","isPartOf":{"@id":"http:\/\/www.reconoce.mx\/#website"},"primaryImageOfPage":{"@id":"http:\/\/www.reconoce.mx\/?p=44960#primaryimage"},"image":{"@id":"http:\/\/www.reconoce.mx\/?p=44960#primaryimage"},"thumbnailUrl":"http:\/\/www.reconoce.mx\/wp-content\/uploads\/2016\/03\/tomdefalco-cover.png","datePublished":"2016-02-26T06:10:45+00:00","dateModified":"2016-03-02T03:02:49+00:00","breadcrumb":{"@id":"http:\/\/www.reconoce.mx\/?p=44960#breadcrumb"},"inLanguage":"es","potentialAction":[{"@type":"ReadAction","target":["http:\/\/www.reconoce.mx\/?p=44960"]}]},{"@type":"ImageObject","inLanguage":"es","@id":"http:\/\/www.reconoce.mx\/?p=44960#primaryimage","url":"http:\/\/www.reconoce.mx\/wp-content\/uploads\/2016\/03\/tomdefalco-cover.png","contentUrl":"http:\/\/www.reconoce.mx\/wp-content\/uploads\/2016\/03\/tomdefalco-cover.png","width":590,"height":380},{"@type":"BreadcrumbList","@id":"http:\/\/www.reconoce.mx\/?p=44960#breadcrumb","itemListElement":[{"@type":"ListItem","position":1,"name":"Portada","item":"http:\/\/www.reconoce.mx\/"},{"@type":"ListItem","position":2,"name":"#LaMoleComicCon 2016-1: Tom DeFalco, el escritor"}]},{"@type":"WebSite","@id":"http:\/\/www.reconoce.mx\/#website","url":"http:\/\/www.reconoce.mx\/","name":"Reconoce MX","description":"En Reconoce MX difundimos arte, cultura y conciencia social en M\u00e9xico. Tu ciudad en otra perspectiva.","publisher":{"@id":"http:\/\/www.reconoce.mx\/#organization"},"potentialAction":[{"@type":"SearchAction","target":{"@type":"EntryPoint","urlTemplate":"http:\/\/www.reconoce.mx\/?s={search_term_string}"},"query-input":{"@type":"PropertyValueSpecification","valueRequired":true,"valueName":"search_term_string"}}],"inLanguage":"es"},{"@type":"Organization","@id":"http:\/\/www.reconoce.mx\/#organization","name":"Reconoce MX","url":"http:\/\/www.reconoce.mx\/","logo":{"@type":"ImageObject","inLanguage":"es","@id":"http:\/\/www.reconoce.mx\/#\/schema\/logo\/image\/","url":"https:\/\/www.reconoce.mx\/wp-content\/uploads\/2019\/03\/logorcmx-good-1.png","contentUrl":"https:\/\/www.reconoce.mx\/wp-content\/uploads\/2019\/03\/logorcmx-good-1.png","width":280,"height":90,"caption":"Reconoce MX"},"image":{"@id":"http:\/\/www.reconoce.mx\/#\/schema\/logo\/image\/"},"sameAs":["https:\/\/es-la.facebook.com\/ReconoceMX\/","https:\/\/x.com\/reconocemx","http:\/\/@reconocemx"]},{"@type":"Person","@id":"http:\/\/www.reconoce.mx\/#\/schema\/person\/2117e997d7051dc15d6880eaf9bca0b2","name":"Reconoce MX","image":{"@type":"ImageObject","inLanguage":"es","@id":"http:\/\/www.reconoce.mx\/#\/schema\/person\/image\/","url":"https:\/\/secure.gravatar.com\/avatar\/6c8d4dc7569ca1c90c5fdcc349f839d5ddef6fe1e70b4337ead2ef1a4c43fc3a?s=96&d=identicon&r=g","contentUrl":"https:\/\/secure.gravatar.com\/avatar\/6c8d4dc7569ca1c90c5fdcc349f839d5ddef6fe1e70b4337ead2ef1a4c43fc3a?s=96&d=identicon&r=g","caption":"Reconoce MX"},"description":"Reconoce MX es un proyecto de difusi\u00f3n art\u00edstica, cultural y de conciencia social que est\u00e1 enfocado a difundir y fomentar el entretenimiento alternativo de calidad para todo el p\u00fablico que comparta el mismo entusiasmo.","sameAs":["http:\/\/www.reconoce.mx"],"url":"http:\/\/www.reconoce.mx\/?author=2"}]}},"_links":{"self":[{"href":"http:\/\/www.reconoce.mx\/index.php?rest_route=\/wp\/v2\/posts\/44960","targetHints":{"allow":["GET"]}}],"collection":[{"href":"http:\/\/www.reconoce.mx\/index.php?rest_route=\/wp\/v2\/posts"}],"about":[{"href":"http:\/\/www.reconoce.mx\/index.php?rest_route=\/wp\/v2\/types\/post"}],"author":[{"embeddable":true,"href":"http:\/\/www.reconoce.mx\/index.php?rest_route=\/wp\/v2\/users\/2"}],"replies":[{"embeddable":true,"href":"http:\/\/www.reconoce.mx\/index.php?rest_route=%2Fwp%2Fv2%2Fcomments&post=44960"}],"version-history":[{"count":4,"href":"http:\/\/www.reconoce.mx\/index.php?rest_route=\/wp\/v2\/posts\/44960\/revisions"}],"predecessor-version":[{"id":44964,"href":"http:\/\/www.reconoce.mx\/index.php?rest_route=\/wp\/v2\/posts\/44960\/revisions\/44964"}],"wp:featuredmedia":[{"embeddable":true,"href":"http:\/\/www.reconoce.mx\/index.php?rest_route=\/wp\/v2\/media\/44939"}],"wp:attachment":[{"href":"http:\/\/www.reconoce.mx\/index.php?rest_route=%2Fwp%2Fv2%2Fmedia&parent=44960"}],"wp:term":[{"taxonomy":"category","embeddable":true,"href":"http:\/\/www.reconoce.mx\/index.php?rest_route=%2Fwp%2Fv2%2Fcategories&post=44960"},{"taxonomy":"post_tag","embeddable":true,"href":"http:\/\/www.reconoce.mx\/index.php?rest_route=%2Fwp%2Fv2%2Ftags&post=44960"}],"curies":[{"name":"wp","href":"https:\/\/api.w.org\/{rel}","templated":true}]}}